{"id":9908,"date":"2024-04-04T10:07:24","date_gmt":"2024-04-04T08:07:24","guid":{"rendered":"https:\/\/montecarloliving.com\/?p=9908"},"modified":"2024-04-04T10:07:24","modified_gmt":"2024-04-04T08:07:24","slug":"chagall-politique-cri-de-liberte-musee-national-marc-chagall","status":"publish","type":"post","link":"https:\/\/montecarloliving.com\/fr\/evenements\/chagall-politique-cri-de-liberte-musee-national-marc-chagall-9908\/","title":{"rendered":"Chagall politique Le Cri de libert\u00e9 \u00e0 le Mus\u00e9e national Marc Chagall"},"content":{"rendered":"<p>La derni\u00e8re \u00e9tape de l&rsquo;itin\u00e9rance de l&rsquo;exposition-\u00e9v\u00e9nement politique de Chagall est Le Cri de la Libert\u00e9 : sa pr\u00e9sentation au Mus\u00e9e National Marc Chagall offre au public l&rsquo;occasion exceptionnelle de d\u00e9couvrir une lecture in\u00e9dite de l&rsquo;\u0153uvre de Marc Chagall et de voir des \u0153uvres prestigieuses expos\u00e9es uniquement \u00e0 Nice, telles que Pourim, Exodus ou Le Cheval Roux.<\/p>\n<p>Pr\u00e9sent\u00e9e au sein du mus\u00e9e con\u00e7u par Marc Chagall, qui abrite les 17 grandes toiles du Message Biblique, l&rsquo;exposition apporte un \u00e9clairage nouveau et plus politique \u00e0 ce cycle peint porteur d&rsquo;un message universel. \u00c9tay\u00e9e par des recherches r\u00e9centes sur un large \u00e9ventail de documents in\u00e9dits provenant des archives de l&rsquo;artiste, l&rsquo;exposition propose un parcours chrono-biographique pr\u00e9sent\u00e9 sous l&rsquo;angle nouveau de l&rsquo;engagement politique de Chagall, r\u00e9unissant de nombreux chefs-d&rsquo;\u0153uvre \u00e0 d\u00e9couvrir gr\u00e2ce \u00e0 des pr\u00eats remarquables fran\u00e7ais et internationaux.<\/p>\n<p>Pr\u00eat exceptionnel du mus\u00e9e de Philadelphie \u00e0 Nice, la toile Pourim (1916-1917) tient une place importante dans le parcours de l&rsquo;exposition : elle avait \u00e9t\u00e9 expos\u00e9e en Allemagne par les nazis en 1937 comme exemple d&rsquo;art d\u00e9g\u00e9n\u00e9r\u00e9. Le Rabbin en noir et blanc ou Juif en pri\u00e8re (1923), pr\u00eat\u00e9 par l&rsquo;Art Institute de Chicago, sera admir\u00e9 aux c\u00f4t\u00e9s de Solitude (1933), provenant des collections du Tel Aviv Museum of Art.<\/p>\n<p>L&rsquo;exposition Chagall politique, Le cri de libert\u00e9, b\u00e9n\u00e9ficie \u00e9galement du soutien des indivisions Ida Chagall et Michel Brodsky. Elle est accompagn\u00e9e d&rsquo;un catalogue scientifique richement illustr\u00e9, qui synth\u00e9tise les recherches les plus r\u00e9centes et reproduit de nombreux chefs-d&rsquo;\u0153uvre et archives in\u00e9dites.<\/p>\n<p>Au fil d&rsquo;une vie travers\u00e9e par deux guerres et un exil, Marc Chagall est \u00e0 l&rsquo;origine d&rsquo;un ensemble d&rsquo;\u0153uvres puissamment ancr\u00e9 dans l&rsquo;histoire du XXe si\u00e8cle. Figure du d\u00e9placement et de la migration, l&rsquo;artiste sillonne le monde au gr\u00e9 des tourments du si\u00e8cle, de son enfance en Russie \u00e0 la France, en passant par l&rsquo;Allemagne, les \u00c9tats-Unis et le Mexique, avant de s&rsquo;installer en M\u00e9diterran\u00e9e. Son art, empreint d&rsquo;un profond humanisme, nourri par ses racines juives, par l&rsquo;\u00e9coute des cultures rencontr\u00e9es et des exp\u00e9riences v\u00e9cues, se fait le messager d&rsquo;un engagement sans faille pour l&rsquo;homme et ses droits, pour l&rsquo;\u00e9galit\u00e9 et la tol\u00e9rance entre les \u00eatres.<\/p>\n<p>Cette exposition est coproduite par le Mus\u00e9e National Marc Chagall, \u00e0 Nice, La Piscine &#8211; mus\u00e9e d&rsquo;art et d&rsquo;industrie Andr\u00e9 Diligent, \u00e0 Roubaix (du 7 octobre 2023 au 7 janvier 2024) et la Fundaci\u00f3n MAPFRE, Madrid (du 2 f\u00e9vrier au 5 mai 2024).<\/p>\n<p>Commissariat scientifique : Ambre Gauthier, Docteure en histoire de l&rsquo;art, responsable du catalogue raisonn\u00e9 et des Archives Marc Chagall ; Meret Meyer, Copr\u00e9sidente du comit\u00e9 Marc Chagall et petite-fille de l&rsquo;artiste. Commissariat \u00e0 Nice : Anne Dopffer, Conservateur g\u00e9n\u00e9ral du patrimoine, directrice des mus\u00e9es nationaux du XXe si\u00e8cle des Alpes-Maritimes ; Gr\u00e9gory Couderc, Responsable scientifique des collections du mus\u00e9e national Marc Chagall, Nice.<\/p>\n","protected":false},"excerpt":{"rendered":"<p>La derni\u00e8re \u00e9tape de l&rsquo;itin\u00e9rance de l&rsquo;exposition-\u00e9v\u00e9nement politique de Chagall est Le Cri de la Libert\u00e9 : sa pr\u00e9sentation au Mus\u00e9e National Marc Chagall offre au public l&rsquo;occasion exceptionnelle de d\u00e9couvrir une lecture in\u00e9dite de l&rsquo;\u0153uvre de Marc Chagall et de voir des \u0153uvres [&hellip;]<\/p>\n","protected":false},"author":1,"featured_media":9253,"comment_status":"closed","ping_status":"closed","sticky":false,"template":"","format":"standard","meta":{"footnotes":""},"categories":[828,868],"tags":[],"class_list":["post-9908","post","type-post","status-publish","format-standard","has-post-thumbnail","hentry","category-evenements","category-nice-fr"],"yoast_head":"<!-- This site is optimized with the Yoast SEO plugin v27.4 - https:\/\/yoast.com\/product\/yoast-seo-wordpress\/ -->\n<title>Chagall politique Le Cri de libert\u00e9 \u00e0 le Mus\u00e9e national Marc Chagall<\/title>\n<meta name=\"description\" content=\"La derni\u00e8re \u00e9tape de l&#039;itin\u00e9rance de l&#039;exposition-\u00e9v\u00e9nement politique de Chagall est Le Cri de la Libert\u00e9 : sa pr\u00e9sentation au Mus\u00e9e National Marc Chagall\" \/>\n<meta name=\"robots\" content=\"index, follow, max-snippet:-1, max-image-preview:large, max-video-preview:-1\" \/>\n<link rel=\"canonical\" href=\"https:\/\/montecarloliving.com\/fr\/evenements\/chagall-politique-cri-de-liberte-musee-national-marc-chagall-9908\/\" \/>\n<meta property=\"og:locale\" content=\"fr_FR\" \/>\n<meta property=\"og:title\" content=\"Chagall politique Le Cri de libert\u00e9 \u00e0 le Mus\u00e9e national Marc Chagall\" \/>\n<meta property=\"og:description\" content=\"La derni\u00e8re \u00e9tape de l&#039;itin\u00e9rance de l&#039;exposition-\u00e9v\u00e9nement politique de Chagall est Le Cri de la Libert\u00e9 : sa pr\u00e9sentation au Mus\u00e9e National Marc Chagall\" \/>\n<meta property=\"og:url\" content=\"https:\/\/montecarloliving.com\/fr\/evenements\/chagall-politique-cri-de-liberte-musee-national-marc-chagall-9908\/\" \/>\n<meta property=\"og:site_name\" content=\"Montecarlo Living\" \/>\n<meta property=\"article:publisher\" content=\"https:\/\/www.facebook.com\/montecarlolivingcom\/\" \/>\n<meta property=\"article:published_time\" content=\"2024-04-04T08:07:24+00:00\" \/>\n<meta property=\"og:image\" content=\"https:\/\/montecarloliving.com\/wp-content\/uploads\/2024\/03\/2.-CH-MuseeNationalMarcChagall\u00a9MNMC.C.Weil_.2013bis-recadree--650x400.jpg\" \/>\n\t<meta property=\"og:image:width\" content=\"650\" \/>\n\t<meta property=\"og:image:height\" content=\"400\" \/>\n\t<meta property=\"og:image:type\" content=\"image\/jpeg\" \/>\n<meta name=\"author\" content=\"Redazione\" \/>\n<meta name=\"twitter:card\" content=\"summary_large_image\" \/>\n<meta name=\"twitter:creator\" content=\"@MonteCarloLivi\" \/>\n<meta name=\"twitter:site\" content=\"@MonteCarloLivi\" \/>\n<meta name=\"twitter:label1\" content=\"\u00c9crit par\" \/>\n\t<meta name=\"twitter:data1\" content=\"Redazione\" \/>\n\t<meta name=\"twitter:label2\" content=\"Dur\u00e9e de lecture estim\u00e9e\" \/>\n\t<meta name=\"twitter:data2\" content=\"3 minutes\" \/>\n<script type=\"application\/ld+json\" class=\"yoast-schema-graph\">{\"@context\":\"https:\\\/\\\/schema.org\",\"@graph\":[{\"@type\":\"Article\",\"@id\":\"https:\\\/\\\/montecarloliving.com\\\/fr\\\/evenements\\\/chagall-politique-cri-de-liberte-musee-national-marc-chagall-9908\\\/#article\",\"isPartOf\":{\"@id\":\"https:\\\/\\\/montecarloliving.com\\\/fr\\\/evenements\\\/chagall-politique-cri-de-liberte-musee-national-marc-chagall-9908\\\/\"},\"author\":{\"name\":\"Redazione\",\"@id\":\"https:\\\/\\\/montecarloliving.com\\\/fr\\\/#\\\/schema\\\/person\\\/7e5945d4560862b7f2d2c6831bda2819\"},\"headline\":\"Chagall politique Le Cri de libert\u00e9 \u00e0 le Mus\u00e9e national Marc Chagall\",\"datePublished\":\"2024-04-04T08:07:24+00:00\",\"mainEntityOfPage\":{\"@id\":\"https:\\\/\\\/montecarloliving.com\\\/fr\\\/evenements\\\/chagall-politique-cri-de-liberte-musee-national-marc-chagall-9908\\\/\"},\"wordCount\":537,\"image\":{\"@id\":\"https:\\\/\\\/montecarloliving.com\\\/fr\\\/evenements\\\/chagall-politique-cri-de-liberte-musee-national-marc-chagall-9908\\\/#primaryimage\"},\"thumbnailUrl\":\"https:\\\/\\\/montecarloliving.com\\\/wp-content\\\/uploads\\\/2024\\\/03\\\/2.-CH-MuseeNationalMarcChagall\u00a9MNMC.C.Weil_.2013bis-recadree--scaled.jpg\",\"articleSection\":[\"\u00c9v\u00e9nements\",\"Nice\"],\"inLanguage\":\"fr-FR\"},{\"@type\":\"WebPage\",\"@id\":\"https:\\\/\\\/montecarloliving.com\\\/fr\\\/evenements\\\/chagall-politique-cri-de-liberte-musee-national-marc-chagall-9908\\\/\",\"url\":\"https:\\\/\\\/montecarloliving.com\\\/fr\\\/evenements\\\/chagall-politique-cri-de-liberte-musee-national-marc-chagall-9908\\\/\",\"name\":\"Chagall politique Le Cri de libert\u00e9 \u00e0 le Mus\u00e9e national Marc Chagall\",\"isPartOf\":{\"@id\":\"https:\\\/\\\/montecarloliving.com\\\/fr\\\/#website\"},\"primaryImageOfPage\":{\"@id\":\"https:\\\/\\\/montecarloliving.com\\\/fr\\\/evenements\\\/chagall-politique-cri-de-liberte-musee-national-marc-chagall-9908\\\/#primaryimage\"},\"image\":{\"@id\":\"https:\\\/\\\/montecarloliving.com\\\/fr\\\/evenements\\\/chagall-politique-cri-de-liberte-musee-national-marc-chagall-9908\\\/#primaryimage\"},\"thumbnailUrl\":\"https:\\\/\\\/montecarloliving.com\\\/wp-content\\\/uploads\\\/2024\\\/03\\\/2.-CH-MuseeNationalMarcChagall\u00a9MNMC.C.Weil_.2013bis-recadree--scaled.jpg\",\"datePublished\":\"2024-04-04T08:07:24+00:00\",\"author\":{\"@id\":\"https:\\\/\\\/montecarloliving.com\\\/fr\\\/#\\\/schema\\\/person\\\/7e5945d4560862b7f2d2c6831bda2819\"},\"description\":\"La derni\u00e8re \u00e9tape de l'itin\u00e9rance de l'exposition-\u00e9v\u00e9nement politique de Chagall est Le Cri de la Libert\u00e9 : sa pr\u00e9sentation au Mus\u00e9e National Marc Chagall\",\"breadcrumb\":{\"@id\":\"https:\\\/\\\/montecarloliving.com\\\/fr\\\/evenements\\\/chagall-politique-cri-de-liberte-musee-national-marc-chagall-9908\\\/#breadcrumb\"},\"inLanguage\":\"fr-FR\",\"potentialAction\":[{\"@type\":\"ReadAction\",\"target\":[\"https:\\\/\\\/montecarloliving.com\\\/fr\\\/evenements\\\/chagall-politique-cri-de-liberte-musee-national-marc-chagall-9908\\\/\"]}]},{\"@type\":\"ImageObject\",\"inLanguage\":\"fr-FR\",\"@id\":\"https:\\\/\\\/montecarloliving.com\\\/fr\\\/evenements\\\/chagall-politique-cri-de-liberte-musee-national-marc-chagall-9908\\\/#primaryimage\",\"url\":\"https:\\\/\\\/montecarloliving.com\\\/wp-content\\\/uploads\\\/2024\\\/03\\\/2.-CH-MuseeNationalMarcChagall\u00a9MNMC.C.Weil_.2013bis-recadree--scaled.jpg\",\"contentUrl\":\"https:\\\/\\\/montecarloliving.com\\\/wp-content\\\/uploads\\\/2024\\\/03\\\/2.-CH-MuseeNationalMarcChagall\u00a9MNMC.C.Weil_.2013bis-recadree--scaled.jpg\",\"width\":2560,\"height\":1280,\"caption\":\"OLYMPUS DIGITAL CAMERA\"},{\"@type\":\"BreadcrumbList\",\"@id\":\"https:\\\/\\\/montecarloliving.com\\\/fr\\\/evenements\\\/chagall-politique-cri-de-liberte-musee-national-marc-chagall-9908\\\/#breadcrumb\",\"itemListElement\":[{\"@type\":\"ListItem\",\"position\":1,\"name\":\"Home\",\"item\":\"https:\\\/\\\/montecarloliving.com\\\/fr\\\/\"},{\"@type\":\"ListItem\",\"position\":2,\"name\":\"Chagall politique Le Cri de libert\u00e9 \u00e0 le Mus\u00e9e national Marc Chagall\"}]},{\"@type\":\"WebSite\",\"@id\":\"https:\\\/\\\/montecarloliving.com\\\/fr\\\/#website\",\"url\":\"https:\\\/\\\/montecarloliving.com\\\/fr\\\/\",\"name\":\"Montecarlo Living\",\"description\":\"News da Montecarlo - Principato di Monaco e Costa Azzurra\",\"potentialAction\":[{\"@type\":\"SearchAction\",\"target\":{\"@type\":\"EntryPoint\",\"urlTemplate\":\"https:\\\/\\\/montecarloliving.com\\\/fr\\\/?s={search_term_string}\"},\"query-input\":{\"@type\":\"PropertyValueSpecification\",\"valueRequired\":true,\"valueName\":\"search_term_string\"}}],\"inLanguage\":\"fr-FR\"},{\"@type\":\"Person\",\"@id\":\"https:\\\/\\\/montecarloliving.com\\\/fr\\\/#\\\/schema\\\/person\\\/7e5945d4560862b7f2d2c6831bda2819\",\"name\":\"Redazione\",\"image\":{\"@type\":\"ImageObject\",\"inLanguage\":\"fr-FR\",\"@id\":\"https:\\\/\\\/secure.gravatar.com\\\/avatar\\\/8b5f26557e18fe74ad8e8a57ebb2925d88af8a90cee489ff2beefb391bc9b9c7?s=96&d=mm&r=g\",\"url\":\"https:\\\/\\\/secure.gravatar.com\\\/avatar\\\/8b5f26557e18fe74ad8e8a57ebb2925d88af8a90cee489ff2beefb391bc9b9c7?s=96&d=mm&r=g\",\"contentUrl\":\"https:\\\/\\\/secure.gravatar.com\\\/avatar\\\/8b5f26557e18fe74ad8e8a57ebb2925d88af8a90cee489ff2beefb391bc9b9c7?s=96&d=mm&r=g\",\"caption\":\"Redazione\"}}]}<\/script>\n<!-- \/ Yoast SEO plugin. -->","yoast_head_json":{"title":"Chagall politique Le Cri de libert\u00e9 \u00e0 le Mus\u00e9e national Marc Chagall","description":"La derni\u00e8re \u00e9tape de l'itin\u00e9rance de l'exposition-\u00e9v\u00e9nement politique de Chagall est Le Cri de la Libert\u00e9 : sa pr\u00e9sentation au Mus\u00e9e National Marc Chagall","robots":{"index":"index","follow":"follow","max-snippet":"max-snippet:-1","max-image-preview":"max-image-preview:large","max-video-preview":"max-video-preview:-1"},"canonical":"https:\/\/montecarloliving.com\/fr\/evenements\/chagall-politique-cri-de-liberte-musee-national-marc-chagall-9908\/","og_locale":"fr_FR","og_title":"Chagall politique Le Cri de libert\u00e9 \u00e0 le Mus\u00e9e national Marc Chagall","og_description":"La derni\u00e8re \u00e9tape de l'itin\u00e9rance de l'exposition-\u00e9v\u00e9nement politique de Chagall est Le Cri de la Libert\u00e9 : sa pr\u00e9sentation au Mus\u00e9e National Marc Chagall","og_url":"https:\/\/montecarloliving.com\/fr\/evenements\/chagall-politique-cri-de-liberte-musee-national-marc-chagall-9908\/","og_site_name":"Montecarlo Living","article_publisher":"https:\/\/www.facebook.com\/montecarlolivingcom\/","article_published_time":"2024-04-04T08:07:24+00:00","og_image":[{"width":650,"height":400,"url":"https:\/\/montecarloliving.com\/wp-content\/uploads\/2024\/03\/2.-CH-MuseeNationalMarcChagall\u00a9MNMC.C.Weil_.2013bis-recadree--650x400.jpg","type":"image\/jpeg"}],"author":"Redazione","twitter_card":"summary_large_image","twitter_creator":"@MonteCarloLivi","twitter_site":"@MonteCarloLivi","twitter_misc":{"\u00c9crit par":"Redazione","Dur\u00e9e de lecture estim\u00e9e":"3 minutes"},"schema":{"@context":"https:\/\/schema.org","@graph":[{"@type":"Article","@id":"https:\/\/montecarloliving.com\/fr\/evenements\/chagall-politique-cri-de-liberte-musee-national-marc-chagall-9908\/#article","isPartOf":{"@id":"https:\/\/montecarloliving.com\/fr\/evenements\/chagall-politique-cri-de-liberte-musee-national-marc-chagall-9908\/"},"author":{"name":"Redazione","@id":"https:\/\/montecarloliving.com\/fr\/#\/schema\/person\/7e5945d4560862b7f2d2c6831bda2819"},"headline":"Chagall politique Le Cri de libert\u00e9 \u00e0 le Mus\u00e9e national Marc Chagall","datePublished":"2024-04-04T08:07:24+00:00","mainEntityOfPage":{"@id":"https:\/\/montecarloliving.com\/fr\/evenements\/chagall-politique-cri-de-liberte-musee-national-marc-chagall-9908\/"},"wordCount":537,"image":{"@id":"https:\/\/montecarloliving.com\/fr\/evenements\/chagall-politique-cri-de-liberte-musee-national-marc-chagall-9908\/#primaryimage"},"thumbnailUrl":"https:\/\/montecarloliving.com\/wp-content\/uploads\/2024\/03\/2.-CH-MuseeNationalMarcChagall\u00a9MNMC.C.Weil_.2013bis-recadree--scaled.jpg","articleSection":["\u00c9v\u00e9nements","Nice"],"inLanguage":"fr-FR"},{"@type":"WebPage","@id":"https:\/\/montecarloliving.com\/fr\/evenements\/chagall-politique-cri-de-liberte-musee-national-marc-chagall-9908\/","url":"https:\/\/montecarloliving.com\/fr\/evenements\/chagall-politique-cri-de-liberte-musee-national-marc-chagall-9908\/","name":"Chagall politique Le Cri de libert\u00e9 \u00e0 le Mus\u00e9e national Marc Chagall","isPartOf":{"@id":"https:\/\/montecarloliving.com\/fr\/#website"},"primaryImageOfPage":{"@id":"https:\/\/montecarloliving.com\/fr\/evenements\/chagall-politique-cri-de-liberte-musee-national-marc-chagall-9908\/#primaryimage"},"image":{"@id":"https:\/\/montecarloliving.com\/fr\/evenements\/chagall-politique-cri-de-liberte-musee-national-marc-chagall-9908\/#primaryimage"},"thumbnailUrl":"https:\/\/montecarloliving.com\/wp-content\/uploads\/2024\/03\/2.-CH-MuseeNationalMarcChagall\u00a9MNMC.C.Weil_.2013bis-recadree--scaled.jpg","datePublished":"2024-04-04T08:07:24+00:00","author":{"@id":"https:\/\/montecarloliving.com\/fr\/#\/schema\/person\/7e5945d4560862b7f2d2c6831bda2819"},"description":"La derni\u00e8re \u00e9tape de l'itin\u00e9rance de l'exposition-\u00e9v\u00e9nement politique de Chagall est Le Cri de la Libert\u00e9 : sa pr\u00e9sentation au Mus\u00e9e National Marc Chagall","breadcrumb":{"@id":"https:\/\/montecarloliving.com\/fr\/evenements\/chagall-politique-cri-de-liberte-musee-national-marc-chagall-9908\/#breadcrumb"},"inLanguage":"fr-FR","potentialAction":[{"@type":"ReadAction","target":["https:\/\/montecarloliving.com\/fr\/evenements\/chagall-politique-cri-de-liberte-musee-national-marc-chagall-9908\/"]}]},{"@type":"ImageObject","inLanguage":"fr-FR","@id":"https:\/\/montecarloliving.com\/fr\/evenements\/chagall-politique-cri-de-liberte-musee-national-marc-chagall-9908\/#primaryimage","url":"https:\/\/montecarloliving.com\/wp-content\/uploads\/2024\/03\/2.-CH-MuseeNationalMarcChagall\u00a9MNMC.C.Weil_.2013bis-recadree--scaled.jpg","contentUrl":"https:\/\/montecarloliving.com\/wp-content\/uploads\/2024\/03\/2.-CH-MuseeNationalMarcChagall\u00a9MNMC.C.Weil_.2013bis-recadree--scaled.jpg","width":2560,"height":1280,"caption":"OLYMPUS DIGITAL CAMERA"},{"@type":"BreadcrumbList","@id":"https:\/\/montecarloliving.com\/fr\/evenements\/chagall-politique-cri-de-liberte-musee-national-marc-chagall-9908\/#breadcrumb","itemListElement":[{"@type":"ListItem","position":1,"name":"Home","item":"https:\/\/montecarloliving.com\/fr\/"},{"@type":"ListItem","position":2,"name":"Chagall politique Le Cri de libert\u00e9 \u00e0 le Mus\u00e9e national Marc Chagall"}]},{"@type":"WebSite","@id":"https:\/\/montecarloliving.com\/fr\/#website","url":"https:\/\/montecarloliving.com\/fr\/","name":"Montecarlo Living","description":"News da Montecarlo - Principato di Monaco e Costa Azzurra","potentialAction":[{"@type":"SearchAction","target":{"@type":"EntryPoint","urlTemplate":"https:\/\/montecarloliving.com\/fr\/?s={search_term_string}"},"query-input":{"@type":"PropertyValueSpecification","valueRequired":true,"valueName":"search_term_string"}}],"inLanguage":"fr-FR"},{"@type":"Person","@id":"https:\/\/montecarloliving.com\/fr\/#\/schema\/person\/7e5945d4560862b7f2d2c6831bda2819","name":"Redazione","image":{"@type":"ImageObject","inLanguage":"fr-FR","@id":"https:\/\/secure.gravatar.com\/avatar\/8b5f26557e18fe74ad8e8a57ebb2925d88af8a90cee489ff2beefb391bc9b9c7?s=96&d=mm&r=g","url":"https:\/\/secure.gravatar.com\/avatar\/8b5f26557e18fe74ad8e8a57ebb2925d88af8a90cee489ff2beefb391bc9b9c7?s=96&d=mm&r=g","contentUrl":"https:\/\/secure.gravatar.com\/avatar\/8b5f26557e18fe74ad8e8a57ebb2925d88af8a90cee489ff2beefb391bc9b9c7?s=96&d=mm&r=g","caption":"Redazione"}}]}},"_links":{"self":[{"href":"https:\/\/montecarloliving.com\/fr\/wp-json\/wp\/v2\/posts\/9908","targetHints":{"allow":["GET"]}}],"collection":[{"href":"https:\/\/montecarloliving.com\/fr\/wp-json\/wp\/v2\/posts"}],"about":[{"href":"https:\/\/montecarloliving.com\/fr\/wp-json\/wp\/v2\/types\/post"}],"author":[{"embeddable":true,"href":"https:\/\/montecarloliving.com\/fr\/wp-json\/wp\/v2\/users\/1"}],"replies":[{"embeddable":true,"href":"https:\/\/montecarloliving.com\/fr\/wp-json\/wp\/v2\/comments?post=9908"}],"version-history":[{"count":1,"href":"https:\/\/montecarloliving.com\/fr\/wp-json\/wp\/v2\/posts\/9908\/revisions"}],"predecessor-version":[{"id":9909,"href":"https:\/\/montecarloliving.com\/fr\/wp-json\/wp\/v2\/posts\/9908\/revisions\/9909"}],"wp:featuredmedia":[{"embeddable":true,"href":"https:\/\/montecarloliving.com\/fr\/wp-json\/wp\/v2\/media\/9253"}],"wp:attachment":[{"href":"https:\/\/montecarloliving.com\/fr\/wp-json\/wp\/v2\/media?parent=9908"}],"wp:term":[{"taxonomy":"category","embeddable":true,"href":"https:\/\/montecarloliving.com\/fr\/wp-json\/wp\/v2\/categories?post=9908"},{"taxonomy":"post_tag","embeddable":true,"href":"https:\/\/montecarloliving.com\/fr\/wp-json\/wp\/v2\/tags?post=9908"}],"curies":[{"name":"wp","href":"https:\/\/api.w.org\/{rel}","templated":true}]}}