{"id":9459,"date":"2024-03-26T10:59:53","date_gmt":"2024-03-26T09:59:53","guid":{"rendered":"https:\/\/montecarloliving.com\/?p=9459"},"modified":"2024-03-26T11:08:20","modified_gmt":"2024-03-26T10:08:20","slug":"cagnes-sur-mer-journees-europeennes-des-metiers-dart","status":"publish","type":"post","link":"https:\/\/montecarloliving.com\/fr\/nice-fr\/cagnes-sur-mer-journees-europeennes-des-metiers-dart-9459\/","title":{"rendered":"Cagnes-sur-Mer | Journ\u00e9es Europ\u00e9ennes des M\u00e9tiers d&rsquo;Art"},"content":{"rendered":"<p><strong>Cagnes-sur-Mer c\u00e9l\u00e8brera les Journ\u00e9es Europ\u00e9ennes des M\u00e9tiers d&rsquo;Art du 5 au 7 avril 2024, un \u00e9v\u00e9nement incontournable visant \u00e0 fournir une meilleure compr\u00e9hension du secteur des m\u00e9tiers d&rsquo;art.<\/strong><\/p>\n<p><img decoding=\"async\" class=\"aligncenter\" src=\"https:\/\/www.montecarlonews.it\/typo3temp\/pics\/C_dd567f5320.jpg\" alt=\"Giornate Europee dei Mestieri d\u2019Arte\" \/><\/p>\n<p><strong>Voici le programme :<\/strong><\/p>\n<p><em><strong>Exposition \u00ab\u00a0Surprenant !\u00a0\u00bb au Mus\u00e9e du bijou contemporain, Espace Solidor &#8211; Place du ch\u00e2teau, Haut-de-Cagnes.<\/strong><\/em> L&rsquo;exposition invite \u00e0 d\u00e9couvrir une s\u00e9lection de la collection de la ville, mettant en valeur les bijoux les plus surprenants. L&rsquo;accent est mis sur des mat\u00e9riaux inattendus et originaux offrant une exp\u00e9rience sensorielle unique. Les cr\u00e9ateurs de diff\u00e9rents milieux artistiques se distinguent par leur audace et leur cr\u00e9ativit\u00e9 d\u00e9bordante. La collection de la ville, compos\u00e9e d&rsquo;environ 300 bijoux, a d\u00e9but\u00e9 il y a plus de 20 ans et comprend des \u0153uvres acquises lors d&rsquo;expositions temporaires, enrichie en 2019 d&rsquo;environ 165 bijoux gr\u00e2ce au don d&rsquo;Alliages.<\/p>\n<p><strong>Visites guid\u00e9es \u2013 Dimanche 7 avril \u2013 gratuites<\/strong><\/p>\n<p>11h00 : visites des ateliers d&rsquo;artistes : Cette visite permettra d&rsquo;explorer les diff\u00e9rentes techniques artistiques des artistes de Haut-de-Cagnes, lieu de recherche artistique depuis le XXe si\u00e8cle sous l&rsquo;impulsion de Pierre-Auguste Renoir. Les artistes montreront les rues de Haut-de-Cagnes, peupl\u00e9es d&rsquo;une communaut\u00e9 cosmopolite d&rsquo;artistes. Points de rencontre avec les artistes : 11h00 : V\u00e9ronique P\u00e9pin, ornements floraux 11h20 : Esty, joaillier 11h30 : Virginie Bornetto, peintre 11h40 : Silvina Carbone, c\u00e9ramiste 11h50 : Alice Magnin, bijouti\u00e8re 12h20 : Slava Rogin, artiste en linol\u00e9um 14h00 : \u0153uvre en noir, gravure<\/p>\n<p>Aussi :<\/p>\n<p>11h00 \u2013 Visite historique de Haut-de-Cagnes 14h00 \u2013 Ateliers familiaux 15h00 \u2013 Visite guid\u00e9e de l&rsquo;exposition Surprenant.<\/p>\n<p>Ateliers ouverts tout au long de l&rsquo;\u00e9v\u00e9nement :<\/p>\n<p>La Crypte et rencontre avec Alice Magnin (joailli\u00e8re contemporaine) &#8211; Place du Ch\u00e2teau, entr\u00e9e du jardin de l&rsquo;Espace Solidor \u2013 de 10h \u00e0 12h et de 14h \u00e0 18h Le Lavoir : rencontre avec V\u00e9ronique P\u00e9pin, parures florales, art contemporain &#8211; Le Lavoir \u2013 rue Hippolyte Guis, ouvert de 11h \u00e0 18h Atelier Esty, joaillier &#8211; 10 rue Saint Roch \u2013 ouvert de 11h \u00e0 20h. Bijoux en m\u00e9tal pr\u00e9cieux inspir\u00e9s des fonds marins.<\/p>\n","protected":false},"excerpt":{"rendered":"<p>Cagnes-sur-Mer c\u00e9l\u00e8brera les Journ\u00e9es Europ\u00e9ennes des M\u00e9tiers d&rsquo;Art du 5 au 7 avril 2024, un \u00e9v\u00e9nement incontournable visant \u00e0 fournir une meilleure compr\u00e9hension du secteur des m\u00e9tiers d&rsquo;art. Voici le programme : Exposition \u00ab\u00a0Surprenant !\u00a0\u00bb au Mus\u00e9e du bijou contemporain, Espace Solidor &#8211; Place [&hellip;]<\/p>\n","protected":false},"author":1,"featured_media":9456,"comment_status":"closed","ping_status":"closed","sticky":false,"template":"","format":"standard","meta":{"footnotes":""},"categories":[828,868],"tags":[],"class_list":["post-9459","post","type-post","status-publish","format-standard","has-post-thumbnail","hentry","category-evenements","category-nice-fr"],"yoast_head":"<!-- This site is optimized with the Yoast SEO plugin v27.4 - https:\/\/yoast.com\/product\/yoast-seo-wordpress\/ -->\n<title>Cagnes-sur-Mer | Journ\u00e9es Europ\u00e9ennes des M\u00e9tiers d&#039;Art<\/title>\n<meta name=\"description\" content=\"Cagnes-sur-Mer c\u00e9l\u00e8brera les Journ\u00e9es Europ\u00e9ennes des M\u00e9tiers d&#039;Art du 5 au 7 avril 2024, un \u00e9v\u00e9nement incontournable visant \u00e0 fournir une meilleure\" \/>\n<meta name=\"robots\" content=\"index, follow, max-snippet:-1, max-image-preview:large, max-video-preview:-1\" \/>\n<link rel=\"canonical\" href=\"https:\/\/montecarloliving.com\/fr\/nice-fr\/cagnes-sur-mer-journees-europeennes-des-metiers-dart-9459\/\" \/>\n<meta property=\"og:locale\" content=\"fr_FR\" \/>\n<meta property=\"og:title\" content=\"Cagnes-sur-Mer | Journ\u00e9es Europ\u00e9ennes des M\u00e9tiers d&#039;Art\" \/>\n<meta property=\"og:description\" content=\"Cagnes-sur-Mer c\u00e9l\u00e8brera les Journ\u00e9es Europ\u00e9ennes des M\u00e9tiers d&#039;Art du 5 au 7 avril 2024, un \u00e9v\u00e9nement incontournable visant \u00e0 fournir une meilleure\" \/>\n<meta property=\"og:url\" content=\"https:\/\/montecarloliving.com\/fr\/nice-fr\/cagnes-sur-mer-journees-europeennes-des-metiers-dart-9459\/\" \/>\n<meta property=\"og:site_name\" content=\"Montecarlo Living\" \/>\n<meta property=\"article:publisher\" content=\"https:\/\/www.facebook.com\/montecarlolivingcom\/\" \/>\n<meta property=\"article:published_time\" content=\"2024-03-26T09:59:53+00:00\" \/>\n<meta property=\"article:modified_time\" content=\"2024-03-26T10:08:20+00:00\" \/>\n<meta property=\"og:image\" content=\"https:\/\/montecarloliving.com\/wp-content\/uploads\/2024\/03\/Cagnes-sur-mer-1080x675-1-650x400.jpg\" \/>\n\t<meta property=\"og:image:width\" content=\"650\" \/>\n\t<meta property=\"og:image:height\" content=\"400\" \/>\n\t<meta property=\"og:image:type\" content=\"image\/jpeg\" \/>\n<meta name=\"author\" content=\"Redazione\" \/>\n<meta name=\"twitter:card\" content=\"summary_large_image\" \/>\n<meta name=\"twitter:creator\" content=\"@MonteCarloLivi\" \/>\n<meta name=\"twitter:site\" content=\"@MonteCarloLivi\" \/>\n<meta name=\"twitter:label1\" content=\"\u00c9crit par\" \/>\n\t<meta name=\"twitter:data1\" content=\"Redazione\" \/>\n\t<meta name=\"twitter:label2\" content=\"Dur\u00e9e de lecture estim\u00e9e\" \/>\n\t<meta name=\"twitter:data2\" content=\"3 minutes\" \/>\n<script type=\"application\/ld+json\" class=\"yoast-schema-graph\">{\"@context\":\"https:\\\/\\\/schema.org\",\"@graph\":[{\"@type\":\"Article\",\"@id\":\"https:\\\/\\\/montecarloliving.com\\\/fr\\\/nice-fr\\\/cagnes-sur-mer-journees-europeennes-des-metiers-dart-9459\\\/#article\",\"isPartOf\":{\"@id\":\"https:\\\/\\\/montecarloliving.com\\\/fr\\\/nice-fr\\\/cagnes-sur-mer-journees-europeennes-des-metiers-dart-9459\\\/\"},\"author\":{\"name\":\"Redazione\",\"@id\":\"https:\\\/\\\/montecarloliving.com\\\/fr\\\/#\\\/schema\\\/person\\\/7e5945d4560862b7f2d2c6831bda2819\"},\"headline\":\"Cagnes-sur-Mer | Journ\u00e9es Europ\u00e9ennes des M\u00e9tiers d&rsquo;Art\",\"datePublished\":\"2024-03-26T09:59:53+00:00\",\"dateModified\":\"2024-03-26T10:08:20+00:00\",\"mainEntityOfPage\":{\"@id\":\"https:\\\/\\\/montecarloliving.com\\\/fr\\\/nice-fr\\\/cagnes-sur-mer-journees-europeennes-des-metiers-dart-9459\\\/\"},\"wordCount\":358,\"image\":{\"@id\":\"https:\\\/\\\/montecarloliving.com\\\/fr\\\/nice-fr\\\/cagnes-sur-mer-journees-europeennes-des-metiers-dart-9459\\\/#primaryimage\"},\"thumbnailUrl\":\"https:\\\/\\\/montecarloliving.com\\\/wp-content\\\/uploads\\\/2024\\\/03\\\/Cagnes-sur-mer-1080x675-1.jpg\",\"articleSection\":[\"\u00c9v\u00e9nements\",\"Nice\"],\"inLanguage\":\"fr-FR\"},{\"@type\":\"WebPage\",\"@id\":\"https:\\\/\\\/montecarloliving.com\\\/fr\\\/nice-fr\\\/cagnes-sur-mer-journees-europeennes-des-metiers-dart-9459\\\/\",\"url\":\"https:\\\/\\\/montecarloliving.com\\\/fr\\\/nice-fr\\\/cagnes-sur-mer-journees-europeennes-des-metiers-dart-9459\\\/\",\"name\":\"Cagnes-sur-Mer | Journ\u00e9es Europ\u00e9ennes des M\u00e9tiers d'Art\",\"isPartOf\":{\"@id\":\"https:\\\/\\\/montecarloliving.com\\\/fr\\\/#website\"},\"primaryImageOfPage\":{\"@id\":\"https:\\\/\\\/montecarloliving.com\\\/fr\\\/nice-fr\\\/cagnes-sur-mer-journees-europeennes-des-metiers-dart-9459\\\/#primaryimage\"},\"image\":{\"@id\":\"https:\\\/\\\/montecarloliving.com\\\/fr\\\/nice-fr\\\/cagnes-sur-mer-journees-europeennes-des-metiers-dart-9459\\\/#primaryimage\"},\"thumbnailUrl\":\"https:\\\/\\\/montecarloliving.com\\\/wp-content\\\/uploads\\\/2024\\\/03\\\/Cagnes-sur-mer-1080x675-1.jpg\",\"datePublished\":\"2024-03-26T09:59:53+00:00\",\"dateModified\":\"2024-03-26T10:08:20+00:00\",\"author\":{\"@id\":\"https:\\\/\\\/montecarloliving.com\\\/fr\\\/#\\\/schema\\\/person\\\/7e5945d4560862b7f2d2c6831bda2819\"},\"description\":\"Cagnes-sur-Mer c\u00e9l\u00e8brera les Journ\u00e9es Europ\u00e9ennes des M\u00e9tiers d'Art du 5 au 7 avril 2024, un \u00e9v\u00e9nement incontournable visant \u00e0 fournir une meilleure\",\"breadcrumb\":{\"@id\":\"https:\\\/\\\/montecarloliving.com\\\/fr\\\/nice-fr\\\/cagnes-sur-mer-journees-europeennes-des-metiers-dart-9459\\\/#breadcrumb\"},\"inLanguage\":\"fr-FR\",\"potentialAction\":[{\"@type\":\"ReadAction\",\"target\":[\"https:\\\/\\\/montecarloliving.com\\\/fr\\\/nice-fr\\\/cagnes-sur-mer-journees-europeennes-des-metiers-dart-9459\\\/\"]}]},{\"@type\":\"ImageObject\",\"inLanguage\":\"fr-FR\",\"@id\":\"https:\\\/\\\/montecarloliving.com\\\/fr\\\/nice-fr\\\/cagnes-sur-mer-journees-europeennes-des-metiers-dart-9459\\\/#primaryimage\",\"url\":\"https:\\\/\\\/montecarloliving.com\\\/wp-content\\\/uploads\\\/2024\\\/03\\\/Cagnes-sur-mer-1080x675-1.jpg\",\"contentUrl\":\"https:\\\/\\\/montecarloliving.com\\\/wp-content\\\/uploads\\\/2024\\\/03\\\/Cagnes-sur-mer-1080x675-1.jpg\",\"width\":1080,\"height\":675},{\"@type\":\"BreadcrumbList\",\"@id\":\"https:\\\/\\\/montecarloliving.com\\\/fr\\\/nice-fr\\\/cagnes-sur-mer-journees-europeennes-des-metiers-dart-9459\\\/#breadcrumb\",\"itemListElement\":[{\"@type\":\"ListItem\",\"position\":1,\"name\":\"Home\",\"item\":\"https:\\\/\\\/montecarloliving.com\\\/fr\\\/\"},{\"@type\":\"ListItem\",\"position\":2,\"name\":\"Cagnes-sur-Mer | Journ\u00e9es Europ\u00e9ennes des M\u00e9tiers d&#8217;Art\"}]},{\"@type\":\"WebSite\",\"@id\":\"https:\\\/\\\/montecarloliving.com\\\/fr\\\/#website\",\"url\":\"https:\\\/\\\/montecarloliving.com\\\/fr\\\/\",\"name\":\"Montecarlo Living\",\"description\":\"News da Montecarlo - Principato di Monaco e Costa Azzurra\",\"potentialAction\":[{\"@type\":\"SearchAction\",\"target\":{\"@type\":\"EntryPoint\",\"urlTemplate\":\"https:\\\/\\\/montecarloliving.com\\\/fr\\\/?s={search_term_string}\"},\"query-input\":{\"@type\":\"PropertyValueSpecification\",\"valueRequired\":true,\"valueName\":\"search_term_string\"}}],\"inLanguage\":\"fr-FR\"},{\"@type\":\"Person\",\"@id\":\"https:\\\/\\\/montecarloliving.com\\\/fr\\\/#\\\/schema\\\/person\\\/7e5945d4560862b7f2d2c6831bda2819\",\"name\":\"Redazione\",\"image\":{\"@type\":\"ImageObject\",\"inLanguage\":\"fr-FR\",\"@id\":\"https:\\\/\\\/secure.gravatar.com\\\/avatar\\\/8b5f26557e18fe74ad8e8a57ebb2925d88af8a90cee489ff2beefb391bc9b9c7?s=96&d=mm&r=g\",\"url\":\"https:\\\/\\\/secure.gravatar.com\\\/avatar\\\/8b5f26557e18fe74ad8e8a57ebb2925d88af8a90cee489ff2beefb391bc9b9c7?s=96&d=mm&r=g\",\"contentUrl\":\"https:\\\/\\\/secure.gravatar.com\\\/avatar\\\/8b5f26557e18fe74ad8e8a57ebb2925d88af8a90cee489ff2beefb391bc9b9c7?s=96&d=mm&r=g\",\"caption\":\"Redazione\"}}]}<\/script>\n<!-- \/ Yoast SEO plugin. -->","yoast_head_json":{"title":"Cagnes-sur-Mer | Journ\u00e9es Europ\u00e9ennes des M\u00e9tiers d'Art","description":"Cagnes-sur-Mer c\u00e9l\u00e8brera les Journ\u00e9es Europ\u00e9ennes des M\u00e9tiers d'Art du 5 au 7 avril 2024, un \u00e9v\u00e9nement incontournable visant \u00e0 fournir une meilleure","robots":{"index":"index","follow":"follow","max-snippet":"max-snippet:-1","max-image-preview":"max-image-preview:large","max-video-preview":"max-video-preview:-1"},"canonical":"https:\/\/montecarloliving.com\/fr\/nice-fr\/cagnes-sur-mer-journees-europeennes-des-metiers-dart-9459\/","og_locale":"fr_FR","og_title":"Cagnes-sur-Mer | Journ\u00e9es Europ\u00e9ennes des M\u00e9tiers d'Art","og_description":"Cagnes-sur-Mer c\u00e9l\u00e8brera les Journ\u00e9es Europ\u00e9ennes des M\u00e9tiers d'Art du 5 au 7 avril 2024, un \u00e9v\u00e9nement incontournable visant \u00e0 fournir une meilleure","og_url":"https:\/\/montecarloliving.com\/fr\/nice-fr\/cagnes-sur-mer-journees-europeennes-des-metiers-dart-9459\/","og_site_name":"Montecarlo Living","article_publisher":"https:\/\/www.facebook.com\/montecarlolivingcom\/","article_published_time":"2024-03-26T09:59:53+00:00","article_modified_time":"2024-03-26T10:08:20+00:00","og_image":[{"width":650,"height":400,"url":"https:\/\/montecarloliving.com\/wp-content\/uploads\/2024\/03\/Cagnes-sur-mer-1080x675-1-650x400.jpg","type":"image\/jpeg"}],"author":"Redazione","twitter_card":"summary_large_image","twitter_creator":"@MonteCarloLivi","twitter_site":"@MonteCarloLivi","twitter_misc":{"\u00c9crit par":"Redazione","Dur\u00e9e de lecture estim\u00e9e":"3 minutes"},"schema":{"@context":"https:\/\/schema.org","@graph":[{"@type":"Article","@id":"https:\/\/montecarloliving.com\/fr\/nice-fr\/cagnes-sur-mer-journees-europeennes-des-metiers-dart-9459\/#article","isPartOf":{"@id":"https:\/\/montecarloliving.com\/fr\/nice-fr\/cagnes-sur-mer-journees-europeennes-des-metiers-dart-9459\/"},"author":{"name":"Redazione","@id":"https:\/\/montecarloliving.com\/fr\/#\/schema\/person\/7e5945d4560862b7f2d2c6831bda2819"},"headline":"Cagnes-sur-Mer | Journ\u00e9es Europ\u00e9ennes des M\u00e9tiers d&rsquo;Art","datePublished":"2024-03-26T09:59:53+00:00","dateModified":"2024-03-26T10:08:20+00:00","mainEntityOfPage":{"@id":"https:\/\/montecarloliving.com\/fr\/nice-fr\/cagnes-sur-mer-journees-europeennes-des-metiers-dart-9459\/"},"wordCount":358,"image":{"@id":"https:\/\/montecarloliving.com\/fr\/nice-fr\/cagnes-sur-mer-journees-europeennes-des-metiers-dart-9459\/#primaryimage"},"thumbnailUrl":"https:\/\/montecarloliving.com\/wp-content\/uploads\/2024\/03\/Cagnes-sur-mer-1080x675-1.jpg","articleSection":["\u00c9v\u00e9nements","Nice"],"inLanguage":"fr-FR"},{"@type":"WebPage","@id":"https:\/\/montecarloliving.com\/fr\/nice-fr\/cagnes-sur-mer-journees-europeennes-des-metiers-dart-9459\/","url":"https:\/\/montecarloliving.com\/fr\/nice-fr\/cagnes-sur-mer-journees-europeennes-des-metiers-dart-9459\/","name":"Cagnes-sur-Mer | Journ\u00e9es Europ\u00e9ennes des M\u00e9tiers d'Art","isPartOf":{"@id":"https:\/\/montecarloliving.com\/fr\/#website"},"primaryImageOfPage":{"@id":"https:\/\/montecarloliving.com\/fr\/nice-fr\/cagnes-sur-mer-journees-europeennes-des-metiers-dart-9459\/#primaryimage"},"image":{"@id":"https:\/\/montecarloliving.com\/fr\/nice-fr\/cagnes-sur-mer-journees-europeennes-des-metiers-dart-9459\/#primaryimage"},"thumbnailUrl":"https:\/\/montecarloliving.com\/wp-content\/uploads\/2024\/03\/Cagnes-sur-mer-1080x675-1.jpg","datePublished":"2024-03-26T09:59:53+00:00","dateModified":"2024-03-26T10:08:20+00:00","author":{"@id":"https:\/\/montecarloliving.com\/fr\/#\/schema\/person\/7e5945d4560862b7f2d2c6831bda2819"},"description":"Cagnes-sur-Mer c\u00e9l\u00e8brera les Journ\u00e9es Europ\u00e9ennes des M\u00e9tiers d'Art du 5 au 7 avril 2024, un \u00e9v\u00e9nement incontournable visant \u00e0 fournir une meilleure","breadcrumb":{"@id":"https:\/\/montecarloliving.com\/fr\/nice-fr\/cagnes-sur-mer-journees-europeennes-des-metiers-dart-9459\/#breadcrumb"},"inLanguage":"fr-FR","potentialAction":[{"@type":"ReadAction","target":["https:\/\/montecarloliving.com\/fr\/nice-fr\/cagnes-sur-mer-journees-europeennes-des-metiers-dart-9459\/"]}]},{"@type":"ImageObject","inLanguage":"fr-FR","@id":"https:\/\/montecarloliving.com\/fr\/nice-fr\/cagnes-sur-mer-journees-europeennes-des-metiers-dart-9459\/#primaryimage","url":"https:\/\/montecarloliving.com\/wp-content\/uploads\/2024\/03\/Cagnes-sur-mer-1080x675-1.jpg","contentUrl":"https:\/\/montecarloliving.com\/wp-content\/uploads\/2024\/03\/Cagnes-sur-mer-1080x675-1.jpg","width":1080,"height":675},{"@type":"BreadcrumbList","@id":"https:\/\/montecarloliving.com\/fr\/nice-fr\/cagnes-sur-mer-journees-europeennes-des-metiers-dart-9459\/#breadcrumb","itemListElement":[{"@type":"ListItem","position":1,"name":"Home","item":"https:\/\/montecarloliving.com\/fr\/"},{"@type":"ListItem","position":2,"name":"Cagnes-sur-Mer | Journ\u00e9es Europ\u00e9ennes des M\u00e9tiers d&#8217;Art"}]},{"@type":"WebSite","@id":"https:\/\/montecarloliving.com\/fr\/#website","url":"https:\/\/montecarloliving.com\/fr\/","name":"Montecarlo Living","description":"News da Montecarlo - Principato di Monaco e Costa Azzurra","potentialAction":[{"@type":"SearchAction","target":{"@type":"EntryPoint","urlTemplate":"https:\/\/montecarloliving.com\/fr\/?s={search_term_string}"},"query-input":{"@type":"PropertyValueSpecification","valueRequired":true,"valueName":"search_term_string"}}],"inLanguage":"fr-FR"},{"@type":"Person","@id":"https:\/\/montecarloliving.com\/fr\/#\/schema\/person\/7e5945d4560862b7f2d2c6831bda2819","name":"Redazione","image":{"@type":"ImageObject","inLanguage":"fr-FR","@id":"https:\/\/secure.gravatar.com\/avatar\/8b5f26557e18fe74ad8e8a57ebb2925d88af8a90cee489ff2beefb391bc9b9c7?s=96&d=mm&r=g","url":"https:\/\/secure.gravatar.com\/avatar\/8b5f26557e18fe74ad8e8a57ebb2925d88af8a90cee489ff2beefb391bc9b9c7?s=96&d=mm&r=g","contentUrl":"https:\/\/secure.gravatar.com\/avatar\/8b5f26557e18fe74ad8e8a57ebb2925d88af8a90cee489ff2beefb391bc9b9c7?s=96&d=mm&r=g","caption":"Redazione"}}]}},"_links":{"self":[{"href":"https:\/\/montecarloliving.com\/fr\/wp-json\/wp\/v2\/posts\/9459","targetHints":{"allow":["GET"]}}],"collection":[{"href":"https:\/\/montecarloliving.com\/fr\/wp-json\/wp\/v2\/posts"}],"about":[{"href":"https:\/\/montecarloliving.com\/fr\/wp-json\/wp\/v2\/types\/post"}],"author":[{"embeddable":true,"href":"https:\/\/montecarloliving.com\/fr\/wp-json\/wp\/v2\/users\/1"}],"replies":[{"embeddable":true,"href":"https:\/\/montecarloliving.com\/fr\/wp-json\/wp\/v2\/comments?post=9459"}],"version-history":[{"count":2,"href":"https:\/\/montecarloliving.com\/fr\/wp-json\/wp\/v2\/posts\/9459\/revisions"}],"predecessor-version":[{"id":9463,"href":"https:\/\/montecarloliving.com\/fr\/wp-json\/wp\/v2\/posts\/9459\/revisions\/9463"}],"wp:featuredmedia":[{"embeddable":true,"href":"https:\/\/montecarloliving.com\/fr\/wp-json\/wp\/v2\/media\/9456"}],"wp:attachment":[{"href":"https:\/\/montecarloliving.com\/fr\/wp-json\/wp\/v2\/media?parent=9459"}],"wp:term":[{"taxonomy":"category","embeddable":true,"href":"https:\/\/montecarloliving.com\/fr\/wp-json\/wp\/v2\/categories?post=9459"},{"taxonomy":"post_tag","embeddable":true,"href":"https:\/\/montecarloliving.com\/fr\/wp-json\/wp\/v2\/tags?post=9459"}],"curies":[{"name":"wp","href":"https:\/\/api.w.org\/{rel}","templated":true}]}}