{"id":9424,"date":"2024-04-17T10:00:59","date_gmt":"2024-04-17T08:00:59","guid":{"rendered":"https:\/\/montecarloliving.com\/?p=9424"},"modified":"2024-03-26T10:27:10","modified_gmt":"2024-03-26T09:27:10","slug":"lexposition-de-monsieur-renoir-draguignan","status":"publish","type":"post","link":"https:\/\/montecarloliving.com\/fr\/evenements\/lexposition-de-monsieur-renoir-draguignan-9424\/","title":{"rendered":"L&rsquo;exposition de monsieur Renoir \u00e0 Draguignan"},"content":{"rendered":"<p>Dans le cadre des initiatives promues par le Mus\u00e9e d&rsquo;Orsay \u00e0 Paris, en collaboration avec le Minist\u00e8re de la Culture, <strong>pour c\u00e9l\u00e9brer le cent cinquanti\u00e8me anniversaire de l&rsquo;impressionnisme, le Mus\u00e9e des Beaux-Arts de Draguignan accueille jusqu&rsquo;au 23 juin 2024 un pr\u00eat exceptionnel du Mus\u00e9e d&rsquo;Orsay : le tableau &lsquo;\u00c9tude.Torse, effet de soleil,&rsquo; pr\u00e9sent\u00e9 par Renoir en 1876 lors de la deuxi\u00e8me exposition impressionniste.<\/strong><\/p>\n<p><img decoding=\"async\" class=\"aligncenter\" src=\"https:\/\/www.montecarlonews.it\/typo3temp\/pics\/R_5362962125.jpg\" alt=\"\u00c9tude.Torse, effet de soleil.\" \/><\/p>\n<p>Ce chef-d&rsquo;\u0153uvre, exceptionnellement expos\u00e9 au Mus\u00e9e des Beaux-Arts de Draguignan, offre l&rsquo;opportunit\u00e9 d&rsquo;approfondir notre compr\u00e9hension du peintre Auguste Renoir et de son r\u00f4le dans le mouvement impressionniste, avec un accent particulier sur le th\u00e8me du portrait.<\/p>\n<p>\u00c0 l&rsquo;occasion du centenaire de la premi\u00e8re exposition impressionniste, le Mus\u00e9e des Beaux-Arts de Draguignan pr\u00e9sentera \u00e9galement d&rsquo;autres \u0153uvres d&rsquo;Auguste Renoir :<\/p>\n<p>Une de ses \u0153uvres majeures, &lsquo;L&rsquo;Enfant au biscuit,&rsquo; une peinture \u00e0 l&rsquo;huile repr\u00e9sentant le fils de l&rsquo;artiste, Jean. Le tableau sera expos\u00e9 aux c\u00f4t\u00e9s d&rsquo;une lithographie r\u00e9alis\u00e9e par Renoir \u00e0 la demande d&rsquo;Ambroise Vollard pour son troisi\u00e8me album de gravures originales ; Une gravure, &lsquo;La Baigneuse debout \u00e0 mi-jambe,&rsquo; dont l&rsquo;iconographie est tr\u00e8s similaire \u00e0 celle du portrait parisien.<\/p>\n<p>La combinaison de ces quatre \u0153uvres permettra aux visiteurs d&rsquo;appr\u00e9cier la libert\u00e9 du coup de pinceau et la grande modernit\u00e9 d&rsquo;Auguste Renoir.<\/p>\n<p>En plus des visites th\u00e9matiques, le 2 juin 2024, le mus\u00e9e accueillera Paul Perrin, Directeur des Collections au Mus\u00e9e d&rsquo;Orsay, pour une conf\u00e9rence sur l&rsquo;impressionnisme portraitiste.<\/p>\n<p><em><strong>Le Mus\u00e9e des Beaux-Arts de Draguignan est situ\u00e9 au 9 Rue de la R\u00e9publique.<\/strong><\/em><\/p>\n","protected":false},"excerpt":{"rendered":"<p>Dans le cadre des initiatives promues par le Mus\u00e9e d&rsquo;Orsay \u00e0 Paris, en collaboration avec le Minist\u00e8re de la Culture, pour c\u00e9l\u00e9brer le cent cinquanti\u00e8me anniversaire de l&rsquo;impressionnisme, le Mus\u00e9e des Beaux-Arts de Draguignan accueille jusqu&rsquo;au 23 juin 2024 un pr\u00eat exceptionnel du Mus\u00e9e [&hellip;]<\/p>\n","protected":false},"author":1,"featured_media":9419,"comment_status":"closed","ping_status":"closed","sticky":false,"template":"","format":"standard","meta":{"footnotes":""},"categories":[828,829],"tags":[],"class_list":["post-9424","post","type-post","status-publish","format-standard","has-post-thumbnail","hentry","category-evenements","category-tourisme"],"yoast_head":"<!-- This site is optimized with the Yoast SEO plugin v27.4 - https:\/\/yoast.com\/product\/yoast-seo-wordpress\/ -->\n<title>L&#039;exposition de monsieur Renoir \u00e0 Draguignan<\/title>\n<meta name=\"description\" content=\"Dans le cadre des initiatives promues par le Mus\u00e9e d&#039;Orsay \u00e0 Paris, en collaboration avec le Minist\u00e8re de la Culture, pour c\u00e9l\u00e9brer le cent cinquanti\u00e8me\" \/>\n<meta name=\"robots\" content=\"index, follow, max-snippet:-1, max-image-preview:large, max-video-preview:-1\" \/>\n<link rel=\"canonical\" href=\"https:\/\/montecarloliving.com\/fr\/evenements\/lexposition-de-monsieur-renoir-draguignan-9424\/\" \/>\n<meta property=\"og:locale\" content=\"fr_FR\" \/>\n<meta property=\"og:title\" content=\"L&#039;exposition de monsieur Renoir \u00e0 Draguignan\" \/>\n<meta property=\"og:description\" content=\"Dans le cadre des initiatives promues par le Mus\u00e9e d&#039;Orsay \u00e0 Paris, en collaboration avec le Minist\u00e8re de la Culture, pour c\u00e9l\u00e9brer le cent cinquanti\u00e8me\" \/>\n<meta property=\"og:url\" content=\"https:\/\/montecarloliving.com\/fr\/evenements\/lexposition-de-monsieur-renoir-draguignan-9424\/\" \/>\n<meta property=\"og:site_name\" content=\"Montecarlo Living\" \/>\n<meta property=\"article:publisher\" content=\"https:\/\/www.facebook.com\/montecarlolivingcom\/\" \/>\n<meta property=\"article:published_time\" content=\"2024-04-17T08:00:59+00:00\" \/>\n<meta property=\"og:image\" content=\"https:\/\/montecarloliving.com\/wp-content\/uploads\/2024\/03\/mba-vue-exterieur-650x400.jpg\" \/>\n\t<meta property=\"og:image:width\" content=\"650\" \/>\n\t<meta property=\"og:image:height\" content=\"400\" \/>\n\t<meta property=\"og:image:type\" content=\"image\/jpeg\" \/>\n<meta name=\"author\" content=\"Redazione\" \/>\n<meta name=\"twitter:card\" content=\"summary_large_image\" \/>\n<meta name=\"twitter:creator\" content=\"@MonteCarloLivi\" \/>\n<meta name=\"twitter:site\" content=\"@MonteCarloLivi\" \/>\n<meta name=\"twitter:label1\" content=\"\u00c9crit par\" \/>\n\t<meta name=\"twitter:data1\" content=\"Redazione\" \/>\n\t<meta name=\"twitter:label2\" content=\"Dur\u00e9e de lecture estim\u00e9e\" \/>\n\t<meta name=\"twitter:data2\" content=\"2 minutes\" \/>\n<script type=\"application\/ld+json\" class=\"yoast-schema-graph\">{\"@context\":\"https:\\\/\\\/schema.org\",\"@graph\":[{\"@type\":\"Article\",\"@id\":\"https:\\\/\\\/montecarloliving.com\\\/fr\\\/evenements\\\/lexposition-de-monsieur-renoir-draguignan-9424\\\/#article\",\"isPartOf\":{\"@id\":\"https:\\\/\\\/montecarloliving.com\\\/fr\\\/evenements\\\/lexposition-de-monsieur-renoir-draguignan-9424\\\/\"},\"author\":{\"name\":\"Redazione\",\"@id\":\"https:\\\/\\\/montecarloliving.com\\\/fr\\\/#\\\/schema\\\/person\\\/7e5945d4560862b7f2d2c6831bda2819\"},\"headline\":\"L&rsquo;exposition de monsieur Renoir \u00e0 Draguignan\",\"datePublished\":\"2024-04-17T08:00:59+00:00\",\"mainEntityOfPage\":{\"@id\":\"https:\\\/\\\/montecarloliving.com\\\/fr\\\/evenements\\\/lexposition-de-monsieur-renoir-draguignan-9424\\\/\"},\"wordCount\":285,\"image\":{\"@id\":\"https:\\\/\\\/montecarloliving.com\\\/fr\\\/evenements\\\/lexposition-de-monsieur-renoir-draguignan-9424\\\/#primaryimage\"},\"thumbnailUrl\":\"https:\\\/\\\/montecarloliving.com\\\/wp-content\\\/uploads\\\/2024\\\/03\\\/mba-vue-exterieur.jpg\",\"articleSection\":[\"\u00c9v\u00e9nements\",\"Tourisme \u00e0 Monaco\"],\"inLanguage\":\"fr-FR\"},{\"@type\":\"WebPage\",\"@id\":\"https:\\\/\\\/montecarloliving.com\\\/fr\\\/evenements\\\/lexposition-de-monsieur-renoir-draguignan-9424\\\/\",\"url\":\"https:\\\/\\\/montecarloliving.com\\\/fr\\\/evenements\\\/lexposition-de-monsieur-renoir-draguignan-9424\\\/\",\"name\":\"L'exposition de monsieur Renoir \u00e0 Draguignan\",\"isPartOf\":{\"@id\":\"https:\\\/\\\/montecarloliving.com\\\/fr\\\/#website\"},\"primaryImageOfPage\":{\"@id\":\"https:\\\/\\\/montecarloliving.com\\\/fr\\\/evenements\\\/lexposition-de-monsieur-renoir-draguignan-9424\\\/#primaryimage\"},\"image\":{\"@id\":\"https:\\\/\\\/montecarloliving.com\\\/fr\\\/evenements\\\/lexposition-de-monsieur-renoir-draguignan-9424\\\/#primaryimage\"},\"thumbnailUrl\":\"https:\\\/\\\/montecarloliving.com\\\/wp-content\\\/uploads\\\/2024\\\/03\\\/mba-vue-exterieur.jpg\",\"datePublished\":\"2024-04-17T08:00:59+00:00\",\"author\":{\"@id\":\"https:\\\/\\\/montecarloliving.com\\\/fr\\\/#\\\/schema\\\/person\\\/7e5945d4560862b7f2d2c6831bda2819\"},\"description\":\"Dans le cadre des initiatives promues par le Mus\u00e9e d'Orsay \u00e0 Paris, en collaboration avec le Minist\u00e8re de la Culture, pour c\u00e9l\u00e9brer le cent cinquanti\u00e8me\",\"breadcrumb\":{\"@id\":\"https:\\\/\\\/montecarloliving.com\\\/fr\\\/evenements\\\/lexposition-de-monsieur-renoir-draguignan-9424\\\/#breadcrumb\"},\"inLanguage\":\"fr-FR\",\"potentialAction\":[{\"@type\":\"ReadAction\",\"target\":[\"https:\\\/\\\/montecarloliving.com\\\/fr\\\/evenements\\\/lexposition-de-monsieur-renoir-draguignan-9424\\\/\"]}]},{\"@type\":\"ImageObject\",\"inLanguage\":\"fr-FR\",\"@id\":\"https:\\\/\\\/montecarloliving.com\\\/fr\\\/evenements\\\/lexposition-de-monsieur-renoir-draguignan-9424\\\/#primaryimage\",\"url\":\"https:\\\/\\\/montecarloliving.com\\\/wp-content\\\/uploads\\\/2024\\\/03\\\/mba-vue-exterieur.jpg\",\"contentUrl\":\"https:\\\/\\\/montecarloliving.com\\\/wp-content\\\/uploads\\\/2024\\\/03\\\/mba-vue-exterieur.jpg\",\"width\":2000,\"height\":1190},{\"@type\":\"BreadcrumbList\",\"@id\":\"https:\\\/\\\/montecarloliving.com\\\/fr\\\/evenements\\\/lexposition-de-monsieur-renoir-draguignan-9424\\\/#breadcrumb\",\"itemListElement\":[{\"@type\":\"ListItem\",\"position\":1,\"name\":\"Home\",\"item\":\"https:\\\/\\\/montecarloliving.com\\\/fr\\\/\"},{\"@type\":\"ListItem\",\"position\":2,\"name\":\"L&#8217;exposition de monsieur Renoir \u00e0 Draguignan\"}]},{\"@type\":\"WebSite\",\"@id\":\"https:\\\/\\\/montecarloliving.com\\\/fr\\\/#website\",\"url\":\"https:\\\/\\\/montecarloliving.com\\\/fr\\\/\",\"name\":\"Montecarlo Living\",\"description\":\"News da Montecarlo - Principato di Monaco e Costa Azzurra\",\"potentialAction\":[{\"@type\":\"SearchAction\",\"target\":{\"@type\":\"EntryPoint\",\"urlTemplate\":\"https:\\\/\\\/montecarloliving.com\\\/fr\\\/?s={search_term_string}\"},\"query-input\":{\"@type\":\"PropertyValueSpecification\",\"valueRequired\":true,\"valueName\":\"search_term_string\"}}],\"inLanguage\":\"fr-FR\"},{\"@type\":\"Person\",\"@id\":\"https:\\\/\\\/montecarloliving.com\\\/fr\\\/#\\\/schema\\\/person\\\/7e5945d4560862b7f2d2c6831bda2819\",\"name\":\"Redazione\",\"image\":{\"@type\":\"ImageObject\",\"inLanguage\":\"fr-FR\",\"@id\":\"https:\\\/\\\/secure.gravatar.com\\\/avatar\\\/8b5f26557e18fe74ad8e8a57ebb2925d88af8a90cee489ff2beefb391bc9b9c7?s=96&d=mm&r=g\",\"url\":\"https:\\\/\\\/secure.gravatar.com\\\/avatar\\\/8b5f26557e18fe74ad8e8a57ebb2925d88af8a90cee489ff2beefb391bc9b9c7?s=96&d=mm&r=g\",\"contentUrl\":\"https:\\\/\\\/secure.gravatar.com\\\/avatar\\\/8b5f26557e18fe74ad8e8a57ebb2925d88af8a90cee489ff2beefb391bc9b9c7?s=96&d=mm&r=g\",\"caption\":\"Redazione\"}}]}<\/script>\n<!-- \/ Yoast SEO plugin. -->","yoast_head_json":{"title":"L'exposition de monsieur Renoir \u00e0 Draguignan","description":"Dans le cadre des initiatives promues par le Mus\u00e9e d'Orsay \u00e0 Paris, en collaboration avec le Minist\u00e8re de la Culture, pour c\u00e9l\u00e9brer le cent cinquanti\u00e8me","robots":{"index":"index","follow":"follow","max-snippet":"max-snippet:-1","max-image-preview":"max-image-preview:large","max-video-preview":"max-video-preview:-1"},"canonical":"https:\/\/montecarloliving.com\/fr\/evenements\/lexposition-de-monsieur-renoir-draguignan-9424\/","og_locale":"fr_FR","og_title":"L'exposition de monsieur Renoir \u00e0 Draguignan","og_description":"Dans le cadre des initiatives promues par le Mus\u00e9e d'Orsay \u00e0 Paris, en collaboration avec le Minist\u00e8re de la Culture, pour c\u00e9l\u00e9brer le cent cinquanti\u00e8me","og_url":"https:\/\/montecarloliving.com\/fr\/evenements\/lexposition-de-monsieur-renoir-draguignan-9424\/","og_site_name":"Montecarlo Living","article_publisher":"https:\/\/www.facebook.com\/montecarlolivingcom\/","article_published_time":"2024-04-17T08:00:59+00:00","og_image":[{"width":650,"height":400,"url":"https:\/\/montecarloliving.com\/wp-content\/uploads\/2024\/03\/mba-vue-exterieur-650x400.jpg","type":"image\/jpeg"}],"author":"Redazione","twitter_card":"summary_large_image","twitter_creator":"@MonteCarloLivi","twitter_site":"@MonteCarloLivi","twitter_misc":{"\u00c9crit par":"Redazione","Dur\u00e9e de lecture estim\u00e9e":"2 minutes"},"schema":{"@context":"https:\/\/schema.org","@graph":[{"@type":"Article","@id":"https:\/\/montecarloliving.com\/fr\/evenements\/lexposition-de-monsieur-renoir-draguignan-9424\/#article","isPartOf":{"@id":"https:\/\/montecarloliving.com\/fr\/evenements\/lexposition-de-monsieur-renoir-draguignan-9424\/"},"author":{"name":"Redazione","@id":"https:\/\/montecarloliving.com\/fr\/#\/schema\/person\/7e5945d4560862b7f2d2c6831bda2819"},"headline":"L&rsquo;exposition de monsieur Renoir \u00e0 Draguignan","datePublished":"2024-04-17T08:00:59+00:00","mainEntityOfPage":{"@id":"https:\/\/montecarloliving.com\/fr\/evenements\/lexposition-de-monsieur-renoir-draguignan-9424\/"},"wordCount":285,"image":{"@id":"https:\/\/montecarloliving.com\/fr\/evenements\/lexposition-de-monsieur-renoir-draguignan-9424\/#primaryimage"},"thumbnailUrl":"https:\/\/montecarloliving.com\/wp-content\/uploads\/2024\/03\/mba-vue-exterieur.jpg","articleSection":["\u00c9v\u00e9nements","Tourisme \u00e0 Monaco"],"inLanguage":"fr-FR"},{"@type":"WebPage","@id":"https:\/\/montecarloliving.com\/fr\/evenements\/lexposition-de-monsieur-renoir-draguignan-9424\/","url":"https:\/\/montecarloliving.com\/fr\/evenements\/lexposition-de-monsieur-renoir-draguignan-9424\/","name":"L'exposition de monsieur Renoir \u00e0 Draguignan","isPartOf":{"@id":"https:\/\/montecarloliving.com\/fr\/#website"},"primaryImageOfPage":{"@id":"https:\/\/montecarloliving.com\/fr\/evenements\/lexposition-de-monsieur-renoir-draguignan-9424\/#primaryimage"},"image":{"@id":"https:\/\/montecarloliving.com\/fr\/evenements\/lexposition-de-monsieur-renoir-draguignan-9424\/#primaryimage"},"thumbnailUrl":"https:\/\/montecarloliving.com\/wp-content\/uploads\/2024\/03\/mba-vue-exterieur.jpg","datePublished":"2024-04-17T08:00:59+00:00","author":{"@id":"https:\/\/montecarloliving.com\/fr\/#\/schema\/person\/7e5945d4560862b7f2d2c6831bda2819"},"description":"Dans le cadre des initiatives promues par le Mus\u00e9e d'Orsay \u00e0 Paris, en collaboration avec le Minist\u00e8re de la Culture, pour c\u00e9l\u00e9brer le cent cinquanti\u00e8me","breadcrumb":{"@id":"https:\/\/montecarloliving.com\/fr\/evenements\/lexposition-de-monsieur-renoir-draguignan-9424\/#breadcrumb"},"inLanguage":"fr-FR","potentialAction":[{"@type":"ReadAction","target":["https:\/\/montecarloliving.com\/fr\/evenements\/lexposition-de-monsieur-renoir-draguignan-9424\/"]}]},{"@type":"ImageObject","inLanguage":"fr-FR","@id":"https:\/\/montecarloliving.com\/fr\/evenements\/lexposition-de-monsieur-renoir-draguignan-9424\/#primaryimage","url":"https:\/\/montecarloliving.com\/wp-content\/uploads\/2024\/03\/mba-vue-exterieur.jpg","contentUrl":"https:\/\/montecarloliving.com\/wp-content\/uploads\/2024\/03\/mba-vue-exterieur.jpg","width":2000,"height":1190},{"@type":"BreadcrumbList","@id":"https:\/\/montecarloliving.com\/fr\/evenements\/lexposition-de-monsieur-renoir-draguignan-9424\/#breadcrumb","itemListElement":[{"@type":"ListItem","position":1,"name":"Home","item":"https:\/\/montecarloliving.com\/fr\/"},{"@type":"ListItem","position":2,"name":"L&#8217;exposition de monsieur Renoir \u00e0 Draguignan"}]},{"@type":"WebSite","@id":"https:\/\/montecarloliving.com\/fr\/#website","url":"https:\/\/montecarloliving.com\/fr\/","name":"Montecarlo Living","description":"News da Montecarlo - Principato di Monaco e Costa Azzurra","potentialAction":[{"@type":"SearchAction","target":{"@type":"EntryPoint","urlTemplate":"https:\/\/montecarloliving.com\/fr\/?s={search_term_string}"},"query-input":{"@type":"PropertyValueSpecification","valueRequired":true,"valueName":"search_term_string"}}],"inLanguage":"fr-FR"},{"@type":"Person","@id":"https:\/\/montecarloliving.com\/fr\/#\/schema\/person\/7e5945d4560862b7f2d2c6831bda2819","name":"Redazione","image":{"@type":"ImageObject","inLanguage":"fr-FR","@id":"https:\/\/secure.gravatar.com\/avatar\/8b5f26557e18fe74ad8e8a57ebb2925d88af8a90cee489ff2beefb391bc9b9c7?s=96&d=mm&r=g","url":"https:\/\/secure.gravatar.com\/avatar\/8b5f26557e18fe74ad8e8a57ebb2925d88af8a90cee489ff2beefb391bc9b9c7?s=96&d=mm&r=g","contentUrl":"https:\/\/secure.gravatar.com\/avatar\/8b5f26557e18fe74ad8e8a57ebb2925d88af8a90cee489ff2beefb391bc9b9c7?s=96&d=mm&r=g","caption":"Redazione"}}]}},"_links":{"self":[{"href":"https:\/\/montecarloliving.com\/fr\/wp-json\/wp\/v2\/posts\/9424","targetHints":{"allow":["GET"]}}],"collection":[{"href":"https:\/\/montecarloliving.com\/fr\/wp-json\/wp\/v2\/posts"}],"about":[{"href":"https:\/\/montecarloliving.com\/fr\/wp-json\/wp\/v2\/types\/post"}],"author":[{"embeddable":true,"href":"https:\/\/montecarloliving.com\/fr\/wp-json\/wp\/v2\/users\/1"}],"replies":[{"embeddable":true,"href":"https:\/\/montecarloliving.com\/fr\/wp-json\/wp\/v2\/comments?post=9424"}],"version-history":[{"count":1,"href":"https:\/\/montecarloliving.com\/fr\/wp-json\/wp\/v2\/posts\/9424\/revisions"}],"predecessor-version":[{"id":9427,"href":"https:\/\/montecarloliving.com\/fr\/wp-json\/wp\/v2\/posts\/9424\/revisions\/9427"}],"wp:featuredmedia":[{"embeddable":true,"href":"https:\/\/montecarloliving.com\/fr\/wp-json\/wp\/v2\/media\/9419"}],"wp:attachment":[{"href":"https:\/\/montecarloliving.com\/fr\/wp-json\/wp\/v2\/media?parent=9424"}],"wp:term":[{"taxonomy":"category","embeddable":true,"href":"https:\/\/montecarloliving.com\/fr\/wp-json\/wp\/v2\/categories?post=9424"},{"taxonomy":"post_tag","embeddable":true,"href":"https:\/\/montecarloliving.com\/fr\/wp-json\/wp\/v2\/tags?post=9424"}],"curies":[{"name":"wp","href":"https:\/\/api.w.org\/{rel}","templated":true}]}}