{"id":9287,"date":"2024-03-21T10:25:46","date_gmt":"2024-03-21T09:25:46","guid":{"rendered":"https:\/\/montecarloliving.com\/?p=9287"},"modified":"2024-03-21T10:25:46","modified_gmt":"2024-03-21T09:25:46","slug":"direction-du-tourisme-et-des-congres-presente-bilan-de-lannee-2023-et-les-orientations-strategiques-2024","status":"publish","type":"post","link":"https:\/\/montecarloliving.com\/fr\/actualite\/direction-du-tourisme-et-des-congres-presente-bilan-de-lannee-2023-et-les-orientations-strategiques-2024-9287\/","title":{"rendered":"La Direction du Tourisme et des Congr\u00e8s pr\u00e9sente le bilan de l\u2019ann\u00e9e 2023  et les orientations strat\u00e9giques 2024"},"content":{"rendered":"<p><strong>En pr\u00e9sence de S.E. Monsieur Pierre DARTOUT Ministre d\u2019Etat et de M. Pierre-Andr\u00e9 CHIAPPORI, Conseiller de Gouvernement Ministre pour les Finances et l\u2019\u00c9conomie, la Direction du Tourisme et des Congr\u00e8s (DTC) a r\u00e9cemment rassembl\u00e9 au Grimaldi Forum, les repr\u00e9sentants du secteur touristique de Monaco.<\/strong><br \/>\n2023 fut une belle ann\u00e9e et s\u2019est achev\u00e9e avec un taux d\u2019occupation dans les h\u00f4tels de la Principaut\u00e9 de 57%, en hausse de 1 point par rapport \u00e0 2022. Le prix moyen, quant \u00e0 lui, progresse de 3,5% pour atteindre la valeur record de 474\u20ac HT hors service.<br \/>\nSi l\u2019\u00e9t\u00e9 a \u00e9t\u00e9 port\u00e9 par les client\u00e8les en provenance des \u00c9tats-Unis et du Moyen-Orient, le TOP 3 annuel change \u00e9galement avec l\u2019entr\u00e9e des USA au second rang derri\u00e8re la France et devant l\u2019Italie poussant le Royaume Uni \u00e0 la quatri\u00e8me place.<br \/>\nM. Guy ANTOGNELLI, Directeur du Tourisme et des Congr\u00e8s, a indiqu\u00e9 que la DTC allait encore intensifier ses actions commerciales sur les march\u00e9s les plus porteurs et s\u2019attacher \u00e0 redynamiser des march\u00e9s essentiels qui, bien que toujours pr\u00e9pond\u00e9rants, ne sont pas aussi dynamiques que pr\u00e9c\u00e9demment.<br \/>\nEn plus d\u2019une vaste action d\u00e9di\u00e9e au tourisme responsable, la campagne \u00ab LIKE NOWHERE ELSE \u00bb fera encore l\u2019objet d\u2019un plan de d\u00e9ploiement ambitieux en particulier aupr\u00e8s de compagnies a\u00e9riennes telles qu\u2019Air France, United Airlines, Lufthansa, China Airlines ou encore British Airways.<\/p>\n","protected":false},"excerpt":{"rendered":"<p>En pr\u00e9sence de S.E. Monsieur Pierre DARTOUT Ministre d\u2019Etat et de M. Pierre-Andr\u00e9 CHIAPPORI, Conseiller de Gouvernement Ministre pour les Finances et l\u2019\u00c9conomie, la Direction du Tourisme et des Congr\u00e8s (DTC) a r\u00e9cemment rassembl\u00e9 au Grimaldi Forum, les repr\u00e9sentants du secteur touristique de Monaco. [&hellip;]<\/p>\n","protected":false},"author":1,"featured_media":9290,"comment_status":"closed","ping_status":"closed","sticky":false,"template":"","format":"standard","meta":{"footnotes":""},"categories":[827,875,867,829],"tags":[],"class_list":["post-9287","post","type-post","status-publish","format-standard","has-post-thumbnail","hentry","category-actualite","category-actualite-monaco","category-monaco-fr","category-tourisme"],"yoast_head":"<!-- This site is optimized with the Yoast SEO plugin v27.4 - https:\/\/yoast.com\/product\/yoast-seo-wordpress\/ -->\n<title>La Direction du Tourisme et des Congr\u00e8s pr\u00e9sente le bilan de l\u2019ann\u00e9e 2023 et les orientations strat\u00e9giques 2024<\/title>\n<meta name=\"description\" content=\"En pr\u00e9sence de S.E. Monsieur Pierre DARTOUT Ministre d\u2019Etat et de M. Pierre-Andr\u00e9 CHIAPPORI, Conseiller de Gouvernement Ministre pour les Finances et\" \/>\n<meta name=\"robots\" content=\"index, follow, max-snippet:-1, max-image-preview:large, max-video-preview:-1\" \/>\n<link rel=\"canonical\" href=\"https:\/\/montecarloliving.com\/fr\/actualite\/direction-du-tourisme-et-des-congres-presente-bilan-de-lannee-2023-et-les-orientations-strategiques-2024-9287\/\" \/>\n<meta property=\"og:locale\" content=\"fr_FR\" \/>\n<meta property=\"og:title\" content=\"La Direction du Tourisme et des Congr\u00e8s pr\u00e9sente le bilan de l\u2019ann\u00e9e 2023 et les orientations strat\u00e9giques 2024\" \/>\n<meta property=\"og:description\" content=\"En pr\u00e9sence de S.E. Monsieur Pierre DARTOUT Ministre d\u2019Etat et de M. Pierre-Andr\u00e9 CHIAPPORI, Conseiller de Gouvernement Ministre pour les Finances et\" \/>\n<meta property=\"og:url\" content=\"https:\/\/montecarloliving.com\/fr\/actualite\/direction-du-tourisme-et-des-congres-presente-bilan-de-lannee-2023-et-les-orientations-strategiques-2024-9287\/\" \/>\n<meta property=\"og:site_name\" content=\"Montecarlo Living\" \/>\n<meta property=\"article:publisher\" content=\"https:\/\/www.facebook.com\/montecarlolivingcom\/\" \/>\n<meta property=\"article:published_time\" content=\"2024-03-21T09:25:46+00:00\" \/>\n<meta property=\"og:image\" content=\"https:\/\/montecarloliving.com\/wp-content\/uploads\/2024\/03\/Bilan-DTC-24-\u00a9-Stephane-Danna-Direction-de-la-Communication-650x400.jpg\" \/>\n\t<meta property=\"og:image:width\" content=\"650\" \/>\n\t<meta property=\"og:image:height\" content=\"400\" \/>\n\t<meta property=\"og:image:type\" content=\"image\/jpeg\" \/>\n<meta name=\"author\" content=\"Redazione\" \/>\n<meta name=\"twitter:card\" content=\"summary_large_image\" \/>\n<meta name=\"twitter:creator\" content=\"@MonteCarloLivi\" \/>\n<meta name=\"twitter:site\" content=\"@MonteCarloLivi\" \/>\n<meta name=\"twitter:label1\" content=\"\u00c9crit par\" \/>\n\t<meta name=\"twitter:data1\" content=\"Redazione\" \/>\n\t<meta name=\"twitter:label2\" content=\"Dur\u00e9e de lecture estim\u00e9e\" \/>\n\t<meta name=\"twitter:data2\" content=\"2 minutes\" \/>\n<script type=\"application\/ld+json\" class=\"yoast-schema-graph\">{\"@context\":\"https:\\\/\\\/schema.org\",\"@graph\":[{\"@type\":\"Article\",\"@id\":\"https:\\\/\\\/montecarloliving.com\\\/fr\\\/actualite\\\/direction-du-tourisme-et-des-congres-presente-bilan-de-lannee-2023-et-les-orientations-strategiques-2024-9287\\\/#article\",\"isPartOf\":{\"@id\":\"https:\\\/\\\/montecarloliving.com\\\/fr\\\/actualite\\\/direction-du-tourisme-et-des-congres-presente-bilan-de-lannee-2023-et-les-orientations-strategiques-2024-9287\\\/\"},\"author\":{\"name\":\"Redazione\",\"@id\":\"https:\\\/\\\/montecarloliving.com\\\/fr\\\/#\\\/schema\\\/person\\\/7e5945d4560862b7f2d2c6831bda2819\"},\"headline\":\"La Direction du Tourisme et des Congr\u00e8s pr\u00e9sente le bilan de l\u2019ann\u00e9e 2023 et les orientations strat\u00e9giques 2024\",\"datePublished\":\"2024-03-21T09:25:46+00:00\",\"mainEntityOfPage\":{\"@id\":\"https:\\\/\\\/montecarloliving.com\\\/fr\\\/actualite\\\/direction-du-tourisme-et-des-congres-presente-bilan-de-lannee-2023-et-les-orientations-strategiques-2024-9287\\\/\"},\"wordCount\":265,\"image\":{\"@id\":\"https:\\\/\\\/montecarloliving.com\\\/fr\\\/actualite\\\/direction-du-tourisme-et-des-congres-presente-bilan-de-lannee-2023-et-les-orientations-strategiques-2024-9287\\\/#primaryimage\"},\"thumbnailUrl\":\"https:\\\/\\\/montecarloliving.com\\\/wp-content\\\/uploads\\\/2024\\\/03\\\/Bilan-DTC-24-\u00a9-Stephane-Danna-Direction-de-la-Communication-scaled.jpg\",\"articleSection\":[\"Actualit\u00e9\",\"Actualit\u00e9 \u00e0 Monaco\",\"Monaco\",\"Tourisme \u00e0 Monaco\"],\"inLanguage\":\"fr-FR\"},{\"@type\":\"WebPage\",\"@id\":\"https:\\\/\\\/montecarloliving.com\\\/fr\\\/actualite\\\/direction-du-tourisme-et-des-congres-presente-bilan-de-lannee-2023-et-les-orientations-strategiques-2024-9287\\\/\",\"url\":\"https:\\\/\\\/montecarloliving.com\\\/fr\\\/actualite\\\/direction-du-tourisme-et-des-congres-presente-bilan-de-lannee-2023-et-les-orientations-strategiques-2024-9287\\\/\",\"name\":\"La Direction du Tourisme et des Congr\u00e8s pr\u00e9sente le bilan de l\u2019ann\u00e9e 2023 et les orientations strat\u00e9giques 2024\",\"isPartOf\":{\"@id\":\"https:\\\/\\\/montecarloliving.com\\\/fr\\\/#website\"},\"primaryImageOfPage\":{\"@id\":\"https:\\\/\\\/montecarloliving.com\\\/fr\\\/actualite\\\/direction-du-tourisme-et-des-congres-presente-bilan-de-lannee-2023-et-les-orientations-strategiques-2024-9287\\\/#primaryimage\"},\"image\":{\"@id\":\"https:\\\/\\\/montecarloliving.com\\\/fr\\\/actualite\\\/direction-du-tourisme-et-des-congres-presente-bilan-de-lannee-2023-et-les-orientations-strategiques-2024-9287\\\/#primaryimage\"},\"thumbnailUrl\":\"https:\\\/\\\/montecarloliving.com\\\/wp-content\\\/uploads\\\/2024\\\/03\\\/Bilan-DTC-24-\u00a9-Stephane-Danna-Direction-de-la-Communication-scaled.jpg\",\"datePublished\":\"2024-03-21T09:25:46+00:00\",\"author\":{\"@id\":\"https:\\\/\\\/montecarloliving.com\\\/fr\\\/#\\\/schema\\\/person\\\/7e5945d4560862b7f2d2c6831bda2819\"},\"description\":\"En pr\u00e9sence de S.E. Monsieur Pierre DARTOUT Ministre d\u2019Etat et de M. Pierre-Andr\u00e9 CHIAPPORI, Conseiller de Gouvernement Ministre pour les Finances et\",\"breadcrumb\":{\"@id\":\"https:\\\/\\\/montecarloliving.com\\\/fr\\\/actualite\\\/direction-du-tourisme-et-des-congres-presente-bilan-de-lannee-2023-et-les-orientations-strategiques-2024-9287\\\/#breadcrumb\"},\"inLanguage\":\"fr-FR\",\"potentialAction\":[{\"@type\":\"ReadAction\",\"target\":[\"https:\\\/\\\/montecarloliving.com\\\/fr\\\/actualite\\\/direction-du-tourisme-et-des-congres-presente-bilan-de-lannee-2023-et-les-orientations-strategiques-2024-9287\\\/\"]}]},{\"@type\":\"ImageObject\",\"inLanguage\":\"fr-FR\",\"@id\":\"https:\\\/\\\/montecarloliving.com\\\/fr\\\/actualite\\\/direction-du-tourisme-et-des-congres-presente-bilan-de-lannee-2023-et-les-orientations-strategiques-2024-9287\\\/#primaryimage\",\"url\":\"https:\\\/\\\/montecarloliving.com\\\/wp-content\\\/uploads\\\/2024\\\/03\\\/Bilan-DTC-24-\u00a9-Stephane-Danna-Direction-de-la-Communication-scaled.jpg\",\"contentUrl\":\"https:\\\/\\\/montecarloliving.com\\\/wp-content\\\/uploads\\\/2024\\\/03\\\/Bilan-DTC-24-\u00a9-Stephane-Danna-Direction-de-la-Communication-scaled.jpg\",\"width\":2560,\"height\":1708},{\"@type\":\"BreadcrumbList\",\"@id\":\"https:\\\/\\\/montecarloliving.com\\\/fr\\\/actualite\\\/direction-du-tourisme-et-des-congres-presente-bilan-de-lannee-2023-et-les-orientations-strategiques-2024-9287\\\/#breadcrumb\",\"itemListElement\":[{\"@type\":\"ListItem\",\"position\":1,\"name\":\"Home\",\"item\":\"https:\\\/\\\/montecarloliving.com\\\/fr\\\/\"},{\"@type\":\"ListItem\",\"position\":2,\"name\":\"La Direction du Tourisme et des Congr\u00e8s pr\u00e9sente le bilan de l\u2019ann\u00e9e 2023 et les orientations strat\u00e9giques 2024\"}]},{\"@type\":\"WebSite\",\"@id\":\"https:\\\/\\\/montecarloliving.com\\\/fr\\\/#website\",\"url\":\"https:\\\/\\\/montecarloliving.com\\\/fr\\\/\",\"name\":\"Montecarlo Living\",\"description\":\"News da Montecarlo - Principato di Monaco e Costa Azzurra\",\"potentialAction\":[{\"@type\":\"SearchAction\",\"target\":{\"@type\":\"EntryPoint\",\"urlTemplate\":\"https:\\\/\\\/montecarloliving.com\\\/fr\\\/?s={search_term_string}\"},\"query-input\":{\"@type\":\"PropertyValueSpecification\",\"valueRequired\":true,\"valueName\":\"search_term_string\"}}],\"inLanguage\":\"fr-FR\"},{\"@type\":\"Person\",\"@id\":\"https:\\\/\\\/montecarloliving.com\\\/fr\\\/#\\\/schema\\\/person\\\/7e5945d4560862b7f2d2c6831bda2819\",\"name\":\"Redazione\",\"image\":{\"@type\":\"ImageObject\",\"inLanguage\":\"fr-FR\",\"@id\":\"https:\\\/\\\/secure.gravatar.com\\\/avatar\\\/8b5f26557e18fe74ad8e8a57ebb2925d88af8a90cee489ff2beefb391bc9b9c7?s=96&d=mm&r=g\",\"url\":\"https:\\\/\\\/secure.gravatar.com\\\/avatar\\\/8b5f26557e18fe74ad8e8a57ebb2925d88af8a90cee489ff2beefb391bc9b9c7?s=96&d=mm&r=g\",\"contentUrl\":\"https:\\\/\\\/secure.gravatar.com\\\/avatar\\\/8b5f26557e18fe74ad8e8a57ebb2925d88af8a90cee489ff2beefb391bc9b9c7?s=96&d=mm&r=g\",\"caption\":\"Redazione\"}}]}<\/script>\n<!-- \/ Yoast SEO plugin. -->","yoast_head_json":{"title":"La Direction du Tourisme et des Congr\u00e8s pr\u00e9sente le bilan de l\u2019ann\u00e9e 2023 et les orientations strat\u00e9giques 2024","description":"En pr\u00e9sence de S.E. Monsieur Pierre DARTOUT Ministre d\u2019Etat et de M. Pierre-Andr\u00e9 CHIAPPORI, Conseiller de Gouvernement Ministre pour les Finances et","robots":{"index":"index","follow":"follow","max-snippet":"max-snippet:-1","max-image-preview":"max-image-preview:large","max-video-preview":"max-video-preview:-1"},"canonical":"https:\/\/montecarloliving.com\/fr\/actualite\/direction-du-tourisme-et-des-congres-presente-bilan-de-lannee-2023-et-les-orientations-strategiques-2024-9287\/","og_locale":"fr_FR","og_title":"La Direction du Tourisme et des Congr\u00e8s pr\u00e9sente le bilan de l\u2019ann\u00e9e 2023 et les orientations strat\u00e9giques 2024","og_description":"En pr\u00e9sence de S.E. Monsieur Pierre DARTOUT Ministre d\u2019Etat et de M. Pierre-Andr\u00e9 CHIAPPORI, Conseiller de Gouvernement Ministre pour les Finances et","og_url":"https:\/\/montecarloliving.com\/fr\/actualite\/direction-du-tourisme-et-des-congres-presente-bilan-de-lannee-2023-et-les-orientations-strategiques-2024-9287\/","og_site_name":"Montecarlo Living","article_publisher":"https:\/\/www.facebook.com\/montecarlolivingcom\/","article_published_time":"2024-03-21T09:25:46+00:00","og_image":[{"width":650,"height":400,"url":"https:\/\/montecarloliving.com\/wp-content\/uploads\/2024\/03\/Bilan-DTC-24-\u00a9-Stephane-Danna-Direction-de-la-Communication-650x400.jpg","type":"image\/jpeg"}],"author":"Redazione","twitter_card":"summary_large_image","twitter_creator":"@MonteCarloLivi","twitter_site":"@MonteCarloLivi","twitter_misc":{"\u00c9crit par":"Redazione","Dur\u00e9e de lecture estim\u00e9e":"2 minutes"},"schema":{"@context":"https:\/\/schema.org","@graph":[{"@type":"Article","@id":"https:\/\/montecarloliving.com\/fr\/actualite\/direction-du-tourisme-et-des-congres-presente-bilan-de-lannee-2023-et-les-orientations-strategiques-2024-9287\/#article","isPartOf":{"@id":"https:\/\/montecarloliving.com\/fr\/actualite\/direction-du-tourisme-et-des-congres-presente-bilan-de-lannee-2023-et-les-orientations-strategiques-2024-9287\/"},"author":{"name":"Redazione","@id":"https:\/\/montecarloliving.com\/fr\/#\/schema\/person\/7e5945d4560862b7f2d2c6831bda2819"},"headline":"La Direction du Tourisme et des Congr\u00e8s pr\u00e9sente le bilan de l\u2019ann\u00e9e 2023 et les orientations strat\u00e9giques 2024","datePublished":"2024-03-21T09:25:46+00:00","mainEntityOfPage":{"@id":"https:\/\/montecarloliving.com\/fr\/actualite\/direction-du-tourisme-et-des-congres-presente-bilan-de-lannee-2023-et-les-orientations-strategiques-2024-9287\/"},"wordCount":265,"image":{"@id":"https:\/\/montecarloliving.com\/fr\/actualite\/direction-du-tourisme-et-des-congres-presente-bilan-de-lannee-2023-et-les-orientations-strategiques-2024-9287\/#primaryimage"},"thumbnailUrl":"https:\/\/montecarloliving.com\/wp-content\/uploads\/2024\/03\/Bilan-DTC-24-\u00a9-Stephane-Danna-Direction-de-la-Communication-scaled.jpg","articleSection":["Actualit\u00e9","Actualit\u00e9 \u00e0 Monaco","Monaco","Tourisme \u00e0 Monaco"],"inLanguage":"fr-FR"},{"@type":"WebPage","@id":"https:\/\/montecarloliving.com\/fr\/actualite\/direction-du-tourisme-et-des-congres-presente-bilan-de-lannee-2023-et-les-orientations-strategiques-2024-9287\/","url":"https:\/\/montecarloliving.com\/fr\/actualite\/direction-du-tourisme-et-des-congres-presente-bilan-de-lannee-2023-et-les-orientations-strategiques-2024-9287\/","name":"La Direction du Tourisme et des Congr\u00e8s pr\u00e9sente le bilan de l\u2019ann\u00e9e 2023 et les orientations strat\u00e9giques 2024","isPartOf":{"@id":"https:\/\/montecarloliving.com\/fr\/#website"},"primaryImageOfPage":{"@id":"https:\/\/montecarloliving.com\/fr\/actualite\/direction-du-tourisme-et-des-congres-presente-bilan-de-lannee-2023-et-les-orientations-strategiques-2024-9287\/#primaryimage"},"image":{"@id":"https:\/\/montecarloliving.com\/fr\/actualite\/direction-du-tourisme-et-des-congres-presente-bilan-de-lannee-2023-et-les-orientations-strategiques-2024-9287\/#primaryimage"},"thumbnailUrl":"https:\/\/montecarloliving.com\/wp-content\/uploads\/2024\/03\/Bilan-DTC-24-\u00a9-Stephane-Danna-Direction-de-la-Communication-scaled.jpg","datePublished":"2024-03-21T09:25:46+00:00","author":{"@id":"https:\/\/montecarloliving.com\/fr\/#\/schema\/person\/7e5945d4560862b7f2d2c6831bda2819"},"description":"En pr\u00e9sence de S.E. Monsieur Pierre DARTOUT Ministre d\u2019Etat et de M. Pierre-Andr\u00e9 CHIAPPORI, Conseiller de Gouvernement Ministre pour les Finances et","breadcrumb":{"@id":"https:\/\/montecarloliving.com\/fr\/actualite\/direction-du-tourisme-et-des-congres-presente-bilan-de-lannee-2023-et-les-orientations-strategiques-2024-9287\/#breadcrumb"},"inLanguage":"fr-FR","potentialAction":[{"@type":"ReadAction","target":["https:\/\/montecarloliving.com\/fr\/actualite\/direction-du-tourisme-et-des-congres-presente-bilan-de-lannee-2023-et-les-orientations-strategiques-2024-9287\/"]}]},{"@type":"ImageObject","inLanguage":"fr-FR","@id":"https:\/\/montecarloliving.com\/fr\/actualite\/direction-du-tourisme-et-des-congres-presente-bilan-de-lannee-2023-et-les-orientations-strategiques-2024-9287\/#primaryimage","url":"https:\/\/montecarloliving.com\/wp-content\/uploads\/2024\/03\/Bilan-DTC-24-\u00a9-Stephane-Danna-Direction-de-la-Communication-scaled.jpg","contentUrl":"https:\/\/montecarloliving.com\/wp-content\/uploads\/2024\/03\/Bilan-DTC-24-\u00a9-Stephane-Danna-Direction-de-la-Communication-scaled.jpg","width":2560,"height":1708},{"@type":"BreadcrumbList","@id":"https:\/\/montecarloliving.com\/fr\/actualite\/direction-du-tourisme-et-des-congres-presente-bilan-de-lannee-2023-et-les-orientations-strategiques-2024-9287\/#breadcrumb","itemListElement":[{"@type":"ListItem","position":1,"name":"Home","item":"https:\/\/montecarloliving.com\/fr\/"},{"@type":"ListItem","position":2,"name":"La Direction du Tourisme et des Congr\u00e8s pr\u00e9sente le bilan de l\u2019ann\u00e9e 2023 et les orientations strat\u00e9giques 2024"}]},{"@type":"WebSite","@id":"https:\/\/montecarloliving.com\/fr\/#website","url":"https:\/\/montecarloliving.com\/fr\/","name":"Montecarlo Living","description":"News da Montecarlo - Principato di Monaco e Costa Azzurra","potentialAction":[{"@type":"SearchAction","target":{"@type":"EntryPoint","urlTemplate":"https:\/\/montecarloliving.com\/fr\/?s={search_term_string}"},"query-input":{"@type":"PropertyValueSpecification","valueRequired":true,"valueName":"search_term_string"}}],"inLanguage":"fr-FR"},{"@type":"Person","@id":"https:\/\/montecarloliving.com\/fr\/#\/schema\/person\/7e5945d4560862b7f2d2c6831bda2819","name":"Redazione","image":{"@type":"ImageObject","inLanguage":"fr-FR","@id":"https:\/\/secure.gravatar.com\/avatar\/8b5f26557e18fe74ad8e8a57ebb2925d88af8a90cee489ff2beefb391bc9b9c7?s=96&d=mm&r=g","url":"https:\/\/secure.gravatar.com\/avatar\/8b5f26557e18fe74ad8e8a57ebb2925d88af8a90cee489ff2beefb391bc9b9c7?s=96&d=mm&r=g","contentUrl":"https:\/\/secure.gravatar.com\/avatar\/8b5f26557e18fe74ad8e8a57ebb2925d88af8a90cee489ff2beefb391bc9b9c7?s=96&d=mm&r=g","caption":"Redazione"}}]}},"_links":{"self":[{"href":"https:\/\/montecarloliving.com\/fr\/wp-json\/wp\/v2\/posts\/9287","targetHints":{"allow":["GET"]}}],"collection":[{"href":"https:\/\/montecarloliving.com\/fr\/wp-json\/wp\/v2\/posts"}],"about":[{"href":"https:\/\/montecarloliving.com\/fr\/wp-json\/wp\/v2\/types\/post"}],"author":[{"embeddable":true,"href":"https:\/\/montecarloliving.com\/fr\/wp-json\/wp\/v2\/users\/1"}],"replies":[{"embeddable":true,"href":"https:\/\/montecarloliving.com\/fr\/wp-json\/wp\/v2\/comments?post=9287"}],"version-history":[{"count":1,"href":"https:\/\/montecarloliving.com\/fr\/wp-json\/wp\/v2\/posts\/9287\/revisions"}],"predecessor-version":[{"id":9293,"href":"https:\/\/montecarloliving.com\/fr\/wp-json\/wp\/v2\/posts\/9287\/revisions\/9293"}],"wp:featuredmedia":[{"embeddable":true,"href":"https:\/\/montecarloliving.com\/fr\/wp-json\/wp\/v2\/media\/9290"}],"wp:attachment":[{"href":"https:\/\/montecarloliving.com\/fr\/wp-json\/wp\/v2\/media?parent=9287"}],"wp:term":[{"taxonomy":"category","embeddable":true,"href":"https:\/\/montecarloliving.com\/fr\/wp-json\/wp\/v2\/categories?post=9287"},{"taxonomy":"post_tag","embeddable":true,"href":"https:\/\/montecarloliving.com\/fr\/wp-json\/wp\/v2\/tags?post=9287"}],"curies":[{"name":"wp","href":"https:\/\/api.w.org\/{rel}","templated":true}]}}