{"id":9186,"date":"2024-03-20T10:23:56","date_gmt":"2024-03-20T09:23:56","guid":{"rendered":"https:\/\/montecarloliving.com\/?p=9186"},"modified":"2024-03-20T10:46:30","modified_gmt":"2024-03-20T09:46:30","slug":"programmation-theatre-francis-gag-mars-avril-2024","status":"publish","type":"post","link":"https:\/\/montecarloliving.com\/fr\/evenements\/programmation-theatre-francis-gag-mars-avril-2024-9186\/","title":{"rendered":"Programmation Th\u00e9\u00e2tre Francis-Gag Mars-Avril 2024"},"content":{"rendered":"<p>Programmation Th\u00e9\u00e2tre Francis-Gag Mars-Avril 2024<\/p>\n<h4>ROCK &amp; PO\u00c9SIE ON AIR<\/h4>\n<p><strong>Titre de l&rsquo;\u00e9v\u00e9nement:<\/strong> Baudelaire, Prince des Excentricit\u00e9s<\/p>\n<p><strong>Date et heure:<\/strong> Vendredi 22 mars \u00e0 20h00<\/p>\n<p><strong>Lieu:<\/strong> Th\u00e9\u00e2tre de la Fiction G\u00e9n\u00e9rale (TFG)<\/p>\n<p>Description : Le TFG c\u00e9l\u00e8bre Charles Baudelaire, le ma\u00eetre incontest\u00e9 de la po\u00e9sie fran\u00e7aise, avec un spectacle musical intitul\u00e9 \u00ab\u00a0Baudelaire, Prince des Excentricit\u00e9s\u00a0\u00bb, pr\u00e9sent\u00e9 par la compagnie Start 361\u00b0 et dirig\u00e9 par Ga\u00eble Boghossian. Cette repr\u00e9sentation est une conf\u00e9rence fantasm\u00e9e avec la saveur d&rsquo;un concert rock, explorant l&rsquo;homme impr\u00e9visible qu&rsquo;\u00e9tait Baudelaire, qui a boulevers\u00e9 les g\u00e9n\u00e9rations avec ses inspirations brillantes. Les musiciens et acteurs Cl\u00e9ment Althaus et J\u00e9r\u00e9mie Boumendil incarnent des dandys post-modernes-\u00e9lectro-fascinants, dressant un portrait \u00e9clatant du po\u00e8te maudit, de sa r\u00e9bellion adolescente \u00e0 sa renomm\u00e9e.<\/p>\n<p>Plus d&rsquo;informations:\u00a0<a href=\"https:\/\/theatre-francis-gag.org\/agenda\/baudelaire-prince-des-huees\">https:\/\/theatre-francis-gag.org\/agenda\/baudelaire-prince-des-huees<\/a><\/p>\n<p>R\u00e9servations:\u00a0<a href=\"https:\/\/www.forumsirius.fr\/orion\/nicegag.phtml?seance=238\">https:\/\/www.forumsirius.fr\/orion\/nicegag.phtml?seance=238<\/a><\/p>\n<hr \/>\n<h4>SOUFFLER C&rsquo;EST JOUER<\/h4>\n[Concert de jazz &#8211; Full big band]\n<p>Samedi 23 mars &#8211; 20h00 Dimanche 24 mars &#8211; 15h00<\/p>\n<p>DIZZY Hommage \u00e0 Dizzie Gillespie<\/p>\n<p>Avec le Nice Jazz Orchestra Sous la direction de Pierre Bertrand<\/p>\n<p>Pour cet hommage exceptionnel \u00e0 l&rsquo;une des figures mythiques de la Grande Parade du Jazz \u00e0 Nice, Pierre Bertrand et le NJO ont convoqu\u00e9 des invit\u00e9s prestigieux : Sylvain Gontard (trompette &#8211; France), Ron Di Lauro (trompette &#8211; Canada), Minino Garay (percussions &#8211; Argentine).<\/p>\n<p>Du \u00ab\u00a0tsunami\u00a0\u00bb cr\u00e9\u00e9 par ses tourn\u00e9es en Europe, \u00e0 la direction de l&rsquo;United Nation Orchestra et sa collaboration avec Slide Hampton, jusqu&rsquo;\u00e0 son succ\u00e8s international lorsqu&rsquo;il a engag\u00e9 Quincy Jones comme directeur musical, la carri\u00e8re de Dizzie Gillespie est immense et l&rsquo;hommage qui lui est rendu lors de ces deux dates est essentiel, voire indispensable.<\/p>\n<p>Plus d&rsquo;informations: <a href=\"https:\/\/theatre-francis-gag.org\/agenda\/dizzy-hommage-a-dizzie-gillespie\">https:\/\/theatre-francis-gag.org\/agenda\/dizzy-hommage-a-dizzie-gillespie<\/a><\/p>\n<p>R\u00e9server : Samedi 23 &#8211; 20h00 Dimanche 24 &#8211; 15h00<\/p>\n<hr \/>\n<h4>LIBRE COMME&#8230;<\/h4>\n[Th\u00e9\u00e2tre]\n<p>Mercredi 27 mars &#8211; 20h00<\/p>\n<p>C&rsquo;est bien, tu n&rsquo;es pas perdu<\/p>\n<p>Mise en sc\u00e8ne: Samia Metina Une proposition de l&rsquo;association \u00e9tudiante C\u0153ur en Sc\u00e8ne &#8211; 2e Prix National du concours th\u00e9\u00e2tral du r\u00e9seau des Crous<\/p>\n<p>Partant de lignes d&rsquo;improvisation, un rendez-vous est fix\u00e9 \u00e0 une galerie de personnages qui se retrouvent dans un lieu. Ils ne savent pas comment ils sont arriv\u00e9s l\u00e0, ce qu&rsquo;ils attendent, et pourquoi ils doivent y rester. \u00c0 travers leurs questions et les relations qu&rsquo;ils d\u00e9veloppent, se dessine une mosa\u00efque sensible de l&rsquo;humanit\u00e9. Un th\u00e9\u00e2tre de l&rsquo;apparition, de l&rsquo;invisible, \u00e0 la fois amusant et incisif, \u00ab\u00a0C&rsquo;est bien, tu n&rsquo;es pas perdu\u00a0\u00bb est un mot qui cherche \u00e0 rassurer dans un environnement toujours en mouvement.<\/p>\n<p><strong>Plus d&rsquo;informations:\u00a0<\/strong><a href=\"https:\/\/theatre-francis-gag.org\/agenda\/its-good-you-are-not-lost\">https:\/\/theatre-francis-gag.org\/agenda\/its-good-you-are-not-lost<\/a><\/p>\n<p><strong>R\u00e9server:<\/strong>\u00a0<a href=\"https:\/\/www.forumsirius.fr\/orion\/nicegag.phtml?seance=241\">https:\/\/www.forumsirius.fr\/orion\/nicegag.phtml?seance=241<\/a><\/p>\n<hr \/>\n<h4>LA FILLE DE L&rsquo;AIR<\/h4>\n[Flamenco &amp; Th\u00e9\u00e2tre]\n<p>Vendredi 29 mars &#8211; 20h00<\/p>\n<p>\u00c0 la recherche du Duende<\/p>\n<p>Tir\u00e9 de \u00ab\u00a0Jeu et th\u00e9orie du Duende\u00a0\u00bb de Federico Garcia Lorca<\/p>\n<p>\u00c0 la recherche du Duende est la rencontre de six artistes : deux danseurs, deux acteurs, un musicien et un chanteur unis pour une exp\u00e9rience unique et un r\u00e9cit, une immersion dans les entrailles du flamenco sur les traces de l&rsquo;\u00e9crivain Federico Garcia Lorca.<\/p>\n<p>C&rsquo;est l&rsquo;histoire d&rsquo;un homme qui cherche une femme qui cherche le Duende. Apr\u00e8s une rupture amoureuse, un homme erre dans les rues de S\u00e9ville \u00e0 la recherche d&rsquo;une femme. Danseuse, elle s&rsquo;est r\u00e9fugi\u00e9e en Andalousie pour trouver le Duende.<\/p>\n<p>Mise en sc\u00e8ne \/ Florent Chauvet &amp; Cl\u00e9ment Vieu Danses \/ Laura Santamaria et Miguel El Rubio Musique \/ David Caro Chant \/ Manuel de Gines<\/p>\n<p>Une co-production Ol\u00e9a Compagnie M\u00e9diterran\u00e9enne et Laura Santamaria Bailandra.<\/p>\n<p>Ce spectacle fait partie du Festival FLAMENCO AZUL (R\u00e9gion Paca).<\/p>\n<p>Plus d&rsquo;informations:\u00a0<a href=\"https:\/\/theatre-francis-gag.org\/agenda\/looking-for-duende\">https:\/\/theatre-francis-gag.org\/agenda\/looking-for-duende<\/a><\/p>\n<p>R\u00e9server:\u00a0<a href=\"https:\/\/www.helloasso.com\/associations\/flamenco-pasion-06\/evenements\/looking-for-duende\">https:\/\/www.helloasso.com\/associations\/flamenco-pasion-06\/evenements\/looking-for-duende<\/a><\/p>\n<hr \/>\n<h4>AU MOIS D&rsquo;AVRIL, VOUS D\u00c9COUVRIREZ UNE PERLE<\/h4>\n<h4>BLACK BOY<\/h4>\n<p>Samedi 13 avril &#8211; 20h00<\/p>\n<p>Spectacle \u00ab\u00a0ovni\u00a0\u00bb avec musique et dessin en direct<\/p>\n<p><strong>R\u00e9server:<\/strong>\u00a0<a href=\"https:\/\/my.weezevent.com\/concert-black-boy?_gl=1*14i87xw*_gcl_au*MzkxODUxMDgwLjE2OTk4ODYwNDY.*_ga*MTA3NzM1OTU4Ni4xNjk5Mzc0NzU1*_ga_39H9VBFX7G*MTcwMjMwNjgxMi41NS4xLjE3MDIzMDg0MTMuNTkuMC4w\">https:\/\/my.weezevent.com\/concert-black-boy?_gl=1*14i87xw*_gcl_au*MzkxODUxMDgwLjE2OTk4ODYwNDY.*_ga*MTA3NzM1OTU4Ni4xNjk5Mzc0NzU1*_ga_39H9VBFX7G*MTcwMjMwNjgxMi41NS4xLjE3MDIzMDg0MTMuNTkuMC4w<\/a><\/p>\n<p>Un moment unique, pr\u00e9cieux et inoubliable. \u00c0 partager en famille.<\/p>\n<p>Apr\u00e8s plus de 250 repr\u00e9sentations, Black Boy fait escale pour la premi\u00e8re fois dans les Alpes Maritimes !<\/p>\n<p>Black Boy est un roman culte, \u00e9crit dans les ann\u00e9es 1940 par Richard Wright, l&rsquo;un des premiers romans \u00e9crits et publi\u00e9s par un auteur noir am\u00e9ricain. Pour (re)d\u00e9couvrir cela, une proposition artistique originale : J\u00e9r\u00f4me Imard insuffle le r\u00e9cit, Jules Stromboni dessine en direct et Olivier Gotti magnifie le tout avec le chant et les riffs d&rsquo;une guitare lap steel.<\/p>\n<p>Une recette (magique) qui a fait le succ\u00e8s public de cette production partout o\u00f9 elle a \u00e9t\u00e9 pr\u00e9sent\u00e9e en France.<\/p>\n<p>Black Boy est une plong\u00e9e dans une \u00e9poque, dans un pays marqu\u00e9 par la s\u00e9gr\u00e9gation raciale. C&rsquo;est un roman d&rsquo;ombres et de lumi\u00e8res, sur l&rsquo;injustice, la combativit\u00e9, l&rsquo;espoir et l&rsquo;amour. Autobiographique, il d\u00e9crit l&rsquo;enfance et l&rsquo;adolescence d&rsquo;un jeune homme dans le sud des \u00c9tats-Unis au d\u00e9but du 20e si\u00e8cle et sa croissance.<\/p>\n<p>Production : Bluebirdbooking Diffusion en co-production : Ville de Nice &amp; Panda Events<\/p>\n<p><a href=\"https:\/\/www.instagram.com\/monte_carlo_living\/\">Visitez Notre Page Instagram<\/a><\/p>\n<p><a href=\"https:\/\/montecarloliving.com\/fr\/\">Lisez D&rsquo;autres Articles<\/a><\/p>\n","protected":false},"excerpt":{"rendered":"<p>Programmation Th\u00e9\u00e2tre Francis-Gag Mars-Avril 2024 ROCK &amp; PO\u00c9SIE ON AIR Titre de l&rsquo;\u00e9v\u00e9nement: Baudelaire, Prince des Excentricit\u00e9s Date et heure: Vendredi 22 mars \u00e0 20h00 Lieu: Th\u00e9\u00e2tre de la Fiction G\u00e9n\u00e9rale (TFG) Description : Le TFG c\u00e9l\u00e8bre Charles Baudelaire, le ma\u00eetre incontest\u00e9 de la [&hellip;]<\/p>\n","protected":false},"author":1,"featured_media":9184,"comment_status":"closed","ping_status":"closed","sticky":false,"template":"","format":"standard","meta":{"footnotes":""},"categories":[828,868],"tags":[],"class_list":["post-9186","post","type-post","status-publish","format-standard","has-post-thumbnail","hentry","category-evenements","category-nice-fr"],"yoast_head":"<!-- This site is optimized with the Yoast SEO plugin v27.5 - https:\/\/yoast.com\/product\/yoast-seo-wordpress\/ -->\n<title>Programmation Th\u00e9\u00e2tre Francis-Gag Mars-Avril 2024<\/title>\n<meta name=\"description\" content=\"Programmation Th\u00e9\u00e2tre Francis-Gag Mars-Avril 2024 ROCK &amp; PO\u00c9SIE ON AIR Titre de l&#039;\u00e9v\u00e9nement: Baudelaire, Prince des Excentricit\u00e9s Date et heure:\" \/>\n<meta name=\"robots\" content=\"index, follow, max-snippet:-1, max-image-preview:large, max-video-preview:-1\" \/>\n<link rel=\"canonical\" href=\"https:\/\/montecarloliving.com\/fr\/evenements\/programmation-theatre-francis-gag-mars-avril-2024-9186\/\" \/>\n<meta property=\"og:locale\" content=\"fr_FR\" \/>\n<meta property=\"og:title\" content=\"Programmation Th\u00e9\u00e2tre Francis-Gag Mars-Avril 2024\" \/>\n<meta property=\"og:description\" content=\"Programmation Th\u00e9\u00e2tre Francis-Gag Mars-Avril 2024 ROCK &amp; PO\u00c9SIE ON AIR Titre de l&#039;\u00e9v\u00e9nement: Baudelaire, Prince des Excentricit\u00e9s Date et heure:\" \/>\n<meta property=\"og:url\" content=\"https:\/\/montecarloliving.com\/fr\/evenements\/programmation-theatre-francis-gag-mars-avril-2024-9186\/\" \/>\n<meta property=\"og:site_name\" content=\"Montecarlo Living\" \/>\n<meta property=\"article:publisher\" content=\"https:\/\/www.facebook.com\/montecarlolivingcom\/\" \/>\n<meta property=\"article:published_time\" content=\"2024-03-20T09:23:56+00:00\" \/>\n<meta property=\"article:modified_time\" content=\"2024-03-20T09:46:30+00:00\" \/>\n<meta property=\"og:image\" content=\"https:\/\/montecarloliving.com\/wp-content\/uploads\/2024\/03\/352364353_660697309435842_3437034989709107261_n-650x400.jpg\" \/>\n\t<meta property=\"og:image:width\" content=\"650\" \/>\n\t<meta property=\"og:image:height\" content=\"400\" \/>\n\t<meta property=\"og:image:type\" content=\"image\/jpeg\" \/>\n<meta name=\"author\" content=\"Redazione\" \/>\n<meta name=\"twitter:card\" content=\"summary_large_image\" \/>\n<meta name=\"twitter:creator\" content=\"@MonteCarloLivi\" \/>\n<meta name=\"twitter:site\" content=\"@MonteCarloLivi\" \/>\n<meta name=\"twitter:label1\" content=\"\u00c9crit par\" \/>\n\t<meta name=\"twitter:data1\" content=\"Redazione\" \/>\n\t<meta name=\"twitter:label2\" content=\"Dur\u00e9e de lecture estim\u00e9e\" \/>\n\t<meta name=\"twitter:data2\" content=\"5 minutes\" \/>\n<script type=\"application\/ld+json\" class=\"yoast-schema-graph\">{\"@context\":\"https:\\\/\\\/schema.org\",\"@graph\":[{\"@type\":\"Article\",\"@id\":\"https:\\\/\\\/montecarloliving.com\\\/fr\\\/evenements\\\/programmation-theatre-francis-gag-mars-avril-2024-9186\\\/#article\",\"isPartOf\":{\"@id\":\"https:\\\/\\\/montecarloliving.com\\\/fr\\\/evenements\\\/programmation-theatre-francis-gag-mars-avril-2024-9186\\\/\"},\"author\":{\"name\":\"Redazione\",\"@id\":\"https:\\\/\\\/montecarloliving.com\\\/fr\\\/#\\\/schema\\\/person\\\/7e5945d4560862b7f2d2c6831bda2819\"},\"headline\":\"Programmation Th\u00e9\u00e2tre Francis-Gag Mars-Avril 2024\",\"datePublished\":\"2024-03-20T09:23:56+00:00\",\"dateModified\":\"2024-03-20T09:46:30+00:00\",\"mainEntityOfPage\":{\"@id\":\"https:\\\/\\\/montecarloliving.com\\\/fr\\\/evenements\\\/programmation-theatre-francis-gag-mars-avril-2024-9186\\\/\"},\"wordCount\":925,\"image\":{\"@id\":\"https:\\\/\\\/montecarloliving.com\\\/fr\\\/evenements\\\/programmation-theatre-francis-gag-mars-avril-2024-9186\\\/#primaryimage\"},\"thumbnailUrl\":\"https:\\\/\\\/montecarloliving.com\\\/wp-content\\\/uploads\\\/2024\\\/03\\\/352364353_660697309435842_3437034989709107261_n.jpg\",\"articleSection\":[\"\u00c9v\u00e9nements\",\"Nice\"],\"inLanguage\":\"fr-FR\"},{\"@type\":\"WebPage\",\"@id\":\"https:\\\/\\\/montecarloliving.com\\\/fr\\\/evenements\\\/programmation-theatre-francis-gag-mars-avril-2024-9186\\\/\",\"url\":\"https:\\\/\\\/montecarloliving.com\\\/fr\\\/evenements\\\/programmation-theatre-francis-gag-mars-avril-2024-9186\\\/\",\"name\":\"Programmation Th\u00e9\u00e2tre Francis-Gag Mars-Avril 2024\",\"isPartOf\":{\"@id\":\"https:\\\/\\\/montecarloliving.com\\\/fr\\\/#website\"},\"primaryImageOfPage\":{\"@id\":\"https:\\\/\\\/montecarloliving.com\\\/fr\\\/evenements\\\/programmation-theatre-francis-gag-mars-avril-2024-9186\\\/#primaryimage\"},\"image\":{\"@id\":\"https:\\\/\\\/montecarloliving.com\\\/fr\\\/evenements\\\/programmation-theatre-francis-gag-mars-avril-2024-9186\\\/#primaryimage\"},\"thumbnailUrl\":\"https:\\\/\\\/montecarloliving.com\\\/wp-content\\\/uploads\\\/2024\\\/03\\\/352364353_660697309435842_3437034989709107261_n.jpg\",\"datePublished\":\"2024-03-20T09:23:56+00:00\",\"dateModified\":\"2024-03-20T09:46:30+00:00\",\"author\":{\"@id\":\"https:\\\/\\\/montecarloliving.com\\\/fr\\\/#\\\/schema\\\/person\\\/7e5945d4560862b7f2d2c6831bda2819\"},\"description\":\"Programmation Th\u00e9\u00e2tre Francis-Gag Mars-Avril 2024 ROCK &amp; PO\u00c9SIE ON AIR Titre de l'\u00e9v\u00e9nement: Baudelaire, Prince des Excentricit\u00e9s Date et heure:\",\"breadcrumb\":{\"@id\":\"https:\\\/\\\/montecarloliving.com\\\/fr\\\/evenements\\\/programmation-theatre-francis-gag-mars-avril-2024-9186\\\/#breadcrumb\"},\"inLanguage\":\"fr-FR\",\"potentialAction\":[{\"@type\":\"ReadAction\",\"target\":[\"https:\\\/\\\/montecarloliving.com\\\/fr\\\/evenements\\\/programmation-theatre-francis-gag-mars-avril-2024-9186\\\/\"]}]},{\"@type\":\"ImageObject\",\"inLanguage\":\"fr-FR\",\"@id\":\"https:\\\/\\\/montecarloliving.com\\\/fr\\\/evenements\\\/programmation-theatre-francis-gag-mars-avril-2024-9186\\\/#primaryimage\",\"url\":\"https:\\\/\\\/montecarloliving.com\\\/wp-content\\\/uploads\\\/2024\\\/03\\\/352364353_660697309435842_3437034989709107261_n.jpg\",\"contentUrl\":\"https:\\\/\\\/montecarloliving.com\\\/wp-content\\\/uploads\\\/2024\\\/03\\\/352364353_660697309435842_3437034989709107261_n.jpg\",\"width\":1600,\"height\":1200},{\"@type\":\"BreadcrumbList\",\"@id\":\"https:\\\/\\\/montecarloliving.com\\\/fr\\\/evenements\\\/programmation-theatre-francis-gag-mars-avril-2024-9186\\\/#breadcrumb\",\"itemListElement\":[{\"@type\":\"ListItem\",\"position\":1,\"name\":\"Home\",\"item\":\"https:\\\/\\\/montecarloliving.com\\\/fr\\\/\"},{\"@type\":\"ListItem\",\"position\":2,\"name\":\"Programmation Th\u00e9\u00e2tre Francis-Gag Mars-Avril 2024\"}]},{\"@type\":\"WebSite\",\"@id\":\"https:\\\/\\\/montecarloliving.com\\\/fr\\\/#website\",\"url\":\"https:\\\/\\\/montecarloliving.com\\\/fr\\\/\",\"name\":\"Montecarlo Living\",\"description\":\"News da Montecarlo - Principato di Monaco e Costa Azzurra\",\"potentialAction\":[{\"@type\":\"SearchAction\",\"target\":{\"@type\":\"EntryPoint\",\"urlTemplate\":\"https:\\\/\\\/montecarloliving.com\\\/fr\\\/?s={search_term_string}\"},\"query-input\":{\"@type\":\"PropertyValueSpecification\",\"valueRequired\":true,\"valueName\":\"search_term_string\"}}],\"inLanguage\":\"fr-FR\"},{\"@type\":\"Person\",\"@id\":\"https:\\\/\\\/montecarloliving.com\\\/fr\\\/#\\\/schema\\\/person\\\/7e5945d4560862b7f2d2c6831bda2819\",\"name\":\"Redazione\",\"image\":{\"@type\":\"ImageObject\",\"inLanguage\":\"fr-FR\",\"@id\":\"https:\\\/\\\/secure.gravatar.com\\\/avatar\\\/8b5f26557e18fe74ad8e8a57ebb2925d88af8a90cee489ff2beefb391bc9b9c7?s=96&d=mm&r=g\",\"url\":\"https:\\\/\\\/secure.gravatar.com\\\/avatar\\\/8b5f26557e18fe74ad8e8a57ebb2925d88af8a90cee489ff2beefb391bc9b9c7?s=96&d=mm&r=g\",\"contentUrl\":\"https:\\\/\\\/secure.gravatar.com\\\/avatar\\\/8b5f26557e18fe74ad8e8a57ebb2925d88af8a90cee489ff2beefb391bc9b9c7?s=96&d=mm&r=g\",\"caption\":\"Redazione\"}}]}<\/script>\n<!-- \/ Yoast SEO plugin. -->","yoast_head_json":{"title":"Programmation Th\u00e9\u00e2tre Francis-Gag Mars-Avril 2024","description":"Programmation Th\u00e9\u00e2tre Francis-Gag Mars-Avril 2024 ROCK &amp; PO\u00c9SIE ON AIR Titre de l'\u00e9v\u00e9nement: Baudelaire, Prince des Excentricit\u00e9s Date et heure:","robots":{"index":"index","follow":"follow","max-snippet":"max-snippet:-1","max-image-preview":"max-image-preview:large","max-video-preview":"max-video-preview:-1"},"canonical":"https:\/\/montecarloliving.com\/fr\/evenements\/programmation-theatre-francis-gag-mars-avril-2024-9186\/","og_locale":"fr_FR","og_title":"Programmation Th\u00e9\u00e2tre Francis-Gag Mars-Avril 2024","og_description":"Programmation Th\u00e9\u00e2tre Francis-Gag Mars-Avril 2024 ROCK &amp; PO\u00c9SIE ON AIR Titre de l'\u00e9v\u00e9nement: Baudelaire, Prince des Excentricit\u00e9s Date et heure:","og_url":"https:\/\/montecarloliving.com\/fr\/evenements\/programmation-theatre-francis-gag-mars-avril-2024-9186\/","og_site_name":"Montecarlo Living","article_publisher":"https:\/\/www.facebook.com\/montecarlolivingcom\/","article_published_time":"2024-03-20T09:23:56+00:00","article_modified_time":"2024-03-20T09:46:30+00:00","og_image":[{"width":650,"height":400,"url":"https:\/\/montecarloliving.com\/wp-content\/uploads\/2024\/03\/352364353_660697309435842_3437034989709107261_n-650x400.jpg","type":"image\/jpeg"}],"author":"Redazione","twitter_card":"summary_large_image","twitter_creator":"@MonteCarloLivi","twitter_site":"@MonteCarloLivi","twitter_misc":{"\u00c9crit par":"Redazione","Dur\u00e9e de lecture estim\u00e9e":"5 minutes"},"schema":{"@context":"https:\/\/schema.org","@graph":[{"@type":"Article","@id":"https:\/\/montecarloliving.com\/fr\/evenements\/programmation-theatre-francis-gag-mars-avril-2024-9186\/#article","isPartOf":{"@id":"https:\/\/montecarloliving.com\/fr\/evenements\/programmation-theatre-francis-gag-mars-avril-2024-9186\/"},"author":{"name":"Redazione","@id":"https:\/\/montecarloliving.com\/fr\/#\/schema\/person\/7e5945d4560862b7f2d2c6831bda2819"},"headline":"Programmation Th\u00e9\u00e2tre Francis-Gag Mars-Avril 2024","datePublished":"2024-03-20T09:23:56+00:00","dateModified":"2024-03-20T09:46:30+00:00","mainEntityOfPage":{"@id":"https:\/\/montecarloliving.com\/fr\/evenements\/programmation-theatre-francis-gag-mars-avril-2024-9186\/"},"wordCount":925,"image":{"@id":"https:\/\/montecarloliving.com\/fr\/evenements\/programmation-theatre-francis-gag-mars-avril-2024-9186\/#primaryimage"},"thumbnailUrl":"https:\/\/montecarloliving.com\/wp-content\/uploads\/2024\/03\/352364353_660697309435842_3437034989709107261_n.jpg","articleSection":["\u00c9v\u00e9nements","Nice"],"inLanguage":"fr-FR"},{"@type":"WebPage","@id":"https:\/\/montecarloliving.com\/fr\/evenements\/programmation-theatre-francis-gag-mars-avril-2024-9186\/","url":"https:\/\/montecarloliving.com\/fr\/evenements\/programmation-theatre-francis-gag-mars-avril-2024-9186\/","name":"Programmation Th\u00e9\u00e2tre Francis-Gag Mars-Avril 2024","isPartOf":{"@id":"https:\/\/montecarloliving.com\/fr\/#website"},"primaryImageOfPage":{"@id":"https:\/\/montecarloliving.com\/fr\/evenements\/programmation-theatre-francis-gag-mars-avril-2024-9186\/#primaryimage"},"image":{"@id":"https:\/\/montecarloliving.com\/fr\/evenements\/programmation-theatre-francis-gag-mars-avril-2024-9186\/#primaryimage"},"thumbnailUrl":"https:\/\/montecarloliving.com\/wp-content\/uploads\/2024\/03\/352364353_660697309435842_3437034989709107261_n.jpg","datePublished":"2024-03-20T09:23:56+00:00","dateModified":"2024-03-20T09:46:30+00:00","author":{"@id":"https:\/\/montecarloliving.com\/fr\/#\/schema\/person\/7e5945d4560862b7f2d2c6831bda2819"},"description":"Programmation Th\u00e9\u00e2tre Francis-Gag Mars-Avril 2024 ROCK &amp; PO\u00c9SIE ON AIR Titre de l'\u00e9v\u00e9nement: Baudelaire, Prince des Excentricit\u00e9s Date et heure:","breadcrumb":{"@id":"https:\/\/montecarloliving.com\/fr\/evenements\/programmation-theatre-francis-gag-mars-avril-2024-9186\/#breadcrumb"},"inLanguage":"fr-FR","potentialAction":[{"@type":"ReadAction","target":["https:\/\/montecarloliving.com\/fr\/evenements\/programmation-theatre-francis-gag-mars-avril-2024-9186\/"]}]},{"@type":"ImageObject","inLanguage":"fr-FR","@id":"https:\/\/montecarloliving.com\/fr\/evenements\/programmation-theatre-francis-gag-mars-avril-2024-9186\/#primaryimage","url":"https:\/\/montecarloliving.com\/wp-content\/uploads\/2024\/03\/352364353_660697309435842_3437034989709107261_n.jpg","contentUrl":"https:\/\/montecarloliving.com\/wp-content\/uploads\/2024\/03\/352364353_660697309435842_3437034989709107261_n.jpg","width":1600,"height":1200},{"@type":"BreadcrumbList","@id":"https:\/\/montecarloliving.com\/fr\/evenements\/programmation-theatre-francis-gag-mars-avril-2024-9186\/#breadcrumb","itemListElement":[{"@type":"ListItem","position":1,"name":"Home","item":"https:\/\/montecarloliving.com\/fr\/"},{"@type":"ListItem","position":2,"name":"Programmation Th\u00e9\u00e2tre Francis-Gag Mars-Avril 2024"}]},{"@type":"WebSite","@id":"https:\/\/montecarloliving.com\/fr\/#website","url":"https:\/\/montecarloliving.com\/fr\/","name":"Montecarlo Living","description":"News da Montecarlo - Principato di Monaco e Costa Azzurra","potentialAction":[{"@type":"SearchAction","target":{"@type":"EntryPoint","urlTemplate":"https:\/\/montecarloliving.com\/fr\/?s={search_term_string}"},"query-input":{"@type":"PropertyValueSpecification","valueRequired":true,"valueName":"search_term_string"}}],"inLanguage":"fr-FR"},{"@type":"Person","@id":"https:\/\/montecarloliving.com\/fr\/#\/schema\/person\/7e5945d4560862b7f2d2c6831bda2819","name":"Redazione","image":{"@type":"ImageObject","inLanguage":"fr-FR","@id":"https:\/\/secure.gravatar.com\/avatar\/8b5f26557e18fe74ad8e8a57ebb2925d88af8a90cee489ff2beefb391bc9b9c7?s=96&d=mm&r=g","url":"https:\/\/secure.gravatar.com\/avatar\/8b5f26557e18fe74ad8e8a57ebb2925d88af8a90cee489ff2beefb391bc9b9c7?s=96&d=mm&r=g","contentUrl":"https:\/\/secure.gravatar.com\/avatar\/8b5f26557e18fe74ad8e8a57ebb2925d88af8a90cee489ff2beefb391bc9b9c7?s=96&d=mm&r=g","caption":"Redazione"}}]}},"_links":{"self":[{"href":"https:\/\/montecarloliving.com\/fr\/wp-json\/wp\/v2\/posts\/9186","targetHints":{"allow":["GET"]}}],"collection":[{"href":"https:\/\/montecarloliving.com\/fr\/wp-json\/wp\/v2\/posts"}],"about":[{"href":"https:\/\/montecarloliving.com\/fr\/wp-json\/wp\/v2\/types\/post"}],"author":[{"embeddable":true,"href":"https:\/\/montecarloliving.com\/fr\/wp-json\/wp\/v2\/users\/1"}],"replies":[{"embeddable":true,"href":"https:\/\/montecarloliving.com\/fr\/wp-json\/wp\/v2\/comments?post=9186"}],"version-history":[{"count":1,"href":"https:\/\/montecarloliving.com\/fr\/wp-json\/wp\/v2\/posts\/9186\/revisions"}],"predecessor-version":[{"id":9187,"href":"https:\/\/montecarloliving.com\/fr\/wp-json\/wp\/v2\/posts\/9186\/revisions\/9187"}],"wp:featuredmedia":[{"embeddable":true,"href":"https:\/\/montecarloliving.com\/fr\/wp-json\/wp\/v2\/media\/9184"}],"wp:attachment":[{"href":"https:\/\/montecarloliving.com\/fr\/wp-json\/wp\/v2\/media?parent=9186"}],"wp:term":[{"taxonomy":"category","embeddable":true,"href":"https:\/\/montecarloliving.com\/fr\/wp-json\/wp\/v2\/categories?post=9186"},{"taxonomy":"post_tag","embeddable":true,"href":"https:\/\/montecarloliving.com\/fr\/wp-json\/wp\/v2\/tags?post=9186"}],"curies":[{"name":"wp","href":"https:\/\/api.w.org\/{rel}","templated":true}]}}