{"id":9146,"date":"2024-03-22T09:30:31","date_gmt":"2024-03-22T08:30:31","guid":{"rendered":"https:\/\/montecarloliving.com\/?p=9146"},"modified":"2024-03-19T11:31:34","modified_gmt":"2024-03-19T10:31:34","slug":"evenements-du-week-end-du-23-et-24-mars-2024-nice","status":"publish","type":"post","link":"https:\/\/montecarloliving.com\/fr\/evenements\/evenements-du-week-end-du-23-et-24-mars-2024-nice-9146\/","title":{"rendered":"\u00c9v\u00e9nements du week-end du 23 et 24 mars 2024 \u00e0 Nice."},"content":{"rendered":"<div class=\"flex-shrink-0 flex flex-col relative items-end\">\n<div>\n<div class=\"pt-0.5\">\n<div class=\"gizmo-shadow-stroke flex h-6 w-6 items-center justify-center overflow-hidden rounded-full\"><\/div>\n<\/div>\n<\/div>\n<\/div>\n<div class=\"relative flex w-full flex-col agent-turn\">\n<div class=\"font-semibold select-none\">\u00c9v\u00e9nements du week-end \u00e0 Nice, d\u00e9couvrez-les tous !!<\/div>\n<div class=\"flex-col gap-1 md:gap-3\">\n<div class=\"flex flex-grow flex-col max-w-full\">\n<div class=\"text-message flex flex-col items-start gap-3 whitespace-pre-wrap break-words [.text-message+&amp;]:mt-5 overflow-x-auto\" data-message-author-role=\"assistant\" data-message-id=\"8e601ceb-eb0e-428e-bcae-bce9b3c21ac2\">\n<div class=\"markdown prose w-full break-words dark:prose-invert light\">\n<h4>EXPO MARCH\u00c9 VINTAGE &amp; LUXE<\/h4>\n<p>Dimanche 24 mars 2024 de 8h \u00e0 18h \u00e0 la Place du Palais de Justice.<\/p>\n<p>Plus de 100 exposants (mode, joaillerie et maroquinerie de luxe)<\/p>\n<h4>\u00c9V\u00c9NEMENT : FESTIN DES COUGOURDONS<\/h4>\n<p>Dimanche 24 mars 2024 de 11h30 \u00e0 18h au Jardin des Ar\u00e8nes de Cimiez<\/p>\n<p>Cette f\u00eate est caract\u00e9ris\u00e9e par les cougourdons, des l\u00e9gumes de la famille des cucurbitac\u00e9es de diff\u00e9rentes formes et tailles.<\/p>\n<p>Ces l\u00e9gumes sont vid\u00e9s, s\u00e9ch\u00e9s et transform\u00e9s en divers contenants : citrouilles, louches et m\u00eame lampes. Leurs formes originales inspirent les artisans. Souvent peints, ils sont \u00e9galement grav\u00e9s de motifs g\u00e9om\u00e9triques ou entrelac\u00e9s, leur conf\u00e9rant une dimension esth\u00e9tique et d\u00e9corative.<\/p>\n<p>Au programme : animations pour petits et grands, danses et musiques populaires, bal\u00e8ti, championnat mondial de petadou, sp\u00e9cialit\u00e9s ni\u00e7oises&#8230;<\/p>\n<h4>CONCERT : ORGUES ET 2 TROMPETTES<\/h4>\n<p>Dimanche 24 mars 2024 \u00e0 15h30.<\/p>\n<p>Bach, Telemann, Wagner et Elgar par : Hans-Andr\u00e9 Stamm : Orgues Martin Schr\u00f6der : Trompette Ralph Schmuck : Trompette<\/p>\n<h4>CONCERT : THE BOOTLEG BEATLES<\/h4>\n<p>Dimanche 24 mars 2024 \u00e0 18h.<\/p>\n<p>Les Bootleg Beatles rendent hommage aux iconiques Fab Four depuis 44 ans.<\/p>\n<p>Apr\u00e8s le succ\u00e8s de leur premi\u00e8re tourn\u00e9e \u00ab\u00a0From Love Me Do to Let It Be\u00a0\u00bb en juin 2023, ils reviennent pour comm\u00e9morer le soixanti\u00e8me anniversaire des albums \u00ab\u00a0Hard Day&rsquo;s Night\u00a0\u00bb et \u00ab\u00a0Beatles For Sale\u00a0\u00bb. Au cours d&rsquo;une soir\u00e9e, le meilleur et le premier tribute band des Beatles, avec l&rsquo;aide de leur ensemble orchestral, vous emm\u00e8nera dans un voyage dans le r\u00e9volutionnaire \u00ab\u00a0Swinging Sixties\u00a0\u00bb.<\/p>\n<p><a href=\"https:\/\/www.nikaia.fr\/\" target=\"_new\" rel=\"noopener\">https:\/\/www.nikaia.fr\/<\/a><\/p>\n<h4>OP\u00c9RA POUR ENFANTS<\/h4>\n<p>Dimanche 24 mars 2024 Horaires d&rsquo;ouverture le dimanche \u00e0 10h et \u00e0 11h.<\/p>\n<p>Amenez vos enfants \u00e0 l&rsquo;Op\u00e9ra et initiez-les au monde du spectacle vivant d\u00e8s leur plus jeune \u00e2ge !<\/p>\n<p>Viens avec ton doudou fera d\u00e9couvrir aux enfants les instruments de musique jou\u00e9s par les musiciens de l&rsquo;Orchestre Philharmonique de Nice et les invitera \u00e0 interagir avec les danseurs du Ballet Nice M\u00e9diterran\u00e9e.<\/p>\n<p><a href=\"https:\/\/opera-nice.notre-billetterie.org\/formulaire?dial=sommaire\" target=\"_new\" rel=\"noopener\">https:\/\/opera-nice.notre-billetterie.org\/formulaire?dial=sommaire<\/a><\/p>\n<h4>MUSIQUE : NOSTALGIE ANN\u00c9ES 80<\/h4>\n<p>Samedi 23 mars 2024 \u00e0 19h.<\/p>\n<p>Une grande soir\u00e9e orchestr\u00e9e par Nostalgie, pour les passionn\u00e9s des hits des ann\u00e9es 80 !<\/p>\n<p><a href=\"https:\/\/etudiants.nice.fr\/stockfish\/\" target=\"_new\" rel=\"noopener\">https:\/\/etudiants.nice.fr\/stockfish\/<\/a><\/p>\n<h4>CONF\u00c9RENCE &#8211; ASSOCIATION L&rsquo;ARON<\/h4>\n<p>Samedi 23 mars 2024 \u00e0 15h.<\/p>\n<p>Les conf\u00e9rences ARON se d\u00e9roulent dans le foyer Caball\u00e9 de l&rsquo;Op\u00e9ra.<\/p>\n<p>L&rsquo;ARON (Association pour le Rayonnement de l&rsquo;Op\u00e9ra de Nice) est le bras culturel de la Ville de Nice, travaillant \u00e0 promouvoir la programmation de l&rsquo;Op\u00e9ra aupr\u00e8s de ses membres.<\/p>\n<p><a href=\"https:\/\/www.opera-nice.org\/fr\" target=\"_new\" rel=\"noopener\">https:\/\/www.opera-nice.org\/fr<\/a><\/p>\n<h4>CAF\u00c9 JAZZ \u2013 FOYER CABALL\u00c9<\/h4>\n<p>Samedi 23 mars 2024 \u00e0 11h.<\/p>\n<p>Pourquoi ne pas passer un samedi matin \u00e0 l&rsquo;Op\u00e9ra, en d\u00e9gustant du caf\u00e9, des p\u00e2tisseries et du jazz dans le somptueux foyer du Caball\u00e9 ?<\/p>\n<p>En collaboration avec le Conservatoire \u00e0 rayonnement r\u00e9gional de Nice, l&rsquo;Op\u00e9ra de Nice laisse la place \u00e0 de jeunes musiciens professionnels qui vous accompagneront dans un voyage de New York \u00e0 La Nouvelle-Orl\u00e9ans, en passant par Nice !<\/p>\n<p><a href=\"https:\/\/opera-nice.notre-billetterie.org\/formulaire?dial=sommaire\" target=\"_new\" rel=\"noopener\">https:\/\/opera-nice.notre-billetterie.org\/formulaire?dial=sommaire<\/a><\/p>\n<h4>CIN\u00c9MA : LA F\u00caTE DU COURT M\u00c9TRAGE<\/h4>\n<p>Du mercredi 20 au mardi 26 mars 2024.<\/p>\n<p>Faciliter l&rsquo;acc\u00e8s aux \u0153uvres au format court pour d\u00e9couvrir des films et des r\u00e9alisateurs exceptionnels. Tel est l&rsquo;objectif de ce rendez-vous annuel, La F\u00eate du Court M\u00e9trage, qui se d\u00e9roulera cette ann\u00e9e du 20 au 26 mars 2024 dans toute la France !<\/p>\n<h4>CIN\u00c9MA : 38ES JOURN\u00c9ES DU CIN\u00c9MA ITALIEN<\/h4>\n<p>Du 16\/03 au 30\/03\/2024, chaque jour.<\/p>\n<p>Le meilleur du cin\u00e9ma italien d&rsquo;aujourd&rsquo;hui : 15 films en version int\u00e9grale et 8 soir\u00e9es sp\u00e9ciales.<\/p>\n<p><a href=\"https:\/\/www.espacemagnan.com\/cinemaitalien\" target=\"_new\" rel=\"noopener\">https:\/\/www.espacemagnan.com\/cinemaitalien<\/a><\/p>\n<h4>EXPOSITION : DJAMEL TATAH<\/h4>\n<p>Du 16\/03 au 27\/05\/2024 de 10h \u00e0 17h. Ferm\u00e9 le mardi.<\/p>\n<p>De mars \u00e0 mai 2024, le peintre Djamel Tatah (n\u00e9 \u00e0 Saint-Chamond en 1959) proposera une nouvelle visite au Mus\u00e9e Matisse de Nice.<\/p>\n<p>Il a s\u00e9lectionn\u00e9 de mani\u00e8re subjective dans les collections du mus\u00e9e une centaine d&rsquo;\u0153uvres graphiques et sculpturales de Henri Matisse (1869-1954), couvrant toute sa carri\u00e8re, int\u00e9gr\u00e9es \u00e0 des pr\u00eats exceptionnels de l&rsquo;Institut national d&rsquo;histoire de l&rsquo;art (INHA). L&rsquo;exposition alternera avec une trentaine de peintures personnelles, g\u00e9n\u00e9ralement de grande taille, s\u00e9lectionn\u00e9es parmi sa production des vingt derni\u00e8res ann\u00e9es et provenant de collections publiques et priv\u00e9es.<\/p>\n<p><a href=\"https:\/\/www.musee-matisse-nice.org\/\" target=\"_new\" rel=\"noopener\">https:\/\/www.musee-matisse-nice.org\/<\/a><\/p>\n<h4>MARS AUX MUS\u00c9ES<\/h4>\n<p>Du 09\/03 au 23\/03\/2024, chaque jour.<\/p>\n<p>Mars aux Mus\u00e9es est un festival culturel qui c\u00e9l\u00e8bre cette ann\u00e9e son 23e anniversaire.<\/p>\n<p>Organis\u00e9 par l&rsquo;Universit\u00e9 C\u00f4te d&rsquo;Azur et la ville de Nice, le festival se d\u00e9roule dans les diff\u00e9rents mus\u00e9es de la ville, offrant aux r\u00e9sidents et aux \u00e9tudiants de la ville des \u00e9v\u00e9nements et des activit\u00e9s culturelles exceptionnels.<\/p>\n<p><a href=\"https:\/\/marsauxmusees.com\/\" target=\"_new\" rel=\"noopener\">https:\/\/marsauxmusees.com\/<\/a><\/p>\n<h4>ESPOSITION : POP\u2019EXPO, DE L\u2019ATELIER AU D\u00c9FIL\u00c9<\/h4>\n<p>Du 17\/02 au 31\/03\/2024 de 11h \u00e0 18h.<br \/>\nFerm\u00e9 le mardi.<\/p>\n<p>L&rsquo;exposition retrace l&rsquo;histoire du Carnaval, depuis sa cr\u00e9ation en 1873 jusqu&rsquo;\u00e0 nos jours, mettant en lumi\u00e8re les chars et les costumes inspir\u00e9s de la culture pop.<\/p>\n<p>Vous pourrez d\u00e9couvrir des cr\u00e9ations originales avec des personnages de films, de s\u00e9ries t\u00e9l\u00e9vis\u00e9es, de bandes dessin\u00e9es et de jeux vid\u00e9o.<\/p>\n<p>De plus, elle rend hommage aux artisans du Carnaval, v\u00e9ritables cr\u00e9ateurs de l&rsquo;\u00e9v\u00e9nement.<\/p>\n<h4>ESPOSITION : HENRI DAUMAN \u2013 THE MANHATTAN DARKROOM<\/h4>\n<p>Du 17\/02 au 26\/05\/2024 de 10h \u00e0 18h sauf le 1er mai.<br \/>\nFerm\u00e9 le lundi.<\/p>\n<p>Cette r\u00e9trospective du travail in\u00e9dit du photographe fran\u00e7ais Henri Dauman marque la derni\u00e8re collaboration avec le photographe, d\u00e9c\u00e9d\u00e9 le 13 septembre 2023 \u00e0 New York.<\/p>\n<p>Pr\u00e8s de 170 photographies accompagnent le public dans un voyage \u00e0 travers l&rsquo;histoire r\u00e9cente des \u00c9tats-Unis.<\/p>\n<h4>ESPOSITION \u201cOH LES 10 ANS | LES BEAUX JOURS DE LA GALERIE EVA VAUTIER\u201d<\/h4>\n<p>Du 08\/02 au 13\/04\/2024, tous les jours.<\/p>\n<p>\u00c0 l&rsquo;occasion de son dixi\u00e8me anniversaire, la galerie Eva Vautier invite 43 artistes \u00e0 participer \u00e0 une exposition collective r\u00e9trospective sur une d\u00e9cennie d&rsquo;expositions, d&rsquo;\u00e9v\u00e9nements et de projets de la galerie.<\/p>\n<p>Avec Agathe Wiesner, Agn\u00e8s Vitani, Aim\u00e9e Fleury, Alain Biet, Alain Snyers, Alice Guittard, Anna Byskov et bien d&rsquo;autres.<\/p>\n<h4>ESPOSITION : MARTINE DOYTIER, UNE R\u00c9TROSPECTIVE<\/h4>\n<p>Du 03\/02 au 31\/07\/2024.<br \/>\nFerm\u00e9 le lundi et le dimanche.<\/p>\n<p>Cette exposition est la premi\u00e8re r\u00e9trospective consacr\u00e9e \u00e0 Martine Doytier. Elle r\u00e9unit toutes ses \u0153uvres connues \u00e0 ce jour.<\/p>\n<p>Martine Doytier a \u00e9t\u00e9 artiste \u00e0 Nice de 1971 \u00e0 1984. En treize ans, elle a d\u00e9velopp\u00e9 une \u0153uvre captivante.<\/p>\n<p>Son regard aiguis\u00e9 et sa capacit\u00e9 \u00e0 esquisser des personnages et \u00e0 raconter leurs histoires ont produit un corpus d&rsquo;\u0153uvres en constante \u00e9volution et l&rsquo;ont amen\u00e9e \u00e0 entreprendre ce qui serait son dernier travail inachev\u00e9 : \u00ab\u00a0L&rsquo;Autoportrait\u00a0\u00bb, une peinture sur laquelle elle a travaill\u00e9 pendant cinq ans, d\u00e9crivant avec passion son monde quotidien.<\/p>\n<h4>ESPOSITION : TINTIN ET TCHANG<\/h4>\n<p>Du 27\/01 au 30\/06\/2024 de 10h \u00e0 17h sauf le 1er mai.<br \/>\nFerm\u00e9 le mardi.<\/p>\n<p>Le Mus\u00e9e Herg\u00e9 de Louvain-la-Neuve (Belgique) s&rsquo;associe au D\u00e9partement des Alpes-Maritimes pour pr\u00e9senter une double exposition intitul\u00e9e Tintin, Herg\u00e9 et Chang.<\/p>\n<p>L&rsquo;exposition r\u00e9v\u00e8le les multiples facettes du p\u00e8re de Tintin \u00e0 travers une superbe s\u00e9lection de pr\u00e9cieux documents, de dessins originaux et d&rsquo;objets, pr\u00e9sent\u00e9s pour la premi\u00e8re fois sur la C\u00f4te d&rsquo;Azur.<\/p>\n<h4>ESPOSITION \u2013 VIVRE POUR L\u2019ART \u2013 LES COLLECTIONS TRACHEL ET ROTHSCHILD \u00c0 NICE<\/h4>\n<p>Du 24\/11\/2023 au 28\/04\/2024, tous les jours. Le Mus\u00e9e des Beaux-Arts Jules Ch\u00e9ret, le Palais Lascaris, le Mus\u00e9e Mass\u00e9na et la Biblioth\u00e8que de Cessole pr\u00e9sentent l&rsquo;exposition Vivre pour l&rsquo;art.<\/p>\n<p>Les collections Trachel et Rothschild \u00e0 Nice. L&rsquo;exposition met en lumi\u00e8re les \u0153uvres g\u00e9n\u00e9reusement donn\u00e9es \u00e0 la ville de Nice par ces deux grandes familles. Ces dons, effectu\u00e9s entre 1892 et 1912, comprennent plus de mille sept cents \u0153uvres de divers types : objets arch\u00e9ologiques, dessins, aquarelles, peintures, sculptures, estampes, mais aussi mobilier, c\u00e9ramique et textiles. Ils constituent le noyau des collections mus\u00e9ales de Nice.<\/p>\n<h4>LES ELLES DE JEUX<\/h4>\n<p>Du 08\/11\/2023 au 22\/09\/2024, tous les jours.<\/p>\n<p>Le Mus\u00e9e National du Sport pr\u00e9sente Les Elles des Jeux, qui montre les progr\u00e8s spectaculaires r\u00e9alis\u00e9s en plus de 130 ans, depuis la quasi-exclusion des femmes jusqu&rsquo;\u00e0 la lutte pour l&rsquo;\u00e9galit\u00e9.<\/p>\n<p>LE PARCOURS DE L&rsquo;EXPOSITION<\/p>\n<p>Dans une sc\u00e9nographie immersive et interactive, l&rsquo;exposition Les Elles des Jeux retrace plus de 130 ans de notre soci\u00e9t\u00e9 contemporaine \u00e0 travers les histoires de femmes embl\u00e9matiques au destin exemplaire. L&rsquo;exposition est divis\u00e9e en 6 sections, \u00e0 la fois chronologiques et th\u00e9matiques. Avec \u00ab\u00a0Elles ne sont pas les bienvenues\u00a0\u00bb, l&rsquo;exposition commence son voyage dans le temps avec les premiers Jeux Olympiques de l&rsquo;\u00e8re moderne.<\/p>\n<h4>ESPOSITION \u201cON EST TOUS FOUS\u201d DE BEN<\/h4>\n<p>LUNDI, MERCREDI, JEUDI, VENDREDI, SAMEDI, DIMANCHE 10h-12h30 et 13h30-18h. Mus\u00e9e International d&rsquo;Art Na\u00eff Anatole Jakovsky Avenue de Fabron<br \/>\nCh\u00e2teau Sainte-H\u00e9l\u00e8ne<br \/>\n+33 (0)4 93 71 78 33<\/p>\n<p><a href=\"https:\/\/www.nice.fr\/fr\/culture\/musees-et-galeries\/musee-d-art-naif\">https:\/\/www.nice.fr\/fr\/culture\/musees-et-galeries\/musee-d-art-naif<\/a><\/p>\n<p><a href=\"https:\/\/www.instagram.com\/monte_carlo_living\/\">Visitez Notre Page Instagram<\/a><\/p>\n<p><a href=\"https:\/\/montecarloliving.com\/fr\/\">Lisez D&rsquo;autres Articles<\/a><\/p>\n<\/div>\n<\/div>\n<\/div>\n<\/div>\n<\/div>\n","protected":false},"excerpt":{"rendered":"<p>\u00c9v\u00e9nements du week-end \u00e0 Nice, d\u00e9couvrez-les tous !! EXPO MARCH\u00c9 VINTAGE &amp; LUXE Dimanche 24 mars 2024 de 8h \u00e0 18h \u00e0 la Place du Palais de Justice. Plus de 100 exposants (mode, joaillerie et maroquinerie de luxe) \u00c9V\u00c9NEMENT : FESTIN DES COUGOURDONS Dimanche [&hellip;]<\/p>\n","protected":false},"author":1,"featured_media":6501,"comment_status":"closed","ping_status":"closed","sticky":false,"template":"","format":"standard","meta":{"footnotes":""},"categories":[828,868],"tags":[],"class_list":["post-9146","post","type-post","status-publish","format-standard","has-post-thumbnail","hentry","category-evenements","category-nice-fr"],"yoast_head":"<!-- This site is optimized with the Yoast SEO plugin v27.4 - https:\/\/yoast.com\/product\/yoast-seo-wordpress\/ -->\n<title>\u00c9v\u00e9nements du week-end du 23 et 24 mars 2024 \u00e0 Nice.<\/title>\n<meta name=\"description\" content=\"\u00c9v\u00e9nements du week-end \u00e0 Nice, d\u00e9couvrez-les tous !!EXPO MARCH\u00c9 VINTAGE &amp; LUXEDimanche 24 mars 2024 de 8h \u00e0 18h \u00e0 la Place du Palais de...\" \/>\n<meta name=\"robots\" content=\"index, follow, max-snippet:-1, max-image-preview:large, max-video-preview:-1\" \/>\n<link rel=\"canonical\" href=\"https:\/\/montecarloliving.com\/fr\/evenements\/evenements-du-week-end-du-23-et-24-mars-2024-nice-9146\/\" \/>\n<meta property=\"og:locale\" content=\"fr_FR\" \/>\n<meta property=\"og:title\" content=\"\u00c9v\u00e9nements du week-end du 23 et 24 mars 2024 \u00e0 Nice.\" \/>\n<meta property=\"og:description\" content=\"\u00c9v\u00e9nements du week-end \u00e0 Nice, d\u00e9couvrez-les tous !!EXPO MARCH\u00c9 VINTAGE &amp; LUXEDimanche 24 mars 2024 de 8h \u00e0 18h \u00e0 la Place du Palais de...\" \/>\n<meta property=\"og:url\" content=\"https:\/\/montecarloliving.com\/fr\/evenements\/evenements-du-week-end-du-23-et-24-mars-2024-nice-9146\/\" \/>\n<meta property=\"og:site_name\" content=\"Montecarlo Living\" \/>\n<meta property=\"article:publisher\" content=\"https:\/\/www.facebook.com\/montecarlolivingcom\/\" \/>\n<meta property=\"article:published_time\" content=\"2024-03-22T08:30:31+00:00\" \/>\n<meta property=\"og:image\" content=\"https:\/\/montecarloliving.com\/wp-content\/uploads\/2024\/01\/COPERTINA-SITO-MONTECARLO-LIVING-11-650x400.jpg\" \/>\n\t<meta property=\"og:image:width\" content=\"650\" \/>\n\t<meta property=\"og:image:height\" content=\"400\" \/>\n\t<meta property=\"og:image:type\" content=\"image\/jpeg\" \/>\n<meta name=\"author\" content=\"Redazione\" \/>\n<meta name=\"twitter:card\" content=\"summary_large_image\" \/>\n<meta name=\"twitter:creator\" content=\"@MonteCarloLivi\" \/>\n<meta name=\"twitter:site\" content=\"@MonteCarloLivi\" \/>\n<meta name=\"twitter:label1\" content=\"\u00c9crit par\" \/>\n\t<meta name=\"twitter:data1\" content=\"Redazione\" \/>\n\t<meta name=\"twitter:label2\" content=\"Dur\u00e9e de lecture estim\u00e9e\" \/>\n\t<meta name=\"twitter:data2\" content=\"8 minutes\" \/>\n<script type=\"application\/ld+json\" class=\"yoast-schema-graph\">{\"@context\":\"https:\\\/\\\/schema.org\",\"@graph\":[{\"@type\":\"Article\",\"@id\":\"https:\\\/\\\/montecarloliving.com\\\/fr\\\/evenements\\\/evenements-du-week-end-du-23-et-24-mars-2024-nice-9146\\\/#article\",\"isPartOf\":{\"@id\":\"https:\\\/\\\/montecarloliving.com\\\/fr\\\/evenements\\\/evenements-du-week-end-du-23-et-24-mars-2024-nice-9146\\\/\"},\"author\":{\"name\":\"Redazione\",\"@id\":\"https:\\\/\\\/montecarloliving.com\\\/fr\\\/#\\\/schema\\\/person\\\/7e5945d4560862b7f2d2c6831bda2819\"},\"headline\":\"\u00c9v\u00e9nements du week-end du 23 et 24 mars 2024 \u00e0 Nice.\",\"datePublished\":\"2024-03-22T08:30:31+00:00\",\"mainEntityOfPage\":{\"@id\":\"https:\\\/\\\/montecarloliving.com\\\/fr\\\/evenements\\\/evenements-du-week-end-du-23-et-24-mars-2024-nice-9146\\\/\"},\"wordCount\":1519,\"image\":{\"@id\":\"https:\\\/\\\/montecarloliving.com\\\/fr\\\/evenements\\\/evenements-du-week-end-du-23-et-24-mars-2024-nice-9146\\\/#primaryimage\"},\"thumbnailUrl\":\"https:\\\/\\\/montecarloliving.com\\\/wp-content\\\/uploads\\\/2024\\\/01\\\/COPERTINA-SITO-MONTECARLO-LIVING-11.jpg\",\"articleSection\":[\"\u00c9v\u00e9nements\",\"Nice\"],\"inLanguage\":\"fr-FR\"},{\"@type\":\"WebPage\",\"@id\":\"https:\\\/\\\/montecarloliving.com\\\/fr\\\/evenements\\\/evenements-du-week-end-du-23-et-24-mars-2024-nice-9146\\\/\",\"url\":\"https:\\\/\\\/montecarloliving.com\\\/fr\\\/evenements\\\/evenements-du-week-end-du-23-et-24-mars-2024-nice-9146\\\/\",\"name\":\"\u00c9v\u00e9nements du week-end du 23 et 24 mars 2024 \u00e0 Nice.\",\"isPartOf\":{\"@id\":\"https:\\\/\\\/montecarloliving.com\\\/fr\\\/#website\"},\"primaryImageOfPage\":{\"@id\":\"https:\\\/\\\/montecarloliving.com\\\/fr\\\/evenements\\\/evenements-du-week-end-du-23-et-24-mars-2024-nice-9146\\\/#primaryimage\"},\"image\":{\"@id\":\"https:\\\/\\\/montecarloliving.com\\\/fr\\\/evenements\\\/evenements-du-week-end-du-23-et-24-mars-2024-nice-9146\\\/#primaryimage\"},\"thumbnailUrl\":\"https:\\\/\\\/montecarloliving.com\\\/wp-content\\\/uploads\\\/2024\\\/01\\\/COPERTINA-SITO-MONTECARLO-LIVING-11.jpg\",\"datePublished\":\"2024-03-22T08:30:31+00:00\",\"author\":{\"@id\":\"https:\\\/\\\/montecarloliving.com\\\/fr\\\/#\\\/schema\\\/person\\\/7e5945d4560862b7f2d2c6831bda2819\"},\"description\":\"\u00c9v\u00e9nements du week-end \u00e0 Nice, d\u00e9couvrez-les tous !!EXPO MARCH\u00c9 VINTAGE & LUXEDimanche 24 mars 2024 de 8h \u00e0 18h \u00e0 la Place du Palais de...\",\"breadcrumb\":{\"@id\":\"https:\\\/\\\/montecarloliving.com\\\/fr\\\/evenements\\\/evenements-du-week-end-du-23-et-24-mars-2024-nice-9146\\\/#breadcrumb\"},\"inLanguage\":\"fr-FR\",\"potentialAction\":[{\"@type\":\"ReadAction\",\"target\":[\"https:\\\/\\\/montecarloliving.com\\\/fr\\\/evenements\\\/evenements-du-week-end-du-23-et-24-mars-2024-nice-9146\\\/\"]}]},{\"@type\":\"ImageObject\",\"inLanguage\":\"fr-FR\",\"@id\":\"https:\\\/\\\/montecarloliving.com\\\/fr\\\/evenements\\\/evenements-du-week-end-du-23-et-24-mars-2024-nice-9146\\\/#primaryimage\",\"url\":\"https:\\\/\\\/montecarloliving.com\\\/wp-content\\\/uploads\\\/2024\\\/01\\\/COPERTINA-SITO-MONTECARLO-LIVING-11.jpg\",\"contentUrl\":\"https:\\\/\\\/montecarloliving.com\\\/wp-content\\\/uploads\\\/2024\\\/01\\\/COPERTINA-SITO-MONTECARLO-LIVING-11.jpg\",\"width\":2000,\"height\":1200,\"caption\":\"\u00c9v\u00e9nements du Weekend Nice\"},{\"@type\":\"BreadcrumbList\",\"@id\":\"https:\\\/\\\/montecarloliving.com\\\/fr\\\/evenements\\\/evenements-du-week-end-du-23-et-24-mars-2024-nice-9146\\\/#breadcrumb\",\"itemListElement\":[{\"@type\":\"ListItem\",\"position\":1,\"name\":\"Home\",\"item\":\"https:\\\/\\\/montecarloliving.com\\\/fr\\\/\"},{\"@type\":\"ListItem\",\"position\":2,\"name\":\"\u00c9v\u00e9nements du week-end du 23 et 24 mars 2024 \u00e0 Nice.\"}]},{\"@type\":\"WebSite\",\"@id\":\"https:\\\/\\\/montecarloliving.com\\\/fr\\\/#website\",\"url\":\"https:\\\/\\\/montecarloliving.com\\\/fr\\\/\",\"name\":\"Montecarlo Living\",\"description\":\"News da Montecarlo - Principato di Monaco e Costa Azzurra\",\"potentialAction\":[{\"@type\":\"SearchAction\",\"target\":{\"@type\":\"EntryPoint\",\"urlTemplate\":\"https:\\\/\\\/montecarloliving.com\\\/fr\\\/?s={search_term_string}\"},\"query-input\":{\"@type\":\"PropertyValueSpecification\",\"valueRequired\":true,\"valueName\":\"search_term_string\"}}],\"inLanguage\":\"fr-FR\"},{\"@type\":\"Person\",\"@id\":\"https:\\\/\\\/montecarloliving.com\\\/fr\\\/#\\\/schema\\\/person\\\/7e5945d4560862b7f2d2c6831bda2819\",\"name\":\"Redazione\",\"image\":{\"@type\":\"ImageObject\",\"inLanguage\":\"fr-FR\",\"@id\":\"https:\\\/\\\/secure.gravatar.com\\\/avatar\\\/8b5f26557e18fe74ad8e8a57ebb2925d88af8a90cee489ff2beefb391bc9b9c7?s=96&d=mm&r=g\",\"url\":\"https:\\\/\\\/secure.gravatar.com\\\/avatar\\\/8b5f26557e18fe74ad8e8a57ebb2925d88af8a90cee489ff2beefb391bc9b9c7?s=96&d=mm&r=g\",\"contentUrl\":\"https:\\\/\\\/secure.gravatar.com\\\/avatar\\\/8b5f26557e18fe74ad8e8a57ebb2925d88af8a90cee489ff2beefb391bc9b9c7?s=96&d=mm&r=g\",\"caption\":\"Redazione\"}}]}<\/script>\n<!-- \/ Yoast SEO plugin. -->","yoast_head_json":{"title":"\u00c9v\u00e9nements du week-end du 23 et 24 mars 2024 \u00e0 Nice.","description":"\u00c9v\u00e9nements du week-end \u00e0 Nice, d\u00e9couvrez-les tous !!EXPO MARCH\u00c9 VINTAGE & LUXEDimanche 24 mars 2024 de 8h \u00e0 18h \u00e0 la Place du Palais de...","robots":{"index":"index","follow":"follow","max-snippet":"max-snippet:-1","max-image-preview":"max-image-preview:large","max-video-preview":"max-video-preview:-1"},"canonical":"https:\/\/montecarloliving.com\/fr\/evenements\/evenements-du-week-end-du-23-et-24-mars-2024-nice-9146\/","og_locale":"fr_FR","og_title":"\u00c9v\u00e9nements du week-end du 23 et 24 mars 2024 \u00e0 Nice.","og_description":"\u00c9v\u00e9nements du week-end \u00e0 Nice, d\u00e9couvrez-les tous !!EXPO MARCH\u00c9 VINTAGE & LUXEDimanche 24 mars 2024 de 8h \u00e0 18h \u00e0 la Place du Palais de...","og_url":"https:\/\/montecarloliving.com\/fr\/evenements\/evenements-du-week-end-du-23-et-24-mars-2024-nice-9146\/","og_site_name":"Montecarlo Living","article_publisher":"https:\/\/www.facebook.com\/montecarlolivingcom\/","article_published_time":"2024-03-22T08:30:31+00:00","og_image":[{"width":650,"height":400,"url":"https:\/\/montecarloliving.com\/wp-content\/uploads\/2024\/01\/COPERTINA-SITO-MONTECARLO-LIVING-11-650x400.jpg","type":"image\/jpeg"}],"author":"Redazione","twitter_card":"summary_large_image","twitter_creator":"@MonteCarloLivi","twitter_site":"@MonteCarloLivi","twitter_misc":{"\u00c9crit par":"Redazione","Dur\u00e9e de lecture estim\u00e9e":"8 minutes"},"schema":{"@context":"https:\/\/schema.org","@graph":[{"@type":"Article","@id":"https:\/\/montecarloliving.com\/fr\/evenements\/evenements-du-week-end-du-23-et-24-mars-2024-nice-9146\/#article","isPartOf":{"@id":"https:\/\/montecarloliving.com\/fr\/evenements\/evenements-du-week-end-du-23-et-24-mars-2024-nice-9146\/"},"author":{"name":"Redazione","@id":"https:\/\/montecarloliving.com\/fr\/#\/schema\/person\/7e5945d4560862b7f2d2c6831bda2819"},"headline":"\u00c9v\u00e9nements du week-end du 23 et 24 mars 2024 \u00e0 Nice.","datePublished":"2024-03-22T08:30:31+00:00","mainEntityOfPage":{"@id":"https:\/\/montecarloliving.com\/fr\/evenements\/evenements-du-week-end-du-23-et-24-mars-2024-nice-9146\/"},"wordCount":1519,"image":{"@id":"https:\/\/montecarloliving.com\/fr\/evenements\/evenements-du-week-end-du-23-et-24-mars-2024-nice-9146\/#primaryimage"},"thumbnailUrl":"https:\/\/montecarloliving.com\/wp-content\/uploads\/2024\/01\/COPERTINA-SITO-MONTECARLO-LIVING-11.jpg","articleSection":["\u00c9v\u00e9nements","Nice"],"inLanguage":"fr-FR"},{"@type":"WebPage","@id":"https:\/\/montecarloliving.com\/fr\/evenements\/evenements-du-week-end-du-23-et-24-mars-2024-nice-9146\/","url":"https:\/\/montecarloliving.com\/fr\/evenements\/evenements-du-week-end-du-23-et-24-mars-2024-nice-9146\/","name":"\u00c9v\u00e9nements du week-end du 23 et 24 mars 2024 \u00e0 Nice.","isPartOf":{"@id":"https:\/\/montecarloliving.com\/fr\/#website"},"primaryImageOfPage":{"@id":"https:\/\/montecarloliving.com\/fr\/evenements\/evenements-du-week-end-du-23-et-24-mars-2024-nice-9146\/#primaryimage"},"image":{"@id":"https:\/\/montecarloliving.com\/fr\/evenements\/evenements-du-week-end-du-23-et-24-mars-2024-nice-9146\/#primaryimage"},"thumbnailUrl":"https:\/\/montecarloliving.com\/wp-content\/uploads\/2024\/01\/COPERTINA-SITO-MONTECARLO-LIVING-11.jpg","datePublished":"2024-03-22T08:30:31+00:00","author":{"@id":"https:\/\/montecarloliving.com\/fr\/#\/schema\/person\/7e5945d4560862b7f2d2c6831bda2819"},"description":"\u00c9v\u00e9nements du week-end \u00e0 Nice, d\u00e9couvrez-les tous !!EXPO MARCH\u00c9 VINTAGE & LUXEDimanche 24 mars 2024 de 8h \u00e0 18h \u00e0 la Place du Palais de...","breadcrumb":{"@id":"https:\/\/montecarloliving.com\/fr\/evenements\/evenements-du-week-end-du-23-et-24-mars-2024-nice-9146\/#breadcrumb"},"inLanguage":"fr-FR","potentialAction":[{"@type":"ReadAction","target":["https:\/\/montecarloliving.com\/fr\/evenements\/evenements-du-week-end-du-23-et-24-mars-2024-nice-9146\/"]}]},{"@type":"ImageObject","inLanguage":"fr-FR","@id":"https:\/\/montecarloliving.com\/fr\/evenements\/evenements-du-week-end-du-23-et-24-mars-2024-nice-9146\/#primaryimage","url":"https:\/\/montecarloliving.com\/wp-content\/uploads\/2024\/01\/COPERTINA-SITO-MONTECARLO-LIVING-11.jpg","contentUrl":"https:\/\/montecarloliving.com\/wp-content\/uploads\/2024\/01\/COPERTINA-SITO-MONTECARLO-LIVING-11.jpg","width":2000,"height":1200,"caption":"\u00c9v\u00e9nements du Weekend Nice"},{"@type":"BreadcrumbList","@id":"https:\/\/montecarloliving.com\/fr\/evenements\/evenements-du-week-end-du-23-et-24-mars-2024-nice-9146\/#breadcrumb","itemListElement":[{"@type":"ListItem","position":1,"name":"Home","item":"https:\/\/montecarloliving.com\/fr\/"},{"@type":"ListItem","position":2,"name":"\u00c9v\u00e9nements du week-end du 23 et 24 mars 2024 \u00e0 Nice."}]},{"@type":"WebSite","@id":"https:\/\/montecarloliving.com\/fr\/#website","url":"https:\/\/montecarloliving.com\/fr\/","name":"Montecarlo Living","description":"News da Montecarlo - Principato di Monaco e Costa Azzurra","potentialAction":[{"@type":"SearchAction","target":{"@type":"EntryPoint","urlTemplate":"https:\/\/montecarloliving.com\/fr\/?s={search_term_string}"},"query-input":{"@type":"PropertyValueSpecification","valueRequired":true,"valueName":"search_term_string"}}],"inLanguage":"fr-FR"},{"@type":"Person","@id":"https:\/\/montecarloliving.com\/fr\/#\/schema\/person\/7e5945d4560862b7f2d2c6831bda2819","name":"Redazione","image":{"@type":"ImageObject","inLanguage":"fr-FR","@id":"https:\/\/secure.gravatar.com\/avatar\/8b5f26557e18fe74ad8e8a57ebb2925d88af8a90cee489ff2beefb391bc9b9c7?s=96&d=mm&r=g","url":"https:\/\/secure.gravatar.com\/avatar\/8b5f26557e18fe74ad8e8a57ebb2925d88af8a90cee489ff2beefb391bc9b9c7?s=96&d=mm&r=g","contentUrl":"https:\/\/secure.gravatar.com\/avatar\/8b5f26557e18fe74ad8e8a57ebb2925d88af8a90cee489ff2beefb391bc9b9c7?s=96&d=mm&r=g","caption":"Redazione"}}]}},"_links":{"self":[{"href":"https:\/\/montecarloliving.com\/fr\/wp-json\/wp\/v2\/posts\/9146","targetHints":{"allow":["GET"]}}],"collection":[{"href":"https:\/\/montecarloliving.com\/fr\/wp-json\/wp\/v2\/posts"}],"about":[{"href":"https:\/\/montecarloliving.com\/fr\/wp-json\/wp\/v2\/types\/post"}],"author":[{"embeddable":true,"href":"https:\/\/montecarloliving.com\/fr\/wp-json\/wp\/v2\/users\/1"}],"replies":[{"embeddable":true,"href":"https:\/\/montecarloliving.com\/fr\/wp-json\/wp\/v2\/comments?post=9146"}],"version-history":[{"count":1,"href":"https:\/\/montecarloliving.com\/fr\/wp-json\/wp\/v2\/posts\/9146\/revisions"}],"predecessor-version":[{"id":9147,"href":"https:\/\/montecarloliving.com\/fr\/wp-json\/wp\/v2\/posts\/9146\/revisions\/9147"}],"wp:featuredmedia":[{"embeddable":true,"href":"https:\/\/montecarloliving.com\/fr\/wp-json\/wp\/v2\/media\/6501"}],"wp:attachment":[{"href":"https:\/\/montecarloliving.com\/fr\/wp-json\/wp\/v2\/media?parent=9146"}],"wp:term":[{"taxonomy":"category","embeddable":true,"href":"https:\/\/montecarloliving.com\/fr\/wp-json\/wp\/v2\/categories?post=9146"},{"taxonomy":"post_tag","embeddable":true,"href":"https:\/\/montecarloliving.com\/fr\/wp-json\/wp\/v2\/tags?post=9146"}],"curies":[{"name":"wp","href":"https:\/\/api.w.org\/{rel}","templated":true}]}}