{"id":9110,"date":"2024-03-19T10:19:29","date_gmt":"2024-03-19T09:19:29","guid":{"rendered":"https:\/\/montecarloliving.com\/?p=9110"},"modified":"2024-03-19T10:23:47","modified_gmt":"2024-03-19T09:23:47","slug":"les-ballets-de-monte-carlo-seront-au-grimaldi-forum-du-24-au-28-avril","status":"publish","type":"post","link":"https:\/\/montecarloliving.com\/fr\/evenements\/les-ballets-de-monte-carlo-seront-au-grimaldi-forum-du-24-au-28-avril-9110\/","title":{"rendered":"Les Ballets de Monte-Carlo seront au Grimaldi Forum du 24 au 28 avril"},"content":{"rendered":"<p><strong>Du 24 au 28 avril, les Ballets de Monte-Carlo feront leur retour au Grimaldi Forum pour une soir\u00e9e extraordinaire intitul\u00e9e \u00ab\u00a0To the Point(e)\u00a0\u00bb, accompagn\u00e9s par l&rsquo;Orchestre Philharmonique de Monte-Carlo, dirig\u00e9 par Garrett Keast.<\/strong><\/p>\n<p><img decoding=\"async\" class=\"aligncenter\" src=\"https:\/\/www.montecarlonews.it\/typo3temp\/pics\/b_c7cd05a1e0.jpg\" alt=\"I Balletts de Monte-Carlo al Grimaldi Forum con la serata &amp;quot;To the Point(e)&amp;quot;\" \/><\/p>\n<p>Au cours de cette soir\u00e9e, ils pr\u00e9senteront trois \u0153uvres qui explorent le potentiel des danseurs form\u00e9s acad\u00e9miquement, tout en gardant un \u0153il attentif sur la modernit\u00e9. Le public aura l&rsquo;occasion d&rsquo;admirer \u00ab\u00a0Within the Golden Hour\u00a0\u00bb de Christopher Wheeldon, \u00ab\u00a0Vers un Pays Sage\u00a0\u00bb de Jean-Christophe Maillot et \u00ab\u00a0Autodance\u00a0\u00bb de Sharon Eyal &amp; Gai Behar. La chor\u00e9graphe isra\u00e9lienne, d\u00e9sireuse de comparer son r\u00e9pertoire avec une compagnie de danseurs experts en travail sur pointes, adaptera cette cr\u00e9ation de 2018 pour pr\u00e9senter une nouvelle version qui prend en compte la singularit\u00e9 de la compagnie.<\/p>\n","protected":false},"excerpt":{"rendered":"<p>Du 24 au 28 avril, les Ballets de Monte-Carlo feront leur retour au Grimaldi Forum pour une soir\u00e9e extraordinaire intitul\u00e9e \u00ab\u00a0To the Point(e)\u00a0\u00bb, accompagn\u00e9s par l&rsquo;Orchestre Philharmonique de Monte-Carlo, dirig\u00e9 par Garrett Keast. Au cours de cette soir\u00e9e, ils pr\u00e9senteront trois \u0153uvres qui explorent [&hellip;]<\/p>\n","protected":false},"author":1,"featured_media":9105,"comment_status":"closed","ping_status":"closed","sticky":false,"template":"","format":"standard","meta":{"footnotes":""},"categories":[828,867],"tags":[],"class_list":["post-9110","post","type-post","status-publish","format-standard","has-post-thumbnail","hentry","category-evenements","category-monaco-fr"],"yoast_head":"<!-- This site is optimized with the Yoast SEO plugin v27.4 - https:\/\/yoast.com\/product\/yoast-seo-wordpress\/ -->\n<title>Les Ballets de Monte-Carlo seront au Grimaldi Forum du 24 au 28 avril<\/title>\n<meta name=\"description\" content=\"Du 24 au 28 avril, les Ballets de Monte-Carlo feront leur retour au Grimaldi Forum pour une soir\u00e9e extraordinaire intitul\u00e9e &quot;To the Point(e)&quot;, accompagn\u00e9s\" \/>\n<meta name=\"robots\" content=\"index, follow, max-snippet:-1, max-image-preview:large, max-video-preview:-1\" \/>\n<link rel=\"canonical\" href=\"https:\/\/montecarloliving.com\/fr\/evenements\/les-ballets-de-monte-carlo-seront-au-grimaldi-forum-du-24-au-28-avril-9110\/\" \/>\n<meta property=\"og:locale\" content=\"fr_FR\" \/>\n<meta property=\"og:title\" content=\"Les Ballets de Monte-Carlo seront au Grimaldi Forum du 24 au 28 avril\" \/>\n<meta property=\"og:description\" content=\"Du 24 au 28 avril, les Ballets de Monte-Carlo feront leur retour au Grimaldi Forum pour une soir\u00e9e extraordinaire intitul\u00e9e &quot;To the Point(e)&quot;, accompagn\u00e9s\" \/>\n<meta property=\"og:url\" content=\"https:\/\/montecarloliving.com\/fr\/evenements\/les-ballets-de-monte-carlo-seront-au-grimaldi-forum-du-24-au-28-avril-9110\/\" \/>\n<meta property=\"og:site_name\" content=\"Montecarlo Living\" \/>\n<meta property=\"article:publisher\" content=\"https:\/\/www.facebook.com\/montecarlolivingcom\/\" \/>\n<meta property=\"article:published_time\" content=\"2024-03-19T09:19:29+00:00\" \/>\n<meta property=\"article:modified_time\" content=\"2024-03-19T09:23:47+00:00\" \/>\n<meta property=\"og:image\" content=\"https:\/\/montecarloliving.com\/wp-content\/uploads\/2024\/03\/R-88-650x400.jpg\" \/>\n\t<meta property=\"og:image:width\" content=\"650\" \/>\n\t<meta property=\"og:image:height\" content=\"400\" \/>\n\t<meta property=\"og:image:type\" content=\"image\/jpeg\" \/>\n<meta name=\"author\" content=\"Redazione\" \/>\n<meta name=\"twitter:card\" content=\"summary_large_image\" \/>\n<meta name=\"twitter:creator\" content=\"@MonteCarloLivi\" \/>\n<meta name=\"twitter:site\" content=\"@MonteCarloLivi\" \/>\n<meta name=\"twitter:label1\" content=\"\u00c9crit par\" \/>\n\t<meta name=\"twitter:data1\" content=\"Redazione\" \/>\n\t<meta name=\"twitter:label2\" content=\"Dur\u00e9e de lecture estim\u00e9e\" \/>\n\t<meta name=\"twitter:data2\" content=\"2 minutes\" \/>\n<script type=\"application\/ld+json\" class=\"yoast-schema-graph\">{\"@context\":\"https:\\\/\\\/schema.org\",\"@graph\":[{\"@type\":\"Article\",\"@id\":\"https:\\\/\\\/montecarloliving.com\\\/fr\\\/evenements\\\/les-ballets-de-monte-carlo-seront-au-grimaldi-forum-du-24-au-28-avril-9110\\\/#article\",\"isPartOf\":{\"@id\":\"https:\\\/\\\/montecarloliving.com\\\/fr\\\/evenements\\\/les-ballets-de-monte-carlo-seront-au-grimaldi-forum-du-24-au-28-avril-9110\\\/\"},\"author\":{\"name\":\"Redazione\",\"@id\":\"https:\\\/\\\/montecarloliving.com\\\/fr\\\/#\\\/schema\\\/person\\\/7e5945d4560862b7f2d2c6831bda2819\"},\"headline\":\"Les Ballets de Monte-Carlo seront au Grimaldi Forum du 24 au 28 avril\",\"datePublished\":\"2024-03-19T09:19:29+00:00\",\"dateModified\":\"2024-03-19T09:23:47+00:00\",\"mainEntityOfPage\":{\"@id\":\"https:\\\/\\\/montecarloliving.com\\\/fr\\\/evenements\\\/les-ballets-de-monte-carlo-seront-au-grimaldi-forum-du-24-au-28-avril-9110\\\/\"},\"wordCount\":148,\"image\":{\"@id\":\"https:\\\/\\\/montecarloliving.com\\\/fr\\\/evenements\\\/les-ballets-de-monte-carlo-seront-au-grimaldi-forum-du-24-au-28-avril-9110\\\/#primaryimage\"},\"thumbnailUrl\":\"https:\\\/\\\/montecarloliving.com\\\/wp-content\\\/uploads\\\/2024\\\/03\\\/R-88.jpg\",\"articleSection\":[\"\u00c9v\u00e9nements\",\"Monaco\"],\"inLanguage\":\"fr-FR\"},{\"@type\":\"WebPage\",\"@id\":\"https:\\\/\\\/montecarloliving.com\\\/fr\\\/evenements\\\/les-ballets-de-monte-carlo-seront-au-grimaldi-forum-du-24-au-28-avril-9110\\\/\",\"url\":\"https:\\\/\\\/montecarloliving.com\\\/fr\\\/evenements\\\/les-ballets-de-monte-carlo-seront-au-grimaldi-forum-du-24-au-28-avril-9110\\\/\",\"name\":\"Les Ballets de Monte-Carlo seront au Grimaldi Forum du 24 au 28 avril\",\"isPartOf\":{\"@id\":\"https:\\\/\\\/montecarloliving.com\\\/fr\\\/#website\"},\"primaryImageOfPage\":{\"@id\":\"https:\\\/\\\/montecarloliving.com\\\/fr\\\/evenements\\\/les-ballets-de-monte-carlo-seront-au-grimaldi-forum-du-24-au-28-avril-9110\\\/#primaryimage\"},\"image\":{\"@id\":\"https:\\\/\\\/montecarloliving.com\\\/fr\\\/evenements\\\/les-ballets-de-monte-carlo-seront-au-grimaldi-forum-du-24-au-28-avril-9110\\\/#primaryimage\"},\"thumbnailUrl\":\"https:\\\/\\\/montecarloliving.com\\\/wp-content\\\/uploads\\\/2024\\\/03\\\/R-88.jpg\",\"datePublished\":\"2024-03-19T09:19:29+00:00\",\"dateModified\":\"2024-03-19T09:23:47+00:00\",\"author\":{\"@id\":\"https:\\\/\\\/montecarloliving.com\\\/fr\\\/#\\\/schema\\\/person\\\/7e5945d4560862b7f2d2c6831bda2819\"},\"description\":\"Du 24 au 28 avril, les Ballets de Monte-Carlo feront leur retour au Grimaldi Forum pour une soir\u00e9e extraordinaire intitul\u00e9e \\\"To the Point(e)\\\", accompagn\u00e9s\",\"breadcrumb\":{\"@id\":\"https:\\\/\\\/montecarloliving.com\\\/fr\\\/evenements\\\/les-ballets-de-monte-carlo-seront-au-grimaldi-forum-du-24-au-28-avril-9110\\\/#breadcrumb\"},\"inLanguage\":\"fr-FR\",\"potentialAction\":[{\"@type\":\"ReadAction\",\"target\":[\"https:\\\/\\\/montecarloliving.com\\\/fr\\\/evenements\\\/les-ballets-de-monte-carlo-seront-au-grimaldi-forum-du-24-au-28-avril-9110\\\/\"]}]},{\"@type\":\"ImageObject\",\"inLanguage\":\"fr-FR\",\"@id\":\"https:\\\/\\\/montecarloliving.com\\\/fr\\\/evenements\\\/les-ballets-de-monte-carlo-seront-au-grimaldi-forum-du-24-au-28-avril-9110\\\/#primaryimage\",\"url\":\"https:\\\/\\\/montecarloliving.com\\\/wp-content\\\/uploads\\\/2024\\\/03\\\/R-88.jpg\",\"contentUrl\":\"https:\\\/\\\/montecarloliving.com\\\/wp-content\\\/uploads\\\/2024\\\/03\\\/R-88.jpg\",\"width\":1024,\"height\":683},{\"@type\":\"BreadcrumbList\",\"@id\":\"https:\\\/\\\/montecarloliving.com\\\/fr\\\/evenements\\\/les-ballets-de-monte-carlo-seront-au-grimaldi-forum-du-24-au-28-avril-9110\\\/#breadcrumb\",\"itemListElement\":[{\"@type\":\"ListItem\",\"position\":1,\"name\":\"Home\",\"item\":\"https:\\\/\\\/montecarloliving.com\\\/fr\\\/\"},{\"@type\":\"ListItem\",\"position\":2,\"name\":\"Les Ballets de Monte-Carlo seront au Grimaldi Forum du 24 au 28 avril\"}]},{\"@type\":\"WebSite\",\"@id\":\"https:\\\/\\\/montecarloliving.com\\\/fr\\\/#website\",\"url\":\"https:\\\/\\\/montecarloliving.com\\\/fr\\\/\",\"name\":\"Montecarlo Living\",\"description\":\"News da Montecarlo - Principato di Monaco e Costa Azzurra\",\"potentialAction\":[{\"@type\":\"SearchAction\",\"target\":{\"@type\":\"EntryPoint\",\"urlTemplate\":\"https:\\\/\\\/montecarloliving.com\\\/fr\\\/?s={search_term_string}\"},\"query-input\":{\"@type\":\"PropertyValueSpecification\",\"valueRequired\":true,\"valueName\":\"search_term_string\"}}],\"inLanguage\":\"fr-FR\"},{\"@type\":\"Person\",\"@id\":\"https:\\\/\\\/montecarloliving.com\\\/fr\\\/#\\\/schema\\\/person\\\/7e5945d4560862b7f2d2c6831bda2819\",\"name\":\"Redazione\",\"image\":{\"@type\":\"ImageObject\",\"inLanguage\":\"fr-FR\",\"@id\":\"https:\\\/\\\/secure.gravatar.com\\\/avatar\\\/8b5f26557e18fe74ad8e8a57ebb2925d88af8a90cee489ff2beefb391bc9b9c7?s=96&d=mm&r=g\",\"url\":\"https:\\\/\\\/secure.gravatar.com\\\/avatar\\\/8b5f26557e18fe74ad8e8a57ebb2925d88af8a90cee489ff2beefb391bc9b9c7?s=96&d=mm&r=g\",\"contentUrl\":\"https:\\\/\\\/secure.gravatar.com\\\/avatar\\\/8b5f26557e18fe74ad8e8a57ebb2925d88af8a90cee489ff2beefb391bc9b9c7?s=96&d=mm&r=g\",\"caption\":\"Redazione\"}}]}<\/script>\n<!-- \/ Yoast SEO plugin. -->","yoast_head_json":{"title":"Les Ballets de Monte-Carlo seront au Grimaldi Forum du 24 au 28 avril","description":"Du 24 au 28 avril, les Ballets de Monte-Carlo feront leur retour au Grimaldi Forum pour une soir\u00e9e extraordinaire intitul\u00e9e \"To the Point(e)\", accompagn\u00e9s","robots":{"index":"index","follow":"follow","max-snippet":"max-snippet:-1","max-image-preview":"max-image-preview:large","max-video-preview":"max-video-preview:-1"},"canonical":"https:\/\/montecarloliving.com\/fr\/evenements\/les-ballets-de-monte-carlo-seront-au-grimaldi-forum-du-24-au-28-avril-9110\/","og_locale":"fr_FR","og_title":"Les Ballets de Monte-Carlo seront au Grimaldi Forum du 24 au 28 avril","og_description":"Du 24 au 28 avril, les Ballets de Monte-Carlo feront leur retour au Grimaldi Forum pour une soir\u00e9e extraordinaire intitul\u00e9e \"To the Point(e)\", accompagn\u00e9s","og_url":"https:\/\/montecarloliving.com\/fr\/evenements\/les-ballets-de-monte-carlo-seront-au-grimaldi-forum-du-24-au-28-avril-9110\/","og_site_name":"Montecarlo Living","article_publisher":"https:\/\/www.facebook.com\/montecarlolivingcom\/","article_published_time":"2024-03-19T09:19:29+00:00","article_modified_time":"2024-03-19T09:23:47+00:00","og_image":[{"width":650,"height":400,"url":"https:\/\/montecarloliving.com\/wp-content\/uploads\/2024\/03\/R-88-650x400.jpg","type":"image\/jpeg"}],"author":"Redazione","twitter_card":"summary_large_image","twitter_creator":"@MonteCarloLivi","twitter_site":"@MonteCarloLivi","twitter_misc":{"\u00c9crit par":"Redazione","Dur\u00e9e de lecture estim\u00e9e":"2 minutes"},"schema":{"@context":"https:\/\/schema.org","@graph":[{"@type":"Article","@id":"https:\/\/montecarloliving.com\/fr\/evenements\/les-ballets-de-monte-carlo-seront-au-grimaldi-forum-du-24-au-28-avril-9110\/#article","isPartOf":{"@id":"https:\/\/montecarloliving.com\/fr\/evenements\/les-ballets-de-monte-carlo-seront-au-grimaldi-forum-du-24-au-28-avril-9110\/"},"author":{"name":"Redazione","@id":"https:\/\/montecarloliving.com\/fr\/#\/schema\/person\/7e5945d4560862b7f2d2c6831bda2819"},"headline":"Les Ballets de Monte-Carlo seront au Grimaldi Forum du 24 au 28 avril","datePublished":"2024-03-19T09:19:29+00:00","dateModified":"2024-03-19T09:23:47+00:00","mainEntityOfPage":{"@id":"https:\/\/montecarloliving.com\/fr\/evenements\/les-ballets-de-monte-carlo-seront-au-grimaldi-forum-du-24-au-28-avril-9110\/"},"wordCount":148,"image":{"@id":"https:\/\/montecarloliving.com\/fr\/evenements\/les-ballets-de-monte-carlo-seront-au-grimaldi-forum-du-24-au-28-avril-9110\/#primaryimage"},"thumbnailUrl":"https:\/\/montecarloliving.com\/wp-content\/uploads\/2024\/03\/R-88.jpg","articleSection":["\u00c9v\u00e9nements","Monaco"],"inLanguage":"fr-FR"},{"@type":"WebPage","@id":"https:\/\/montecarloliving.com\/fr\/evenements\/les-ballets-de-monte-carlo-seront-au-grimaldi-forum-du-24-au-28-avril-9110\/","url":"https:\/\/montecarloliving.com\/fr\/evenements\/les-ballets-de-monte-carlo-seront-au-grimaldi-forum-du-24-au-28-avril-9110\/","name":"Les Ballets de Monte-Carlo seront au Grimaldi Forum du 24 au 28 avril","isPartOf":{"@id":"https:\/\/montecarloliving.com\/fr\/#website"},"primaryImageOfPage":{"@id":"https:\/\/montecarloliving.com\/fr\/evenements\/les-ballets-de-monte-carlo-seront-au-grimaldi-forum-du-24-au-28-avril-9110\/#primaryimage"},"image":{"@id":"https:\/\/montecarloliving.com\/fr\/evenements\/les-ballets-de-monte-carlo-seront-au-grimaldi-forum-du-24-au-28-avril-9110\/#primaryimage"},"thumbnailUrl":"https:\/\/montecarloliving.com\/wp-content\/uploads\/2024\/03\/R-88.jpg","datePublished":"2024-03-19T09:19:29+00:00","dateModified":"2024-03-19T09:23:47+00:00","author":{"@id":"https:\/\/montecarloliving.com\/fr\/#\/schema\/person\/7e5945d4560862b7f2d2c6831bda2819"},"description":"Du 24 au 28 avril, les Ballets de Monte-Carlo feront leur retour au Grimaldi Forum pour une soir\u00e9e extraordinaire intitul\u00e9e \"To the Point(e)\", accompagn\u00e9s","breadcrumb":{"@id":"https:\/\/montecarloliving.com\/fr\/evenements\/les-ballets-de-monte-carlo-seront-au-grimaldi-forum-du-24-au-28-avril-9110\/#breadcrumb"},"inLanguage":"fr-FR","potentialAction":[{"@type":"ReadAction","target":["https:\/\/montecarloliving.com\/fr\/evenements\/les-ballets-de-monte-carlo-seront-au-grimaldi-forum-du-24-au-28-avril-9110\/"]}]},{"@type":"ImageObject","inLanguage":"fr-FR","@id":"https:\/\/montecarloliving.com\/fr\/evenements\/les-ballets-de-monte-carlo-seront-au-grimaldi-forum-du-24-au-28-avril-9110\/#primaryimage","url":"https:\/\/montecarloliving.com\/wp-content\/uploads\/2024\/03\/R-88.jpg","contentUrl":"https:\/\/montecarloliving.com\/wp-content\/uploads\/2024\/03\/R-88.jpg","width":1024,"height":683},{"@type":"BreadcrumbList","@id":"https:\/\/montecarloliving.com\/fr\/evenements\/les-ballets-de-monte-carlo-seront-au-grimaldi-forum-du-24-au-28-avril-9110\/#breadcrumb","itemListElement":[{"@type":"ListItem","position":1,"name":"Home","item":"https:\/\/montecarloliving.com\/fr\/"},{"@type":"ListItem","position":2,"name":"Les Ballets de Monte-Carlo seront au Grimaldi Forum du 24 au 28 avril"}]},{"@type":"WebSite","@id":"https:\/\/montecarloliving.com\/fr\/#website","url":"https:\/\/montecarloliving.com\/fr\/","name":"Montecarlo Living","description":"News da Montecarlo - Principato di Monaco e Costa Azzurra","potentialAction":[{"@type":"SearchAction","target":{"@type":"EntryPoint","urlTemplate":"https:\/\/montecarloliving.com\/fr\/?s={search_term_string}"},"query-input":{"@type":"PropertyValueSpecification","valueRequired":true,"valueName":"search_term_string"}}],"inLanguage":"fr-FR"},{"@type":"Person","@id":"https:\/\/montecarloliving.com\/fr\/#\/schema\/person\/7e5945d4560862b7f2d2c6831bda2819","name":"Redazione","image":{"@type":"ImageObject","inLanguage":"fr-FR","@id":"https:\/\/secure.gravatar.com\/avatar\/8b5f26557e18fe74ad8e8a57ebb2925d88af8a90cee489ff2beefb391bc9b9c7?s=96&d=mm&r=g","url":"https:\/\/secure.gravatar.com\/avatar\/8b5f26557e18fe74ad8e8a57ebb2925d88af8a90cee489ff2beefb391bc9b9c7?s=96&d=mm&r=g","contentUrl":"https:\/\/secure.gravatar.com\/avatar\/8b5f26557e18fe74ad8e8a57ebb2925d88af8a90cee489ff2beefb391bc9b9c7?s=96&d=mm&r=g","caption":"Redazione"}}]}},"_links":{"self":[{"href":"https:\/\/montecarloliving.com\/fr\/wp-json\/wp\/v2\/posts\/9110","targetHints":{"allow":["GET"]}}],"collection":[{"href":"https:\/\/montecarloliving.com\/fr\/wp-json\/wp\/v2\/posts"}],"about":[{"href":"https:\/\/montecarloliving.com\/fr\/wp-json\/wp\/v2\/types\/post"}],"author":[{"embeddable":true,"href":"https:\/\/montecarloliving.com\/fr\/wp-json\/wp\/v2\/users\/1"}],"replies":[{"embeddable":true,"href":"https:\/\/montecarloliving.com\/fr\/wp-json\/wp\/v2\/comments?post=9110"}],"version-history":[{"count":1,"href":"https:\/\/montecarloliving.com\/fr\/wp-json\/wp\/v2\/posts\/9110\/revisions"}],"predecessor-version":[{"id":9111,"href":"https:\/\/montecarloliving.com\/fr\/wp-json\/wp\/v2\/posts\/9110\/revisions\/9111"}],"wp:featuredmedia":[{"embeddable":true,"href":"https:\/\/montecarloliving.com\/fr\/wp-json\/wp\/v2\/media\/9105"}],"wp:attachment":[{"href":"https:\/\/montecarloliving.com\/fr\/wp-json\/wp\/v2\/media?parent=9110"}],"wp:term":[{"taxonomy":"category","embeddable":true,"href":"https:\/\/montecarloliving.com\/fr\/wp-json\/wp\/v2\/categories?post=9110"},{"taxonomy":"post_tag","embeddable":true,"href":"https:\/\/montecarloliving.com\/fr\/wp-json\/wp\/v2\/tags?post=9110"}],"curies":[{"name":"wp","href":"https:\/\/api.w.org\/{rel}","templated":true}]}}