{"id":8990,"date":"2024-03-15T08:19:28","date_gmt":"2024-03-15T07:19:28","guid":{"rendered":"https:\/\/montecarloliving.com\/?p=8990"},"modified":"2024-03-15T09:28:00","modified_gmt":"2024-03-15T08:28:00","slug":"criterium-cycliste-2024-quels-impacts-sur-vos-deplacements","status":"publish","type":"post","link":"https:\/\/montecarloliving.com\/fr\/actualite\/criterium-cycliste-2024-quels-impacts-sur-vos-deplacements-8990\/","title":{"rendered":"Crit\u00e9rium Cycliste 2024 : quels impacts sur vos d\u00e9placements?"},"content":{"rendered":"<p>Le Port Hercule accueillera ce dimanche 17 mars le 49e Crit\u00e9rium Cycliste, organis\u00e9 par l&rsquo;Union Cycliste de Monaco. Comme les ann\u00e9es pr\u00e9c\u00e9dentes, le village de la manifestation sera install\u00e9 sur le quai Albert Ier et le parcours de la course empruntera les voies \u00ab route de la Piscine \u2013 Avenue J.F. Kennedy \u2013 Boulevard Albert Ier \u00bb, ce qui engendrera les perturbations suivantes.<\/p>\n<p><strong>Circulation des v\u00e9hicules<\/strong><\/p>\n<p><strong>Le dimanche 17 mars, de 6h30 \u00e0 18h30<\/strong>, il sera interdit de circuler sur :<br \/>\n\u2022 le quai des \u00c9tats-Unis, entre la zone du quai \u00e0 acc\u00e8s r\u00e9glement\u00e9 et son intersection avec la route de la Piscine ;<br \/>\n\u2022 la route de la Piscine ;<br \/>\n\u2022 l\u2019avenue J.F. Kennedy* ;<br \/>\n\u2022 la darse Sud<\/p>\n<p><em>* : Ces dispositions ne s\u2019appliqueront pas aux v\u00e9hicules des riverains entre le boulevard Louis II et le quai des \u00c9tats-Unis (avec, toutefois, obligation de se diriger vers le carrefour du Portier et interdiction de tourner vers le quai des \u00c9tats-Unis).<\/em><\/p>\n<p><strong>Du samedi 16 mars \u00e0 23h au dimanche 17 mars \u00e0 18h30<\/strong> :<\/p>\n<p>\u2022 seule la \u00ab contre-all\u00e9e \u00bb du boulevard Albert Ier sera accessible aux usagers de la route ;<br \/>\n\u2022 les voies montantes du quai Antoine Ier, entre la route de la piscine et le boulevard Albert Ier, seront ferm\u00e9es \u00e0 la circulation, tandis qu\u2019un double sens sera instaur\u00e9 pour les voies descendantes entre le tunnel Rocher-Nogh\u00e8s et le parking du quai Antoine Ier (avec interdiction pour tous v\u00e9hicules en provenance du quai Antoine Ier de tourner vers le boulevard Albert Ier).<\/p>\n<h3><strong>Stationnement des v\u00e9hicules :<\/strong><\/h3>\n<p><strong>Du samedi 16 mars \u00e0 23h au dimanche 17 mars \u00e0 18h30<\/strong>, il sera interdit de stationner sur :<br \/>\n\u2022 le quai des \u00c9tats-Unis entre la zone du quai \u00e0 acc\u00e8s r\u00e9glement\u00e9 et l\u2019intersection avec la route de la Piscine ;<br \/>\n\u2022 la route de la Piscine ;<br \/>\n\u2022 le virage Louis Chiron ;<br \/>\n\u2022 l&rsquo;appontement Jules Soccal ;<br \/>\n\u2022 la darse Sud ;<br \/>\n\u2022 la totalit\u00e9 du boulevard Albert Ier ;<br \/>\n\u2022 le quai Antoine Ier entre le tunnel Rocher-Nogh\u00e8s et le parking du quai Antoine Ier<\/p>\n<h3>Circulation des bus urbains de la CAM :<\/h3>\n<p>\u2022 Les arr\u00eats \u00ab Stade Nautique \u00bb et \u00ab Princesse Antoinette (Gare) \u00bb s\u2019effectueront en pleine voie.<br \/>\n\u2022 La ligne n\u00b01 sera d\u00e9vi\u00e9e vers l\u2019avenue d\u2019Ostende de 6h30 \u00e0 18h30 (arr\u00eats non desservis : \u00ab Kennedy \u00bb, \u00ab Auditorium Rainier III \u00bb, \u00ab Portier \u00bb, \u00ab Sp\u00e9lugues \u00bb, \u00ab Citronniers \u00bb et \u00ab Place du Casino \u00bb).<\/p>\n<h3>Circulation des bus interurbains 607 et 80 :<\/h3>\n<p>L\u2019arr\u00eat \u00ab Princesse Antoinette \u00bb s\u2019effectuera dans la contre-all\u00e9e du boulevard Albert Ier de 6h30 \u00e0 18h30 (Sens Monaco\/Menton)<\/p>\n","protected":false},"excerpt":{"rendered":"<p>Le Port Hercule accueillera ce dimanche 17 mars le 49e Crit\u00e9rium Cycliste, organis\u00e9 par l&rsquo;Union Cycliste de Monaco. Comme les ann\u00e9es pr\u00e9c\u00e9dentes, le village de la manifestation sera install\u00e9 sur le quai Albert Ier et le parcours de la course empruntera les voies \u00ab [&hellip;]<\/p>\n","protected":false},"author":1,"featured_media":8991,"comment_status":"closed","ping_status":"closed","sticky":false,"template":"","format":"standard","meta":{"footnotes":""},"categories":[827,875,828,867,817],"tags":[],"class_list":["post-8990","post","type-post","status-publish","format-standard","has-post-thumbnail","hentry","category-actualite","category-actualite-monaco","category-evenements","category-monaco-fr","category-sport-fr"],"yoast_head":"<!-- This site is optimized with the Yoast SEO plugin v27.5 - https:\/\/yoast.com\/product\/yoast-seo-wordpress\/ -->\n<title>Crit\u00e9rium Cycliste 2024 : quels impacts sur vos d\u00e9placements?<\/title>\n<meta name=\"description\" content=\"Le Port Hercule accueillera ce dimanche 17 mars le 49e Crit\u00e9rium Cycliste, organis\u00e9 par l&#039;Union Cycliste de Monaco. Comme les ann\u00e9es pr\u00e9c\u00e9dentes, le\" \/>\n<meta name=\"robots\" content=\"index, follow, max-snippet:-1, max-image-preview:large, max-video-preview:-1\" \/>\n<link rel=\"canonical\" href=\"https:\/\/montecarloliving.com\/fr\/actualite\/criterium-cycliste-2024-quels-impacts-sur-vos-deplacements-8990\/\" \/>\n<meta property=\"og:locale\" content=\"fr_FR\" \/>\n<meta property=\"og:title\" content=\"Crit\u00e9rium Cycliste 2024 : quels impacts sur vos d\u00e9placements?\" \/>\n<meta property=\"og:description\" content=\"Le Port Hercule accueillera ce dimanche 17 mars le 49e Crit\u00e9rium Cycliste, organis\u00e9 par l&#039;Union Cycliste de Monaco. Comme les ann\u00e9es pr\u00e9c\u00e9dentes, le\" \/>\n<meta property=\"og:url\" content=\"https:\/\/montecarloliving.com\/fr\/actualite\/criterium-cycliste-2024-quels-impacts-sur-vos-deplacements-8990\/\" \/>\n<meta property=\"og:site_name\" content=\"Montecarlo Living\" \/>\n<meta property=\"article:publisher\" content=\"https:\/\/www.facebook.com\/montecarlolivingcom\/\" \/>\n<meta property=\"article:published_time\" content=\"2024-03-15T07:19:28+00:00\" \/>\n<meta property=\"article:modified_time\" content=\"2024-03-15T08:28:00+00:00\" \/>\n<meta property=\"og:image\" content=\"https:\/\/montecarloliving.com\/wp-content\/uploads\/2024\/03\/Criterium-Cycliste-\u00a9-Direction-de-la-Communication-Frederic-Nebinger-650x400.jpg\" \/>\n\t<meta property=\"og:image:width\" content=\"650\" \/>\n\t<meta property=\"og:image:height\" content=\"400\" \/>\n\t<meta property=\"og:image:type\" content=\"image\/jpeg\" \/>\n<meta name=\"author\" content=\"Redazione\" \/>\n<meta name=\"twitter:card\" content=\"summary_large_image\" \/>\n<meta name=\"twitter:creator\" content=\"@MonteCarloLivi\" \/>\n<meta name=\"twitter:site\" content=\"@MonteCarloLivi\" \/>\n<meta name=\"twitter:label1\" content=\"\u00c9crit par\" \/>\n\t<meta name=\"twitter:data1\" content=\"Redazione\" \/>\n\t<meta name=\"twitter:label2\" content=\"Dur\u00e9e de lecture estim\u00e9e\" \/>\n\t<meta name=\"twitter:data2\" content=\"3 minutes\" \/>\n<script type=\"application\/ld+json\" class=\"yoast-schema-graph\">{\"@context\":\"https:\\\/\\\/schema.org\",\"@graph\":[{\"@type\":\"Article\",\"@id\":\"https:\\\/\\\/montecarloliving.com\\\/fr\\\/actualite\\\/criterium-cycliste-2024-quels-impacts-sur-vos-deplacements-8990\\\/#article\",\"isPartOf\":{\"@id\":\"https:\\\/\\\/montecarloliving.com\\\/fr\\\/actualite\\\/criterium-cycliste-2024-quels-impacts-sur-vos-deplacements-8990\\\/\"},\"author\":{\"name\":\"Redazione\",\"@id\":\"https:\\\/\\\/montecarloliving.com\\\/fr\\\/#\\\/schema\\\/person\\\/7e5945d4560862b7f2d2c6831bda2819\"},\"headline\":\"Crit\u00e9rium Cycliste 2024 : quels impacts sur vos d\u00e9placements?\",\"datePublished\":\"2024-03-15T07:19:28+00:00\",\"dateModified\":\"2024-03-15T08:28:00+00:00\",\"mainEntityOfPage\":{\"@id\":\"https:\\\/\\\/montecarloliving.com\\\/fr\\\/actualite\\\/criterium-cycliste-2024-quels-impacts-sur-vos-deplacements-8990\\\/\"},\"wordCount\":409,\"image\":{\"@id\":\"https:\\\/\\\/montecarloliving.com\\\/fr\\\/actualite\\\/criterium-cycliste-2024-quels-impacts-sur-vos-deplacements-8990\\\/#primaryimage\"},\"thumbnailUrl\":\"https:\\\/\\\/montecarloliving.com\\\/wp-content\\\/uploads\\\/2024\\\/03\\\/Criterium-Cycliste-\u00a9-Direction-de-la-Communication-Frederic-Nebinger.jpg\",\"articleSection\":[\"Actualit\u00e9\",\"Actualit\u00e9 \u00e0 Monaco\",\"\u00c9v\u00e9nements\",\"Monaco\",\"Sport \u00e0 Monaco\"],\"inLanguage\":\"fr-FR\"},{\"@type\":\"WebPage\",\"@id\":\"https:\\\/\\\/montecarloliving.com\\\/fr\\\/actualite\\\/criterium-cycliste-2024-quels-impacts-sur-vos-deplacements-8990\\\/\",\"url\":\"https:\\\/\\\/montecarloliving.com\\\/fr\\\/actualite\\\/criterium-cycliste-2024-quels-impacts-sur-vos-deplacements-8990\\\/\",\"name\":\"Crit\u00e9rium Cycliste 2024 : quels impacts sur vos d\u00e9placements?\",\"isPartOf\":{\"@id\":\"https:\\\/\\\/montecarloliving.com\\\/fr\\\/#website\"},\"primaryImageOfPage\":{\"@id\":\"https:\\\/\\\/montecarloliving.com\\\/fr\\\/actualite\\\/criterium-cycliste-2024-quels-impacts-sur-vos-deplacements-8990\\\/#primaryimage\"},\"image\":{\"@id\":\"https:\\\/\\\/montecarloliving.com\\\/fr\\\/actualite\\\/criterium-cycliste-2024-quels-impacts-sur-vos-deplacements-8990\\\/#primaryimage\"},\"thumbnailUrl\":\"https:\\\/\\\/montecarloliving.com\\\/wp-content\\\/uploads\\\/2024\\\/03\\\/Criterium-Cycliste-\u00a9-Direction-de-la-Communication-Frederic-Nebinger.jpg\",\"datePublished\":\"2024-03-15T07:19:28+00:00\",\"dateModified\":\"2024-03-15T08:28:00+00:00\",\"author\":{\"@id\":\"https:\\\/\\\/montecarloliving.com\\\/fr\\\/#\\\/schema\\\/person\\\/7e5945d4560862b7f2d2c6831bda2819\"},\"description\":\"Le Port Hercule accueillera ce dimanche 17 mars le 49e Crit\u00e9rium Cycliste, organis\u00e9 par l'Union Cycliste de Monaco. Comme les ann\u00e9es pr\u00e9c\u00e9dentes, le\",\"breadcrumb\":{\"@id\":\"https:\\\/\\\/montecarloliving.com\\\/fr\\\/actualite\\\/criterium-cycliste-2024-quels-impacts-sur-vos-deplacements-8990\\\/#breadcrumb\"},\"inLanguage\":\"fr-FR\",\"potentialAction\":[{\"@type\":\"ReadAction\",\"target\":[\"https:\\\/\\\/montecarloliving.com\\\/fr\\\/actualite\\\/criterium-cycliste-2024-quels-impacts-sur-vos-deplacements-8990\\\/\"]}]},{\"@type\":\"ImageObject\",\"inLanguage\":\"fr-FR\",\"@id\":\"https:\\\/\\\/montecarloliving.com\\\/fr\\\/actualite\\\/criterium-cycliste-2024-quels-impacts-sur-vos-deplacements-8990\\\/#primaryimage\",\"url\":\"https:\\\/\\\/montecarloliving.com\\\/wp-content\\\/uploads\\\/2024\\\/03\\\/Criterium-Cycliste-\u00a9-Direction-de-la-Communication-Frederic-Nebinger.jpg\",\"contentUrl\":\"https:\\\/\\\/montecarloliving.com\\\/wp-content\\\/uploads\\\/2024\\\/03\\\/Criterium-Cycliste-\u00a9-Direction-de-la-Communication-Frederic-Nebinger.jpg\",\"width\":1500,\"height\":1001},{\"@type\":\"BreadcrumbList\",\"@id\":\"https:\\\/\\\/montecarloliving.com\\\/fr\\\/actualite\\\/criterium-cycliste-2024-quels-impacts-sur-vos-deplacements-8990\\\/#breadcrumb\",\"itemListElement\":[{\"@type\":\"ListItem\",\"position\":1,\"name\":\"Home\",\"item\":\"https:\\\/\\\/montecarloliving.com\\\/fr\\\/\"},{\"@type\":\"ListItem\",\"position\":2,\"name\":\"Crit\u00e9rium Cycliste 2024 : quels impacts sur vos d\u00e9placements?\"}]},{\"@type\":\"WebSite\",\"@id\":\"https:\\\/\\\/montecarloliving.com\\\/fr\\\/#website\",\"url\":\"https:\\\/\\\/montecarloliving.com\\\/fr\\\/\",\"name\":\"Montecarlo Living\",\"description\":\"News da Montecarlo - Principato di Monaco e Costa Azzurra\",\"potentialAction\":[{\"@type\":\"SearchAction\",\"target\":{\"@type\":\"EntryPoint\",\"urlTemplate\":\"https:\\\/\\\/montecarloliving.com\\\/fr\\\/?s={search_term_string}\"},\"query-input\":{\"@type\":\"PropertyValueSpecification\",\"valueRequired\":true,\"valueName\":\"search_term_string\"}}],\"inLanguage\":\"fr-FR\"},{\"@type\":\"Person\",\"@id\":\"https:\\\/\\\/montecarloliving.com\\\/fr\\\/#\\\/schema\\\/person\\\/7e5945d4560862b7f2d2c6831bda2819\",\"name\":\"Redazione\",\"image\":{\"@type\":\"ImageObject\",\"inLanguage\":\"fr-FR\",\"@id\":\"https:\\\/\\\/secure.gravatar.com\\\/avatar\\\/8b5f26557e18fe74ad8e8a57ebb2925d88af8a90cee489ff2beefb391bc9b9c7?s=96&d=mm&r=g\",\"url\":\"https:\\\/\\\/secure.gravatar.com\\\/avatar\\\/8b5f26557e18fe74ad8e8a57ebb2925d88af8a90cee489ff2beefb391bc9b9c7?s=96&d=mm&r=g\",\"contentUrl\":\"https:\\\/\\\/secure.gravatar.com\\\/avatar\\\/8b5f26557e18fe74ad8e8a57ebb2925d88af8a90cee489ff2beefb391bc9b9c7?s=96&d=mm&r=g\",\"caption\":\"Redazione\"}}]}<\/script>\n<!-- \/ Yoast SEO plugin. -->","yoast_head_json":{"title":"Crit\u00e9rium Cycliste 2024 : quels impacts sur vos d\u00e9placements?","description":"Le Port Hercule accueillera ce dimanche 17 mars le 49e Crit\u00e9rium Cycliste, organis\u00e9 par l'Union Cycliste de Monaco. Comme les ann\u00e9es pr\u00e9c\u00e9dentes, le","robots":{"index":"index","follow":"follow","max-snippet":"max-snippet:-1","max-image-preview":"max-image-preview:large","max-video-preview":"max-video-preview:-1"},"canonical":"https:\/\/montecarloliving.com\/fr\/actualite\/criterium-cycliste-2024-quels-impacts-sur-vos-deplacements-8990\/","og_locale":"fr_FR","og_title":"Crit\u00e9rium Cycliste 2024 : quels impacts sur vos d\u00e9placements?","og_description":"Le Port Hercule accueillera ce dimanche 17 mars le 49e Crit\u00e9rium Cycliste, organis\u00e9 par l'Union Cycliste de Monaco. Comme les ann\u00e9es pr\u00e9c\u00e9dentes, le","og_url":"https:\/\/montecarloliving.com\/fr\/actualite\/criterium-cycliste-2024-quels-impacts-sur-vos-deplacements-8990\/","og_site_name":"Montecarlo Living","article_publisher":"https:\/\/www.facebook.com\/montecarlolivingcom\/","article_published_time":"2024-03-15T07:19:28+00:00","article_modified_time":"2024-03-15T08:28:00+00:00","og_image":[{"width":650,"height":400,"url":"https:\/\/montecarloliving.com\/wp-content\/uploads\/2024\/03\/Criterium-Cycliste-\u00a9-Direction-de-la-Communication-Frederic-Nebinger-650x400.jpg","type":"image\/jpeg"}],"author":"Redazione","twitter_card":"summary_large_image","twitter_creator":"@MonteCarloLivi","twitter_site":"@MonteCarloLivi","twitter_misc":{"\u00c9crit par":"Redazione","Dur\u00e9e de lecture estim\u00e9e":"3 minutes"},"schema":{"@context":"https:\/\/schema.org","@graph":[{"@type":"Article","@id":"https:\/\/montecarloliving.com\/fr\/actualite\/criterium-cycliste-2024-quels-impacts-sur-vos-deplacements-8990\/#article","isPartOf":{"@id":"https:\/\/montecarloliving.com\/fr\/actualite\/criterium-cycliste-2024-quels-impacts-sur-vos-deplacements-8990\/"},"author":{"name":"Redazione","@id":"https:\/\/montecarloliving.com\/fr\/#\/schema\/person\/7e5945d4560862b7f2d2c6831bda2819"},"headline":"Crit\u00e9rium Cycliste 2024 : quels impacts sur vos d\u00e9placements?","datePublished":"2024-03-15T07:19:28+00:00","dateModified":"2024-03-15T08:28:00+00:00","mainEntityOfPage":{"@id":"https:\/\/montecarloliving.com\/fr\/actualite\/criterium-cycliste-2024-quels-impacts-sur-vos-deplacements-8990\/"},"wordCount":409,"image":{"@id":"https:\/\/montecarloliving.com\/fr\/actualite\/criterium-cycliste-2024-quels-impacts-sur-vos-deplacements-8990\/#primaryimage"},"thumbnailUrl":"https:\/\/montecarloliving.com\/wp-content\/uploads\/2024\/03\/Criterium-Cycliste-\u00a9-Direction-de-la-Communication-Frederic-Nebinger.jpg","articleSection":["Actualit\u00e9","Actualit\u00e9 \u00e0 Monaco","\u00c9v\u00e9nements","Monaco","Sport \u00e0 Monaco"],"inLanguage":"fr-FR"},{"@type":"WebPage","@id":"https:\/\/montecarloliving.com\/fr\/actualite\/criterium-cycliste-2024-quels-impacts-sur-vos-deplacements-8990\/","url":"https:\/\/montecarloliving.com\/fr\/actualite\/criterium-cycliste-2024-quels-impacts-sur-vos-deplacements-8990\/","name":"Crit\u00e9rium Cycliste 2024 : quels impacts sur vos d\u00e9placements?","isPartOf":{"@id":"https:\/\/montecarloliving.com\/fr\/#website"},"primaryImageOfPage":{"@id":"https:\/\/montecarloliving.com\/fr\/actualite\/criterium-cycliste-2024-quels-impacts-sur-vos-deplacements-8990\/#primaryimage"},"image":{"@id":"https:\/\/montecarloliving.com\/fr\/actualite\/criterium-cycliste-2024-quels-impacts-sur-vos-deplacements-8990\/#primaryimage"},"thumbnailUrl":"https:\/\/montecarloliving.com\/wp-content\/uploads\/2024\/03\/Criterium-Cycliste-\u00a9-Direction-de-la-Communication-Frederic-Nebinger.jpg","datePublished":"2024-03-15T07:19:28+00:00","dateModified":"2024-03-15T08:28:00+00:00","author":{"@id":"https:\/\/montecarloliving.com\/fr\/#\/schema\/person\/7e5945d4560862b7f2d2c6831bda2819"},"description":"Le Port Hercule accueillera ce dimanche 17 mars le 49e Crit\u00e9rium Cycliste, organis\u00e9 par l'Union Cycliste de Monaco. Comme les ann\u00e9es pr\u00e9c\u00e9dentes, le","breadcrumb":{"@id":"https:\/\/montecarloliving.com\/fr\/actualite\/criterium-cycliste-2024-quels-impacts-sur-vos-deplacements-8990\/#breadcrumb"},"inLanguage":"fr-FR","potentialAction":[{"@type":"ReadAction","target":["https:\/\/montecarloliving.com\/fr\/actualite\/criterium-cycliste-2024-quels-impacts-sur-vos-deplacements-8990\/"]}]},{"@type":"ImageObject","inLanguage":"fr-FR","@id":"https:\/\/montecarloliving.com\/fr\/actualite\/criterium-cycliste-2024-quels-impacts-sur-vos-deplacements-8990\/#primaryimage","url":"https:\/\/montecarloliving.com\/wp-content\/uploads\/2024\/03\/Criterium-Cycliste-\u00a9-Direction-de-la-Communication-Frederic-Nebinger.jpg","contentUrl":"https:\/\/montecarloliving.com\/wp-content\/uploads\/2024\/03\/Criterium-Cycliste-\u00a9-Direction-de-la-Communication-Frederic-Nebinger.jpg","width":1500,"height":1001},{"@type":"BreadcrumbList","@id":"https:\/\/montecarloliving.com\/fr\/actualite\/criterium-cycliste-2024-quels-impacts-sur-vos-deplacements-8990\/#breadcrumb","itemListElement":[{"@type":"ListItem","position":1,"name":"Home","item":"https:\/\/montecarloliving.com\/fr\/"},{"@type":"ListItem","position":2,"name":"Crit\u00e9rium Cycliste 2024 : quels impacts sur vos d\u00e9placements?"}]},{"@type":"WebSite","@id":"https:\/\/montecarloliving.com\/fr\/#website","url":"https:\/\/montecarloliving.com\/fr\/","name":"Montecarlo Living","description":"News da Montecarlo - Principato di Monaco e Costa Azzurra","potentialAction":[{"@type":"SearchAction","target":{"@type":"EntryPoint","urlTemplate":"https:\/\/montecarloliving.com\/fr\/?s={search_term_string}"},"query-input":{"@type":"PropertyValueSpecification","valueRequired":true,"valueName":"search_term_string"}}],"inLanguage":"fr-FR"},{"@type":"Person","@id":"https:\/\/montecarloliving.com\/fr\/#\/schema\/person\/7e5945d4560862b7f2d2c6831bda2819","name":"Redazione","image":{"@type":"ImageObject","inLanguage":"fr-FR","@id":"https:\/\/secure.gravatar.com\/avatar\/8b5f26557e18fe74ad8e8a57ebb2925d88af8a90cee489ff2beefb391bc9b9c7?s=96&d=mm&r=g","url":"https:\/\/secure.gravatar.com\/avatar\/8b5f26557e18fe74ad8e8a57ebb2925d88af8a90cee489ff2beefb391bc9b9c7?s=96&d=mm&r=g","contentUrl":"https:\/\/secure.gravatar.com\/avatar\/8b5f26557e18fe74ad8e8a57ebb2925d88af8a90cee489ff2beefb391bc9b9c7?s=96&d=mm&r=g","caption":"Redazione"}}]}},"_links":{"self":[{"href":"https:\/\/montecarloliving.com\/fr\/wp-json\/wp\/v2\/posts\/8990","targetHints":{"allow":["GET"]}}],"collection":[{"href":"https:\/\/montecarloliving.com\/fr\/wp-json\/wp\/v2\/posts"}],"about":[{"href":"https:\/\/montecarloliving.com\/fr\/wp-json\/wp\/v2\/types\/post"}],"author":[{"embeddable":true,"href":"https:\/\/montecarloliving.com\/fr\/wp-json\/wp\/v2\/users\/1"}],"replies":[{"embeddable":true,"href":"https:\/\/montecarloliving.com\/fr\/wp-json\/wp\/v2\/comments?post=8990"}],"version-history":[{"count":2,"href":"https:\/\/montecarloliving.com\/fr\/wp-json\/wp\/v2\/posts\/8990\/revisions"}],"predecessor-version":[{"id":8995,"href":"https:\/\/montecarloliving.com\/fr\/wp-json\/wp\/v2\/posts\/8990\/revisions\/8995"}],"wp:featuredmedia":[{"embeddable":true,"href":"https:\/\/montecarloliving.com\/fr\/wp-json\/wp\/v2\/media\/8991"}],"wp:attachment":[{"href":"https:\/\/montecarloliving.com\/fr\/wp-json\/wp\/v2\/media?parent=8990"}],"wp:term":[{"taxonomy":"category","embeddable":true,"href":"https:\/\/montecarloliving.com\/fr\/wp-json\/wp\/v2\/categories?post=8990"},{"taxonomy":"post_tag","embeddable":true,"href":"https:\/\/montecarloliving.com\/fr\/wp-json\/wp\/v2\/tags?post=8990"}],"curies":[{"name":"wp","href":"https:\/\/api.w.org\/{rel}","templated":true}]}}