{"id":8954,"date":"2024-03-14T10:42:32","date_gmt":"2024-03-14T09:42:32","guid":{"rendered":"https:\/\/montecarloliving.com\/?p=8954"},"modified":"2024-03-14T10:42:32","modified_gmt":"2024-03-14T09:42:32","slug":"conference-proptech-impacts-et-enjeux-monaco-et-dans-monde","status":"publish","type":"post","link":"https:\/\/montecarloliving.com\/fr\/actualite\/conference-proptech-impacts-et-enjeux-monaco-et-dans-monde-8954\/","title":{"rendered":"Conf\u00e9rence PropTech : impacts et enjeux \u00e0 Monaco et dans le monde"},"content":{"rendered":"<p>Dans le cadre du programme Extended Monaco, le Gouvernement Princier et le Monaco Economic Board organisaient ce mardi, au Yacht Club de Monaco, la 3\u00e8me \u00e9dition d\u2019une conf\u00e9rence consacr\u00e9e \u00e0 la PropTech.<br \/>\nSoutenu par les organisations professionnelles du secteur \u2013 la Chambre Immobili\u00e8re, la Chambre Patronale du B\u00e2timent, le Syndicat des Promoteurs et l\u2019Ordre des Architectes \u2013, la conf\u00e9rence a rassembl\u00e9 de nombreux experts locaux et internationaux de la PropTech, un mouvement \u00e0 la crois\u00e9e de l\u2019immobilier et du num\u00e9rique qui s\u2019attache \u00e0 repenser l\u2019int\u00e9gralit\u00e9 de la cha\u00eene de valeur immobili\u00e8re.<br \/>\nSi l\u2019immobilier a toujours \u00e9t\u00e9 consid\u00e9r\u00e9 comme un pilier crucial de l\u2019\u00e9conomie mon\u00e9gasque, repr\u00e9sentant pr\u00e8s de 20 % du PIB et employant plus de 15 % de la main-d&rsquo;\u0153uvre, le secteur a aussi connu des changements significatifs ces derni\u00e8res ann\u00e9es en raison du pouvoir transformateur des technologies num\u00e9riques.<\/p>\n<p>\u00ab<em> L\u2019immobilier est un axe essentiel de notre \u00e9conomie. Le secteur vit une v\u00e9ritable mutation strat\u00e9gique avec l\u2019irruption du num\u00e9rique et plus r\u00e9cemment de l\u2019intelligence artificielle. Pour accompagner ce changement majeur, le Gouvernement, en collaboration avec le Monaco Economic Board, les diff\u00e9rentes chambres et l\u2019ESCP, notre partenaire acad\u00e9mique, souhaite faire de Monaco un centre europ\u00e9en de la technologie appliqu\u00e9e \u00e0 l\u2019immobilier, la PropTech.<\/em> \u00bb, a rappel\u00e9 en introduction Fr\u00e9d\u00e9ric Genta, D\u00e9l\u00e9gu\u00e9 Interminist\u00e9riel \u00e0 l\u2019Attractivit\u00e9 et \u00e0 la Transition Num\u00e9rique.<br \/>\nAu cours des \u00e9changes, plusieurs acteurs locaux et internationaux PropTech, dont certains de renomm\u00e9e internationale, ont pu partager leur vision et pr\u00e9senter leurs solutions. Parmi eux : &#8211; Le cabinet d\u2019architecture Foster &amp; Partners, fond\u00e9 par Sir Norman Foster, \u00e0 l\u2019origine notamment du Yacht Club de Monaco, du Viaduc de Millau ou de la Grande Cour du British Museum, ont rapport\u00e9 leurs travaux qui fa\u00e7onnent l\u2019avenir de l\u2019architecture \u00e0 travers un design innovant et l\u2019int\u00e9gration technologique de pointe dans leur projets ; &#8211; Les start-ups Oghji, YouStock et Net0, toutes les trois incub\u00e9es \u00e0 Monaco Tech, ont expos\u00e9 leur strat\u00e9gie pour r\u00e9duire l&#8217;empreinte carbone et optimiser l&rsquo;efficacit\u00e9 \u00e9nerg\u00e9tique des b\u00e2timents.<br \/>\n&#8211; Le fonds d\u2019investissement A\/O Proptech, sp\u00e9cialis\u00e9 dans l\u2019identification et l\u2019exploitation des opportunit\u00e9s offertes par les innovations technologiques dans l\u2019immobilier ; &#8211; La soci\u00e9t\u00e9 Club Funding, une plateforme d\u2019investissement nouvelle g\u00e9n\u00e9ration, experte dans les financements immobiliers participatifs pour les particuliers.<\/p>\n<p>\u00ab <em>Cette conf\u00e9rence nous rappelle l&rsquo;importance du secteur immobilier ici et ailleurs et a permis de mettre en lumi\u00e8re les perspectives prometteuses que la PropTech peut offrir. En embrassant l&rsquo;innovation et en exploitant le potentiel des nouvelles technologies, nous pouvons fa\u00e7onner un avenir immobilier efficace, \u00e9conomiquement plus viable et surtout plus durable.<\/em> \u00bb, a soulign\u00e9 Guillaume Rose, Directeur du Monaco Economic Board.<\/p>\n<p>L\u2019occasion, enfin, pour le Gouvernement Princier, en partenariat avec l\u2019ESCP Business School, de pr\u00e9senter la 4\u00e8me \u00e9dition de son barom\u00e8tre consacr\u00e9 au march\u00e9 mondial de la PropTech (accessible sur le site Extended Monaco pour l\u2019Entreprise : eme.gouv.mc).<\/p>\n","protected":false},"excerpt":{"rendered":"<p>Dans le cadre du programme Extended Monaco, le Gouvernement Princier et le Monaco Economic Board organisaient ce mardi, au Yacht Club de Monaco, la 3\u00e8me \u00e9dition d\u2019une conf\u00e9rence consacr\u00e9e \u00e0 la PropTech. Soutenu par les organisations professionnelles du secteur \u2013 la Chambre Immobili\u00e8re, la [&hellip;]<\/p>\n","protected":false},"author":1,"featured_media":8955,"comment_status":"closed","ping_status":"closed","sticky":false,"template":"","format":"standard","meta":{"footnotes":""},"categories":[827,875,867],"tags":[],"class_list":["post-8954","post","type-post","status-publish","format-standard","has-post-thumbnail","hentry","category-actualite","category-actualite-monaco","category-monaco-fr"],"yoast_head":"<!-- This site is optimized with the Yoast SEO plugin v27.5 - https:\/\/yoast.com\/product\/yoast-seo-wordpress\/ -->\n<title>Conf\u00e9rence PropTech : impacts et enjeux \u00e0 Monaco et dans le monde<\/title>\n<meta name=\"description\" content=\"Dans le cadre du programme Extended Monaco, le Gouvernement Princier et le Monaco Economic Board organisaient ce mardi, au Yacht Club de Monaco, la 3\u00e8me\" \/>\n<meta name=\"robots\" content=\"index, follow, max-snippet:-1, max-image-preview:large, max-video-preview:-1\" \/>\n<link rel=\"canonical\" href=\"https:\/\/montecarloliving.com\/fr\/actualite\/conference-proptech-impacts-et-enjeux-monaco-et-dans-monde-8954\/\" \/>\n<meta property=\"og:locale\" content=\"fr_FR\" \/>\n<meta property=\"og:title\" content=\"Conf\u00e9rence PropTech : impacts et enjeux \u00e0 Monaco et dans le monde\" \/>\n<meta property=\"og:description\" content=\"Dans le cadre du programme Extended Monaco, le Gouvernement Princier et le Monaco Economic Board organisaient ce mardi, au Yacht Club de Monaco, la 3\u00e8me\" \/>\n<meta property=\"og:url\" content=\"https:\/\/montecarloliving.com\/fr\/actualite\/conference-proptech-impacts-et-enjeux-monaco-et-dans-monde-8954\/\" \/>\n<meta property=\"og:site_name\" content=\"Montecarlo Living\" \/>\n<meta property=\"article:publisher\" content=\"https:\/\/www.facebook.com\/montecarlolivingcom\/\" \/>\n<meta property=\"article:published_time\" content=\"2024-03-14T09:42:32+00:00\" \/>\n<meta property=\"og:image\" content=\"https:\/\/montecarloliving.com\/wp-content\/uploads\/2024\/03\/Conference-PropTech-2024-\u00a9Direction-de-la-Communication-_-Federic-Nebinger-1-650x400.jpg\" \/>\n\t<meta property=\"og:image:width\" content=\"650\" \/>\n\t<meta property=\"og:image:height\" content=\"400\" \/>\n\t<meta property=\"og:image:type\" content=\"image\/jpeg\" \/>\n<meta name=\"author\" content=\"Redazione\" \/>\n<meta name=\"twitter:card\" content=\"summary_large_image\" \/>\n<meta name=\"twitter:creator\" content=\"@MonteCarloLivi\" \/>\n<meta name=\"twitter:site\" content=\"@MonteCarloLivi\" \/>\n<meta name=\"twitter:label1\" content=\"\u00c9crit par\" \/>\n\t<meta name=\"twitter:data1\" content=\"Redazione\" \/>\n\t<meta name=\"twitter:label2\" content=\"Dur\u00e9e de lecture estim\u00e9e\" \/>\n\t<meta name=\"twitter:data2\" content=\"3 minutes\" \/>\n<script type=\"application\/ld+json\" class=\"yoast-schema-graph\">{\"@context\":\"https:\\\/\\\/schema.org\",\"@graph\":[{\"@type\":\"Article\",\"@id\":\"https:\\\/\\\/montecarloliving.com\\\/fr\\\/actualite\\\/conference-proptech-impacts-et-enjeux-monaco-et-dans-monde-8954\\\/#article\",\"isPartOf\":{\"@id\":\"https:\\\/\\\/montecarloliving.com\\\/fr\\\/actualite\\\/conference-proptech-impacts-et-enjeux-monaco-et-dans-monde-8954\\\/\"},\"author\":{\"name\":\"Redazione\",\"@id\":\"https:\\\/\\\/montecarloliving.com\\\/fr\\\/#\\\/schema\\\/person\\\/7e5945d4560862b7f2d2c6831bda2819\"},\"headline\":\"Conf\u00e9rence PropTech : impacts et enjeux \u00e0 Monaco et dans le monde\",\"datePublished\":\"2024-03-14T09:42:32+00:00\",\"mainEntityOfPage\":{\"@id\":\"https:\\\/\\\/montecarloliving.com\\\/fr\\\/actualite\\\/conference-proptech-impacts-et-enjeux-monaco-et-dans-monde-8954\\\/\"},\"wordCount\":539,\"image\":{\"@id\":\"https:\\\/\\\/montecarloliving.com\\\/fr\\\/actualite\\\/conference-proptech-impacts-et-enjeux-monaco-et-dans-monde-8954\\\/#primaryimage\"},\"thumbnailUrl\":\"https:\\\/\\\/montecarloliving.com\\\/wp-content\\\/uploads\\\/2024\\\/03\\\/Conference-PropTech-2024-\u00a9Direction-de-la-Communication-_-Federic-Nebinger-1-scaled.jpg\",\"articleSection\":[\"Actualit\u00e9\",\"Actualit\u00e9 \u00e0 Monaco\",\"Monaco\"],\"inLanguage\":\"fr-FR\"},{\"@type\":\"WebPage\",\"@id\":\"https:\\\/\\\/montecarloliving.com\\\/fr\\\/actualite\\\/conference-proptech-impacts-et-enjeux-monaco-et-dans-monde-8954\\\/\",\"url\":\"https:\\\/\\\/montecarloliving.com\\\/fr\\\/actualite\\\/conference-proptech-impacts-et-enjeux-monaco-et-dans-monde-8954\\\/\",\"name\":\"Conf\u00e9rence PropTech : impacts et enjeux \u00e0 Monaco et dans le monde\",\"isPartOf\":{\"@id\":\"https:\\\/\\\/montecarloliving.com\\\/fr\\\/#website\"},\"primaryImageOfPage\":{\"@id\":\"https:\\\/\\\/montecarloliving.com\\\/fr\\\/actualite\\\/conference-proptech-impacts-et-enjeux-monaco-et-dans-monde-8954\\\/#primaryimage\"},\"image\":{\"@id\":\"https:\\\/\\\/montecarloliving.com\\\/fr\\\/actualite\\\/conference-proptech-impacts-et-enjeux-monaco-et-dans-monde-8954\\\/#primaryimage\"},\"thumbnailUrl\":\"https:\\\/\\\/montecarloliving.com\\\/wp-content\\\/uploads\\\/2024\\\/03\\\/Conference-PropTech-2024-\u00a9Direction-de-la-Communication-_-Federic-Nebinger-1-scaled.jpg\",\"datePublished\":\"2024-03-14T09:42:32+00:00\",\"author\":{\"@id\":\"https:\\\/\\\/montecarloliving.com\\\/fr\\\/#\\\/schema\\\/person\\\/7e5945d4560862b7f2d2c6831bda2819\"},\"description\":\"Dans le cadre du programme Extended Monaco, le Gouvernement Princier et le Monaco Economic Board organisaient ce mardi, au Yacht Club de Monaco, la 3\u00e8me\",\"breadcrumb\":{\"@id\":\"https:\\\/\\\/montecarloliving.com\\\/fr\\\/actualite\\\/conference-proptech-impacts-et-enjeux-monaco-et-dans-monde-8954\\\/#breadcrumb\"},\"inLanguage\":\"fr-FR\",\"potentialAction\":[{\"@type\":\"ReadAction\",\"target\":[\"https:\\\/\\\/montecarloliving.com\\\/fr\\\/actualite\\\/conference-proptech-impacts-et-enjeux-monaco-et-dans-monde-8954\\\/\"]}]},{\"@type\":\"ImageObject\",\"inLanguage\":\"fr-FR\",\"@id\":\"https:\\\/\\\/montecarloliving.com\\\/fr\\\/actualite\\\/conference-proptech-impacts-et-enjeux-monaco-et-dans-monde-8954\\\/#primaryimage\",\"url\":\"https:\\\/\\\/montecarloliving.com\\\/wp-content\\\/uploads\\\/2024\\\/03\\\/Conference-PropTech-2024-\u00a9Direction-de-la-Communication-_-Federic-Nebinger-1-scaled.jpg\",\"contentUrl\":\"https:\\\/\\\/montecarloliving.com\\\/wp-content\\\/uploads\\\/2024\\\/03\\\/Conference-PropTech-2024-\u00a9Direction-de-la-Communication-_-Federic-Nebinger-1-scaled.jpg\",\"width\":2560,\"height\":1708},{\"@type\":\"BreadcrumbList\",\"@id\":\"https:\\\/\\\/montecarloliving.com\\\/fr\\\/actualite\\\/conference-proptech-impacts-et-enjeux-monaco-et-dans-monde-8954\\\/#breadcrumb\",\"itemListElement\":[{\"@type\":\"ListItem\",\"position\":1,\"name\":\"Home\",\"item\":\"https:\\\/\\\/montecarloliving.com\\\/fr\\\/\"},{\"@type\":\"ListItem\",\"position\":2,\"name\":\"Conf\u00e9rence PropTech : impacts et enjeux \u00e0 Monaco et dans le monde\"}]},{\"@type\":\"WebSite\",\"@id\":\"https:\\\/\\\/montecarloliving.com\\\/fr\\\/#website\",\"url\":\"https:\\\/\\\/montecarloliving.com\\\/fr\\\/\",\"name\":\"Montecarlo Living\",\"description\":\"News da Montecarlo - Principato di Monaco e Costa Azzurra\",\"potentialAction\":[{\"@type\":\"SearchAction\",\"target\":{\"@type\":\"EntryPoint\",\"urlTemplate\":\"https:\\\/\\\/montecarloliving.com\\\/fr\\\/?s={search_term_string}\"},\"query-input\":{\"@type\":\"PropertyValueSpecification\",\"valueRequired\":true,\"valueName\":\"search_term_string\"}}],\"inLanguage\":\"fr-FR\"},{\"@type\":\"Person\",\"@id\":\"https:\\\/\\\/montecarloliving.com\\\/fr\\\/#\\\/schema\\\/person\\\/7e5945d4560862b7f2d2c6831bda2819\",\"name\":\"Redazione\",\"image\":{\"@type\":\"ImageObject\",\"inLanguage\":\"fr-FR\",\"@id\":\"https:\\\/\\\/secure.gravatar.com\\\/avatar\\\/8b5f26557e18fe74ad8e8a57ebb2925d88af8a90cee489ff2beefb391bc9b9c7?s=96&d=mm&r=g\",\"url\":\"https:\\\/\\\/secure.gravatar.com\\\/avatar\\\/8b5f26557e18fe74ad8e8a57ebb2925d88af8a90cee489ff2beefb391bc9b9c7?s=96&d=mm&r=g\",\"contentUrl\":\"https:\\\/\\\/secure.gravatar.com\\\/avatar\\\/8b5f26557e18fe74ad8e8a57ebb2925d88af8a90cee489ff2beefb391bc9b9c7?s=96&d=mm&r=g\",\"caption\":\"Redazione\"}}]}<\/script>\n<!-- \/ Yoast SEO plugin. -->","yoast_head_json":{"title":"Conf\u00e9rence PropTech : impacts et enjeux \u00e0 Monaco et dans le monde","description":"Dans le cadre du programme Extended Monaco, le Gouvernement Princier et le Monaco Economic Board organisaient ce mardi, au Yacht Club de Monaco, la 3\u00e8me","robots":{"index":"index","follow":"follow","max-snippet":"max-snippet:-1","max-image-preview":"max-image-preview:large","max-video-preview":"max-video-preview:-1"},"canonical":"https:\/\/montecarloliving.com\/fr\/actualite\/conference-proptech-impacts-et-enjeux-monaco-et-dans-monde-8954\/","og_locale":"fr_FR","og_title":"Conf\u00e9rence PropTech : impacts et enjeux \u00e0 Monaco et dans le monde","og_description":"Dans le cadre du programme Extended Monaco, le Gouvernement Princier et le Monaco Economic Board organisaient ce mardi, au Yacht Club de Monaco, la 3\u00e8me","og_url":"https:\/\/montecarloliving.com\/fr\/actualite\/conference-proptech-impacts-et-enjeux-monaco-et-dans-monde-8954\/","og_site_name":"Montecarlo Living","article_publisher":"https:\/\/www.facebook.com\/montecarlolivingcom\/","article_published_time":"2024-03-14T09:42:32+00:00","og_image":[{"width":650,"height":400,"url":"https:\/\/montecarloliving.com\/wp-content\/uploads\/2024\/03\/Conference-PropTech-2024-\u00a9Direction-de-la-Communication-_-Federic-Nebinger-1-650x400.jpg","type":"image\/jpeg"}],"author":"Redazione","twitter_card":"summary_large_image","twitter_creator":"@MonteCarloLivi","twitter_site":"@MonteCarloLivi","twitter_misc":{"\u00c9crit par":"Redazione","Dur\u00e9e de lecture estim\u00e9e":"3 minutes"},"schema":{"@context":"https:\/\/schema.org","@graph":[{"@type":"Article","@id":"https:\/\/montecarloliving.com\/fr\/actualite\/conference-proptech-impacts-et-enjeux-monaco-et-dans-monde-8954\/#article","isPartOf":{"@id":"https:\/\/montecarloliving.com\/fr\/actualite\/conference-proptech-impacts-et-enjeux-monaco-et-dans-monde-8954\/"},"author":{"name":"Redazione","@id":"https:\/\/montecarloliving.com\/fr\/#\/schema\/person\/7e5945d4560862b7f2d2c6831bda2819"},"headline":"Conf\u00e9rence PropTech : impacts et enjeux \u00e0 Monaco et dans le monde","datePublished":"2024-03-14T09:42:32+00:00","mainEntityOfPage":{"@id":"https:\/\/montecarloliving.com\/fr\/actualite\/conference-proptech-impacts-et-enjeux-monaco-et-dans-monde-8954\/"},"wordCount":539,"image":{"@id":"https:\/\/montecarloliving.com\/fr\/actualite\/conference-proptech-impacts-et-enjeux-monaco-et-dans-monde-8954\/#primaryimage"},"thumbnailUrl":"https:\/\/montecarloliving.com\/wp-content\/uploads\/2024\/03\/Conference-PropTech-2024-\u00a9Direction-de-la-Communication-_-Federic-Nebinger-1-scaled.jpg","articleSection":["Actualit\u00e9","Actualit\u00e9 \u00e0 Monaco","Monaco"],"inLanguage":"fr-FR"},{"@type":"WebPage","@id":"https:\/\/montecarloliving.com\/fr\/actualite\/conference-proptech-impacts-et-enjeux-monaco-et-dans-monde-8954\/","url":"https:\/\/montecarloliving.com\/fr\/actualite\/conference-proptech-impacts-et-enjeux-monaco-et-dans-monde-8954\/","name":"Conf\u00e9rence PropTech : impacts et enjeux \u00e0 Monaco et dans le monde","isPartOf":{"@id":"https:\/\/montecarloliving.com\/fr\/#website"},"primaryImageOfPage":{"@id":"https:\/\/montecarloliving.com\/fr\/actualite\/conference-proptech-impacts-et-enjeux-monaco-et-dans-monde-8954\/#primaryimage"},"image":{"@id":"https:\/\/montecarloliving.com\/fr\/actualite\/conference-proptech-impacts-et-enjeux-monaco-et-dans-monde-8954\/#primaryimage"},"thumbnailUrl":"https:\/\/montecarloliving.com\/wp-content\/uploads\/2024\/03\/Conference-PropTech-2024-\u00a9Direction-de-la-Communication-_-Federic-Nebinger-1-scaled.jpg","datePublished":"2024-03-14T09:42:32+00:00","author":{"@id":"https:\/\/montecarloliving.com\/fr\/#\/schema\/person\/7e5945d4560862b7f2d2c6831bda2819"},"description":"Dans le cadre du programme Extended Monaco, le Gouvernement Princier et le Monaco Economic Board organisaient ce mardi, au Yacht Club de Monaco, la 3\u00e8me","breadcrumb":{"@id":"https:\/\/montecarloliving.com\/fr\/actualite\/conference-proptech-impacts-et-enjeux-monaco-et-dans-monde-8954\/#breadcrumb"},"inLanguage":"fr-FR","potentialAction":[{"@type":"ReadAction","target":["https:\/\/montecarloliving.com\/fr\/actualite\/conference-proptech-impacts-et-enjeux-monaco-et-dans-monde-8954\/"]}]},{"@type":"ImageObject","inLanguage":"fr-FR","@id":"https:\/\/montecarloliving.com\/fr\/actualite\/conference-proptech-impacts-et-enjeux-monaco-et-dans-monde-8954\/#primaryimage","url":"https:\/\/montecarloliving.com\/wp-content\/uploads\/2024\/03\/Conference-PropTech-2024-\u00a9Direction-de-la-Communication-_-Federic-Nebinger-1-scaled.jpg","contentUrl":"https:\/\/montecarloliving.com\/wp-content\/uploads\/2024\/03\/Conference-PropTech-2024-\u00a9Direction-de-la-Communication-_-Federic-Nebinger-1-scaled.jpg","width":2560,"height":1708},{"@type":"BreadcrumbList","@id":"https:\/\/montecarloliving.com\/fr\/actualite\/conference-proptech-impacts-et-enjeux-monaco-et-dans-monde-8954\/#breadcrumb","itemListElement":[{"@type":"ListItem","position":1,"name":"Home","item":"https:\/\/montecarloliving.com\/fr\/"},{"@type":"ListItem","position":2,"name":"Conf\u00e9rence PropTech : impacts et enjeux \u00e0 Monaco et dans le monde"}]},{"@type":"WebSite","@id":"https:\/\/montecarloliving.com\/fr\/#website","url":"https:\/\/montecarloliving.com\/fr\/","name":"Montecarlo Living","description":"News da Montecarlo - Principato di Monaco e Costa Azzurra","potentialAction":[{"@type":"SearchAction","target":{"@type":"EntryPoint","urlTemplate":"https:\/\/montecarloliving.com\/fr\/?s={search_term_string}"},"query-input":{"@type":"PropertyValueSpecification","valueRequired":true,"valueName":"search_term_string"}}],"inLanguage":"fr-FR"},{"@type":"Person","@id":"https:\/\/montecarloliving.com\/fr\/#\/schema\/person\/7e5945d4560862b7f2d2c6831bda2819","name":"Redazione","image":{"@type":"ImageObject","inLanguage":"fr-FR","@id":"https:\/\/secure.gravatar.com\/avatar\/8b5f26557e18fe74ad8e8a57ebb2925d88af8a90cee489ff2beefb391bc9b9c7?s=96&d=mm&r=g","url":"https:\/\/secure.gravatar.com\/avatar\/8b5f26557e18fe74ad8e8a57ebb2925d88af8a90cee489ff2beefb391bc9b9c7?s=96&d=mm&r=g","contentUrl":"https:\/\/secure.gravatar.com\/avatar\/8b5f26557e18fe74ad8e8a57ebb2925d88af8a90cee489ff2beefb391bc9b9c7?s=96&d=mm&r=g","caption":"Redazione"}}]}},"_links":{"self":[{"href":"https:\/\/montecarloliving.com\/fr\/wp-json\/wp\/v2\/posts\/8954","targetHints":{"allow":["GET"]}}],"collection":[{"href":"https:\/\/montecarloliving.com\/fr\/wp-json\/wp\/v2\/posts"}],"about":[{"href":"https:\/\/montecarloliving.com\/fr\/wp-json\/wp\/v2\/types\/post"}],"author":[{"embeddable":true,"href":"https:\/\/montecarloliving.com\/fr\/wp-json\/wp\/v2\/users\/1"}],"replies":[{"embeddable":true,"href":"https:\/\/montecarloliving.com\/fr\/wp-json\/wp\/v2\/comments?post=8954"}],"version-history":[{"count":1,"href":"https:\/\/montecarloliving.com\/fr\/wp-json\/wp\/v2\/posts\/8954\/revisions"}],"predecessor-version":[{"id":8958,"href":"https:\/\/montecarloliving.com\/fr\/wp-json\/wp\/v2\/posts\/8954\/revisions\/8958"}],"wp:featuredmedia":[{"embeddable":true,"href":"https:\/\/montecarloliving.com\/fr\/wp-json\/wp\/v2\/media\/8955"}],"wp:attachment":[{"href":"https:\/\/montecarloliving.com\/fr\/wp-json\/wp\/v2\/media?parent=8954"}],"wp:term":[{"taxonomy":"category","embeddable":true,"href":"https:\/\/montecarloliving.com\/fr\/wp-json\/wp\/v2\/categories?post=8954"},{"taxonomy":"post_tag","embeddable":true,"href":"https:\/\/montecarloliving.com\/fr\/wp-json\/wp\/v2\/tags?post=8954"}],"curies":[{"name":"wp","href":"https:\/\/api.w.org\/{rel}","templated":true}]}}