{"id":8567,"date":"2024-03-08T09:10:11","date_gmt":"2024-03-08T08:10:11","guid":{"rendered":"https:\/\/montecarloliving.com\/?p=8567"},"modified":"2024-03-06T11:50:01","modified_gmt":"2024-03-06T10:50:01","slug":"evenements-du-week-end-du-9-et-10-mars-2024-nice","status":"publish","type":"post","link":"https:\/\/montecarloliving.com\/fr\/evenements\/evenements-du-week-end-du-9-et-10-mars-2024-nice-8567\/","title":{"rendered":"\u00c9v\u00e9nements du week-end du 9 et 10 mars 2024 \u00e0 Nice."},"content":{"rendered":"<p>\u00c9v\u00e9nements du Week-end \u00e0 Nice, d\u00e9couvrez-les tous !!<\/p>\n<h4>MARS AUX MUS\u00c9ES<\/h4>\n<p>Du 09\/03 au 23\/03\/2024, tous les jours.<\/p>\n<p>Mars aux Mus\u00e9es est un festival culturel qui c\u00e9l\u00e8bre cette ann\u00e9e son 23e anniversaire.<\/p>\n<p>Organis\u00e9 par l&rsquo;Universit\u00e9 C\u00f4te d&rsquo;Azur et la ville de Nice, le festival se d\u00e9roule dans les diff\u00e9rents mus\u00e9es de la ville, offrant aux r\u00e9sidents et aux \u00e9tudiants de la ville des \u00e9v\u00e9nements et des activit\u00e9s culturelles exceptionnelles.<\/p>\n<p><a href=\"https:\/\/marsauxmusees.com\/\">https:\/\/marsauxmusees.com\/<\/a><\/p>\n<h4>CONCERT : L\u2019H\u00c9RITAGE GOLDMAN AVEC MICHAEL JONES<\/h4>\n<p>Samedi 9 mars 2024 \u00e0 20h30.<\/p>\n<p>Les plus grands succ\u00e8s de GOLDMAN revisit\u00e9s par ERICK BENZI. MICHAEL JONES, le CH\u0152UR GOSPEL DE PARIS et quelques-unes des plus belles voix de la sc\u00e8ne fran\u00e7aise interpr\u00e8tent les succ\u00e8s de GOLDMAN, entour\u00e9s des musiciens et de l&rsquo;\u00e9quipe artistique originale de GOLDMAN.<\/p>\n<p><a href=\"https:\/\/www.nikaia.fr\/\">https:\/\/www.nikaia.fr\/<\/a><\/p>\n<h4>FOIRE DE NICE<\/h4>\n<p>Du 09\/03 au 18\/03\/2024, tous les jours de 10h \u00e0 19h.<br \/>\nSauf lundi 18 mars (fermeture \u00e0 18h00).<\/p>\n<p>Plus de 15 000 m\u00b2 \u00e0 d\u00e9couvrir, plus de 400 stands et 500 marques au c\u0153ur de Nice !<\/p>\n<p>Pour rendre votre visite plus facile et agr\u00e9able, la Foire Internationale de Nice est organis\u00e9e en 4 zones :<br \/>\n&#8211; Vivre bien, l&rsquo;espace de la vie quotidienne<br \/>\n&#8211; Plein air, l&rsquo;espace maison en plein air<br \/>\n&#8211; Parvis auto, l&rsquo;espace d\u00e9di\u00e9 \u00e0 l&rsquo;automobile<br \/>\n&#8211; Building, l&rsquo;espace maison<\/p>\n<p><a href=\"https:\/\/www.foiredenice.com\/contact\/\">https:\/\/www.foiredenice.com\/contact\/<\/a><\/p>\n<h4>OGC NICE VS MONTPELLIER HSC<\/h4>\n<p>Dimanche 10 mars 2024 \u00e0 15h.<\/p>\n<p>L&rsquo;OGC Nice affronte Montpellier le dimanche 10 mars \u00e0 15h00.<\/p>\n<p><a href=\"https:\/\/billetterie.ogcnice.com\/fr\/?utm_source=nice_tourisme&amp;utm_medium=nice_tourisme_agenda&amp;utm_campaign=billetterie_gp\">https:\/\/billetterie.ogcnice.com\/fr\/?utm_source=nice_tourisme&amp;utm_medium=nice_tourisme_agenda&amp;utm_campaign=billetterie_gp<\/a><\/p>\n<h4>MADAMA BUTTERFLY \u2013 OP\u00c9RA<\/h4>\n<p>\u00c0 l&rsquo;occasion du centenaire de sa mort, l&rsquo;Op\u00e9ra de Nice c\u00e9l\u00e8bre Puccini avec une reprise d&rsquo;un de ses plus grands chefs-d&rsquo;\u0153uvre : Madama Butterfly.<\/p>\n<p>Dans Madama Butterfly, le compositeur italien raconte la terrible histoire d&rsquo;une jeune geisha, Cio-Cio-San, \u00ab\u00a0mari\u00e9e\u00a0\u00bb \u00e0 un officier de marine am\u00e9ricain en escale au Japon. Apr\u00e8s son d\u00e9part, \u00ab\u00a0Butterfly\u00a0\u00bb, comme il l&rsquo;appelait affectueusement, vit seule en attendant son retour, promettant \u00e0 l&rsquo;enfant qu&rsquo;elle a avec lui un avenir heureux \u00e0 son retour&#8230;<\/p>\n<p><a href=\"https:\/\/www.explorenicecotedazur.com\/it\/fiche\/madama-butterfly-opera-it\/\">https:\/\/www.explorenicecotedazur.com\/it\/fiche\/madama-butterfly-opera-it\/<\/a><\/p>\n<h4>TETE \/ XAVIER POLYCARPE \/ JULES JACONELLI (LIVE)<\/h4>\n<p>Samedi 9 mars 2024 \u00e0 19h.<\/p>\n<p>Trois artistes de la sc\u00e8ne musicale fran\u00e7aise monteront sur sc\u00e8ne au Stockfish le samedi 9 mars. Une soir\u00e9e \u00e0 ne pas manquer !<\/p>\n<p><a href=\"https:\/\/etudiants.nice.fr\/stockfish\/\">https:\/\/etudiants.nice.fr\/stockfish\/<\/a><\/p>\n<h4>LA PETITE SIR\u00c8NE \u2013 R\u00c9GIS CAMPO<\/h4>\n<p>Pour sa nouvelle \u0153uvre, le compositeur marseillais R\u00e9gis Campo a choisi de revisiter le c\u00e9l\u00e8bre conte d&rsquo;Andersen pour montrer \u00e0 quel point il est moderne. Au-del\u00e0 de la terrible cruaut\u00e9 de cette histoire, il nous parle d&rsquo;amour, de renoncement et d&rsquo;accueil de la diff\u00e9rence&#8230; Avec son style vif et color\u00e9 et un langage \u00e0 la fois simple et profond, ce livre plaira aux petits et aux grands.<\/p>\n<p><a href=\"https:\/\/www.explorenicecotedazur.com\/it\/fiche\/la-petite-sirene-regis-campo-it\/\">https:\/\/www.explorenicecotedazur.com\/it\/fiche\/la-petite-sirene-regis-campo-it\/<\/a><\/p>\n<h4>FESTIVAL FEMMES EN SC\u00c8NES<\/h4>\n<p>Du 01\/03 au 10\/03\/2024, tous les jours.<\/p>\n<p>Le Festival Femmes en Sc\u00e8nes c\u00e9l\u00e8bre son 15e anniversaire !<br \/>\n10 lieux, 16 spectacles, 3 expositions : Danse, th\u00e9\u00e2tre, performance&#8230; \u00e0 Nice et Beaulieu sur Mer.<\/p>\n<p>Depuis 15 ans, le festival FEMMES EN SC\u00c8NES \u0153uvre pour mettre en lumi\u00e8re les artistes et les th\u00e9matiques f\u00e9minines. Les priorit\u00e9s de ce festival, cr\u00e9\u00e9 en 2009 pour c\u00e9l\u00e9brer la Journ\u00e9e internationale des droits des femmes, sont d&rsquo;offrir des sc\u00e8nes vari\u00e9es et mixtes, de m\u00e9langer les genres et<\/p>\n<p>de combattre les st\u00e9r\u00e9otypes sexistes. ESPACE MAGNAN, partenaire de longue date du Festival, est heureux d&rsquo;accueillir cette nouvelle \u00e9dition.<\/p>\n<p><a href=\"https:\/\/www.explorenicecotedazur.com\/it\/fiche\/festival-femmes-en-scenes-it\/\">https:\/\/www.explorenicecotedazur.com\/it\/fiche\/festival-femmes-en-scenes-it\/<\/a><\/p>\n<h4>PARIS-NICE EN V\u00c9LO<\/h4>\n<p>Du 03\/03 au 10\/03\/2024, tous les jours.<\/p>\n<p>82e \u00e9dition de la \u00ab\u00a0Course au Soleil\u00a0\u00bb.<\/p>\n<p>Les deux derni\u00e8res \u00e9tapes auront lieu sur le territoire Nice C\u00f4te d&rsquo;Azur :<br \/>\n9 mars : 7e \u00e9tape Nice &#8211; Auron, 173 km<br \/>\n10 mars : 8e \u00e9tape Nice &#8211; Nice, 109,3 km<\/p>\n<p><a href=\"https:\/\/www.paris-nice.fr\/fr\">https:\/\/www.paris-nice.fr\/fr<\/a><\/p>\n<h4>EXPOSITION : POP\u2019EXPO, DE L\u2019ATELIER AU D\u00c9FIL\u00c9<\/h4>\n<p>Du 17\/02 au 31\/03\/2024 de 11h \u00e0 18h.<br \/>\nFerm\u00e9 le mardi.<\/p>\n<p>L&rsquo;exposition retrace l&rsquo;histoire du Carnaval, de sa cr\u00e9ation en 1873 \u00e0 nos jours, et met en lumi\u00e8re les chars et les costumes inspir\u00e9s de la culture pop.<\/p>\n<p>Vous d\u00e9couvrirez des cr\u00e9ations originales avec des personnages de films, de s\u00e9ries t\u00e9l\u00e9vis\u00e9es, de bandes dessin\u00e9es et de jeux vid\u00e9o.<\/p>\n<p>De plus, elle rend hommage aux artisans du Carnaval, v\u00e9ritables cr\u00e9ateurs de l&rsquo;\u00e9v\u00e9nement.<\/p>\n<p><a href=\"https:\/\/www.nice.fr\/fr\/culture\/musees-et-galeries\/musee-massena-le-musee\">https:\/\/www.nice.fr\/fr\/culture\/musees-et-galeries\/musee-massena-le-musee<\/a><\/p>\n<h4>EXPOSITION: HENRI DAUMAN \u2013 THE MANHATTAN DARKROOM<\/h4>\n<p>Du 17\/02 au 26\/05\/2024 de 10h \u00e0 18h sauf le 1er mai.<br \/>\nFerm\u00e9 le lundi.<\/p>\n<p>Cette r\u00e9trospective du travail in\u00e9dit du photographe fran\u00e7ais Henri Dauman marque la derni\u00e8re collaboration avec le photographe, d\u00e9c\u00e9d\u00e9 le 13 septembre 2023 \u00e0 New York.<\/p>\n<p>Pr\u00e8s de 170 photographies accompagnent le public dans un voyage \u00e0 travers l&rsquo;histoire r\u00e9cente des \u00c9tats-Unis.<\/p>\n<p><a href=\"https:\/\/museephotographie.nice.fr\/\">https:\/\/museephotographie.nice.fr\/<\/a><\/p>\n<p>PARCOURS CARNAVAL 2024 \u201cTHE KING OF THE POP\u201d<\/p>\n<p>Du 16\/02 au 10\/03\/2024, tous les jours de 9h \u00e0 23h.<\/p>\n<p>Le parcours du carnaval \u00ab\u00a0The king of the pop\u00a0\u00bb : un parcours color\u00e9 et amusant bas\u00e9 sur les 5 sens ! Pr\u00e9parez-vous \u00e0 devenir le roi ou la reine de l&rsquo;aventure sensorielle avec un parcours unique, o\u00f9 le Carnaval r\u00e8gne en ma\u00eetre et \u00e9blouit tous vos sens.<\/p>\n<p><a href=\"https:\/\/nice.sensas.top\/\">https:\/\/nice.sensas.top\/<\/a><\/p>\n<h4>EXPOSITION \u201cOH LES 10 ANS | LES BEAUX JOURS DE LA GALERIE EVA VAUTIER\u201d<\/h4>\n<p>Du 08\/02 au 13\/04\/2024, tous les jours.<\/p>\n<p>\u00c0 l&rsquo;occasion de son dixi\u00e8me anniversaire, la galerie Eva Vautier invite 43 artistes \u00e0 participer \u00e0 une exposition collective r\u00e9trospective sur une d\u00e9cennie d&rsquo;expositions, d&rsquo;\u00e9v\u00e9nements et de projets de la galerie.<\/p>\n<p>Avec Agathe Wiesner, Agn\u00e8s Vitani, Aim\u00e9e Fleury, Alain Biet, Alain Snyers, Alice Guittard, Anna Byskov et bien d&rsquo;autres.<\/p>\n<p>Galerie Eva Vautier 2 rue Vernier Quartier Lib\u00e9ration + 33 9 80 31 76 63<\/p>\n<h4>EXPOSITION : MARTINE DOYTIER, UNE R\u00c9TROSPECTIVE<\/h4>\n<p>Du 03\/02 au 31\/07\/2024.<br \/>\nFerm\u00e9 le lundi et le dimanche.<\/p>\n<p>Cette exposition est la premi\u00e8re r\u00e9trospective consacr\u00e9e \u00e0 Martine Doytier. Elle r\u00e9unit toutes ses \u0153uvres connues \u00e0 ce jour.<\/p>\n<p>Martine Doytier a \u00e9t\u00e9 artiste \u00e0 Nice de 1971 \u00e0 1984. En treize ans, elle a d\u00e9velopp\u00e9 une \u0153uvre captivante.<\/p>\n<p>Son regard aiguis\u00e9 et sa capacit\u00e9 \u00e0 esquisser des personnages et \u00e0 raconter leurs histoires ont produit un corpus d&rsquo;\u0153uvres en \u00e9volution constante et l&rsquo;ont amen\u00e9e \u00e0 entreprendre ce qui serait son dernier \u0153uvre inachev\u00e9 : \u00ab\u00a0L&rsquo;Autoportrait\u00a0\u00bb, une peinture sur laquelle elle a travaill\u00e9 pendant cinq ans et qui d\u00e9crit avec passion son quotidien.<\/p>\n<p><a href=\"https:\/\/www.nice.fr\/fr\/culture\/musees-et-galeries\/l-artistique\">https:\/\/www.nice.fr\/fr\/culture\/musees-et-galeries\/l-artistique<\/a><\/p>\n<h4>ESCAPE GAME<\/h4>\n<p>Venez vivre l&rsquo;aventure immersive d&rsquo;un Escape-Game \u00e0 l&rsquo;Op\u00e9ra de Nice.<\/p>\n<p>Vous devrez enqu\u00eater et accomplir la mission avant que les portes du th\u00e9\u00e2tre ne se referment.<\/p>\n<p>Les personnages seront l\u00e0 pour vous aider ou, au contraire, pour&#8230;<\/p>\n<p><a href=\"https:\/\/www.opera-nice.org\/fr\">https:\/\/www.opera-nice.org\/fr<\/a><\/p>\n<h4>EXPOSITION \u2018POP ART\u2019<\/h4>\n<p>Du 10\/02 au 10\/03\/2024, tous les jours.<\/p>\n<p>Plongez dans notre cabinet de curiosit\u00e9s POP ART et profitez d&rsquo;une exp\u00e9rience immersive avec des personnages c\u00e9l\u00e8bres du cin\u00e9ma et de la culture pop !<\/p>\n<p>Sur les diff\u00e9rents niveaux du NICETOILE, une exposition de costumes de carnaval sera inaugur\u00e9e, dans le cadre du th\u00e8me de la culture pop.<\/p>\n<p><a href=\"https:\/\/www.explorenicecotedazur.com\/it\/fiche\/exposition-pop-art-it\/\">https:\/\/www.explorenicecotedazur.com\/it\/fiche\/exposition-pop-art-it\/<\/a><\/p>\n<h4>EXPOSITION : TINTIN ET TCHANG<\/h4>\n<p>Du 27\/01 au 30\/06\/2024 de 10h \u00e0 17h sauf le 1er mai.<br \/>\nFerm\u00e9 le mardi.<\/p>\n<p>Le Mus\u00e9e Herg\u00e9 de Louvain-la-Neuve (Belgique) s&rsquo;associe au D\u00e9partement des Alpes-Maritimes pour pr\u00e9senter une double exposition intitul\u00e9e Tintin, Herg\u00e9 et Chang.<\/p>\n<p>L&rsquo;exposition r\u00e9v\u00e8le les multiples facettes du p\u00e8re de Tintin \u00e0 travers une superbe s\u00e9lection de documents pr\u00e9cieux, de dessins originaux et d&rsquo;objets, pr\u00e9sent\u00e9s pour la premi\u00e8re fois sur la C\u00f4te d&rsquo;Azur.<\/p>\n<p><a href=\"https:\/\/maa.departement06.fr\/musee-des-arts-asiatiques-13422.html\">https:\/\/maa.departement06.fr\/musee-des-arts-asiatiques-13422.html<\/a><\/p>\n<h4>EXPOSITION \u2013 VIVRE POUR L\u2019ART \u2013 LES COLLECTIONS TRACHEL ET ROTHSCHILD \u00c0 NICE<\/h4>\n<p>Du 24\/11\/2023 au 28\/04\/2024, tous les jours. Le Mus\u00e9e des Beaux-Arts Jules Ch\u00e9ret, le Palais Lascaris, le Mus\u00e9e Mass\u00e9na et la Biblioth\u00e8que de Cessole pr\u00e9sentent l&rsquo;exposition Vivre pour l&rsquo;art.<\/p>\n<p>Les collections Trachel et Rothschild \u00e0 Nice. L&rsquo;exposition met en lumi\u00e8re les \u0153uvres g\u00e9n\u00e9reusement offertes \u00e0 la ville de Nice par ces deux grandes familles. Ces dons, effectu\u00e9s entre 1892 et 1912<\/p>\n<p>, comprennent plus de dix-sept cents \u0153uvres de divers types : objets arch\u00e9ologiques, dessins, aquarelles, peintures, sculptures, estampes, mais aussi meubles, c\u00e9ramiques et textiles. Elles constituent le noyau des collections mus\u00e9ales de Nice.<\/p>\n<p>Mus\u00e9e des Beaux-Arts Jules Ch\u00e9ret : du 24 novembre 2023 au 28 avril 2024. Palais Lascaris et Mus\u00e9e Mass\u00e9na : 24 novembre 2023 &#8211; 20 mai 2024.<\/p>\n<p>Mus\u00e9e des Beaux-Arts Jules Ch\u00e9ret 33 avenue des Baumettes<\/p>\n<h4>EXPOSITION : ROBERT FORTE \u2013 REGARD SUR LES ALPES SAUVAGES<\/h4>\n<p>Du 18\/11\/2023 au 17\/03\/2024 sauf le 1er janvier et le 25 d\u00e9cembre.<br \/>\nFerm\u00e9 le lundi.<\/p>\n<p>\u00ab\u00a0Un grave accident de la route m&rsquo;a laiss\u00e9 handicap\u00e9. Pour donner un sens \u00e0 ma vie, j&rsquo;ai d\u00e9cid\u00e9 de m&rsquo;orienter vers la photographie naturaliste\u00a0\u00bb. Robert Forte<\/p>\n<p>Originaire de Nice et amateur de montagne, Robert Forte consacre son temps \u00e0 cette passion, qui nous plonge dans le merveilleux monde de la faune sauvage. Pour lui, c&rsquo;est l&rsquo;occasion de s&rsquo;amuser avec les sommets des montagnes ou avec les couleurs du ciel, et d&rsquo;observer le comportement des animaux dans leur environnement naturel.<\/p>\n<p>Profitons de ces observations et rencontres magiques !<\/p>\n<p>Mus\u00e9e de la Photographie Charles N\u00e8gre (Galerie du Mus\u00e9e) 1 place Pierre Gautier<\/p>\n<h4>LES ELLES DE JEUX<\/h4>\n<p>Du 08\/11\/2023 au 22\/09\/2024, tous les jours.<\/p>\n<p>Le Mus\u00e9e National du Sport pr\u00e9sente Les Elles des Jeux, qui montre les progr\u00e8s spectaculaires r\u00e9alis\u00e9s en plus de 130 ans, depuis la quasi-exclusion des femmes jusqu&rsquo;\u00e0 la lutte pour l&rsquo;\u00e9galit\u00e9.<\/p>\n<p>LE PARCOURS DE L&rsquo;EXPOSITION<\/p>\n<p>Dans une sc\u00e9nographie immersive et interactive, l&rsquo;exposition Les Elles des Jeux retrace plus de 130 ans de notre soci\u00e9t\u00e9 contemporaine \u00e0 travers les histoires de femmes embl\u00e9matiques au destin exemplaire. L&rsquo;exposition est divis\u00e9e en 6 sections, \u00e0 la fois chronologiques et th\u00e9matiques. Avec \u00ab\u00a0Elles ne sont pas les bienvenues\u00a0\u00bb, l&rsquo;exposition commence son voyage dans le temps avec les premiers Jeux Olympiques de l&rsquo;\u00e8re moderne.<\/p>\n<p>Mus\u00e9e National du Sport Boulevard des Jardiniers &#8211; Stade Allianz Riviera CS 43 152<\/p>\n<h4>EXPOSITION \u201cON EST TOUS FOUS\u201d DE BEN<\/h4>\n<p>LUNDI, MERCREDI, JEUDI, VENDREDI, SAMEDI, DIMANCHE 10-12:30 et 13:30-18. Mus\u00e9e International d&rsquo;Art Na\u00eff Anatole Jakovsky Avenue de Fabron Ch\u00e2teau Sainte-H\u00e9l\u00e8ne +33 (0)4 93 71 78 33<\/p>\n<p><a href=\"https:\/\/www.nice.fr\/fr\/culture\/musees-et-galeries\/musee-d-art-naif\">https:\/\/www.nice.fr\/fr\/culture\/musees-et-galeries\/musee-d-art-naif<\/a><\/p>\n<p>&nbsp;<\/p>\n<p><a href=\"https:\/\/www.instagram.com\/monte_carlo_living\/\">Visitez Notre Page Instagram<\/a><\/p>\n<p><a href=\"https:\/\/montecarloliving.com\/fr\/\">Lisez D&rsquo;autres Articles<\/a><\/p>\n","protected":false},"excerpt":{"rendered":"<p>\u00c9v\u00e9nements du Week-end \u00e0 Nice, d\u00e9couvrez-les tous !! MARS AUX MUS\u00c9ES Du 09\/03 au 23\/03\/2024, tous les jours. Mars aux Mus\u00e9es est un festival culturel qui c\u00e9l\u00e8bre cette ann\u00e9e son 23e anniversaire. Organis\u00e9 par l&rsquo;Universit\u00e9 C\u00f4te d&rsquo;Azur et la ville de Nice, le festival [&hellip;]<\/p>\n","protected":false},"author":1,"featured_media":6503,"comment_status":"closed","ping_status":"closed","sticky":false,"template":"","format":"standard","meta":{"footnotes":""},"categories":[828,868],"tags":[],"class_list":["post-8567","post","type-post","status-publish","format-standard","has-post-thumbnail","hentry","category-evenements","category-nice-fr"],"yoast_head":"<!-- This site is optimized with the Yoast SEO plugin v27.4 - https:\/\/yoast.com\/product\/yoast-seo-wordpress\/ -->\n<title>\u00c9v\u00e9nements du week-end du 9 et 10 mars 2024 \u00e0 Nice.<\/title>\n<meta name=\"description\" content=\"\u00c9v\u00e9nements du Week-end \u00e0 Nice, d\u00e9couvrez-les tous !!MARS AUX MUS\u00c9ESDu 09\/03 au 23\/03\/2024, tous les jours.Mars aux Mus\u00e9es est un festival...\" \/>\n<meta name=\"robots\" content=\"index, follow, max-snippet:-1, max-image-preview:large, max-video-preview:-1\" \/>\n<link rel=\"canonical\" href=\"https:\/\/montecarloliving.com\/fr\/evenements\/evenements-du-week-end-du-9-et-10-mars-2024-nice-8567\/\" \/>\n<meta property=\"og:locale\" content=\"fr_FR\" \/>\n<meta property=\"og:title\" content=\"\u00c9v\u00e9nements du week-end du 9 et 10 mars 2024 \u00e0 Nice.\" \/>\n<meta property=\"og:description\" content=\"\u00c9v\u00e9nements du Week-end \u00e0 Nice, d\u00e9couvrez-les tous !!MARS AUX MUS\u00c9ESDu 09\/03 au 23\/03\/2024, tous les jours.Mars aux Mus\u00e9es est un festival...\" \/>\n<meta property=\"og:url\" content=\"https:\/\/montecarloliving.com\/fr\/evenements\/evenements-du-week-end-du-9-et-10-mars-2024-nice-8567\/\" \/>\n<meta property=\"og:site_name\" content=\"Montecarlo Living\" \/>\n<meta property=\"article:publisher\" content=\"https:\/\/www.facebook.com\/montecarlolivingcom\/\" \/>\n<meta property=\"article:published_time\" content=\"2024-03-08T08:10:11+00:00\" \/>\n<meta property=\"og:image\" content=\"https:\/\/montecarloliving.com\/wp-content\/uploads\/2024\/01\/COPERTINA-SITO-MONTECARLO-LIVING-11-650x400.jpg\" \/>\n\t<meta property=\"og:image:width\" content=\"650\" \/>\n\t<meta property=\"og:image:height\" content=\"400\" \/>\n\t<meta property=\"og:image:type\" content=\"image\/jpeg\" \/>\n<meta name=\"author\" content=\"Redazione\" \/>\n<meta name=\"twitter:card\" content=\"summary_large_image\" \/>\n<meta name=\"twitter:creator\" content=\"@MonteCarloLivi\" \/>\n<meta name=\"twitter:site\" content=\"@MonteCarloLivi\" \/>\n<meta name=\"twitter:label1\" content=\"\u00c9crit par\" \/>\n\t<meta name=\"twitter:data1\" content=\"Redazione\" \/>\n\t<meta name=\"twitter:label2\" content=\"Dur\u00e9e de lecture estim\u00e9e\" \/>\n\t<meta name=\"twitter:data2\" content=\"9 minutes\" \/>\n<script type=\"application\/ld+json\" class=\"yoast-schema-graph\">{\"@context\":\"https:\\\/\\\/schema.org\",\"@graph\":[{\"@type\":\"Article\",\"@id\":\"https:\\\/\\\/montecarloliving.com\\\/fr\\\/evenements\\\/evenements-du-week-end-du-9-et-10-mars-2024-nice-8567\\\/#article\",\"isPartOf\":{\"@id\":\"https:\\\/\\\/montecarloliving.com\\\/fr\\\/evenements\\\/evenements-du-week-end-du-9-et-10-mars-2024-nice-8567\\\/\"},\"author\":{\"name\":\"Redazione\",\"@id\":\"https:\\\/\\\/montecarloliving.com\\\/fr\\\/#\\\/schema\\\/person\\\/7e5945d4560862b7f2d2c6831bda2819\"},\"headline\":\"\u00c9v\u00e9nements du week-end du 9 et 10 mars 2024 \u00e0 Nice.\",\"datePublished\":\"2024-03-08T08:10:11+00:00\",\"mainEntityOfPage\":{\"@id\":\"https:\\\/\\\/montecarloliving.com\\\/fr\\\/evenements\\\/evenements-du-week-end-du-9-et-10-mars-2024-nice-8567\\\/\"},\"wordCount\":1766,\"image\":{\"@id\":\"https:\\\/\\\/montecarloliving.com\\\/fr\\\/evenements\\\/evenements-du-week-end-du-9-et-10-mars-2024-nice-8567\\\/#primaryimage\"},\"thumbnailUrl\":\"https:\\\/\\\/montecarloliving.com\\\/wp-content\\\/uploads\\\/2024\\\/01\\\/COPERTINA-SITO-MONTECARLO-LIVING-11.jpg\",\"articleSection\":[\"\u00c9v\u00e9nements\",\"Nice\"],\"inLanguage\":\"fr-FR\"},{\"@type\":\"WebPage\",\"@id\":\"https:\\\/\\\/montecarloliving.com\\\/fr\\\/evenements\\\/evenements-du-week-end-du-9-et-10-mars-2024-nice-8567\\\/\",\"url\":\"https:\\\/\\\/montecarloliving.com\\\/fr\\\/evenements\\\/evenements-du-week-end-du-9-et-10-mars-2024-nice-8567\\\/\",\"name\":\"\u00c9v\u00e9nements du week-end du 9 et 10 mars 2024 \u00e0 Nice.\",\"isPartOf\":{\"@id\":\"https:\\\/\\\/montecarloliving.com\\\/fr\\\/#website\"},\"primaryImageOfPage\":{\"@id\":\"https:\\\/\\\/montecarloliving.com\\\/fr\\\/evenements\\\/evenements-du-week-end-du-9-et-10-mars-2024-nice-8567\\\/#primaryimage\"},\"image\":{\"@id\":\"https:\\\/\\\/montecarloliving.com\\\/fr\\\/evenements\\\/evenements-du-week-end-du-9-et-10-mars-2024-nice-8567\\\/#primaryimage\"},\"thumbnailUrl\":\"https:\\\/\\\/montecarloliving.com\\\/wp-content\\\/uploads\\\/2024\\\/01\\\/COPERTINA-SITO-MONTECARLO-LIVING-11.jpg\",\"datePublished\":\"2024-03-08T08:10:11+00:00\",\"author\":{\"@id\":\"https:\\\/\\\/montecarloliving.com\\\/fr\\\/#\\\/schema\\\/person\\\/7e5945d4560862b7f2d2c6831bda2819\"},\"description\":\"\u00c9v\u00e9nements du Week-end \u00e0 Nice, d\u00e9couvrez-les tous !!MARS AUX MUS\u00c9ESDu 09\\\/03 au 23\\\/03\\\/2024, tous les jours.Mars aux Mus\u00e9es est un festival...\",\"breadcrumb\":{\"@id\":\"https:\\\/\\\/montecarloliving.com\\\/fr\\\/evenements\\\/evenements-du-week-end-du-9-et-10-mars-2024-nice-8567\\\/#breadcrumb\"},\"inLanguage\":\"fr-FR\",\"potentialAction\":[{\"@type\":\"ReadAction\",\"target\":[\"https:\\\/\\\/montecarloliving.com\\\/fr\\\/evenements\\\/evenements-du-week-end-du-9-et-10-mars-2024-nice-8567\\\/\"]}]},{\"@type\":\"ImageObject\",\"inLanguage\":\"fr-FR\",\"@id\":\"https:\\\/\\\/montecarloliving.com\\\/fr\\\/evenements\\\/evenements-du-week-end-du-9-et-10-mars-2024-nice-8567\\\/#primaryimage\",\"url\":\"https:\\\/\\\/montecarloliving.com\\\/wp-content\\\/uploads\\\/2024\\\/01\\\/COPERTINA-SITO-MONTECARLO-LIVING-11.jpg\",\"contentUrl\":\"https:\\\/\\\/montecarloliving.com\\\/wp-content\\\/uploads\\\/2024\\\/01\\\/COPERTINA-SITO-MONTECARLO-LIVING-11.jpg\",\"width\":2000,\"height\":1200,\"caption\":\"\u00c9v\u00e9nements du Weekend Nice\"},{\"@type\":\"BreadcrumbList\",\"@id\":\"https:\\\/\\\/montecarloliving.com\\\/fr\\\/evenements\\\/evenements-du-week-end-du-9-et-10-mars-2024-nice-8567\\\/#breadcrumb\",\"itemListElement\":[{\"@type\":\"ListItem\",\"position\":1,\"name\":\"Home\",\"item\":\"https:\\\/\\\/montecarloliving.com\\\/fr\\\/\"},{\"@type\":\"ListItem\",\"position\":2,\"name\":\"\u00c9v\u00e9nements du week-end du 9 et 10 mars 2024 \u00e0 Nice.\"}]},{\"@type\":\"WebSite\",\"@id\":\"https:\\\/\\\/montecarloliving.com\\\/fr\\\/#website\",\"url\":\"https:\\\/\\\/montecarloliving.com\\\/fr\\\/\",\"name\":\"Montecarlo Living\",\"description\":\"News da Montecarlo - Principato di Monaco e Costa Azzurra\",\"potentialAction\":[{\"@type\":\"SearchAction\",\"target\":{\"@type\":\"EntryPoint\",\"urlTemplate\":\"https:\\\/\\\/montecarloliving.com\\\/fr\\\/?s={search_term_string}\"},\"query-input\":{\"@type\":\"PropertyValueSpecification\",\"valueRequired\":true,\"valueName\":\"search_term_string\"}}],\"inLanguage\":\"fr-FR\"},{\"@type\":\"Person\",\"@id\":\"https:\\\/\\\/montecarloliving.com\\\/fr\\\/#\\\/schema\\\/person\\\/7e5945d4560862b7f2d2c6831bda2819\",\"name\":\"Redazione\",\"image\":{\"@type\":\"ImageObject\",\"inLanguage\":\"fr-FR\",\"@id\":\"https:\\\/\\\/secure.gravatar.com\\\/avatar\\\/8b5f26557e18fe74ad8e8a57ebb2925d88af8a90cee489ff2beefb391bc9b9c7?s=96&d=mm&r=g\",\"url\":\"https:\\\/\\\/secure.gravatar.com\\\/avatar\\\/8b5f26557e18fe74ad8e8a57ebb2925d88af8a90cee489ff2beefb391bc9b9c7?s=96&d=mm&r=g\",\"contentUrl\":\"https:\\\/\\\/secure.gravatar.com\\\/avatar\\\/8b5f26557e18fe74ad8e8a57ebb2925d88af8a90cee489ff2beefb391bc9b9c7?s=96&d=mm&r=g\",\"caption\":\"Redazione\"}}]}<\/script>\n<!-- \/ Yoast SEO plugin. -->","yoast_head_json":{"title":"\u00c9v\u00e9nements du week-end du 9 et 10 mars 2024 \u00e0 Nice.","description":"\u00c9v\u00e9nements du Week-end \u00e0 Nice, d\u00e9couvrez-les tous !!MARS AUX MUS\u00c9ESDu 09\/03 au 23\/03\/2024, tous les jours.Mars aux Mus\u00e9es est un festival...","robots":{"index":"index","follow":"follow","max-snippet":"max-snippet:-1","max-image-preview":"max-image-preview:large","max-video-preview":"max-video-preview:-1"},"canonical":"https:\/\/montecarloliving.com\/fr\/evenements\/evenements-du-week-end-du-9-et-10-mars-2024-nice-8567\/","og_locale":"fr_FR","og_title":"\u00c9v\u00e9nements du week-end du 9 et 10 mars 2024 \u00e0 Nice.","og_description":"\u00c9v\u00e9nements du Week-end \u00e0 Nice, d\u00e9couvrez-les tous !!MARS AUX MUS\u00c9ESDu 09\/03 au 23\/03\/2024, tous les jours.Mars aux Mus\u00e9es est un festival...","og_url":"https:\/\/montecarloliving.com\/fr\/evenements\/evenements-du-week-end-du-9-et-10-mars-2024-nice-8567\/","og_site_name":"Montecarlo Living","article_publisher":"https:\/\/www.facebook.com\/montecarlolivingcom\/","article_published_time":"2024-03-08T08:10:11+00:00","og_image":[{"width":650,"height":400,"url":"https:\/\/montecarloliving.com\/wp-content\/uploads\/2024\/01\/COPERTINA-SITO-MONTECARLO-LIVING-11-650x400.jpg","type":"image\/jpeg"}],"author":"Redazione","twitter_card":"summary_large_image","twitter_creator":"@MonteCarloLivi","twitter_site":"@MonteCarloLivi","twitter_misc":{"\u00c9crit par":"Redazione","Dur\u00e9e de lecture estim\u00e9e":"9 minutes"},"schema":{"@context":"https:\/\/schema.org","@graph":[{"@type":"Article","@id":"https:\/\/montecarloliving.com\/fr\/evenements\/evenements-du-week-end-du-9-et-10-mars-2024-nice-8567\/#article","isPartOf":{"@id":"https:\/\/montecarloliving.com\/fr\/evenements\/evenements-du-week-end-du-9-et-10-mars-2024-nice-8567\/"},"author":{"name":"Redazione","@id":"https:\/\/montecarloliving.com\/fr\/#\/schema\/person\/7e5945d4560862b7f2d2c6831bda2819"},"headline":"\u00c9v\u00e9nements du week-end du 9 et 10 mars 2024 \u00e0 Nice.","datePublished":"2024-03-08T08:10:11+00:00","mainEntityOfPage":{"@id":"https:\/\/montecarloliving.com\/fr\/evenements\/evenements-du-week-end-du-9-et-10-mars-2024-nice-8567\/"},"wordCount":1766,"image":{"@id":"https:\/\/montecarloliving.com\/fr\/evenements\/evenements-du-week-end-du-9-et-10-mars-2024-nice-8567\/#primaryimage"},"thumbnailUrl":"https:\/\/montecarloliving.com\/wp-content\/uploads\/2024\/01\/COPERTINA-SITO-MONTECARLO-LIVING-11.jpg","articleSection":["\u00c9v\u00e9nements","Nice"],"inLanguage":"fr-FR"},{"@type":"WebPage","@id":"https:\/\/montecarloliving.com\/fr\/evenements\/evenements-du-week-end-du-9-et-10-mars-2024-nice-8567\/","url":"https:\/\/montecarloliving.com\/fr\/evenements\/evenements-du-week-end-du-9-et-10-mars-2024-nice-8567\/","name":"\u00c9v\u00e9nements du week-end du 9 et 10 mars 2024 \u00e0 Nice.","isPartOf":{"@id":"https:\/\/montecarloliving.com\/fr\/#website"},"primaryImageOfPage":{"@id":"https:\/\/montecarloliving.com\/fr\/evenements\/evenements-du-week-end-du-9-et-10-mars-2024-nice-8567\/#primaryimage"},"image":{"@id":"https:\/\/montecarloliving.com\/fr\/evenements\/evenements-du-week-end-du-9-et-10-mars-2024-nice-8567\/#primaryimage"},"thumbnailUrl":"https:\/\/montecarloliving.com\/wp-content\/uploads\/2024\/01\/COPERTINA-SITO-MONTECARLO-LIVING-11.jpg","datePublished":"2024-03-08T08:10:11+00:00","author":{"@id":"https:\/\/montecarloliving.com\/fr\/#\/schema\/person\/7e5945d4560862b7f2d2c6831bda2819"},"description":"\u00c9v\u00e9nements du Week-end \u00e0 Nice, d\u00e9couvrez-les tous !!MARS AUX MUS\u00c9ESDu 09\/03 au 23\/03\/2024, tous les jours.Mars aux Mus\u00e9es est un festival...","breadcrumb":{"@id":"https:\/\/montecarloliving.com\/fr\/evenements\/evenements-du-week-end-du-9-et-10-mars-2024-nice-8567\/#breadcrumb"},"inLanguage":"fr-FR","potentialAction":[{"@type":"ReadAction","target":["https:\/\/montecarloliving.com\/fr\/evenements\/evenements-du-week-end-du-9-et-10-mars-2024-nice-8567\/"]}]},{"@type":"ImageObject","inLanguage":"fr-FR","@id":"https:\/\/montecarloliving.com\/fr\/evenements\/evenements-du-week-end-du-9-et-10-mars-2024-nice-8567\/#primaryimage","url":"https:\/\/montecarloliving.com\/wp-content\/uploads\/2024\/01\/COPERTINA-SITO-MONTECARLO-LIVING-11.jpg","contentUrl":"https:\/\/montecarloliving.com\/wp-content\/uploads\/2024\/01\/COPERTINA-SITO-MONTECARLO-LIVING-11.jpg","width":2000,"height":1200,"caption":"\u00c9v\u00e9nements du Weekend Nice"},{"@type":"BreadcrumbList","@id":"https:\/\/montecarloliving.com\/fr\/evenements\/evenements-du-week-end-du-9-et-10-mars-2024-nice-8567\/#breadcrumb","itemListElement":[{"@type":"ListItem","position":1,"name":"Home","item":"https:\/\/montecarloliving.com\/fr\/"},{"@type":"ListItem","position":2,"name":"\u00c9v\u00e9nements du week-end du 9 et 10 mars 2024 \u00e0 Nice."}]},{"@type":"WebSite","@id":"https:\/\/montecarloliving.com\/fr\/#website","url":"https:\/\/montecarloliving.com\/fr\/","name":"Montecarlo Living","description":"News da Montecarlo - Principato di Monaco e Costa Azzurra","potentialAction":[{"@type":"SearchAction","target":{"@type":"EntryPoint","urlTemplate":"https:\/\/montecarloliving.com\/fr\/?s={search_term_string}"},"query-input":{"@type":"PropertyValueSpecification","valueRequired":true,"valueName":"search_term_string"}}],"inLanguage":"fr-FR"},{"@type":"Person","@id":"https:\/\/montecarloliving.com\/fr\/#\/schema\/person\/7e5945d4560862b7f2d2c6831bda2819","name":"Redazione","image":{"@type":"ImageObject","inLanguage":"fr-FR","@id":"https:\/\/secure.gravatar.com\/avatar\/8b5f26557e18fe74ad8e8a57ebb2925d88af8a90cee489ff2beefb391bc9b9c7?s=96&d=mm&r=g","url":"https:\/\/secure.gravatar.com\/avatar\/8b5f26557e18fe74ad8e8a57ebb2925d88af8a90cee489ff2beefb391bc9b9c7?s=96&d=mm&r=g","contentUrl":"https:\/\/secure.gravatar.com\/avatar\/8b5f26557e18fe74ad8e8a57ebb2925d88af8a90cee489ff2beefb391bc9b9c7?s=96&d=mm&r=g","caption":"Redazione"}}]}},"_links":{"self":[{"href":"https:\/\/montecarloliving.com\/fr\/wp-json\/wp\/v2\/posts\/8567","targetHints":{"allow":["GET"]}}],"collection":[{"href":"https:\/\/montecarloliving.com\/fr\/wp-json\/wp\/v2\/posts"}],"about":[{"href":"https:\/\/montecarloliving.com\/fr\/wp-json\/wp\/v2\/types\/post"}],"author":[{"embeddable":true,"href":"https:\/\/montecarloliving.com\/fr\/wp-json\/wp\/v2\/users\/1"}],"replies":[{"embeddable":true,"href":"https:\/\/montecarloliving.com\/fr\/wp-json\/wp\/v2\/comments?post=8567"}],"version-history":[{"count":1,"href":"https:\/\/montecarloliving.com\/fr\/wp-json\/wp\/v2\/posts\/8567\/revisions"}],"predecessor-version":[{"id":8568,"href":"https:\/\/montecarloliving.com\/fr\/wp-json\/wp\/v2\/posts\/8567\/revisions\/8568"}],"wp:featuredmedia":[{"embeddable":true,"href":"https:\/\/montecarloliving.com\/fr\/wp-json\/wp\/v2\/media\/6503"}],"wp:attachment":[{"href":"https:\/\/montecarloliving.com\/fr\/wp-json\/wp\/v2\/media?parent=8567"}],"wp:term":[{"taxonomy":"category","embeddable":true,"href":"https:\/\/montecarloliving.com\/fr\/wp-json\/wp\/v2\/categories?post=8567"},{"taxonomy":"post_tag","embeddable":true,"href":"https:\/\/montecarloliving.com\/fr\/wp-json\/wp\/v2\/tags?post=8567"}],"curies":[{"name":"wp","href":"https:\/\/api.w.org\/{rel}","templated":true}]}}