{"id":8493,"date":"2024-03-05T09:43:11","date_gmt":"2024-03-05T08:43:11","guid":{"rendered":"https:\/\/montecarloliving.com\/?p=8493"},"modified":"2024-03-05T10:05:45","modified_gmt":"2024-03-05T09:05:45","slug":"acli-terra-dans-principaute-de-monaco-avec-levenement-officine-dei-sensi-filiera-risicola-trasformato-ittico","status":"publish","type":"post","link":"https:\/\/montecarloliving.com\/fr\/evenements\/acli-terra-dans-principaute-de-monaco-avec-levenement-officine-dei-sensi-filiera-risicola-trasformato-ittico-8493\/","title":{"rendered":"Acli Terra dans la Principaut\u00e9 de Monaco avec l&rsquo;\u00e9v\u00e9nement \u00ab\u00a0Officine dei sensi \u2013 filiera risicola e trasformato ittico\u00a0\u00bb"},"content":{"rendered":"<p><strong>Le prochain \u00e9v\u00e9nement international d&rsquo;Acli Terra, \u00ab\u00a0Officine dei sensi, filiera risicola e trasformato ittico,\u00a0\u00bb se d\u00e9roulera dans la Principaut\u00e9 de Monaco, organis\u00e9 en collaboration avec le bar sur le toit \u00c9quivoque.<\/strong><\/p>\n<p>Le jeudi 7 mars 2024, \u00e0 partir de 16h00 sur la terrasse raffin\u00e9e de l&rsquo;\u00c9quivoque, surplombant le port Hercules au centre de la Principaut\u00e9, avec un travail d&rsquo;\u00e9quipe productif, l&rsquo;objectif est de mettre en avant l&rsquo;importance et la haute qualit\u00e9 de deux secteurs agroalimentaires italiens importants : le riz de Vercelli et les produits de la p\u00eache tyrrh\u00e9nienne.<\/p>\n<p><img loading=\"lazy\" decoding=\"async\" class=\" wp-image-8494 aligncenter\" src=\"https:\/\/montecarloliving.com\/wp-content\/uploads\/2024\/03\/officina-dei-sensi-acli-terra-principato-di-monaco-7-marzo-2024-2.jpeg\" alt=\"\" width=\"540\" height=\"764\" srcset=\"https:\/\/montecarloliving.com\/wp-content\/uploads\/2024\/03\/officina-dei-sensi-acli-terra-principato-di-monaco-7-marzo-2024-2.jpeg 1414w, https:\/\/montecarloliving.com\/wp-content\/uploads\/2024\/03\/officina-dei-sensi-acli-terra-principato-di-monaco-7-marzo-2024-2-212x300.jpeg 212w, https:\/\/montecarloliving.com\/wp-content\/uploads\/2024\/03\/officina-dei-sensi-acli-terra-principato-di-monaco-7-marzo-2024-2-724x1024.jpeg 724w, https:\/\/montecarloliving.com\/wp-content\/uploads\/2024\/03\/officina-dei-sensi-acli-terra-principato-di-monaco-7-marzo-2024-2-768x1086.jpeg 768w, https:\/\/montecarloliving.com\/wp-content\/uploads\/2024\/03\/officina-dei-sensi-acli-terra-principato-di-monaco-7-marzo-2024-2-1086x1536.jpeg 1086w\" sizes=\"auto, (max-width: 540px) 100vw, 540px\" \/><\/p>\n<p>L&rsquo;\u00e9v\u00e9nement mettra donc en avant le recherch\u00e9 riz rose de la r\u00e9gion de Vercelli, repr\u00e9sent\u00e9 par les entreprises associ\u00e9es \u00e0 Acli Terra, dans des combinaisons gastronomiques raffin\u00e9es, ainsi que des cocktails avec du poisson de la mer Tyrrh\u00e9nienne. La prestigieuse Pomme IGP Annurca de Campanie sera \u00e9galement mise en valeur.<\/p>\n<p>\u00c0 travers cette nouvelle rencontre &#8211; en personne et en ligne sur les r\u00e9seaux sociaux d&rsquo;Acli Terra &#8211; pour la promotion et la valorisation des produits italiens \u00e0 l&rsquo;\u00e9tranger, avec un atelier et un showcooking d\u00e9di\u00e9s, Acli Terra r\u00e9unit des producteurs, des biologistes, des agronomes et des chefs dans un jeu d&rsquo;\u00e9quipe, convaincue de la n\u00e9cessit\u00e9 d&rsquo;une action synergique et convergente des talents et comp\u00e9tences des professions les plus diverses.<\/p>\n<p>L&rsquo;association professionnelle d&rsquo;inspiration chr\u00e9tienne qui prot\u00e8ge et promeut les acteurs ruraux et maritimes rassemble, lors de cet \u00e9v\u00e9nement mon\u00e9gasque, des exp\u00e9riences et des repr\u00e9sentants de toute l&rsquo;Italie, notamment les entreprises rizicoles mentionn\u00e9es de Vercelli pour le Pi\u00e9mont ; la coop\u00e9rative \u00ab\u00a0I pescatori di Orbetello\u00a0\u00bb en Toscane ; les chefs de \u00ab\u00a0La bocca di Roma\u00a0\u00bb pour le Latium et la Capitale ; et les chefs de \u00ab\u00a0Masseria San Rocco\u00a0\u00bb en Campanie. Et bien s\u00fbr, les cr\u00e9ateurs et gestionnaires italiens d&rsquo;\u00c9quivoque avec leurs chefs et barman.<\/p>\n<p>L&rsquo;ambassadeur d&rsquo;Italie aupr\u00e8s de la Principaut\u00e9 de Monaco, Giulio Alaimo, sera l&rsquo;invit\u00e9 de ce nouvel \u00e9v\u00e9nement d&rsquo;Acli Terra, \u00ab\u00a0Officine dei sensi, filiera risicola e trasformato ittico\u00a0\u00bb, et interviendra avec le pr\u00e9sident national d&rsquo;Acli Terra, Nicola Tavoletta, et les gestionnaires d&rsquo;\u00c9quivoque, Daniele Losquadro, Pasquale Buonanno et Nicola Buratto.<\/p>\n<p>Le programme d\u00e9butera \u00e0 16h00 avec un atelier anim\u00e9 par le biologiste Claudio Brinati, l&rsquo;agronome Pasquale Galdieri, le pr\u00e9sident de la coop\u00e9rative \u00ab\u00a0I pescatori di Orbetello\u00a0\u00bb, Pierluigi Piro, et la gestionnaire Alice Laurent. Suivra \u00e0 17h00 le showcooking avec Emanuele Federici, chef de \u00ab\u00a0La bocca di Roma\u00a0\u00bb ; Antonio Troise et Germano Parisi, chefs de \u00ab\u00a0Masseria San Rocco\u00a0\u00bb. \u00c0 18h00, il y aura une classe de mixologie avec Buonanno et Buratto, gestionnaires d&rsquo;\u00c9quivoque.<\/p>\n<p>\u00ab\u00a0Cet \u00e9v\u00e9nement \u00e0 Monaco s&rsquo;inscrit dans l&rsquo;engagement d&rsquo;Acli Terra \u00e0 transformer nos membres de &lsquo;couturiers en stylistes&rsquo;. Dans notre cas, en de v\u00e9ritables &lsquo;stylistes du go\u00fbt&rsquo;, \u00e0 l&rsquo;instar de l&rsquo;\u00e9volution du textile italien, du Made in Italy. Il s&rsquo;agit d&rsquo;une action positive suppl\u00e9mentaire \u00e0 r\u00e9aliser \u00e9galement pour le secteur agroalimentaire, repr\u00e9sentant l&rsquo;excellence des produits italiens et du go\u00fbt au niveau national et international\u00a0\u00bb, souligne le pr\u00e9sident d&rsquo;Acli Terra, Nicola Tavoletta.<\/p>\n<p>Le partenaire m\u00e9dia est le Montecarlo Times.<\/p>\n","protected":false},"excerpt":{"rendered":"<p>Le prochain \u00e9v\u00e9nement international d&rsquo;Acli Terra, \u00ab\u00a0Officine dei sensi, filiera risicola e trasformato ittico,\u00a0\u00bb se d\u00e9roulera dans la Principaut\u00e9 de Monaco, organis\u00e9 en collaboration avec le bar sur le toit \u00c9quivoque. Le jeudi 7 mars 2024, \u00e0 partir de 16h00 sur la terrasse raffin\u00e9e [&hellip;]<\/p>\n","protected":false},"author":1,"featured_media":8486,"comment_status":"closed","ping_status":"closed","sticky":false,"template":"","format":"standard","meta":{"footnotes":""},"categories":[828,823,867],"tags":[],"class_list":["post-8493","post","type-post","status-publish","format-standard","has-post-thumbnail","hentry","category-evenements","category-italie-et-monaco","category-monaco-fr"],"yoast_head":"<!-- This site is optimized with the Yoast SEO plugin v27.4 - https:\/\/yoast.com\/product\/yoast-seo-wordpress\/ -->\n<title>Acli Terra dans la Principaut\u00e9 de Monaco avec l&#039;\u00e9v\u00e9nement &quot;Officine dei sensi \u2013 filiera risicola e trasformato ittico&quot;<\/title>\n<meta name=\"description\" content=\"Le prochain \u00e9v\u00e9nement international d&#039;Acli Terra, &quot;Officine dei sensi, filiera risicola e trasformato ittico,&quot; se d\u00e9roulera dans la Principaut\u00e9 de Monaco,\" \/>\n<meta name=\"robots\" content=\"index, follow, max-snippet:-1, max-image-preview:large, max-video-preview:-1\" \/>\n<link rel=\"canonical\" href=\"https:\/\/montecarloliving.com\/fr\/evenements\/acli-terra-dans-principaute-de-monaco-avec-levenement-officine-dei-sensi-filiera-risicola-trasformato-ittico-8493\/\" \/>\n<meta property=\"og:locale\" content=\"fr_FR\" \/>\n<meta property=\"og:title\" content=\"Acli Terra dans la Principaut\u00e9 de Monaco avec l&#039;\u00e9v\u00e9nement &quot;Officine dei sensi \u2013 filiera risicola e trasformato ittico&quot;\" \/>\n<meta property=\"og:description\" content=\"Le prochain \u00e9v\u00e9nement international d&#039;Acli Terra, &quot;Officine dei sensi, filiera risicola e trasformato ittico,&quot; se d\u00e9roulera dans la Principaut\u00e9 de Monaco,\" \/>\n<meta property=\"og:url\" content=\"https:\/\/montecarloliving.com\/fr\/evenements\/acli-terra-dans-principaute-de-monaco-avec-levenement-officine-dei-sensi-filiera-risicola-trasformato-ittico-8493\/\" \/>\n<meta property=\"og:site_name\" content=\"Montecarlo Living\" \/>\n<meta property=\"article:publisher\" content=\"https:\/\/www.facebook.com\/montecarlolivingcom\/\" \/>\n<meta property=\"article:published_time\" content=\"2024-03-05T08:43:11+00:00\" \/>\n<meta property=\"article:modified_time\" content=\"2024-03-05T09:05:45+00:00\" \/>\n<meta property=\"og:image\" content=\"https:\/\/montecarloliving.com\/wp-content\/uploads\/2024\/03\/officina-dei-sensi-acli-terra-principato-di-monaco-7-marzo-2024-e1709628855757-650x400.jpeg\" \/>\n\t<meta property=\"og:image:width\" content=\"650\" \/>\n\t<meta property=\"og:image:height\" content=\"400\" \/>\n\t<meta property=\"og:image:type\" content=\"image\/jpeg\" \/>\n<meta name=\"author\" content=\"Redazione\" \/>\n<meta name=\"twitter:card\" content=\"summary_large_image\" \/>\n<meta name=\"twitter:creator\" content=\"@MonteCarloLivi\" \/>\n<meta name=\"twitter:site\" content=\"@MonteCarloLivi\" \/>\n<meta name=\"twitter:label1\" content=\"\u00c9crit par\" \/>\n\t<meta name=\"twitter:data1\" content=\"Redazione\" \/>\n\t<meta name=\"twitter:label2\" content=\"Dur\u00e9e de lecture estim\u00e9e\" \/>\n\t<meta name=\"twitter:data2\" content=\"3 minutes\" \/>\n<script type=\"application\/ld+json\" class=\"yoast-schema-graph\">{\"@context\":\"https:\\\/\\\/schema.org\",\"@graph\":[{\"@type\":\"Article\",\"@id\":\"https:\\\/\\\/montecarloliving.com\\\/fr\\\/evenements\\\/acli-terra-dans-principaute-de-monaco-avec-levenement-officine-dei-sensi-filiera-risicola-trasformato-ittico-8493\\\/#article\",\"isPartOf\":{\"@id\":\"https:\\\/\\\/montecarloliving.com\\\/fr\\\/evenements\\\/acli-terra-dans-principaute-de-monaco-avec-levenement-officine-dei-sensi-filiera-risicola-trasformato-ittico-8493\\\/\"},\"author\":{\"name\":\"Redazione\",\"@id\":\"https:\\\/\\\/montecarloliving.com\\\/fr\\\/#\\\/schema\\\/person\\\/7e5945d4560862b7f2d2c6831bda2819\"},\"headline\":\"Acli Terra dans la Principaut\u00e9 de Monaco avec l&rsquo;\u00e9v\u00e9nement \u00ab\u00a0Officine dei sensi \u2013 filiera risicola e trasformato ittico\u00a0\u00bb\",\"datePublished\":\"2024-03-05T08:43:11+00:00\",\"dateModified\":\"2024-03-05T09:05:45+00:00\",\"mainEntityOfPage\":{\"@id\":\"https:\\\/\\\/montecarloliving.com\\\/fr\\\/evenements\\\/acli-terra-dans-principaute-de-monaco-avec-levenement-officine-dei-sensi-filiera-risicola-trasformato-ittico-8493\\\/\"},\"wordCount\":565,\"image\":{\"@id\":\"https:\\\/\\\/montecarloliving.com\\\/fr\\\/evenements\\\/acli-terra-dans-principaute-de-monaco-avec-levenement-officine-dei-sensi-filiera-risicola-trasformato-ittico-8493\\\/#primaryimage\"},\"thumbnailUrl\":\"https:\\\/\\\/montecarloliving.com\\\/wp-content\\\/uploads\\\/2024\\\/03\\\/officina-dei-sensi-acli-terra-principato-di-monaco-7-marzo-2024-e1709628855757.jpeg\",\"articleSection\":[\"\u00c9v\u00e9nements\",\"Italie et Monaco\",\"Monaco\"],\"inLanguage\":\"fr-FR\"},{\"@type\":\"WebPage\",\"@id\":\"https:\\\/\\\/montecarloliving.com\\\/fr\\\/evenements\\\/acli-terra-dans-principaute-de-monaco-avec-levenement-officine-dei-sensi-filiera-risicola-trasformato-ittico-8493\\\/\",\"url\":\"https:\\\/\\\/montecarloliving.com\\\/fr\\\/evenements\\\/acli-terra-dans-principaute-de-monaco-avec-levenement-officine-dei-sensi-filiera-risicola-trasformato-ittico-8493\\\/\",\"name\":\"Acli Terra dans la Principaut\u00e9 de Monaco avec l'\u00e9v\u00e9nement \\\"Officine dei sensi \u2013 filiera risicola e trasformato ittico\\\"\",\"isPartOf\":{\"@id\":\"https:\\\/\\\/montecarloliving.com\\\/fr\\\/#website\"},\"primaryImageOfPage\":{\"@id\":\"https:\\\/\\\/montecarloliving.com\\\/fr\\\/evenements\\\/acli-terra-dans-principaute-de-monaco-avec-levenement-officine-dei-sensi-filiera-risicola-trasformato-ittico-8493\\\/#primaryimage\"},\"image\":{\"@id\":\"https:\\\/\\\/montecarloliving.com\\\/fr\\\/evenements\\\/acli-terra-dans-principaute-de-monaco-avec-levenement-officine-dei-sensi-filiera-risicola-trasformato-ittico-8493\\\/#primaryimage\"},\"thumbnailUrl\":\"https:\\\/\\\/montecarloliving.com\\\/wp-content\\\/uploads\\\/2024\\\/03\\\/officina-dei-sensi-acli-terra-principato-di-monaco-7-marzo-2024-e1709628855757.jpeg\",\"datePublished\":\"2024-03-05T08:43:11+00:00\",\"dateModified\":\"2024-03-05T09:05:45+00:00\",\"author\":{\"@id\":\"https:\\\/\\\/montecarloliving.com\\\/fr\\\/#\\\/schema\\\/person\\\/7e5945d4560862b7f2d2c6831bda2819\"},\"description\":\"Le prochain \u00e9v\u00e9nement international d'Acli Terra, \\\"Officine dei sensi, filiera risicola e trasformato ittico,\\\" se d\u00e9roulera dans la Principaut\u00e9 de Monaco,\",\"breadcrumb\":{\"@id\":\"https:\\\/\\\/montecarloliving.com\\\/fr\\\/evenements\\\/acli-terra-dans-principaute-de-monaco-avec-levenement-officine-dei-sensi-filiera-risicola-trasformato-ittico-8493\\\/#breadcrumb\"},\"inLanguage\":\"fr-FR\",\"potentialAction\":[{\"@type\":\"ReadAction\",\"target\":[\"https:\\\/\\\/montecarloliving.com\\\/fr\\\/evenements\\\/acli-terra-dans-principaute-de-monaco-avec-levenement-officine-dei-sensi-filiera-risicola-trasformato-ittico-8493\\\/\"]}]},{\"@type\":\"ImageObject\",\"inLanguage\":\"fr-FR\",\"@id\":\"https:\\\/\\\/montecarloliving.com\\\/fr\\\/evenements\\\/acli-terra-dans-principaute-de-monaco-avec-levenement-officine-dei-sensi-filiera-risicola-trasformato-ittico-8493\\\/#primaryimage\",\"url\":\"https:\\\/\\\/montecarloliving.com\\\/wp-content\\\/uploads\\\/2024\\\/03\\\/officina-dei-sensi-acli-terra-principato-di-monaco-7-marzo-2024-e1709628855757.jpeg\",\"contentUrl\":\"https:\\\/\\\/montecarloliving.com\\\/wp-content\\\/uploads\\\/2024\\\/03\\\/officina-dei-sensi-acli-terra-principato-di-monaco-7-marzo-2024-e1709628855757.jpeg\",\"width\":1413,\"height\":897},{\"@type\":\"BreadcrumbList\",\"@id\":\"https:\\\/\\\/montecarloliving.com\\\/fr\\\/evenements\\\/acli-terra-dans-principaute-de-monaco-avec-levenement-officine-dei-sensi-filiera-risicola-trasformato-ittico-8493\\\/#breadcrumb\",\"itemListElement\":[{\"@type\":\"ListItem\",\"position\":1,\"name\":\"Home\",\"item\":\"https:\\\/\\\/montecarloliving.com\\\/fr\\\/\"},{\"@type\":\"ListItem\",\"position\":2,\"name\":\"Acli Terra dans la Principaut\u00e9 de Monaco avec l&#8217;\u00e9v\u00e9nement &#8220;Officine dei sensi \u2013 filiera risicola e trasformato ittico&#8221;\"}]},{\"@type\":\"WebSite\",\"@id\":\"https:\\\/\\\/montecarloliving.com\\\/fr\\\/#website\",\"url\":\"https:\\\/\\\/montecarloliving.com\\\/fr\\\/\",\"name\":\"Montecarlo Living\",\"description\":\"News da Montecarlo - Principato di Monaco e Costa Azzurra\",\"potentialAction\":[{\"@type\":\"SearchAction\",\"target\":{\"@type\":\"EntryPoint\",\"urlTemplate\":\"https:\\\/\\\/montecarloliving.com\\\/fr\\\/?s={search_term_string}\"},\"query-input\":{\"@type\":\"PropertyValueSpecification\",\"valueRequired\":true,\"valueName\":\"search_term_string\"}}],\"inLanguage\":\"fr-FR\"},{\"@type\":\"Person\",\"@id\":\"https:\\\/\\\/montecarloliving.com\\\/fr\\\/#\\\/schema\\\/person\\\/7e5945d4560862b7f2d2c6831bda2819\",\"name\":\"Redazione\",\"image\":{\"@type\":\"ImageObject\",\"inLanguage\":\"fr-FR\",\"@id\":\"https:\\\/\\\/secure.gravatar.com\\\/avatar\\\/8b5f26557e18fe74ad8e8a57ebb2925d88af8a90cee489ff2beefb391bc9b9c7?s=96&d=mm&r=g\",\"url\":\"https:\\\/\\\/secure.gravatar.com\\\/avatar\\\/8b5f26557e18fe74ad8e8a57ebb2925d88af8a90cee489ff2beefb391bc9b9c7?s=96&d=mm&r=g\",\"contentUrl\":\"https:\\\/\\\/secure.gravatar.com\\\/avatar\\\/8b5f26557e18fe74ad8e8a57ebb2925d88af8a90cee489ff2beefb391bc9b9c7?s=96&d=mm&r=g\",\"caption\":\"Redazione\"}}]}<\/script>\n<!-- \/ Yoast SEO plugin. -->","yoast_head_json":{"title":"Acli Terra dans la Principaut\u00e9 de Monaco avec l'\u00e9v\u00e9nement \"Officine dei sensi \u2013 filiera risicola e trasformato ittico\"","description":"Le prochain \u00e9v\u00e9nement international d'Acli Terra, \"Officine dei sensi, filiera risicola e trasformato ittico,\" se d\u00e9roulera dans la Principaut\u00e9 de Monaco,","robots":{"index":"index","follow":"follow","max-snippet":"max-snippet:-1","max-image-preview":"max-image-preview:large","max-video-preview":"max-video-preview:-1"},"canonical":"https:\/\/montecarloliving.com\/fr\/evenements\/acli-terra-dans-principaute-de-monaco-avec-levenement-officine-dei-sensi-filiera-risicola-trasformato-ittico-8493\/","og_locale":"fr_FR","og_title":"Acli Terra dans la Principaut\u00e9 de Monaco avec l'\u00e9v\u00e9nement \"Officine dei sensi \u2013 filiera risicola e trasformato ittico\"","og_description":"Le prochain \u00e9v\u00e9nement international d'Acli Terra, \"Officine dei sensi, filiera risicola e trasformato ittico,\" se d\u00e9roulera dans la Principaut\u00e9 de Monaco,","og_url":"https:\/\/montecarloliving.com\/fr\/evenements\/acli-terra-dans-principaute-de-monaco-avec-levenement-officine-dei-sensi-filiera-risicola-trasformato-ittico-8493\/","og_site_name":"Montecarlo Living","article_publisher":"https:\/\/www.facebook.com\/montecarlolivingcom\/","article_published_time":"2024-03-05T08:43:11+00:00","article_modified_time":"2024-03-05T09:05:45+00:00","og_image":[{"width":650,"height":400,"url":"https:\/\/montecarloliving.com\/wp-content\/uploads\/2024\/03\/officina-dei-sensi-acli-terra-principato-di-monaco-7-marzo-2024-e1709628855757-650x400.jpeg","type":"image\/jpeg"}],"author":"Redazione","twitter_card":"summary_large_image","twitter_creator":"@MonteCarloLivi","twitter_site":"@MonteCarloLivi","twitter_misc":{"\u00c9crit par":"Redazione","Dur\u00e9e de lecture estim\u00e9e":"3 minutes"},"schema":{"@context":"https:\/\/schema.org","@graph":[{"@type":"Article","@id":"https:\/\/montecarloliving.com\/fr\/evenements\/acli-terra-dans-principaute-de-monaco-avec-levenement-officine-dei-sensi-filiera-risicola-trasformato-ittico-8493\/#article","isPartOf":{"@id":"https:\/\/montecarloliving.com\/fr\/evenements\/acli-terra-dans-principaute-de-monaco-avec-levenement-officine-dei-sensi-filiera-risicola-trasformato-ittico-8493\/"},"author":{"name":"Redazione","@id":"https:\/\/montecarloliving.com\/fr\/#\/schema\/person\/7e5945d4560862b7f2d2c6831bda2819"},"headline":"Acli Terra dans la Principaut\u00e9 de Monaco avec l&rsquo;\u00e9v\u00e9nement \u00ab\u00a0Officine dei sensi \u2013 filiera risicola e trasformato ittico\u00a0\u00bb","datePublished":"2024-03-05T08:43:11+00:00","dateModified":"2024-03-05T09:05:45+00:00","mainEntityOfPage":{"@id":"https:\/\/montecarloliving.com\/fr\/evenements\/acli-terra-dans-principaute-de-monaco-avec-levenement-officine-dei-sensi-filiera-risicola-trasformato-ittico-8493\/"},"wordCount":565,"image":{"@id":"https:\/\/montecarloliving.com\/fr\/evenements\/acli-terra-dans-principaute-de-monaco-avec-levenement-officine-dei-sensi-filiera-risicola-trasformato-ittico-8493\/#primaryimage"},"thumbnailUrl":"https:\/\/montecarloliving.com\/wp-content\/uploads\/2024\/03\/officina-dei-sensi-acli-terra-principato-di-monaco-7-marzo-2024-e1709628855757.jpeg","articleSection":["\u00c9v\u00e9nements","Italie et Monaco","Monaco"],"inLanguage":"fr-FR"},{"@type":"WebPage","@id":"https:\/\/montecarloliving.com\/fr\/evenements\/acli-terra-dans-principaute-de-monaco-avec-levenement-officine-dei-sensi-filiera-risicola-trasformato-ittico-8493\/","url":"https:\/\/montecarloliving.com\/fr\/evenements\/acli-terra-dans-principaute-de-monaco-avec-levenement-officine-dei-sensi-filiera-risicola-trasformato-ittico-8493\/","name":"Acli Terra dans la Principaut\u00e9 de Monaco avec l'\u00e9v\u00e9nement \"Officine dei sensi \u2013 filiera risicola e trasformato ittico\"","isPartOf":{"@id":"https:\/\/montecarloliving.com\/fr\/#website"},"primaryImageOfPage":{"@id":"https:\/\/montecarloliving.com\/fr\/evenements\/acli-terra-dans-principaute-de-monaco-avec-levenement-officine-dei-sensi-filiera-risicola-trasformato-ittico-8493\/#primaryimage"},"image":{"@id":"https:\/\/montecarloliving.com\/fr\/evenements\/acli-terra-dans-principaute-de-monaco-avec-levenement-officine-dei-sensi-filiera-risicola-trasformato-ittico-8493\/#primaryimage"},"thumbnailUrl":"https:\/\/montecarloliving.com\/wp-content\/uploads\/2024\/03\/officina-dei-sensi-acli-terra-principato-di-monaco-7-marzo-2024-e1709628855757.jpeg","datePublished":"2024-03-05T08:43:11+00:00","dateModified":"2024-03-05T09:05:45+00:00","author":{"@id":"https:\/\/montecarloliving.com\/fr\/#\/schema\/person\/7e5945d4560862b7f2d2c6831bda2819"},"description":"Le prochain \u00e9v\u00e9nement international d'Acli Terra, \"Officine dei sensi, filiera risicola e trasformato ittico,\" se d\u00e9roulera dans la Principaut\u00e9 de Monaco,","breadcrumb":{"@id":"https:\/\/montecarloliving.com\/fr\/evenements\/acli-terra-dans-principaute-de-monaco-avec-levenement-officine-dei-sensi-filiera-risicola-trasformato-ittico-8493\/#breadcrumb"},"inLanguage":"fr-FR","potentialAction":[{"@type":"ReadAction","target":["https:\/\/montecarloliving.com\/fr\/evenements\/acli-terra-dans-principaute-de-monaco-avec-levenement-officine-dei-sensi-filiera-risicola-trasformato-ittico-8493\/"]}]},{"@type":"ImageObject","inLanguage":"fr-FR","@id":"https:\/\/montecarloliving.com\/fr\/evenements\/acli-terra-dans-principaute-de-monaco-avec-levenement-officine-dei-sensi-filiera-risicola-trasformato-ittico-8493\/#primaryimage","url":"https:\/\/montecarloliving.com\/wp-content\/uploads\/2024\/03\/officina-dei-sensi-acli-terra-principato-di-monaco-7-marzo-2024-e1709628855757.jpeg","contentUrl":"https:\/\/montecarloliving.com\/wp-content\/uploads\/2024\/03\/officina-dei-sensi-acli-terra-principato-di-monaco-7-marzo-2024-e1709628855757.jpeg","width":1413,"height":897},{"@type":"BreadcrumbList","@id":"https:\/\/montecarloliving.com\/fr\/evenements\/acli-terra-dans-principaute-de-monaco-avec-levenement-officine-dei-sensi-filiera-risicola-trasformato-ittico-8493\/#breadcrumb","itemListElement":[{"@type":"ListItem","position":1,"name":"Home","item":"https:\/\/montecarloliving.com\/fr\/"},{"@type":"ListItem","position":2,"name":"Acli Terra dans la Principaut\u00e9 de Monaco avec l&#8217;\u00e9v\u00e9nement &#8220;Officine dei sensi \u2013 filiera risicola e trasformato ittico&#8221;"}]},{"@type":"WebSite","@id":"https:\/\/montecarloliving.com\/fr\/#website","url":"https:\/\/montecarloliving.com\/fr\/","name":"Montecarlo Living","description":"News da Montecarlo - Principato di Monaco e Costa Azzurra","potentialAction":[{"@type":"SearchAction","target":{"@type":"EntryPoint","urlTemplate":"https:\/\/montecarloliving.com\/fr\/?s={search_term_string}"},"query-input":{"@type":"PropertyValueSpecification","valueRequired":true,"valueName":"search_term_string"}}],"inLanguage":"fr-FR"},{"@type":"Person","@id":"https:\/\/montecarloliving.com\/fr\/#\/schema\/person\/7e5945d4560862b7f2d2c6831bda2819","name":"Redazione","image":{"@type":"ImageObject","inLanguage":"fr-FR","@id":"https:\/\/secure.gravatar.com\/avatar\/8b5f26557e18fe74ad8e8a57ebb2925d88af8a90cee489ff2beefb391bc9b9c7?s=96&d=mm&r=g","url":"https:\/\/secure.gravatar.com\/avatar\/8b5f26557e18fe74ad8e8a57ebb2925d88af8a90cee489ff2beefb391bc9b9c7?s=96&d=mm&r=g","contentUrl":"https:\/\/secure.gravatar.com\/avatar\/8b5f26557e18fe74ad8e8a57ebb2925d88af8a90cee489ff2beefb391bc9b9c7?s=96&d=mm&r=g","caption":"Redazione"}}]}},"_links":{"self":[{"href":"https:\/\/montecarloliving.com\/fr\/wp-json\/wp\/v2\/posts\/8493","targetHints":{"allow":["GET"]}}],"collection":[{"href":"https:\/\/montecarloliving.com\/fr\/wp-json\/wp\/v2\/posts"}],"about":[{"href":"https:\/\/montecarloliving.com\/fr\/wp-json\/wp\/v2\/types\/post"}],"author":[{"embeddable":true,"href":"https:\/\/montecarloliving.com\/fr\/wp-json\/wp\/v2\/users\/1"}],"replies":[{"embeddable":true,"href":"https:\/\/montecarloliving.com\/fr\/wp-json\/wp\/v2\/comments?post=8493"}],"version-history":[{"count":1,"href":"https:\/\/montecarloliving.com\/fr\/wp-json\/wp\/v2\/posts\/8493\/revisions"}],"predecessor-version":[{"id":8497,"href":"https:\/\/montecarloliving.com\/fr\/wp-json\/wp\/v2\/posts\/8493\/revisions\/8497"}],"wp:featuredmedia":[{"embeddable":true,"href":"https:\/\/montecarloliving.com\/fr\/wp-json\/wp\/v2\/media\/8486"}],"wp:attachment":[{"href":"https:\/\/montecarloliving.com\/fr\/wp-json\/wp\/v2\/media?parent=8493"}],"wp:term":[{"taxonomy":"category","embeddable":true,"href":"https:\/\/montecarloliving.com\/fr\/wp-json\/wp\/v2\/categories?post=8493"},{"taxonomy":"post_tag","embeddable":true,"href":"https:\/\/montecarloliving.com\/fr\/wp-json\/wp\/v2\/tags?post=8493"}],"curies":[{"name":"wp","href":"https:\/\/api.w.org\/{rel}","templated":true}]}}