{"id":8466,"date":"2024-03-04T12:55:28","date_gmt":"2024-03-04T11:55:28","guid":{"rendered":"https:\/\/montecarloliving.com\/?p=8466"},"modified":"2024-03-04T12:58:17","modified_gmt":"2024-03-04T11:58:17","slug":"2e-open-de-padel-de-madone","status":"publish","type":"post","link":"https:\/\/montecarloliving.com\/fr\/evenements\/2e-open-de-padel-de-madone-8466\/","title":{"rendered":"2e Open de Padel de la Madone"},"content":{"rendered":"<p>La Direction des Sports de la Ville de Menton organise le 2e Open de Padel de la Madone, qui se d\u00e9roulera du 18 mars au 21 avril 2024 au Tennis Club de la Madone.<\/p>\n<p><img decoding=\"async\" class=\"aligncenter\" src=\"https:\/\/www.montecarlonews.it\/typo3temp\/pics\/3_c645ae85bf.png\" alt=\"Mentone, dal 18 marzo al 21 aprile il 2\u00b0 Open di Padel de la Madone\" \/><\/p>\n<p>D\u00e9tails :<\/p>\n<ul>\n<li>Tournoi en double pour 2 personnes &#8211; 10\u20ac par \u00e9quipe &#8211; Phase de groupes et phase \u00e9liminatoire du 18 mars au 20 avril &#8211; Finale et tournoi\/animation le 21 avril &#8211; Ouvert \u00e0 tous (avec la possibilit\u00e9 de former des \u00e9quipes mixtes)<\/li>\n<\/ul>\n<p>Pour plus d&rsquo;informations et inscriptions :<\/p>\n<p>Horaires : De 9h00 \u00e0 20h00 &#8211; \u00c0 la r\u00e9ception du Tennis de la Madone (5, rue Paul Morillot &#8211; Menton) ou en appelant au 04.93.57.06.57 ou au 04.93.28.56.27.<\/p>\n","protected":false},"excerpt":{"rendered":"<p>La Direction des Sports de la Ville de Menton organise le 2e Open de Padel de la Madone, qui se d\u00e9roulera du 18 mars au 21 avril 2024 au Tennis Club de la Madone. D\u00e9tails : Tournoi en double pour 2 personnes &#8211; 10\u20ac [&hellip;]<\/p>\n","protected":false},"author":1,"featured_media":8462,"comment_status":"closed","ping_status":"closed","sticky":false,"template":"","format":"standard","meta":{"footnotes":""},"categories":[828,869],"tags":[],"class_list":["post-8466","post","type-post","status-publish","format-standard","has-post-thumbnail","hentry","category-evenements","category-menton"],"yoast_head":"<!-- This site is optimized with the Yoast SEO plugin v27.4 - https:\/\/yoast.com\/product\/yoast-seo-wordpress\/ -->\n<title>2e Open de Padel de la Madone<\/title>\n<meta name=\"description\" content=\"La Direction des Sports de la Ville de Menton organise le 2e Open de Padel de la Madone, qui se d\u00e9roulera du 18 mars au 21 avril 2024 au Tennis Club de la\" \/>\n<meta name=\"robots\" content=\"index, follow, max-snippet:-1, max-image-preview:large, max-video-preview:-1\" \/>\n<link rel=\"canonical\" href=\"https:\/\/montecarloliving.com\/fr\/evenements\/2e-open-de-padel-de-madone-8466\/\" \/>\n<meta property=\"og:locale\" content=\"fr_FR\" \/>\n<meta property=\"og:title\" content=\"2e Open de Padel de la Madone\" \/>\n<meta property=\"og:description\" content=\"La Direction des Sports de la Ville de Menton organise le 2e Open de Padel de la Madone, qui se d\u00e9roulera du 18 mars au 21 avril 2024 au Tennis Club de la\" \/>\n<meta property=\"og:url\" content=\"https:\/\/montecarloliving.com\/fr\/evenements\/2e-open-de-padel-de-madone-8466\/\" \/>\n<meta property=\"og:site_name\" content=\"Montecarlo Living\" \/>\n<meta property=\"article:publisher\" content=\"https:\/\/www.facebook.com\/montecarlolivingcom\/\" \/>\n<meta property=\"article:published_time\" content=\"2024-03-04T11:55:28+00:00\" \/>\n<meta property=\"article:modified_time\" content=\"2024-03-04T11:58:17+00:00\" \/>\n<meta property=\"og:image\" content=\"https:\/\/montecarloliving.com\/wp-content\/uploads\/2024\/03\/R-79-650x400.jpg\" \/>\n\t<meta property=\"og:image:width\" content=\"650\" \/>\n\t<meta property=\"og:image:height\" content=\"400\" \/>\n\t<meta property=\"og:image:type\" content=\"image\/jpeg\" \/>\n<meta name=\"author\" content=\"Redazione\" \/>\n<meta name=\"twitter:card\" content=\"summary_large_image\" \/>\n<meta name=\"twitter:creator\" content=\"@MonteCarloLivi\" \/>\n<meta name=\"twitter:site\" content=\"@MonteCarloLivi\" \/>\n<meta name=\"twitter:label1\" content=\"\u00c9crit par\" \/>\n\t<meta name=\"twitter:data1\" content=\"Redazione\" \/>\n\t<meta name=\"twitter:label2\" content=\"Dur\u00e9e de lecture estim\u00e9e\" \/>\n\t<meta name=\"twitter:data2\" content=\"1 minute\" \/>\n<script type=\"application\/ld+json\" class=\"yoast-schema-graph\">{\"@context\":\"https:\\\/\\\/schema.org\",\"@graph\":[{\"@type\":\"Article\",\"@id\":\"https:\\\/\\\/montecarloliving.com\\\/fr\\\/evenements\\\/2e-open-de-padel-de-madone-8466\\\/#article\",\"isPartOf\":{\"@id\":\"https:\\\/\\\/montecarloliving.com\\\/fr\\\/evenements\\\/2e-open-de-padel-de-madone-8466\\\/\"},\"author\":{\"name\":\"Redazione\",\"@id\":\"https:\\\/\\\/montecarloliving.com\\\/fr\\\/#\\\/schema\\\/person\\\/7e5945d4560862b7f2d2c6831bda2819\"},\"headline\":\"2e Open de Padel de la Madone\",\"datePublished\":\"2024-03-04T11:55:28+00:00\",\"dateModified\":\"2024-03-04T11:58:17+00:00\",\"mainEntityOfPage\":{\"@id\":\"https:\\\/\\\/montecarloliving.com\\\/fr\\\/evenements\\\/2e-open-de-padel-de-madone-8466\\\/\"},\"wordCount\":108,\"image\":{\"@id\":\"https:\\\/\\\/montecarloliving.com\\\/fr\\\/evenements\\\/2e-open-de-padel-de-madone-8466\\\/#primaryimage\"},\"thumbnailUrl\":\"https:\\\/\\\/montecarloliving.com\\\/wp-content\\\/uploads\\\/2024\\\/03\\\/R-79.jpg\",\"articleSection\":[\"\u00c9v\u00e9nements\",\"Menton\"],\"inLanguage\":\"fr-FR\"},{\"@type\":\"WebPage\",\"@id\":\"https:\\\/\\\/montecarloliving.com\\\/fr\\\/evenements\\\/2e-open-de-padel-de-madone-8466\\\/\",\"url\":\"https:\\\/\\\/montecarloliving.com\\\/fr\\\/evenements\\\/2e-open-de-padel-de-madone-8466\\\/\",\"name\":\"2e Open de Padel de la Madone\",\"isPartOf\":{\"@id\":\"https:\\\/\\\/montecarloliving.com\\\/fr\\\/#website\"},\"primaryImageOfPage\":{\"@id\":\"https:\\\/\\\/montecarloliving.com\\\/fr\\\/evenements\\\/2e-open-de-padel-de-madone-8466\\\/#primaryimage\"},\"image\":{\"@id\":\"https:\\\/\\\/montecarloliving.com\\\/fr\\\/evenements\\\/2e-open-de-padel-de-madone-8466\\\/#primaryimage\"},\"thumbnailUrl\":\"https:\\\/\\\/montecarloliving.com\\\/wp-content\\\/uploads\\\/2024\\\/03\\\/R-79.jpg\",\"datePublished\":\"2024-03-04T11:55:28+00:00\",\"dateModified\":\"2024-03-04T11:58:17+00:00\",\"author\":{\"@id\":\"https:\\\/\\\/montecarloliving.com\\\/fr\\\/#\\\/schema\\\/person\\\/7e5945d4560862b7f2d2c6831bda2819\"},\"description\":\"La Direction des Sports de la Ville de Menton organise le 2e Open de Padel de la Madone, qui se d\u00e9roulera du 18 mars au 21 avril 2024 au Tennis Club de la\",\"breadcrumb\":{\"@id\":\"https:\\\/\\\/montecarloliving.com\\\/fr\\\/evenements\\\/2e-open-de-padel-de-madone-8466\\\/#breadcrumb\"},\"inLanguage\":\"fr-FR\",\"potentialAction\":[{\"@type\":\"ReadAction\",\"target\":[\"https:\\\/\\\/montecarloliving.com\\\/fr\\\/evenements\\\/2e-open-de-padel-de-madone-8466\\\/\"]}]},{\"@type\":\"ImageObject\",\"inLanguage\":\"fr-FR\",\"@id\":\"https:\\\/\\\/montecarloliving.com\\\/fr\\\/evenements\\\/2e-open-de-padel-de-madone-8466\\\/#primaryimage\",\"url\":\"https:\\\/\\\/montecarloliving.com\\\/wp-content\\\/uploads\\\/2024\\\/03\\\/R-79.jpg\",\"contentUrl\":\"https:\\\/\\\/montecarloliving.com\\\/wp-content\\\/uploads\\\/2024\\\/03\\\/R-79.jpg\",\"width\":1536,\"height\":1022},{\"@type\":\"BreadcrumbList\",\"@id\":\"https:\\\/\\\/montecarloliving.com\\\/fr\\\/evenements\\\/2e-open-de-padel-de-madone-8466\\\/#breadcrumb\",\"itemListElement\":[{\"@type\":\"ListItem\",\"position\":1,\"name\":\"Home\",\"item\":\"https:\\\/\\\/montecarloliving.com\\\/fr\\\/\"},{\"@type\":\"ListItem\",\"position\":2,\"name\":\"2e Open de Padel de la Madone\"}]},{\"@type\":\"WebSite\",\"@id\":\"https:\\\/\\\/montecarloliving.com\\\/fr\\\/#website\",\"url\":\"https:\\\/\\\/montecarloliving.com\\\/fr\\\/\",\"name\":\"Montecarlo Living\",\"description\":\"News da Montecarlo - Principato di Monaco e Costa Azzurra\",\"potentialAction\":[{\"@type\":\"SearchAction\",\"target\":{\"@type\":\"EntryPoint\",\"urlTemplate\":\"https:\\\/\\\/montecarloliving.com\\\/fr\\\/?s={search_term_string}\"},\"query-input\":{\"@type\":\"PropertyValueSpecification\",\"valueRequired\":true,\"valueName\":\"search_term_string\"}}],\"inLanguage\":\"fr-FR\"},{\"@type\":\"Person\",\"@id\":\"https:\\\/\\\/montecarloliving.com\\\/fr\\\/#\\\/schema\\\/person\\\/7e5945d4560862b7f2d2c6831bda2819\",\"name\":\"Redazione\",\"image\":{\"@type\":\"ImageObject\",\"inLanguage\":\"fr-FR\",\"@id\":\"https:\\\/\\\/secure.gravatar.com\\\/avatar\\\/8b5f26557e18fe74ad8e8a57ebb2925d88af8a90cee489ff2beefb391bc9b9c7?s=96&d=mm&r=g\",\"url\":\"https:\\\/\\\/secure.gravatar.com\\\/avatar\\\/8b5f26557e18fe74ad8e8a57ebb2925d88af8a90cee489ff2beefb391bc9b9c7?s=96&d=mm&r=g\",\"contentUrl\":\"https:\\\/\\\/secure.gravatar.com\\\/avatar\\\/8b5f26557e18fe74ad8e8a57ebb2925d88af8a90cee489ff2beefb391bc9b9c7?s=96&d=mm&r=g\",\"caption\":\"Redazione\"}}]}<\/script>\n<!-- \/ Yoast SEO plugin. -->","yoast_head_json":{"title":"2e Open de Padel de la Madone","description":"La Direction des Sports de la Ville de Menton organise le 2e Open de Padel de la Madone, qui se d\u00e9roulera du 18 mars au 21 avril 2024 au Tennis Club de la","robots":{"index":"index","follow":"follow","max-snippet":"max-snippet:-1","max-image-preview":"max-image-preview:large","max-video-preview":"max-video-preview:-1"},"canonical":"https:\/\/montecarloliving.com\/fr\/evenements\/2e-open-de-padel-de-madone-8466\/","og_locale":"fr_FR","og_title":"2e Open de Padel de la Madone","og_description":"La Direction des Sports de la Ville de Menton organise le 2e Open de Padel de la Madone, qui se d\u00e9roulera du 18 mars au 21 avril 2024 au Tennis Club de la","og_url":"https:\/\/montecarloliving.com\/fr\/evenements\/2e-open-de-padel-de-madone-8466\/","og_site_name":"Montecarlo Living","article_publisher":"https:\/\/www.facebook.com\/montecarlolivingcom\/","article_published_time":"2024-03-04T11:55:28+00:00","article_modified_time":"2024-03-04T11:58:17+00:00","og_image":[{"width":650,"height":400,"url":"https:\/\/montecarloliving.com\/wp-content\/uploads\/2024\/03\/R-79-650x400.jpg","type":"image\/jpeg"}],"author":"Redazione","twitter_card":"summary_large_image","twitter_creator":"@MonteCarloLivi","twitter_site":"@MonteCarloLivi","twitter_misc":{"\u00c9crit par":"Redazione","Dur\u00e9e de lecture estim\u00e9e":"1 minute"},"schema":{"@context":"https:\/\/schema.org","@graph":[{"@type":"Article","@id":"https:\/\/montecarloliving.com\/fr\/evenements\/2e-open-de-padel-de-madone-8466\/#article","isPartOf":{"@id":"https:\/\/montecarloliving.com\/fr\/evenements\/2e-open-de-padel-de-madone-8466\/"},"author":{"name":"Redazione","@id":"https:\/\/montecarloliving.com\/fr\/#\/schema\/person\/7e5945d4560862b7f2d2c6831bda2819"},"headline":"2e Open de Padel de la Madone","datePublished":"2024-03-04T11:55:28+00:00","dateModified":"2024-03-04T11:58:17+00:00","mainEntityOfPage":{"@id":"https:\/\/montecarloliving.com\/fr\/evenements\/2e-open-de-padel-de-madone-8466\/"},"wordCount":108,"image":{"@id":"https:\/\/montecarloliving.com\/fr\/evenements\/2e-open-de-padel-de-madone-8466\/#primaryimage"},"thumbnailUrl":"https:\/\/montecarloliving.com\/wp-content\/uploads\/2024\/03\/R-79.jpg","articleSection":["\u00c9v\u00e9nements","Menton"],"inLanguage":"fr-FR"},{"@type":"WebPage","@id":"https:\/\/montecarloliving.com\/fr\/evenements\/2e-open-de-padel-de-madone-8466\/","url":"https:\/\/montecarloliving.com\/fr\/evenements\/2e-open-de-padel-de-madone-8466\/","name":"2e Open de Padel de la Madone","isPartOf":{"@id":"https:\/\/montecarloliving.com\/fr\/#website"},"primaryImageOfPage":{"@id":"https:\/\/montecarloliving.com\/fr\/evenements\/2e-open-de-padel-de-madone-8466\/#primaryimage"},"image":{"@id":"https:\/\/montecarloliving.com\/fr\/evenements\/2e-open-de-padel-de-madone-8466\/#primaryimage"},"thumbnailUrl":"https:\/\/montecarloliving.com\/wp-content\/uploads\/2024\/03\/R-79.jpg","datePublished":"2024-03-04T11:55:28+00:00","dateModified":"2024-03-04T11:58:17+00:00","author":{"@id":"https:\/\/montecarloliving.com\/fr\/#\/schema\/person\/7e5945d4560862b7f2d2c6831bda2819"},"description":"La Direction des Sports de la Ville de Menton organise le 2e Open de Padel de la Madone, qui se d\u00e9roulera du 18 mars au 21 avril 2024 au Tennis Club de la","breadcrumb":{"@id":"https:\/\/montecarloliving.com\/fr\/evenements\/2e-open-de-padel-de-madone-8466\/#breadcrumb"},"inLanguage":"fr-FR","potentialAction":[{"@type":"ReadAction","target":["https:\/\/montecarloliving.com\/fr\/evenements\/2e-open-de-padel-de-madone-8466\/"]}]},{"@type":"ImageObject","inLanguage":"fr-FR","@id":"https:\/\/montecarloliving.com\/fr\/evenements\/2e-open-de-padel-de-madone-8466\/#primaryimage","url":"https:\/\/montecarloliving.com\/wp-content\/uploads\/2024\/03\/R-79.jpg","contentUrl":"https:\/\/montecarloliving.com\/wp-content\/uploads\/2024\/03\/R-79.jpg","width":1536,"height":1022},{"@type":"BreadcrumbList","@id":"https:\/\/montecarloliving.com\/fr\/evenements\/2e-open-de-padel-de-madone-8466\/#breadcrumb","itemListElement":[{"@type":"ListItem","position":1,"name":"Home","item":"https:\/\/montecarloliving.com\/fr\/"},{"@type":"ListItem","position":2,"name":"2e Open de Padel de la Madone"}]},{"@type":"WebSite","@id":"https:\/\/montecarloliving.com\/fr\/#website","url":"https:\/\/montecarloliving.com\/fr\/","name":"Montecarlo Living","description":"News da Montecarlo - Principato di Monaco e Costa Azzurra","potentialAction":[{"@type":"SearchAction","target":{"@type":"EntryPoint","urlTemplate":"https:\/\/montecarloliving.com\/fr\/?s={search_term_string}"},"query-input":{"@type":"PropertyValueSpecification","valueRequired":true,"valueName":"search_term_string"}}],"inLanguage":"fr-FR"},{"@type":"Person","@id":"https:\/\/montecarloliving.com\/fr\/#\/schema\/person\/7e5945d4560862b7f2d2c6831bda2819","name":"Redazione","image":{"@type":"ImageObject","inLanguage":"fr-FR","@id":"https:\/\/secure.gravatar.com\/avatar\/8b5f26557e18fe74ad8e8a57ebb2925d88af8a90cee489ff2beefb391bc9b9c7?s=96&d=mm&r=g","url":"https:\/\/secure.gravatar.com\/avatar\/8b5f26557e18fe74ad8e8a57ebb2925d88af8a90cee489ff2beefb391bc9b9c7?s=96&d=mm&r=g","contentUrl":"https:\/\/secure.gravatar.com\/avatar\/8b5f26557e18fe74ad8e8a57ebb2925d88af8a90cee489ff2beefb391bc9b9c7?s=96&d=mm&r=g","caption":"Redazione"}}]}},"_links":{"self":[{"href":"https:\/\/montecarloliving.com\/fr\/wp-json\/wp\/v2\/posts\/8466","targetHints":{"allow":["GET"]}}],"collection":[{"href":"https:\/\/montecarloliving.com\/fr\/wp-json\/wp\/v2\/posts"}],"about":[{"href":"https:\/\/montecarloliving.com\/fr\/wp-json\/wp\/v2\/types\/post"}],"author":[{"embeddable":true,"href":"https:\/\/montecarloliving.com\/fr\/wp-json\/wp\/v2\/users\/1"}],"replies":[{"embeddable":true,"href":"https:\/\/montecarloliving.com\/fr\/wp-json\/wp\/v2\/comments?post=8466"}],"version-history":[{"count":1,"href":"https:\/\/montecarloliving.com\/fr\/wp-json\/wp\/v2\/posts\/8466\/revisions"}],"predecessor-version":[{"id":8467,"href":"https:\/\/montecarloliving.com\/fr\/wp-json\/wp\/v2\/posts\/8466\/revisions\/8467"}],"wp:featuredmedia":[{"embeddable":true,"href":"https:\/\/montecarloliving.com\/fr\/wp-json\/wp\/v2\/media\/8462"}],"wp:attachment":[{"href":"https:\/\/montecarloliving.com\/fr\/wp-json\/wp\/v2\/media?parent=8466"}],"wp:term":[{"taxonomy":"category","embeddable":true,"href":"https:\/\/montecarloliving.com\/fr\/wp-json\/wp\/v2\/categories?post=8466"},{"taxonomy":"post_tag","embeddable":true,"href":"https:\/\/montecarloliving.com\/fr\/wp-json\/wp\/v2\/tags?post=8466"}],"curies":[{"name":"wp","href":"https:\/\/api.w.org\/{rel}","templated":true}]}}