{"id":8456,"date":"2024-03-04T12:32:48","date_gmt":"2024-03-04T11:32:48","guid":{"rendered":"https:\/\/montecarloliving.com\/?p=8456"},"modified":"2024-03-04T12:35:50","modified_gmt":"2024-03-04T11:35:50","slug":"nouveaute-au-cap3000-lexposition-de-diamantaire","status":"publish","type":"post","link":"https:\/\/montecarloliving.com\/fr\/actualite\/nouveaute-au-cap3000-lexposition-de-diamantaire-8456\/","title":{"rendered":"Nouveaut\u00e9 au Cap3000 : L&rsquo;exposition de Le Diamantaire"},"content":{"rendered":"<p>Apr\u00e8s avoir expos\u00e9 ses \u0153uvres \u00e0 Paris, Los Angeles, New York, Barcelone et Bruxelles, Le Diamantaire, c\u00e9l\u00e8bre pour son art urbain inspir\u00e9 des diamants, inaugurera, \u00e0 partir du 14 mars 2024, un parcours artistique sp\u00e9cialement con\u00e7u pour Le Corso, la section de luxe du c\u00e9l\u00e8bre centre commercial de Saint Laurent du Var.<\/p>\n<p>Cet itin\u00e9raire artistique offre un voyage captivant \u00e0 travers une s\u00e9rie d&rsquo;installations de pointe. Les \u0153uvres, r\u00e9alis\u00e9es avec une habile combinaison d&rsquo;esth\u00e9tique urbaine, de r\u00e9flexions sur la lumi\u00e8re et l&rsquo;utilisation de mat\u00e9riaux de r\u00e9cup\u00e9ration, incarnent la vision unique de l&rsquo;artiste. Certaines d&rsquo;entre elles ont \u00e9t\u00e9 cr\u00e9\u00e9es sp\u00e9cialement pour cette occasion, transmettant ainsi non seulement la cr\u00e9ativit\u00e9 et la perspective de l&rsquo;auteur, mais aussi celles des spectateurs.<\/p>\n<p>\u00c0 l&rsquo;occasion de CAP3000, Le Diamantaire cr\u00e9era des pi\u00e8ces uniques invitant les visiteurs \u00e0 capturer des images avec et \u00e0 l&rsquo;int\u00e9rieur de ses \u0153uvres magnifiquement sculpt\u00e9es.<\/p>\n<p>En plus de pr\u00e9senter un lustre majestueux, des sculptures murales surprenantes et ses c\u00e9l\u00e8bres \u00ab\u00a0diamantoscopes\u00a0\u00bb, Le Diamantaire rendra \u00e9galement hommage aux racines de l&rsquo;art urbain en pr\u00e9sentant une trentaine de ses diamants sign\u00e9s dans le style \u00ab\u00a0Space Invaders\u00a0\u00bb.<\/p>\n<p>Intitul\u00e9e \u00ab\u00a0Jeux de R\u00e9flexions\u00a0\u00bb, l&rsquo;exposition est une exp\u00e9rience \u00e0 voir et \u00e0 vivre, refl\u00e9tant la volont\u00e9 constante de CAP3000 d&rsquo;offrir des exp\u00e9riences uniques \u00e0 ses visiteurs.<\/p>\n","protected":false},"excerpt":{"rendered":"<p>Apr\u00e8s avoir expos\u00e9 ses \u0153uvres \u00e0 Paris, Los Angeles, New York, Barcelone et Bruxelles, Le Diamantaire, c\u00e9l\u00e8bre pour son art urbain inspir\u00e9 des diamants, inaugurera, \u00e0 partir du 14 mars 2024, un parcours artistique sp\u00e9cialement con\u00e7u pour Le Corso, la section de luxe du [&hellip;]<\/p>\n","protected":false},"author":1,"featured_media":8452,"comment_status":"closed","ping_status":"closed","sticky":false,"template":"","format":"standard","meta":{"footnotes":""},"categories":[827,868],"tags":[],"class_list":["post-8456","post","type-post","status-publish","format-standard","has-post-thumbnail","hentry","category-actualite","category-nice-fr"],"yoast_head":"<!-- This site is optimized with the Yoast SEO plugin v27.5 - https:\/\/yoast.com\/product\/yoast-seo-wordpress\/ -->\n<title>Nouveaut\u00e9 au Cap3000 : L&#039;exposition de Le Diamantaire<\/title>\n<meta name=\"description\" content=\"Apr\u00e8s avoir expos\u00e9 ses \u0153uvres \u00e0 Paris, Los Angeles, New York, Barcelone et Bruxelles, Le Diamantaire, c\u00e9l\u00e8bre pour son art urbain inspir\u00e9 des diamants,\" \/>\n<meta name=\"robots\" content=\"index, follow, max-snippet:-1, max-image-preview:large, max-video-preview:-1\" \/>\n<link rel=\"canonical\" href=\"https:\/\/montecarloliving.com\/fr\/actualite\/nouveaute-au-cap3000-lexposition-de-diamantaire-8456\/\" \/>\n<meta property=\"og:locale\" content=\"fr_FR\" \/>\n<meta property=\"og:title\" content=\"Nouveaut\u00e9 au Cap3000 : L&#039;exposition de Le Diamantaire\" \/>\n<meta property=\"og:description\" content=\"Apr\u00e8s avoir expos\u00e9 ses \u0153uvres \u00e0 Paris, Los Angeles, New York, Barcelone et Bruxelles, Le Diamantaire, c\u00e9l\u00e8bre pour son art urbain inspir\u00e9 des diamants,\" \/>\n<meta property=\"og:url\" content=\"https:\/\/montecarloliving.com\/fr\/actualite\/nouveaute-au-cap3000-lexposition-de-diamantaire-8456\/\" \/>\n<meta property=\"og:site_name\" content=\"Montecarlo Living\" \/>\n<meta property=\"article:publisher\" content=\"https:\/\/www.facebook.com\/montecarlolivingcom\/\" \/>\n<meta property=\"article:published_time\" content=\"2024-03-04T11:32:48+00:00\" \/>\n<meta property=\"article:modified_time\" content=\"2024-03-04T11:35:50+00:00\" \/>\n<meta property=\"og:image\" content=\"https:\/\/montecarloliving.com\/wp-content\/uploads\/2024\/03\/R-78-650x400.jpg\" \/>\n\t<meta property=\"og:image:width\" content=\"650\" \/>\n\t<meta property=\"og:image:height\" content=\"400\" \/>\n\t<meta property=\"og:image:type\" content=\"image\/jpeg\" \/>\n<meta name=\"author\" content=\"Redazione\" \/>\n<meta name=\"twitter:card\" content=\"summary_large_image\" \/>\n<meta name=\"twitter:creator\" content=\"@MonteCarloLivi\" \/>\n<meta name=\"twitter:site\" content=\"@MonteCarloLivi\" \/>\n<meta name=\"twitter:label1\" content=\"\u00c9crit par\" \/>\n\t<meta name=\"twitter:data1\" content=\"Redazione\" \/>\n\t<meta name=\"twitter:label2\" content=\"Dur\u00e9e de lecture estim\u00e9e\" \/>\n\t<meta name=\"twitter:data2\" content=\"2 minutes\" \/>\n<script type=\"application\/ld+json\" class=\"yoast-schema-graph\">{\"@context\":\"https:\\\/\\\/schema.org\",\"@graph\":[{\"@type\":\"Article\",\"@id\":\"https:\\\/\\\/montecarloliving.com\\\/fr\\\/actualite\\\/nouveaute-au-cap3000-lexposition-de-diamantaire-8456\\\/#article\",\"isPartOf\":{\"@id\":\"https:\\\/\\\/montecarloliving.com\\\/fr\\\/actualite\\\/nouveaute-au-cap3000-lexposition-de-diamantaire-8456\\\/\"},\"author\":{\"name\":\"Redazione\",\"@id\":\"https:\\\/\\\/montecarloliving.com\\\/fr\\\/#\\\/schema\\\/person\\\/7e5945d4560862b7f2d2c6831bda2819\"},\"headline\":\"Nouveaut\u00e9 au Cap3000 : L&rsquo;exposition de Le Diamantaire\",\"datePublished\":\"2024-03-04T11:32:48+00:00\",\"dateModified\":\"2024-03-04T11:35:50+00:00\",\"mainEntityOfPage\":{\"@id\":\"https:\\\/\\\/montecarloliving.com\\\/fr\\\/actualite\\\/nouveaute-au-cap3000-lexposition-de-diamantaire-8456\\\/\"},\"wordCount\":250,\"image\":{\"@id\":\"https:\\\/\\\/montecarloliving.com\\\/fr\\\/actualite\\\/nouveaute-au-cap3000-lexposition-de-diamantaire-8456\\\/#primaryimage\"},\"thumbnailUrl\":\"https:\\\/\\\/montecarloliving.com\\\/wp-content\\\/uploads\\\/2024\\\/03\\\/R-78.jpg\",\"articleSection\":[\"Actualit\u00e9\",\"Nice\"],\"inLanguage\":\"fr-FR\"},{\"@type\":\"WebPage\",\"@id\":\"https:\\\/\\\/montecarloliving.com\\\/fr\\\/actualite\\\/nouveaute-au-cap3000-lexposition-de-diamantaire-8456\\\/\",\"url\":\"https:\\\/\\\/montecarloliving.com\\\/fr\\\/actualite\\\/nouveaute-au-cap3000-lexposition-de-diamantaire-8456\\\/\",\"name\":\"Nouveaut\u00e9 au Cap3000 : L'exposition de Le Diamantaire\",\"isPartOf\":{\"@id\":\"https:\\\/\\\/montecarloliving.com\\\/fr\\\/#website\"},\"primaryImageOfPage\":{\"@id\":\"https:\\\/\\\/montecarloliving.com\\\/fr\\\/actualite\\\/nouveaute-au-cap3000-lexposition-de-diamantaire-8456\\\/#primaryimage\"},\"image\":{\"@id\":\"https:\\\/\\\/montecarloliving.com\\\/fr\\\/actualite\\\/nouveaute-au-cap3000-lexposition-de-diamantaire-8456\\\/#primaryimage\"},\"thumbnailUrl\":\"https:\\\/\\\/montecarloliving.com\\\/wp-content\\\/uploads\\\/2024\\\/03\\\/R-78.jpg\",\"datePublished\":\"2024-03-04T11:32:48+00:00\",\"dateModified\":\"2024-03-04T11:35:50+00:00\",\"author\":{\"@id\":\"https:\\\/\\\/montecarloliving.com\\\/fr\\\/#\\\/schema\\\/person\\\/7e5945d4560862b7f2d2c6831bda2819\"},\"description\":\"Apr\u00e8s avoir expos\u00e9 ses \u0153uvres \u00e0 Paris, Los Angeles, New York, Barcelone et Bruxelles, Le Diamantaire, c\u00e9l\u00e8bre pour son art urbain inspir\u00e9 des diamants,\",\"breadcrumb\":{\"@id\":\"https:\\\/\\\/montecarloliving.com\\\/fr\\\/actualite\\\/nouveaute-au-cap3000-lexposition-de-diamantaire-8456\\\/#breadcrumb\"},\"inLanguage\":\"fr-FR\",\"potentialAction\":[{\"@type\":\"ReadAction\",\"target\":[\"https:\\\/\\\/montecarloliving.com\\\/fr\\\/actualite\\\/nouveaute-au-cap3000-lexposition-de-diamantaire-8456\\\/\"]}]},{\"@type\":\"ImageObject\",\"inLanguage\":\"fr-FR\",\"@id\":\"https:\\\/\\\/montecarloliving.com\\\/fr\\\/actualite\\\/nouveaute-au-cap3000-lexposition-de-diamantaire-8456\\\/#primaryimage\",\"url\":\"https:\\\/\\\/montecarloliving.com\\\/wp-content\\\/uploads\\\/2024\\\/03\\\/R-78.jpg\",\"contentUrl\":\"https:\\\/\\\/montecarloliving.com\\\/wp-content\\\/uploads\\\/2024\\\/03\\\/R-78.jpg\",\"width\":1024,\"height\":768},{\"@type\":\"BreadcrumbList\",\"@id\":\"https:\\\/\\\/montecarloliving.com\\\/fr\\\/actualite\\\/nouveaute-au-cap3000-lexposition-de-diamantaire-8456\\\/#breadcrumb\",\"itemListElement\":[{\"@type\":\"ListItem\",\"position\":1,\"name\":\"Home\",\"item\":\"https:\\\/\\\/montecarloliving.com\\\/fr\\\/\"},{\"@type\":\"ListItem\",\"position\":2,\"name\":\"Nouveaut\u00e9 au Cap3000 : L&#8217;exposition de Le Diamantaire\"}]},{\"@type\":\"WebSite\",\"@id\":\"https:\\\/\\\/montecarloliving.com\\\/fr\\\/#website\",\"url\":\"https:\\\/\\\/montecarloliving.com\\\/fr\\\/\",\"name\":\"Montecarlo Living\",\"description\":\"News da Montecarlo - Principato di Monaco e Costa Azzurra\",\"potentialAction\":[{\"@type\":\"SearchAction\",\"target\":{\"@type\":\"EntryPoint\",\"urlTemplate\":\"https:\\\/\\\/montecarloliving.com\\\/fr\\\/?s={search_term_string}\"},\"query-input\":{\"@type\":\"PropertyValueSpecification\",\"valueRequired\":true,\"valueName\":\"search_term_string\"}}],\"inLanguage\":\"fr-FR\"},{\"@type\":\"Person\",\"@id\":\"https:\\\/\\\/montecarloliving.com\\\/fr\\\/#\\\/schema\\\/person\\\/7e5945d4560862b7f2d2c6831bda2819\",\"name\":\"Redazione\",\"image\":{\"@type\":\"ImageObject\",\"inLanguage\":\"fr-FR\",\"@id\":\"https:\\\/\\\/secure.gravatar.com\\\/avatar\\\/8b5f26557e18fe74ad8e8a57ebb2925d88af8a90cee489ff2beefb391bc9b9c7?s=96&d=mm&r=g\",\"url\":\"https:\\\/\\\/secure.gravatar.com\\\/avatar\\\/8b5f26557e18fe74ad8e8a57ebb2925d88af8a90cee489ff2beefb391bc9b9c7?s=96&d=mm&r=g\",\"contentUrl\":\"https:\\\/\\\/secure.gravatar.com\\\/avatar\\\/8b5f26557e18fe74ad8e8a57ebb2925d88af8a90cee489ff2beefb391bc9b9c7?s=96&d=mm&r=g\",\"caption\":\"Redazione\"}}]}<\/script>\n<!-- \/ Yoast SEO plugin. -->","yoast_head_json":{"title":"Nouveaut\u00e9 au Cap3000 : L'exposition de Le Diamantaire","description":"Apr\u00e8s avoir expos\u00e9 ses \u0153uvres \u00e0 Paris, Los Angeles, New York, Barcelone et Bruxelles, Le Diamantaire, c\u00e9l\u00e8bre pour son art urbain inspir\u00e9 des diamants,","robots":{"index":"index","follow":"follow","max-snippet":"max-snippet:-1","max-image-preview":"max-image-preview:large","max-video-preview":"max-video-preview:-1"},"canonical":"https:\/\/montecarloliving.com\/fr\/actualite\/nouveaute-au-cap3000-lexposition-de-diamantaire-8456\/","og_locale":"fr_FR","og_title":"Nouveaut\u00e9 au Cap3000 : L'exposition de Le Diamantaire","og_description":"Apr\u00e8s avoir expos\u00e9 ses \u0153uvres \u00e0 Paris, Los Angeles, New York, Barcelone et Bruxelles, Le Diamantaire, c\u00e9l\u00e8bre pour son art urbain inspir\u00e9 des diamants,","og_url":"https:\/\/montecarloliving.com\/fr\/actualite\/nouveaute-au-cap3000-lexposition-de-diamantaire-8456\/","og_site_name":"Montecarlo Living","article_publisher":"https:\/\/www.facebook.com\/montecarlolivingcom\/","article_published_time":"2024-03-04T11:32:48+00:00","article_modified_time":"2024-03-04T11:35:50+00:00","og_image":[{"width":650,"height":400,"url":"https:\/\/montecarloliving.com\/wp-content\/uploads\/2024\/03\/R-78-650x400.jpg","type":"image\/jpeg"}],"author":"Redazione","twitter_card":"summary_large_image","twitter_creator":"@MonteCarloLivi","twitter_site":"@MonteCarloLivi","twitter_misc":{"\u00c9crit par":"Redazione","Dur\u00e9e de lecture estim\u00e9e":"2 minutes"},"schema":{"@context":"https:\/\/schema.org","@graph":[{"@type":"Article","@id":"https:\/\/montecarloliving.com\/fr\/actualite\/nouveaute-au-cap3000-lexposition-de-diamantaire-8456\/#article","isPartOf":{"@id":"https:\/\/montecarloliving.com\/fr\/actualite\/nouveaute-au-cap3000-lexposition-de-diamantaire-8456\/"},"author":{"name":"Redazione","@id":"https:\/\/montecarloliving.com\/fr\/#\/schema\/person\/7e5945d4560862b7f2d2c6831bda2819"},"headline":"Nouveaut\u00e9 au Cap3000 : L&rsquo;exposition de Le Diamantaire","datePublished":"2024-03-04T11:32:48+00:00","dateModified":"2024-03-04T11:35:50+00:00","mainEntityOfPage":{"@id":"https:\/\/montecarloliving.com\/fr\/actualite\/nouveaute-au-cap3000-lexposition-de-diamantaire-8456\/"},"wordCount":250,"image":{"@id":"https:\/\/montecarloliving.com\/fr\/actualite\/nouveaute-au-cap3000-lexposition-de-diamantaire-8456\/#primaryimage"},"thumbnailUrl":"https:\/\/montecarloliving.com\/wp-content\/uploads\/2024\/03\/R-78.jpg","articleSection":["Actualit\u00e9","Nice"],"inLanguage":"fr-FR"},{"@type":"WebPage","@id":"https:\/\/montecarloliving.com\/fr\/actualite\/nouveaute-au-cap3000-lexposition-de-diamantaire-8456\/","url":"https:\/\/montecarloliving.com\/fr\/actualite\/nouveaute-au-cap3000-lexposition-de-diamantaire-8456\/","name":"Nouveaut\u00e9 au Cap3000 : L'exposition de Le Diamantaire","isPartOf":{"@id":"https:\/\/montecarloliving.com\/fr\/#website"},"primaryImageOfPage":{"@id":"https:\/\/montecarloliving.com\/fr\/actualite\/nouveaute-au-cap3000-lexposition-de-diamantaire-8456\/#primaryimage"},"image":{"@id":"https:\/\/montecarloliving.com\/fr\/actualite\/nouveaute-au-cap3000-lexposition-de-diamantaire-8456\/#primaryimage"},"thumbnailUrl":"https:\/\/montecarloliving.com\/wp-content\/uploads\/2024\/03\/R-78.jpg","datePublished":"2024-03-04T11:32:48+00:00","dateModified":"2024-03-04T11:35:50+00:00","author":{"@id":"https:\/\/montecarloliving.com\/fr\/#\/schema\/person\/7e5945d4560862b7f2d2c6831bda2819"},"description":"Apr\u00e8s avoir expos\u00e9 ses \u0153uvres \u00e0 Paris, Los Angeles, New York, Barcelone et Bruxelles, Le Diamantaire, c\u00e9l\u00e8bre pour son art urbain inspir\u00e9 des diamants,","breadcrumb":{"@id":"https:\/\/montecarloliving.com\/fr\/actualite\/nouveaute-au-cap3000-lexposition-de-diamantaire-8456\/#breadcrumb"},"inLanguage":"fr-FR","potentialAction":[{"@type":"ReadAction","target":["https:\/\/montecarloliving.com\/fr\/actualite\/nouveaute-au-cap3000-lexposition-de-diamantaire-8456\/"]}]},{"@type":"ImageObject","inLanguage":"fr-FR","@id":"https:\/\/montecarloliving.com\/fr\/actualite\/nouveaute-au-cap3000-lexposition-de-diamantaire-8456\/#primaryimage","url":"https:\/\/montecarloliving.com\/wp-content\/uploads\/2024\/03\/R-78.jpg","contentUrl":"https:\/\/montecarloliving.com\/wp-content\/uploads\/2024\/03\/R-78.jpg","width":1024,"height":768},{"@type":"BreadcrumbList","@id":"https:\/\/montecarloliving.com\/fr\/actualite\/nouveaute-au-cap3000-lexposition-de-diamantaire-8456\/#breadcrumb","itemListElement":[{"@type":"ListItem","position":1,"name":"Home","item":"https:\/\/montecarloliving.com\/fr\/"},{"@type":"ListItem","position":2,"name":"Nouveaut\u00e9 au Cap3000 : L&#8217;exposition de Le Diamantaire"}]},{"@type":"WebSite","@id":"https:\/\/montecarloliving.com\/fr\/#website","url":"https:\/\/montecarloliving.com\/fr\/","name":"Montecarlo Living","description":"News da Montecarlo - Principato di Monaco e Costa Azzurra","potentialAction":[{"@type":"SearchAction","target":{"@type":"EntryPoint","urlTemplate":"https:\/\/montecarloliving.com\/fr\/?s={search_term_string}"},"query-input":{"@type":"PropertyValueSpecification","valueRequired":true,"valueName":"search_term_string"}}],"inLanguage":"fr-FR"},{"@type":"Person","@id":"https:\/\/montecarloliving.com\/fr\/#\/schema\/person\/7e5945d4560862b7f2d2c6831bda2819","name":"Redazione","image":{"@type":"ImageObject","inLanguage":"fr-FR","@id":"https:\/\/secure.gravatar.com\/avatar\/8b5f26557e18fe74ad8e8a57ebb2925d88af8a90cee489ff2beefb391bc9b9c7?s=96&d=mm&r=g","url":"https:\/\/secure.gravatar.com\/avatar\/8b5f26557e18fe74ad8e8a57ebb2925d88af8a90cee489ff2beefb391bc9b9c7?s=96&d=mm&r=g","contentUrl":"https:\/\/secure.gravatar.com\/avatar\/8b5f26557e18fe74ad8e8a57ebb2925d88af8a90cee489ff2beefb391bc9b9c7?s=96&d=mm&r=g","caption":"Redazione"}}]}},"_links":{"self":[{"href":"https:\/\/montecarloliving.com\/fr\/wp-json\/wp\/v2\/posts\/8456","targetHints":{"allow":["GET"]}}],"collection":[{"href":"https:\/\/montecarloliving.com\/fr\/wp-json\/wp\/v2\/posts"}],"about":[{"href":"https:\/\/montecarloliving.com\/fr\/wp-json\/wp\/v2\/types\/post"}],"author":[{"embeddable":true,"href":"https:\/\/montecarloliving.com\/fr\/wp-json\/wp\/v2\/users\/1"}],"replies":[{"embeddable":true,"href":"https:\/\/montecarloliving.com\/fr\/wp-json\/wp\/v2\/comments?post=8456"}],"version-history":[{"count":1,"href":"https:\/\/montecarloliving.com\/fr\/wp-json\/wp\/v2\/posts\/8456\/revisions"}],"predecessor-version":[{"id":8457,"href":"https:\/\/montecarloliving.com\/fr\/wp-json\/wp\/v2\/posts\/8456\/revisions\/8457"}],"wp:featuredmedia":[{"embeddable":true,"href":"https:\/\/montecarloliving.com\/fr\/wp-json\/wp\/v2\/media\/8452"}],"wp:attachment":[{"href":"https:\/\/montecarloliving.com\/fr\/wp-json\/wp\/v2\/media?parent=8456"}],"wp:term":[{"taxonomy":"category","embeddable":true,"href":"https:\/\/montecarloliving.com\/fr\/wp-json\/wp\/v2\/categories?post=8456"},{"taxonomy":"post_tag","embeddable":true,"href":"https:\/\/montecarloliving.com\/fr\/wp-json\/wp\/v2\/tags?post=8456"}],"curies":[{"name":"wp","href":"https:\/\/api.w.org\/{rel}","templated":true}]}}