{"id":8326,"date":"2024-03-01T09:30:12","date_gmt":"2024-03-01T08:30:12","guid":{"rendered":"https:\/\/montecarloliving.com\/?p=8326"},"modified":"2024-02-28T10:50:01","modified_gmt":"2024-02-28T09:50:01","slug":"evenements-du-week-end-du-2-et-3-mars-2024-menton","status":"publish","type":"post","link":"https:\/\/montecarloliving.com\/fr\/menton\/evenements-du-week-end-du-2-et-3-mars-2024-menton-8326\/","title":{"rendered":"\u00c9v\u00e9nements du week-end du 2 et 3 mars 2024 \u00e0 Menton"},"content":{"rendered":"<p>\u00c9v\u00e9nements du week-end \u00e0 Menton, d\u00e9couvrez-les tous !!<\/p>\n<h4>F\u00caTE DU CITRON<\/h4>\n<p>La \u00ab\u00a0F\u00eate du Citron\u00ae\u00a0\u00bb, un \u00e9v\u00e9nement unique au monde, attire plus de 200 000 visiteurs chaque ann\u00e9e. Pendant plus de 15 jours, venez profiter des d\u00e9fil\u00e9s des fruits d&rsquo;or ou des d\u00e9fil\u00e9s nocturnes (d\u00e9fil\u00e9s de chars d&rsquo;agrumes anim\u00e9s par des groupes), admirez l&rsquo;exposition des motifs d&rsquo;agrumes dans les jardins Biov\u00e8s ; n&rsquo;oubliez pas de visiter la Foire de l&rsquo;artisanat et le Festival des orchid\u00e9es aux parfums inoubliables. Venez d\u00e9couvrir ce monde fantastique et laissez-vous emporter par le rythme d&rsquo;un \u00e9v\u00e9nement tout simplement inoubliable.<\/p>\n<p>D\u00e9couvrez le programme complet<\/p>\n<h4>Visite guid\u00e9e du Mus\u00e9e de la Pr\u00e9histoire R\u00e9gionale de Menton<\/h4>\n<p>Visite guid\u00e9e de l&rsquo;exposition \u00ab\u00a0Les origines du sport. \u00catre fort et agile dans la Pr\u00e9histoire et l&rsquo;Antiquit\u00e9\u00a0\u00bb dans le cadre de l&rsquo;entr\u00e9e gratuite du premier dimanche du mois.<\/p>\n<h4>Concert Jazz Time<\/h4>\n<p>Laissez-vous surprendre par le swing et l&rsquo;\u00e9nergie de ce quintette, caract\u00e9ris\u00e9 par la p\u00e9tillante Peggy Polito au chant et au piano ainsi que par des musiciens exceptionnels avec une exp\u00e9rience musicale vari\u00e9e.<\/p>\n<p>Ce quintette sublimera les grands standards du jazz et de la chanson fran\u00e7aise (Hancock, Nougaro, Brassens, Dizzy Gillespie&#8230;) et pr\u00e9sentera \u00e9galement des compositions originales.<\/p>\n<p>Pr\u00e9sent\u00e9 dans l&rsquo;ambiance intimiste d&rsquo;un ancien cin\u00e9ma de seulement 200 places, class\u00e9 au patrimoine de la r\u00e9gion PACA. Places non num\u00e9rot\u00e9es, placement libre selon la cat\u00e9gorie. Les portes ouvrent 30 minutes avant le d\u00e9but du spectacle.<\/p>\n<p>Pour r\u00e9server, appelez le 04 92 10 16 16<\/p>\n<h4>Exposition du collectif \u00ab\u00a0Les \u00e9parpill\u00e9es\u00a0\u00bb<\/h4>\n<p>\u00c9v\u00e9nements commerciaux, exposition, animations dans les magasins, artisanat, art moderne et contemporain, arts plastiques\/graphiques, cartes postales, mobilier, dessin, autres activit\u00e9s artistiques, verre color\u00e9, peinture, photographie, c\u00e9ramique \u00e0 Menton.<\/p>\n<p>Du 02\/02\/24 au 06\/03\/24 \u00e0 la Boutique Eph\u00e9m\u00e8re Initiative Esplanade des Sablettes Vo\u00fbte Num\u00e9ro 14<\/p>\n<h4>Exposition \u00ab\u00a0Histoire des Jeux Olympiques en France\u00a0\u00bb<\/h4>\n<p>\u00c0 l&rsquo;occasion des Jeux Olympiques de 2024, la biblioth\u00e8que municipale de Menton pr\u00e9sente une exposition.<\/p>\n<p>L&rsquo;exposition retrace l&rsquo;histoire des Jeux en France, avec une attention particuli\u00e8re aux athl\u00e8tes locaux. En exposition jusqu&rsquo;au 16 mars 2024.<\/p>\n<h4>Exposition photographique de MAF: ils sont.<\/h4>\n<p>Le programme 2023 de la Galerie d&rsquo;art contemporain se termine par une exposition photographique sur le travail du photographe Maf dans une maison de retraite et un institut et un service d&rsquo;accompagnement au travail pour adultes handicap\u00e9s.<\/p>\n<p>Nous vous invitons \u00e0 d\u00e9couvrir le point de vue d&rsquo;un photographe engag\u00e9 sur l&rsquo;\u00eatre humain, le point de vue de ces hommes et femmes sur eux-m\u00eames apr\u00e8s plusieurs mois de travail au Foyer de la Madeleine \u00e0 Nice en 2021 et ensuite \u00e0 l&rsquo;ESATITUDE de Menton en 2023.<\/p>\n<p>Lieu : Rez-de-chauss\u00e9e du Palais de l&rsquo;Europe Galerie d&rsquo;art contemporain 8 avenue Boyer Infos et R\u00e9servations : 04 92 41 76 73<\/p>\n<h4>Visite guid\u00e9e : Jardin du Palais de Carnol\u00e8s<\/h4>\n<p>Autour de l&rsquo;ancien Palais des Princes de Monaco, le jardin du Palais de Carnol\u00e8s poss\u00e8de une collection de 137 vari\u00e9t\u00e9s d&rsquo;agrumes agr\u00e9\u00e9e comme Collection Nationale par le Conservatoire des Collections V\u00e9g\u00e9tales sp\u00e9cialis\u00e9es.<\/p>\n<p>Lieu : Palais de Carnol\u00e8s 3 Avenue de la Madone Infos et R\u00e9servations : 04 83 93 70 20<\/p>\n<h4>Exposition : Je reste avec toi<\/h4>\n<p>\u00c0 l&rsquo;occasion du soixanti\u00e8me anniversaire de la mort de Jean Cocteau, le mus\u00e9e qu&rsquo;il avait lui-m\u00eame con\u00e7u comme t\u00e9moignage de son art retrouve son agencement historique.<\/p>\n<p>Jean Cocteau d\u00e9c\u00e8de le 11 octobre 1963, laissant une \u0153uvre aussi riche qu&rsquo;incroyablement vari\u00e9e. La question de sa post\u00e9rit\u00e9 et de l&rsquo;avenir de son art fut l&rsquo;une des principales pr\u00e9occupations de l&rsquo;artiste dans ses derni\u00e8res ann\u00e9es de vie, et Menton apporta la solution en lui offrant le Bastion pour am\u00e9nager son mus\u00e9e.<\/p>\n<p>Dans cette vitrine, d\u00e9cor\u00e9e par Cocteau lui-m\u00eame, il voulut exposer quelques-unes des \u0153uvres les plus embl\u00e9matiques de sa carri\u00e8re fulgurante : pastels color\u00e9s, tapisseries monumentales, peintures surprenantes et c\u00e9ramiques audacieuses composent la collection originale de ce v\u00e9ritable mus\u00e9e-testament&#8230; Sans oublier la c\u00e9l\u00e8bre s\u00e9rie des \u00ab\u00a0Amoureux\u00a0\u00bb, dessins qui incarnent parfaitement l&rsquo;inspiration m\u00e9diterran\u00e9enne de l&rsquo;artiste.<\/p>\n<p>\u00c0 soixante ans de la mort du Prince des Po\u00e8tes, le Mus\u00e9e Jean Cocteau-le Bastion est revenu exposer son \u0153uvre historique, rendant un vibrant hommage \u00e0 son artiste tut\u00e9laire, reprenant \u00e0 son compte les mots qu&rsquo;il voulut voir grav\u00e9s sur sa pierre tombale : \u00ab\u00a0Je reste avec vous\u00a0\u00bb.<\/p>\n<p>Lieu : Mus\u00e9e Jean Cocteau\u2014le Bastion Quai Napol\u00e9on III Infos et R\u00e9servations : 04 89 81 52<\/p>\n<h4>Visite et d\u00e9gustation de bi\u00e8res artisanales mentonnaises<\/h4>\n<p>Vous recherchez une exp\u00e9rience originale dans le monde de la bi\u00e8re artisanale ? Venez d\u00e9couvrir La Mentounasc, la premi\u00e8re brasserie mentonnaise ! Au programme : visite guid\u00e9e, plong\u00e9e dans le monde de la zythologie et d\u00e9gustation de nos bi\u00e8res au citron de&#8230;<\/p>\n<p>La Mentounasc, c&rsquo;est l&rsquo;histoire d&rsquo;Alexis, R\u00e9mi et Anthony, trois amis passionn\u00e9s de bi\u00e8re et de leur r\u00e9gion qui ont d\u00e9cid\u00e9 de se lancer dans le monde des bi\u00e8res artisanales et de participer \u00e0 ce secteur en pleine expansion. Vous \u00eates curieux et vous aimez la bi\u00e8re ? Venez partager un moment de convivialit\u00e9 avec nous ! Au programme : visite guid\u00e9e de la brasserie, immersion dans le monde de la zythologie et d\u00e9gustation gratuite de nos bi\u00e8res ensoleill\u00e9es.<\/p>\n<p><strong>Lieu<\/strong> : La Mentounasc &#8211; Brasserie Artisanale 13 Route de Sospel<\/p>\n<p><strong>Informations et R\u00e9servations<\/strong> : 06 58 14 69<\/p>\n<p><a href=\"https:\/\/www.instagram.com\/monte_carlo_living\/\">Visitez Notre Page Instagram<\/a><\/p>\n<p><a href=\"https:\/\/montecarloliving.com\/fr\/\">Lisez d&rsquo;Autres Articles<\/a><\/p>\n","protected":false},"excerpt":{"rendered":"<p>\u00c9v\u00e9nements du week-end \u00e0 Menton, d\u00e9couvrez-les tous !! F\u00caTE DU CITRON La \u00ab\u00a0F\u00eate du Citron\u00ae\u00a0\u00bb, un \u00e9v\u00e9nement unique au monde, attire plus de 200 000 visiteurs chaque ann\u00e9e. Pendant plus de 15 jours, venez profiter des d\u00e9fil\u00e9s des fruits d&rsquo;or ou des d\u00e9fil\u00e9s nocturnes [&hellip;]<\/p>\n","protected":false},"author":1,"featured_media":6514,"comment_status":"closed","ping_status":"closed","sticky":false,"template":"","format":"standard","meta":{"footnotes":""},"categories":[869],"tags":[],"class_list":["post-8326","post","type-post","status-publish","format-standard","has-post-thumbnail","hentry","category-menton"],"yoast_head":"<!-- This site is optimized with the Yoast SEO plugin v27.4 - https:\/\/yoast.com\/product\/yoast-seo-wordpress\/ -->\n<title>\u00c9v\u00e9nements du week-end du 2 et 3 mars 2024 \u00e0 Menton<\/title>\n<meta name=\"description\" content=\"\u00c9v\u00e9nements du week-end \u00e0 Menton, d\u00e9couvrez-les tous !!F\u00caTE DU CITRONLa &quot;F\u00eate du Citron\u00ae&quot;, un \u00e9v\u00e9nement unique au monde, attire plus de...\" \/>\n<meta name=\"robots\" content=\"index, follow, max-snippet:-1, max-image-preview:large, max-video-preview:-1\" \/>\n<link rel=\"canonical\" href=\"https:\/\/montecarloliving.com\/fr\/menton\/evenements-du-week-end-du-2-et-3-mars-2024-menton-8326\/\" \/>\n<meta property=\"og:locale\" content=\"fr_FR\" \/>\n<meta property=\"og:title\" content=\"\u00c9v\u00e9nements du week-end du 2 et 3 mars 2024 \u00e0 Menton\" \/>\n<meta property=\"og:description\" content=\"\u00c9v\u00e9nements du week-end \u00e0 Menton, d\u00e9couvrez-les tous !!F\u00caTE DU CITRONLa &quot;F\u00eate du Citron\u00ae&quot;, un \u00e9v\u00e9nement unique au monde, attire plus de...\" \/>\n<meta property=\"og:url\" content=\"https:\/\/montecarloliving.com\/fr\/menton\/evenements-du-week-end-du-2-et-3-mars-2024-menton-8326\/\" \/>\n<meta property=\"og:site_name\" content=\"Montecarlo Living\" \/>\n<meta property=\"article:publisher\" content=\"https:\/\/www.facebook.com\/montecarlolivingcom\/\" \/>\n<meta property=\"article:published_time\" content=\"2024-03-01T08:30:12+00:00\" \/>\n<meta property=\"og:image\" content=\"https:\/\/montecarloliving.com\/wp-content\/uploads\/2024\/01\/COPERTINA-SITO-MONTECARLO-LIVING-14-650x400.jpg\" \/>\n\t<meta property=\"og:image:width\" content=\"650\" \/>\n\t<meta property=\"og:image:height\" content=\"400\" \/>\n\t<meta property=\"og:image:type\" content=\"image\/jpeg\" \/>\n<meta name=\"author\" content=\"Redazione\" \/>\n<meta name=\"twitter:card\" content=\"summary_large_image\" \/>\n<meta name=\"twitter:creator\" content=\"@MonteCarloLivi\" \/>\n<meta name=\"twitter:site\" content=\"@MonteCarloLivi\" \/>\n<meta name=\"twitter:label1\" content=\"\u00c9crit par\" \/>\n\t<meta name=\"twitter:data1\" content=\"Redazione\" \/>\n\t<meta name=\"twitter:label2\" content=\"Dur\u00e9e de lecture estim\u00e9e\" \/>\n\t<meta name=\"twitter:data2\" content=\"5 minutes\" \/>\n<script type=\"application\/ld+json\" class=\"yoast-schema-graph\">{\"@context\":\"https:\\\/\\\/schema.org\",\"@graph\":[{\"@type\":\"Article\",\"@id\":\"https:\\\/\\\/montecarloliving.com\\\/fr\\\/menton\\\/evenements-du-week-end-du-2-et-3-mars-2024-menton-8326\\\/#article\",\"isPartOf\":{\"@id\":\"https:\\\/\\\/montecarloliving.com\\\/fr\\\/menton\\\/evenements-du-week-end-du-2-et-3-mars-2024-menton-8326\\\/\"},\"author\":{\"name\":\"Redazione\",\"@id\":\"https:\\\/\\\/montecarloliving.com\\\/fr\\\/#\\\/schema\\\/person\\\/7e5945d4560862b7f2d2c6831bda2819\"},\"headline\":\"\u00c9v\u00e9nements du week-end du 2 et 3 mars 2024 \u00e0 Menton\",\"datePublished\":\"2024-03-01T08:30:12+00:00\",\"mainEntityOfPage\":{\"@id\":\"https:\\\/\\\/montecarloliving.com\\\/fr\\\/menton\\\/evenements-du-week-end-du-2-et-3-mars-2024-menton-8326\\\/\"},\"wordCount\":958,\"image\":{\"@id\":\"https:\\\/\\\/montecarloliving.com\\\/fr\\\/menton\\\/evenements-du-week-end-du-2-et-3-mars-2024-menton-8326\\\/#primaryimage\"},\"thumbnailUrl\":\"https:\\\/\\\/montecarloliving.com\\\/wp-content\\\/uploads\\\/2024\\\/01\\\/COPERTINA-SITO-MONTECARLO-LIVING-14.jpg\",\"articleSection\":[\"Menton\"],\"inLanguage\":\"fr-FR\"},{\"@type\":\"WebPage\",\"@id\":\"https:\\\/\\\/montecarloliving.com\\\/fr\\\/menton\\\/evenements-du-week-end-du-2-et-3-mars-2024-menton-8326\\\/\",\"url\":\"https:\\\/\\\/montecarloliving.com\\\/fr\\\/menton\\\/evenements-du-week-end-du-2-et-3-mars-2024-menton-8326\\\/\",\"name\":\"\u00c9v\u00e9nements du week-end du 2 et 3 mars 2024 \u00e0 Menton\",\"isPartOf\":{\"@id\":\"https:\\\/\\\/montecarloliving.com\\\/fr\\\/#website\"},\"primaryImageOfPage\":{\"@id\":\"https:\\\/\\\/montecarloliving.com\\\/fr\\\/menton\\\/evenements-du-week-end-du-2-et-3-mars-2024-menton-8326\\\/#primaryimage\"},\"image\":{\"@id\":\"https:\\\/\\\/montecarloliving.com\\\/fr\\\/menton\\\/evenements-du-week-end-du-2-et-3-mars-2024-menton-8326\\\/#primaryimage\"},\"thumbnailUrl\":\"https:\\\/\\\/montecarloliving.com\\\/wp-content\\\/uploads\\\/2024\\\/01\\\/COPERTINA-SITO-MONTECARLO-LIVING-14.jpg\",\"datePublished\":\"2024-03-01T08:30:12+00:00\",\"author\":{\"@id\":\"https:\\\/\\\/montecarloliving.com\\\/fr\\\/#\\\/schema\\\/person\\\/7e5945d4560862b7f2d2c6831bda2819\"},\"description\":\"\u00c9v\u00e9nements du week-end \u00e0 Menton, d\u00e9couvrez-les tous !!F\u00caTE DU CITRONLa \\\"F\u00eate du Citron\u00ae\\\", un \u00e9v\u00e9nement unique au monde, attire plus de...\",\"breadcrumb\":{\"@id\":\"https:\\\/\\\/montecarloliving.com\\\/fr\\\/menton\\\/evenements-du-week-end-du-2-et-3-mars-2024-menton-8326\\\/#breadcrumb\"},\"inLanguage\":\"fr-FR\",\"potentialAction\":[{\"@type\":\"ReadAction\",\"target\":[\"https:\\\/\\\/montecarloliving.com\\\/fr\\\/menton\\\/evenements-du-week-end-du-2-et-3-mars-2024-menton-8326\\\/\"]}]},{\"@type\":\"ImageObject\",\"inLanguage\":\"fr-FR\",\"@id\":\"https:\\\/\\\/montecarloliving.com\\\/fr\\\/menton\\\/evenements-du-week-end-du-2-et-3-mars-2024-menton-8326\\\/#primaryimage\",\"url\":\"https:\\\/\\\/montecarloliving.com\\\/wp-content\\\/uploads\\\/2024\\\/01\\\/COPERTINA-SITO-MONTECARLO-LIVING-14.jpg\",\"contentUrl\":\"https:\\\/\\\/montecarloliving.com\\\/wp-content\\\/uploads\\\/2024\\\/01\\\/COPERTINA-SITO-MONTECARLO-LIVING-14.jpg\",\"width\":2000,\"height\":1200,\"caption\":\"\u00c9v\u00e9nements du week-end Menton\"},{\"@type\":\"BreadcrumbList\",\"@id\":\"https:\\\/\\\/montecarloliving.com\\\/fr\\\/menton\\\/evenements-du-week-end-du-2-et-3-mars-2024-menton-8326\\\/#breadcrumb\",\"itemListElement\":[{\"@type\":\"ListItem\",\"position\":1,\"name\":\"Home\",\"item\":\"https:\\\/\\\/montecarloliving.com\\\/fr\\\/\"},{\"@type\":\"ListItem\",\"position\":2,\"name\":\"\u00c9v\u00e9nements du week-end du 2 et 3 mars 2024 \u00e0 Menton\"}]},{\"@type\":\"WebSite\",\"@id\":\"https:\\\/\\\/montecarloliving.com\\\/fr\\\/#website\",\"url\":\"https:\\\/\\\/montecarloliving.com\\\/fr\\\/\",\"name\":\"Montecarlo Living\",\"description\":\"News da Montecarlo - Principato di Monaco e Costa Azzurra\",\"potentialAction\":[{\"@type\":\"SearchAction\",\"target\":{\"@type\":\"EntryPoint\",\"urlTemplate\":\"https:\\\/\\\/montecarloliving.com\\\/fr\\\/?s={search_term_string}\"},\"query-input\":{\"@type\":\"PropertyValueSpecification\",\"valueRequired\":true,\"valueName\":\"search_term_string\"}}],\"inLanguage\":\"fr-FR\"},{\"@type\":\"Person\",\"@id\":\"https:\\\/\\\/montecarloliving.com\\\/fr\\\/#\\\/schema\\\/person\\\/7e5945d4560862b7f2d2c6831bda2819\",\"name\":\"Redazione\",\"image\":{\"@type\":\"ImageObject\",\"inLanguage\":\"fr-FR\",\"@id\":\"https:\\\/\\\/secure.gravatar.com\\\/avatar\\\/8b5f26557e18fe74ad8e8a57ebb2925d88af8a90cee489ff2beefb391bc9b9c7?s=96&d=mm&r=g\",\"url\":\"https:\\\/\\\/secure.gravatar.com\\\/avatar\\\/8b5f26557e18fe74ad8e8a57ebb2925d88af8a90cee489ff2beefb391bc9b9c7?s=96&d=mm&r=g\",\"contentUrl\":\"https:\\\/\\\/secure.gravatar.com\\\/avatar\\\/8b5f26557e18fe74ad8e8a57ebb2925d88af8a90cee489ff2beefb391bc9b9c7?s=96&d=mm&r=g\",\"caption\":\"Redazione\"}}]}<\/script>\n<!-- \/ Yoast SEO plugin. -->","yoast_head_json":{"title":"\u00c9v\u00e9nements du week-end du 2 et 3 mars 2024 \u00e0 Menton","description":"\u00c9v\u00e9nements du week-end \u00e0 Menton, d\u00e9couvrez-les tous !!F\u00caTE DU CITRONLa \"F\u00eate du Citron\u00ae\", un \u00e9v\u00e9nement unique au monde, attire plus de...","robots":{"index":"index","follow":"follow","max-snippet":"max-snippet:-1","max-image-preview":"max-image-preview:large","max-video-preview":"max-video-preview:-1"},"canonical":"https:\/\/montecarloliving.com\/fr\/menton\/evenements-du-week-end-du-2-et-3-mars-2024-menton-8326\/","og_locale":"fr_FR","og_title":"\u00c9v\u00e9nements du week-end du 2 et 3 mars 2024 \u00e0 Menton","og_description":"\u00c9v\u00e9nements du week-end \u00e0 Menton, d\u00e9couvrez-les tous !!F\u00caTE DU CITRONLa \"F\u00eate du Citron\u00ae\", un \u00e9v\u00e9nement unique au monde, attire plus de...","og_url":"https:\/\/montecarloliving.com\/fr\/menton\/evenements-du-week-end-du-2-et-3-mars-2024-menton-8326\/","og_site_name":"Montecarlo Living","article_publisher":"https:\/\/www.facebook.com\/montecarlolivingcom\/","article_published_time":"2024-03-01T08:30:12+00:00","og_image":[{"width":650,"height":400,"url":"https:\/\/montecarloliving.com\/wp-content\/uploads\/2024\/01\/COPERTINA-SITO-MONTECARLO-LIVING-14-650x400.jpg","type":"image\/jpeg"}],"author":"Redazione","twitter_card":"summary_large_image","twitter_creator":"@MonteCarloLivi","twitter_site":"@MonteCarloLivi","twitter_misc":{"\u00c9crit par":"Redazione","Dur\u00e9e de lecture estim\u00e9e":"5 minutes"},"schema":{"@context":"https:\/\/schema.org","@graph":[{"@type":"Article","@id":"https:\/\/montecarloliving.com\/fr\/menton\/evenements-du-week-end-du-2-et-3-mars-2024-menton-8326\/#article","isPartOf":{"@id":"https:\/\/montecarloliving.com\/fr\/menton\/evenements-du-week-end-du-2-et-3-mars-2024-menton-8326\/"},"author":{"name":"Redazione","@id":"https:\/\/montecarloliving.com\/fr\/#\/schema\/person\/7e5945d4560862b7f2d2c6831bda2819"},"headline":"\u00c9v\u00e9nements du week-end du 2 et 3 mars 2024 \u00e0 Menton","datePublished":"2024-03-01T08:30:12+00:00","mainEntityOfPage":{"@id":"https:\/\/montecarloliving.com\/fr\/menton\/evenements-du-week-end-du-2-et-3-mars-2024-menton-8326\/"},"wordCount":958,"image":{"@id":"https:\/\/montecarloliving.com\/fr\/menton\/evenements-du-week-end-du-2-et-3-mars-2024-menton-8326\/#primaryimage"},"thumbnailUrl":"https:\/\/montecarloliving.com\/wp-content\/uploads\/2024\/01\/COPERTINA-SITO-MONTECARLO-LIVING-14.jpg","articleSection":["Menton"],"inLanguage":"fr-FR"},{"@type":"WebPage","@id":"https:\/\/montecarloliving.com\/fr\/menton\/evenements-du-week-end-du-2-et-3-mars-2024-menton-8326\/","url":"https:\/\/montecarloliving.com\/fr\/menton\/evenements-du-week-end-du-2-et-3-mars-2024-menton-8326\/","name":"\u00c9v\u00e9nements du week-end du 2 et 3 mars 2024 \u00e0 Menton","isPartOf":{"@id":"https:\/\/montecarloliving.com\/fr\/#website"},"primaryImageOfPage":{"@id":"https:\/\/montecarloliving.com\/fr\/menton\/evenements-du-week-end-du-2-et-3-mars-2024-menton-8326\/#primaryimage"},"image":{"@id":"https:\/\/montecarloliving.com\/fr\/menton\/evenements-du-week-end-du-2-et-3-mars-2024-menton-8326\/#primaryimage"},"thumbnailUrl":"https:\/\/montecarloliving.com\/wp-content\/uploads\/2024\/01\/COPERTINA-SITO-MONTECARLO-LIVING-14.jpg","datePublished":"2024-03-01T08:30:12+00:00","author":{"@id":"https:\/\/montecarloliving.com\/fr\/#\/schema\/person\/7e5945d4560862b7f2d2c6831bda2819"},"description":"\u00c9v\u00e9nements du week-end \u00e0 Menton, d\u00e9couvrez-les tous !!F\u00caTE DU CITRONLa \"F\u00eate du Citron\u00ae\", un \u00e9v\u00e9nement unique au monde, attire plus de...","breadcrumb":{"@id":"https:\/\/montecarloliving.com\/fr\/menton\/evenements-du-week-end-du-2-et-3-mars-2024-menton-8326\/#breadcrumb"},"inLanguage":"fr-FR","potentialAction":[{"@type":"ReadAction","target":["https:\/\/montecarloliving.com\/fr\/menton\/evenements-du-week-end-du-2-et-3-mars-2024-menton-8326\/"]}]},{"@type":"ImageObject","inLanguage":"fr-FR","@id":"https:\/\/montecarloliving.com\/fr\/menton\/evenements-du-week-end-du-2-et-3-mars-2024-menton-8326\/#primaryimage","url":"https:\/\/montecarloliving.com\/wp-content\/uploads\/2024\/01\/COPERTINA-SITO-MONTECARLO-LIVING-14.jpg","contentUrl":"https:\/\/montecarloliving.com\/wp-content\/uploads\/2024\/01\/COPERTINA-SITO-MONTECARLO-LIVING-14.jpg","width":2000,"height":1200,"caption":"\u00c9v\u00e9nements du week-end Menton"},{"@type":"BreadcrumbList","@id":"https:\/\/montecarloliving.com\/fr\/menton\/evenements-du-week-end-du-2-et-3-mars-2024-menton-8326\/#breadcrumb","itemListElement":[{"@type":"ListItem","position":1,"name":"Home","item":"https:\/\/montecarloliving.com\/fr\/"},{"@type":"ListItem","position":2,"name":"\u00c9v\u00e9nements du week-end du 2 et 3 mars 2024 \u00e0 Menton"}]},{"@type":"WebSite","@id":"https:\/\/montecarloliving.com\/fr\/#website","url":"https:\/\/montecarloliving.com\/fr\/","name":"Montecarlo Living","description":"News da Montecarlo - Principato di Monaco e Costa Azzurra","potentialAction":[{"@type":"SearchAction","target":{"@type":"EntryPoint","urlTemplate":"https:\/\/montecarloliving.com\/fr\/?s={search_term_string}"},"query-input":{"@type":"PropertyValueSpecification","valueRequired":true,"valueName":"search_term_string"}}],"inLanguage":"fr-FR"},{"@type":"Person","@id":"https:\/\/montecarloliving.com\/fr\/#\/schema\/person\/7e5945d4560862b7f2d2c6831bda2819","name":"Redazione","image":{"@type":"ImageObject","inLanguage":"fr-FR","@id":"https:\/\/secure.gravatar.com\/avatar\/8b5f26557e18fe74ad8e8a57ebb2925d88af8a90cee489ff2beefb391bc9b9c7?s=96&d=mm&r=g","url":"https:\/\/secure.gravatar.com\/avatar\/8b5f26557e18fe74ad8e8a57ebb2925d88af8a90cee489ff2beefb391bc9b9c7?s=96&d=mm&r=g","contentUrl":"https:\/\/secure.gravatar.com\/avatar\/8b5f26557e18fe74ad8e8a57ebb2925d88af8a90cee489ff2beefb391bc9b9c7?s=96&d=mm&r=g","caption":"Redazione"}}]}},"_links":{"self":[{"href":"https:\/\/montecarloliving.com\/fr\/wp-json\/wp\/v2\/posts\/8326","targetHints":{"allow":["GET"]}}],"collection":[{"href":"https:\/\/montecarloliving.com\/fr\/wp-json\/wp\/v2\/posts"}],"about":[{"href":"https:\/\/montecarloliving.com\/fr\/wp-json\/wp\/v2\/types\/post"}],"author":[{"embeddable":true,"href":"https:\/\/montecarloliving.com\/fr\/wp-json\/wp\/v2\/users\/1"}],"replies":[{"embeddable":true,"href":"https:\/\/montecarloliving.com\/fr\/wp-json\/wp\/v2\/comments?post=8326"}],"version-history":[{"count":1,"href":"https:\/\/montecarloliving.com\/fr\/wp-json\/wp\/v2\/posts\/8326\/revisions"}],"predecessor-version":[{"id":8327,"href":"https:\/\/montecarloliving.com\/fr\/wp-json\/wp\/v2\/posts\/8326\/revisions\/8327"}],"wp:featuredmedia":[{"embeddable":true,"href":"https:\/\/montecarloliving.com\/fr\/wp-json\/wp\/v2\/media\/6514"}],"wp:attachment":[{"href":"https:\/\/montecarloliving.com\/fr\/wp-json\/wp\/v2\/media?parent=8326"}],"wp:term":[{"taxonomy":"category","embeddable":true,"href":"https:\/\/montecarloliving.com\/fr\/wp-json\/wp\/v2\/categories?post=8326"},{"taxonomy":"post_tag","embeddable":true,"href":"https:\/\/montecarloliving.com\/fr\/wp-json\/wp\/v2\/tags?post=8326"}],"curies":[{"name":"wp","href":"https:\/\/api.w.org\/{rel}","templated":true}]}}