{"id":8185,"date":"2024-02-26T12:23:55","date_gmt":"2024-02-26T11:23:55","guid":{"rendered":"https:\/\/montecarloliving.com\/?p=8185"},"modified":"2024-02-26T12:34:22","modified_gmt":"2024-02-26T11:34:22","slug":"monaco-leggerezza-delle-cose-du-pianiste-roberto-prosseda","status":"publish","type":"post","link":"https:\/\/montecarloliving.com\/fr\/actualite\/monaco-leggerezza-delle-cose-du-pianiste-roberto-prosseda-8185\/","title":{"rendered":"\u00c0 Monaco, \u00ab\u00a0La leggerezza delle Cose\u00a0\u00bb du pianiste Roberto Prosseda"},"content":{"rendered":"<p><strong>L&rsquo;Association Dante Alighieri &#8211; Comit\u00e9 de Monaco pr\u00e9sente<\/strong>, sous le Haut Patronage de S.A.R. la Princesse de Hanovre et avec le Patronage de l&rsquo;Ambassade d&rsquo;Italie en Principaut\u00e9, <strong>le vendredi 1er mars 2024 \u00e0 20h au Th\u00e9\u00e2tre des Vari\u00e9t\u00e9s de Monaco, le spectacle musical : \u00ab\u00a0<em>La leggerezza delle Cose<\/em>\u00a0\u00bb du pianiste Roberto Prosseda, inspir\u00e9 des \u00ab\u00a0Le\u00e7ons am\u00e9ricaines\u00a0\u00bb d&rsquo;Italo Calvino.<\/strong><\/p>\n<p><img loading=\"lazy\" decoding=\"async\" class=\" wp-image-8175 aligncenter\" src=\"https:\/\/montecarloliving.com\/wp-content\/uploads\/2024\/02\/LA-LEGGEREZZA-DELLE-COSE-ROBERTO-PROSSEDA_page-0001.jpg\" alt=\"\" width=\"373\" height=\"527\" srcset=\"https:\/\/montecarloliving.com\/wp-content\/uploads\/2024\/02\/LA-LEGGEREZZA-DELLE-COSE-ROBERTO-PROSSEDA_page-0001.jpg 1241w, https:\/\/montecarloliving.com\/wp-content\/uploads\/2024\/02\/LA-LEGGEREZZA-DELLE-COSE-ROBERTO-PROSSEDA_page-0001-212x300.jpg 212w, https:\/\/montecarloliving.com\/wp-content\/uploads\/2024\/02\/LA-LEGGEREZZA-DELLE-COSE-ROBERTO-PROSSEDA_page-0001-725x1024.jpg 725w, https:\/\/montecarloliving.com\/wp-content\/uploads\/2024\/02\/LA-LEGGEREZZA-DELLE-COSE-ROBERTO-PROSSEDA_page-0001-768x1085.jpg 768w, https:\/\/montecarloliving.com\/wp-content\/uploads\/2024\/02\/LA-LEGGEREZZA-DELLE-COSE-ROBERTO-PROSSEDA_page-0001-1087x1536.jpg 1087w\" sizes=\"auto, (max-width: 373px) 100vw, 373px\" \/><\/p>\n<p>Une soir\u00e9e au cours de laquelle le pianiste italien tr\u00e8s r\u00e9ussi \u00ab\u00a0racontera\u00a0\u00bb la musique en se r\u00e9f\u00e9rant aux six cat\u00e9gories choisies par Calvino pour un cycle de six conf\u00e9rences \u00e0 l&rsquo;Universit\u00e9 Harvard. Des conf\u00e9rences qui n&rsquo;ont jamais eu lieu en raison de la mort de l&rsquo;\u00e9crivain en 1985, donnant ensuite naissance au c\u00e9l\u00e8bre livre \u00ab\u00a0Le\u00e7ons am\u00e9ricaines\u00a0\u00bb. La l\u00e9g\u00e8ret\u00e9, la rapidit\u00e9, la pr\u00e9cision, la visibilit\u00e9, la multiplicit\u00e9 et la coh\u00e9rence sont les six concepts s\u00e9lectionn\u00e9s par Calvino, qui \u00ab\u00a0peuvent parfaitement s&rsquo;appliquer \u00e0 l&rsquo;interpr\u00e9tation et \u00e0 l&rsquo;\u00e9coute de la musique\u00a0\u00bb, ainsi qu&rsquo;\u00e0 l&rsquo;\u00e9criture et \u00e0 l&rsquo;existence de chacun de nous. \u00ab\u00a0Prenez la vie avec l\u00e9g\u00e8ret\u00e9, car la l\u00e9g\u00e8ret\u00e9 n&rsquo;est pas la superficialit\u00e9, mais planer au-dessus des choses, ne pas avoir de fardeaux sur le c\u0153ur\u00a0\u00bb, affirme le grand auteur dont le centenaire de la naissance a \u00e9t\u00e9 c\u00e9l\u00e9br\u00e9 en 2023.<\/p>\n<p>Pour interpr\u00e9ter l&rsquo;esprit de l&rsquo;un des \u00e9crivains italiens les plus significatifs du XXe si\u00e8cle pour le public de la Principaut\u00e9, un pianiste, Roberto Prosseda, se produira. Prosseda a r\u00e9guli\u00e8rement jou\u00e9 avec les plus grandes orchestres internationales telles que le London Philharmonic, le New Japan Philharmonic, le Calgary Philharmonic, le Moscow State Philharmonic, la Santa Cecilia, la Philharmonie de la Scala, le Berliner Symphoniker, et d&rsquo;autres. En Italie, il est un invit\u00e9 r\u00e9gulier de l&rsquo;Accademia di Santa Cecilia, du Teatro alla Scala, de l&rsquo;Unione Musicale di Torino, du Teatro la Fenice, de l&rsquo;Accademia Chigiana di Siena, et du Teatro Comunale di Bologna. Prosseda est \u00e9galement le cr\u00e9ateur et co-auteur de trois documentaires produits par la RAI consacr\u00e9s \u00e0 Mendelssohn, Chopin et Liszt, et est actuellement directeur artistique de Cremona Musica International Exhibitions &amp; Festival, du Patmos Chamber Music Festival, ainsi que consultant musical du Teatro Comunale \u00ab\u00a0Giuseppe Verdi\u00a0\u00bb de Pordenone. Son expertise musicale et sa sensibilit\u00e9 conviennent parfaitement \u00e0 transmettre l&rsquo;esprit \u00e9lev\u00e9 et la l\u00e9g\u00e8ret\u00e9 cultiv\u00e9e d&rsquo;Italo Calvino aux membres et amis de l&rsquo;Association Dante Alighieri de Monaco, pr\u00e9sid\u00e9e par Maria Betti.<\/p>\n<p><strong>TARIFS D&rsquo;ENTR\u00c9E : GRATUIT POUR LES MEMBRES | 10 \u20ac POUR LES NON-MEMBRES JUSQU&rsquo;\u00c0 25 ANS | 20 \u20ac POUR LES NON-MEMBRES ADULTES.<\/strong><\/p>\n<p><strong>R\u00c9SERVATIONS avant le 27 f\u00e9vrier \u00e0 <a target=\"_new\" rel=\"noopener\">info.dantemc@gmail.com<\/a> ou au +377 97 70 89 47.<\/strong><\/p>\n","protected":false},"excerpt":{"rendered":"<p>L&rsquo;Association Dante Alighieri &#8211; Comit\u00e9 de Monaco pr\u00e9sente, sous le Haut Patronage de S.A.R. la Princesse de Hanovre et avec le Patronage de l&rsquo;Ambassade d&rsquo;Italie en Principaut\u00e9, le vendredi 1er mars 2024 \u00e0 20h au Th\u00e9\u00e2tre des Vari\u00e9t\u00e9s de Monaco, le spectacle musical : [&hellip;]<\/p>\n","protected":false},"author":1,"featured_media":8182,"comment_status":"closed","ping_status":"closed","sticky":false,"template":"","format":"standard","meta":{"footnotes":""},"categories":[827,875,828,867],"tags":[],"class_list":["post-8185","post","type-post","status-publish","format-standard","has-post-thumbnail","hentry","category-actualite","category-actualite-monaco","category-evenements","category-monaco-fr"],"yoast_head":"<!-- This site is optimized with the Yoast SEO plugin v27.5 - https:\/\/yoast.com\/product\/yoast-seo-wordpress\/ -->\n<title>\u00c0 Monaco, &quot;La leggerezza delle Cose&quot; du pianiste Roberto Prosseda<\/title>\n<meta name=\"description\" content=\"L&#039;Association Dante Alighieri - Comit\u00e9 de Monaco pr\u00e9sente, sous le Haut Patronage de S.A.R. la Princesse de Hanovre et avec le Patronage de l&#039;Ambassade\" \/>\n<meta name=\"robots\" content=\"index, follow, max-snippet:-1, max-image-preview:large, max-video-preview:-1\" \/>\n<link rel=\"canonical\" href=\"https:\/\/montecarloliving.com\/fr\/actualite\/monaco-leggerezza-delle-cose-du-pianiste-roberto-prosseda-8185\/\" \/>\n<meta property=\"og:locale\" content=\"fr_FR\" \/>\n<meta property=\"og:title\" content=\"\u00c0 Monaco, &quot;La leggerezza delle Cose&quot; du pianiste Roberto Prosseda\" \/>\n<meta property=\"og:description\" content=\"L&#039;Association Dante Alighieri - Comit\u00e9 de Monaco pr\u00e9sente, sous le Haut Patronage de S.A.R. la Princesse de Hanovre et avec le Patronage de l&#039;Ambassade\" \/>\n<meta property=\"og:url\" content=\"https:\/\/montecarloliving.com\/fr\/actualite\/monaco-leggerezza-delle-cose-du-pianiste-roberto-prosseda-8185\/\" \/>\n<meta property=\"og:site_name\" content=\"Montecarlo Living\" \/>\n<meta property=\"article:publisher\" content=\"https:\/\/www.facebook.com\/montecarlolivingcom\/\" \/>\n<meta property=\"article:published_time\" content=\"2024-02-26T11:23:55+00:00\" \/>\n<meta property=\"article:modified_time\" content=\"2024-02-26T11:34:22+00:00\" \/>\n<meta property=\"og:image\" content=\"https:\/\/montecarloliving.com\/wp-content\/uploads\/2024\/02\/Roberto-Prosseda-pianista-5-e1708947198322-650x400.jpg\" \/>\n\t<meta property=\"og:image:width\" content=\"650\" \/>\n\t<meta property=\"og:image:height\" content=\"400\" \/>\n\t<meta property=\"og:image:type\" content=\"image\/jpeg\" \/>\n<meta name=\"author\" content=\"Redazione\" \/>\n<meta name=\"twitter:card\" content=\"summary_large_image\" \/>\n<meta name=\"twitter:creator\" content=\"@MonteCarloLivi\" \/>\n<meta name=\"twitter:site\" content=\"@MonteCarloLivi\" \/>\n<meta name=\"twitter:label1\" content=\"\u00c9crit par\" \/>\n\t<meta name=\"twitter:data1\" content=\"Redazione\" \/>\n\t<meta name=\"twitter:label2\" content=\"Dur\u00e9e de lecture estim\u00e9e\" \/>\n\t<meta name=\"twitter:data2\" content=\"3 minutes\" \/>\n<script type=\"application\/ld+json\" class=\"yoast-schema-graph\">{\"@context\":\"https:\\\/\\\/schema.org\",\"@graph\":[{\"@type\":\"Article\",\"@id\":\"https:\\\/\\\/montecarloliving.com\\\/fr\\\/actualite\\\/monaco-leggerezza-delle-cose-du-pianiste-roberto-prosseda-8185\\\/#article\",\"isPartOf\":{\"@id\":\"https:\\\/\\\/montecarloliving.com\\\/fr\\\/actualite\\\/monaco-leggerezza-delle-cose-du-pianiste-roberto-prosseda-8185\\\/\"},\"author\":{\"name\":\"Redazione\",\"@id\":\"https:\\\/\\\/montecarloliving.com\\\/fr\\\/#\\\/schema\\\/person\\\/7e5945d4560862b7f2d2c6831bda2819\"},\"headline\":\"\u00c0 Monaco, \u00ab\u00a0La leggerezza delle Cose\u00a0\u00bb du pianiste Roberto Prosseda\",\"datePublished\":\"2024-02-26T11:23:55+00:00\",\"dateModified\":\"2024-02-26T11:34:22+00:00\",\"mainEntityOfPage\":{\"@id\":\"https:\\\/\\\/montecarloliving.com\\\/fr\\\/actualite\\\/monaco-leggerezza-delle-cose-du-pianiste-roberto-prosseda-8185\\\/\"},\"wordCount\":472,\"image\":{\"@id\":\"https:\\\/\\\/montecarloliving.com\\\/fr\\\/actualite\\\/monaco-leggerezza-delle-cose-du-pianiste-roberto-prosseda-8185\\\/#primaryimage\"},\"thumbnailUrl\":\"https:\\\/\\\/montecarloliving.com\\\/wp-content\\\/uploads\\\/2024\\\/02\\\/Roberto-Prosseda-pianista-5-e1708947198322.jpg\",\"articleSection\":[\"Actualit\u00e9\",\"Actualit\u00e9 \u00e0 Monaco\",\"\u00c9v\u00e9nements\",\"Monaco\"],\"inLanguage\":\"fr-FR\"},{\"@type\":\"WebPage\",\"@id\":\"https:\\\/\\\/montecarloliving.com\\\/fr\\\/actualite\\\/monaco-leggerezza-delle-cose-du-pianiste-roberto-prosseda-8185\\\/\",\"url\":\"https:\\\/\\\/montecarloliving.com\\\/fr\\\/actualite\\\/monaco-leggerezza-delle-cose-du-pianiste-roberto-prosseda-8185\\\/\",\"name\":\"\u00c0 Monaco, \\\"La leggerezza delle Cose\\\" du pianiste Roberto Prosseda\",\"isPartOf\":{\"@id\":\"https:\\\/\\\/montecarloliving.com\\\/fr\\\/#website\"},\"primaryImageOfPage\":{\"@id\":\"https:\\\/\\\/montecarloliving.com\\\/fr\\\/actualite\\\/monaco-leggerezza-delle-cose-du-pianiste-roberto-prosseda-8185\\\/#primaryimage\"},\"image\":{\"@id\":\"https:\\\/\\\/montecarloliving.com\\\/fr\\\/actualite\\\/monaco-leggerezza-delle-cose-du-pianiste-roberto-prosseda-8185\\\/#primaryimage\"},\"thumbnailUrl\":\"https:\\\/\\\/montecarloliving.com\\\/wp-content\\\/uploads\\\/2024\\\/02\\\/Roberto-Prosseda-pianista-5-e1708947198322.jpg\",\"datePublished\":\"2024-02-26T11:23:55+00:00\",\"dateModified\":\"2024-02-26T11:34:22+00:00\",\"author\":{\"@id\":\"https:\\\/\\\/montecarloliving.com\\\/fr\\\/#\\\/schema\\\/person\\\/7e5945d4560862b7f2d2c6831bda2819\"},\"description\":\"L'Association Dante Alighieri - Comit\u00e9 de Monaco pr\u00e9sente, sous le Haut Patronage de S.A.R. la Princesse de Hanovre et avec le Patronage de l'Ambassade\",\"breadcrumb\":{\"@id\":\"https:\\\/\\\/montecarloliving.com\\\/fr\\\/actualite\\\/monaco-leggerezza-delle-cose-du-pianiste-roberto-prosseda-8185\\\/#breadcrumb\"},\"inLanguage\":\"fr-FR\",\"potentialAction\":[{\"@type\":\"ReadAction\",\"target\":[\"https:\\\/\\\/montecarloliving.com\\\/fr\\\/actualite\\\/monaco-leggerezza-delle-cose-du-pianiste-roberto-prosseda-8185\\\/\"]}]},{\"@type\":\"ImageObject\",\"inLanguage\":\"fr-FR\",\"@id\":\"https:\\\/\\\/montecarloliving.com\\\/fr\\\/actualite\\\/monaco-leggerezza-delle-cose-du-pianiste-roberto-prosseda-8185\\\/#primaryimage\",\"url\":\"https:\\\/\\\/montecarloliving.com\\\/wp-content\\\/uploads\\\/2024\\\/02\\\/Roberto-Prosseda-pianista-5-e1708947198322.jpg\",\"contentUrl\":\"https:\\\/\\\/montecarloliving.com\\\/wp-content\\\/uploads\\\/2024\\\/02\\\/Roberto-Prosseda-pianista-5-e1708947198322.jpg\",\"width\":1066,\"height\":731},{\"@type\":\"BreadcrumbList\",\"@id\":\"https:\\\/\\\/montecarloliving.com\\\/fr\\\/actualite\\\/monaco-leggerezza-delle-cose-du-pianiste-roberto-prosseda-8185\\\/#breadcrumb\",\"itemListElement\":[{\"@type\":\"ListItem\",\"position\":1,\"name\":\"Home\",\"item\":\"https:\\\/\\\/montecarloliving.com\\\/fr\\\/\"},{\"@type\":\"ListItem\",\"position\":2,\"name\":\"\u00c0 Monaco, &#8220;La leggerezza delle Cose&#8221; du pianiste Roberto Prosseda\"}]},{\"@type\":\"WebSite\",\"@id\":\"https:\\\/\\\/montecarloliving.com\\\/fr\\\/#website\",\"url\":\"https:\\\/\\\/montecarloliving.com\\\/fr\\\/\",\"name\":\"Montecarlo Living\",\"description\":\"News da Montecarlo - Principato di Monaco e Costa Azzurra\",\"potentialAction\":[{\"@type\":\"SearchAction\",\"target\":{\"@type\":\"EntryPoint\",\"urlTemplate\":\"https:\\\/\\\/montecarloliving.com\\\/fr\\\/?s={search_term_string}\"},\"query-input\":{\"@type\":\"PropertyValueSpecification\",\"valueRequired\":true,\"valueName\":\"search_term_string\"}}],\"inLanguage\":\"fr-FR\"},{\"@type\":\"Person\",\"@id\":\"https:\\\/\\\/montecarloliving.com\\\/fr\\\/#\\\/schema\\\/person\\\/7e5945d4560862b7f2d2c6831bda2819\",\"name\":\"Redazione\",\"image\":{\"@type\":\"ImageObject\",\"inLanguage\":\"fr-FR\",\"@id\":\"https:\\\/\\\/secure.gravatar.com\\\/avatar\\\/8b5f26557e18fe74ad8e8a57ebb2925d88af8a90cee489ff2beefb391bc9b9c7?s=96&d=mm&r=g\",\"url\":\"https:\\\/\\\/secure.gravatar.com\\\/avatar\\\/8b5f26557e18fe74ad8e8a57ebb2925d88af8a90cee489ff2beefb391bc9b9c7?s=96&d=mm&r=g\",\"contentUrl\":\"https:\\\/\\\/secure.gravatar.com\\\/avatar\\\/8b5f26557e18fe74ad8e8a57ebb2925d88af8a90cee489ff2beefb391bc9b9c7?s=96&d=mm&r=g\",\"caption\":\"Redazione\"}}]}<\/script>\n<!-- \/ Yoast SEO plugin. -->","yoast_head_json":{"title":"\u00c0 Monaco, \"La leggerezza delle Cose\" du pianiste Roberto Prosseda","description":"L'Association Dante Alighieri - Comit\u00e9 de Monaco pr\u00e9sente, sous le Haut Patronage de S.A.R. la Princesse de Hanovre et avec le Patronage de l'Ambassade","robots":{"index":"index","follow":"follow","max-snippet":"max-snippet:-1","max-image-preview":"max-image-preview:large","max-video-preview":"max-video-preview:-1"},"canonical":"https:\/\/montecarloliving.com\/fr\/actualite\/monaco-leggerezza-delle-cose-du-pianiste-roberto-prosseda-8185\/","og_locale":"fr_FR","og_title":"\u00c0 Monaco, \"La leggerezza delle Cose\" du pianiste Roberto Prosseda","og_description":"L'Association Dante Alighieri - Comit\u00e9 de Monaco pr\u00e9sente, sous le Haut Patronage de S.A.R. la Princesse de Hanovre et avec le Patronage de l'Ambassade","og_url":"https:\/\/montecarloliving.com\/fr\/actualite\/monaco-leggerezza-delle-cose-du-pianiste-roberto-prosseda-8185\/","og_site_name":"Montecarlo Living","article_publisher":"https:\/\/www.facebook.com\/montecarlolivingcom\/","article_published_time":"2024-02-26T11:23:55+00:00","article_modified_time":"2024-02-26T11:34:22+00:00","og_image":[{"width":650,"height":400,"url":"https:\/\/montecarloliving.com\/wp-content\/uploads\/2024\/02\/Roberto-Prosseda-pianista-5-e1708947198322-650x400.jpg","type":"image\/jpeg"}],"author":"Redazione","twitter_card":"summary_large_image","twitter_creator":"@MonteCarloLivi","twitter_site":"@MonteCarloLivi","twitter_misc":{"\u00c9crit par":"Redazione","Dur\u00e9e de lecture estim\u00e9e":"3 minutes"},"schema":{"@context":"https:\/\/schema.org","@graph":[{"@type":"Article","@id":"https:\/\/montecarloliving.com\/fr\/actualite\/monaco-leggerezza-delle-cose-du-pianiste-roberto-prosseda-8185\/#article","isPartOf":{"@id":"https:\/\/montecarloliving.com\/fr\/actualite\/monaco-leggerezza-delle-cose-du-pianiste-roberto-prosseda-8185\/"},"author":{"name":"Redazione","@id":"https:\/\/montecarloliving.com\/fr\/#\/schema\/person\/7e5945d4560862b7f2d2c6831bda2819"},"headline":"\u00c0 Monaco, \u00ab\u00a0La leggerezza delle Cose\u00a0\u00bb du pianiste Roberto Prosseda","datePublished":"2024-02-26T11:23:55+00:00","dateModified":"2024-02-26T11:34:22+00:00","mainEntityOfPage":{"@id":"https:\/\/montecarloliving.com\/fr\/actualite\/monaco-leggerezza-delle-cose-du-pianiste-roberto-prosseda-8185\/"},"wordCount":472,"image":{"@id":"https:\/\/montecarloliving.com\/fr\/actualite\/monaco-leggerezza-delle-cose-du-pianiste-roberto-prosseda-8185\/#primaryimage"},"thumbnailUrl":"https:\/\/montecarloliving.com\/wp-content\/uploads\/2024\/02\/Roberto-Prosseda-pianista-5-e1708947198322.jpg","articleSection":["Actualit\u00e9","Actualit\u00e9 \u00e0 Monaco","\u00c9v\u00e9nements","Monaco"],"inLanguage":"fr-FR"},{"@type":"WebPage","@id":"https:\/\/montecarloliving.com\/fr\/actualite\/monaco-leggerezza-delle-cose-du-pianiste-roberto-prosseda-8185\/","url":"https:\/\/montecarloliving.com\/fr\/actualite\/monaco-leggerezza-delle-cose-du-pianiste-roberto-prosseda-8185\/","name":"\u00c0 Monaco, \"La leggerezza delle Cose\" du pianiste Roberto Prosseda","isPartOf":{"@id":"https:\/\/montecarloliving.com\/fr\/#website"},"primaryImageOfPage":{"@id":"https:\/\/montecarloliving.com\/fr\/actualite\/monaco-leggerezza-delle-cose-du-pianiste-roberto-prosseda-8185\/#primaryimage"},"image":{"@id":"https:\/\/montecarloliving.com\/fr\/actualite\/monaco-leggerezza-delle-cose-du-pianiste-roberto-prosseda-8185\/#primaryimage"},"thumbnailUrl":"https:\/\/montecarloliving.com\/wp-content\/uploads\/2024\/02\/Roberto-Prosseda-pianista-5-e1708947198322.jpg","datePublished":"2024-02-26T11:23:55+00:00","dateModified":"2024-02-26T11:34:22+00:00","author":{"@id":"https:\/\/montecarloliving.com\/fr\/#\/schema\/person\/7e5945d4560862b7f2d2c6831bda2819"},"description":"L'Association Dante Alighieri - Comit\u00e9 de Monaco pr\u00e9sente, sous le Haut Patronage de S.A.R. la Princesse de Hanovre et avec le Patronage de l'Ambassade","breadcrumb":{"@id":"https:\/\/montecarloliving.com\/fr\/actualite\/monaco-leggerezza-delle-cose-du-pianiste-roberto-prosseda-8185\/#breadcrumb"},"inLanguage":"fr-FR","potentialAction":[{"@type":"ReadAction","target":["https:\/\/montecarloliving.com\/fr\/actualite\/monaco-leggerezza-delle-cose-du-pianiste-roberto-prosseda-8185\/"]}]},{"@type":"ImageObject","inLanguage":"fr-FR","@id":"https:\/\/montecarloliving.com\/fr\/actualite\/monaco-leggerezza-delle-cose-du-pianiste-roberto-prosseda-8185\/#primaryimage","url":"https:\/\/montecarloliving.com\/wp-content\/uploads\/2024\/02\/Roberto-Prosseda-pianista-5-e1708947198322.jpg","contentUrl":"https:\/\/montecarloliving.com\/wp-content\/uploads\/2024\/02\/Roberto-Prosseda-pianista-5-e1708947198322.jpg","width":1066,"height":731},{"@type":"BreadcrumbList","@id":"https:\/\/montecarloliving.com\/fr\/actualite\/monaco-leggerezza-delle-cose-du-pianiste-roberto-prosseda-8185\/#breadcrumb","itemListElement":[{"@type":"ListItem","position":1,"name":"Home","item":"https:\/\/montecarloliving.com\/fr\/"},{"@type":"ListItem","position":2,"name":"\u00c0 Monaco, &#8220;La leggerezza delle Cose&#8221; du pianiste Roberto Prosseda"}]},{"@type":"WebSite","@id":"https:\/\/montecarloliving.com\/fr\/#website","url":"https:\/\/montecarloliving.com\/fr\/","name":"Montecarlo Living","description":"News da Montecarlo - Principato di Monaco e Costa Azzurra","potentialAction":[{"@type":"SearchAction","target":{"@type":"EntryPoint","urlTemplate":"https:\/\/montecarloliving.com\/fr\/?s={search_term_string}"},"query-input":{"@type":"PropertyValueSpecification","valueRequired":true,"valueName":"search_term_string"}}],"inLanguage":"fr-FR"},{"@type":"Person","@id":"https:\/\/montecarloliving.com\/fr\/#\/schema\/person\/7e5945d4560862b7f2d2c6831bda2819","name":"Redazione","image":{"@type":"ImageObject","inLanguage":"fr-FR","@id":"https:\/\/secure.gravatar.com\/avatar\/8b5f26557e18fe74ad8e8a57ebb2925d88af8a90cee489ff2beefb391bc9b9c7?s=96&d=mm&r=g","url":"https:\/\/secure.gravatar.com\/avatar\/8b5f26557e18fe74ad8e8a57ebb2925d88af8a90cee489ff2beefb391bc9b9c7?s=96&d=mm&r=g","contentUrl":"https:\/\/secure.gravatar.com\/avatar\/8b5f26557e18fe74ad8e8a57ebb2925d88af8a90cee489ff2beefb391bc9b9c7?s=96&d=mm&r=g","caption":"Redazione"}}]}},"_links":{"self":[{"href":"https:\/\/montecarloliving.com\/fr\/wp-json\/wp\/v2\/posts\/8185","targetHints":{"allow":["GET"]}}],"collection":[{"href":"https:\/\/montecarloliving.com\/fr\/wp-json\/wp\/v2\/posts"}],"about":[{"href":"https:\/\/montecarloliving.com\/fr\/wp-json\/wp\/v2\/types\/post"}],"author":[{"embeddable":true,"href":"https:\/\/montecarloliving.com\/fr\/wp-json\/wp\/v2\/users\/1"}],"replies":[{"embeddable":true,"href":"https:\/\/montecarloliving.com\/fr\/wp-json\/wp\/v2\/comments?post=8185"}],"version-history":[{"count":1,"href":"https:\/\/montecarloliving.com\/fr\/wp-json\/wp\/v2\/posts\/8185\/revisions"}],"predecessor-version":[{"id":8186,"href":"https:\/\/montecarloliving.com\/fr\/wp-json\/wp\/v2\/posts\/8185\/revisions\/8186"}],"wp:featuredmedia":[{"embeddable":true,"href":"https:\/\/montecarloliving.com\/fr\/wp-json\/wp\/v2\/media\/8182"}],"wp:attachment":[{"href":"https:\/\/montecarloliving.com\/fr\/wp-json\/wp\/v2\/media?parent=8185"}],"wp:term":[{"taxonomy":"category","embeddable":true,"href":"https:\/\/montecarloliving.com\/fr\/wp-json\/wp\/v2\/categories?post=8185"},{"taxonomy":"post_tag","embeddable":true,"href":"https:\/\/montecarloliving.com\/fr\/wp-json\/wp\/v2\/tags?post=8185"}],"curies":[{"name":"wp","href":"https:\/\/api.w.org\/{rel}","templated":true}]}}