{"id":8099,"date":"2024-02-26T09:20:09","date_gmt":"2024-02-26T08:20:09","guid":{"rendered":"https:\/\/montecarloliving.com\/?p=8099"},"modified":"2024-02-23T09:53:32","modified_gmt":"2024-02-23T08:53:32","slug":"leternite-si-possible-villa-cameline-de-nice","status":"publish","type":"post","link":"https:\/\/montecarloliving.com\/fr\/nice-fr\/leternite-si-possible-villa-cameline-de-nice-8099\/","title":{"rendered":"\u00ab\u00a0L&rsquo;\u00c9TERNIT\u00c9, SI POSSIBLE\u00a0\u00bb \u00e0 Villa Cameline de Nice"},"content":{"rendered":"<p>En 2018, l&rsquo;exposition\u00a0<i>Le Cabinet atomique\u00a0<\/i>\u00e9tait pr\u00e9sent\u00e9e \u00e0 La Maison Abandonn\u00e9e [Villa Cameline] et abordait l&rsquo;id\u00e9e de l&rsquo;apprivoisement au quotidien du fait nucl\u00e9aire, l&rsquo;atome incarnant l&rsquo;\u00e9nergie du futur et le d\u00e9but de la fin des temps. La proposition pr\u00e9sentait ses dangers banalis\u00e9s : les centrales nucl\u00e9aires qui s&rsquo;inscrivent dans le paysage ; des essais en Cor\u00e9e du Nord et en Polyn\u00e9sie ; la gestion d\u00e9licate des d\u00e9chets radioactifs. Depuis cette exposition, la pand\u00e9mie a frapp\u00e9, la crise climatique fait finalement partie du vocabulaire des puissants et la possibilit\u00e9 d&rsquo;une guerre nucl\u00e9aire assombrit l&rsquo;horizon.<\/p>\n<p>Dans notre histoire contemporaine, l&rsquo;humanit\u00e9 a \u00e9t\u00e9 et est confront\u00e9e de maintes fa\u00e7ons \u00e0 son annihilation, ou \u00e0 tout le moins, \u00e0 sa grande vuln\u00e9rabilit\u00e9. Mais pour qu&rsquo;il puisse imaginer r\u00e9ellement sa disparition, l&rsquo;\u00eatre humain a besoin de faits r\u00e9els o\u00f9 l&rsquo;eschatologie sort des discours philosophiques ou th\u00e9ologiques pour devenir une possibilit\u00e9 palpable. Comme en r\u00e9ponse, les menaces se sont multipli\u00e9es, sans jamais dispara\u00eetre, se greffant plut\u00f4t les unes aux autres.<\/p>\n<p><strong>Le projet d&rsquo;exposition\u00a0<\/strong><i><strong>L&rsquo;\u00e9ternit\u00e9, si possible<\/strong>\u00a0<\/i>s&rsquo;inscrit dans cette actualit\u00e9 marqu\u00e9e par la multipolarit\u00e9 des sources de risque et s&rsquo;annonce comme la poursuite d&rsquo;une r\u00e9flexion autour de la notion de survivance en ces temps incertains.<\/p>\n<p><img loading=\"lazy\" decoding=\"async\" class=\"aligncenter\" src=\"https:\/\/32e5h.img.a.d.sendibm1.com\/im\/sh\/qSyCr-aeK-Xt.jpg?u=2BpAyz2gMiWnceb4x4xTCrulhb8D1BbLXt\" width=\"475\" height=\"633\" \/><\/p>\n<p>Les deux commissaires et les huit artistes, 4 artistes fran\u00e7ais et 4 artistes canadiens, exploreront diff\u00e9rents aspects ou simulacres de la destruction de nos modes de vie, par le biais d&rsquo;oeuvres d&rsquo;art contemporain, visuels et litt\u00e9raires. Les parcours mus\u00e9ographiques seront pr\u00e9sent\u00e9s \u00e0 la mani\u00e8re d&rsquo;un r\u00e9cit anticipatif. L&rsquo;\u00eatre humain s&rsquo;est dot\u00e9 du pouvoir divin de destruction du monde.<\/p>\n<p>Et c&rsquo;est au rythme du tictac de l&rsquo;horloge apocalyptique (\u00ab doomsday clock \u00bb) que les oeuvres afficheront un pass\u00e9 irr\u00e9versible, un pr\u00e9sent pr\u00e9occupant et un futur pour le moins incertain, tout en illustrant ce puissant d\u00e9sir inh\u00e9rent \u00e0 notre humanit\u00e9 occidentale, soit celui d&rsquo;\u00eatre \u00e9ternel.<\/p>\n<p>&nbsp;<\/p>\n","protected":false},"excerpt":{"rendered":"<p>En 2018, l&rsquo;exposition\u00a0Le Cabinet atomique\u00a0\u00e9tait pr\u00e9sent\u00e9e \u00e0 La Maison Abandonn\u00e9e [Villa Cameline] et abordait l&rsquo;id\u00e9e de l&rsquo;apprivoisement au quotidien du fait nucl\u00e9aire, l&rsquo;atome incarnant l&rsquo;\u00e9nergie du futur et le d\u00e9but de la fin des temps. La proposition pr\u00e9sentait ses dangers banalis\u00e9s : les centrales [&hellip;]<\/p>\n","protected":false},"author":1,"featured_media":8107,"comment_status":"closed","ping_status":"closed","sticky":false,"template":"","format":"standard","meta":{"footnotes":""},"categories":[828,868],"tags":[],"class_list":["post-8099","post","type-post","status-publish","format-standard","has-post-thumbnail","hentry","category-evenements","category-nice-fr"],"yoast_head":"<!-- This site is optimized with the Yoast SEO plugin v27.5 - https:\/\/yoast.com\/product\/yoast-seo-wordpress\/ -->\n<title>&quot;L&#039;\u00c9TERNIT\u00c9, SI POSSIBLE&quot; \u00e0 Villa Cameline de Nice<\/title>\n<meta name=\"description\" content=\"En 2018, l&#039;exposition\u00a0Le Cabinet atomique\u00a0\u00e9tait pr\u00e9sent\u00e9e \u00e0 La Maison Abandonn\u00e9e et abordait l&#039;id\u00e9e de l&#039;apprivoisement au quotidien du fait nucl\u00e9aire,\" \/>\n<meta name=\"robots\" content=\"index, follow, max-snippet:-1, max-image-preview:large, max-video-preview:-1\" \/>\n<link rel=\"canonical\" href=\"https:\/\/montecarloliving.com\/fr\/nice-fr\/leternite-si-possible-villa-cameline-de-nice-8099\/\" \/>\n<meta property=\"og:locale\" content=\"fr_FR\" \/>\n<meta property=\"og:title\" content=\"&quot;L&#039;\u00c9TERNIT\u00c9, SI POSSIBLE&quot; \u00e0 Villa Cameline de Nice\" \/>\n<meta property=\"og:description\" content=\"En 2018, l&#039;exposition\u00a0Le Cabinet atomique\u00a0\u00e9tait pr\u00e9sent\u00e9e \u00e0 La Maison Abandonn\u00e9e et abordait l&#039;id\u00e9e de l&#039;apprivoisement au quotidien du fait nucl\u00e9aire,\" \/>\n<meta property=\"og:url\" content=\"https:\/\/montecarloliving.com\/fr\/nice-fr\/leternite-si-possible-villa-cameline-de-nice-8099\/\" \/>\n<meta property=\"og:site_name\" content=\"Montecarlo Living\" \/>\n<meta property=\"article:publisher\" content=\"https:\/\/www.facebook.com\/montecarlolivingcom\/\" \/>\n<meta property=\"article:published_time\" content=\"2024-02-26T08:20:09+00:00\" \/>\n<meta property=\"og:image\" content=\"https:\/\/montecarloliving.com\/wp-content\/uploads\/2024\/02\/La-Maison-Abandonnee-Villa-Cameline_Art-contemporain-Nice_Love-Spots_0-650x400.jpg\" \/>\n\t<meta property=\"og:image:width\" content=\"650\" \/>\n\t<meta property=\"og:image:height\" content=\"400\" \/>\n\t<meta property=\"og:image:type\" content=\"image\/jpeg\" \/>\n<meta name=\"author\" content=\"Redazione\" \/>\n<meta name=\"twitter:card\" content=\"summary_large_image\" \/>\n<meta name=\"twitter:creator\" content=\"@MonteCarloLivi\" \/>\n<meta name=\"twitter:site\" content=\"@MonteCarloLivi\" \/>\n<meta name=\"twitter:label1\" content=\"\u00c9crit par\" \/>\n\t<meta name=\"twitter:data1\" content=\"Redazione\" \/>\n\t<meta name=\"twitter:label2\" content=\"Dur\u00e9e de lecture estim\u00e9e\" \/>\n\t<meta name=\"twitter:data2\" content=\"2 minutes\" \/>\n<script type=\"application\/ld+json\" class=\"yoast-schema-graph\">{\"@context\":\"https:\\\/\\\/schema.org\",\"@graph\":[{\"@type\":\"Article\",\"@id\":\"https:\\\/\\\/montecarloliving.com\\\/fr\\\/nice-fr\\\/leternite-si-possible-villa-cameline-de-nice-8099\\\/#article\",\"isPartOf\":{\"@id\":\"https:\\\/\\\/montecarloliving.com\\\/fr\\\/nice-fr\\\/leternite-si-possible-villa-cameline-de-nice-8099\\\/\"},\"author\":{\"name\":\"Redazione\",\"@id\":\"https:\\\/\\\/montecarloliving.com\\\/fr\\\/#\\\/schema\\\/person\\\/7e5945d4560862b7f2d2c6831bda2819\"},\"headline\":\"\u00ab\u00a0L&rsquo;\u00c9TERNIT\u00c9, SI POSSIBLE\u00a0\u00bb \u00e0 Villa Cameline de Nice\",\"datePublished\":\"2024-02-26T08:20:09+00:00\",\"mainEntityOfPage\":{\"@id\":\"https:\\\/\\\/montecarloliving.com\\\/fr\\\/nice-fr\\\/leternite-si-possible-villa-cameline-de-nice-8099\\\/\"},\"wordCount\":363,\"image\":{\"@id\":\"https:\\\/\\\/montecarloliving.com\\\/fr\\\/nice-fr\\\/leternite-si-possible-villa-cameline-de-nice-8099\\\/#primaryimage\"},\"thumbnailUrl\":\"https:\\\/\\\/montecarloliving.com\\\/wp-content\\\/uploads\\\/2024\\\/02\\\/La-Maison-Abandonnee-Villa-Cameline_Art-contemporain-Nice_Love-Spots_0.jpg\",\"articleSection\":[\"\u00c9v\u00e9nements\",\"Nice\"],\"inLanguage\":\"fr-FR\"},{\"@type\":\"WebPage\",\"@id\":\"https:\\\/\\\/montecarloliving.com\\\/fr\\\/nice-fr\\\/leternite-si-possible-villa-cameline-de-nice-8099\\\/\",\"url\":\"https:\\\/\\\/montecarloliving.com\\\/fr\\\/nice-fr\\\/leternite-si-possible-villa-cameline-de-nice-8099\\\/\",\"name\":\"\\\"L'\u00c9TERNIT\u00c9, SI POSSIBLE\\\" \u00e0 Villa Cameline de Nice\",\"isPartOf\":{\"@id\":\"https:\\\/\\\/montecarloliving.com\\\/fr\\\/#website\"},\"primaryImageOfPage\":{\"@id\":\"https:\\\/\\\/montecarloliving.com\\\/fr\\\/nice-fr\\\/leternite-si-possible-villa-cameline-de-nice-8099\\\/#primaryimage\"},\"image\":{\"@id\":\"https:\\\/\\\/montecarloliving.com\\\/fr\\\/nice-fr\\\/leternite-si-possible-villa-cameline-de-nice-8099\\\/#primaryimage\"},\"thumbnailUrl\":\"https:\\\/\\\/montecarloliving.com\\\/wp-content\\\/uploads\\\/2024\\\/02\\\/La-Maison-Abandonnee-Villa-Cameline_Art-contemporain-Nice_Love-Spots_0.jpg\",\"datePublished\":\"2024-02-26T08:20:09+00:00\",\"author\":{\"@id\":\"https:\\\/\\\/montecarloliving.com\\\/fr\\\/#\\\/schema\\\/person\\\/7e5945d4560862b7f2d2c6831bda2819\"},\"description\":\"En 2018, l'exposition\u00a0Le Cabinet atomique\u00a0\u00e9tait pr\u00e9sent\u00e9e \u00e0 La Maison Abandonn\u00e9e et abordait l'id\u00e9e de l'apprivoisement au quotidien du fait nucl\u00e9aire,\",\"breadcrumb\":{\"@id\":\"https:\\\/\\\/montecarloliving.com\\\/fr\\\/nice-fr\\\/leternite-si-possible-villa-cameline-de-nice-8099\\\/#breadcrumb\"},\"inLanguage\":\"fr-FR\",\"potentialAction\":[{\"@type\":\"ReadAction\",\"target\":[\"https:\\\/\\\/montecarloliving.com\\\/fr\\\/nice-fr\\\/leternite-si-possible-villa-cameline-de-nice-8099\\\/\"]}]},{\"@type\":\"ImageObject\",\"inLanguage\":\"fr-FR\",\"@id\":\"https:\\\/\\\/montecarloliving.com\\\/fr\\\/nice-fr\\\/leternite-si-possible-villa-cameline-de-nice-8099\\\/#primaryimage\",\"url\":\"https:\\\/\\\/montecarloliving.com\\\/wp-content\\\/uploads\\\/2024\\\/02\\\/La-Maison-Abandonnee-Villa-Cameline_Art-contemporain-Nice_Love-Spots_0.jpg\",\"contentUrl\":\"https:\\\/\\\/montecarloliving.com\\\/wp-content\\\/uploads\\\/2024\\\/02\\\/La-Maison-Abandonnee-Villa-Cameline_Art-contemporain-Nice_Love-Spots_0.jpg\",\"width\":1300,\"height\":864},{\"@type\":\"BreadcrumbList\",\"@id\":\"https:\\\/\\\/montecarloliving.com\\\/fr\\\/nice-fr\\\/leternite-si-possible-villa-cameline-de-nice-8099\\\/#breadcrumb\",\"itemListElement\":[{\"@type\":\"ListItem\",\"position\":1,\"name\":\"Home\",\"item\":\"https:\\\/\\\/montecarloliving.com\\\/fr\\\/\"},{\"@type\":\"ListItem\",\"position\":2,\"name\":\"&#8220;L&#8217;\u00c9TERNIT\u00c9, SI POSSIBLE&#8221; \u00e0 Villa Cameline de Nice\"}]},{\"@type\":\"WebSite\",\"@id\":\"https:\\\/\\\/montecarloliving.com\\\/fr\\\/#website\",\"url\":\"https:\\\/\\\/montecarloliving.com\\\/fr\\\/\",\"name\":\"Montecarlo Living\",\"description\":\"News da Montecarlo - Principato di Monaco e Costa Azzurra\",\"potentialAction\":[{\"@type\":\"SearchAction\",\"target\":{\"@type\":\"EntryPoint\",\"urlTemplate\":\"https:\\\/\\\/montecarloliving.com\\\/fr\\\/?s={search_term_string}\"},\"query-input\":{\"@type\":\"PropertyValueSpecification\",\"valueRequired\":true,\"valueName\":\"search_term_string\"}}],\"inLanguage\":\"fr-FR\"},{\"@type\":\"Person\",\"@id\":\"https:\\\/\\\/montecarloliving.com\\\/fr\\\/#\\\/schema\\\/person\\\/7e5945d4560862b7f2d2c6831bda2819\",\"name\":\"Redazione\",\"image\":{\"@type\":\"ImageObject\",\"inLanguage\":\"fr-FR\",\"@id\":\"https:\\\/\\\/secure.gravatar.com\\\/avatar\\\/8b5f26557e18fe74ad8e8a57ebb2925d88af8a90cee489ff2beefb391bc9b9c7?s=96&d=mm&r=g\",\"url\":\"https:\\\/\\\/secure.gravatar.com\\\/avatar\\\/8b5f26557e18fe74ad8e8a57ebb2925d88af8a90cee489ff2beefb391bc9b9c7?s=96&d=mm&r=g\",\"contentUrl\":\"https:\\\/\\\/secure.gravatar.com\\\/avatar\\\/8b5f26557e18fe74ad8e8a57ebb2925d88af8a90cee489ff2beefb391bc9b9c7?s=96&d=mm&r=g\",\"caption\":\"Redazione\"}}]}<\/script>\n<!-- \/ Yoast SEO plugin. -->","yoast_head_json":{"title":"\"L'\u00c9TERNIT\u00c9, SI POSSIBLE\" \u00e0 Villa Cameline de Nice","description":"En 2018, l'exposition\u00a0Le Cabinet atomique\u00a0\u00e9tait pr\u00e9sent\u00e9e \u00e0 La Maison Abandonn\u00e9e et abordait l'id\u00e9e de l'apprivoisement au quotidien du fait nucl\u00e9aire,","robots":{"index":"index","follow":"follow","max-snippet":"max-snippet:-1","max-image-preview":"max-image-preview:large","max-video-preview":"max-video-preview:-1"},"canonical":"https:\/\/montecarloliving.com\/fr\/nice-fr\/leternite-si-possible-villa-cameline-de-nice-8099\/","og_locale":"fr_FR","og_title":"\"L'\u00c9TERNIT\u00c9, SI POSSIBLE\" \u00e0 Villa Cameline de Nice","og_description":"En 2018, l'exposition\u00a0Le Cabinet atomique\u00a0\u00e9tait pr\u00e9sent\u00e9e \u00e0 La Maison Abandonn\u00e9e et abordait l'id\u00e9e de l'apprivoisement au quotidien du fait nucl\u00e9aire,","og_url":"https:\/\/montecarloliving.com\/fr\/nice-fr\/leternite-si-possible-villa-cameline-de-nice-8099\/","og_site_name":"Montecarlo Living","article_publisher":"https:\/\/www.facebook.com\/montecarlolivingcom\/","article_published_time":"2024-02-26T08:20:09+00:00","og_image":[{"width":650,"height":400,"url":"https:\/\/montecarloliving.com\/wp-content\/uploads\/2024\/02\/La-Maison-Abandonnee-Villa-Cameline_Art-contemporain-Nice_Love-Spots_0-650x400.jpg","type":"image\/jpeg"}],"author":"Redazione","twitter_card":"summary_large_image","twitter_creator":"@MonteCarloLivi","twitter_site":"@MonteCarloLivi","twitter_misc":{"\u00c9crit par":"Redazione","Dur\u00e9e de lecture estim\u00e9e":"2 minutes"},"schema":{"@context":"https:\/\/schema.org","@graph":[{"@type":"Article","@id":"https:\/\/montecarloliving.com\/fr\/nice-fr\/leternite-si-possible-villa-cameline-de-nice-8099\/#article","isPartOf":{"@id":"https:\/\/montecarloliving.com\/fr\/nice-fr\/leternite-si-possible-villa-cameline-de-nice-8099\/"},"author":{"name":"Redazione","@id":"https:\/\/montecarloliving.com\/fr\/#\/schema\/person\/7e5945d4560862b7f2d2c6831bda2819"},"headline":"\u00ab\u00a0L&rsquo;\u00c9TERNIT\u00c9, SI POSSIBLE\u00a0\u00bb \u00e0 Villa Cameline de Nice","datePublished":"2024-02-26T08:20:09+00:00","mainEntityOfPage":{"@id":"https:\/\/montecarloliving.com\/fr\/nice-fr\/leternite-si-possible-villa-cameline-de-nice-8099\/"},"wordCount":363,"image":{"@id":"https:\/\/montecarloliving.com\/fr\/nice-fr\/leternite-si-possible-villa-cameline-de-nice-8099\/#primaryimage"},"thumbnailUrl":"https:\/\/montecarloliving.com\/wp-content\/uploads\/2024\/02\/La-Maison-Abandonnee-Villa-Cameline_Art-contemporain-Nice_Love-Spots_0.jpg","articleSection":["\u00c9v\u00e9nements","Nice"],"inLanguage":"fr-FR"},{"@type":"WebPage","@id":"https:\/\/montecarloliving.com\/fr\/nice-fr\/leternite-si-possible-villa-cameline-de-nice-8099\/","url":"https:\/\/montecarloliving.com\/fr\/nice-fr\/leternite-si-possible-villa-cameline-de-nice-8099\/","name":"\"L'\u00c9TERNIT\u00c9, SI POSSIBLE\" \u00e0 Villa Cameline de Nice","isPartOf":{"@id":"https:\/\/montecarloliving.com\/fr\/#website"},"primaryImageOfPage":{"@id":"https:\/\/montecarloliving.com\/fr\/nice-fr\/leternite-si-possible-villa-cameline-de-nice-8099\/#primaryimage"},"image":{"@id":"https:\/\/montecarloliving.com\/fr\/nice-fr\/leternite-si-possible-villa-cameline-de-nice-8099\/#primaryimage"},"thumbnailUrl":"https:\/\/montecarloliving.com\/wp-content\/uploads\/2024\/02\/La-Maison-Abandonnee-Villa-Cameline_Art-contemporain-Nice_Love-Spots_0.jpg","datePublished":"2024-02-26T08:20:09+00:00","author":{"@id":"https:\/\/montecarloliving.com\/fr\/#\/schema\/person\/7e5945d4560862b7f2d2c6831bda2819"},"description":"En 2018, l'exposition\u00a0Le Cabinet atomique\u00a0\u00e9tait pr\u00e9sent\u00e9e \u00e0 La Maison Abandonn\u00e9e et abordait l'id\u00e9e de l'apprivoisement au quotidien du fait nucl\u00e9aire,","breadcrumb":{"@id":"https:\/\/montecarloliving.com\/fr\/nice-fr\/leternite-si-possible-villa-cameline-de-nice-8099\/#breadcrumb"},"inLanguage":"fr-FR","potentialAction":[{"@type":"ReadAction","target":["https:\/\/montecarloliving.com\/fr\/nice-fr\/leternite-si-possible-villa-cameline-de-nice-8099\/"]}]},{"@type":"ImageObject","inLanguage":"fr-FR","@id":"https:\/\/montecarloliving.com\/fr\/nice-fr\/leternite-si-possible-villa-cameline-de-nice-8099\/#primaryimage","url":"https:\/\/montecarloliving.com\/wp-content\/uploads\/2024\/02\/La-Maison-Abandonnee-Villa-Cameline_Art-contemporain-Nice_Love-Spots_0.jpg","contentUrl":"https:\/\/montecarloliving.com\/wp-content\/uploads\/2024\/02\/La-Maison-Abandonnee-Villa-Cameline_Art-contemporain-Nice_Love-Spots_0.jpg","width":1300,"height":864},{"@type":"BreadcrumbList","@id":"https:\/\/montecarloliving.com\/fr\/nice-fr\/leternite-si-possible-villa-cameline-de-nice-8099\/#breadcrumb","itemListElement":[{"@type":"ListItem","position":1,"name":"Home","item":"https:\/\/montecarloliving.com\/fr\/"},{"@type":"ListItem","position":2,"name":"&#8220;L&#8217;\u00c9TERNIT\u00c9, SI POSSIBLE&#8221; \u00e0 Villa Cameline de Nice"}]},{"@type":"WebSite","@id":"https:\/\/montecarloliving.com\/fr\/#website","url":"https:\/\/montecarloliving.com\/fr\/","name":"Montecarlo Living","description":"News da Montecarlo - Principato di Monaco e Costa Azzurra","potentialAction":[{"@type":"SearchAction","target":{"@type":"EntryPoint","urlTemplate":"https:\/\/montecarloliving.com\/fr\/?s={search_term_string}"},"query-input":{"@type":"PropertyValueSpecification","valueRequired":true,"valueName":"search_term_string"}}],"inLanguage":"fr-FR"},{"@type":"Person","@id":"https:\/\/montecarloliving.com\/fr\/#\/schema\/person\/7e5945d4560862b7f2d2c6831bda2819","name":"Redazione","image":{"@type":"ImageObject","inLanguage":"fr-FR","@id":"https:\/\/secure.gravatar.com\/avatar\/8b5f26557e18fe74ad8e8a57ebb2925d88af8a90cee489ff2beefb391bc9b9c7?s=96&d=mm&r=g","url":"https:\/\/secure.gravatar.com\/avatar\/8b5f26557e18fe74ad8e8a57ebb2925d88af8a90cee489ff2beefb391bc9b9c7?s=96&d=mm&r=g","contentUrl":"https:\/\/secure.gravatar.com\/avatar\/8b5f26557e18fe74ad8e8a57ebb2925d88af8a90cee489ff2beefb391bc9b9c7?s=96&d=mm&r=g","caption":"Redazione"}}]}},"_links":{"self":[{"href":"https:\/\/montecarloliving.com\/fr\/wp-json\/wp\/v2\/posts\/8099","targetHints":{"allow":["GET"]}}],"collection":[{"href":"https:\/\/montecarloliving.com\/fr\/wp-json\/wp\/v2\/posts"}],"about":[{"href":"https:\/\/montecarloliving.com\/fr\/wp-json\/wp\/v2\/types\/post"}],"author":[{"embeddable":true,"href":"https:\/\/montecarloliving.com\/fr\/wp-json\/wp\/v2\/users\/1"}],"replies":[{"embeddable":true,"href":"https:\/\/montecarloliving.com\/fr\/wp-json\/wp\/v2\/comments?post=8099"}],"version-history":[{"count":1,"href":"https:\/\/montecarloliving.com\/fr\/wp-json\/wp\/v2\/posts\/8099\/revisions"}],"predecessor-version":[{"id":8103,"href":"https:\/\/montecarloliving.com\/fr\/wp-json\/wp\/v2\/posts\/8099\/revisions\/8103"}],"wp:featuredmedia":[{"embeddable":true,"href":"https:\/\/montecarloliving.com\/fr\/wp-json\/wp\/v2\/media\/8107"}],"wp:attachment":[{"href":"https:\/\/montecarloliving.com\/fr\/wp-json\/wp\/v2\/media?parent=8099"}],"wp:term":[{"taxonomy":"category","embeddable":true,"href":"https:\/\/montecarloliving.com\/fr\/wp-json\/wp\/v2\/categories?post=8099"},{"taxonomy":"post_tag","embeddable":true,"href":"https:\/\/montecarloliving.com\/fr\/wp-json\/wp\/v2\/tags?post=8099"}],"curies":[{"name":"wp","href":"https:\/\/api.w.org\/{rel}","templated":true}]}}