{"id":7910,"date":"2024-02-20T09:42:31","date_gmt":"2024-02-20T08:42:31","guid":{"rendered":"https:\/\/montecarloliving.com\/?p=7910"},"modified":"2024-02-19T11:49:15","modified_gmt":"2024-02-19T10:49:15","slug":"au-principaute-de-monaco-droit-au-bonheur-avec-remo-girone","status":"publish","type":"post","link":"https:\/\/montecarloliving.com\/fr\/monaco-fr\/au-principaute-de-monaco-droit-au-bonheur-avec-remo-girone-7910\/","title":{"rendered":"Au Principaut\u00e9 de Monaco, &lsquo;Le Droit au Bonheur&rsquo; avec Remo Girone"},"content":{"rendered":"<p><strong>L&rsquo;Association Dante Alighieri &#8211; Comit\u00e9 de Monaco, sous le Haut Patronage de S.A.R. la Princesse de Hanovre et avec le Patronage de l&rsquo;Ambassade d&rsquo;Italie en Principaut\u00e9, pr\u00e9sente le jeudi 22 f\u00e9vrier 2024, \u00e0 19h30 au Th\u00e9\u00e2tre des Vari\u00e9t\u00e9s, le film &lsquo;Il Diritto alla Felicit\u00e0&rsquo;.<\/strong><\/p>\n<p>Avec : Remo Girone, qui sera pr\u00e9sent \u00e0 l&rsquo;\u00e9v\u00e9nement, Moni Ovadia, Corrado Fortuna, Didie Lorenz Tchumbu, Pino Calabrese. Sous-titr\u00e9 en fran\u00e7ais et laur\u00e9at de 44 prix internationaux, dont le Prix Troisi pour la r\u00e9alisation, &lsquo;Le Droit au Bonheur&rsquo; est un film de 2021 \u00e9crit et r\u00e9alis\u00e9 par Claudio Rossi Massimi. Remo Girone, acteur de th\u00e9\u00e2tre, de t\u00e9l\u00e9vision et de cin\u00e9ma tr\u00e8s appr\u00e9ci\u00e9, joue le r\u00f4le de Libero, un vendeur de livres d&rsquo;occasion. Essien, interpr\u00e9t\u00e9 par Didie Lorenz Tchumbu, est un gar\u00e7on immigr\u00e9 vivant en Italie.<\/p>\n<p>Entre les deux, une amiti\u00e9 se d\u00e9veloppe \u00e0 travers les livres que le libraire, plus tout jeune, recommande et pr\u00eate \u00e0 Essien, un visiteur assidu de la boutique autour de laquelle la vie de la ville tourne. &lsquo;<em>L&rsquo;histoire d&rsquo;une amiti\u00e9 entre diff\u00e9rentes g\u00e9n\u00e9rations, nationalit\u00e9s et exp\u00e9riences de vie qui souligne l&rsquo;importance du livre comme moyen d&rsquo;unit\u00e9 et de communication dans la diversit\u00e9.<\/em>&lsquo;<\/p>\n<p>La lecture, par cons\u00e9quent, est la cl\u00e9 du bonheur, des r\u00eaves et de la libert\u00e9. Le film est d\u00e9di\u00e9 \u00e0 l&rsquo;UNICEF, avec la participation de Federfarma et le soutien inconditionnel de Sanofi. Sorti en salles le 30 avril 2021, il a \u00e9t\u00e9 diffus\u00e9 sur Rai Gulp le 20 novembre 2021, \u00e0 l&rsquo;occasion de la Journ\u00e9e internationale des droits de l&rsquo;enfant et de l&rsquo;adolescent.<\/p>\n<p><strong>FRAIS D&rsquo;ENTR\u00c9E :<\/strong><\/p>\n<p>GRATUIT POUR LES MEMBRES | 10 EUROS POUR LES NON-MEMBRES JUSQU&rsquo;\u00c0 25 ANS | 20 EUROS POUR LES ADULTES NON-MEMBRES<\/p>\n<p><strong>R\u00c9SERVATIONS<\/strong> avant le 19 f\u00e9vrier \u00e0 <a target=\"_new\" rel=\"noopener\">info.dantemc@gmail.com<\/a> +377 97 70 89 47<\/p>\n","protected":false},"excerpt":{"rendered":"<p>L&rsquo;Association Dante Alighieri &#8211; Comit\u00e9 de Monaco, sous le Haut Patronage de S.A.R. la Princesse de Hanovre et avec le Patronage de l&rsquo;Ambassade d&rsquo;Italie en Principaut\u00e9, pr\u00e9sente le jeudi 22 f\u00e9vrier 2024, \u00e0 19h30 au Th\u00e9\u00e2tre des Vari\u00e9t\u00e9s, le film &lsquo;Il Diritto alla Felicit\u00e0&rsquo;. [&hellip;]<\/p>\n","protected":false},"author":1,"featured_media":7903,"comment_status":"closed","ping_status":"closed","sticky":false,"template":"","format":"standard","meta":{"footnotes":""},"categories":[827,875,828,867],"tags":[],"class_list":["post-7910","post","type-post","status-publish","format-standard","has-post-thumbnail","hentry","category-actualite","category-actualite-monaco","category-evenements","category-monaco-fr"],"yoast_head":"<!-- This site is optimized with the Yoast SEO plugin v27.4 - https:\/\/yoast.com\/product\/yoast-seo-wordpress\/ -->\n<title>Au Principaut\u00e9 de Monaco, &#039;Le Droit au Bonheur&#039; avec Remo Girone<\/title>\n<meta name=\"description\" content=\"L&#039;Association Dante Alighieri - Comit\u00e9 de Monaco, sous le Haut Patronage de S.A.R. la Princesse de Hanovre et avec le Patronage de l&#039;Ambassade d&#039;Italie en\" \/>\n<meta name=\"robots\" content=\"index, follow, max-snippet:-1, max-image-preview:large, max-video-preview:-1\" \/>\n<link rel=\"canonical\" href=\"https:\/\/montecarloliving.com\/fr\/monaco-fr\/au-principaute-de-monaco-droit-au-bonheur-avec-remo-girone-7910\/\" \/>\n<meta property=\"og:locale\" content=\"fr_FR\" \/>\n<meta property=\"og:title\" content=\"Au Principaut\u00e9 de Monaco, &#039;Le Droit au Bonheur&#039; avec Remo Girone\" \/>\n<meta property=\"og:description\" content=\"L&#039;Association Dante Alighieri - Comit\u00e9 de Monaco, sous le Haut Patronage de S.A.R. la Princesse de Hanovre et avec le Patronage de l&#039;Ambassade d&#039;Italie en\" \/>\n<meta property=\"og:url\" content=\"https:\/\/montecarloliving.com\/fr\/monaco-fr\/au-principaute-de-monaco-droit-au-bonheur-avec-remo-girone-7910\/\" \/>\n<meta property=\"og:site_name\" content=\"Montecarlo Living\" \/>\n<meta property=\"article:publisher\" content=\"https:\/\/www.facebook.com\/montecarlolivingcom\/\" \/>\n<meta property=\"article:published_time\" content=\"2024-02-20T08:42:31+00:00\" \/>\n<meta property=\"og:image\" content=\"https:\/\/montecarloliving.com\/wp-content\/uploads\/2024\/02\/coverlg-650x400.jpg\" \/>\n\t<meta property=\"og:image:width\" content=\"650\" \/>\n\t<meta property=\"og:image:height\" content=\"400\" \/>\n\t<meta property=\"og:image:type\" content=\"image\/jpeg\" \/>\n<meta name=\"author\" content=\"Redazione\" \/>\n<meta name=\"twitter:card\" content=\"summary_large_image\" \/>\n<meta name=\"twitter:creator\" content=\"@MonteCarloLivi\" \/>\n<meta name=\"twitter:site\" content=\"@MonteCarloLivi\" \/>\n<meta name=\"twitter:label1\" content=\"\u00c9crit par\" \/>\n\t<meta name=\"twitter:data1\" content=\"Redazione\" \/>\n\t<meta name=\"twitter:label2\" content=\"Dur\u00e9e de lecture estim\u00e9e\" \/>\n\t<meta name=\"twitter:data2\" content=\"2 minutes\" \/>\n<script type=\"application\/ld+json\" class=\"yoast-schema-graph\">{\"@context\":\"https:\\\/\\\/schema.org\",\"@graph\":[{\"@type\":\"Article\",\"@id\":\"https:\\\/\\\/montecarloliving.com\\\/fr\\\/monaco-fr\\\/au-principaute-de-monaco-droit-au-bonheur-avec-remo-girone-7910\\\/#article\",\"isPartOf\":{\"@id\":\"https:\\\/\\\/montecarloliving.com\\\/fr\\\/monaco-fr\\\/au-principaute-de-monaco-droit-au-bonheur-avec-remo-girone-7910\\\/\"},\"author\":{\"name\":\"Redazione\",\"@id\":\"https:\\\/\\\/montecarloliving.com\\\/fr\\\/#\\\/schema\\\/person\\\/7e5945d4560862b7f2d2c6831bda2819\"},\"headline\":\"Au Principaut\u00e9 de Monaco, &lsquo;Le Droit au Bonheur&rsquo; avec Remo Girone\",\"datePublished\":\"2024-02-20T08:42:31+00:00\",\"mainEntityOfPage\":{\"@id\":\"https:\\\/\\\/montecarloliving.com\\\/fr\\\/monaco-fr\\\/au-principaute-de-monaco-droit-au-bonheur-avec-remo-girone-7910\\\/\"},\"wordCount\":325,\"image\":{\"@id\":\"https:\\\/\\\/montecarloliving.com\\\/fr\\\/monaco-fr\\\/au-principaute-de-monaco-droit-au-bonheur-avec-remo-girone-7910\\\/#primaryimage\"},\"thumbnailUrl\":\"https:\\\/\\\/montecarloliving.com\\\/wp-content\\\/uploads\\\/2024\\\/02\\\/coverlg.jpg\",\"articleSection\":[\"Actualit\u00e9\",\"Actualit\u00e9 \u00e0 Monaco\",\"\u00c9v\u00e9nements\",\"Monaco\"],\"inLanguage\":\"fr-FR\"},{\"@type\":\"WebPage\",\"@id\":\"https:\\\/\\\/montecarloliving.com\\\/fr\\\/monaco-fr\\\/au-principaute-de-monaco-droit-au-bonheur-avec-remo-girone-7910\\\/\",\"url\":\"https:\\\/\\\/montecarloliving.com\\\/fr\\\/monaco-fr\\\/au-principaute-de-monaco-droit-au-bonheur-avec-remo-girone-7910\\\/\",\"name\":\"Au Principaut\u00e9 de Monaco, 'Le Droit au Bonheur' avec Remo Girone\",\"isPartOf\":{\"@id\":\"https:\\\/\\\/montecarloliving.com\\\/fr\\\/#website\"},\"primaryImageOfPage\":{\"@id\":\"https:\\\/\\\/montecarloliving.com\\\/fr\\\/monaco-fr\\\/au-principaute-de-monaco-droit-au-bonheur-avec-remo-girone-7910\\\/#primaryimage\"},\"image\":{\"@id\":\"https:\\\/\\\/montecarloliving.com\\\/fr\\\/monaco-fr\\\/au-principaute-de-monaco-droit-au-bonheur-avec-remo-girone-7910\\\/#primaryimage\"},\"thumbnailUrl\":\"https:\\\/\\\/montecarloliving.com\\\/wp-content\\\/uploads\\\/2024\\\/02\\\/coverlg.jpg\",\"datePublished\":\"2024-02-20T08:42:31+00:00\",\"author\":{\"@id\":\"https:\\\/\\\/montecarloliving.com\\\/fr\\\/#\\\/schema\\\/person\\\/7e5945d4560862b7f2d2c6831bda2819\"},\"description\":\"L'Association Dante Alighieri - Comit\u00e9 de Monaco, sous le Haut Patronage de S.A.R. la Princesse de Hanovre et avec le Patronage de l'Ambassade d'Italie en\",\"breadcrumb\":{\"@id\":\"https:\\\/\\\/montecarloliving.com\\\/fr\\\/monaco-fr\\\/au-principaute-de-monaco-droit-au-bonheur-avec-remo-girone-7910\\\/#breadcrumb\"},\"inLanguage\":\"fr-FR\",\"potentialAction\":[{\"@type\":\"ReadAction\",\"target\":[\"https:\\\/\\\/montecarloliving.com\\\/fr\\\/monaco-fr\\\/au-principaute-de-monaco-droit-au-bonheur-avec-remo-girone-7910\\\/\"]}]},{\"@type\":\"ImageObject\",\"inLanguage\":\"fr-FR\",\"@id\":\"https:\\\/\\\/montecarloliving.com\\\/fr\\\/monaco-fr\\\/au-principaute-de-monaco-droit-au-bonheur-avec-remo-girone-7910\\\/#primaryimage\",\"url\":\"https:\\\/\\\/montecarloliving.com\\\/wp-content\\\/uploads\\\/2024\\\/02\\\/coverlg.jpg\",\"contentUrl\":\"https:\\\/\\\/montecarloliving.com\\\/wp-content\\\/uploads\\\/2024\\\/02\\\/coverlg.jpg\",\"width\":1280,\"height\":720},{\"@type\":\"BreadcrumbList\",\"@id\":\"https:\\\/\\\/montecarloliving.com\\\/fr\\\/monaco-fr\\\/au-principaute-de-monaco-droit-au-bonheur-avec-remo-girone-7910\\\/#breadcrumb\",\"itemListElement\":[{\"@type\":\"ListItem\",\"position\":1,\"name\":\"Home\",\"item\":\"https:\\\/\\\/montecarloliving.com\\\/fr\\\/\"},{\"@type\":\"ListItem\",\"position\":2,\"name\":\"Au Principaut\u00e9 de Monaco, &#8216;Le Droit au Bonheur&#8217; avec Remo Girone\"}]},{\"@type\":\"WebSite\",\"@id\":\"https:\\\/\\\/montecarloliving.com\\\/fr\\\/#website\",\"url\":\"https:\\\/\\\/montecarloliving.com\\\/fr\\\/\",\"name\":\"Montecarlo Living\",\"description\":\"News da Montecarlo - Principato di Monaco e Costa Azzurra\",\"potentialAction\":[{\"@type\":\"SearchAction\",\"target\":{\"@type\":\"EntryPoint\",\"urlTemplate\":\"https:\\\/\\\/montecarloliving.com\\\/fr\\\/?s={search_term_string}\"},\"query-input\":{\"@type\":\"PropertyValueSpecification\",\"valueRequired\":true,\"valueName\":\"search_term_string\"}}],\"inLanguage\":\"fr-FR\"},{\"@type\":\"Person\",\"@id\":\"https:\\\/\\\/montecarloliving.com\\\/fr\\\/#\\\/schema\\\/person\\\/7e5945d4560862b7f2d2c6831bda2819\",\"name\":\"Redazione\",\"image\":{\"@type\":\"ImageObject\",\"inLanguage\":\"fr-FR\",\"@id\":\"https:\\\/\\\/secure.gravatar.com\\\/avatar\\\/8b5f26557e18fe74ad8e8a57ebb2925d88af8a90cee489ff2beefb391bc9b9c7?s=96&d=mm&r=g\",\"url\":\"https:\\\/\\\/secure.gravatar.com\\\/avatar\\\/8b5f26557e18fe74ad8e8a57ebb2925d88af8a90cee489ff2beefb391bc9b9c7?s=96&d=mm&r=g\",\"contentUrl\":\"https:\\\/\\\/secure.gravatar.com\\\/avatar\\\/8b5f26557e18fe74ad8e8a57ebb2925d88af8a90cee489ff2beefb391bc9b9c7?s=96&d=mm&r=g\",\"caption\":\"Redazione\"}}]}<\/script>\n<!-- \/ Yoast SEO plugin. -->","yoast_head_json":{"title":"Au Principaut\u00e9 de Monaco, 'Le Droit au Bonheur' avec Remo Girone","description":"L'Association Dante Alighieri - Comit\u00e9 de Monaco, sous le Haut Patronage de S.A.R. la Princesse de Hanovre et avec le Patronage de l'Ambassade d'Italie en","robots":{"index":"index","follow":"follow","max-snippet":"max-snippet:-1","max-image-preview":"max-image-preview:large","max-video-preview":"max-video-preview:-1"},"canonical":"https:\/\/montecarloliving.com\/fr\/monaco-fr\/au-principaute-de-monaco-droit-au-bonheur-avec-remo-girone-7910\/","og_locale":"fr_FR","og_title":"Au Principaut\u00e9 de Monaco, 'Le Droit au Bonheur' avec Remo Girone","og_description":"L'Association Dante Alighieri - Comit\u00e9 de Monaco, sous le Haut Patronage de S.A.R. la Princesse de Hanovre et avec le Patronage de l'Ambassade d'Italie en","og_url":"https:\/\/montecarloliving.com\/fr\/monaco-fr\/au-principaute-de-monaco-droit-au-bonheur-avec-remo-girone-7910\/","og_site_name":"Montecarlo Living","article_publisher":"https:\/\/www.facebook.com\/montecarlolivingcom\/","article_published_time":"2024-02-20T08:42:31+00:00","og_image":[{"width":650,"height":400,"url":"https:\/\/montecarloliving.com\/wp-content\/uploads\/2024\/02\/coverlg-650x400.jpg","type":"image\/jpeg"}],"author":"Redazione","twitter_card":"summary_large_image","twitter_creator":"@MonteCarloLivi","twitter_site":"@MonteCarloLivi","twitter_misc":{"\u00c9crit par":"Redazione","Dur\u00e9e de lecture estim\u00e9e":"2 minutes"},"schema":{"@context":"https:\/\/schema.org","@graph":[{"@type":"Article","@id":"https:\/\/montecarloliving.com\/fr\/monaco-fr\/au-principaute-de-monaco-droit-au-bonheur-avec-remo-girone-7910\/#article","isPartOf":{"@id":"https:\/\/montecarloliving.com\/fr\/monaco-fr\/au-principaute-de-monaco-droit-au-bonheur-avec-remo-girone-7910\/"},"author":{"name":"Redazione","@id":"https:\/\/montecarloliving.com\/fr\/#\/schema\/person\/7e5945d4560862b7f2d2c6831bda2819"},"headline":"Au Principaut\u00e9 de Monaco, &lsquo;Le Droit au Bonheur&rsquo; avec Remo Girone","datePublished":"2024-02-20T08:42:31+00:00","mainEntityOfPage":{"@id":"https:\/\/montecarloliving.com\/fr\/monaco-fr\/au-principaute-de-monaco-droit-au-bonheur-avec-remo-girone-7910\/"},"wordCount":325,"image":{"@id":"https:\/\/montecarloliving.com\/fr\/monaco-fr\/au-principaute-de-monaco-droit-au-bonheur-avec-remo-girone-7910\/#primaryimage"},"thumbnailUrl":"https:\/\/montecarloliving.com\/wp-content\/uploads\/2024\/02\/coverlg.jpg","articleSection":["Actualit\u00e9","Actualit\u00e9 \u00e0 Monaco","\u00c9v\u00e9nements","Monaco"],"inLanguage":"fr-FR"},{"@type":"WebPage","@id":"https:\/\/montecarloliving.com\/fr\/monaco-fr\/au-principaute-de-monaco-droit-au-bonheur-avec-remo-girone-7910\/","url":"https:\/\/montecarloliving.com\/fr\/monaco-fr\/au-principaute-de-monaco-droit-au-bonheur-avec-remo-girone-7910\/","name":"Au Principaut\u00e9 de Monaco, 'Le Droit au Bonheur' avec Remo Girone","isPartOf":{"@id":"https:\/\/montecarloliving.com\/fr\/#website"},"primaryImageOfPage":{"@id":"https:\/\/montecarloliving.com\/fr\/monaco-fr\/au-principaute-de-monaco-droit-au-bonheur-avec-remo-girone-7910\/#primaryimage"},"image":{"@id":"https:\/\/montecarloliving.com\/fr\/monaco-fr\/au-principaute-de-monaco-droit-au-bonheur-avec-remo-girone-7910\/#primaryimage"},"thumbnailUrl":"https:\/\/montecarloliving.com\/wp-content\/uploads\/2024\/02\/coverlg.jpg","datePublished":"2024-02-20T08:42:31+00:00","author":{"@id":"https:\/\/montecarloliving.com\/fr\/#\/schema\/person\/7e5945d4560862b7f2d2c6831bda2819"},"description":"L'Association Dante Alighieri - Comit\u00e9 de Monaco, sous le Haut Patronage de S.A.R. la Princesse de Hanovre et avec le Patronage de l'Ambassade d'Italie en","breadcrumb":{"@id":"https:\/\/montecarloliving.com\/fr\/monaco-fr\/au-principaute-de-monaco-droit-au-bonheur-avec-remo-girone-7910\/#breadcrumb"},"inLanguage":"fr-FR","potentialAction":[{"@type":"ReadAction","target":["https:\/\/montecarloliving.com\/fr\/monaco-fr\/au-principaute-de-monaco-droit-au-bonheur-avec-remo-girone-7910\/"]}]},{"@type":"ImageObject","inLanguage":"fr-FR","@id":"https:\/\/montecarloliving.com\/fr\/monaco-fr\/au-principaute-de-monaco-droit-au-bonheur-avec-remo-girone-7910\/#primaryimage","url":"https:\/\/montecarloliving.com\/wp-content\/uploads\/2024\/02\/coverlg.jpg","contentUrl":"https:\/\/montecarloliving.com\/wp-content\/uploads\/2024\/02\/coverlg.jpg","width":1280,"height":720},{"@type":"BreadcrumbList","@id":"https:\/\/montecarloliving.com\/fr\/monaco-fr\/au-principaute-de-monaco-droit-au-bonheur-avec-remo-girone-7910\/#breadcrumb","itemListElement":[{"@type":"ListItem","position":1,"name":"Home","item":"https:\/\/montecarloliving.com\/fr\/"},{"@type":"ListItem","position":2,"name":"Au Principaut\u00e9 de Monaco, &#8216;Le Droit au Bonheur&#8217; avec Remo Girone"}]},{"@type":"WebSite","@id":"https:\/\/montecarloliving.com\/fr\/#website","url":"https:\/\/montecarloliving.com\/fr\/","name":"Montecarlo Living","description":"News da Montecarlo - Principato di Monaco e Costa Azzurra","potentialAction":[{"@type":"SearchAction","target":{"@type":"EntryPoint","urlTemplate":"https:\/\/montecarloliving.com\/fr\/?s={search_term_string}"},"query-input":{"@type":"PropertyValueSpecification","valueRequired":true,"valueName":"search_term_string"}}],"inLanguage":"fr-FR"},{"@type":"Person","@id":"https:\/\/montecarloliving.com\/fr\/#\/schema\/person\/7e5945d4560862b7f2d2c6831bda2819","name":"Redazione","image":{"@type":"ImageObject","inLanguage":"fr-FR","@id":"https:\/\/secure.gravatar.com\/avatar\/8b5f26557e18fe74ad8e8a57ebb2925d88af8a90cee489ff2beefb391bc9b9c7?s=96&d=mm&r=g","url":"https:\/\/secure.gravatar.com\/avatar\/8b5f26557e18fe74ad8e8a57ebb2925d88af8a90cee489ff2beefb391bc9b9c7?s=96&d=mm&r=g","contentUrl":"https:\/\/secure.gravatar.com\/avatar\/8b5f26557e18fe74ad8e8a57ebb2925d88af8a90cee489ff2beefb391bc9b9c7?s=96&d=mm&r=g","caption":"Redazione"}}]}},"_links":{"self":[{"href":"https:\/\/montecarloliving.com\/fr\/wp-json\/wp\/v2\/posts\/7910","targetHints":{"allow":["GET"]}}],"collection":[{"href":"https:\/\/montecarloliving.com\/fr\/wp-json\/wp\/v2\/posts"}],"about":[{"href":"https:\/\/montecarloliving.com\/fr\/wp-json\/wp\/v2\/types\/post"}],"author":[{"embeddable":true,"href":"https:\/\/montecarloliving.com\/fr\/wp-json\/wp\/v2\/users\/1"}],"replies":[{"embeddable":true,"href":"https:\/\/montecarloliving.com\/fr\/wp-json\/wp\/v2\/comments?post=7910"}],"version-history":[{"count":1,"href":"https:\/\/montecarloliving.com\/fr\/wp-json\/wp\/v2\/posts\/7910\/revisions"}],"predecessor-version":[{"id":7911,"href":"https:\/\/montecarloliving.com\/fr\/wp-json\/wp\/v2\/posts\/7910\/revisions\/7911"}],"wp:featuredmedia":[{"embeddable":true,"href":"https:\/\/montecarloliving.com\/fr\/wp-json\/wp\/v2\/media\/7903"}],"wp:attachment":[{"href":"https:\/\/montecarloliving.com\/fr\/wp-json\/wp\/v2\/media?parent=7910"}],"wp:term":[{"taxonomy":"category","embeddable":true,"href":"https:\/\/montecarloliving.com\/fr\/wp-json\/wp\/v2\/categories?post=7910"},{"taxonomy":"post_tag","embeddable":true,"href":"https:\/\/montecarloliving.com\/fr\/wp-json\/wp\/v2\/tags?post=7910"}],"curies":[{"name":"wp","href":"https:\/\/api.w.org\/{rel}","templated":true}]}}