{"id":7631,"date":"2024-02-14T11:44:06","date_gmt":"2024-02-14T10:44:06","guid":{"rendered":"https:\/\/montecarloliving.com\/?p=7631"},"modified":"2024-02-14T11:48:20","modified_gmt":"2024-02-14T10:48:20","slug":"ouvelle-exposition-menton-etre-forts-et-agiles-dans-prehistoire-et-lantiquite","status":"publish","type":"post","link":"https:\/\/montecarloliving.com\/fr\/non-classifiee\/ouvelle-exposition-menton-etre-forts-et-agiles-dans-prehistoire-et-lantiquite-7631\/","title":{"rendered":"Nouvelle exposition \u00e0 Menton : &lsquo;\u00catre forts et agiles dans la Pr\u00e9histoire et l&rsquo;Antiquit\u00e9"},"content":{"rendered":"<div class=\"flex-1 overflow-hidden\">\n<div class=\"react-scroll-to-bottom--css-qgpin-79elbk h-full\">\n<div class=\"react-scroll-to-bottom--css-qgpin-1n7m0yu\">\n<div class=\"flex flex-col pb-9 text-sm\">\n<div class=\"w-full text-token-text-primary\" data-testid=\"conversation-turn-27\">\n<div class=\"px-4 py-2 justify-center text-base md:gap-6 m-auto\">\n<div class=\"flex flex-1 text-base mx-auto gap-3 md:px-5 lg:px-1 xl:px-5 md:max-w-3xl lg:max-w-[40rem] xl:max-w-[48rem] group final-completion\">\n<div class=\"relative flex w-full flex-col agent-turn\">\n<div class=\"flex-col gap-1 md:gap-3\">\n<div class=\"flex flex-grow flex-col max-w-full\">\n<div class=\"min-h-[20px] text-message flex flex-col items-start gap-3 whitespace-pre-wrap break-words [.text-message+&amp;]:mt-5 overflow-x-auto\" data-message-author-role=\"assistant\" data-message-id=\"38e7c652-72d7-4dc3-9720-38c9965af67b\">\n<div class=\"markdown prose w-full break-words dark:prose-invert light\">\n<p>Le Mus\u00e9e R\u00e9gional de la Pr\u00e9histoire pr\u00e9sente sa nouvelle exposition, intitul\u00e9e &lsquo;Origines du Sport : \u00catre Fort et Agile dans la Pr\u00e9histoire et l&rsquo;Antiquit\u00e9.&rsquo; Une exploration du parcours \u00e9volutif du corps humain, de ses origines primates \u00e0 devenir le mod\u00e8le esth\u00e9tique c\u00e9l\u00e9br\u00e9 par les anciens Grecs.<\/p>\n<p><img decoding=\"async\" class=\"aligncenter\" src=\"https:\/\/www.montecarlonews.it\/typo3temp\/pics\/a_3ac3e2461a.jpg\" alt=\"A Mentone apre la mostra \u201cEssere forti e agili nella Preistoria e nell\u2019Antichit\u00e0\u201d\" \/><\/p>\n<p>L&rsquo;exposition couvre des millions d&rsquo;ann\u00e9es d&rsquo;\u00e9volution, de l&rsquo;acquisition de la bip\u00e9die \u00e0 la pratique de l&rsquo;athl\u00e9tisme olympique. Un voyage captivant \u00e0 travers le temps qui culmine dans l&rsquo;analyse de la mani\u00e8re dont la force et l&rsquo;agilit\u00e9 ont \u00e9t\u00e9 des \u00e9l\u00e9ments fondamentaux d\u00e8s les premiers stades de l&rsquo;histoire humaine.<\/p>\n<p>L&rsquo;exposition sera ouverte au public \u00e0 partir du 17 f\u00e9vrier 2024 au Mus\u00e9e R\u00e9gional de la Pr\u00e9histoire, Rue Lor\u00e9dan-Larchey. Accessible tous les jours sauf le mardi, et ferm\u00e9e uniquement le 1er janvier, le 1er mai et le 25 d\u00e9cembre. Le co\u00fbt du billet est de 3 \u20ac (gratuit pour les visiteurs de moins de 18 ans).<\/p>\n<\/div>\n<\/div>\n<\/div>\n<\/div>\n<\/div>\n<\/div>\n<\/div>\n<\/div>\n<\/div>\n<\/div>\n<\/div>\n<\/div>\n","protected":false},"excerpt":{"rendered":"<p>Le Mus\u00e9e R\u00e9gional de la Pr\u00e9histoire pr\u00e9sente sa nouvelle exposition, intitul\u00e9e &lsquo;Origines du Sport : \u00catre Fort et Agile dans la Pr\u00e9histoire et l&rsquo;Antiquit\u00e9.&rsquo; Une exploration du parcours \u00e9volutif du corps humain, de ses origines primates \u00e0 devenir le mod\u00e8le esth\u00e9tique c\u00e9l\u00e9br\u00e9 par les [&hellip;]<\/p>\n","protected":false},"author":1,"featured_media":7627,"comment_status":"closed","ping_status":"closed","sticky":false,"template":"","format":"standard","meta":{"footnotes":""},"categories":[],"tags":[],"class_list":["post-7631","post","type-post","status-publish","format-standard","has-post-thumbnail","hentry"],"yoast_head":"<!-- This site is optimized with the Yoast SEO plugin v27.4 - https:\/\/yoast.com\/product\/yoast-seo-wordpress\/ -->\n<title>Nouvelle exposition \u00e0 Menton : &#039;\u00catre forts et agiles dans la Pr\u00e9histoire et l&#039;Antiquit\u00e9<\/title>\n<meta name=\"description\" content=\"Le Mus\u00e9e R\u00e9gional de la Pr\u00e9histoire pr\u00e9sente sa nouvelle exposition, intitul\u00e9e &#039;Origines du Sport : \u00catre Fort et Agile dans la Pr\u00e9histoire et\" \/>\n<meta name=\"robots\" content=\"index, follow, max-snippet:-1, max-image-preview:large, max-video-preview:-1\" \/>\n<link rel=\"canonical\" href=\"https:\/\/montecarloliving.com\/fr\/non-classifiee\/ouvelle-exposition-menton-etre-forts-et-agiles-dans-prehistoire-et-lantiquite-7631\/\" \/>\n<meta property=\"og:locale\" content=\"fr_FR\" \/>\n<meta property=\"og:title\" content=\"Nouvelle exposition \u00e0 Menton : &#039;\u00catre forts et agiles dans la Pr\u00e9histoire et l&#039;Antiquit\u00e9\" \/>\n<meta property=\"og:description\" content=\"Le Mus\u00e9e R\u00e9gional de la Pr\u00e9histoire pr\u00e9sente sa nouvelle exposition, intitul\u00e9e &#039;Origines du Sport : \u00catre Fort et Agile dans la Pr\u00e9histoire et\" \/>\n<meta property=\"og:url\" content=\"https:\/\/montecarloliving.com\/fr\/non-classifiee\/ouvelle-exposition-menton-etre-forts-et-agiles-dans-prehistoire-et-lantiquite-7631\/\" \/>\n<meta property=\"og:site_name\" content=\"Montecarlo Living\" \/>\n<meta property=\"article:publisher\" content=\"https:\/\/www.facebook.com\/montecarlolivingcom\/\" \/>\n<meta property=\"article:published_time\" content=\"2024-02-14T10:44:06+00:00\" \/>\n<meta property=\"article:modified_time\" content=\"2024-02-14T10:48:20+00:00\" \/>\n<meta property=\"og:image\" content=\"https:\/\/montecarloliving.com\/wp-content\/uploads\/2024\/02\/R-63-650x400.jpg\" \/>\n\t<meta property=\"og:image:width\" content=\"650\" \/>\n\t<meta property=\"og:image:height\" content=\"400\" \/>\n\t<meta property=\"og:image:type\" content=\"image\/jpeg\" \/>\n<meta name=\"author\" content=\"Redazione\" \/>\n<meta name=\"twitter:card\" content=\"summary_large_image\" \/>\n<meta name=\"twitter:creator\" content=\"@MonteCarloLivi\" \/>\n<meta name=\"twitter:site\" content=\"@MonteCarloLivi\" \/>\n<meta name=\"twitter:label1\" content=\"\u00c9crit par\" \/>\n\t<meta name=\"twitter:data1\" content=\"Redazione\" \/>\n\t<meta name=\"twitter:label2\" content=\"Dur\u00e9e de lecture estim\u00e9e\" \/>\n\t<meta name=\"twitter:data2\" content=\"2 minutes\" \/>\n<script type=\"application\/ld+json\" class=\"yoast-schema-graph\">{\"@context\":\"https:\\\/\\\/schema.org\",\"@graph\":[{\"@type\":\"Article\",\"@id\":\"https:\\\/\\\/montecarloliving.com\\\/fr\\\/non-classifiee\\\/ouvelle-exposition-menton-etre-forts-et-agiles-dans-prehistoire-et-lantiquite-7631\\\/#article\",\"isPartOf\":{\"@id\":\"https:\\\/\\\/montecarloliving.com\\\/fr\\\/non-classifiee\\\/ouvelle-exposition-menton-etre-forts-et-agiles-dans-prehistoire-et-lantiquite-7631\\\/\"},\"author\":{\"name\":\"Redazione\",\"@id\":\"https:\\\/\\\/montecarloliving.com\\\/fr\\\/#\\\/schema\\\/person\\\/7e5945d4560862b7f2d2c6831bda2819\"},\"headline\":\"Nouvelle exposition \u00e0 Menton : &lsquo;\u00catre forts et agiles dans la Pr\u00e9histoire et l&rsquo;Antiquit\u00e9\",\"datePublished\":\"2024-02-14T10:44:06+00:00\",\"dateModified\":\"2024-02-14T10:48:20+00:00\",\"mainEntityOfPage\":{\"@id\":\"https:\\\/\\\/montecarloliving.com\\\/fr\\\/non-classifiee\\\/ouvelle-exposition-menton-etre-forts-et-agiles-dans-prehistoire-et-lantiquite-7631\\\/\"},\"wordCount\":187,\"image\":{\"@id\":\"https:\\\/\\\/montecarloliving.com\\\/fr\\\/non-classifiee\\\/ouvelle-exposition-menton-etre-forts-et-agiles-dans-prehistoire-et-lantiquite-7631\\\/#primaryimage\"},\"thumbnailUrl\":\"https:\\\/\\\/montecarloliving.com\\\/wp-content\\\/uploads\\\/2024\\\/02\\\/R-63-scaled.jpg\",\"inLanguage\":\"fr-FR\"},{\"@type\":\"WebPage\",\"@id\":\"https:\\\/\\\/montecarloliving.com\\\/fr\\\/non-classifiee\\\/ouvelle-exposition-menton-etre-forts-et-agiles-dans-prehistoire-et-lantiquite-7631\\\/\",\"url\":\"https:\\\/\\\/montecarloliving.com\\\/fr\\\/non-classifiee\\\/ouvelle-exposition-menton-etre-forts-et-agiles-dans-prehistoire-et-lantiquite-7631\\\/\",\"name\":\"Nouvelle exposition \u00e0 Menton : '\u00catre forts et agiles dans la Pr\u00e9histoire et l'Antiquit\u00e9\",\"isPartOf\":{\"@id\":\"https:\\\/\\\/montecarloliving.com\\\/fr\\\/#website\"},\"primaryImageOfPage\":{\"@id\":\"https:\\\/\\\/montecarloliving.com\\\/fr\\\/non-classifiee\\\/ouvelle-exposition-menton-etre-forts-et-agiles-dans-prehistoire-et-lantiquite-7631\\\/#primaryimage\"},\"image\":{\"@id\":\"https:\\\/\\\/montecarloliving.com\\\/fr\\\/non-classifiee\\\/ouvelle-exposition-menton-etre-forts-et-agiles-dans-prehistoire-et-lantiquite-7631\\\/#primaryimage\"},\"thumbnailUrl\":\"https:\\\/\\\/montecarloliving.com\\\/wp-content\\\/uploads\\\/2024\\\/02\\\/R-63-scaled.jpg\",\"datePublished\":\"2024-02-14T10:44:06+00:00\",\"dateModified\":\"2024-02-14T10:48:20+00:00\",\"author\":{\"@id\":\"https:\\\/\\\/montecarloliving.com\\\/fr\\\/#\\\/schema\\\/person\\\/7e5945d4560862b7f2d2c6831bda2819\"},\"description\":\"Le Mus\u00e9e R\u00e9gional de la Pr\u00e9histoire pr\u00e9sente sa nouvelle exposition, intitul\u00e9e 'Origines du Sport : \u00catre Fort et Agile dans la Pr\u00e9histoire et\",\"breadcrumb\":{\"@id\":\"https:\\\/\\\/montecarloliving.com\\\/fr\\\/non-classifiee\\\/ouvelle-exposition-menton-etre-forts-et-agiles-dans-prehistoire-et-lantiquite-7631\\\/#breadcrumb\"},\"inLanguage\":\"fr-FR\",\"potentialAction\":[{\"@type\":\"ReadAction\",\"target\":[\"https:\\\/\\\/montecarloliving.com\\\/fr\\\/non-classifiee\\\/ouvelle-exposition-menton-etre-forts-et-agiles-dans-prehistoire-et-lantiquite-7631\\\/\"]}]},{\"@type\":\"ImageObject\",\"inLanguage\":\"fr-FR\",\"@id\":\"https:\\\/\\\/montecarloliving.com\\\/fr\\\/non-classifiee\\\/ouvelle-exposition-menton-etre-forts-et-agiles-dans-prehistoire-et-lantiquite-7631\\\/#primaryimage\",\"url\":\"https:\\\/\\\/montecarloliving.com\\\/wp-content\\\/uploads\\\/2024\\\/02\\\/R-63-scaled.jpg\",\"contentUrl\":\"https:\\\/\\\/montecarloliving.com\\\/wp-content\\\/uploads\\\/2024\\\/02\\\/R-63-scaled.jpg\",\"width\":2560,\"height\":1280},{\"@type\":\"BreadcrumbList\",\"@id\":\"https:\\\/\\\/montecarloliving.com\\\/fr\\\/non-classifiee\\\/ouvelle-exposition-menton-etre-forts-et-agiles-dans-prehistoire-et-lantiquite-7631\\\/#breadcrumb\",\"itemListElement\":[{\"@type\":\"ListItem\",\"position\":1,\"name\":\"Home\",\"item\":\"https:\\\/\\\/montecarloliving.com\\\/fr\\\/\"},{\"@type\":\"ListItem\",\"position\":2,\"name\":\"Nouvelle exposition \u00e0 Menton : &#8216;\u00catre forts et agiles dans la Pr\u00e9histoire et l&#8217;Antiquit\u00e9\"}]},{\"@type\":\"WebSite\",\"@id\":\"https:\\\/\\\/montecarloliving.com\\\/fr\\\/#website\",\"url\":\"https:\\\/\\\/montecarloliving.com\\\/fr\\\/\",\"name\":\"Montecarlo Living\",\"description\":\"News da Montecarlo - Principato di Monaco e Costa Azzurra\",\"potentialAction\":[{\"@type\":\"SearchAction\",\"target\":{\"@type\":\"EntryPoint\",\"urlTemplate\":\"https:\\\/\\\/montecarloliving.com\\\/fr\\\/?s={search_term_string}\"},\"query-input\":{\"@type\":\"PropertyValueSpecification\",\"valueRequired\":true,\"valueName\":\"search_term_string\"}}],\"inLanguage\":\"fr-FR\"},{\"@type\":\"Person\",\"@id\":\"https:\\\/\\\/montecarloliving.com\\\/fr\\\/#\\\/schema\\\/person\\\/7e5945d4560862b7f2d2c6831bda2819\",\"name\":\"Redazione\",\"image\":{\"@type\":\"ImageObject\",\"inLanguage\":\"fr-FR\",\"@id\":\"https:\\\/\\\/secure.gravatar.com\\\/avatar\\\/8b5f26557e18fe74ad8e8a57ebb2925d88af8a90cee489ff2beefb391bc9b9c7?s=96&d=mm&r=g\",\"url\":\"https:\\\/\\\/secure.gravatar.com\\\/avatar\\\/8b5f26557e18fe74ad8e8a57ebb2925d88af8a90cee489ff2beefb391bc9b9c7?s=96&d=mm&r=g\",\"contentUrl\":\"https:\\\/\\\/secure.gravatar.com\\\/avatar\\\/8b5f26557e18fe74ad8e8a57ebb2925d88af8a90cee489ff2beefb391bc9b9c7?s=96&d=mm&r=g\",\"caption\":\"Redazione\"}}]}<\/script>\n<!-- \/ Yoast SEO plugin. -->","yoast_head_json":{"title":"Nouvelle exposition \u00e0 Menton : '\u00catre forts et agiles dans la Pr\u00e9histoire et l'Antiquit\u00e9","description":"Le Mus\u00e9e R\u00e9gional de la Pr\u00e9histoire pr\u00e9sente sa nouvelle exposition, intitul\u00e9e 'Origines du Sport : \u00catre Fort et Agile dans la Pr\u00e9histoire et","robots":{"index":"index","follow":"follow","max-snippet":"max-snippet:-1","max-image-preview":"max-image-preview:large","max-video-preview":"max-video-preview:-1"},"canonical":"https:\/\/montecarloliving.com\/fr\/non-classifiee\/ouvelle-exposition-menton-etre-forts-et-agiles-dans-prehistoire-et-lantiquite-7631\/","og_locale":"fr_FR","og_title":"Nouvelle exposition \u00e0 Menton : '\u00catre forts et agiles dans la Pr\u00e9histoire et l'Antiquit\u00e9","og_description":"Le Mus\u00e9e R\u00e9gional de la Pr\u00e9histoire pr\u00e9sente sa nouvelle exposition, intitul\u00e9e 'Origines du Sport : \u00catre Fort et Agile dans la Pr\u00e9histoire et","og_url":"https:\/\/montecarloliving.com\/fr\/non-classifiee\/ouvelle-exposition-menton-etre-forts-et-agiles-dans-prehistoire-et-lantiquite-7631\/","og_site_name":"Montecarlo Living","article_publisher":"https:\/\/www.facebook.com\/montecarlolivingcom\/","article_published_time":"2024-02-14T10:44:06+00:00","article_modified_time":"2024-02-14T10:48:20+00:00","og_image":[{"width":650,"height":400,"url":"https:\/\/montecarloliving.com\/wp-content\/uploads\/2024\/02\/R-63-650x400.jpg","type":"image\/jpeg"}],"author":"Redazione","twitter_card":"summary_large_image","twitter_creator":"@MonteCarloLivi","twitter_site":"@MonteCarloLivi","twitter_misc":{"\u00c9crit par":"Redazione","Dur\u00e9e de lecture estim\u00e9e":"2 minutes"},"schema":{"@context":"https:\/\/schema.org","@graph":[{"@type":"Article","@id":"https:\/\/montecarloliving.com\/fr\/non-classifiee\/ouvelle-exposition-menton-etre-forts-et-agiles-dans-prehistoire-et-lantiquite-7631\/#article","isPartOf":{"@id":"https:\/\/montecarloliving.com\/fr\/non-classifiee\/ouvelle-exposition-menton-etre-forts-et-agiles-dans-prehistoire-et-lantiquite-7631\/"},"author":{"name":"Redazione","@id":"https:\/\/montecarloliving.com\/fr\/#\/schema\/person\/7e5945d4560862b7f2d2c6831bda2819"},"headline":"Nouvelle exposition \u00e0 Menton : &lsquo;\u00catre forts et agiles dans la Pr\u00e9histoire et l&rsquo;Antiquit\u00e9","datePublished":"2024-02-14T10:44:06+00:00","dateModified":"2024-02-14T10:48:20+00:00","mainEntityOfPage":{"@id":"https:\/\/montecarloliving.com\/fr\/non-classifiee\/ouvelle-exposition-menton-etre-forts-et-agiles-dans-prehistoire-et-lantiquite-7631\/"},"wordCount":187,"image":{"@id":"https:\/\/montecarloliving.com\/fr\/non-classifiee\/ouvelle-exposition-menton-etre-forts-et-agiles-dans-prehistoire-et-lantiquite-7631\/#primaryimage"},"thumbnailUrl":"https:\/\/montecarloliving.com\/wp-content\/uploads\/2024\/02\/R-63-scaled.jpg","inLanguage":"fr-FR"},{"@type":"WebPage","@id":"https:\/\/montecarloliving.com\/fr\/non-classifiee\/ouvelle-exposition-menton-etre-forts-et-agiles-dans-prehistoire-et-lantiquite-7631\/","url":"https:\/\/montecarloliving.com\/fr\/non-classifiee\/ouvelle-exposition-menton-etre-forts-et-agiles-dans-prehistoire-et-lantiquite-7631\/","name":"Nouvelle exposition \u00e0 Menton : '\u00catre forts et agiles dans la Pr\u00e9histoire et l'Antiquit\u00e9","isPartOf":{"@id":"https:\/\/montecarloliving.com\/fr\/#website"},"primaryImageOfPage":{"@id":"https:\/\/montecarloliving.com\/fr\/non-classifiee\/ouvelle-exposition-menton-etre-forts-et-agiles-dans-prehistoire-et-lantiquite-7631\/#primaryimage"},"image":{"@id":"https:\/\/montecarloliving.com\/fr\/non-classifiee\/ouvelle-exposition-menton-etre-forts-et-agiles-dans-prehistoire-et-lantiquite-7631\/#primaryimage"},"thumbnailUrl":"https:\/\/montecarloliving.com\/wp-content\/uploads\/2024\/02\/R-63-scaled.jpg","datePublished":"2024-02-14T10:44:06+00:00","dateModified":"2024-02-14T10:48:20+00:00","author":{"@id":"https:\/\/montecarloliving.com\/fr\/#\/schema\/person\/7e5945d4560862b7f2d2c6831bda2819"},"description":"Le Mus\u00e9e R\u00e9gional de la Pr\u00e9histoire pr\u00e9sente sa nouvelle exposition, intitul\u00e9e 'Origines du Sport : \u00catre Fort et Agile dans la Pr\u00e9histoire et","breadcrumb":{"@id":"https:\/\/montecarloliving.com\/fr\/non-classifiee\/ouvelle-exposition-menton-etre-forts-et-agiles-dans-prehistoire-et-lantiquite-7631\/#breadcrumb"},"inLanguage":"fr-FR","potentialAction":[{"@type":"ReadAction","target":["https:\/\/montecarloliving.com\/fr\/non-classifiee\/ouvelle-exposition-menton-etre-forts-et-agiles-dans-prehistoire-et-lantiquite-7631\/"]}]},{"@type":"ImageObject","inLanguage":"fr-FR","@id":"https:\/\/montecarloliving.com\/fr\/non-classifiee\/ouvelle-exposition-menton-etre-forts-et-agiles-dans-prehistoire-et-lantiquite-7631\/#primaryimage","url":"https:\/\/montecarloliving.com\/wp-content\/uploads\/2024\/02\/R-63-scaled.jpg","contentUrl":"https:\/\/montecarloliving.com\/wp-content\/uploads\/2024\/02\/R-63-scaled.jpg","width":2560,"height":1280},{"@type":"BreadcrumbList","@id":"https:\/\/montecarloliving.com\/fr\/non-classifiee\/ouvelle-exposition-menton-etre-forts-et-agiles-dans-prehistoire-et-lantiquite-7631\/#breadcrumb","itemListElement":[{"@type":"ListItem","position":1,"name":"Home","item":"https:\/\/montecarloliving.com\/fr\/"},{"@type":"ListItem","position":2,"name":"Nouvelle exposition \u00e0 Menton : &#8216;\u00catre forts et agiles dans la Pr\u00e9histoire et l&#8217;Antiquit\u00e9"}]},{"@type":"WebSite","@id":"https:\/\/montecarloliving.com\/fr\/#website","url":"https:\/\/montecarloliving.com\/fr\/","name":"Montecarlo Living","description":"News da Montecarlo - Principato di Monaco e Costa Azzurra","potentialAction":[{"@type":"SearchAction","target":{"@type":"EntryPoint","urlTemplate":"https:\/\/montecarloliving.com\/fr\/?s={search_term_string}"},"query-input":{"@type":"PropertyValueSpecification","valueRequired":true,"valueName":"search_term_string"}}],"inLanguage":"fr-FR"},{"@type":"Person","@id":"https:\/\/montecarloliving.com\/fr\/#\/schema\/person\/7e5945d4560862b7f2d2c6831bda2819","name":"Redazione","image":{"@type":"ImageObject","inLanguage":"fr-FR","@id":"https:\/\/secure.gravatar.com\/avatar\/8b5f26557e18fe74ad8e8a57ebb2925d88af8a90cee489ff2beefb391bc9b9c7?s=96&d=mm&r=g","url":"https:\/\/secure.gravatar.com\/avatar\/8b5f26557e18fe74ad8e8a57ebb2925d88af8a90cee489ff2beefb391bc9b9c7?s=96&d=mm&r=g","contentUrl":"https:\/\/secure.gravatar.com\/avatar\/8b5f26557e18fe74ad8e8a57ebb2925d88af8a90cee489ff2beefb391bc9b9c7?s=96&d=mm&r=g","caption":"Redazione"}}]}},"_links":{"self":[{"href":"https:\/\/montecarloliving.com\/fr\/wp-json\/wp\/v2\/posts\/7631","targetHints":{"allow":["GET"]}}],"collection":[{"href":"https:\/\/montecarloliving.com\/fr\/wp-json\/wp\/v2\/posts"}],"about":[{"href":"https:\/\/montecarloliving.com\/fr\/wp-json\/wp\/v2\/types\/post"}],"author":[{"embeddable":true,"href":"https:\/\/montecarloliving.com\/fr\/wp-json\/wp\/v2\/users\/1"}],"replies":[{"embeddable":true,"href":"https:\/\/montecarloliving.com\/fr\/wp-json\/wp\/v2\/comments?post=7631"}],"version-history":[{"count":2,"href":"https:\/\/montecarloliving.com\/fr\/wp-json\/wp\/v2\/posts\/7631\/revisions"}],"predecessor-version":[{"id":7633,"href":"https:\/\/montecarloliving.com\/fr\/wp-json\/wp\/v2\/posts\/7631\/revisions\/7633"}],"wp:featuredmedia":[{"embeddable":true,"href":"https:\/\/montecarloliving.com\/fr\/wp-json\/wp\/v2\/media\/7627"}],"wp:attachment":[{"href":"https:\/\/montecarloliving.com\/fr\/wp-json\/wp\/v2\/media?parent=7631"}],"wp:term":[{"taxonomy":"category","embeddable":true,"href":"https:\/\/montecarloliving.com\/fr\/wp-json\/wp\/v2\/categories?post=7631"},{"taxonomy":"post_tag","embeddable":true,"href":"https:\/\/montecarloliving.com\/fr\/wp-json\/wp\/v2\/tags?post=7631"}],"curies":[{"name":"wp","href":"https:\/\/api.w.org\/{rel}","templated":true}]}}