{"id":7412,"date":"2024-02-08T10:37:59","date_gmt":"2024-02-08T09:37:59","guid":{"rendered":"https:\/\/montecarloliving.com\/non-classifiee\/histoire-illustree-des-grimaldi-de-monaco-souverains-de-principaute-de-monaco-7412\/"},"modified":"2024-02-09T11:19:53","modified_gmt":"2024-02-09T10:19:53","slug":"histoire-illustree-des-grimaldi-de-monaco-souverains-de-principaute-de-monaco","status":"publish","type":"post","link":"https:\/\/montecarloliving.com\/fr\/italie-et-monaco\/histoire-illustree-des-grimaldi-de-monaco-souverains-de-principaute-de-monaco-7412\/","title":{"rendered":"La Histoire Illustr\u00e9e des Grimaldi de Monaco : Souverains de la Principaut\u00e9 de Monaco."},"content":{"rendered":"<p><strong>L&rsquo;Histoire Illustr\u00e9e des Grimaldi<\/strong><\/p>\n<p>L&rsquo;histoire de la famille Grimaldi est tiss\u00e9e d&rsquo;intrigues, de trahisons et du courage de rechercher le pouvoir et la grandeur. Cette famille a domin\u00e9 la sc\u00e8ne mondaine de Monaco pendant des si\u00e8cles, laissant une empreinte ind\u00e9l\u00e9bile sur la Principaut\u00e9 de Monaco.<\/p>\n<h4>Origines Anciennes<\/h4>\n<p>Les racines de la famille Grimaldi plongent dans le Moyen \u00c2ge. La l\u00e9gende raconte qu&rsquo;en 1297, Fran\u00e7ois Grimaldi, surnomm\u00e9 \u00ab\u00a0Le Malicieux\u00a0\u00bb, s&rsquo;est infiltr\u00e9 dans le ch\u00e2teau de Monaco d\u00e9guis\u00e9 en moine franciscain. Avec ruse, il parvint \u00e0 prendre le contr\u00f4le de la forteresse, fondant ainsi la dynastie Grimaldi.<\/p>\n<h4><strong>Stabilit\u00e9 et Croissance<\/strong><\/h4>\n<p>Au cours des si\u00e8cles suivants, la famille Grimaldi a d\u00fb affronter des d\u00e9fis, des guerres et des alliances strat\u00e9giques pour maintenir le contr\u00f4le sur Monaco. Au XVIIe si\u00e8cle, la Principaut\u00e9 de Monaco passa sous la domination de la France, mais les Grimaldi r\u00e9ussirent \u00e0 conserver leur influence locale.<\/p>\n<h4>Le Retour \u00e0 l&rsquo;Ind\u00e9pendance<\/h4>\n<p>Le XIXe si\u00e8cle vit le retour de l&rsquo;ind\u00e9pendance \u00e0 Monaco sous le r\u00e8gne de Charles III. La famille Grimaldi commen\u00e7a \u00e0 transformer la petite ville c\u00f4ti\u00e8re en une destination de luxe et de divertissement, avec la construction du Casino de Monte-Carlo comme symbole de ce changement.<\/p>\n<h4>Grace Kelly et l&rsquo;\u00c8re Moderne<\/h4>\n<p>L&rsquo;un des \u00e9v\u00e9nements les plus embl\u00e9matiques de l&rsquo;histoire des Grimaldi fut le mariage entre le prince Rainier III et l&rsquo;actrice am\u00e9ricaine Grace Kelly en 1956. Ce mariage a mis Monaco sous les projecteurs internationaux et a contribu\u00e9 \u00e0 d\u00e9finir l&rsquo;image moderne de la famille royale.<\/p>\n<h4>Albert II et l&rsquo;H\u00e9ritage Actuel<\/h4>\n<p>Le prince Albert II, fils de Rainier III et de Grace Kelly, est mont\u00e9 sur le tr\u00f4ne en 2005. Sous son r\u00e8gne, Monaco a continu\u00e9 \u00e0 prosp\u00e9rer en tant que destination de luxe et centre financier, maintenant sa r\u00e9putation de paradis fiscal.<\/p>\n<h4>Engagement Humanitaire et Environnemental<\/h4>\n<p>En plus de leur r\u00f4le royal, les Grimaldi ont d\u00e9montr\u00e9 un fort engagement envers les questions humanitaires et environnementales. Le prince Albert II est connu pour son activisme en faveur de la durabilit\u00e9 environnementale et des questions oc\u00e9aniques.<\/p>\n<p>La famille Grimaldi continue de d\u00e9tenir une place unique dans l&rsquo;histoire de Monaco, incarnant l&rsquo;alliance entre tradition et modernit\u00e9. Leur histoire est un voyage fascinant \u00e0 travers les si\u00e8cles, marqu\u00e9 par des d\u00e9fis surmont\u00e9s et un d\u00e9vouement in\u00e9branlable \u00e0 la grandeur de Monaco.<\/p>\n<p><a href=\"https:\/\/www.instagram.com\/monte_carlo_living\/\">Visitez Notre Page Instagram<\/a><\/p>\n<p><a href=\"https:\/\/montecarloliving.com\/fr\/\">Lisez d&rsquo;Autres Articles<\/a><\/p>\n","protected":false},"excerpt":{"rendered":"<p>L&rsquo;Histoire Illustr\u00e9e des Grimaldi L&rsquo;histoire de la famille Grimaldi est tiss\u00e9e d&rsquo;intrigues, de trahisons et du courage de rechercher le pouvoir et la grandeur. Cette famille a domin\u00e9 la sc\u00e8ne mondaine de Monaco pendant des si\u00e8cles, laissant une empreinte ind\u00e9l\u00e9bile sur la Principaut\u00e9 de [&hellip;]<\/p>\n","protected":false},"author":1,"featured_media":7409,"comment_status":"closed","ping_status":"closed","sticky":false,"template":"","format":"standard","meta":{"footnotes":""},"categories":[823],"tags":[],"class_list":["post-7412","post","type-post","status-publish","format-standard","has-post-thumbnail","hentry","category-italie-et-monaco"],"yoast_head":"<!-- This site is optimized with the Yoast SEO plugin v27.5 - https:\/\/yoast.com\/product\/yoast-seo-wordpress\/ -->\n<title>La Histoire Illustr\u00e9e des Grimaldi de Monaco : Souverains de la Principaut\u00e9.<\/title>\n<meta name=\"description\" content=\"L&#039;histoire de la famille Grimaldi est tiss\u00e9e d&#039;intrigues, de trahisons et du courage de rechercher le pouvoir et la grandeur. Cette famille a...\" \/>\n<meta name=\"robots\" content=\"index, follow, max-snippet:-1, max-image-preview:large, max-video-preview:-1\" \/>\n<link rel=\"canonical\" href=\"https:\/\/montecarloliving.com\/fr\/italie-et-monaco\/histoire-illustree-des-grimaldi-de-monaco-souverains-de-principaute-de-monaco-7412\/\" \/>\n<meta property=\"og:locale\" content=\"fr_FR\" \/>\n<meta property=\"og:title\" content=\"La Histoire Illustr\u00e9e des Grimaldi de Monaco : Souverains de la Principaut\u00e9.\" \/>\n<meta property=\"og:description\" content=\"L&#039;histoire de la famille Grimaldi est tiss\u00e9e d&#039;intrigues, de trahisons et du courage de rechercher le pouvoir et la grandeur. Cette famille a...\" \/>\n<meta property=\"og:url\" content=\"https:\/\/montecarloliving.com\/fr\/italie-et-monaco\/histoire-illustree-des-grimaldi-de-monaco-souverains-de-principaute-de-monaco-7412\/\" \/>\n<meta property=\"og:site_name\" content=\"Montecarlo Living\" \/>\n<meta property=\"article:publisher\" content=\"https:\/\/www.facebook.com\/montecarlolivingcom\/\" \/>\n<meta property=\"article:published_time\" content=\"2024-02-08T09:37:59+00:00\" \/>\n<meta property=\"article:modified_time\" content=\"2024-02-09T10:19:53+00:00\" \/>\n<meta property=\"og:image\" content=\"https:\/\/montecarloliving.com\/wp-content\/uploads\/2024\/02\/Grimaldi-650x400.jpg\" \/>\n\t<meta property=\"og:image:width\" content=\"650\" \/>\n\t<meta property=\"og:image:height\" content=\"400\" \/>\n\t<meta property=\"og:image:type\" content=\"image\/jpeg\" \/>\n<meta name=\"author\" content=\"Redazione\" \/>\n<meta name=\"twitter:card\" content=\"summary_large_image\" \/>\n<meta name=\"twitter:creator\" content=\"@MonteCarloLivi\" \/>\n<meta name=\"twitter:site\" content=\"@MonteCarloLivi\" \/>\n<meta name=\"twitter:label1\" content=\"\u00c9crit par\" \/>\n\t<meta name=\"twitter:data1\" content=\"Redazione\" \/>\n\t<meta name=\"twitter:label2\" content=\"Dur\u00e9e de lecture estim\u00e9e\" \/>\n\t<meta name=\"twitter:data2\" content=\"3 minutes\" \/>\n<script type=\"application\/ld+json\" class=\"yoast-schema-graph\">{\"@context\":\"https:\\\/\\\/schema.org\",\"@graph\":[{\"@type\":\"Article\",\"@id\":\"https:\\\/\\\/montecarloliving.com\\\/fr\\\/italie-et-monaco\\\/histoire-illustree-des-grimaldi-de-monaco-souverains-de-principaute-de-monaco-7412\\\/#article\",\"isPartOf\":{\"@id\":\"https:\\\/\\\/montecarloliving.com\\\/fr\\\/italie-et-monaco\\\/histoire-illustree-des-grimaldi-de-monaco-souverains-de-principaute-de-monaco-7412\\\/\"},\"author\":{\"name\":\"Redazione\",\"@id\":\"https:\\\/\\\/montecarloliving.com\\\/fr\\\/#\\\/schema\\\/person\\\/7e5945d4560862b7f2d2c6831bda2819\"},\"headline\":\"La Histoire Illustr\u00e9e des Grimaldi de Monaco : Souverains de la Principaut\u00e9 de Monaco.\",\"datePublished\":\"2024-02-08T09:37:59+00:00\",\"dateModified\":\"2024-02-09T10:19:53+00:00\",\"mainEntityOfPage\":{\"@id\":\"https:\\\/\\\/montecarloliving.com\\\/fr\\\/italie-et-monaco\\\/histoire-illustree-des-grimaldi-de-monaco-souverains-de-principaute-de-monaco-7412\\\/\"},\"wordCount\":445,\"image\":{\"@id\":\"https:\\\/\\\/montecarloliving.com\\\/fr\\\/italie-et-monaco\\\/histoire-illustree-des-grimaldi-de-monaco-souverains-de-principaute-de-monaco-7412\\\/#primaryimage\"},\"thumbnailUrl\":\"https:\\\/\\\/montecarloliving.com\\\/wp-content\\\/uploads\\\/2024\\\/02\\\/Grimaldi.jpg\",\"articleSection\":[\"Italie et Monaco\"],\"inLanguage\":\"fr-FR\"},{\"@type\":\"WebPage\",\"@id\":\"https:\\\/\\\/montecarloliving.com\\\/fr\\\/italie-et-monaco\\\/histoire-illustree-des-grimaldi-de-monaco-souverains-de-principaute-de-monaco-7412\\\/\",\"url\":\"https:\\\/\\\/montecarloliving.com\\\/fr\\\/italie-et-monaco\\\/histoire-illustree-des-grimaldi-de-monaco-souverains-de-principaute-de-monaco-7412\\\/\",\"name\":\"La Histoire Illustr\u00e9e des Grimaldi de Monaco : Souverains de la Principaut\u00e9.\",\"isPartOf\":{\"@id\":\"https:\\\/\\\/montecarloliving.com\\\/fr\\\/#website\"},\"primaryImageOfPage\":{\"@id\":\"https:\\\/\\\/montecarloliving.com\\\/fr\\\/italie-et-monaco\\\/histoire-illustree-des-grimaldi-de-monaco-souverains-de-principaute-de-monaco-7412\\\/#primaryimage\"},\"image\":{\"@id\":\"https:\\\/\\\/montecarloliving.com\\\/fr\\\/italie-et-monaco\\\/histoire-illustree-des-grimaldi-de-monaco-souverains-de-principaute-de-monaco-7412\\\/#primaryimage\"},\"thumbnailUrl\":\"https:\\\/\\\/montecarloliving.com\\\/wp-content\\\/uploads\\\/2024\\\/02\\\/Grimaldi.jpg\",\"datePublished\":\"2024-02-08T09:37:59+00:00\",\"dateModified\":\"2024-02-09T10:19:53+00:00\",\"author\":{\"@id\":\"https:\\\/\\\/montecarloliving.com\\\/fr\\\/#\\\/schema\\\/person\\\/7e5945d4560862b7f2d2c6831bda2819\"},\"description\":\"L'histoire de la famille Grimaldi est tiss\u00e9e d'intrigues, de trahisons et du courage de rechercher le pouvoir et la grandeur. Cette famille a...\",\"breadcrumb\":{\"@id\":\"https:\\\/\\\/montecarloliving.com\\\/fr\\\/italie-et-monaco\\\/histoire-illustree-des-grimaldi-de-monaco-souverains-de-principaute-de-monaco-7412\\\/#breadcrumb\"},\"inLanguage\":\"fr-FR\",\"potentialAction\":[{\"@type\":\"ReadAction\",\"target\":[\"https:\\\/\\\/montecarloliving.com\\\/fr\\\/italie-et-monaco\\\/histoire-illustree-des-grimaldi-de-monaco-souverains-de-principaute-de-monaco-7412\\\/\"]}]},{\"@type\":\"ImageObject\",\"inLanguage\":\"fr-FR\",\"@id\":\"https:\\\/\\\/montecarloliving.com\\\/fr\\\/italie-et-monaco\\\/histoire-illustree-des-grimaldi-de-monaco-souverains-de-principaute-de-monaco-7412\\\/#primaryimage\",\"url\":\"https:\\\/\\\/montecarloliving.com\\\/wp-content\\\/uploads\\\/2024\\\/02\\\/Grimaldi.jpg\",\"contentUrl\":\"https:\\\/\\\/montecarloliving.com\\\/wp-content\\\/uploads\\\/2024\\\/02\\\/Grimaldi.jpg\",\"width\":2245,\"height\":1945,\"caption\":\"(KIKA) - MONTE CARLO -\u00a0 Charlotte Casiraghi ha potuto usufruire di un permesso speciale visto che da pochi giorni \u00e8 diventata mamma bis del piccolo Balthazar, ma dal balcone del palazzo reale di Monaco si sono affacciati praticamente tutti i componenti della famiglia reale monegasca.GUARDA ANCHE: Jacques e Gabriella di Monaco, piccoli teneri passi all&#039;EliseoL\u2019occasione \u00e8 di quelle importanti, il Monegasque National Day, festa nazionale che viene celebrata ogni 19 novembre in ricordo dell&#039;incoronazione del Principe Ranieri III. Nel cortile del Palazzo Reale si \u00e8 tenuta la tradizionale parata militare, con le teste coronate e i loro eredi affacciati al balcone.GUARDA LE IMMAGINI DEL MONEGASQUE NATIONAL DAY 2018[galleria]Vivaci i gemellini Jacques e Gabriella vicini a pap\u00e0 Alberto di Monaco e mamma Charlene Wittstock, con la seconda che non si \u00e8 risparmiata qualche sbadiglio, solare anche Carolina di Monaco in versione nonna, mentre per il piccolo Stefano Casiraghi, primogenito di Pierre Casiraghi e Beatrice Borromeo si \u00e8 trattato del debutto pubblico assoluto.GUARDA ANCHE: Charlotte Casiraghi mamma bis: \u00e8 un altro maschiettoAl balcone dei Grimaldi si sono visti anche Stephanie di Monaco,\u00a0 Louis e Pauline Ducruet , Andrea e Pierre Casiraghi con le rispettive compagne e ancora Tatiana Santo Domingo e Alexandra di Hannover.GUARDA IL VIDEO[video mp4=https:\\\/\\\/www.kikapress.com\\\/kikavideo\\\/mp4\\\/kikavideo_198406.mp4 id=198406]\"},{\"@type\":\"BreadcrumbList\",\"@id\":\"https:\\\/\\\/montecarloliving.com\\\/fr\\\/italie-et-monaco\\\/histoire-illustree-des-grimaldi-de-monaco-souverains-de-principaute-de-monaco-7412\\\/#breadcrumb\",\"itemListElement\":[{\"@type\":\"ListItem\",\"position\":1,\"name\":\"Home\",\"item\":\"https:\\\/\\\/montecarloliving.com\\\/fr\\\/\"},{\"@type\":\"ListItem\",\"position\":2,\"name\":\"La Histoire Illustr\u00e9e des Grimaldi de Monaco : Souverains de la Principaut\u00e9 de Monaco.\"}]},{\"@type\":\"WebSite\",\"@id\":\"https:\\\/\\\/montecarloliving.com\\\/fr\\\/#website\",\"url\":\"https:\\\/\\\/montecarloliving.com\\\/fr\\\/\",\"name\":\"Montecarlo Living\",\"description\":\"News da Montecarlo - Principato di Monaco e Costa Azzurra\",\"potentialAction\":[{\"@type\":\"SearchAction\",\"target\":{\"@type\":\"EntryPoint\",\"urlTemplate\":\"https:\\\/\\\/montecarloliving.com\\\/fr\\\/?s={search_term_string}\"},\"query-input\":{\"@type\":\"PropertyValueSpecification\",\"valueRequired\":true,\"valueName\":\"search_term_string\"}}],\"inLanguage\":\"fr-FR\"},{\"@type\":\"Person\",\"@id\":\"https:\\\/\\\/montecarloliving.com\\\/fr\\\/#\\\/schema\\\/person\\\/7e5945d4560862b7f2d2c6831bda2819\",\"name\":\"Redazione\",\"image\":{\"@type\":\"ImageObject\",\"inLanguage\":\"fr-FR\",\"@id\":\"https:\\\/\\\/secure.gravatar.com\\\/avatar\\\/8b5f26557e18fe74ad8e8a57ebb2925d88af8a90cee489ff2beefb391bc9b9c7?s=96&d=mm&r=g\",\"url\":\"https:\\\/\\\/secure.gravatar.com\\\/avatar\\\/8b5f26557e18fe74ad8e8a57ebb2925d88af8a90cee489ff2beefb391bc9b9c7?s=96&d=mm&r=g\",\"contentUrl\":\"https:\\\/\\\/secure.gravatar.com\\\/avatar\\\/8b5f26557e18fe74ad8e8a57ebb2925d88af8a90cee489ff2beefb391bc9b9c7?s=96&d=mm&r=g\",\"caption\":\"Redazione\"}}]}<\/script>\n<!-- \/ Yoast SEO plugin. -->","yoast_head_json":{"title":"La Histoire Illustr\u00e9e des Grimaldi de Monaco : Souverains de la Principaut\u00e9.","description":"L'histoire de la famille Grimaldi est tiss\u00e9e d'intrigues, de trahisons et du courage de rechercher le pouvoir et la grandeur. Cette famille a...","robots":{"index":"index","follow":"follow","max-snippet":"max-snippet:-1","max-image-preview":"max-image-preview:large","max-video-preview":"max-video-preview:-1"},"canonical":"https:\/\/montecarloliving.com\/fr\/italie-et-monaco\/histoire-illustree-des-grimaldi-de-monaco-souverains-de-principaute-de-monaco-7412\/","og_locale":"fr_FR","og_title":"La Histoire Illustr\u00e9e des Grimaldi de Monaco : Souverains de la Principaut\u00e9.","og_description":"L'histoire de la famille Grimaldi est tiss\u00e9e d'intrigues, de trahisons et du courage de rechercher le pouvoir et la grandeur. Cette famille a...","og_url":"https:\/\/montecarloliving.com\/fr\/italie-et-monaco\/histoire-illustree-des-grimaldi-de-monaco-souverains-de-principaute-de-monaco-7412\/","og_site_name":"Montecarlo Living","article_publisher":"https:\/\/www.facebook.com\/montecarlolivingcom\/","article_published_time":"2024-02-08T09:37:59+00:00","article_modified_time":"2024-02-09T10:19:53+00:00","og_image":[{"width":650,"height":400,"url":"https:\/\/montecarloliving.com\/wp-content\/uploads\/2024\/02\/Grimaldi-650x400.jpg","type":"image\/jpeg"}],"author":"Redazione","twitter_card":"summary_large_image","twitter_creator":"@MonteCarloLivi","twitter_site":"@MonteCarloLivi","twitter_misc":{"\u00c9crit par":"Redazione","Dur\u00e9e de lecture estim\u00e9e":"3 minutes"},"schema":{"@context":"https:\/\/schema.org","@graph":[{"@type":"Article","@id":"https:\/\/montecarloliving.com\/fr\/italie-et-monaco\/histoire-illustree-des-grimaldi-de-monaco-souverains-de-principaute-de-monaco-7412\/#article","isPartOf":{"@id":"https:\/\/montecarloliving.com\/fr\/italie-et-monaco\/histoire-illustree-des-grimaldi-de-monaco-souverains-de-principaute-de-monaco-7412\/"},"author":{"name":"Redazione","@id":"https:\/\/montecarloliving.com\/fr\/#\/schema\/person\/7e5945d4560862b7f2d2c6831bda2819"},"headline":"La Histoire Illustr\u00e9e des Grimaldi de Monaco : Souverains de la Principaut\u00e9 de Monaco.","datePublished":"2024-02-08T09:37:59+00:00","dateModified":"2024-02-09T10:19:53+00:00","mainEntityOfPage":{"@id":"https:\/\/montecarloliving.com\/fr\/italie-et-monaco\/histoire-illustree-des-grimaldi-de-monaco-souverains-de-principaute-de-monaco-7412\/"},"wordCount":445,"image":{"@id":"https:\/\/montecarloliving.com\/fr\/italie-et-monaco\/histoire-illustree-des-grimaldi-de-monaco-souverains-de-principaute-de-monaco-7412\/#primaryimage"},"thumbnailUrl":"https:\/\/montecarloliving.com\/wp-content\/uploads\/2024\/02\/Grimaldi.jpg","articleSection":["Italie et Monaco"],"inLanguage":"fr-FR"},{"@type":"WebPage","@id":"https:\/\/montecarloliving.com\/fr\/italie-et-monaco\/histoire-illustree-des-grimaldi-de-monaco-souverains-de-principaute-de-monaco-7412\/","url":"https:\/\/montecarloliving.com\/fr\/italie-et-monaco\/histoire-illustree-des-grimaldi-de-monaco-souverains-de-principaute-de-monaco-7412\/","name":"La Histoire Illustr\u00e9e des Grimaldi de Monaco : Souverains de la Principaut\u00e9.","isPartOf":{"@id":"https:\/\/montecarloliving.com\/fr\/#website"},"primaryImageOfPage":{"@id":"https:\/\/montecarloliving.com\/fr\/italie-et-monaco\/histoire-illustree-des-grimaldi-de-monaco-souverains-de-principaute-de-monaco-7412\/#primaryimage"},"image":{"@id":"https:\/\/montecarloliving.com\/fr\/italie-et-monaco\/histoire-illustree-des-grimaldi-de-monaco-souverains-de-principaute-de-monaco-7412\/#primaryimage"},"thumbnailUrl":"https:\/\/montecarloliving.com\/wp-content\/uploads\/2024\/02\/Grimaldi.jpg","datePublished":"2024-02-08T09:37:59+00:00","dateModified":"2024-02-09T10:19:53+00:00","author":{"@id":"https:\/\/montecarloliving.com\/fr\/#\/schema\/person\/7e5945d4560862b7f2d2c6831bda2819"},"description":"L'histoire de la famille Grimaldi est tiss\u00e9e d'intrigues, de trahisons et du courage de rechercher le pouvoir et la grandeur. Cette famille a...","breadcrumb":{"@id":"https:\/\/montecarloliving.com\/fr\/italie-et-monaco\/histoire-illustree-des-grimaldi-de-monaco-souverains-de-principaute-de-monaco-7412\/#breadcrumb"},"inLanguage":"fr-FR","potentialAction":[{"@type":"ReadAction","target":["https:\/\/montecarloliving.com\/fr\/italie-et-monaco\/histoire-illustree-des-grimaldi-de-monaco-souverains-de-principaute-de-monaco-7412\/"]}]},{"@type":"ImageObject","inLanguage":"fr-FR","@id":"https:\/\/montecarloliving.com\/fr\/italie-et-monaco\/histoire-illustree-des-grimaldi-de-monaco-souverains-de-principaute-de-monaco-7412\/#primaryimage","url":"https:\/\/montecarloliving.com\/wp-content\/uploads\/2024\/02\/Grimaldi.jpg","contentUrl":"https:\/\/montecarloliving.com\/wp-content\/uploads\/2024\/02\/Grimaldi.jpg","width":2245,"height":1945,"caption":"(KIKA) - MONTE CARLO -\u00a0 Charlotte Casiraghi ha potuto usufruire di un permesso speciale visto che da pochi giorni \u00e8 diventata mamma bis del piccolo Balthazar, ma dal balcone del palazzo reale di Monaco si sono affacciati praticamente tutti i componenti della famiglia reale monegasca.GUARDA ANCHE: Jacques e Gabriella di Monaco, piccoli teneri passi all&#039;EliseoL\u2019occasione \u00e8 di quelle importanti, il Monegasque National Day, festa nazionale che viene celebrata ogni 19 novembre in ricordo dell&#039;incoronazione del Principe Ranieri III. Nel cortile del Palazzo Reale si \u00e8 tenuta la tradizionale parata militare, con le teste coronate e i loro eredi affacciati al balcone.GUARDA LE IMMAGINI DEL MONEGASQUE NATIONAL DAY 2018[galleria]Vivaci i gemellini Jacques e Gabriella vicini a pap\u00e0 Alberto di Monaco e mamma Charlene Wittstock, con la seconda che non si \u00e8 risparmiata qualche sbadiglio, solare anche Carolina di Monaco in versione nonna, mentre per il piccolo Stefano Casiraghi, primogenito di Pierre Casiraghi e Beatrice Borromeo si \u00e8 trattato del debutto pubblico assoluto.GUARDA ANCHE: Charlotte Casiraghi mamma bis: \u00e8 un altro maschiettoAl balcone dei Grimaldi si sono visti anche Stephanie di Monaco,\u00a0 Louis e Pauline Ducruet , Andrea e Pierre Casiraghi con le rispettive compagne e ancora Tatiana Santo Domingo e Alexandra di Hannover.GUARDA IL VIDEO[video mp4=https:\/\/www.kikapress.com\/kikavideo\/mp4\/kikavideo_198406.mp4 id=198406]"},{"@type":"BreadcrumbList","@id":"https:\/\/montecarloliving.com\/fr\/italie-et-monaco\/histoire-illustree-des-grimaldi-de-monaco-souverains-de-principaute-de-monaco-7412\/#breadcrumb","itemListElement":[{"@type":"ListItem","position":1,"name":"Home","item":"https:\/\/montecarloliving.com\/fr\/"},{"@type":"ListItem","position":2,"name":"La Histoire Illustr\u00e9e des Grimaldi de Monaco : Souverains de la Principaut\u00e9 de Monaco."}]},{"@type":"WebSite","@id":"https:\/\/montecarloliving.com\/fr\/#website","url":"https:\/\/montecarloliving.com\/fr\/","name":"Montecarlo Living","description":"News da Montecarlo - Principato di Monaco e Costa Azzurra","potentialAction":[{"@type":"SearchAction","target":{"@type":"EntryPoint","urlTemplate":"https:\/\/montecarloliving.com\/fr\/?s={search_term_string}"},"query-input":{"@type":"PropertyValueSpecification","valueRequired":true,"valueName":"search_term_string"}}],"inLanguage":"fr-FR"},{"@type":"Person","@id":"https:\/\/montecarloliving.com\/fr\/#\/schema\/person\/7e5945d4560862b7f2d2c6831bda2819","name":"Redazione","image":{"@type":"ImageObject","inLanguage":"fr-FR","@id":"https:\/\/secure.gravatar.com\/avatar\/8b5f26557e18fe74ad8e8a57ebb2925d88af8a90cee489ff2beefb391bc9b9c7?s=96&d=mm&r=g","url":"https:\/\/secure.gravatar.com\/avatar\/8b5f26557e18fe74ad8e8a57ebb2925d88af8a90cee489ff2beefb391bc9b9c7?s=96&d=mm&r=g","contentUrl":"https:\/\/secure.gravatar.com\/avatar\/8b5f26557e18fe74ad8e8a57ebb2925d88af8a90cee489ff2beefb391bc9b9c7?s=96&d=mm&r=g","caption":"Redazione"}}]}},"_links":{"self":[{"href":"https:\/\/montecarloliving.com\/fr\/wp-json\/wp\/v2\/posts\/7412","targetHints":{"allow":["GET"]}}],"collection":[{"href":"https:\/\/montecarloliving.com\/fr\/wp-json\/wp\/v2\/posts"}],"about":[{"href":"https:\/\/montecarloliving.com\/fr\/wp-json\/wp\/v2\/types\/post"}],"author":[{"embeddable":true,"href":"https:\/\/montecarloliving.com\/fr\/wp-json\/wp\/v2\/users\/1"}],"replies":[{"embeddable":true,"href":"https:\/\/montecarloliving.com\/fr\/wp-json\/wp\/v2\/comments?post=7412"}],"version-history":[{"count":1,"href":"https:\/\/montecarloliving.com\/fr\/wp-json\/wp\/v2\/posts\/7412\/revisions"}],"predecessor-version":[{"id":7462,"href":"https:\/\/montecarloliving.com\/fr\/wp-json\/wp\/v2\/posts\/7412\/revisions\/7462"}],"wp:featuredmedia":[{"embeddable":true,"href":"https:\/\/montecarloliving.com\/fr\/wp-json\/wp\/v2\/media\/7409"}],"wp:attachment":[{"href":"https:\/\/montecarloliving.com\/fr\/wp-json\/wp\/v2\/media?parent=7412"}],"wp:term":[{"taxonomy":"category","embeddable":true,"href":"https:\/\/montecarloliving.com\/fr\/wp-json\/wp\/v2\/categories?post=7412"},{"taxonomy":"post_tag","embeddable":true,"href":"https:\/\/montecarloliving.com\/fr\/wp-json\/wp\/v2\/tags?post=7412"}],"curies":[{"name":"wp","href":"https:\/\/api.w.org\/{rel}","templated":true}]}}