{"id":6954,"date":"2024-02-02T09:30:51","date_gmt":"2024-02-02T08:30:51","guid":{"rendered":"https:\/\/montecarloliving.com\/?p=6954"},"modified":"2024-02-02T09:30:51","modified_gmt":"2024-02-02T08:30:51","slug":"evenements-du-week-end-du-3-et-4-fevrier-2024-nice","status":"publish","type":"post","link":"https:\/\/montecarloliving.com\/fr\/evenements\/evenements-du-week-end-du-3-et-4-fevrier-2024-nice-6954\/","title":{"rendered":"\u00c9v\u00e9nements du week-end du 3 et 4 f\u00e9vrier 2024 \u00e0 Nice."},"content":{"rendered":"<p>\u00c9v\u00e9nements du week-end \u00e0 Nice, d\u00e9couvrez-les tous !!<\/p>\n<h4>CONCERT SYMPHONIQUE : L\u2019\u00c2ME RUSSE<\/h4>\n<p>Samedi 3 f\u00e9vrier 2024 \u00e0 20h. Dimanche 4 f\u00e9vrier 2024 \u00e0 15h.<\/p>\n<p>La Russie est un continent musical \u00e0 part enti\u00e8re.<\/p>\n<p>De Tcha\u00efkovski \u00e0 Chostakovitch, Lionel Bringuier nous emm\u00e8ne dans un voyage \u00e0 travers les si\u00e8cles et les inspirations, avec deux \u0153uvres cl\u00e9s : la c\u00e9l\u00e8bre Symphonie n\u00b04 de Tcha\u00efkovski et le Concerto pour violoncelle n\u00b01 de Chostakovitch, sans aucun doute l&rsquo;un des concerts les plus prodigieux du XXe si\u00e8cle.<\/p>\n<p><a href=\"https:\/\/opera-nice.notre-billetterie.org\/formulaire?dial=sommaire\">https:\/\/opera-nice.notre-billetterie.org\/formulaire?dial=sommaire<\/a><\/p>\n<h4>VIENS AVEC TON DOUDOU<\/h4>\n<p>Dimanche 4 f\u00e9vrier 2024. Ouverture le dimanche \u00e0 10h et \u00e0 11h.<\/p>\n<p>Amenez vos enfants \u00e0 l&rsquo;Op\u00e9ra et initiez-les au monde du spectacle vivant d\u00e8s leur plus jeune \u00e2ge !<\/p>\n<p>Venir avec ton doudou fera d\u00e9couvrir aux enfants les instruments de musique jou\u00e9s par les musiciens de l&rsquo;Orchestre Philharmonique de Nice et les invitera \u00e0 interagir avec les danseurs du Ballet Nice M\u00e9diterran\u00e9e.<\/p>\n<p><a href=\"https:\/\/opera-nice.notre-billetterie.org\/formulaire?dial=sommaire\">https:\/\/opera-nice.notre-billetterie.org\/formulaire?dial=sommaire<\/a><\/p>\n<h4>EXPOSITION : TINTIN ET TCHANG<\/h4>\n<p>Du 27\/01 au 30\/06\/2024 de 10h \u00e0 17h, sauf le 1er mai.<br \/>\nFerm\u00e9 le mardi.<\/p>\n<p>Le Mus\u00e9e Herg\u00e9 de Louvain-la-Neuve (Belgique) s&rsquo;associe au D\u00e9partement des Alpes-Maritimes pour pr\u00e9senter une double exposition intitul\u00e9e Tintin, Herg\u00e9 et Chang.<\/p>\n<p>L&rsquo;exposition r\u00e9v\u00e8le les multiples facettes du p\u00e8re de Tintin \u00e0 travers une superbe s\u00e9lection de documents pr\u00e9cieux, de dessins originaux et d&rsquo;objets, pr\u00e9sent\u00e9s pour la premi\u00e8re fois sur la C\u00f4te d&rsquo;Azur.<\/p>\n<p><a href=\"https:\/\/maa.departement06.fr\/musee-des-arts-asiatiques-13422.html\">https:\/\/maa.departement06.fr\/musee-des-arts-asiatiques-13422.html<\/a><\/p>\n<h4>EXPOSITION \u2013 VIVRE POUR L\u2019ART \u2013 LES COLLECTIONS TRACHEL ET ROTHSCHILD \u00c0 NICE<\/h4>\n<p>Du 24\/11\/2023 au 28\/04\/2024, tous les jours. Le Mus\u00e9e des Beaux-Arts Jules Ch\u00e9ret, le Palais Lascaris, le Mus\u00e9e Mass\u00e9na et la Biblioth\u00e8que de Cessole pr\u00e9sentent l&rsquo;exposition Vivre pour l&rsquo;art.<\/p>\n<p>Les collections Trachel et Rothschild \u00e0 Nice. L&rsquo;exposition met en lumi\u00e8re les \u0153uvres g\u00e9n\u00e9reusement donn\u00e9es \u00e0 la ville de Nice par ces deux grandes familles. Ces dons, effectu\u00e9s entre 1892 et 1912, comprennent plus de mille sept cents \u0153uvres de types vari\u00e9s : objets arch\u00e9ologiques, dessins, aquarelles, peintures, sculptures, estampes, mais aussi mobilier, c\u00e9ramiques et textiles. Ils constituent le noyau des collections mus\u00e9ales de Nice.<\/p>\n<p>Mus\u00e9e des Beaux-Arts Jules Ch\u00e9ret : du 24 novembre 2023 au 28 avril 2024.<br \/>\nPalais Lascaris et Mus\u00e9e Mass\u00e9na : 24 novembre 2023 &#8211; 20 mai 2024<\/p>\n<p>Mus\u00e9e des Beaux-Arts Jules Ch\u00e9ret 33 avenue des Baumettes<\/p>\n<h4>EXPOSITION : ROBERT FORTE \u2013 REGARD SUR LES ALPES SAUVAGES<\/h4>\n<p>Du 18\/11\/2023 au 17\/03\/2024, sauf le 1er janvier et le 25 d\u00e9cembre.<br \/>\nFerm\u00e9 le lundi.<\/p>\n<p>\u00ab\u00a0Un grave incident de la route m&rsquo;a laiss\u00e9 handicap\u00e9. Pour donner un sens \u00e0 ma vie, j&rsquo;ai d\u00e9cid\u00e9 de m&rsquo;orienter vers la photographie naturaliste.\u00a0\u00bb Robert Forte<\/p>\n<p>Originaire de Nice et amateur de montagne, Robert Forte consacre son temps \u00e0 cette passion, qui nous plonge dans le merveilleux monde de la faune sauvage. Pour lui, c&rsquo;est l&rsquo;occasion de s&rsquo;amuser avec les sommets des montagnes ou les couleurs du ciel, et d&rsquo;observer le comportement des animaux dans leur environnement naturel.<\/p>\n<p>Profitons de ces observations et rencontres magiques !<\/p>\n<p>Mus\u00e9e de la Photographie Charles N\u00e8gre (Galerie du Mus\u00e9e)<br \/>\n1 place Pierre Gautier<\/p>\n<h4>LES ELLES DE JEUX<\/h4>\n<p>Du 08\/11\/2023 au 22\/09\/2024, tous les jours.<\/p>\n<p>Le Mus\u00e9e National du Sport pr\u00e9sente Les Elles des Jeux, qui montre les progr\u00e8s spectaculaires r\u00e9alis\u00e9s en plus de 130 ans, depuis la quasi-exclusion des femmes jusqu&rsquo;\u00e0 la lutte pour l&rsquo;\u00e9galit\u00e9.<\/p>\n<p>LE PARCOURS DE L&rsquo;EXPOSITION<\/p>\n<p>Dans une sc\u00e9nographie immersive et interactive, l&rsquo;exposition Les Elles des Jeux retrace plus de 130 ans de notre soci\u00e9t\u00e9 contemporaine \u00e0 travers les histoires de femmes embl\u00e9matiques au destin exemplaire. L&rsquo;exposition est divis\u00e9e en 6 sections, \u00e0 la fois chronologiques et th\u00e9matiques. Avec \u00ab\u00a0Elles ne sont pas les bienvenues\u00a0\u00bb, l&rsquo;exposition commence son voyage dans le temps avec les premiers Jeux Olympiques de l&rsquo;\u00e8re moderne.<\/p>\n<p>Mus\u00e9e National du Sport<br \/>\nBoulevard des Jardiniers &#8211; Stade Allianz Riviera<br \/>\nCS 43 152<\/p>\n<h4>SAISON P\u00c9DAGOGIQUE &amp; HORS LES MURS<\/h4>\n<p>Du 01\/01 au 29\/02\/2024, tous les jours.<\/p>\n<p>Saison p\u00e9dagogique en mai et juin au Conservatoire \u00e0 rayonnement r\u00e9gional de Nice.<\/p>\n<p>VENDREDI 12 JANVIER<br \/>\n18H00 &#8211; L&rsquo;Entre Pont<br \/>\n\u00ab\u00a0LE D\u00c9PARTEMENT DE TH\u00c9\u00c2TRE EN R\u00c9SIDENCE \u00c0 L&rsquo;ENTREPONT<\/p>\n<p>SAMEDI 13 JANVIER<br \/>\n15H &#8211; Mus\u00e9e National Marc Chagall<br \/>\n\u00ab\u00a0CARTA BIANCA AGLI STUDENTI DEL CONSERVATORIO DI NIZZA<\/p>\n<p><a href=\"https:\/\/www.conservatoire-nice.org\/\/\">https:\/\/www.conservatoire-nice.org\/\/<\/a><\/p>\n<h4>Exposition \u00ab\u00a0On est tous fous\u00a0\u00bb de Ben<\/h4>\n<p>LUNDI, MERCREDI, JEUDI, VENDREDI, SAMEDI, DIMANCHE 10-12h30 et 13h30-18h. Mus\u00e9e International d&rsquo;Art Na\u00eff Anatole Jakovsky Avenue de Fabron &#8211; Ch\u00e2teau Sainte-H\u00e9l\u00e8ne &#8211; 06000 Nice +33 (0)4 93 71 78 33<\/p>\n<p><a href=\"https:\/\/www.nice.fr\/fr\/culture\/musees-et-galeries\/musee-d-art-naif\">https:\/\/www.nice.fr\/fr\/culture\/musees-et-galeries\/musee-d-art-naif<\/a><\/p>\n<p><a href=\"https:\/\/www.instagram.com\/monte_carlo_living\/\">Visitez notre page Instagram<\/a><\/p>\n<p><a href=\"https:\/\/montecarloliving.com\/fr\/\">Lisez d&rsquo;autres articles<\/a><\/p>\n","protected":false},"excerpt":{"rendered":"<p>\u00c9v\u00e9nements du week-end \u00e0 Nice, d\u00e9couvrez-les tous !! CONCERT SYMPHONIQUE : L\u2019\u00c2ME RUSSE Samedi 3 f\u00e9vrier 2024 \u00e0 20h. Dimanche 4 f\u00e9vrier 2024 \u00e0 15h. La Russie est un continent musical \u00e0 part enti\u00e8re. De Tcha\u00efkovski \u00e0 Chostakovitch, Lionel Bringuier nous emm\u00e8ne dans un [&hellip;]<\/p>\n","protected":false},"author":1,"featured_media":6500,"comment_status":"closed","ping_status":"closed","sticky":false,"template":"","format":"standard","meta":{"footnotes":""},"categories":[828],"tags":[],"class_list":["post-6954","post","type-post","status-publish","format-standard","has-post-thumbnail","hentry","category-evenements"],"yoast_head":"<!-- This site is optimized with the Yoast SEO plugin v27.5 - https:\/\/yoast.com\/product\/yoast-seo-wordpress\/ -->\n<title>\u00c9v\u00e9nements du week-end du 3 et 4 f\u00e9vrier 2024 \u00e0 Nice.<\/title>\n<meta name=\"description\" content=\"\u00c9v\u00e9nements du week-end \u00e0 Nice, d\u00e9couvrez-les tous !!CONCERT SYMPHONIQUE : L\u2019\u00c2ME RUSSESamedi 3 f\u00e9vrier 2024 \u00e0 20h. Dimanche 4 f\u00e9vrier 2024 \u00e0 15h.\" \/>\n<meta name=\"robots\" content=\"index, follow, max-snippet:-1, max-image-preview:large, max-video-preview:-1\" \/>\n<link rel=\"canonical\" href=\"https:\/\/montecarloliving.com\/fr\/evenements\/evenements-du-week-end-du-3-et-4-fevrier-2024-nice-6954\/\" \/>\n<meta property=\"og:locale\" content=\"fr_FR\" \/>\n<meta property=\"og:title\" content=\"\u00c9v\u00e9nements du week-end du 3 et 4 f\u00e9vrier 2024 \u00e0 Nice.\" \/>\n<meta property=\"og:description\" content=\"\u00c9v\u00e9nements du week-end \u00e0 Nice, d\u00e9couvrez-les tous !!CONCERT SYMPHONIQUE : L\u2019\u00c2ME RUSSESamedi 3 f\u00e9vrier 2024 \u00e0 20h. Dimanche 4 f\u00e9vrier 2024 \u00e0 15h.\" \/>\n<meta property=\"og:url\" content=\"https:\/\/montecarloliving.com\/fr\/evenements\/evenements-du-week-end-du-3-et-4-fevrier-2024-nice-6954\/\" \/>\n<meta property=\"og:site_name\" content=\"Montecarlo Living\" \/>\n<meta property=\"article:publisher\" content=\"https:\/\/www.facebook.com\/montecarlolivingcom\/\" \/>\n<meta property=\"article:published_time\" content=\"2024-02-02T08:30:51+00:00\" \/>\n<meta property=\"og:image\" content=\"https:\/\/montecarloliving.com\/wp-content\/uploads\/2024\/01\/COPERTINA-SITO-MONTECARLO-LIVING-10-650x400.jpg\" \/>\n\t<meta property=\"og:image:width\" content=\"650\" \/>\n\t<meta property=\"og:image:height\" content=\"400\" \/>\n\t<meta property=\"og:image:type\" content=\"image\/jpeg\" \/>\n<meta name=\"author\" content=\"Redazione\" \/>\n<meta name=\"twitter:card\" content=\"summary_large_image\" \/>\n<meta name=\"twitter:creator\" content=\"@MonteCarloLivi\" \/>\n<meta name=\"twitter:site\" content=\"@MonteCarloLivi\" \/>\n<meta name=\"twitter:label1\" content=\"\u00c9crit par\" \/>\n\t<meta name=\"twitter:data1\" content=\"Redazione\" \/>\n\t<meta name=\"twitter:label2\" content=\"Dur\u00e9e de lecture estim\u00e9e\" \/>\n\t<meta name=\"twitter:data2\" content=\"4 minutes\" \/>\n<script type=\"application\/ld+json\" class=\"yoast-schema-graph\">{\"@context\":\"https:\\\/\\\/schema.org\",\"@graph\":[{\"@type\":\"Article\",\"@id\":\"https:\\\/\\\/montecarloliving.com\\\/fr\\\/evenements\\\/evenements-du-week-end-du-3-et-4-fevrier-2024-nice-6954\\\/#article\",\"isPartOf\":{\"@id\":\"https:\\\/\\\/montecarloliving.com\\\/fr\\\/evenements\\\/evenements-du-week-end-du-3-et-4-fevrier-2024-nice-6954\\\/\"},\"author\":{\"name\":\"Redazione\",\"@id\":\"https:\\\/\\\/montecarloliving.com\\\/fr\\\/#\\\/schema\\\/person\\\/7e5945d4560862b7f2d2c6831bda2819\"},\"headline\":\"\u00c9v\u00e9nements du week-end du 3 et 4 f\u00e9vrier 2024 \u00e0 Nice.\",\"datePublished\":\"2024-02-02T08:30:51+00:00\",\"mainEntityOfPage\":{\"@id\":\"https:\\\/\\\/montecarloliving.com\\\/fr\\\/evenements\\\/evenements-du-week-end-du-3-et-4-fevrier-2024-nice-6954\\\/\"},\"wordCount\":793,\"image\":{\"@id\":\"https:\\\/\\\/montecarloliving.com\\\/fr\\\/evenements\\\/evenements-du-week-end-du-3-et-4-fevrier-2024-nice-6954\\\/#primaryimage\"},\"thumbnailUrl\":\"https:\\\/\\\/montecarloliving.com\\\/wp-content\\\/uploads\\\/2024\\\/01\\\/COPERTINA-SITO-MONTECARLO-LIVING-10.jpg\",\"articleSection\":[\"\u00c9v\u00e9nements\"],\"inLanguage\":\"fr-FR\"},{\"@type\":\"WebPage\",\"@id\":\"https:\\\/\\\/montecarloliving.com\\\/fr\\\/evenements\\\/evenements-du-week-end-du-3-et-4-fevrier-2024-nice-6954\\\/\",\"url\":\"https:\\\/\\\/montecarloliving.com\\\/fr\\\/evenements\\\/evenements-du-week-end-du-3-et-4-fevrier-2024-nice-6954\\\/\",\"name\":\"\u00c9v\u00e9nements du week-end du 3 et 4 f\u00e9vrier 2024 \u00e0 Nice.\",\"isPartOf\":{\"@id\":\"https:\\\/\\\/montecarloliving.com\\\/fr\\\/#website\"},\"primaryImageOfPage\":{\"@id\":\"https:\\\/\\\/montecarloliving.com\\\/fr\\\/evenements\\\/evenements-du-week-end-du-3-et-4-fevrier-2024-nice-6954\\\/#primaryimage\"},\"image\":{\"@id\":\"https:\\\/\\\/montecarloliving.com\\\/fr\\\/evenements\\\/evenements-du-week-end-du-3-et-4-fevrier-2024-nice-6954\\\/#primaryimage\"},\"thumbnailUrl\":\"https:\\\/\\\/montecarloliving.com\\\/wp-content\\\/uploads\\\/2024\\\/01\\\/COPERTINA-SITO-MONTECARLO-LIVING-10.jpg\",\"datePublished\":\"2024-02-02T08:30:51+00:00\",\"author\":{\"@id\":\"https:\\\/\\\/montecarloliving.com\\\/fr\\\/#\\\/schema\\\/person\\\/7e5945d4560862b7f2d2c6831bda2819\"},\"description\":\"\u00c9v\u00e9nements du week-end \u00e0 Nice, d\u00e9couvrez-les tous !!CONCERT SYMPHONIQUE : L\u2019\u00c2ME RUSSESamedi 3 f\u00e9vrier 2024 \u00e0 20h. Dimanche 4 f\u00e9vrier 2024 \u00e0 15h.\",\"breadcrumb\":{\"@id\":\"https:\\\/\\\/montecarloliving.com\\\/fr\\\/evenements\\\/evenements-du-week-end-du-3-et-4-fevrier-2024-nice-6954\\\/#breadcrumb\"},\"inLanguage\":\"fr-FR\",\"potentialAction\":[{\"@type\":\"ReadAction\",\"target\":[\"https:\\\/\\\/montecarloliving.com\\\/fr\\\/evenements\\\/evenements-du-week-end-du-3-et-4-fevrier-2024-nice-6954\\\/\"]}]},{\"@type\":\"ImageObject\",\"inLanguage\":\"fr-FR\",\"@id\":\"https:\\\/\\\/montecarloliving.com\\\/fr\\\/evenements\\\/evenements-du-week-end-du-3-et-4-fevrier-2024-nice-6954\\\/#primaryimage\",\"url\":\"https:\\\/\\\/montecarloliving.com\\\/wp-content\\\/uploads\\\/2024\\\/01\\\/COPERTINA-SITO-MONTECARLO-LIVING-10.jpg\",\"contentUrl\":\"https:\\\/\\\/montecarloliving.com\\\/wp-content\\\/uploads\\\/2024\\\/01\\\/COPERTINA-SITO-MONTECARLO-LIVING-10.jpg\",\"width\":2000,\"height\":1200,\"caption\":\"Eventi del Weekend Nizza\"},{\"@type\":\"BreadcrumbList\",\"@id\":\"https:\\\/\\\/montecarloliving.com\\\/fr\\\/evenements\\\/evenements-du-week-end-du-3-et-4-fevrier-2024-nice-6954\\\/#breadcrumb\",\"itemListElement\":[{\"@type\":\"ListItem\",\"position\":1,\"name\":\"Home\",\"item\":\"https:\\\/\\\/montecarloliving.com\\\/fr\\\/\"},{\"@type\":\"ListItem\",\"position\":2,\"name\":\"\u00c9v\u00e9nements du week-end du 3 et 4 f\u00e9vrier 2024 \u00e0 Nice.\"}]},{\"@type\":\"WebSite\",\"@id\":\"https:\\\/\\\/montecarloliving.com\\\/fr\\\/#website\",\"url\":\"https:\\\/\\\/montecarloliving.com\\\/fr\\\/\",\"name\":\"Montecarlo Living\",\"description\":\"News da Montecarlo - Principato di Monaco e Costa Azzurra\",\"potentialAction\":[{\"@type\":\"SearchAction\",\"target\":{\"@type\":\"EntryPoint\",\"urlTemplate\":\"https:\\\/\\\/montecarloliving.com\\\/fr\\\/?s={search_term_string}\"},\"query-input\":{\"@type\":\"PropertyValueSpecification\",\"valueRequired\":true,\"valueName\":\"search_term_string\"}}],\"inLanguage\":\"fr-FR\"},{\"@type\":\"Person\",\"@id\":\"https:\\\/\\\/montecarloliving.com\\\/fr\\\/#\\\/schema\\\/person\\\/7e5945d4560862b7f2d2c6831bda2819\",\"name\":\"Redazione\",\"image\":{\"@type\":\"ImageObject\",\"inLanguage\":\"fr-FR\",\"@id\":\"https:\\\/\\\/secure.gravatar.com\\\/avatar\\\/8b5f26557e18fe74ad8e8a57ebb2925d88af8a90cee489ff2beefb391bc9b9c7?s=96&d=mm&r=g\",\"url\":\"https:\\\/\\\/secure.gravatar.com\\\/avatar\\\/8b5f26557e18fe74ad8e8a57ebb2925d88af8a90cee489ff2beefb391bc9b9c7?s=96&d=mm&r=g\",\"contentUrl\":\"https:\\\/\\\/secure.gravatar.com\\\/avatar\\\/8b5f26557e18fe74ad8e8a57ebb2925d88af8a90cee489ff2beefb391bc9b9c7?s=96&d=mm&r=g\",\"caption\":\"Redazione\"}}]}<\/script>\n<!-- \/ Yoast SEO plugin. -->","yoast_head_json":{"title":"\u00c9v\u00e9nements du week-end du 3 et 4 f\u00e9vrier 2024 \u00e0 Nice.","description":"\u00c9v\u00e9nements du week-end \u00e0 Nice, d\u00e9couvrez-les tous !!CONCERT SYMPHONIQUE : L\u2019\u00c2ME RUSSESamedi 3 f\u00e9vrier 2024 \u00e0 20h. Dimanche 4 f\u00e9vrier 2024 \u00e0 15h.","robots":{"index":"index","follow":"follow","max-snippet":"max-snippet:-1","max-image-preview":"max-image-preview:large","max-video-preview":"max-video-preview:-1"},"canonical":"https:\/\/montecarloliving.com\/fr\/evenements\/evenements-du-week-end-du-3-et-4-fevrier-2024-nice-6954\/","og_locale":"fr_FR","og_title":"\u00c9v\u00e9nements du week-end du 3 et 4 f\u00e9vrier 2024 \u00e0 Nice.","og_description":"\u00c9v\u00e9nements du week-end \u00e0 Nice, d\u00e9couvrez-les tous !!CONCERT SYMPHONIQUE : L\u2019\u00c2ME RUSSESamedi 3 f\u00e9vrier 2024 \u00e0 20h. Dimanche 4 f\u00e9vrier 2024 \u00e0 15h.","og_url":"https:\/\/montecarloliving.com\/fr\/evenements\/evenements-du-week-end-du-3-et-4-fevrier-2024-nice-6954\/","og_site_name":"Montecarlo Living","article_publisher":"https:\/\/www.facebook.com\/montecarlolivingcom\/","article_published_time":"2024-02-02T08:30:51+00:00","og_image":[{"width":650,"height":400,"url":"https:\/\/montecarloliving.com\/wp-content\/uploads\/2024\/01\/COPERTINA-SITO-MONTECARLO-LIVING-10-650x400.jpg","type":"image\/jpeg"}],"author":"Redazione","twitter_card":"summary_large_image","twitter_creator":"@MonteCarloLivi","twitter_site":"@MonteCarloLivi","twitter_misc":{"\u00c9crit par":"Redazione","Dur\u00e9e de lecture estim\u00e9e":"4 minutes"},"schema":{"@context":"https:\/\/schema.org","@graph":[{"@type":"Article","@id":"https:\/\/montecarloliving.com\/fr\/evenements\/evenements-du-week-end-du-3-et-4-fevrier-2024-nice-6954\/#article","isPartOf":{"@id":"https:\/\/montecarloliving.com\/fr\/evenements\/evenements-du-week-end-du-3-et-4-fevrier-2024-nice-6954\/"},"author":{"name":"Redazione","@id":"https:\/\/montecarloliving.com\/fr\/#\/schema\/person\/7e5945d4560862b7f2d2c6831bda2819"},"headline":"\u00c9v\u00e9nements du week-end du 3 et 4 f\u00e9vrier 2024 \u00e0 Nice.","datePublished":"2024-02-02T08:30:51+00:00","mainEntityOfPage":{"@id":"https:\/\/montecarloliving.com\/fr\/evenements\/evenements-du-week-end-du-3-et-4-fevrier-2024-nice-6954\/"},"wordCount":793,"image":{"@id":"https:\/\/montecarloliving.com\/fr\/evenements\/evenements-du-week-end-du-3-et-4-fevrier-2024-nice-6954\/#primaryimage"},"thumbnailUrl":"https:\/\/montecarloliving.com\/wp-content\/uploads\/2024\/01\/COPERTINA-SITO-MONTECARLO-LIVING-10.jpg","articleSection":["\u00c9v\u00e9nements"],"inLanguage":"fr-FR"},{"@type":"WebPage","@id":"https:\/\/montecarloliving.com\/fr\/evenements\/evenements-du-week-end-du-3-et-4-fevrier-2024-nice-6954\/","url":"https:\/\/montecarloliving.com\/fr\/evenements\/evenements-du-week-end-du-3-et-4-fevrier-2024-nice-6954\/","name":"\u00c9v\u00e9nements du week-end du 3 et 4 f\u00e9vrier 2024 \u00e0 Nice.","isPartOf":{"@id":"https:\/\/montecarloliving.com\/fr\/#website"},"primaryImageOfPage":{"@id":"https:\/\/montecarloliving.com\/fr\/evenements\/evenements-du-week-end-du-3-et-4-fevrier-2024-nice-6954\/#primaryimage"},"image":{"@id":"https:\/\/montecarloliving.com\/fr\/evenements\/evenements-du-week-end-du-3-et-4-fevrier-2024-nice-6954\/#primaryimage"},"thumbnailUrl":"https:\/\/montecarloliving.com\/wp-content\/uploads\/2024\/01\/COPERTINA-SITO-MONTECARLO-LIVING-10.jpg","datePublished":"2024-02-02T08:30:51+00:00","author":{"@id":"https:\/\/montecarloliving.com\/fr\/#\/schema\/person\/7e5945d4560862b7f2d2c6831bda2819"},"description":"\u00c9v\u00e9nements du week-end \u00e0 Nice, d\u00e9couvrez-les tous !!CONCERT SYMPHONIQUE : L\u2019\u00c2ME RUSSESamedi 3 f\u00e9vrier 2024 \u00e0 20h. Dimanche 4 f\u00e9vrier 2024 \u00e0 15h.","breadcrumb":{"@id":"https:\/\/montecarloliving.com\/fr\/evenements\/evenements-du-week-end-du-3-et-4-fevrier-2024-nice-6954\/#breadcrumb"},"inLanguage":"fr-FR","potentialAction":[{"@type":"ReadAction","target":["https:\/\/montecarloliving.com\/fr\/evenements\/evenements-du-week-end-du-3-et-4-fevrier-2024-nice-6954\/"]}]},{"@type":"ImageObject","inLanguage":"fr-FR","@id":"https:\/\/montecarloliving.com\/fr\/evenements\/evenements-du-week-end-du-3-et-4-fevrier-2024-nice-6954\/#primaryimage","url":"https:\/\/montecarloliving.com\/wp-content\/uploads\/2024\/01\/COPERTINA-SITO-MONTECARLO-LIVING-10.jpg","contentUrl":"https:\/\/montecarloliving.com\/wp-content\/uploads\/2024\/01\/COPERTINA-SITO-MONTECARLO-LIVING-10.jpg","width":2000,"height":1200,"caption":"Eventi del Weekend Nizza"},{"@type":"BreadcrumbList","@id":"https:\/\/montecarloliving.com\/fr\/evenements\/evenements-du-week-end-du-3-et-4-fevrier-2024-nice-6954\/#breadcrumb","itemListElement":[{"@type":"ListItem","position":1,"name":"Home","item":"https:\/\/montecarloliving.com\/fr\/"},{"@type":"ListItem","position":2,"name":"\u00c9v\u00e9nements du week-end du 3 et 4 f\u00e9vrier 2024 \u00e0 Nice."}]},{"@type":"WebSite","@id":"https:\/\/montecarloliving.com\/fr\/#website","url":"https:\/\/montecarloliving.com\/fr\/","name":"Montecarlo Living","description":"News da Montecarlo - Principato di Monaco e Costa Azzurra","potentialAction":[{"@type":"SearchAction","target":{"@type":"EntryPoint","urlTemplate":"https:\/\/montecarloliving.com\/fr\/?s={search_term_string}"},"query-input":{"@type":"PropertyValueSpecification","valueRequired":true,"valueName":"search_term_string"}}],"inLanguage":"fr-FR"},{"@type":"Person","@id":"https:\/\/montecarloliving.com\/fr\/#\/schema\/person\/7e5945d4560862b7f2d2c6831bda2819","name":"Redazione","image":{"@type":"ImageObject","inLanguage":"fr-FR","@id":"https:\/\/secure.gravatar.com\/avatar\/8b5f26557e18fe74ad8e8a57ebb2925d88af8a90cee489ff2beefb391bc9b9c7?s=96&d=mm&r=g","url":"https:\/\/secure.gravatar.com\/avatar\/8b5f26557e18fe74ad8e8a57ebb2925d88af8a90cee489ff2beefb391bc9b9c7?s=96&d=mm&r=g","contentUrl":"https:\/\/secure.gravatar.com\/avatar\/8b5f26557e18fe74ad8e8a57ebb2925d88af8a90cee489ff2beefb391bc9b9c7?s=96&d=mm&r=g","caption":"Redazione"}}]}},"_links":{"self":[{"href":"https:\/\/montecarloliving.com\/fr\/wp-json\/wp\/v2\/posts\/6954","targetHints":{"allow":["GET"]}}],"collection":[{"href":"https:\/\/montecarloliving.com\/fr\/wp-json\/wp\/v2\/posts"}],"about":[{"href":"https:\/\/montecarloliving.com\/fr\/wp-json\/wp\/v2\/types\/post"}],"author":[{"embeddable":true,"href":"https:\/\/montecarloliving.com\/fr\/wp-json\/wp\/v2\/users\/1"}],"replies":[{"embeddable":true,"href":"https:\/\/montecarloliving.com\/fr\/wp-json\/wp\/v2\/comments?post=6954"}],"version-history":[{"count":1,"href":"https:\/\/montecarloliving.com\/fr\/wp-json\/wp\/v2\/posts\/6954\/revisions"}],"predecessor-version":[{"id":7265,"href":"https:\/\/montecarloliving.com\/fr\/wp-json\/wp\/v2\/posts\/6954\/revisions\/7265"}],"wp:featuredmedia":[{"embeddable":true,"href":"https:\/\/montecarloliving.com\/fr\/wp-json\/wp\/v2\/media\/6500"}],"wp:attachment":[{"href":"https:\/\/montecarloliving.com\/fr\/wp-json\/wp\/v2\/media?parent=6954"}],"wp:term":[{"taxonomy":"category","embeddable":true,"href":"https:\/\/montecarloliving.com\/fr\/wp-json\/wp\/v2\/categories?post=6954"},{"taxonomy":"post_tag","embeddable":true,"href":"https:\/\/montecarloliving.com\/fr\/wp-json\/wp\/v2\/tags?post=6954"}],"curies":[{"name":"wp","href":"https:\/\/api.w.org\/{rel}","templated":true}]}}