{"id":6897,"date":"2024-01-29T08:24:36","date_gmt":"2024-01-29T07:24:36","guid":{"rendered":"https:\/\/montecarloliving.com\/?p=6897"},"modified":"2024-01-26T12:34:32","modified_gmt":"2024-01-26T11:34:32","slug":"visite-de-limmeuble-domanial-les-melezes-et-de-sa-surelevation","status":"publish","type":"post","link":"https:\/\/montecarloliving.com\/fr\/actualite\/visite-de-limmeuble-domanial-les-melezes-et-de-sa-surelevation-6897\/","title":{"rendered":"Visite de l\u2019immeuble domanial \u00ab Les M\u00e9l\u00e8zes \u00bb et de sa sur\u00e9l\u00e9vation"},"content":{"rendered":"<p><strong>Le 25 janvier 2024, les Conseillers de Gouvernement-Ministres Marco PICCININI (Finances et Economie) et C\u00e9line CARON-DAGIONI (Equipement, Environnement et Urbanisme), ont accueilli Brigitte BOCCONE-PAGES, Pr\u00e9sidente du Conseil National et les Conseillers Nationaux Jade AUREGLIA, Maryse BATTAGLIA, Marie-No\u00eblle GIBELLI, Marine HUGONNET-GRISOUL et Franck JULIEN* pour une visite de l\u2019immeuble domanial \u00ab Les M\u00e9l\u00e8zes \u00bb.<\/strong><\/p>\n<p>Ce b\u00e2timent a fait l\u2019objet d\u2019une part, d\u2019une r\u00e9novation cons\u00e9quente en 2021 et 2022 et, d\u2019autre part, d\u2019une sur\u00e9l\u00e9vation, permettant la livraison de 14 appartements inscrits au plan national pour le logement des Mon\u00e9gasques.<br \/>\nLa d\u00e9l\u00e9gation a ainsi pu d\u00e9couvrir la qualit\u00e9 de la r\u00e9novation du hall d\u2019entr\u00e9e et des parties communes et a pu visiter les appartements r\u00e9cemment livr\u00e9s.<br \/>\nDans un premier temps, il a \u00e9t\u00e9 proc\u00e9d\u00e9 \u00e0 une r\u00e9novation de l\u2019immeuble avec pour objectif d\u2019am\u00e9liorer le bilan \u00e9nerg\u00e9tique et les dispositifs de s\u00e9curit\u00e9 incendie de cet ensemble domanial d\u2019ancienne g\u00e9n\u00e9ration mais \u00e9galement d\u2019offrir un meilleur confort pour ses occupants.<br \/>\nLa mise en place d\u2019une isolation thermique ext\u00e9rieure combin\u00e9e au remplacement des fen\u00eatres a \u00e9t\u00e9 accompagn\u00e9e par une \u00e9volution du mode de chauffage, dans un premier temps du fuel vers le gaz puis vers le r\u00e9seau de chaud et froid urbain. L\u2019immeuble et sa sur\u00e9l\u00e9vation sont dor\u00e9navant moins consommateurs d\u2019\u00e9nergie au regard des consommations pass\u00e9es. Les appartements sont mieux isol\u00e9s d\u2019un point de vue thermique et acoustique.<br \/>\nEn outre, des am\u00e9liorations pratiques, pour un meilleur confort des r\u00e9sidents, ont \u00e9t\u00e9 cr\u00e9\u00e9es par la mise aux normes des bo\u00eetes \u00e0 lettres, l\u2019installation tr\u00e8s appr\u00e9ci\u00e9e d\u2019un monte-personne d\u00e8s l\u2019entr\u00e9e de l\u2019immeuble, l\u2019accessibilit\u00e9 \u00e0 un local poubelle conforme aux exigences de tri, la pose d\u2019un vid\u00e9ophone et de luminaires sur les balcons.<br \/>\nDans un second temps, la sur\u00e9l\u00e9vation du b\u00e2timent de deux \u00e9tages a \u00e9t\u00e9 mise en \u0153uvre et confi\u00e9e au Promoteur J.B Pastor &amp; Fils, \u00e0 l\u2019origine du programme des travaux de r\u00e9novation. Elle constitue une solution innovante et in\u00e9dite pour une op\u00e9ration domaniale en ce que les logements sont compos\u00e9s de modules pr\u00e9fabriqu\u00e9s en usine, contrairement aux m\u00e9thodes traditionnelles, transport\u00e9s puis assembl\u00e9s directement sur site.<br \/>\nLes 14 appartements de typologie F2, comportant des cuisines enti\u00e8rement \u00e9quip\u00e9es, ont pu \u00eatre visit\u00e9s tr\u00e8s r\u00e9cemment par les attributaires qui, ayant pu appr\u00e9cier la qualit\u00e9 des logements, leur exposition et leur am\u00e9nagement optimis\u00e9s, les ont tous accept\u00e9s.<\/p>\n<h6>\n* Ils \u00e9taient accompagn\u00e9s d\u2019Alexis POYET, Chef de Cabinet et de Virginie VECCHIERINI, Charg\u00e9e des Affaires Soc<\/h6>\n","protected":false},"excerpt":{"rendered":"<p>Le 25 janvier 2024, les Conseillers de Gouvernement-Ministres Marco PICCININI (Finances et Economie) et C\u00e9line CARON-DAGIONI (Equipement, Environnement et Urbanisme), ont accueilli Brigitte BOCCONE-PAGES, Pr\u00e9sidente du Conseil National et les Conseillers Nationaux Jade AUREGLIA, Maryse BATTAGLIA, Marie-No\u00eblle GIBELLI, Marine HUGONNET-GRISOUL et Franck JULIEN* pour [&hellip;]<\/p>\n","protected":false},"author":1,"featured_media":6895,"comment_status":"closed","ping_status":"closed","sticky":false,"template":"","format":"standard","meta":{"footnotes":""},"categories":[827],"tags":[],"class_list":["post-6897","post","type-post","status-publish","format-standard","has-post-thumbnail","hentry","category-actualite"],"yoast_head":"<!-- This site is optimized with the Yoast SEO plugin v27.4 - https:\/\/yoast.com\/product\/yoast-seo-wordpress\/ -->\n<title>Visite de l\u2019immeuble domanial \u00ab Les M\u00e9l\u00e8zes \u00bb et de sa sur\u00e9l\u00e9vation<\/title>\n<meta name=\"description\" content=\"Le 25 janvier 2024, les Conseillers de Gouvernement-Ministres Marco PICCININI (Finances et Economie) et C\u00e9line CARON-DAGIONI (Equipement, Environnement et\" \/>\n<meta name=\"robots\" content=\"index, follow, max-snippet:-1, max-image-preview:large, max-video-preview:-1\" \/>\n<link rel=\"canonical\" href=\"https:\/\/montecarloliving.com\/fr\/actualite\/visite-de-limmeuble-domanial-les-melezes-et-de-sa-surelevation-6897\/\" \/>\n<meta property=\"og:locale\" content=\"fr_FR\" \/>\n<meta property=\"og:title\" content=\"Visite de l\u2019immeuble domanial \u00ab Les M\u00e9l\u00e8zes \u00bb et de sa sur\u00e9l\u00e9vation\" \/>\n<meta property=\"og:description\" content=\"Le 25 janvier 2024, les Conseillers de Gouvernement-Ministres Marco PICCININI (Finances et Economie) et C\u00e9line CARON-DAGIONI (Equipement, Environnement et\" \/>\n<meta property=\"og:url\" content=\"https:\/\/montecarloliving.com\/fr\/actualite\/visite-de-limmeuble-domanial-les-melezes-et-de-sa-surelevation-6897\/\" \/>\n<meta property=\"og:site_name\" content=\"Montecarlo Living\" \/>\n<meta property=\"article:publisher\" content=\"https:\/\/www.facebook.com\/montecarlolivingcom\/\" \/>\n<meta property=\"article:published_time\" content=\"2024-01-29T07:24:36+00:00\" \/>\n<meta property=\"og:image\" content=\"https:\/\/montecarloliving.com\/wp-content\/uploads\/2024\/01\/Visite-des-Melezes-\u00a9Direction-de-la-Communication-Manuel-Vitali-650x400.jpg\" \/>\n\t<meta property=\"og:image:width\" content=\"650\" \/>\n\t<meta property=\"og:image:height\" content=\"400\" \/>\n\t<meta property=\"og:image:type\" content=\"image\/jpeg\" \/>\n<meta name=\"author\" content=\"Redazione\" \/>\n<meta name=\"twitter:card\" content=\"summary_large_image\" \/>\n<meta name=\"twitter:creator\" content=\"@MonteCarloLivi\" \/>\n<meta name=\"twitter:site\" content=\"@MonteCarloLivi\" \/>\n<meta name=\"twitter:label1\" content=\"\u00c9crit par\" \/>\n\t<meta name=\"twitter:data1\" content=\"Redazione\" \/>\n\t<meta name=\"twitter:label2\" content=\"Dur\u00e9e de lecture estim\u00e9e\" \/>\n\t<meta name=\"twitter:data2\" content=\"3 minutes\" \/>\n<script type=\"application\/ld+json\" class=\"yoast-schema-graph\">{\"@context\":\"https:\\\/\\\/schema.org\",\"@graph\":[{\"@type\":\"Article\",\"@id\":\"https:\\\/\\\/montecarloliving.com\\\/fr\\\/actualite\\\/visite-de-limmeuble-domanial-les-melezes-et-de-sa-surelevation-6897\\\/#article\",\"isPartOf\":{\"@id\":\"https:\\\/\\\/montecarloliving.com\\\/fr\\\/actualite\\\/visite-de-limmeuble-domanial-les-melezes-et-de-sa-surelevation-6897\\\/\"},\"author\":{\"name\":\"Redazione\",\"@id\":\"https:\\\/\\\/montecarloliving.com\\\/fr\\\/#\\\/schema\\\/person\\\/7e5945d4560862b7f2d2c6831bda2819\"},\"headline\":\"Visite de l\u2019immeuble domanial \u00ab Les M\u00e9l\u00e8zes \u00bb et de sa sur\u00e9l\u00e9vation\",\"datePublished\":\"2024-01-29T07:24:36+00:00\",\"mainEntityOfPage\":{\"@id\":\"https:\\\/\\\/montecarloliving.com\\\/fr\\\/actualite\\\/visite-de-limmeuble-domanial-les-melezes-et-de-sa-surelevation-6897\\\/\"},\"wordCount\":488,\"image\":{\"@id\":\"https:\\\/\\\/montecarloliving.com\\\/fr\\\/actualite\\\/visite-de-limmeuble-domanial-les-melezes-et-de-sa-surelevation-6897\\\/#primaryimage\"},\"thumbnailUrl\":\"https:\\\/\\\/montecarloliving.com\\\/wp-content\\\/uploads\\\/2024\\\/01\\\/Visite-des-Melezes-\u00a9Direction-de-la-Communication-Manuel-Vitali-scaled.jpg\",\"articleSection\":[\"Actualit\u00e9\"],\"inLanguage\":\"fr-FR\"},{\"@type\":\"WebPage\",\"@id\":\"https:\\\/\\\/montecarloliving.com\\\/fr\\\/actualite\\\/visite-de-limmeuble-domanial-les-melezes-et-de-sa-surelevation-6897\\\/\",\"url\":\"https:\\\/\\\/montecarloliving.com\\\/fr\\\/actualite\\\/visite-de-limmeuble-domanial-les-melezes-et-de-sa-surelevation-6897\\\/\",\"name\":\"Visite de l\u2019immeuble domanial \u00ab Les M\u00e9l\u00e8zes \u00bb et de sa sur\u00e9l\u00e9vation\",\"isPartOf\":{\"@id\":\"https:\\\/\\\/montecarloliving.com\\\/fr\\\/#website\"},\"primaryImageOfPage\":{\"@id\":\"https:\\\/\\\/montecarloliving.com\\\/fr\\\/actualite\\\/visite-de-limmeuble-domanial-les-melezes-et-de-sa-surelevation-6897\\\/#primaryimage\"},\"image\":{\"@id\":\"https:\\\/\\\/montecarloliving.com\\\/fr\\\/actualite\\\/visite-de-limmeuble-domanial-les-melezes-et-de-sa-surelevation-6897\\\/#primaryimage\"},\"thumbnailUrl\":\"https:\\\/\\\/montecarloliving.com\\\/wp-content\\\/uploads\\\/2024\\\/01\\\/Visite-des-Melezes-\u00a9Direction-de-la-Communication-Manuel-Vitali-scaled.jpg\",\"datePublished\":\"2024-01-29T07:24:36+00:00\",\"author\":{\"@id\":\"https:\\\/\\\/montecarloliving.com\\\/fr\\\/#\\\/schema\\\/person\\\/7e5945d4560862b7f2d2c6831bda2819\"},\"description\":\"Le 25 janvier 2024, les Conseillers de Gouvernement-Ministres Marco PICCININI (Finances et Economie) et C\u00e9line CARON-DAGIONI (Equipement, Environnement et\",\"breadcrumb\":{\"@id\":\"https:\\\/\\\/montecarloliving.com\\\/fr\\\/actualite\\\/visite-de-limmeuble-domanial-les-melezes-et-de-sa-surelevation-6897\\\/#breadcrumb\"},\"inLanguage\":\"fr-FR\",\"potentialAction\":[{\"@type\":\"ReadAction\",\"target\":[\"https:\\\/\\\/montecarloliving.com\\\/fr\\\/actualite\\\/visite-de-limmeuble-domanial-les-melezes-et-de-sa-surelevation-6897\\\/\"]}]},{\"@type\":\"ImageObject\",\"inLanguage\":\"fr-FR\",\"@id\":\"https:\\\/\\\/montecarloliving.com\\\/fr\\\/actualite\\\/visite-de-limmeuble-domanial-les-melezes-et-de-sa-surelevation-6897\\\/#primaryimage\",\"url\":\"https:\\\/\\\/montecarloliving.com\\\/wp-content\\\/uploads\\\/2024\\\/01\\\/Visite-des-Melezes-\u00a9Direction-de-la-Communication-Manuel-Vitali-scaled.jpg\",\"contentUrl\":\"https:\\\/\\\/montecarloliving.com\\\/wp-content\\\/uploads\\\/2024\\\/01\\\/Visite-des-Melezes-\u00a9Direction-de-la-Communication-Manuel-Vitali-scaled.jpg\",\"width\":2560,\"height\":1707},{\"@type\":\"BreadcrumbList\",\"@id\":\"https:\\\/\\\/montecarloliving.com\\\/fr\\\/actualite\\\/visite-de-limmeuble-domanial-les-melezes-et-de-sa-surelevation-6897\\\/#breadcrumb\",\"itemListElement\":[{\"@type\":\"ListItem\",\"position\":1,\"name\":\"Home\",\"item\":\"https:\\\/\\\/montecarloliving.com\\\/fr\\\/\"},{\"@type\":\"ListItem\",\"position\":2,\"name\":\"Visite de l\u2019immeuble domanial \u00ab Les M\u00e9l\u00e8zes \u00bb et de sa sur\u00e9l\u00e9vation\"}]},{\"@type\":\"WebSite\",\"@id\":\"https:\\\/\\\/montecarloliving.com\\\/fr\\\/#website\",\"url\":\"https:\\\/\\\/montecarloliving.com\\\/fr\\\/\",\"name\":\"Montecarlo Living\",\"description\":\"News da Montecarlo - Principato di Monaco e Costa Azzurra\",\"potentialAction\":[{\"@type\":\"SearchAction\",\"target\":{\"@type\":\"EntryPoint\",\"urlTemplate\":\"https:\\\/\\\/montecarloliving.com\\\/fr\\\/?s={search_term_string}\"},\"query-input\":{\"@type\":\"PropertyValueSpecification\",\"valueRequired\":true,\"valueName\":\"search_term_string\"}}],\"inLanguage\":\"fr-FR\"},{\"@type\":\"Person\",\"@id\":\"https:\\\/\\\/montecarloliving.com\\\/fr\\\/#\\\/schema\\\/person\\\/7e5945d4560862b7f2d2c6831bda2819\",\"name\":\"Redazione\",\"image\":{\"@type\":\"ImageObject\",\"inLanguage\":\"fr-FR\",\"@id\":\"https:\\\/\\\/secure.gravatar.com\\\/avatar\\\/8b5f26557e18fe74ad8e8a57ebb2925d88af8a90cee489ff2beefb391bc9b9c7?s=96&d=mm&r=g\",\"url\":\"https:\\\/\\\/secure.gravatar.com\\\/avatar\\\/8b5f26557e18fe74ad8e8a57ebb2925d88af8a90cee489ff2beefb391bc9b9c7?s=96&d=mm&r=g\",\"contentUrl\":\"https:\\\/\\\/secure.gravatar.com\\\/avatar\\\/8b5f26557e18fe74ad8e8a57ebb2925d88af8a90cee489ff2beefb391bc9b9c7?s=96&d=mm&r=g\",\"caption\":\"Redazione\"}}]}<\/script>\n<!-- \/ Yoast SEO plugin. -->","yoast_head_json":{"title":"Visite de l\u2019immeuble domanial \u00ab Les M\u00e9l\u00e8zes \u00bb et de sa sur\u00e9l\u00e9vation","description":"Le 25 janvier 2024, les Conseillers de Gouvernement-Ministres Marco PICCININI (Finances et Economie) et C\u00e9line CARON-DAGIONI (Equipement, Environnement et","robots":{"index":"index","follow":"follow","max-snippet":"max-snippet:-1","max-image-preview":"max-image-preview:large","max-video-preview":"max-video-preview:-1"},"canonical":"https:\/\/montecarloliving.com\/fr\/actualite\/visite-de-limmeuble-domanial-les-melezes-et-de-sa-surelevation-6897\/","og_locale":"fr_FR","og_title":"Visite de l\u2019immeuble domanial \u00ab Les M\u00e9l\u00e8zes \u00bb et de sa sur\u00e9l\u00e9vation","og_description":"Le 25 janvier 2024, les Conseillers de Gouvernement-Ministres Marco PICCININI (Finances et Economie) et C\u00e9line CARON-DAGIONI (Equipement, Environnement et","og_url":"https:\/\/montecarloliving.com\/fr\/actualite\/visite-de-limmeuble-domanial-les-melezes-et-de-sa-surelevation-6897\/","og_site_name":"Montecarlo Living","article_publisher":"https:\/\/www.facebook.com\/montecarlolivingcom\/","article_published_time":"2024-01-29T07:24:36+00:00","og_image":[{"width":650,"height":400,"url":"https:\/\/montecarloliving.com\/wp-content\/uploads\/2024\/01\/Visite-des-Melezes-\u00a9Direction-de-la-Communication-Manuel-Vitali-650x400.jpg","type":"image\/jpeg"}],"author":"Redazione","twitter_card":"summary_large_image","twitter_creator":"@MonteCarloLivi","twitter_site":"@MonteCarloLivi","twitter_misc":{"\u00c9crit par":"Redazione","Dur\u00e9e de lecture estim\u00e9e":"3 minutes"},"schema":{"@context":"https:\/\/schema.org","@graph":[{"@type":"Article","@id":"https:\/\/montecarloliving.com\/fr\/actualite\/visite-de-limmeuble-domanial-les-melezes-et-de-sa-surelevation-6897\/#article","isPartOf":{"@id":"https:\/\/montecarloliving.com\/fr\/actualite\/visite-de-limmeuble-domanial-les-melezes-et-de-sa-surelevation-6897\/"},"author":{"name":"Redazione","@id":"https:\/\/montecarloliving.com\/fr\/#\/schema\/person\/7e5945d4560862b7f2d2c6831bda2819"},"headline":"Visite de l\u2019immeuble domanial \u00ab Les M\u00e9l\u00e8zes \u00bb et de sa sur\u00e9l\u00e9vation","datePublished":"2024-01-29T07:24:36+00:00","mainEntityOfPage":{"@id":"https:\/\/montecarloliving.com\/fr\/actualite\/visite-de-limmeuble-domanial-les-melezes-et-de-sa-surelevation-6897\/"},"wordCount":488,"image":{"@id":"https:\/\/montecarloliving.com\/fr\/actualite\/visite-de-limmeuble-domanial-les-melezes-et-de-sa-surelevation-6897\/#primaryimage"},"thumbnailUrl":"https:\/\/montecarloliving.com\/wp-content\/uploads\/2024\/01\/Visite-des-Melezes-\u00a9Direction-de-la-Communication-Manuel-Vitali-scaled.jpg","articleSection":["Actualit\u00e9"],"inLanguage":"fr-FR"},{"@type":"WebPage","@id":"https:\/\/montecarloliving.com\/fr\/actualite\/visite-de-limmeuble-domanial-les-melezes-et-de-sa-surelevation-6897\/","url":"https:\/\/montecarloliving.com\/fr\/actualite\/visite-de-limmeuble-domanial-les-melezes-et-de-sa-surelevation-6897\/","name":"Visite de l\u2019immeuble domanial \u00ab Les M\u00e9l\u00e8zes \u00bb et de sa sur\u00e9l\u00e9vation","isPartOf":{"@id":"https:\/\/montecarloliving.com\/fr\/#website"},"primaryImageOfPage":{"@id":"https:\/\/montecarloliving.com\/fr\/actualite\/visite-de-limmeuble-domanial-les-melezes-et-de-sa-surelevation-6897\/#primaryimage"},"image":{"@id":"https:\/\/montecarloliving.com\/fr\/actualite\/visite-de-limmeuble-domanial-les-melezes-et-de-sa-surelevation-6897\/#primaryimage"},"thumbnailUrl":"https:\/\/montecarloliving.com\/wp-content\/uploads\/2024\/01\/Visite-des-Melezes-\u00a9Direction-de-la-Communication-Manuel-Vitali-scaled.jpg","datePublished":"2024-01-29T07:24:36+00:00","author":{"@id":"https:\/\/montecarloliving.com\/fr\/#\/schema\/person\/7e5945d4560862b7f2d2c6831bda2819"},"description":"Le 25 janvier 2024, les Conseillers de Gouvernement-Ministres Marco PICCININI (Finances et Economie) et C\u00e9line CARON-DAGIONI (Equipement, Environnement et","breadcrumb":{"@id":"https:\/\/montecarloliving.com\/fr\/actualite\/visite-de-limmeuble-domanial-les-melezes-et-de-sa-surelevation-6897\/#breadcrumb"},"inLanguage":"fr-FR","potentialAction":[{"@type":"ReadAction","target":["https:\/\/montecarloliving.com\/fr\/actualite\/visite-de-limmeuble-domanial-les-melezes-et-de-sa-surelevation-6897\/"]}]},{"@type":"ImageObject","inLanguage":"fr-FR","@id":"https:\/\/montecarloliving.com\/fr\/actualite\/visite-de-limmeuble-domanial-les-melezes-et-de-sa-surelevation-6897\/#primaryimage","url":"https:\/\/montecarloliving.com\/wp-content\/uploads\/2024\/01\/Visite-des-Melezes-\u00a9Direction-de-la-Communication-Manuel-Vitali-scaled.jpg","contentUrl":"https:\/\/montecarloliving.com\/wp-content\/uploads\/2024\/01\/Visite-des-Melezes-\u00a9Direction-de-la-Communication-Manuel-Vitali-scaled.jpg","width":2560,"height":1707},{"@type":"BreadcrumbList","@id":"https:\/\/montecarloliving.com\/fr\/actualite\/visite-de-limmeuble-domanial-les-melezes-et-de-sa-surelevation-6897\/#breadcrumb","itemListElement":[{"@type":"ListItem","position":1,"name":"Home","item":"https:\/\/montecarloliving.com\/fr\/"},{"@type":"ListItem","position":2,"name":"Visite de l\u2019immeuble domanial \u00ab Les M\u00e9l\u00e8zes \u00bb et de sa sur\u00e9l\u00e9vation"}]},{"@type":"WebSite","@id":"https:\/\/montecarloliving.com\/fr\/#website","url":"https:\/\/montecarloliving.com\/fr\/","name":"Montecarlo Living","description":"News da Montecarlo - Principato di Monaco e Costa Azzurra","potentialAction":[{"@type":"SearchAction","target":{"@type":"EntryPoint","urlTemplate":"https:\/\/montecarloliving.com\/fr\/?s={search_term_string}"},"query-input":{"@type":"PropertyValueSpecification","valueRequired":true,"valueName":"search_term_string"}}],"inLanguage":"fr-FR"},{"@type":"Person","@id":"https:\/\/montecarloliving.com\/fr\/#\/schema\/person\/7e5945d4560862b7f2d2c6831bda2819","name":"Redazione","image":{"@type":"ImageObject","inLanguage":"fr-FR","@id":"https:\/\/secure.gravatar.com\/avatar\/8b5f26557e18fe74ad8e8a57ebb2925d88af8a90cee489ff2beefb391bc9b9c7?s=96&d=mm&r=g","url":"https:\/\/secure.gravatar.com\/avatar\/8b5f26557e18fe74ad8e8a57ebb2925d88af8a90cee489ff2beefb391bc9b9c7?s=96&d=mm&r=g","contentUrl":"https:\/\/secure.gravatar.com\/avatar\/8b5f26557e18fe74ad8e8a57ebb2925d88af8a90cee489ff2beefb391bc9b9c7?s=96&d=mm&r=g","caption":"Redazione"}}]}},"_links":{"self":[{"href":"https:\/\/montecarloliving.com\/fr\/wp-json\/wp\/v2\/posts\/6897","targetHints":{"allow":["GET"]}}],"collection":[{"href":"https:\/\/montecarloliving.com\/fr\/wp-json\/wp\/v2\/posts"}],"about":[{"href":"https:\/\/montecarloliving.com\/fr\/wp-json\/wp\/v2\/types\/post"}],"author":[{"embeddable":true,"href":"https:\/\/montecarloliving.com\/fr\/wp-json\/wp\/v2\/users\/1"}],"replies":[{"embeddable":true,"href":"https:\/\/montecarloliving.com\/fr\/wp-json\/wp\/v2\/comments?post=6897"}],"version-history":[{"count":1,"href":"https:\/\/montecarloliving.com\/fr\/wp-json\/wp\/v2\/posts\/6897\/revisions"}],"predecessor-version":[{"id":6898,"href":"https:\/\/montecarloliving.com\/fr\/wp-json\/wp\/v2\/posts\/6897\/revisions\/6898"}],"wp:featuredmedia":[{"embeddable":true,"href":"https:\/\/montecarloliving.com\/fr\/wp-json\/wp\/v2\/media\/6895"}],"wp:attachment":[{"href":"https:\/\/montecarloliving.com\/fr\/wp-json\/wp\/v2\/media?parent=6897"}],"wp:term":[{"taxonomy":"category","embeddable":true,"href":"https:\/\/montecarloliving.com\/fr\/wp-json\/wp\/v2\/categories?post=6897"},{"taxonomy":"post_tag","embeddable":true,"href":"https:\/\/montecarloliving.com\/fr\/wp-json\/wp\/v2\/tags?post=6897"}],"curies":[{"name":"wp","href":"https:\/\/api.w.org\/{rel}","templated":true}]}}