{"id":6880,"date":"2024-01-26T08:48:42","date_gmt":"2024-01-26T07:48:42","guid":{"rendered":"https:\/\/montecarloliving.com\/?p=6880"},"modified":"2024-01-26T10:00:11","modified_gmt":"2024-01-26T09:00:11","slug":"5eme-reunion-pleniere-du-comite-pour-promotion-et-protection-des-droits-des-femmes-une-mobilisation-constante","status":"publish","type":"post","link":"https:\/\/montecarloliving.com\/fr\/actualite\/5eme-reunion-pleniere-du-comite-pour-promotion-et-protection-des-droits-des-femmes-une-mobilisation-constante-6880\/","title":{"rendered":"5\u00e8me r\u00e9union pl\u00e9ni\u00e8re du Comit\u00e9 pour la promotion et la protection des droits des  femmes \u2013 Une mobilisation constante"},"content":{"rendered":"<p>Le Comit\u00e9 pour la promotion et la protection des droits des femmes a pr\u00e9sent\u00e9 son cinqui\u00e8me rapport d\u2019activit\u00e9 annuel qui retrace l\u2019ensemble des travaux effectu\u00e9s en 2023 lors de sa r\u00e9union pl\u00e9ni\u00e8re, pr\u00e9sid\u00e9e par Isabelle BERRO-AMADEI, Conseiller de Gouvernement-Ministre des Relations Ext\u00e9rieures et de la Coop\u00e9ration et en pr\u00e9sence des repr\u00e9sentants des institutions mon\u00e9gasques, de la Direction des services judiciaires, des services de l\u2019Etat et des associations \u0153uvrant en faveur des droits des femmes. En introduction de la s\u00e9ance, Isabelle BERRO-AMADEI a rappel\u00e9 que \u00ab dans un monde en souffrance, meurtri par les conflits, les crises sanitaires et climatiques, les femmes sont de plus en plus victimes de violences et de discriminations. Il nous revient, plus que jamais, de rester vigilants \u00bb. Elle a soulign\u00e9 \u00e0 cette occasion, les actions de la Coop\u00e9ration internationale et l\u2019engagement de la diplomatie mon\u00e9gasque dans les diff\u00e9rentes enceintes internationales en faveur des droits des femmes.<br \/>\nAu plan national, l\u2019ann\u00e9e 2023 a \u00e9t\u00e9 tourn\u00e9e vers la jeunesse et la formation avec :<br \/>\n\u2022 Deux campagnes ciblant les jeunes : celle du 8 mars autour des femmes et du sport vus par le prisme de la nouvelle g\u00e9n\u00e9ration et celle du 25 novembre pour sensibiliser aux violences touchant les femmes et les filles dans l\u2019espace num\u00e9rique ;<br \/>\n\u2022 La formation de 99 professionnels ayant \u00e0 traiter des violences intrafamiliales et de 167 fonctionnaires et agents de l\u2019Etat sur le sexisme au travail. 2023 aura \u00e9t\u00e9 aussi l\u2019ann\u00e9e du renforcement dans la lutte contre les violences faites aux femmes avec le vote de la loi relative \u00e0 l\u2019indemnisation des victimes de violences \u00e0 caract\u00e8re sexuel, de crimes et d\u00e9lits envers l\u2019enfant, et de violences domestiques et d\u2019autres infractions portant atteinte aux personnes ainsi que l\u2019int\u00e9gration de Monaco au sein de l\u2019application de s\u00e9curit\u00e9 personnelle, App-elles.<br \/>\nLa D\u00e9l\u00e9gu\u00e9e interminist\u00e9rielle pour les droits des femmes, C\u00e9line COTTALORDA a indiqu\u00e9 que \u00ab cibler la jeune g\u00e9n\u00e9ration est une n\u00e9cessit\u00e9 si l\u2019on veut faire \u00e9voluer les mentalit\u00e9s \u00bb et s\u2019est dit \u00e9galement consciente que \u00ab notre sujet demande de la patience et beaucoup de bonnes volont\u00e9s collectives \u00bb.<br \/>\nAinsi 2024 sera une ann\u00e9e de mobilisation collective avec :<br \/>\n\u2022 La poursuite des actions de sensibilisation \u00e0 destination de la jeunesse ;<br \/>\n\u2022 L\u2019amplification de la formation professionnelle contre le sexisme et les violences ;<br \/>\n\u2022 L\u2019union des forces pour favoriser l\u2019\u00e9mergence d\u2019actions communes.<br \/>\nApr\u00e8s avoir remerci\u00e9 l\u2019ensemble des acteurs et membres du Comit\u00e9 pour leur mobilisation, Isabelle BERRO-AMADE\u00cf a ensuite donn\u00e9 la parole \u00e0 Saida ABOUID, consultante \u00e0 Gen\u00e8ve et sp\u00e9cialiste de l\u2019\u00e9ducation des femmes et des filles pour un expos\u00e9 sur les droits des femmes dans le monde arabe.<br \/>\nLe prochain rendez-vous du Comit\u00e9 est fix\u00e9 le 8 mars pour la journ\u00e9e internationale des droits des femmes qui r\u00e9unira tous les acteurs engag\u00e9s pour cette cause, pendant une journ\u00e9e, dans un lieu unique \u00e0 l\u2019espace L\u00e9o Ferr\u00e9.<\/p>\n<p><em><strong>Plus d\u2019informations sur<\/strong> <\/em><a href=\"https:\/\/dfm.mc\/publications\/\">Publications &#8211; Comit\u00e9 Droits des Femmes :Comit\u00e9 Droits des Femmes (dfm.mc)<\/a><\/p>\n<hr \/>\n<p>Lisez aussi :\u00a0<a href=\"https:\/\/montecarloliving.com\/fr\/categoria\/evenements\/\">les \u00e9v\u00e9nements du week-end sur la C\u00f4te d\u2019Azur<\/a><\/p>\n<hr \/>\n<p><a href=\"https:\/\/www.instagram.com\/monte_carlo_living\/\">Visitez notre page Instagram<\/a><\/p>\n","protected":false},"excerpt":{"rendered":"<p>Le Comit\u00e9 pour la promotion et la protection des droits des femmes a pr\u00e9sent\u00e9 son cinqui\u00e8me rapport d\u2019activit\u00e9 annuel qui retrace l\u2019ensemble des travaux effectu\u00e9s en 2023 lors de sa r\u00e9union pl\u00e9ni\u00e8re, pr\u00e9sid\u00e9e par Isabelle BERRO-AMADEI, Conseiller de Gouvernement-Ministre des Relations Ext\u00e9rieures et de [&hellip;]<\/p>\n","protected":false},"author":1,"featured_media":6881,"comment_status":"closed","ping_status":"closed","sticky":false,"template":"","format":"standard","meta":{"footnotes":""},"categories":[827],"tags":[],"class_list":["post-6880","post","type-post","status-publish","format-standard","has-post-thumbnail","hentry","category-actualite"],"yoast_head":"<!-- This site is optimized with the Yoast SEO plugin v27.4 - https:\/\/yoast.com\/product\/yoast-seo-wordpress\/ -->\n<title>5\u00e8me r\u00e9union pl\u00e9ni\u00e8re du Comit\u00e9 pour la promotion et la protection des droits des femmes \u2013 Une mobilisation constante<\/title>\n<meta name=\"description\" content=\"Le Comit\u00e9 pour la promotion et la protection des droits des femmes a pr\u00e9sent\u00e9 son cinqui\u00e8me rapport d\u2019activit\u00e9 annuel qui retrace l\u2019ensemble des travaux\" \/>\n<meta name=\"robots\" content=\"index, follow, max-snippet:-1, max-image-preview:large, max-video-preview:-1\" \/>\n<link rel=\"canonical\" href=\"https:\/\/montecarloliving.com\/fr\/actualite\/5eme-reunion-pleniere-du-comite-pour-promotion-et-protection-des-droits-des-femmes-une-mobilisation-constante-6880\/\" \/>\n<meta property=\"og:locale\" content=\"fr_FR\" \/>\n<meta property=\"og:title\" content=\"5\u00e8me r\u00e9union pl\u00e9ni\u00e8re du Comit\u00e9 pour la promotion et la protection des droits des femmes \u2013 Une mobilisation constante\" \/>\n<meta property=\"og:description\" content=\"Le Comit\u00e9 pour la promotion et la protection des droits des femmes a pr\u00e9sent\u00e9 son cinqui\u00e8me rapport d\u2019activit\u00e9 annuel qui retrace l\u2019ensemble des travaux\" \/>\n<meta property=\"og:url\" content=\"https:\/\/montecarloliving.com\/fr\/actualite\/5eme-reunion-pleniere-du-comite-pour-promotion-et-protection-des-droits-des-femmes-une-mobilisation-constante-6880\/\" \/>\n<meta property=\"og:site_name\" content=\"Montecarlo Living\" \/>\n<meta property=\"article:publisher\" content=\"https:\/\/www.facebook.com\/montecarlolivingcom\/\" \/>\n<meta property=\"article:published_time\" content=\"2024-01-26T07:48:42+00:00\" \/>\n<meta property=\"article:modified_time\" content=\"2024-01-26T09:00:11+00:00\" \/>\n<meta property=\"og:image\" content=\"https:\/\/montecarloliving.com\/wp-content\/uploads\/2024\/01\/5eme-reunion-pleniere-du-Comite-pour-la-promotion-et-la-protection-des-droits-des-femmes-\u00a9-Direction-de-la-Communication-_-Manuel-Vitali-1-650x400.jpg\" \/>\n\t<meta property=\"og:image:width\" content=\"650\" \/>\n\t<meta property=\"og:image:height\" content=\"400\" \/>\n\t<meta property=\"og:image:type\" content=\"image\/jpeg\" \/>\n<meta name=\"author\" content=\"Redazione\" \/>\n<meta name=\"twitter:card\" content=\"summary_large_image\" \/>\n<meta name=\"twitter:creator\" content=\"@MonteCarloLivi\" \/>\n<meta name=\"twitter:site\" content=\"@MonteCarloLivi\" \/>\n<meta name=\"twitter:label1\" content=\"\u00c9crit par\" \/>\n\t<meta name=\"twitter:data1\" content=\"Redazione\" \/>\n\t<meta name=\"twitter:label2\" content=\"Dur\u00e9e de lecture estim\u00e9e\" \/>\n\t<meta name=\"twitter:data2\" content=\"3 minutes\" \/>\n<script type=\"application\/ld+json\" class=\"yoast-schema-graph\">{\"@context\":\"https:\\\/\\\/schema.org\",\"@graph\":[{\"@type\":\"Article\",\"@id\":\"https:\\\/\\\/montecarloliving.com\\\/fr\\\/actualite\\\/5eme-reunion-pleniere-du-comite-pour-promotion-et-protection-des-droits-des-femmes-une-mobilisation-constante-6880\\\/#article\",\"isPartOf\":{\"@id\":\"https:\\\/\\\/montecarloliving.com\\\/fr\\\/actualite\\\/5eme-reunion-pleniere-du-comite-pour-promotion-et-protection-des-droits-des-femmes-une-mobilisation-constante-6880\\\/\"},\"author\":{\"name\":\"Redazione\",\"@id\":\"https:\\\/\\\/montecarloliving.com\\\/fr\\\/#\\\/schema\\\/person\\\/7e5945d4560862b7f2d2c6831bda2819\"},\"headline\":\"5\u00e8me r\u00e9union pl\u00e9ni\u00e8re du Comit\u00e9 pour la promotion et la protection des droits des femmes \u2013 Une mobilisation constante\",\"datePublished\":\"2024-01-26T07:48:42+00:00\",\"dateModified\":\"2024-01-26T09:00:11+00:00\",\"mainEntityOfPage\":{\"@id\":\"https:\\\/\\\/montecarloliving.com\\\/fr\\\/actualite\\\/5eme-reunion-pleniere-du-comite-pour-promotion-et-protection-des-droits-des-femmes-une-mobilisation-constante-6880\\\/\"},\"wordCount\":565,\"image\":{\"@id\":\"https:\\\/\\\/montecarloliving.com\\\/fr\\\/actualite\\\/5eme-reunion-pleniere-du-comite-pour-promotion-et-protection-des-droits-des-femmes-une-mobilisation-constante-6880\\\/#primaryimage\"},\"thumbnailUrl\":\"https:\\\/\\\/montecarloliving.com\\\/wp-content\\\/uploads\\\/2024\\\/01\\\/5eme-reunion-pleniere-du-Comite-pour-la-promotion-et-la-protection-des-droits-des-femmes-\u00a9-Direction-de-la-Communication-_-Manuel-Vitali-1.jpg\",\"articleSection\":[\"Actualit\u00e9\"],\"inLanguage\":\"fr-FR\"},{\"@type\":\"WebPage\",\"@id\":\"https:\\\/\\\/montecarloliving.com\\\/fr\\\/actualite\\\/5eme-reunion-pleniere-du-comite-pour-promotion-et-protection-des-droits-des-femmes-une-mobilisation-constante-6880\\\/\",\"url\":\"https:\\\/\\\/montecarloliving.com\\\/fr\\\/actualite\\\/5eme-reunion-pleniere-du-comite-pour-promotion-et-protection-des-droits-des-femmes-une-mobilisation-constante-6880\\\/\",\"name\":\"5\u00e8me r\u00e9union pl\u00e9ni\u00e8re du Comit\u00e9 pour la promotion et la protection des droits des femmes \u2013 Une mobilisation constante\",\"isPartOf\":{\"@id\":\"https:\\\/\\\/montecarloliving.com\\\/fr\\\/#website\"},\"primaryImageOfPage\":{\"@id\":\"https:\\\/\\\/montecarloliving.com\\\/fr\\\/actualite\\\/5eme-reunion-pleniere-du-comite-pour-promotion-et-protection-des-droits-des-femmes-une-mobilisation-constante-6880\\\/#primaryimage\"},\"image\":{\"@id\":\"https:\\\/\\\/montecarloliving.com\\\/fr\\\/actualite\\\/5eme-reunion-pleniere-du-comite-pour-promotion-et-protection-des-droits-des-femmes-une-mobilisation-constante-6880\\\/#primaryimage\"},\"thumbnailUrl\":\"https:\\\/\\\/montecarloliving.com\\\/wp-content\\\/uploads\\\/2024\\\/01\\\/5eme-reunion-pleniere-du-Comite-pour-la-promotion-et-la-protection-des-droits-des-femmes-\u00a9-Direction-de-la-Communication-_-Manuel-Vitali-1.jpg\",\"datePublished\":\"2024-01-26T07:48:42+00:00\",\"dateModified\":\"2024-01-26T09:00:11+00:00\",\"author\":{\"@id\":\"https:\\\/\\\/montecarloliving.com\\\/fr\\\/#\\\/schema\\\/person\\\/7e5945d4560862b7f2d2c6831bda2819\"},\"description\":\"Le Comit\u00e9 pour la promotion et la protection des droits des femmes a pr\u00e9sent\u00e9 son cinqui\u00e8me rapport d\u2019activit\u00e9 annuel qui retrace l\u2019ensemble des travaux\",\"breadcrumb\":{\"@id\":\"https:\\\/\\\/montecarloliving.com\\\/fr\\\/actualite\\\/5eme-reunion-pleniere-du-comite-pour-promotion-et-protection-des-droits-des-femmes-une-mobilisation-constante-6880\\\/#breadcrumb\"},\"inLanguage\":\"fr-FR\",\"potentialAction\":[{\"@type\":\"ReadAction\",\"target\":[\"https:\\\/\\\/montecarloliving.com\\\/fr\\\/actualite\\\/5eme-reunion-pleniere-du-comite-pour-promotion-et-protection-des-droits-des-femmes-une-mobilisation-constante-6880\\\/\"]}]},{\"@type\":\"ImageObject\",\"inLanguage\":\"fr-FR\",\"@id\":\"https:\\\/\\\/montecarloliving.com\\\/fr\\\/actualite\\\/5eme-reunion-pleniere-du-comite-pour-promotion-et-protection-des-droits-des-femmes-une-mobilisation-constante-6880\\\/#primaryimage\",\"url\":\"https:\\\/\\\/montecarloliving.com\\\/wp-content\\\/uploads\\\/2024\\\/01\\\/5eme-reunion-pleniere-du-Comite-pour-la-promotion-et-la-protection-des-droits-des-femmes-\u00a9-Direction-de-la-Communication-_-Manuel-Vitali-1.jpg\",\"contentUrl\":\"https:\\\/\\\/montecarloliving.com\\\/wp-content\\\/uploads\\\/2024\\\/01\\\/5eme-reunion-pleniere-du-Comite-pour-la-promotion-et-la-protection-des-droits-des-femmes-\u00a9-Direction-de-la-Communication-_-Manuel-Vitali-1.jpg\",\"width\":1682,\"height\":1121},{\"@type\":\"BreadcrumbList\",\"@id\":\"https:\\\/\\\/montecarloliving.com\\\/fr\\\/actualite\\\/5eme-reunion-pleniere-du-comite-pour-promotion-et-protection-des-droits-des-femmes-une-mobilisation-constante-6880\\\/#breadcrumb\",\"itemListElement\":[{\"@type\":\"ListItem\",\"position\":1,\"name\":\"Home\",\"item\":\"https:\\\/\\\/montecarloliving.com\\\/fr\\\/\"},{\"@type\":\"ListItem\",\"position\":2,\"name\":\"5\u00e8me r\u00e9union pl\u00e9ni\u00e8re du Comit\u00e9 pour la promotion et la protection des droits des femmes \u2013 Une mobilisation constante\"}]},{\"@type\":\"WebSite\",\"@id\":\"https:\\\/\\\/montecarloliving.com\\\/fr\\\/#website\",\"url\":\"https:\\\/\\\/montecarloliving.com\\\/fr\\\/\",\"name\":\"Montecarlo Living\",\"description\":\"News da Montecarlo - Principato di Monaco e Costa Azzurra\",\"potentialAction\":[{\"@type\":\"SearchAction\",\"target\":{\"@type\":\"EntryPoint\",\"urlTemplate\":\"https:\\\/\\\/montecarloliving.com\\\/fr\\\/?s={search_term_string}\"},\"query-input\":{\"@type\":\"PropertyValueSpecification\",\"valueRequired\":true,\"valueName\":\"search_term_string\"}}],\"inLanguage\":\"fr-FR\"},{\"@type\":\"Person\",\"@id\":\"https:\\\/\\\/montecarloliving.com\\\/fr\\\/#\\\/schema\\\/person\\\/7e5945d4560862b7f2d2c6831bda2819\",\"name\":\"Redazione\",\"image\":{\"@type\":\"ImageObject\",\"inLanguage\":\"fr-FR\",\"@id\":\"https:\\\/\\\/secure.gravatar.com\\\/avatar\\\/8b5f26557e18fe74ad8e8a57ebb2925d88af8a90cee489ff2beefb391bc9b9c7?s=96&d=mm&r=g\",\"url\":\"https:\\\/\\\/secure.gravatar.com\\\/avatar\\\/8b5f26557e18fe74ad8e8a57ebb2925d88af8a90cee489ff2beefb391bc9b9c7?s=96&d=mm&r=g\",\"contentUrl\":\"https:\\\/\\\/secure.gravatar.com\\\/avatar\\\/8b5f26557e18fe74ad8e8a57ebb2925d88af8a90cee489ff2beefb391bc9b9c7?s=96&d=mm&r=g\",\"caption\":\"Redazione\"}}]}<\/script>\n<!-- \/ Yoast SEO plugin. -->","yoast_head_json":{"title":"5\u00e8me r\u00e9union pl\u00e9ni\u00e8re du Comit\u00e9 pour la promotion et la protection des droits des femmes \u2013 Une mobilisation constante","description":"Le Comit\u00e9 pour la promotion et la protection des droits des femmes a pr\u00e9sent\u00e9 son cinqui\u00e8me rapport d\u2019activit\u00e9 annuel qui retrace l\u2019ensemble des travaux","robots":{"index":"index","follow":"follow","max-snippet":"max-snippet:-1","max-image-preview":"max-image-preview:large","max-video-preview":"max-video-preview:-1"},"canonical":"https:\/\/montecarloliving.com\/fr\/actualite\/5eme-reunion-pleniere-du-comite-pour-promotion-et-protection-des-droits-des-femmes-une-mobilisation-constante-6880\/","og_locale":"fr_FR","og_title":"5\u00e8me r\u00e9union pl\u00e9ni\u00e8re du Comit\u00e9 pour la promotion et la protection des droits des femmes \u2013 Une mobilisation constante","og_description":"Le Comit\u00e9 pour la promotion et la protection des droits des femmes a pr\u00e9sent\u00e9 son cinqui\u00e8me rapport d\u2019activit\u00e9 annuel qui retrace l\u2019ensemble des travaux","og_url":"https:\/\/montecarloliving.com\/fr\/actualite\/5eme-reunion-pleniere-du-comite-pour-promotion-et-protection-des-droits-des-femmes-une-mobilisation-constante-6880\/","og_site_name":"Montecarlo Living","article_publisher":"https:\/\/www.facebook.com\/montecarlolivingcom\/","article_published_time":"2024-01-26T07:48:42+00:00","article_modified_time":"2024-01-26T09:00:11+00:00","og_image":[{"width":650,"height":400,"url":"https:\/\/montecarloliving.com\/wp-content\/uploads\/2024\/01\/5eme-reunion-pleniere-du-Comite-pour-la-promotion-et-la-protection-des-droits-des-femmes-\u00a9-Direction-de-la-Communication-_-Manuel-Vitali-1-650x400.jpg","type":"image\/jpeg"}],"author":"Redazione","twitter_card":"summary_large_image","twitter_creator":"@MonteCarloLivi","twitter_site":"@MonteCarloLivi","twitter_misc":{"\u00c9crit par":"Redazione","Dur\u00e9e de lecture estim\u00e9e":"3 minutes"},"schema":{"@context":"https:\/\/schema.org","@graph":[{"@type":"Article","@id":"https:\/\/montecarloliving.com\/fr\/actualite\/5eme-reunion-pleniere-du-comite-pour-promotion-et-protection-des-droits-des-femmes-une-mobilisation-constante-6880\/#article","isPartOf":{"@id":"https:\/\/montecarloliving.com\/fr\/actualite\/5eme-reunion-pleniere-du-comite-pour-promotion-et-protection-des-droits-des-femmes-une-mobilisation-constante-6880\/"},"author":{"name":"Redazione","@id":"https:\/\/montecarloliving.com\/fr\/#\/schema\/person\/7e5945d4560862b7f2d2c6831bda2819"},"headline":"5\u00e8me r\u00e9union pl\u00e9ni\u00e8re du Comit\u00e9 pour la promotion et la protection des droits des femmes \u2013 Une mobilisation constante","datePublished":"2024-01-26T07:48:42+00:00","dateModified":"2024-01-26T09:00:11+00:00","mainEntityOfPage":{"@id":"https:\/\/montecarloliving.com\/fr\/actualite\/5eme-reunion-pleniere-du-comite-pour-promotion-et-protection-des-droits-des-femmes-une-mobilisation-constante-6880\/"},"wordCount":565,"image":{"@id":"https:\/\/montecarloliving.com\/fr\/actualite\/5eme-reunion-pleniere-du-comite-pour-promotion-et-protection-des-droits-des-femmes-une-mobilisation-constante-6880\/#primaryimage"},"thumbnailUrl":"https:\/\/montecarloliving.com\/wp-content\/uploads\/2024\/01\/5eme-reunion-pleniere-du-Comite-pour-la-promotion-et-la-protection-des-droits-des-femmes-\u00a9-Direction-de-la-Communication-_-Manuel-Vitali-1.jpg","articleSection":["Actualit\u00e9"],"inLanguage":"fr-FR"},{"@type":"WebPage","@id":"https:\/\/montecarloliving.com\/fr\/actualite\/5eme-reunion-pleniere-du-comite-pour-promotion-et-protection-des-droits-des-femmes-une-mobilisation-constante-6880\/","url":"https:\/\/montecarloliving.com\/fr\/actualite\/5eme-reunion-pleniere-du-comite-pour-promotion-et-protection-des-droits-des-femmes-une-mobilisation-constante-6880\/","name":"5\u00e8me r\u00e9union pl\u00e9ni\u00e8re du Comit\u00e9 pour la promotion et la protection des droits des femmes \u2013 Une mobilisation constante","isPartOf":{"@id":"https:\/\/montecarloliving.com\/fr\/#website"},"primaryImageOfPage":{"@id":"https:\/\/montecarloliving.com\/fr\/actualite\/5eme-reunion-pleniere-du-comite-pour-promotion-et-protection-des-droits-des-femmes-une-mobilisation-constante-6880\/#primaryimage"},"image":{"@id":"https:\/\/montecarloliving.com\/fr\/actualite\/5eme-reunion-pleniere-du-comite-pour-promotion-et-protection-des-droits-des-femmes-une-mobilisation-constante-6880\/#primaryimage"},"thumbnailUrl":"https:\/\/montecarloliving.com\/wp-content\/uploads\/2024\/01\/5eme-reunion-pleniere-du-Comite-pour-la-promotion-et-la-protection-des-droits-des-femmes-\u00a9-Direction-de-la-Communication-_-Manuel-Vitali-1.jpg","datePublished":"2024-01-26T07:48:42+00:00","dateModified":"2024-01-26T09:00:11+00:00","author":{"@id":"https:\/\/montecarloliving.com\/fr\/#\/schema\/person\/7e5945d4560862b7f2d2c6831bda2819"},"description":"Le Comit\u00e9 pour la promotion et la protection des droits des femmes a pr\u00e9sent\u00e9 son cinqui\u00e8me rapport d\u2019activit\u00e9 annuel qui retrace l\u2019ensemble des travaux","breadcrumb":{"@id":"https:\/\/montecarloliving.com\/fr\/actualite\/5eme-reunion-pleniere-du-comite-pour-promotion-et-protection-des-droits-des-femmes-une-mobilisation-constante-6880\/#breadcrumb"},"inLanguage":"fr-FR","potentialAction":[{"@type":"ReadAction","target":["https:\/\/montecarloliving.com\/fr\/actualite\/5eme-reunion-pleniere-du-comite-pour-promotion-et-protection-des-droits-des-femmes-une-mobilisation-constante-6880\/"]}]},{"@type":"ImageObject","inLanguage":"fr-FR","@id":"https:\/\/montecarloliving.com\/fr\/actualite\/5eme-reunion-pleniere-du-comite-pour-promotion-et-protection-des-droits-des-femmes-une-mobilisation-constante-6880\/#primaryimage","url":"https:\/\/montecarloliving.com\/wp-content\/uploads\/2024\/01\/5eme-reunion-pleniere-du-Comite-pour-la-promotion-et-la-protection-des-droits-des-femmes-\u00a9-Direction-de-la-Communication-_-Manuel-Vitali-1.jpg","contentUrl":"https:\/\/montecarloliving.com\/wp-content\/uploads\/2024\/01\/5eme-reunion-pleniere-du-Comite-pour-la-promotion-et-la-protection-des-droits-des-femmes-\u00a9-Direction-de-la-Communication-_-Manuel-Vitali-1.jpg","width":1682,"height":1121},{"@type":"BreadcrumbList","@id":"https:\/\/montecarloliving.com\/fr\/actualite\/5eme-reunion-pleniere-du-comite-pour-promotion-et-protection-des-droits-des-femmes-une-mobilisation-constante-6880\/#breadcrumb","itemListElement":[{"@type":"ListItem","position":1,"name":"Home","item":"https:\/\/montecarloliving.com\/fr\/"},{"@type":"ListItem","position":2,"name":"5\u00e8me r\u00e9union pl\u00e9ni\u00e8re du Comit\u00e9 pour la promotion et la protection des droits des femmes \u2013 Une mobilisation constante"}]},{"@type":"WebSite","@id":"https:\/\/montecarloliving.com\/fr\/#website","url":"https:\/\/montecarloliving.com\/fr\/","name":"Montecarlo Living","description":"News da Montecarlo - Principato di Monaco e Costa Azzurra","potentialAction":[{"@type":"SearchAction","target":{"@type":"EntryPoint","urlTemplate":"https:\/\/montecarloliving.com\/fr\/?s={search_term_string}"},"query-input":{"@type":"PropertyValueSpecification","valueRequired":true,"valueName":"search_term_string"}}],"inLanguage":"fr-FR"},{"@type":"Person","@id":"https:\/\/montecarloliving.com\/fr\/#\/schema\/person\/7e5945d4560862b7f2d2c6831bda2819","name":"Redazione","image":{"@type":"ImageObject","inLanguage":"fr-FR","@id":"https:\/\/secure.gravatar.com\/avatar\/8b5f26557e18fe74ad8e8a57ebb2925d88af8a90cee489ff2beefb391bc9b9c7?s=96&d=mm&r=g","url":"https:\/\/secure.gravatar.com\/avatar\/8b5f26557e18fe74ad8e8a57ebb2925d88af8a90cee489ff2beefb391bc9b9c7?s=96&d=mm&r=g","contentUrl":"https:\/\/secure.gravatar.com\/avatar\/8b5f26557e18fe74ad8e8a57ebb2925d88af8a90cee489ff2beefb391bc9b9c7?s=96&d=mm&r=g","caption":"Redazione"}}]}},"_links":{"self":[{"href":"https:\/\/montecarloliving.com\/fr\/wp-json\/wp\/v2\/posts\/6880","targetHints":{"allow":["GET"]}}],"collection":[{"href":"https:\/\/montecarloliving.com\/fr\/wp-json\/wp\/v2\/posts"}],"about":[{"href":"https:\/\/montecarloliving.com\/fr\/wp-json\/wp\/v2\/types\/post"}],"author":[{"embeddable":true,"href":"https:\/\/montecarloliving.com\/fr\/wp-json\/wp\/v2\/users\/1"}],"replies":[{"embeddable":true,"href":"https:\/\/montecarloliving.com\/fr\/wp-json\/wp\/v2\/comments?post=6880"}],"version-history":[{"count":1,"href":"https:\/\/montecarloliving.com\/fr\/wp-json\/wp\/v2\/posts\/6880\/revisions"}],"predecessor-version":[{"id":6884,"href":"https:\/\/montecarloliving.com\/fr\/wp-json\/wp\/v2\/posts\/6880\/revisions\/6884"}],"wp:featuredmedia":[{"embeddable":true,"href":"https:\/\/montecarloliving.com\/fr\/wp-json\/wp\/v2\/media\/6881"}],"wp:attachment":[{"href":"https:\/\/montecarloliving.com\/fr\/wp-json\/wp\/v2\/media?parent=6880"}],"wp:term":[{"taxonomy":"category","embeddable":true,"href":"https:\/\/montecarloliving.com\/fr\/wp-json\/wp\/v2\/categories?post=6880"},{"taxonomy":"post_tag","embeddable":true,"href":"https:\/\/montecarloliving.com\/fr\/wp-json\/wp\/v2\/tags?post=6880"}],"curies":[{"name":"wp","href":"https:\/\/api.w.org\/{rel}","templated":true}]}}