{"id":6815,"date":"2024-01-24T10:23:31","date_gmt":"2024-01-24T09:23:31","guid":{"rendered":"https:\/\/montecarloliving.com\/?p=6815"},"modified":"2024-01-24T10:37:51","modified_gmt":"2024-01-24T09:37:51","slug":"fete-de-truffe-saint-laurent-du-var-2024","status":"publish","type":"post","link":"https:\/\/montecarloliving.com\/fr\/evenements\/fete-de-truffe-saint-laurent-du-var-2024-6815\/","title":{"rendered":"F\u00eate de la Truffe \u00e0 Saint-Laurent-du-Var 2024"},"content":{"rendered":"<p><strong>La septi\u00e8me \u00e9dition de la F\u00eate de la Truffe \u00e0 Saint-Laurent-du-Var aura lieu le dimanche 4 f\u00e9vrier 2024 sur la place de la mairie.<\/strong><\/p>\n<p>Organis\u00e9e par le Lions Club et la ville de Saint-Laurent-du-Var, en collaboration avec le Syndicat Trufficulteurs des Alpes-Maritimes, cette septi\u00e8me \u00e9dition de la F\u00eate de la Truffe \u00e0 Saint-Laurent propose un programme ambitieux avec des stands, des animations, des rencontres et de la gastronomie.<\/p>\n<p>Pour les plus petits, une structure gonflable et une ferme p\u00e9dagogique seront \u00e0 disposition. Parmi les nouveaut\u00e9s, un \u00ab\u00a0show\u00a0\u00bb culinaire et des d\u00e9monstrations de sculptures avec des fruits et des l\u00e9gumes. Sans oublier l&rsquo;un des moments forts de l&rsquo;\u00e9v\u00e9nement, toujours tr\u00e8s appr\u00e9ci\u00e9 des visiteurs : la d\u00e9monstration de chiens truffiers !<\/p>\n<p>\u00c0 midi, il sera possible de d\u00e9jeuner avec des plats \u00e0 base de truffes et des menus propos\u00e9s par les chefs (menu d\u00e9couverte \u00e0 23 \u20ac et menu connaisseur \u00e0 39 \u20ac). L&rsquo;invitation est lanc\u00e9e aux familles, pour d\u00e9couvrir les secrets du \u00ab\u00a0diamant noir\u00a0\u00bb et passer une journ\u00e9e plac\u00e9e sous le signe du go\u00fbt et de l&rsquo;odorat.<img decoding=\"async\" class=\"aligncenter\" src=\"https:\/\/www.montecarlonews.it\/fileadmin\/archivio\/montecarlonews\/Festa_del_tartufo_Sain_Laurent_du_Var_febbraio_2024.jpg\" \/><\/p>\n<h3><em><strong>Le programme :<\/strong><\/em><\/h3>\n<ul>\n<li>9h : Vente de billets de loterie et pr\u00e9sentation des paniers<\/li>\n<li>10h30 : D\u00e9monstration de chiens truffiers<\/li>\n<li>12h : Restauration et d\u00e9gustation de plats pr\u00e9par\u00e9s avec de la truffe<\/li>\n<li>12h30 : Interventions officielles<\/li>\n<li>15h : D\u00e9monstration de chiens truffiers et pr\u00e9sentation des sculptures r\u00e9alis\u00e9es avec des fruits et des l\u00e9gumes<\/li>\n<li>15h30 : Animations culinaires<\/li>\n<li>17h : Tirage des billets de loterie.<\/li>\n<\/ul>\n<p>&nbsp;<\/p>\n<hr \/>\n<p>Lisez aussi :\u00a0<a href=\"https:\/\/montecarloliving.com\/fr\/evenements\/grimaldi-forum-tous-les-evenements-de-saison-2024-6529\/\">Grimaldi Forum | Tous les \u00e9v\u00e9nements de la saison 2024 (montecarloliving.com)<\/a><\/p>\n<hr \/>\n<p><a href=\"https:\/\/www.instagram.com\/monte_carlo_living\/\">Visitez notre page Instagram<\/a><\/p>\n","protected":false},"excerpt":{"rendered":"<p>La septi\u00e8me \u00e9dition de la F\u00eate de la Truffe \u00e0 Saint-Laurent-du-Var aura lieu le dimanche 4 f\u00e9vrier 2024 sur la place de la mairie. Organis\u00e9e par le Lions Club et la ville de Saint-Laurent-du-Var, en collaboration avec le Syndicat Trufficulteurs des Alpes-Maritimes, cette septi\u00e8me [&hellip;]<\/p>\n","protected":false},"author":1,"featured_media":6813,"comment_status":"closed","ping_status":"closed","sticky":false,"template":"","format":"standard","meta":{"footnotes":""},"categories":[828],"tags":[],"class_list":["post-6815","post","type-post","status-publish","format-standard","has-post-thumbnail","hentry","category-evenements"],"yoast_head":"<!-- This site is optimized with the Yoast SEO plugin v27.4 - https:\/\/yoast.com\/product\/yoast-seo-wordpress\/ -->\n<title>F\u00eate de la Truffe \u00e0 Saint-Laurent-du-Var 2024<\/title>\n<meta name=\"description\" content=\"La septi\u00e8me \u00e9dition de la F\u00eate de la Truffe \u00e0 Saint-Laurent-du-Var aura lieu le dimanche 4 f\u00e9vrier 2024 sur la place de la mairie. Organis\u00e9e par le Lions\" \/>\n<meta name=\"robots\" content=\"index, follow, max-snippet:-1, max-image-preview:large, max-video-preview:-1\" \/>\n<link rel=\"canonical\" href=\"https:\/\/montecarloliving.com\/fr\/evenements\/fete-de-truffe-saint-laurent-du-var-2024-6815\/\" \/>\n<meta property=\"og:locale\" content=\"fr_FR\" \/>\n<meta property=\"og:title\" content=\"F\u00eate de la Truffe \u00e0 Saint-Laurent-du-Var 2024\" \/>\n<meta property=\"og:description\" content=\"La septi\u00e8me \u00e9dition de la F\u00eate de la Truffe \u00e0 Saint-Laurent-du-Var aura lieu le dimanche 4 f\u00e9vrier 2024 sur la place de la mairie. Organis\u00e9e par le Lions\" \/>\n<meta property=\"og:url\" content=\"https:\/\/montecarloliving.com\/fr\/evenements\/fete-de-truffe-saint-laurent-du-var-2024-6815\/\" \/>\n<meta property=\"og:site_name\" content=\"Montecarlo Living\" \/>\n<meta property=\"article:publisher\" content=\"https:\/\/www.facebook.com\/montecarlolivingcom\/\" \/>\n<meta property=\"article:published_time\" content=\"2024-01-24T09:23:31+00:00\" \/>\n<meta property=\"article:modified_time\" content=\"2024-01-24T09:37:51+00:00\" \/>\n<meta property=\"og:image\" content=\"https:\/\/montecarloliving.com\/wp-content\/uploads\/2024\/01\/DSC_1433-1-scaled-1-650x400.jpg\" \/>\n\t<meta property=\"og:image:width\" content=\"650\" \/>\n\t<meta property=\"og:image:height\" content=\"400\" \/>\n\t<meta property=\"og:image:type\" content=\"image\/jpeg\" \/>\n<meta name=\"author\" content=\"Redazione\" \/>\n<meta name=\"twitter:card\" content=\"summary_large_image\" \/>\n<meta name=\"twitter:creator\" content=\"@MonteCarloLivi\" \/>\n<meta name=\"twitter:site\" content=\"@MonteCarloLivi\" \/>\n<meta name=\"twitter:label1\" content=\"\u00c9crit par\" \/>\n\t<meta name=\"twitter:data1\" content=\"Redazione\" \/>\n\t<meta name=\"twitter:label2\" content=\"Dur\u00e9e de lecture estim\u00e9e\" \/>\n\t<meta name=\"twitter:data2\" content=\"2 minutes\" \/>\n<script type=\"application\/ld+json\" class=\"yoast-schema-graph\">{\"@context\":\"https:\\\/\\\/schema.org\",\"@graph\":[{\"@type\":\"Article\",\"@id\":\"https:\\\/\\\/montecarloliving.com\\\/fr\\\/evenements\\\/fete-de-truffe-saint-laurent-du-var-2024-6815\\\/#article\",\"isPartOf\":{\"@id\":\"https:\\\/\\\/montecarloliving.com\\\/fr\\\/evenements\\\/fete-de-truffe-saint-laurent-du-var-2024-6815\\\/\"},\"author\":{\"name\":\"Redazione\",\"@id\":\"https:\\\/\\\/montecarloliving.com\\\/fr\\\/#\\\/schema\\\/person\\\/7e5945d4560862b7f2d2c6831bda2819\"},\"headline\":\"F\u00eate de la Truffe \u00e0 Saint-Laurent-du-Var 2024\",\"datePublished\":\"2024-01-24T09:23:31+00:00\",\"dateModified\":\"2024-01-24T09:37:51+00:00\",\"mainEntityOfPage\":{\"@id\":\"https:\\\/\\\/montecarloliving.com\\\/fr\\\/evenements\\\/fete-de-truffe-saint-laurent-du-var-2024-6815\\\/\"},\"wordCount\":277,\"image\":{\"@id\":\"https:\\\/\\\/montecarloliving.com\\\/fr\\\/evenements\\\/fete-de-truffe-saint-laurent-du-var-2024-6815\\\/#primaryimage\"},\"thumbnailUrl\":\"https:\\\/\\\/montecarloliving.com\\\/wp-content\\\/uploads\\\/2024\\\/01\\\/DSC_1433-1-scaled-1.jpg\",\"articleSection\":[\"\u00c9v\u00e9nements\"],\"inLanguage\":\"fr-FR\"},{\"@type\":\"WebPage\",\"@id\":\"https:\\\/\\\/montecarloliving.com\\\/fr\\\/evenements\\\/fete-de-truffe-saint-laurent-du-var-2024-6815\\\/\",\"url\":\"https:\\\/\\\/montecarloliving.com\\\/fr\\\/evenements\\\/fete-de-truffe-saint-laurent-du-var-2024-6815\\\/\",\"name\":\"F\u00eate de la Truffe \u00e0 Saint-Laurent-du-Var 2024\",\"isPartOf\":{\"@id\":\"https:\\\/\\\/montecarloliving.com\\\/fr\\\/#website\"},\"primaryImageOfPage\":{\"@id\":\"https:\\\/\\\/montecarloliving.com\\\/fr\\\/evenements\\\/fete-de-truffe-saint-laurent-du-var-2024-6815\\\/#primaryimage\"},\"image\":{\"@id\":\"https:\\\/\\\/montecarloliving.com\\\/fr\\\/evenements\\\/fete-de-truffe-saint-laurent-du-var-2024-6815\\\/#primaryimage\"},\"thumbnailUrl\":\"https:\\\/\\\/montecarloliving.com\\\/wp-content\\\/uploads\\\/2024\\\/01\\\/DSC_1433-1-scaled-1.jpg\",\"datePublished\":\"2024-01-24T09:23:31+00:00\",\"dateModified\":\"2024-01-24T09:37:51+00:00\",\"author\":{\"@id\":\"https:\\\/\\\/montecarloliving.com\\\/fr\\\/#\\\/schema\\\/person\\\/7e5945d4560862b7f2d2c6831bda2819\"},\"description\":\"La septi\u00e8me \u00e9dition de la F\u00eate de la Truffe \u00e0 Saint-Laurent-du-Var aura lieu le dimanche 4 f\u00e9vrier 2024 sur la place de la mairie. Organis\u00e9e par le Lions\",\"breadcrumb\":{\"@id\":\"https:\\\/\\\/montecarloliving.com\\\/fr\\\/evenements\\\/fete-de-truffe-saint-laurent-du-var-2024-6815\\\/#breadcrumb\"},\"inLanguage\":\"fr-FR\",\"potentialAction\":[{\"@type\":\"ReadAction\",\"target\":[\"https:\\\/\\\/montecarloliving.com\\\/fr\\\/evenements\\\/fete-de-truffe-saint-laurent-du-var-2024-6815\\\/\"]}]},{\"@type\":\"ImageObject\",\"inLanguage\":\"fr-FR\",\"@id\":\"https:\\\/\\\/montecarloliving.com\\\/fr\\\/evenements\\\/fete-de-truffe-saint-laurent-du-var-2024-6815\\\/#primaryimage\",\"url\":\"https:\\\/\\\/montecarloliving.com\\\/wp-content\\\/uploads\\\/2024\\\/01\\\/DSC_1433-1-scaled-1.jpg\",\"contentUrl\":\"https:\\\/\\\/montecarloliving.com\\\/wp-content\\\/uploads\\\/2024\\\/01\\\/DSC_1433-1-scaled-1.jpg\",\"width\":2560,\"height\":1704},{\"@type\":\"BreadcrumbList\",\"@id\":\"https:\\\/\\\/montecarloliving.com\\\/fr\\\/evenements\\\/fete-de-truffe-saint-laurent-du-var-2024-6815\\\/#breadcrumb\",\"itemListElement\":[{\"@type\":\"ListItem\",\"position\":1,\"name\":\"Home\",\"item\":\"https:\\\/\\\/montecarloliving.com\\\/fr\\\/\"},{\"@type\":\"ListItem\",\"position\":2,\"name\":\"F\u00eate de la Truffe \u00e0 Saint-Laurent-du-Var 2024\"}]},{\"@type\":\"WebSite\",\"@id\":\"https:\\\/\\\/montecarloliving.com\\\/fr\\\/#website\",\"url\":\"https:\\\/\\\/montecarloliving.com\\\/fr\\\/\",\"name\":\"Montecarlo Living\",\"description\":\"News da Montecarlo - Principato di Monaco e Costa Azzurra\",\"potentialAction\":[{\"@type\":\"SearchAction\",\"target\":{\"@type\":\"EntryPoint\",\"urlTemplate\":\"https:\\\/\\\/montecarloliving.com\\\/fr\\\/?s={search_term_string}\"},\"query-input\":{\"@type\":\"PropertyValueSpecification\",\"valueRequired\":true,\"valueName\":\"search_term_string\"}}],\"inLanguage\":\"fr-FR\"},{\"@type\":\"Person\",\"@id\":\"https:\\\/\\\/montecarloliving.com\\\/fr\\\/#\\\/schema\\\/person\\\/7e5945d4560862b7f2d2c6831bda2819\",\"name\":\"Redazione\",\"image\":{\"@type\":\"ImageObject\",\"inLanguage\":\"fr-FR\",\"@id\":\"https:\\\/\\\/secure.gravatar.com\\\/avatar\\\/8b5f26557e18fe74ad8e8a57ebb2925d88af8a90cee489ff2beefb391bc9b9c7?s=96&d=mm&r=g\",\"url\":\"https:\\\/\\\/secure.gravatar.com\\\/avatar\\\/8b5f26557e18fe74ad8e8a57ebb2925d88af8a90cee489ff2beefb391bc9b9c7?s=96&d=mm&r=g\",\"contentUrl\":\"https:\\\/\\\/secure.gravatar.com\\\/avatar\\\/8b5f26557e18fe74ad8e8a57ebb2925d88af8a90cee489ff2beefb391bc9b9c7?s=96&d=mm&r=g\",\"caption\":\"Redazione\"}}]}<\/script>\n<!-- \/ Yoast SEO plugin. -->","yoast_head_json":{"title":"F\u00eate de la Truffe \u00e0 Saint-Laurent-du-Var 2024","description":"La septi\u00e8me \u00e9dition de la F\u00eate de la Truffe \u00e0 Saint-Laurent-du-Var aura lieu le dimanche 4 f\u00e9vrier 2024 sur la place de la mairie. Organis\u00e9e par le Lions","robots":{"index":"index","follow":"follow","max-snippet":"max-snippet:-1","max-image-preview":"max-image-preview:large","max-video-preview":"max-video-preview:-1"},"canonical":"https:\/\/montecarloliving.com\/fr\/evenements\/fete-de-truffe-saint-laurent-du-var-2024-6815\/","og_locale":"fr_FR","og_title":"F\u00eate de la Truffe \u00e0 Saint-Laurent-du-Var 2024","og_description":"La septi\u00e8me \u00e9dition de la F\u00eate de la Truffe \u00e0 Saint-Laurent-du-Var aura lieu le dimanche 4 f\u00e9vrier 2024 sur la place de la mairie. Organis\u00e9e par le Lions","og_url":"https:\/\/montecarloliving.com\/fr\/evenements\/fete-de-truffe-saint-laurent-du-var-2024-6815\/","og_site_name":"Montecarlo Living","article_publisher":"https:\/\/www.facebook.com\/montecarlolivingcom\/","article_published_time":"2024-01-24T09:23:31+00:00","article_modified_time":"2024-01-24T09:37:51+00:00","og_image":[{"width":650,"height":400,"url":"https:\/\/montecarloliving.com\/wp-content\/uploads\/2024\/01\/DSC_1433-1-scaled-1-650x400.jpg","type":"image\/jpeg"}],"author":"Redazione","twitter_card":"summary_large_image","twitter_creator":"@MonteCarloLivi","twitter_site":"@MonteCarloLivi","twitter_misc":{"\u00c9crit par":"Redazione","Dur\u00e9e de lecture estim\u00e9e":"2 minutes"},"schema":{"@context":"https:\/\/schema.org","@graph":[{"@type":"Article","@id":"https:\/\/montecarloliving.com\/fr\/evenements\/fete-de-truffe-saint-laurent-du-var-2024-6815\/#article","isPartOf":{"@id":"https:\/\/montecarloliving.com\/fr\/evenements\/fete-de-truffe-saint-laurent-du-var-2024-6815\/"},"author":{"name":"Redazione","@id":"https:\/\/montecarloliving.com\/fr\/#\/schema\/person\/7e5945d4560862b7f2d2c6831bda2819"},"headline":"F\u00eate de la Truffe \u00e0 Saint-Laurent-du-Var 2024","datePublished":"2024-01-24T09:23:31+00:00","dateModified":"2024-01-24T09:37:51+00:00","mainEntityOfPage":{"@id":"https:\/\/montecarloliving.com\/fr\/evenements\/fete-de-truffe-saint-laurent-du-var-2024-6815\/"},"wordCount":277,"image":{"@id":"https:\/\/montecarloliving.com\/fr\/evenements\/fete-de-truffe-saint-laurent-du-var-2024-6815\/#primaryimage"},"thumbnailUrl":"https:\/\/montecarloliving.com\/wp-content\/uploads\/2024\/01\/DSC_1433-1-scaled-1.jpg","articleSection":["\u00c9v\u00e9nements"],"inLanguage":"fr-FR"},{"@type":"WebPage","@id":"https:\/\/montecarloliving.com\/fr\/evenements\/fete-de-truffe-saint-laurent-du-var-2024-6815\/","url":"https:\/\/montecarloliving.com\/fr\/evenements\/fete-de-truffe-saint-laurent-du-var-2024-6815\/","name":"F\u00eate de la Truffe \u00e0 Saint-Laurent-du-Var 2024","isPartOf":{"@id":"https:\/\/montecarloliving.com\/fr\/#website"},"primaryImageOfPage":{"@id":"https:\/\/montecarloliving.com\/fr\/evenements\/fete-de-truffe-saint-laurent-du-var-2024-6815\/#primaryimage"},"image":{"@id":"https:\/\/montecarloliving.com\/fr\/evenements\/fete-de-truffe-saint-laurent-du-var-2024-6815\/#primaryimage"},"thumbnailUrl":"https:\/\/montecarloliving.com\/wp-content\/uploads\/2024\/01\/DSC_1433-1-scaled-1.jpg","datePublished":"2024-01-24T09:23:31+00:00","dateModified":"2024-01-24T09:37:51+00:00","author":{"@id":"https:\/\/montecarloliving.com\/fr\/#\/schema\/person\/7e5945d4560862b7f2d2c6831bda2819"},"description":"La septi\u00e8me \u00e9dition de la F\u00eate de la Truffe \u00e0 Saint-Laurent-du-Var aura lieu le dimanche 4 f\u00e9vrier 2024 sur la place de la mairie. Organis\u00e9e par le Lions","breadcrumb":{"@id":"https:\/\/montecarloliving.com\/fr\/evenements\/fete-de-truffe-saint-laurent-du-var-2024-6815\/#breadcrumb"},"inLanguage":"fr-FR","potentialAction":[{"@type":"ReadAction","target":["https:\/\/montecarloliving.com\/fr\/evenements\/fete-de-truffe-saint-laurent-du-var-2024-6815\/"]}]},{"@type":"ImageObject","inLanguage":"fr-FR","@id":"https:\/\/montecarloliving.com\/fr\/evenements\/fete-de-truffe-saint-laurent-du-var-2024-6815\/#primaryimage","url":"https:\/\/montecarloliving.com\/wp-content\/uploads\/2024\/01\/DSC_1433-1-scaled-1.jpg","contentUrl":"https:\/\/montecarloliving.com\/wp-content\/uploads\/2024\/01\/DSC_1433-1-scaled-1.jpg","width":2560,"height":1704},{"@type":"BreadcrumbList","@id":"https:\/\/montecarloliving.com\/fr\/evenements\/fete-de-truffe-saint-laurent-du-var-2024-6815\/#breadcrumb","itemListElement":[{"@type":"ListItem","position":1,"name":"Home","item":"https:\/\/montecarloliving.com\/fr\/"},{"@type":"ListItem","position":2,"name":"F\u00eate de la Truffe \u00e0 Saint-Laurent-du-Var 2024"}]},{"@type":"WebSite","@id":"https:\/\/montecarloliving.com\/fr\/#website","url":"https:\/\/montecarloliving.com\/fr\/","name":"Montecarlo Living","description":"News da Montecarlo - Principato di Monaco e Costa Azzurra","potentialAction":[{"@type":"SearchAction","target":{"@type":"EntryPoint","urlTemplate":"https:\/\/montecarloliving.com\/fr\/?s={search_term_string}"},"query-input":{"@type":"PropertyValueSpecification","valueRequired":true,"valueName":"search_term_string"}}],"inLanguage":"fr-FR"},{"@type":"Person","@id":"https:\/\/montecarloliving.com\/fr\/#\/schema\/person\/7e5945d4560862b7f2d2c6831bda2819","name":"Redazione","image":{"@type":"ImageObject","inLanguage":"fr-FR","@id":"https:\/\/secure.gravatar.com\/avatar\/8b5f26557e18fe74ad8e8a57ebb2925d88af8a90cee489ff2beefb391bc9b9c7?s=96&d=mm&r=g","url":"https:\/\/secure.gravatar.com\/avatar\/8b5f26557e18fe74ad8e8a57ebb2925d88af8a90cee489ff2beefb391bc9b9c7?s=96&d=mm&r=g","contentUrl":"https:\/\/secure.gravatar.com\/avatar\/8b5f26557e18fe74ad8e8a57ebb2925d88af8a90cee489ff2beefb391bc9b9c7?s=96&d=mm&r=g","caption":"Redazione"}}]}},"_links":{"self":[{"href":"https:\/\/montecarloliving.com\/fr\/wp-json\/wp\/v2\/posts\/6815","targetHints":{"allow":["GET"]}}],"collection":[{"href":"https:\/\/montecarloliving.com\/fr\/wp-json\/wp\/v2\/posts"}],"about":[{"href":"https:\/\/montecarloliving.com\/fr\/wp-json\/wp\/v2\/types\/post"}],"author":[{"embeddable":true,"href":"https:\/\/montecarloliving.com\/fr\/wp-json\/wp\/v2\/users\/1"}],"replies":[{"embeddable":true,"href":"https:\/\/montecarloliving.com\/fr\/wp-json\/wp\/v2\/comments?post=6815"}],"version-history":[{"count":2,"href":"https:\/\/montecarloliving.com\/fr\/wp-json\/wp\/v2\/posts\/6815\/revisions"}],"predecessor-version":[{"id":6827,"href":"https:\/\/montecarloliving.com\/fr\/wp-json\/wp\/v2\/posts\/6815\/revisions\/6827"}],"wp:featuredmedia":[{"embeddable":true,"href":"https:\/\/montecarloliving.com\/fr\/wp-json\/wp\/v2\/media\/6813"}],"wp:attachment":[{"href":"https:\/\/montecarloliving.com\/fr\/wp-json\/wp\/v2\/media?parent=6815"}],"wp:term":[{"taxonomy":"category","embeddable":true,"href":"https:\/\/montecarloliving.com\/fr\/wp-json\/wp\/v2\/categories?post=6815"},{"taxonomy":"post_tag","embeddable":true,"href":"https:\/\/montecarloliving.com\/fr\/wp-json\/wp\/v2\/tags?post=6815"}],"curies":[{"name":"wp","href":"https:\/\/api.w.org\/{rel}","templated":true}]}}