{"id":6728,"date":"2024-01-22T10:35:11","date_gmt":"2024-01-22T09:35:11","guid":{"rendered":"https:\/\/montecarloliving.com\/?p=6728"},"modified":"2024-01-19T10:04:28","modified_gmt":"2024-01-19T09:04:28","slug":"fondation-prince-pierre-de-monaco-saison-2024","status":"publish","type":"post","link":"https:\/\/montecarloliving.com\/fr\/evenements\/fondation-prince-pierre-de-monaco-saison-2024-6728\/","title":{"rendered":"La Fondation Prince Pierre de Monaco saison 2024"},"content":{"rendered":"<div class=\"flex-1 overflow-hidden\">\n<div class=\"react-scroll-to-bottom--css-gdxbg-79elbk h-full\">\n<div class=\"react-scroll-to-bottom--css-gdxbg-1n7m0yu\">\n<div class=\"flex flex-col pb-9 text-sm\">\n<div class=\"w-full text-token-text-primary\" data-testid=\"conversation-turn-5\">\n<div class=\"px-4 py-2 justify-center text-base md:gap-6 m-auto\">\n<div class=\"flex flex-1 text-base mx-auto gap-3 md:px-5 lg:px-1 xl:px-5 md:max-w-3xl lg:max-w-[40rem] xl:max-w-[48rem] group final-completion\">\n<div class=\"relative flex w-full flex-col lg:w-[calc(100%-115px)] agent-turn\">\n<div class=\"flex-col gap-1 md:gap-3\">\n<div class=\"flex flex-grow flex-col max-w-full\">\n<div class=\"min-h-[20px] text-message flex flex-col items-start gap-3 whitespace-pre-wrap break-words [.text-message+&amp;]:mt-5 overflow-x-auto\" data-message-author-role=\"assistant\" data-message-id=\"9b61c6d5-6240-4782-a29d-1c9e20f6d379\">\n<div class=\"markdown prose w-full break-words dark:prose-invert light\">\n<p>Une nouvelle saison d\u00e9di\u00e9e \u00e0 l&rsquo;Art sous toutes ses formes, de l&rsquo;inspiration \u00e0 la cr\u00e9ation. Musique, cin\u00e9ma, sciences humaines, litt\u00e9rature, arts plastiques et de la sc\u00e8ne&#8230; une multitude d&rsquo;exp\u00e9riences \u00e0 d\u00e9couvrir avec la Fondation Prince Pierre, \u00e0 Monaco, Strasbourg, Bruxelles et Paris.<\/p>\n<h3>\u00c0 Monaco, \u00e0 18h30 au Th\u00e9\u00e2tre des Vari\u00e9t\u00e9s<\/h3>\n<p><strong>Lundi 22 janvier : Bruno MANTOVANI, compositeur et chef d&rsquo;orchestre Musique pure et op\u00e9ra<\/strong> : la question de l&rsquo;inspiration Pour cette conf\u00e9rence, Bruno Mantovani propose de nous plonger dans son univers en \u00e9voquant les diff\u00e9rentes sources d&rsquo;inspiration qui le nourrissent. \u00c0 travers l&rsquo;\u00e9coute et la vision d&rsquo;extraits vari\u00e9s, il situera sa production dans une perspective historique, soulignant d&rsquo;une part la relation entre ses \u0153uvres et celles de ses \u00e9minents coll\u00e8gues du pass\u00e9, et d&rsquo;autre part l&rsquo;importance du choix des livrets pour ses op\u00e9ras sc\u00e9niques. Il \u00e9voquera \u00e9galement d&rsquo;autres disciplines artistiques qui lui tiennent \u00e0 c\u0153ur, de l&rsquo;architecture \u00e0 la litt\u00e9rature en passant par la gastronomie.<\/p>\n<p><strong>Lundi 29 janvier : Les fr\u00e8res LARRIEU, r\u00e9alisateurs et sc\u00e9naristes Master class \u00ab\u00a0Sorte d&rsquo;espaces\u00a0\u00bb interview\u00e9s par Jacques Kermabon, critique de cin\u00e9ma.<\/strong><\/p>\n<p>Dans nos premi\u00e8res pratiques, le cin\u00e9ma \u00e9tait l&rsquo;id\u00e9e de sortir de chez soi avec une cam\u00e9ra pour aller filmer les grands espaces de la montagne, puis rentrer \u00e0 la maison pour projeter sur les murs les images captur\u00e9es. Le cin\u00e9ma comme une fen\u00eatre qui perce la familiarit\u00e9 des murs int\u00e9rieurs pour y introduire un point de fuite, un lieu de rencontre&#8230; \u00bb, Arnaud et Jean-Marie Larrieu. Depuis leurs premiers courts-m\u00e9trages, l&rsquo;importance des espaces dans lesquels se d\u00e9roulent leurs intrigues, une mani\u00e8re de consid\u00e9rer la nature comme une force impr\u00e9visible, comme la circulation du d\u00e9sir qui anime leurs personnages, dessinent les principales forces de leur cin\u00e9ma largement h\u00e9doniste. La conf\u00e9rence est organis\u00e9e en partenariat avec l&rsquo;Institut audiovisuel de Monaco.<\/p>\n<p><strong>Lundi 18 mars : Eva JOSPIN, artiste plasticienne Fabriquer ses Folies : de la For\u00eat \u00e0 la Grotte.<\/strong><\/p>\n<p>\u00c0 quelle promenade nous convie Eva Jospin ? \u00ab\u00a0Ma for\u00eat est totalement mentale. Elle n&rsquo;est pas figurative. Elle refl\u00e8te des pr\u00e9occupations humaines : l&rsquo;id\u00e9e de se perdre ou de se retrouver, notre rapport \u00e0 l&rsquo;enfance aux r\u00e9cits, comme Bambi ou Hansel et Gretel, aux peurs archa\u00efques&#8230; Mes for\u00eats sont propices \u00e0 la fuite mentale.\u00a0\u00bb Dipl\u00f4m\u00e9e de l&rsquo;\u00c9cole sup\u00e9rieure des Beaux-Arts de Paris, laur\u00e9ate du Prix de l&rsquo;Acad\u00e9mie des Beaux-Arts de Paris et pensionnaire de la Villa M\u00e9dicis, Eva Jospin expose r\u00e9guli\u00e8rement en France et dans le monde entier des paysages forestiers et architecturaux qu&rsquo;elle d\u00e9veloppe dans diff\u00e9rents m\u00e9dias. Son travail artistique entre en dialogue avec les lieux d&rsquo;exposition qui l&rsquo;accueillent pour une exp\u00e9rience entre m\u00e9moire, mati\u00e8re et imagination \u00e0 travers des mat\u00e9riaux parfois pr\u00e9cieux, parfois d\u00e9pr\u00e9ci\u00e9s.<\/p>\n<p><strong>Lundi 25 mars : BARTABAS, \u00e9cuyer, chor\u00e9graphe, auteur de Cr\u00e9ation : du vivant \u00e0 l&rsquo;\u00e9crit<\/strong><\/p>\n<p>\u00c9cuyer d&rsquo;exception, chor\u00e9graphe, metteur en sc\u00e8ne, \u00e9crivain et r\u00e9alisateur, Bartabas a invent\u00e9 une forme in\u00e9dite de spectacle vivant : le Th\u00e9\u00e2tre \u00e9questre, qui allie l&rsquo;art \u00e9questre, la danse, la musique et la com\u00e9die. En 1984, il fonde sa compagnie, le Th\u00e9\u00e2tre \u00c9questre Zingaro, qui s&rsquo;installe au Fort d&rsquo;Aubervilliers en 1989 : ses cr\u00e9ations sont \u00e0 chaque fois des \u00e9v\u00e9nements marquants de leur \u00e9poque et triomphent dans le monde entier.<\/p>\n<p><img loading=\"lazy\" decoding=\"async\" class=\"aligncenter\" src=\"https:\/\/www.montecarlonews.it\/typo3temp\/pics\/F_21fbf506ab.jpg\" alt=\"Al via una nuova, grande stagione dedicata all'arte per la Fondazione ...\" width=\"292\" height=\"388\" \/><\/p>\n<p>Lire aussi:\u00a0<a href=\"https:\/\/montecarloliving.com\/fr\/sport-fr\/herculis-ebs-12-juillet-2024-monaco-devoile-ses-epreuves-6075\/\">HERCULIS EBS \u2013 12 JUILLET 2024 : Monaco d\u00e9voile ses \u00e9preuves<\/a><\/p>\n<hr \/>\n<p><a href=\"https:\/\/www.instagram.com\/monte_carlo_living\/\">Visitez notre page Instagram<\/a><\/p>\n<\/div>\n<\/div>\n<\/div>\n<\/div>\n<\/div>\n<\/div>\n<\/div>\n<\/div>\n<\/div>\n<\/div>\n<\/div>\n<\/div>\n<div class=\"w-full pt-2 md:pt-0 dark:border-white\/20 md:border-transparent md:dark:border-transparent md:w-[calc(100%-.5rem)]\">\n<form class=\"stretch mx-2 flex flex-row gap-3 last:mb-2 md:mx-4 md:last:mb-6 lg:mx-auto lg:max-w-2xl xl:max-w-3xl\">\n<div class=\"relative flex h-full flex-1 items-stretch md:flex-col\">\n<div class=\"flex w-full items-center\"><\/div>\n<\/div>\n<\/form>\n<\/div>\n","protected":false},"excerpt":{"rendered":"<p>Une nouvelle saison d\u00e9di\u00e9e \u00e0 l&rsquo;Art sous toutes ses formes, de l&rsquo;inspiration \u00e0 la cr\u00e9ation. Musique, cin\u00e9ma, sciences humaines, litt\u00e9rature, arts plastiques et de la sc\u00e8ne&#8230; une multitude d&rsquo;exp\u00e9riences \u00e0 d\u00e9couvrir avec la Fondation Prince Pierre, \u00e0 Monaco, Strasbourg, Bruxelles et Paris. \u00c0 Monaco, [&hellip;]<\/p>\n","protected":false},"author":1,"featured_media":6725,"comment_status":"closed","ping_status":"closed","sticky":false,"template":"","format":"standard","meta":{"footnotes":""},"categories":[828],"tags":[],"class_list":["post-6728","post","type-post","status-publish","format-standard","has-post-thumbnail","hentry","category-evenements"],"yoast_head":"<!-- This site is optimized with the Yoast SEO plugin v27.4 - https:\/\/yoast.com\/product\/yoast-seo-wordpress\/ -->\n<title>La Fondation Prince Pierre de Monaco saison 2024<\/title>\n<meta name=\"description\" content=\"Une nouvelle saison d\u00e9di\u00e9e \u00e0 l&#039;Art sous toutes ses formes, de l&#039;inspiration \u00e0 la cr\u00e9ation. Musique, cin\u00e9ma, sciences humaines, litt\u00e9rature, arts\" \/>\n<meta name=\"robots\" content=\"index, follow, max-snippet:-1, max-image-preview:large, max-video-preview:-1\" \/>\n<link rel=\"canonical\" href=\"https:\/\/montecarloliving.com\/fr\/evenements\/fondation-prince-pierre-de-monaco-saison-2024-6728\/\" \/>\n<meta property=\"og:locale\" content=\"fr_FR\" \/>\n<meta property=\"og:title\" content=\"La Fondation Prince Pierre de Monaco saison 2024\" \/>\n<meta property=\"og:description\" content=\"Une nouvelle saison d\u00e9di\u00e9e \u00e0 l&#039;Art sous toutes ses formes, de l&#039;inspiration \u00e0 la cr\u00e9ation. Musique, cin\u00e9ma, sciences humaines, litt\u00e9rature, arts\" \/>\n<meta property=\"og:url\" content=\"https:\/\/montecarloliving.com\/fr\/evenements\/fondation-prince-pierre-de-monaco-saison-2024-6728\/\" \/>\n<meta property=\"og:site_name\" content=\"Montecarlo Living\" \/>\n<meta property=\"article:publisher\" content=\"https:\/\/www.facebook.com\/montecarlolivingcom\/\" \/>\n<meta property=\"article:published_time\" content=\"2024-01-22T09:35:11+00:00\" \/>\n<meta property=\"og:image\" content=\"https:\/\/montecarloliving.com\/wp-content\/uploads\/2024\/01\/R-58-650x400.jpg\" \/>\n\t<meta property=\"og:image:width\" content=\"650\" \/>\n\t<meta property=\"og:image:height\" content=\"400\" \/>\n\t<meta property=\"og:image:type\" content=\"image\/jpeg\" \/>\n<meta name=\"author\" content=\"Redazione\" \/>\n<meta name=\"twitter:card\" content=\"summary_large_image\" \/>\n<meta name=\"twitter:creator\" content=\"@MonteCarloLivi\" \/>\n<meta name=\"twitter:site\" content=\"@MonteCarloLivi\" \/>\n<meta name=\"twitter:label1\" content=\"\u00c9crit par\" \/>\n\t<meta name=\"twitter:data1\" content=\"Redazione\" \/>\n\t<meta name=\"twitter:label2\" content=\"Dur\u00e9e de lecture estim\u00e9e\" \/>\n\t<meta name=\"twitter:data2\" content=\"4 minutes\" \/>\n<script type=\"application\/ld+json\" class=\"yoast-schema-graph\">{\"@context\":\"https:\\\/\\\/schema.org\",\"@graph\":[{\"@type\":\"Article\",\"@id\":\"https:\\\/\\\/montecarloliving.com\\\/fr\\\/evenements\\\/fondation-prince-pierre-de-monaco-saison-2024-6728\\\/#article\",\"isPartOf\":{\"@id\":\"https:\\\/\\\/montecarloliving.com\\\/fr\\\/evenements\\\/fondation-prince-pierre-de-monaco-saison-2024-6728\\\/\"},\"author\":{\"name\":\"Redazione\",\"@id\":\"https:\\\/\\\/montecarloliving.com\\\/fr\\\/#\\\/schema\\\/person\\\/7e5945d4560862b7f2d2c6831bda2819\"},\"headline\":\"La Fondation Prince Pierre de Monaco saison 2024\",\"datePublished\":\"2024-01-22T09:35:11+00:00\",\"mainEntityOfPage\":{\"@id\":\"https:\\\/\\\/montecarloliving.com\\\/fr\\\/evenements\\\/fondation-prince-pierre-de-monaco-saison-2024-6728\\\/\"},\"wordCount\":619,\"image\":{\"@id\":\"https:\\\/\\\/montecarloliving.com\\\/fr\\\/evenements\\\/fondation-prince-pierre-de-monaco-saison-2024-6728\\\/#primaryimage\"},\"thumbnailUrl\":\"https:\\\/\\\/montecarloliving.com\\\/wp-content\\\/uploads\\\/2024\\\/01\\\/R-58.jpg\",\"articleSection\":[\"\u00c9v\u00e9nements\"],\"inLanguage\":\"fr-FR\"},{\"@type\":\"WebPage\",\"@id\":\"https:\\\/\\\/montecarloliving.com\\\/fr\\\/evenements\\\/fondation-prince-pierre-de-monaco-saison-2024-6728\\\/\",\"url\":\"https:\\\/\\\/montecarloliving.com\\\/fr\\\/evenements\\\/fondation-prince-pierre-de-monaco-saison-2024-6728\\\/\",\"name\":\"La Fondation Prince Pierre de Monaco saison 2024\",\"isPartOf\":{\"@id\":\"https:\\\/\\\/montecarloliving.com\\\/fr\\\/#website\"},\"primaryImageOfPage\":{\"@id\":\"https:\\\/\\\/montecarloliving.com\\\/fr\\\/evenements\\\/fondation-prince-pierre-de-monaco-saison-2024-6728\\\/#primaryimage\"},\"image\":{\"@id\":\"https:\\\/\\\/montecarloliving.com\\\/fr\\\/evenements\\\/fondation-prince-pierre-de-monaco-saison-2024-6728\\\/#primaryimage\"},\"thumbnailUrl\":\"https:\\\/\\\/montecarloliving.com\\\/wp-content\\\/uploads\\\/2024\\\/01\\\/R-58.jpg\",\"datePublished\":\"2024-01-22T09:35:11+00:00\",\"author\":{\"@id\":\"https:\\\/\\\/montecarloliving.com\\\/fr\\\/#\\\/schema\\\/person\\\/7e5945d4560862b7f2d2c6831bda2819\"},\"description\":\"Une nouvelle saison d\u00e9di\u00e9e \u00e0 l'Art sous toutes ses formes, de l'inspiration \u00e0 la cr\u00e9ation. Musique, cin\u00e9ma, sciences humaines, litt\u00e9rature, arts\",\"breadcrumb\":{\"@id\":\"https:\\\/\\\/montecarloliving.com\\\/fr\\\/evenements\\\/fondation-prince-pierre-de-monaco-saison-2024-6728\\\/#breadcrumb\"},\"inLanguage\":\"fr-FR\",\"potentialAction\":[{\"@type\":\"ReadAction\",\"target\":[\"https:\\\/\\\/montecarloliving.com\\\/fr\\\/evenements\\\/fondation-prince-pierre-de-monaco-saison-2024-6728\\\/\"]}]},{\"@type\":\"ImageObject\",\"inLanguage\":\"fr-FR\",\"@id\":\"https:\\\/\\\/montecarloliving.com\\\/fr\\\/evenements\\\/fondation-prince-pierre-de-monaco-saison-2024-6728\\\/#primaryimage\",\"url\":\"https:\\\/\\\/montecarloliving.com\\\/wp-content\\\/uploads\\\/2024\\\/01\\\/R-58.jpg\",\"contentUrl\":\"https:\\\/\\\/montecarloliving.com\\\/wp-content\\\/uploads\\\/2024\\\/01\\\/R-58.jpg\",\"width\":1536,\"height\":1024},{\"@type\":\"BreadcrumbList\",\"@id\":\"https:\\\/\\\/montecarloliving.com\\\/fr\\\/evenements\\\/fondation-prince-pierre-de-monaco-saison-2024-6728\\\/#breadcrumb\",\"itemListElement\":[{\"@type\":\"ListItem\",\"position\":1,\"name\":\"Home\",\"item\":\"https:\\\/\\\/montecarloliving.com\\\/fr\\\/\"},{\"@type\":\"ListItem\",\"position\":2,\"name\":\"La Fondation Prince Pierre de Monaco saison 2024\"}]},{\"@type\":\"WebSite\",\"@id\":\"https:\\\/\\\/montecarloliving.com\\\/fr\\\/#website\",\"url\":\"https:\\\/\\\/montecarloliving.com\\\/fr\\\/\",\"name\":\"Montecarlo Living\",\"description\":\"News da Montecarlo - Principato di Monaco e Costa Azzurra\",\"potentialAction\":[{\"@type\":\"SearchAction\",\"target\":{\"@type\":\"EntryPoint\",\"urlTemplate\":\"https:\\\/\\\/montecarloliving.com\\\/fr\\\/?s={search_term_string}\"},\"query-input\":{\"@type\":\"PropertyValueSpecification\",\"valueRequired\":true,\"valueName\":\"search_term_string\"}}],\"inLanguage\":\"fr-FR\"},{\"@type\":\"Person\",\"@id\":\"https:\\\/\\\/montecarloliving.com\\\/fr\\\/#\\\/schema\\\/person\\\/7e5945d4560862b7f2d2c6831bda2819\",\"name\":\"Redazione\",\"image\":{\"@type\":\"ImageObject\",\"inLanguage\":\"fr-FR\",\"@id\":\"https:\\\/\\\/secure.gravatar.com\\\/avatar\\\/8b5f26557e18fe74ad8e8a57ebb2925d88af8a90cee489ff2beefb391bc9b9c7?s=96&d=mm&r=g\",\"url\":\"https:\\\/\\\/secure.gravatar.com\\\/avatar\\\/8b5f26557e18fe74ad8e8a57ebb2925d88af8a90cee489ff2beefb391bc9b9c7?s=96&d=mm&r=g\",\"contentUrl\":\"https:\\\/\\\/secure.gravatar.com\\\/avatar\\\/8b5f26557e18fe74ad8e8a57ebb2925d88af8a90cee489ff2beefb391bc9b9c7?s=96&d=mm&r=g\",\"caption\":\"Redazione\"}}]}<\/script>\n<!-- \/ Yoast SEO plugin. -->","yoast_head_json":{"title":"La Fondation Prince Pierre de Monaco saison 2024","description":"Une nouvelle saison d\u00e9di\u00e9e \u00e0 l'Art sous toutes ses formes, de l'inspiration \u00e0 la cr\u00e9ation. Musique, cin\u00e9ma, sciences humaines, litt\u00e9rature, arts","robots":{"index":"index","follow":"follow","max-snippet":"max-snippet:-1","max-image-preview":"max-image-preview:large","max-video-preview":"max-video-preview:-1"},"canonical":"https:\/\/montecarloliving.com\/fr\/evenements\/fondation-prince-pierre-de-monaco-saison-2024-6728\/","og_locale":"fr_FR","og_title":"La Fondation Prince Pierre de Monaco saison 2024","og_description":"Une nouvelle saison d\u00e9di\u00e9e \u00e0 l'Art sous toutes ses formes, de l'inspiration \u00e0 la cr\u00e9ation. Musique, cin\u00e9ma, sciences humaines, litt\u00e9rature, arts","og_url":"https:\/\/montecarloliving.com\/fr\/evenements\/fondation-prince-pierre-de-monaco-saison-2024-6728\/","og_site_name":"Montecarlo Living","article_publisher":"https:\/\/www.facebook.com\/montecarlolivingcom\/","article_published_time":"2024-01-22T09:35:11+00:00","og_image":[{"width":650,"height":400,"url":"https:\/\/montecarloliving.com\/wp-content\/uploads\/2024\/01\/R-58-650x400.jpg","type":"image\/jpeg"}],"author":"Redazione","twitter_card":"summary_large_image","twitter_creator":"@MonteCarloLivi","twitter_site":"@MonteCarloLivi","twitter_misc":{"\u00c9crit par":"Redazione","Dur\u00e9e de lecture estim\u00e9e":"4 minutes"},"schema":{"@context":"https:\/\/schema.org","@graph":[{"@type":"Article","@id":"https:\/\/montecarloliving.com\/fr\/evenements\/fondation-prince-pierre-de-monaco-saison-2024-6728\/#article","isPartOf":{"@id":"https:\/\/montecarloliving.com\/fr\/evenements\/fondation-prince-pierre-de-monaco-saison-2024-6728\/"},"author":{"name":"Redazione","@id":"https:\/\/montecarloliving.com\/fr\/#\/schema\/person\/7e5945d4560862b7f2d2c6831bda2819"},"headline":"La Fondation Prince Pierre de Monaco saison 2024","datePublished":"2024-01-22T09:35:11+00:00","mainEntityOfPage":{"@id":"https:\/\/montecarloliving.com\/fr\/evenements\/fondation-prince-pierre-de-monaco-saison-2024-6728\/"},"wordCount":619,"image":{"@id":"https:\/\/montecarloliving.com\/fr\/evenements\/fondation-prince-pierre-de-monaco-saison-2024-6728\/#primaryimage"},"thumbnailUrl":"https:\/\/montecarloliving.com\/wp-content\/uploads\/2024\/01\/R-58.jpg","articleSection":["\u00c9v\u00e9nements"],"inLanguage":"fr-FR"},{"@type":"WebPage","@id":"https:\/\/montecarloliving.com\/fr\/evenements\/fondation-prince-pierre-de-monaco-saison-2024-6728\/","url":"https:\/\/montecarloliving.com\/fr\/evenements\/fondation-prince-pierre-de-monaco-saison-2024-6728\/","name":"La Fondation Prince Pierre de Monaco saison 2024","isPartOf":{"@id":"https:\/\/montecarloliving.com\/fr\/#website"},"primaryImageOfPage":{"@id":"https:\/\/montecarloliving.com\/fr\/evenements\/fondation-prince-pierre-de-monaco-saison-2024-6728\/#primaryimage"},"image":{"@id":"https:\/\/montecarloliving.com\/fr\/evenements\/fondation-prince-pierre-de-monaco-saison-2024-6728\/#primaryimage"},"thumbnailUrl":"https:\/\/montecarloliving.com\/wp-content\/uploads\/2024\/01\/R-58.jpg","datePublished":"2024-01-22T09:35:11+00:00","author":{"@id":"https:\/\/montecarloliving.com\/fr\/#\/schema\/person\/7e5945d4560862b7f2d2c6831bda2819"},"description":"Une nouvelle saison d\u00e9di\u00e9e \u00e0 l'Art sous toutes ses formes, de l'inspiration \u00e0 la cr\u00e9ation. Musique, cin\u00e9ma, sciences humaines, litt\u00e9rature, arts","breadcrumb":{"@id":"https:\/\/montecarloliving.com\/fr\/evenements\/fondation-prince-pierre-de-monaco-saison-2024-6728\/#breadcrumb"},"inLanguage":"fr-FR","potentialAction":[{"@type":"ReadAction","target":["https:\/\/montecarloliving.com\/fr\/evenements\/fondation-prince-pierre-de-monaco-saison-2024-6728\/"]}]},{"@type":"ImageObject","inLanguage":"fr-FR","@id":"https:\/\/montecarloliving.com\/fr\/evenements\/fondation-prince-pierre-de-monaco-saison-2024-6728\/#primaryimage","url":"https:\/\/montecarloliving.com\/wp-content\/uploads\/2024\/01\/R-58.jpg","contentUrl":"https:\/\/montecarloliving.com\/wp-content\/uploads\/2024\/01\/R-58.jpg","width":1536,"height":1024},{"@type":"BreadcrumbList","@id":"https:\/\/montecarloliving.com\/fr\/evenements\/fondation-prince-pierre-de-monaco-saison-2024-6728\/#breadcrumb","itemListElement":[{"@type":"ListItem","position":1,"name":"Home","item":"https:\/\/montecarloliving.com\/fr\/"},{"@type":"ListItem","position":2,"name":"La Fondation Prince Pierre de Monaco saison 2024"}]},{"@type":"WebSite","@id":"https:\/\/montecarloliving.com\/fr\/#website","url":"https:\/\/montecarloliving.com\/fr\/","name":"Montecarlo Living","description":"News da Montecarlo - Principato di Monaco e Costa Azzurra","potentialAction":[{"@type":"SearchAction","target":{"@type":"EntryPoint","urlTemplate":"https:\/\/montecarloliving.com\/fr\/?s={search_term_string}"},"query-input":{"@type":"PropertyValueSpecification","valueRequired":true,"valueName":"search_term_string"}}],"inLanguage":"fr-FR"},{"@type":"Person","@id":"https:\/\/montecarloliving.com\/fr\/#\/schema\/person\/7e5945d4560862b7f2d2c6831bda2819","name":"Redazione","image":{"@type":"ImageObject","inLanguage":"fr-FR","@id":"https:\/\/secure.gravatar.com\/avatar\/8b5f26557e18fe74ad8e8a57ebb2925d88af8a90cee489ff2beefb391bc9b9c7?s=96&d=mm&r=g","url":"https:\/\/secure.gravatar.com\/avatar\/8b5f26557e18fe74ad8e8a57ebb2925d88af8a90cee489ff2beefb391bc9b9c7?s=96&d=mm&r=g","contentUrl":"https:\/\/secure.gravatar.com\/avatar\/8b5f26557e18fe74ad8e8a57ebb2925d88af8a90cee489ff2beefb391bc9b9c7?s=96&d=mm&r=g","caption":"Redazione"}}]}},"_links":{"self":[{"href":"https:\/\/montecarloliving.com\/fr\/wp-json\/wp\/v2\/posts\/6728","targetHints":{"allow":["GET"]}}],"collection":[{"href":"https:\/\/montecarloliving.com\/fr\/wp-json\/wp\/v2\/posts"}],"about":[{"href":"https:\/\/montecarloliving.com\/fr\/wp-json\/wp\/v2\/types\/post"}],"author":[{"embeddable":true,"href":"https:\/\/montecarloliving.com\/fr\/wp-json\/wp\/v2\/users\/1"}],"replies":[{"embeddable":true,"href":"https:\/\/montecarloliving.com\/fr\/wp-json\/wp\/v2\/comments?post=6728"}],"version-history":[{"count":2,"href":"https:\/\/montecarloliving.com\/fr\/wp-json\/wp\/v2\/posts\/6728\/revisions"}],"predecessor-version":[{"id":6747,"href":"https:\/\/montecarloliving.com\/fr\/wp-json\/wp\/v2\/posts\/6728\/revisions\/6747"}],"wp:featuredmedia":[{"embeddable":true,"href":"https:\/\/montecarloliving.com\/fr\/wp-json\/wp\/v2\/media\/6725"}],"wp:attachment":[{"href":"https:\/\/montecarloliving.com\/fr\/wp-json\/wp\/v2\/media?parent=6728"}],"wp:term":[{"taxonomy":"category","embeddable":true,"href":"https:\/\/montecarloliving.com\/fr\/wp-json\/wp\/v2\/categories?post=6728"},{"taxonomy":"post_tag","embeddable":true,"href":"https:\/\/montecarloliving.com\/fr\/wp-json\/wp\/v2\/tags?post=6728"}],"curies":[{"name":"wp","href":"https:\/\/api.w.org\/{rel}","templated":true}]}}