{"id":6703,"date":"2024-01-18T11:43:00","date_gmt":"2024-01-18T10:43:00","guid":{"rendered":"https:\/\/montecarloliving.com\/?p=6703"},"modified":"2024-01-18T11:43:00","modified_gmt":"2024-01-18T10:43:00","slug":"fete-du-ski-auron","status":"publish","type":"post","link":"https:\/\/montecarloliving.com\/fr\/evenements\/fete-du-ski-auron-6703\/","title":{"rendered":"F\u00eate du Ski \u00e0 Auron"},"content":{"rendered":"<p>Deux journ\u00e9es magnifiques pour explorer et red\u00e9couvrir le monde du ski sous toutes ses formes, avec des activit\u00e9s encadr\u00e9es par les moniteurs de l&rsquo;ESF d&rsquo;Auron.<\/p>\n<p>Un week-end exceptionnel pour s&rsquo;initier au ski et au snowboard \u00e0 un co\u00fbt tr\u00e8s avantageux de seulement 7 \u20ac pour le forfait, qui sera m\u00eame gratuit pour les d\u00e9butants.<\/p>\n<h3>PROGRAMME :<\/h3>\n<p><em><strong>Samedi 20\/01<\/strong><\/em><\/p>\n<p>10h-12h : Biathlon au sommet du Blainon &#8211; Acc\u00e8s gratuit &#8211; \u00c2ge minimum : 7 ans.<\/p>\n<p>10h : Ski Safari sur le domaine skiable (jeu de piste) &#8211; Acc\u00e8s libre &#8211; Rendez-vous devant l&rsquo;ESF (Plateau de Chastellar\u00e8s) &#8211; Possibilit\u00e9 de gagner des prix.<\/p>\n<p>14h-16h : Initiation au Ski ou au Snowboard pour Adultes<\/p>\n<p>14h-16h : Ski de vitesse* &#8211; Travers\u00e9e du Colombier &#8211; Acc\u00e8s libre &#8211; Bon niveau de ski requis.<\/p>\n<p>16h30-18h00 : Excursion de ski en montagne au coucher du soleil<\/p>\n<p><em><strong>Dimanche 21\/01<\/strong><\/em><\/p>\n<p>10h-12h : Biathlon au sommet du Blainon &#8211; Acc\u00e8s libre &#8211; \u00c2ge minimum : 7 ans.<\/p>\n<p>10h : Ski Safari sur le domaine skiable (jeu de piste) &#8211; Acc\u00e8s libre &#8211; Rendez-vous devant l&rsquo;ESF (Plateau de Chastellar\u00e8s) &#8211; Possibilit\u00e9 de gagner des prix.<\/p>\n<p>14h-16h : Initiation au Telemark &#8211; Niveau de ski : confirm\u00e9 &#8211; \u00c2ge minimum : 10 ans.<\/p>\n<p>14h-16h : Ski de vitesse &#8211; Travers\u00e9e du Colombier &#8211; Acc\u00e8s libre &#8211; Bon niveau de ski requis.<\/p>\n<p>16h30 : Remise des prix du Ski Safari &#8211; Rendez-vous devant l&rsquo;ESF (Plateau de Chastellar\u00e8s) avec le billet d&rsquo;or.<\/p>\n<hr \/>\n<p>Lisez \u00e9galement : <a href=\"https:\/\/montecarloliving.com\/fr\/actualite\/sortie-monaco-est-de-la8-est-officiellement-ouverte-6321\/\">La sortie Monaco Est de l&rsquo;A8 est officiellement ouverte. (montecarloliving.com)<\/a><\/p>\n<hr \/>\n<p><a href=\"https:\/\/www.instagram.com\/monte_carlo_living\/\">Visitez notre page Instagram.<\/a><\/p>\n","protected":false},"excerpt":{"rendered":"<p>Deux journ\u00e9es magnifiques pour explorer et red\u00e9couvrir le monde du ski sous toutes ses formes, avec des activit\u00e9s encadr\u00e9es par les moniteurs de l&rsquo;ESF d&rsquo;Auron. Un week-end exceptionnel pour s&rsquo;initier au ski et au snowboard \u00e0 un co\u00fbt tr\u00e8s avantageux de seulement 7 \u20ac [&hellip;]<\/p>\n","protected":false},"author":1,"featured_media":6700,"comment_status":"closed","ping_status":"closed","sticky":false,"template":"","format":"standard","meta":{"footnotes":""},"categories":[828],"tags":[],"class_list":["post-6703","post","type-post","status-publish","format-standard","has-post-thumbnail","hentry","category-evenements"],"yoast_head":"<!-- This site is optimized with the Yoast SEO plugin v27.5 - https:\/\/yoast.com\/product\/yoast-seo-wordpress\/ -->\n<title>F\u00eate du Ski \u00e0 Auron<\/title>\n<meta name=\"description\" content=\"Deux journ\u00e9es magnifiques pour explorer et red\u00e9couvrir le monde du ski sous toutes ses formes, avec des activit\u00e9s encadr\u00e9es par les moniteurs de l&#039;ESF\" \/>\n<meta name=\"robots\" content=\"index, follow, max-snippet:-1, max-image-preview:large, max-video-preview:-1\" \/>\n<link rel=\"canonical\" href=\"https:\/\/montecarloliving.com\/fr\/evenements\/fete-du-ski-auron-6703\/\" \/>\n<meta property=\"og:locale\" content=\"fr_FR\" \/>\n<meta property=\"og:title\" content=\"F\u00eate du Ski \u00e0 Auron\" \/>\n<meta property=\"og:description\" content=\"Deux journ\u00e9es magnifiques pour explorer et red\u00e9couvrir le monde du ski sous toutes ses formes, avec des activit\u00e9s encadr\u00e9es par les moniteurs de l&#039;ESF\" \/>\n<meta property=\"og:url\" content=\"https:\/\/montecarloliving.com\/fr\/evenements\/fete-du-ski-auron-6703\/\" \/>\n<meta property=\"og:site_name\" content=\"Montecarlo Living\" \/>\n<meta property=\"article:publisher\" content=\"https:\/\/www.facebook.com\/montecarlolivingcom\/\" \/>\n<meta property=\"article:published_time\" content=\"2024-01-18T10:43:00+00:00\" \/>\n<meta property=\"og:image\" content=\"https:\/\/montecarloliving.com\/wp-content\/uploads\/2024\/01\/sciare_low_cost-1-650x400.webp\" \/>\n\t<meta property=\"og:image:width\" content=\"650\" \/>\n\t<meta property=\"og:image:height\" content=\"400\" \/>\n\t<meta property=\"og:image:type\" content=\"image\/webp\" \/>\n<meta name=\"author\" content=\"Redazione\" \/>\n<meta name=\"twitter:card\" content=\"summary_large_image\" \/>\n<meta name=\"twitter:creator\" content=\"@MonteCarloLivi\" \/>\n<meta name=\"twitter:site\" content=\"@MonteCarloLivi\" \/>\n<meta name=\"twitter:label1\" content=\"\u00c9crit par\" \/>\n\t<meta name=\"twitter:data1\" content=\"Redazione\" \/>\n\t<meta name=\"twitter:label2\" content=\"Dur\u00e9e de lecture estim\u00e9e\" \/>\n\t<meta name=\"twitter:data2\" content=\"2 minutes\" \/>\n<script type=\"application\/ld+json\" class=\"yoast-schema-graph\">{\"@context\":\"https:\\\/\\\/schema.org\",\"@graph\":[{\"@type\":\"Article\",\"@id\":\"https:\\\/\\\/montecarloliving.com\\\/fr\\\/evenements\\\/fete-du-ski-auron-6703\\\/#article\",\"isPartOf\":{\"@id\":\"https:\\\/\\\/montecarloliving.com\\\/fr\\\/evenements\\\/fete-du-ski-auron-6703\\\/\"},\"author\":{\"name\":\"Redazione\",\"@id\":\"https:\\\/\\\/montecarloliving.com\\\/fr\\\/#\\\/schema\\\/person\\\/7e5945d4560862b7f2d2c6831bda2819\"},\"headline\":\"F\u00eate du Ski \u00e0 Auron\",\"datePublished\":\"2024-01-18T10:43:00+00:00\",\"mainEntityOfPage\":{\"@id\":\"https:\\\/\\\/montecarloliving.com\\\/fr\\\/evenements\\\/fete-du-ski-auron-6703\\\/\"},\"wordCount\":273,\"image\":{\"@id\":\"https:\\\/\\\/montecarloliving.com\\\/fr\\\/evenements\\\/fete-du-ski-auron-6703\\\/#primaryimage\"},\"thumbnailUrl\":\"https:\\\/\\\/montecarloliving.com\\\/wp-content\\\/uploads\\\/2024\\\/01\\\/sciare_low_cost-1.webp\",\"articleSection\":[\"\u00c9v\u00e9nements\"],\"inLanguage\":\"fr-FR\"},{\"@type\":\"WebPage\",\"@id\":\"https:\\\/\\\/montecarloliving.com\\\/fr\\\/evenements\\\/fete-du-ski-auron-6703\\\/\",\"url\":\"https:\\\/\\\/montecarloliving.com\\\/fr\\\/evenements\\\/fete-du-ski-auron-6703\\\/\",\"name\":\"F\u00eate du Ski \u00e0 Auron\",\"isPartOf\":{\"@id\":\"https:\\\/\\\/montecarloliving.com\\\/fr\\\/#website\"},\"primaryImageOfPage\":{\"@id\":\"https:\\\/\\\/montecarloliving.com\\\/fr\\\/evenements\\\/fete-du-ski-auron-6703\\\/#primaryimage\"},\"image\":{\"@id\":\"https:\\\/\\\/montecarloliving.com\\\/fr\\\/evenements\\\/fete-du-ski-auron-6703\\\/#primaryimage\"},\"thumbnailUrl\":\"https:\\\/\\\/montecarloliving.com\\\/wp-content\\\/uploads\\\/2024\\\/01\\\/sciare_low_cost-1.webp\",\"datePublished\":\"2024-01-18T10:43:00+00:00\",\"author\":{\"@id\":\"https:\\\/\\\/montecarloliving.com\\\/fr\\\/#\\\/schema\\\/person\\\/7e5945d4560862b7f2d2c6831bda2819\"},\"description\":\"Deux journ\u00e9es magnifiques pour explorer et red\u00e9couvrir le monde du ski sous toutes ses formes, avec des activit\u00e9s encadr\u00e9es par les moniteurs de l'ESF\",\"breadcrumb\":{\"@id\":\"https:\\\/\\\/montecarloliving.com\\\/fr\\\/evenements\\\/fete-du-ski-auron-6703\\\/#breadcrumb\"},\"inLanguage\":\"fr-FR\",\"potentialAction\":[{\"@type\":\"ReadAction\",\"target\":[\"https:\\\/\\\/montecarloliving.com\\\/fr\\\/evenements\\\/fete-du-ski-auron-6703\\\/\"]}]},{\"@type\":\"ImageObject\",\"inLanguage\":\"fr-FR\",\"@id\":\"https:\\\/\\\/montecarloliving.com\\\/fr\\\/evenements\\\/fete-du-ski-auron-6703\\\/#primaryimage\",\"url\":\"https:\\\/\\\/montecarloliving.com\\\/wp-content\\\/uploads\\\/2024\\\/01\\\/sciare_low_cost-1.webp\",\"contentUrl\":\"https:\\\/\\\/montecarloliving.com\\\/wp-content\\\/uploads\\\/2024\\\/01\\\/sciare_low_cost-1.webp\",\"width\":1217,\"height\":694},{\"@type\":\"BreadcrumbList\",\"@id\":\"https:\\\/\\\/montecarloliving.com\\\/fr\\\/evenements\\\/fete-du-ski-auron-6703\\\/#breadcrumb\",\"itemListElement\":[{\"@type\":\"ListItem\",\"position\":1,\"name\":\"Home\",\"item\":\"https:\\\/\\\/montecarloliving.com\\\/fr\\\/\"},{\"@type\":\"ListItem\",\"position\":2,\"name\":\"F\u00eate du Ski \u00e0 Auron\"}]},{\"@type\":\"WebSite\",\"@id\":\"https:\\\/\\\/montecarloliving.com\\\/fr\\\/#website\",\"url\":\"https:\\\/\\\/montecarloliving.com\\\/fr\\\/\",\"name\":\"Montecarlo Living\",\"description\":\"News da Montecarlo - Principato di Monaco e Costa Azzurra\",\"potentialAction\":[{\"@type\":\"SearchAction\",\"target\":{\"@type\":\"EntryPoint\",\"urlTemplate\":\"https:\\\/\\\/montecarloliving.com\\\/fr\\\/?s={search_term_string}\"},\"query-input\":{\"@type\":\"PropertyValueSpecification\",\"valueRequired\":true,\"valueName\":\"search_term_string\"}}],\"inLanguage\":\"fr-FR\"},{\"@type\":\"Person\",\"@id\":\"https:\\\/\\\/montecarloliving.com\\\/fr\\\/#\\\/schema\\\/person\\\/7e5945d4560862b7f2d2c6831bda2819\",\"name\":\"Redazione\",\"image\":{\"@type\":\"ImageObject\",\"inLanguage\":\"fr-FR\",\"@id\":\"https:\\\/\\\/secure.gravatar.com\\\/avatar\\\/8b5f26557e18fe74ad8e8a57ebb2925d88af8a90cee489ff2beefb391bc9b9c7?s=96&d=mm&r=g\",\"url\":\"https:\\\/\\\/secure.gravatar.com\\\/avatar\\\/8b5f26557e18fe74ad8e8a57ebb2925d88af8a90cee489ff2beefb391bc9b9c7?s=96&d=mm&r=g\",\"contentUrl\":\"https:\\\/\\\/secure.gravatar.com\\\/avatar\\\/8b5f26557e18fe74ad8e8a57ebb2925d88af8a90cee489ff2beefb391bc9b9c7?s=96&d=mm&r=g\",\"caption\":\"Redazione\"}}]}<\/script>\n<!-- \/ Yoast SEO plugin. -->","yoast_head_json":{"title":"F\u00eate du Ski \u00e0 Auron","description":"Deux journ\u00e9es magnifiques pour explorer et red\u00e9couvrir le monde du ski sous toutes ses formes, avec des activit\u00e9s encadr\u00e9es par les moniteurs de l'ESF","robots":{"index":"index","follow":"follow","max-snippet":"max-snippet:-1","max-image-preview":"max-image-preview:large","max-video-preview":"max-video-preview:-1"},"canonical":"https:\/\/montecarloliving.com\/fr\/evenements\/fete-du-ski-auron-6703\/","og_locale":"fr_FR","og_title":"F\u00eate du Ski \u00e0 Auron","og_description":"Deux journ\u00e9es magnifiques pour explorer et red\u00e9couvrir le monde du ski sous toutes ses formes, avec des activit\u00e9s encadr\u00e9es par les moniteurs de l'ESF","og_url":"https:\/\/montecarloliving.com\/fr\/evenements\/fete-du-ski-auron-6703\/","og_site_name":"Montecarlo Living","article_publisher":"https:\/\/www.facebook.com\/montecarlolivingcom\/","article_published_time":"2024-01-18T10:43:00+00:00","og_image":[{"width":650,"height":400,"url":"https:\/\/montecarloliving.com\/wp-content\/uploads\/2024\/01\/sciare_low_cost-1-650x400.webp","type":"image\/webp"}],"author":"Redazione","twitter_card":"summary_large_image","twitter_creator":"@MonteCarloLivi","twitter_site":"@MonteCarloLivi","twitter_misc":{"\u00c9crit par":"Redazione","Dur\u00e9e de lecture estim\u00e9e":"2 minutes"},"schema":{"@context":"https:\/\/schema.org","@graph":[{"@type":"Article","@id":"https:\/\/montecarloliving.com\/fr\/evenements\/fete-du-ski-auron-6703\/#article","isPartOf":{"@id":"https:\/\/montecarloliving.com\/fr\/evenements\/fete-du-ski-auron-6703\/"},"author":{"name":"Redazione","@id":"https:\/\/montecarloliving.com\/fr\/#\/schema\/person\/7e5945d4560862b7f2d2c6831bda2819"},"headline":"F\u00eate du Ski \u00e0 Auron","datePublished":"2024-01-18T10:43:00+00:00","mainEntityOfPage":{"@id":"https:\/\/montecarloliving.com\/fr\/evenements\/fete-du-ski-auron-6703\/"},"wordCount":273,"image":{"@id":"https:\/\/montecarloliving.com\/fr\/evenements\/fete-du-ski-auron-6703\/#primaryimage"},"thumbnailUrl":"https:\/\/montecarloliving.com\/wp-content\/uploads\/2024\/01\/sciare_low_cost-1.webp","articleSection":["\u00c9v\u00e9nements"],"inLanguage":"fr-FR"},{"@type":"WebPage","@id":"https:\/\/montecarloliving.com\/fr\/evenements\/fete-du-ski-auron-6703\/","url":"https:\/\/montecarloliving.com\/fr\/evenements\/fete-du-ski-auron-6703\/","name":"F\u00eate du Ski \u00e0 Auron","isPartOf":{"@id":"https:\/\/montecarloliving.com\/fr\/#website"},"primaryImageOfPage":{"@id":"https:\/\/montecarloliving.com\/fr\/evenements\/fete-du-ski-auron-6703\/#primaryimage"},"image":{"@id":"https:\/\/montecarloliving.com\/fr\/evenements\/fete-du-ski-auron-6703\/#primaryimage"},"thumbnailUrl":"https:\/\/montecarloliving.com\/wp-content\/uploads\/2024\/01\/sciare_low_cost-1.webp","datePublished":"2024-01-18T10:43:00+00:00","author":{"@id":"https:\/\/montecarloliving.com\/fr\/#\/schema\/person\/7e5945d4560862b7f2d2c6831bda2819"},"description":"Deux journ\u00e9es magnifiques pour explorer et red\u00e9couvrir le monde du ski sous toutes ses formes, avec des activit\u00e9s encadr\u00e9es par les moniteurs de l'ESF","breadcrumb":{"@id":"https:\/\/montecarloliving.com\/fr\/evenements\/fete-du-ski-auron-6703\/#breadcrumb"},"inLanguage":"fr-FR","potentialAction":[{"@type":"ReadAction","target":["https:\/\/montecarloliving.com\/fr\/evenements\/fete-du-ski-auron-6703\/"]}]},{"@type":"ImageObject","inLanguage":"fr-FR","@id":"https:\/\/montecarloliving.com\/fr\/evenements\/fete-du-ski-auron-6703\/#primaryimage","url":"https:\/\/montecarloliving.com\/wp-content\/uploads\/2024\/01\/sciare_low_cost-1.webp","contentUrl":"https:\/\/montecarloliving.com\/wp-content\/uploads\/2024\/01\/sciare_low_cost-1.webp","width":1217,"height":694},{"@type":"BreadcrumbList","@id":"https:\/\/montecarloliving.com\/fr\/evenements\/fete-du-ski-auron-6703\/#breadcrumb","itemListElement":[{"@type":"ListItem","position":1,"name":"Home","item":"https:\/\/montecarloliving.com\/fr\/"},{"@type":"ListItem","position":2,"name":"F\u00eate du Ski \u00e0 Auron"}]},{"@type":"WebSite","@id":"https:\/\/montecarloliving.com\/fr\/#website","url":"https:\/\/montecarloliving.com\/fr\/","name":"Montecarlo Living","description":"News da Montecarlo - Principato di Monaco e Costa Azzurra","potentialAction":[{"@type":"SearchAction","target":{"@type":"EntryPoint","urlTemplate":"https:\/\/montecarloliving.com\/fr\/?s={search_term_string}"},"query-input":{"@type":"PropertyValueSpecification","valueRequired":true,"valueName":"search_term_string"}}],"inLanguage":"fr-FR"},{"@type":"Person","@id":"https:\/\/montecarloliving.com\/fr\/#\/schema\/person\/7e5945d4560862b7f2d2c6831bda2819","name":"Redazione","image":{"@type":"ImageObject","inLanguage":"fr-FR","@id":"https:\/\/secure.gravatar.com\/avatar\/8b5f26557e18fe74ad8e8a57ebb2925d88af8a90cee489ff2beefb391bc9b9c7?s=96&d=mm&r=g","url":"https:\/\/secure.gravatar.com\/avatar\/8b5f26557e18fe74ad8e8a57ebb2925d88af8a90cee489ff2beefb391bc9b9c7?s=96&d=mm&r=g","contentUrl":"https:\/\/secure.gravatar.com\/avatar\/8b5f26557e18fe74ad8e8a57ebb2925d88af8a90cee489ff2beefb391bc9b9c7?s=96&d=mm&r=g","caption":"Redazione"}}]}},"_links":{"self":[{"href":"https:\/\/montecarloliving.com\/fr\/wp-json\/wp\/v2\/posts\/6703","targetHints":{"allow":["GET"]}}],"collection":[{"href":"https:\/\/montecarloliving.com\/fr\/wp-json\/wp\/v2\/posts"}],"about":[{"href":"https:\/\/montecarloliving.com\/fr\/wp-json\/wp\/v2\/types\/post"}],"author":[{"embeddable":true,"href":"https:\/\/montecarloliving.com\/fr\/wp-json\/wp\/v2\/users\/1"}],"replies":[{"embeddable":true,"href":"https:\/\/montecarloliving.com\/fr\/wp-json\/wp\/v2\/comments?post=6703"}],"version-history":[{"count":1,"href":"https:\/\/montecarloliving.com\/fr\/wp-json\/wp\/v2\/posts\/6703\/revisions"}],"predecessor-version":[{"id":6704,"href":"https:\/\/montecarloliving.com\/fr\/wp-json\/wp\/v2\/posts\/6703\/revisions\/6704"}],"wp:featuredmedia":[{"embeddable":true,"href":"https:\/\/montecarloliving.com\/fr\/wp-json\/wp\/v2\/media\/6700"}],"wp:attachment":[{"href":"https:\/\/montecarloliving.com\/fr\/wp-json\/wp\/v2\/media?parent=6703"}],"wp:term":[{"taxonomy":"category","embeddable":true,"href":"https:\/\/montecarloliving.com\/fr\/wp-json\/wp\/v2\/categories?post=6703"},{"taxonomy":"post_tag","embeddable":true,"href":"https:\/\/montecarloliving.com\/fr\/wp-json\/wp\/v2\/tags?post=6703"}],"curies":[{"name":"wp","href":"https:\/\/api.w.org\/{rel}","templated":true}]}}