{"id":6564,"date":"2025-01-20T09:40:25","date_gmt":"2025-01-20T08:40:25","guid":{"rendered":"https:\/\/montecarloliving.com\/?p=6564"},"modified":"2025-01-17T11:46:15","modified_gmt":"2025-01-17T10:46:15","slug":"sainte-devote-2025-les-celebrations","status":"publish","type":"post","link":"https:\/\/montecarloliving.com\/fr\/evenements\/sainte-devote-2025-les-celebrations-6564\/","title":{"rendered":"Les c\u00e9l\u00e9brations de la Sainte-D\u00e9vote 2025"},"content":{"rendered":"<p><strong>Dimanche 26 et lundi 27 janvier prochains auront lieu les c\u00e9l\u00e9brations de la Sainte-D\u00e9vote, Sainte Patronne de Monaco, de la Famille Princi\u00e8re et du dioc\u00e8se de Monaco.<\/strong><br \/>\nCes c\u00e9l\u00e9brations correspondent \u00e0 l\u2019une des plus anciennes traditions de la Principaut\u00e9 de Monaco, tradition qui a impr\u00e9gn\u00e9 la culture nationale dans des domaines aussi divers que la religion, le folklore, les croyances populaires, l&rsquo;histoire, la litt\u00e9rature, les arts, la peinture, la musique, la numismatique et la philat\u00e9lie.<br \/>\nCette tradition est issue de la \u00ab l\u00e9gende \u00bb dite L\u00e9gende de Sainte D\u00e9vote transmise par un document m\u00e9di\u00e9val, tradition tenant une place privil\u00e9gi\u00e9e au c\u0153ur des Mon\u00e9gasques et attest\u00e9e de fa\u00e7on permanente au cours des si\u00e8cles dans l&rsquo;histoire de la cit\u00e9. Toujours fond\u00e9e historiquement la \u00ab l\u00e9gende \u00bb est un genre litt\u00e9raire pour lequel la pr\u00e9cision historique passe au second plan face \u00e0 l\u2019intention spirituelle.<\/p>\n<p>Selon cet \u00e9crit, Devota (D\u00e9vote), jeune chr\u00e9tienne native de Corse a \u00e9t\u00e9 martyris\u00e9e par le pr\u00e9fet Barbarus sous les Empereurs Diocl\u00e9tien et Maximien, \u00e0 une date que l&rsquo;on peut situer en 303 ou 304.<br \/>\nSon corps, d\u00e9rob\u00e9 pendant la nuit suivante par des fid\u00e8les, fut mis dans une barque, amen\u00e9 \u00e0 Monaco et enseveli dans une chapelle du vallon dit \u00ab des Gaumates \u00bb, pr\u00e8s du port, le 27 janvier de la m\u00eame ann\u00e9e.<br \/>\nSous Honor\u00e9 II, au XVII\u00e8me si\u00e8cle, Sainte D\u00e9vote est devenue patronne de Monaco.<\/p>\n<p>Selon une autre l\u00e9gende, au XIe si\u00e8cle, ses reliques auraient \u00e9t\u00e9 emport\u00e9es en barque par des malfaiteurs qui furent finalement rejoints et dont on br\u00fbla l\u2019embarcation. Depuis 1874, la tradition est perp\u00e9tu\u00e9e chaque ann\u00e9e : une barque sur b\u00fbcher est br\u00fbl\u00e9e en pr\u00e9sence du Souverain et de la Famille Princi\u00e8re, accompagn\u00e9s des personnalit\u00e9s mon\u00e9gasques.<br \/>\nLe 27 janvier, jour de la F\u00eate, une messe pontificale est c\u00e9l\u00e9br\u00e9e en la Cath\u00e9drale par une personnalit\u00e9 religieuse invit\u00e9e par l\u2019Archev\u00eaque de Monaco. Assistent \u00e0 cette c\u00e9r\u00e9monie, la Famille Princi\u00e8re, le Gouvernement Princier, les assembl\u00e9es \u00e9lues et les Corps constitu\u00e9s ainsi que de nombreux fid\u00e8les. Apr\u00e8s la c\u00e9r\u00e9monie, une procession avec la participation des P\u00e9nitents de l\u2019Archiconfr\u00e9rie de la Mis\u00e9ricorde prend la direction du Palais Princier avec la ch\u00e2sse contenant les reliques escort\u00e9es par les Carabiniers du Prince.<\/p>\n<p>La procession s\u2019arr\u00eate sur la Place du Palais. Une Garde d\u2019honneur et l&rsquo;Orchestre des Carabiniers du Prince lui rendent hommage. Un c\u00e9l\u00e9brant b\u00e9nit alors la Famille Princi\u00e8re avec les reliques.<br \/>\nLa procession se dirige ensuite vers les remparts, un autre c\u00e9l\u00e9brant b\u00e9nit Monaco et sa population.<\/p>\n<p>Enfin de retour devant la cath\u00e9drale, un dernier c\u00e9l\u00e9brant b\u00e9nit la mer et les p\u00eacheurs.<\/p>\n<p>En savoir plus : www.saintedevotemonaco.com<\/p>\n<p>&nbsp;<\/p>\n<p style=\"text-align: center;\"><strong>C\u00e9l\u00e9brations de la Sainte-D\u00e9vote<\/strong><br \/>\n<strong>DIMANCHE 26 JANVIER 2025<\/strong><br \/>\n10h30. \u00c9glise Sainte-D\u00e9vote : messe des traditions en langue mon\u00e9gasque<br \/>\n***<br \/>\n18h. Chicane du Grand-Prix : procession des reliques de Sainte D\u00e9vote<br \/>\n***<br \/>\n19h. \u00c9glise Sainte-D\u00e9vote : Salut du Tr\u00e8s-Saint Sacrement<br \/>\n***<br \/>\n\u00c0 l\u2019issue : Quai Albert Ier : embrasement de la Barque<br \/>\npar la Famille Princi\u00e8re.<br \/>\n***<br \/>\n\u00c0 l\u2019issue : Spectacle de drones.<\/p>\n<p>&nbsp;<\/p>\n<p style=\"text-align: center;\"><strong>LUNDI 27 JANVIER 2025 <\/strong><br \/>\n<strong>10h. Cath\u00e9drale de Monaco: messe pontificale<\/strong>,<br \/>\nPr\u00e9sid\u00e9e par S.E. Monseigneur Paul-Richard GALLAGHER, Secr\u00e9taire pour les relations<br \/>\navec les \u00c9tats de la secr\u00e9tairerie d&rsquo;\u00c9tat. \u00c0 l\u2019issue, la procession des reliques \u00e0 lieu sur<br \/>\nle Rocher.<br \/>\n***<br \/>\n18h30. Cath\u00e9drale de Monaco : Concert spirituel \u00e0 la bougie \u00ab\u00a0Mozart \u00e0 Monaco\u00a0\u00bb<br \/>\nPropos\u00e9 par l&rsquo;Orchestre Philharmonique de Monte-Carlo, le programme s&rsquo;annonce une<br \/>\nnouvelle fois exceptionnel, avec les \u0153uvres de musique sacr\u00e9e embl\u00e9matiques du plus<br \/>\ngrand compositeur de l&rsquo;histoire. &#8211;<br \/>\nSous la direction du chef italien Diego Ceretta et entour\u00e9 du Coro del Friuli Venezia Giulia,<br \/>\nl&rsquo;Orchestre Philharmonique de Monte-Carlo accompagnera notamment le clarinettiste<br \/>\nPierre G\u00e9nisson dans le sublime Adagio du Concerto pour clarinette, et la soprano<br \/>\ninternationale Em\u0151ke Bar\u00e1th qui chantera le Exsultate Jubilate et le Laudamus Te de la<br \/>\nGrande messe en Ut mineur. Des extraits de la Messe en Do majeur ou encore l\u2019immense<br \/>\nAve Verum seront propos\u00e9s par les diff\u00e9rents ensembles.<\/p>\n<p>&nbsp;<\/p>\n<p><strong>Accr\u00e9ditations :<\/strong><br \/>\nUne demande d&rsquo;accr\u00e9ditation doit \u00eatre envoy\u00e9e avant le mercredi 22 janvier 2025, \u00e0 l&rsquo;adresse suivante :<br \/>\navatrican@gouv.mc<br \/>\nLe 26 janvier, \u00e0 partir de 17h, un badge vous sera remis \u00e0 l\u2019espace presse, situ\u00e9 sur le Quai Albert 1er, \u00e0 proximit\u00e9 de la barque qui sera embras\u00e9e<\/p>\n<p><strong>Attention :<\/strong><br \/>\nL\u2019accr\u00e9ditation ne vous donne acc\u00e8s qu\u2019aux \u00e9v\u00e9nements suivants :<\/p>\n<p>&#8211; Le 26 janvier \u2013 Quai Albert Ier &#8211; embrasement de la barque<\/p>\n<p>&#8211; Le 27 janvier &#8211; ext\u00e9rieur de la Cath\u00e9drale &#8211; sortie de la Famille Princi\u00e8re<\/p>\n<p>&#8211; Le 27 janvier &#8211; Place du Palais Princier \u2013 procession<\/p>\n<p>Concernant les accr\u00e9ditations des photographes, celles-ci se feront en pool.<br \/>\nMerci de votre compr\u00e9hension.<\/p>\n<p>&nbsp;<\/p>\n<hr \/>\n<p>Lisez aussi :\u00a0<a href=\"https:\/\/montecarloliving.com\/fr\/evenements\/grimaldi-forum-tous-les-evenements-de-saison-2024-6529\/\">Grimaldi Forum | Tous les \u00e9v\u00e9nements de la saison 2024 (montecarloliving.com)<\/a><\/p>\n<hr \/>\n<p><a href=\"https:\/\/www.instagram.com\/monte_carlo_living\/\">Visitez notre page Instagram<\/a><\/p>\n","protected":false},"excerpt":{"rendered":"<p>Dimanche 26 et lundi 27 janvier prochains auront lieu les c\u00e9l\u00e9brations de la Sainte-D\u00e9vote, Sainte Patronne de Monaco, de la Famille Princi\u00e8re et du dioc\u00e8se de Monaco. Ces c\u00e9l\u00e9brations correspondent \u00e0 l\u2019une des plus anciennes traditions de la Principaut\u00e9 de Monaco, tradition qui a [&hellip;]<\/p>\n","protected":false},"author":1,"featured_media":6578,"comment_status":"closed","ping_status":"closed","sticky":false,"template":"","format":"standard","meta":{"footnotes":""},"categories":[828,867,822],"tags":[],"class_list":["post-6564","post","type-post","status-publish","format-standard","has-post-thumbnail","hentry","category-evenements","category-monaco-fr","category-vacances"],"yoast_head":"<!-- This site is optimized with the Yoast SEO plugin v27.4 - https:\/\/yoast.com\/product\/yoast-seo-wordpress\/ -->\n<title>Les c\u00e9l\u00e9brations de la Sainte-D\u00e9vote 2025<\/title>\n<meta name=\"description\" content=\"Dimanche 26 et lundi 27 janvier prochains auront lieu les c\u00e9l\u00e9brations de la Sainte-D\u00e9vote, Sainte Patronne de Monaco, de la Famille Princi\u00e8re et du Dimanche 26 et lundi 27 janvier 2025 prochains auront lieu les c\u00e9l\u00e9brations de la Sainte-D\u00e9vote, Sainte Patronne de Monaco, de la Famille Princi\u00e8re et du dioc\u00e8se de Monaco\" \/>\n<meta name=\"robots\" content=\"index, follow, max-snippet:-1, max-image-preview:large, max-video-preview:-1\" \/>\n<link rel=\"canonical\" href=\"https:\/\/montecarloliving.com\/fr\/evenements\/sainte-devote-2025-les-celebrations-6564\/\" \/>\n<meta property=\"og:locale\" content=\"fr_FR\" \/>\n<meta property=\"og:title\" content=\"Les c\u00e9l\u00e9brations de la Sainte-D\u00e9vote 2025\" \/>\n<meta property=\"og:description\" content=\"Dimanche 26 et lundi 27 janvier prochains auront lieu les c\u00e9l\u00e9brations de la Sainte-D\u00e9vote, Sainte Patronne de Monaco, de la Famille Princi\u00e8re et du Dimanche 26 et lundi 27 janvier 2025 prochains auront lieu les c\u00e9l\u00e9brations de la Sainte-D\u00e9vote, Sainte Patronne de Monaco, de la Famille Princi\u00e8re et du dioc\u00e8se de Monaco\" \/>\n<meta property=\"og:url\" content=\"https:\/\/montecarloliving.com\/fr\/evenements\/sainte-devote-2025-les-celebrations-6564\/\" \/>\n<meta property=\"og:site_name\" content=\"Montecarlo Living\" \/>\n<meta property=\"article:publisher\" content=\"https:\/\/www.facebook.com\/montecarlolivingcom\/\" \/>\n<meta property=\"article:published_time\" content=\"2025-01-20T08:40:25+00:00\" \/>\n<meta property=\"og:image\" content=\"https:\/\/montecarloliving.com\/wp-content\/uploads\/2024\/01\/R-55-650x400.jpg\" \/>\n\t<meta property=\"og:image:width\" content=\"650\" \/>\n\t<meta property=\"og:image:height\" content=\"400\" \/>\n\t<meta property=\"og:image:type\" content=\"image\/jpeg\" \/>\n<meta name=\"author\" content=\"Redazione\" \/>\n<meta name=\"twitter:card\" content=\"summary_large_image\" \/>\n<meta name=\"twitter:creator\" content=\"@MonteCarloLivi\" \/>\n<meta name=\"twitter:site\" content=\"@MonteCarloLivi\" \/>\n<meta name=\"twitter:label1\" content=\"\u00c9crit par\" \/>\n\t<meta name=\"twitter:data1\" content=\"Redazione\" \/>\n\t<meta name=\"twitter:label2\" content=\"Dur\u00e9e de lecture estim\u00e9e\" \/>\n\t<meta name=\"twitter:data2\" content=\"5 minutes\" \/>\n<script type=\"application\/ld+json\" class=\"yoast-schema-graph\">{\"@context\":\"https:\\\/\\\/schema.org\",\"@graph\":[{\"@type\":\"Article\",\"@id\":\"https:\\\/\\\/montecarloliving.com\\\/fr\\\/evenements\\\/sainte-devote-2025-les-celebrations-6564\\\/#article\",\"isPartOf\":{\"@id\":\"https:\\\/\\\/montecarloliving.com\\\/fr\\\/evenements\\\/sainte-devote-2025-les-celebrations-6564\\\/\"},\"author\":{\"name\":\"Redazione\",\"@id\":\"https:\\\/\\\/montecarloliving.com\\\/fr\\\/#\\\/schema\\\/person\\\/7e5945d4560862b7f2d2c6831bda2819\"},\"headline\":\"Les c\u00e9l\u00e9brations de la Sainte-D\u00e9vote 2025\",\"datePublished\":\"2025-01-20T08:40:25+00:00\",\"mainEntityOfPage\":{\"@id\":\"https:\\\/\\\/montecarloliving.com\\\/fr\\\/evenements\\\/sainte-devote-2025-les-celebrations-6564\\\/\"},\"wordCount\":878,\"image\":{\"@id\":\"https:\\\/\\\/montecarloliving.com\\\/fr\\\/evenements\\\/sainte-devote-2025-les-celebrations-6564\\\/#primaryimage\"},\"thumbnailUrl\":\"https:\\\/\\\/montecarloliving.com\\\/wp-content\\\/uploads\\\/2024\\\/01\\\/R-55.jpg\",\"articleSection\":[\"\u00c9v\u00e9nements\",\"Monaco\",\"Vacances\"],\"inLanguage\":\"fr-FR\"},{\"@type\":\"WebPage\",\"@id\":\"https:\\\/\\\/montecarloliving.com\\\/fr\\\/evenements\\\/sainte-devote-2025-les-celebrations-6564\\\/\",\"url\":\"https:\\\/\\\/montecarloliving.com\\\/fr\\\/evenements\\\/sainte-devote-2025-les-celebrations-6564\\\/\",\"name\":\"Les c\u00e9l\u00e9brations de la Sainte-D\u00e9vote 2025\",\"isPartOf\":{\"@id\":\"https:\\\/\\\/montecarloliving.com\\\/fr\\\/#website\"},\"primaryImageOfPage\":{\"@id\":\"https:\\\/\\\/montecarloliving.com\\\/fr\\\/evenements\\\/sainte-devote-2025-les-celebrations-6564\\\/#primaryimage\"},\"image\":{\"@id\":\"https:\\\/\\\/montecarloliving.com\\\/fr\\\/evenements\\\/sainte-devote-2025-les-celebrations-6564\\\/#primaryimage\"},\"thumbnailUrl\":\"https:\\\/\\\/montecarloliving.com\\\/wp-content\\\/uploads\\\/2024\\\/01\\\/R-55.jpg\",\"datePublished\":\"2025-01-20T08:40:25+00:00\",\"author\":{\"@id\":\"https:\\\/\\\/montecarloliving.com\\\/fr\\\/#\\\/schema\\\/person\\\/7e5945d4560862b7f2d2c6831bda2819\"},\"description\":\"Dimanche 26 et lundi 27 janvier prochains auront lieu les c\u00e9l\u00e9brations de la Sainte-D\u00e9vote, Sainte Patronne de Monaco, de la Famille Princi\u00e8re et du Dimanche 26 et lundi 27 janvier 2025 prochains auront lieu les c\u00e9l\u00e9brations de la Sainte-D\u00e9vote, Sainte Patronne de Monaco, de la Famille Princi\u00e8re et du dioc\u00e8se de Monaco\",\"breadcrumb\":{\"@id\":\"https:\\\/\\\/montecarloliving.com\\\/fr\\\/evenements\\\/sainte-devote-2025-les-celebrations-6564\\\/#breadcrumb\"},\"inLanguage\":\"fr-FR\",\"potentialAction\":[{\"@type\":\"ReadAction\",\"target\":[\"https:\\\/\\\/montecarloliving.com\\\/fr\\\/evenements\\\/sainte-devote-2025-les-celebrations-6564\\\/\"]}]},{\"@type\":\"ImageObject\",\"inLanguage\":\"fr-FR\",\"@id\":\"https:\\\/\\\/montecarloliving.com\\\/fr\\\/evenements\\\/sainte-devote-2025-les-celebrations-6564\\\/#primaryimage\",\"url\":\"https:\\\/\\\/montecarloliving.com\\\/wp-content\\\/uploads\\\/2024\\\/01\\\/R-55.jpg\",\"contentUrl\":\"https:\\\/\\\/montecarloliving.com\\\/wp-content\\\/uploads\\\/2024\\\/01\\\/R-55.jpg\",\"width\":2126,\"height\":1447},{\"@type\":\"BreadcrumbList\",\"@id\":\"https:\\\/\\\/montecarloliving.com\\\/fr\\\/evenements\\\/sainte-devote-2025-les-celebrations-6564\\\/#breadcrumb\",\"itemListElement\":[{\"@type\":\"ListItem\",\"position\":1,\"name\":\"Home\",\"item\":\"https:\\\/\\\/montecarloliving.com\\\/fr\\\/\"},{\"@type\":\"ListItem\",\"position\":2,\"name\":\"Les c\u00e9l\u00e9brations de la Sainte-D\u00e9vote 2025\"}]},{\"@type\":\"WebSite\",\"@id\":\"https:\\\/\\\/montecarloliving.com\\\/fr\\\/#website\",\"url\":\"https:\\\/\\\/montecarloliving.com\\\/fr\\\/\",\"name\":\"Montecarlo Living\",\"description\":\"News da Montecarlo - Principato di Monaco e Costa Azzurra\",\"potentialAction\":[{\"@type\":\"SearchAction\",\"target\":{\"@type\":\"EntryPoint\",\"urlTemplate\":\"https:\\\/\\\/montecarloliving.com\\\/fr\\\/?s={search_term_string}\"},\"query-input\":{\"@type\":\"PropertyValueSpecification\",\"valueRequired\":true,\"valueName\":\"search_term_string\"}}],\"inLanguage\":\"fr-FR\"},{\"@type\":\"Person\",\"@id\":\"https:\\\/\\\/montecarloliving.com\\\/fr\\\/#\\\/schema\\\/person\\\/7e5945d4560862b7f2d2c6831bda2819\",\"name\":\"Redazione\",\"image\":{\"@type\":\"ImageObject\",\"inLanguage\":\"fr-FR\",\"@id\":\"https:\\\/\\\/secure.gravatar.com\\\/avatar\\\/8b5f26557e18fe74ad8e8a57ebb2925d88af8a90cee489ff2beefb391bc9b9c7?s=96&d=mm&r=g\",\"url\":\"https:\\\/\\\/secure.gravatar.com\\\/avatar\\\/8b5f26557e18fe74ad8e8a57ebb2925d88af8a90cee489ff2beefb391bc9b9c7?s=96&d=mm&r=g\",\"contentUrl\":\"https:\\\/\\\/secure.gravatar.com\\\/avatar\\\/8b5f26557e18fe74ad8e8a57ebb2925d88af8a90cee489ff2beefb391bc9b9c7?s=96&d=mm&r=g\",\"caption\":\"Redazione\"}}]}<\/script>\n<!-- \/ Yoast SEO plugin. -->","yoast_head_json":{"title":"Les c\u00e9l\u00e9brations de la Sainte-D\u00e9vote 2025","description":"Dimanche 26 et lundi 27 janvier prochains auront lieu les c\u00e9l\u00e9brations de la Sainte-D\u00e9vote, Sainte Patronne de Monaco, de la Famille Princi\u00e8re et du Dimanche 26 et lundi 27 janvier 2025 prochains auront lieu les c\u00e9l\u00e9brations de la Sainte-D\u00e9vote, Sainte Patronne de Monaco, de la Famille Princi\u00e8re et du dioc\u00e8se de Monaco","robots":{"index":"index","follow":"follow","max-snippet":"max-snippet:-1","max-image-preview":"max-image-preview:large","max-video-preview":"max-video-preview:-1"},"canonical":"https:\/\/montecarloliving.com\/fr\/evenements\/sainte-devote-2025-les-celebrations-6564\/","og_locale":"fr_FR","og_title":"Les c\u00e9l\u00e9brations de la Sainte-D\u00e9vote 2025","og_description":"Dimanche 26 et lundi 27 janvier prochains auront lieu les c\u00e9l\u00e9brations de la Sainte-D\u00e9vote, Sainte Patronne de Monaco, de la Famille Princi\u00e8re et du Dimanche 26 et lundi 27 janvier 2025 prochains auront lieu les c\u00e9l\u00e9brations de la Sainte-D\u00e9vote, Sainte Patronne de Monaco, de la Famille Princi\u00e8re et du dioc\u00e8se de Monaco","og_url":"https:\/\/montecarloliving.com\/fr\/evenements\/sainte-devote-2025-les-celebrations-6564\/","og_site_name":"Montecarlo Living","article_publisher":"https:\/\/www.facebook.com\/montecarlolivingcom\/","article_published_time":"2025-01-20T08:40:25+00:00","og_image":[{"width":650,"height":400,"url":"https:\/\/montecarloliving.com\/wp-content\/uploads\/2024\/01\/R-55-650x400.jpg","type":"image\/jpeg"}],"author":"Redazione","twitter_card":"summary_large_image","twitter_creator":"@MonteCarloLivi","twitter_site":"@MonteCarloLivi","twitter_misc":{"\u00c9crit par":"Redazione","Dur\u00e9e de lecture estim\u00e9e":"5 minutes"},"schema":{"@context":"https:\/\/schema.org","@graph":[{"@type":"Article","@id":"https:\/\/montecarloliving.com\/fr\/evenements\/sainte-devote-2025-les-celebrations-6564\/#article","isPartOf":{"@id":"https:\/\/montecarloliving.com\/fr\/evenements\/sainte-devote-2025-les-celebrations-6564\/"},"author":{"name":"Redazione","@id":"https:\/\/montecarloliving.com\/fr\/#\/schema\/person\/7e5945d4560862b7f2d2c6831bda2819"},"headline":"Les c\u00e9l\u00e9brations de la Sainte-D\u00e9vote 2025","datePublished":"2025-01-20T08:40:25+00:00","mainEntityOfPage":{"@id":"https:\/\/montecarloliving.com\/fr\/evenements\/sainte-devote-2025-les-celebrations-6564\/"},"wordCount":878,"image":{"@id":"https:\/\/montecarloliving.com\/fr\/evenements\/sainte-devote-2025-les-celebrations-6564\/#primaryimage"},"thumbnailUrl":"https:\/\/montecarloliving.com\/wp-content\/uploads\/2024\/01\/R-55.jpg","articleSection":["\u00c9v\u00e9nements","Monaco","Vacances"],"inLanguage":"fr-FR"},{"@type":"WebPage","@id":"https:\/\/montecarloliving.com\/fr\/evenements\/sainte-devote-2025-les-celebrations-6564\/","url":"https:\/\/montecarloliving.com\/fr\/evenements\/sainte-devote-2025-les-celebrations-6564\/","name":"Les c\u00e9l\u00e9brations de la Sainte-D\u00e9vote 2025","isPartOf":{"@id":"https:\/\/montecarloliving.com\/fr\/#website"},"primaryImageOfPage":{"@id":"https:\/\/montecarloliving.com\/fr\/evenements\/sainte-devote-2025-les-celebrations-6564\/#primaryimage"},"image":{"@id":"https:\/\/montecarloliving.com\/fr\/evenements\/sainte-devote-2025-les-celebrations-6564\/#primaryimage"},"thumbnailUrl":"https:\/\/montecarloliving.com\/wp-content\/uploads\/2024\/01\/R-55.jpg","datePublished":"2025-01-20T08:40:25+00:00","author":{"@id":"https:\/\/montecarloliving.com\/fr\/#\/schema\/person\/7e5945d4560862b7f2d2c6831bda2819"},"description":"Dimanche 26 et lundi 27 janvier prochains auront lieu les c\u00e9l\u00e9brations de la Sainte-D\u00e9vote, Sainte Patronne de Monaco, de la Famille Princi\u00e8re et du Dimanche 26 et lundi 27 janvier 2025 prochains auront lieu les c\u00e9l\u00e9brations de la Sainte-D\u00e9vote, Sainte Patronne de Monaco, de la Famille Princi\u00e8re et du dioc\u00e8se de Monaco","breadcrumb":{"@id":"https:\/\/montecarloliving.com\/fr\/evenements\/sainte-devote-2025-les-celebrations-6564\/#breadcrumb"},"inLanguage":"fr-FR","potentialAction":[{"@type":"ReadAction","target":["https:\/\/montecarloliving.com\/fr\/evenements\/sainte-devote-2025-les-celebrations-6564\/"]}]},{"@type":"ImageObject","inLanguage":"fr-FR","@id":"https:\/\/montecarloliving.com\/fr\/evenements\/sainte-devote-2025-les-celebrations-6564\/#primaryimage","url":"https:\/\/montecarloliving.com\/wp-content\/uploads\/2024\/01\/R-55.jpg","contentUrl":"https:\/\/montecarloliving.com\/wp-content\/uploads\/2024\/01\/R-55.jpg","width":2126,"height":1447},{"@type":"BreadcrumbList","@id":"https:\/\/montecarloliving.com\/fr\/evenements\/sainte-devote-2025-les-celebrations-6564\/#breadcrumb","itemListElement":[{"@type":"ListItem","position":1,"name":"Home","item":"https:\/\/montecarloliving.com\/fr\/"},{"@type":"ListItem","position":2,"name":"Les c\u00e9l\u00e9brations de la Sainte-D\u00e9vote 2025"}]},{"@type":"WebSite","@id":"https:\/\/montecarloliving.com\/fr\/#website","url":"https:\/\/montecarloliving.com\/fr\/","name":"Montecarlo Living","description":"News da Montecarlo - Principato di Monaco e Costa Azzurra","potentialAction":[{"@type":"SearchAction","target":{"@type":"EntryPoint","urlTemplate":"https:\/\/montecarloliving.com\/fr\/?s={search_term_string}"},"query-input":{"@type":"PropertyValueSpecification","valueRequired":true,"valueName":"search_term_string"}}],"inLanguage":"fr-FR"},{"@type":"Person","@id":"https:\/\/montecarloliving.com\/fr\/#\/schema\/person\/7e5945d4560862b7f2d2c6831bda2819","name":"Redazione","image":{"@type":"ImageObject","inLanguage":"fr-FR","@id":"https:\/\/secure.gravatar.com\/avatar\/8b5f26557e18fe74ad8e8a57ebb2925d88af8a90cee489ff2beefb391bc9b9c7?s=96&d=mm&r=g","url":"https:\/\/secure.gravatar.com\/avatar\/8b5f26557e18fe74ad8e8a57ebb2925d88af8a90cee489ff2beefb391bc9b9c7?s=96&d=mm&r=g","contentUrl":"https:\/\/secure.gravatar.com\/avatar\/8b5f26557e18fe74ad8e8a57ebb2925d88af8a90cee489ff2beefb391bc9b9c7?s=96&d=mm&r=g","caption":"Redazione"}}]}},"_links":{"self":[{"href":"https:\/\/montecarloliving.com\/fr\/wp-json\/wp\/v2\/posts\/6564","targetHints":{"allow":["GET"]}}],"collection":[{"href":"https:\/\/montecarloliving.com\/fr\/wp-json\/wp\/v2\/posts"}],"about":[{"href":"https:\/\/montecarloliving.com\/fr\/wp-json\/wp\/v2\/types\/post"}],"author":[{"embeddable":true,"href":"https:\/\/montecarloliving.com\/fr\/wp-json\/wp\/v2\/users\/1"}],"replies":[{"embeddable":true,"href":"https:\/\/montecarloliving.com\/fr\/wp-json\/wp\/v2\/comments?post=6564"}],"version-history":[{"count":4,"href":"https:\/\/montecarloliving.com\/fr\/wp-json\/wp\/v2\/posts\/6564\/revisions"}],"predecessor-version":[{"id":18234,"href":"https:\/\/montecarloliving.com\/fr\/wp-json\/wp\/v2\/posts\/6564\/revisions\/18234"}],"wp:featuredmedia":[{"embeddable":true,"href":"https:\/\/montecarloliving.com\/fr\/wp-json\/wp\/v2\/media\/6578"}],"wp:attachment":[{"href":"https:\/\/montecarloliving.com\/fr\/wp-json\/wp\/v2\/media?parent=6564"}],"wp:term":[{"taxonomy":"category","embeddable":true,"href":"https:\/\/montecarloliving.com\/fr\/wp-json\/wp\/v2\/categories?post=6564"},{"taxonomy":"post_tag","embeddable":true,"href":"https:\/\/montecarloliving.com\/fr\/wp-json\/wp\/v2\/tags?post=6564"}],"curies":[{"name":"wp","href":"https:\/\/api.w.org\/{rel}","templated":true}]}}