{"id":6132,"date":"2024-01-03T11:45:42","date_gmt":"2024-01-03T10:45:42","guid":{"rendered":"https:\/\/montecarloliving.com\/non-classifiee\/ledition-2024-de-scene-ouverte-du-fort-antoine-6132\/"},"modified":"2023-12-28T08:45:42","modified_gmt":"2023-12-28T07:45:42","slug":"ledition-2024-de-scene-ouverte-du-fort-antoine","status":"publish","type":"post","link":"https:\/\/montecarloliving.com\/fr\/actualite\/ledition-2024-de-scene-ouverte-du-fort-antoine-6132\/","title":{"rendered":"L\u2019\u00e9dition 2024 de la Sc\u00e8ne Ouverte du Fort Antoine"},"content":{"rendered":"<div class=\"w-full text-token-text-primary\" data-testid=\"conversation-turn-4\">\n<div class=\"px-4 py-2 justify-center text-base md:gap-6 m-auto\">\n<div class=\"flex flex-1 text-base mx-auto gap-3 md:px-5 lg:px-1 xl:px-5 md:max-w-3xl lg:max-w-[40rem] xl:max-w-[48rem] group\">\n<div class=\"relative flex w-full flex-col lg:w-[calc(100%-115px)]\">\n<div class=\"flex-col gap-1 md:gap-3\">\n<div class=\"flex flex-grow flex-col max-w-full\">\n<div class=\"min-h-[20px] text-message flex flex-col items-start gap-3 whitespace-pre-wrap break-words [.text-message+&amp;]:mt-5 overflow-x-auto\" data-message-author-role=\"user\" data-message-id=\"aaa233b8-5a46-4ae0-9c7b-86076eec5885\">\n<div class=\"\">Les Talents du Fort Appel \u00e0 participation pour le Comit\u00e9 d\u2019organisation La sc\u00e8ne ouverte du Fort Antoine pour les 18-30 ans, organis\u00e9e par la Direction des Affaires Culturelles de Monaco, reviendra en juillet 2024 et les jeunes sont invit\u00e9s \u00e0 participer \u00e0 son organisation.<\/div>\n<div class=\"\">Cette ann\u00e9e encore, des jeunes pourront s\u2019impliquer dans l\u2019organisation de cette sc\u00e8ne ouverte pour d\u00e9couvrir l\u2019envers du d\u00e9cor et participer \u00e0 la vie culturelle de la Principaut\u00e9.<\/div>\n<div class=\"\">De la gestion des inscriptions \u00e0 la communication, en passant par la technique, les choix artistiques et la logistique, les jeunes suivront tous les volets de la pr\u00e9paration de cet \u00e9v\u00e9nement et pourront partager leurs id\u00e9es avec nos chefs de projets.<\/div>\n<div class=\"\">Alors, si vous avez entre 18 et 30 ans, que vous \u00eates int\u00e9ress\u00e9 par la Culture et l\u2019\u00e9v\u00e8nementiel, venez imaginer avec nous cette belle soir\u00e9e ! Pour participer au Comit\u00e9 d\u2019organisation (ou pour tout renseignement), envoyez un email \u00e0 fortantoine@gouv.mc au plus tard le 19 janvier 2024.<\/div>\n<div><\/div>\n<div class=\"\">Conditions pour participer :<\/div>\n<div><\/div>\n<div class=\"\">&#8211; \u00catre de nationalit\u00e9 mon\u00e9gasque, scolaris\u00e9, r\u00e9sident \u00e0 Monaco, ou ayant un lien avec la Principaut\u00e9<\/div>\n<div class=\"\">&#8211; Une disponibilit\u00e9 d\u2019environ 2h par semaine, entre le 15 janvier et juillet 2024, serait souhait\u00e9e.<\/div>\n<\/div>\n<\/div>\n<div class=\"mt-1 flex justify-start gap-3 empty:hidden\">\n<div class=\"text-gray-400 flex self-end lg:self-center justify-center lg:justify-start mt-0 gap-1 visible\">\n<div class=\"flex items-center gap-1.5 text-xs\"><\/div>\n<\/div>\n<\/div>\n<\/div>\n<\/div>\n<\/div>\n<\/div>\n<\/div>\n<div class=\"w-full text-token-text-primary\" data-testid=\"conversation-turn-5\">\n<div class=\"px-4 py-2 justify-center text-base md:gap-6 m-auto\">\n<div class=\"flex flex-1 text-base mx-auto gap-3 md:px-5 lg:px-1 xl:px-5 md:max-w-3xl lg:max-w-[40rem] xl:max-w-[48rem] group final-completion\">\n<div class=\"flex-shrink-0 flex flex-col relative items-end\">\n<div>\n<div class=\"pt-0.5\">\n<div class=\"gizmo-shadow-stroke flex h-6 w-6 items-center justify-center overflow-hidden rounded-full\">\n<div class=\"relative p-1 rounded-sm h-9 w-9 text-white flex items-center justify-center\"><\/div>\n<\/div>\n<\/div>\n<\/div>\n<\/div>\n<\/div>\n<\/div>\n<\/div>\n","protected":false},"excerpt":{"rendered":"<p>Les Talents du Fort Appel \u00e0 participation pour le Comit\u00e9 d\u2019organisation La sc\u00e8ne ouverte du Fort Antoine pour les 18-30 ans, organis\u00e9e par la Direction des Affaires Culturelles de Monaco, reviendra en juillet 2024 et les jeunes sont invit\u00e9s \u00e0 participer \u00e0 son organisation. [&hellip;]<\/p>\n","protected":false},"author":1,"featured_media":6130,"comment_status":"closed","ping_status":"closed","sticky":false,"template":"","format":"standard","meta":{"footnotes":""},"categories":[827],"tags":[],"class_list":["post-6132","post","type-post","status-publish","format-standard","has-post-thumbnail","hentry","category-actualite"],"yoast_head":"<!-- This site is optimized with the Yoast SEO plugin v27.5 - https:\/\/yoast.com\/product\/yoast-seo-wordpress\/ -->\n<title>L\u2019\u00e9dition 2024 de la Sc\u00e8ne Ouverte du Fort Antoine<\/title>\n<meta name=\"description\" content=\"La sc\u00e8ne ouverte du Fort Antoine pour les 18-30 ans, organis\u00e9e par la Direction des Affaires Culturelles de Monaco, reviendra en juillet 2024 et les jeunes sont invit\u00e9 ...\" \/>\n<meta name=\"robots\" content=\"index, follow, max-snippet:-1, max-image-preview:large, max-video-preview:-1\" \/>\n<link rel=\"canonical\" href=\"https:\/\/montecarloliving.com\/fr\/actualite\/ledition-2024-de-scene-ouverte-du-fort-antoine-6132\/\" \/>\n<meta property=\"og:locale\" content=\"fr_FR\" \/>\n<meta property=\"og:title\" content=\"L\u2019\u00e9dition 2024 de la Sc\u00e8ne Ouverte du Fort Antoine\" \/>\n<meta property=\"og:description\" content=\"La sc\u00e8ne ouverte du Fort Antoine pour les 18-30 ans, organis\u00e9e par la Direction des Affaires Culturelles de Monaco, reviendra en juillet 2024 et les jeunes sont invit\u00e9 ...\" \/>\n<meta property=\"og:url\" content=\"https:\/\/montecarloliving.com\/fr\/actualite\/ledition-2024-de-scene-ouverte-du-fort-antoine-6132\/\" \/>\n<meta property=\"og:site_name\" content=\"Montecarlo Living\" \/>\n<meta property=\"article:publisher\" content=\"https:\/\/www.facebook.com\/montecarlolivingcom\/\" \/>\n<meta property=\"article:published_time\" content=\"2024-01-03T10:45:42+00:00\" \/>\n<meta property=\"og:image\" content=\"https:\/\/montecarloliving.com\/wp-content\/uploads\/2023\/12\/Affiche-DAC-Les-Talents-du-Fort-650x400.jpg\" \/>\n\t<meta property=\"og:image:width\" content=\"650\" \/>\n\t<meta property=\"og:image:height\" content=\"400\" \/>\n\t<meta property=\"og:image:type\" content=\"image\/jpeg\" \/>\n<meta name=\"author\" content=\"Redazione\" \/>\n<meta name=\"twitter:card\" content=\"summary_large_image\" \/>\n<meta name=\"twitter:creator\" content=\"@MonteCarloLivi\" \/>\n<meta name=\"twitter:site\" content=\"@MonteCarloLivi\" \/>\n<meta name=\"twitter:label1\" content=\"\u00c9crit par\" \/>\n\t<meta name=\"twitter:data1\" content=\"Redazione\" \/>\n\t<meta name=\"twitter:label2\" content=\"Dur\u00e9e de lecture estim\u00e9e\" \/>\n\t<meta name=\"twitter:data2\" content=\"1 minute\" \/>\n<script type=\"application\/ld+json\" class=\"yoast-schema-graph\">{\"@context\":\"https:\\\/\\\/schema.org\",\"@graph\":[{\"@type\":\"Article\",\"@id\":\"https:\\\/\\\/montecarloliving.com\\\/fr\\\/actualite\\\/ledition-2024-de-scene-ouverte-du-fort-antoine-6132\\\/#article\",\"isPartOf\":{\"@id\":\"https:\\\/\\\/montecarloliving.com\\\/fr\\\/actualite\\\/ledition-2024-de-scene-ouverte-du-fort-antoine-6132\\\/\"},\"author\":{\"name\":\"Redazione\",\"@id\":\"https:\\\/\\\/montecarloliving.com\\\/fr\\\/#\\\/schema\\\/person\\\/7e5945d4560862b7f2d2c6831bda2819\"},\"headline\":\"L\u2019\u00e9dition 2024 de la Sc\u00e8ne Ouverte du Fort Antoine\",\"datePublished\":\"2024-01-03T10:45:42+00:00\",\"mainEntityOfPage\":{\"@id\":\"https:\\\/\\\/montecarloliving.com\\\/fr\\\/actualite\\\/ledition-2024-de-scene-ouverte-du-fort-antoine-6132\\\/\"},\"wordCount\":214,\"image\":{\"@id\":\"https:\\\/\\\/montecarloliving.com\\\/fr\\\/actualite\\\/ledition-2024-de-scene-ouverte-du-fort-antoine-6132\\\/#primaryimage\"},\"thumbnailUrl\":\"https:\\\/\\\/montecarloliving.com\\\/wp-content\\\/uploads\\\/2023\\\/12\\\/Affiche-DAC-Les-Talents-du-Fort-scaled.jpg\",\"articleSection\":[\"Actualit\u00e9\"],\"inLanguage\":\"fr-FR\"},{\"@type\":\"WebPage\",\"@id\":\"https:\\\/\\\/montecarloliving.com\\\/fr\\\/actualite\\\/ledition-2024-de-scene-ouverte-du-fort-antoine-6132\\\/\",\"url\":\"https:\\\/\\\/montecarloliving.com\\\/fr\\\/actualite\\\/ledition-2024-de-scene-ouverte-du-fort-antoine-6132\\\/\",\"name\":\"L\u2019\u00e9dition 2024 de la Sc\u00e8ne Ouverte du Fort Antoine\",\"isPartOf\":{\"@id\":\"https:\\\/\\\/montecarloliving.com\\\/fr\\\/#website\"},\"primaryImageOfPage\":{\"@id\":\"https:\\\/\\\/montecarloliving.com\\\/fr\\\/actualite\\\/ledition-2024-de-scene-ouverte-du-fort-antoine-6132\\\/#primaryimage\"},\"image\":{\"@id\":\"https:\\\/\\\/montecarloliving.com\\\/fr\\\/actualite\\\/ledition-2024-de-scene-ouverte-du-fort-antoine-6132\\\/#primaryimage\"},\"thumbnailUrl\":\"https:\\\/\\\/montecarloliving.com\\\/wp-content\\\/uploads\\\/2023\\\/12\\\/Affiche-DAC-Les-Talents-du-Fort-scaled.jpg\",\"datePublished\":\"2024-01-03T10:45:42+00:00\",\"author\":{\"@id\":\"https:\\\/\\\/montecarloliving.com\\\/fr\\\/#\\\/schema\\\/person\\\/7e5945d4560862b7f2d2c6831bda2819\"},\"description\":\"La sc\u00e8ne ouverte du Fort Antoine pour les 18-30 ans, organis\u00e9e par la Direction des Affaires Culturelles de Monaco, reviendra en juillet 2024 et les jeunes sont invit\u00e9 ...\",\"breadcrumb\":{\"@id\":\"https:\\\/\\\/montecarloliving.com\\\/fr\\\/actualite\\\/ledition-2024-de-scene-ouverte-du-fort-antoine-6132\\\/#breadcrumb\"},\"inLanguage\":\"fr-FR\",\"potentialAction\":[{\"@type\":\"ReadAction\",\"target\":[\"https:\\\/\\\/montecarloliving.com\\\/fr\\\/actualite\\\/ledition-2024-de-scene-ouverte-du-fort-antoine-6132\\\/\"]}]},{\"@type\":\"ImageObject\",\"inLanguage\":\"fr-FR\",\"@id\":\"https:\\\/\\\/montecarloliving.com\\\/fr\\\/actualite\\\/ledition-2024-de-scene-ouverte-du-fort-antoine-6132\\\/#primaryimage\",\"url\":\"https:\\\/\\\/montecarloliving.com\\\/wp-content\\\/uploads\\\/2023\\\/12\\\/Affiche-DAC-Les-Talents-du-Fort-scaled.jpg\",\"contentUrl\":\"https:\\\/\\\/montecarloliving.com\\\/wp-content\\\/uploads\\\/2023\\\/12\\\/Affiche-DAC-Les-Talents-du-Fort-scaled.jpg\",\"width\":1811,\"height\":2560},{\"@type\":\"BreadcrumbList\",\"@id\":\"https:\\\/\\\/montecarloliving.com\\\/fr\\\/actualite\\\/ledition-2024-de-scene-ouverte-du-fort-antoine-6132\\\/#breadcrumb\",\"itemListElement\":[{\"@type\":\"ListItem\",\"position\":1,\"name\":\"Home\",\"item\":\"https:\\\/\\\/montecarloliving.com\\\/fr\\\/\"},{\"@type\":\"ListItem\",\"position\":2,\"name\":\"L\u2019\u00e9dition 2024 de la Sc\u00e8ne Ouverte du Fort Antoine\"}]},{\"@type\":\"WebSite\",\"@id\":\"https:\\\/\\\/montecarloliving.com\\\/fr\\\/#website\",\"url\":\"https:\\\/\\\/montecarloliving.com\\\/fr\\\/\",\"name\":\"Montecarlo Living\",\"description\":\"News da Montecarlo - Principato di Monaco e Costa Azzurra\",\"potentialAction\":[{\"@type\":\"SearchAction\",\"target\":{\"@type\":\"EntryPoint\",\"urlTemplate\":\"https:\\\/\\\/montecarloliving.com\\\/fr\\\/?s={search_term_string}\"},\"query-input\":{\"@type\":\"PropertyValueSpecification\",\"valueRequired\":true,\"valueName\":\"search_term_string\"}}],\"inLanguage\":\"fr-FR\"},{\"@type\":\"Person\",\"@id\":\"https:\\\/\\\/montecarloliving.com\\\/fr\\\/#\\\/schema\\\/person\\\/7e5945d4560862b7f2d2c6831bda2819\",\"name\":\"Redazione\",\"image\":{\"@type\":\"ImageObject\",\"inLanguage\":\"fr-FR\",\"@id\":\"https:\\\/\\\/secure.gravatar.com\\\/avatar\\\/8b5f26557e18fe74ad8e8a57ebb2925d88af8a90cee489ff2beefb391bc9b9c7?s=96&d=mm&r=g\",\"url\":\"https:\\\/\\\/secure.gravatar.com\\\/avatar\\\/8b5f26557e18fe74ad8e8a57ebb2925d88af8a90cee489ff2beefb391bc9b9c7?s=96&d=mm&r=g\",\"contentUrl\":\"https:\\\/\\\/secure.gravatar.com\\\/avatar\\\/8b5f26557e18fe74ad8e8a57ebb2925d88af8a90cee489ff2beefb391bc9b9c7?s=96&d=mm&r=g\",\"caption\":\"Redazione\"}}]}<\/script>\n<!-- \/ Yoast SEO plugin. -->","yoast_head_json":{"title":"L\u2019\u00e9dition 2024 de la Sc\u00e8ne Ouverte du Fort Antoine","description":"La sc\u00e8ne ouverte du Fort Antoine pour les 18-30 ans, organis\u00e9e par la Direction des Affaires Culturelles de Monaco, reviendra en juillet 2024 et les jeunes sont invit\u00e9 ...","robots":{"index":"index","follow":"follow","max-snippet":"max-snippet:-1","max-image-preview":"max-image-preview:large","max-video-preview":"max-video-preview:-1"},"canonical":"https:\/\/montecarloliving.com\/fr\/actualite\/ledition-2024-de-scene-ouverte-du-fort-antoine-6132\/","og_locale":"fr_FR","og_title":"L\u2019\u00e9dition 2024 de la Sc\u00e8ne Ouverte du Fort Antoine","og_description":"La sc\u00e8ne ouverte du Fort Antoine pour les 18-30 ans, organis\u00e9e par la Direction des Affaires Culturelles de Monaco, reviendra en juillet 2024 et les jeunes sont invit\u00e9 ...","og_url":"https:\/\/montecarloliving.com\/fr\/actualite\/ledition-2024-de-scene-ouverte-du-fort-antoine-6132\/","og_site_name":"Montecarlo Living","article_publisher":"https:\/\/www.facebook.com\/montecarlolivingcom\/","article_published_time":"2024-01-03T10:45:42+00:00","og_image":[{"width":650,"height":400,"url":"https:\/\/montecarloliving.com\/wp-content\/uploads\/2023\/12\/Affiche-DAC-Les-Talents-du-Fort-650x400.jpg","type":"image\/jpeg"}],"author":"Redazione","twitter_card":"summary_large_image","twitter_creator":"@MonteCarloLivi","twitter_site":"@MonteCarloLivi","twitter_misc":{"\u00c9crit par":"Redazione","Dur\u00e9e de lecture estim\u00e9e":"1 minute"},"schema":{"@context":"https:\/\/schema.org","@graph":[{"@type":"Article","@id":"https:\/\/montecarloliving.com\/fr\/actualite\/ledition-2024-de-scene-ouverte-du-fort-antoine-6132\/#article","isPartOf":{"@id":"https:\/\/montecarloliving.com\/fr\/actualite\/ledition-2024-de-scene-ouverte-du-fort-antoine-6132\/"},"author":{"name":"Redazione","@id":"https:\/\/montecarloliving.com\/fr\/#\/schema\/person\/7e5945d4560862b7f2d2c6831bda2819"},"headline":"L\u2019\u00e9dition 2024 de la Sc\u00e8ne Ouverte du Fort Antoine","datePublished":"2024-01-03T10:45:42+00:00","mainEntityOfPage":{"@id":"https:\/\/montecarloliving.com\/fr\/actualite\/ledition-2024-de-scene-ouverte-du-fort-antoine-6132\/"},"wordCount":214,"image":{"@id":"https:\/\/montecarloliving.com\/fr\/actualite\/ledition-2024-de-scene-ouverte-du-fort-antoine-6132\/#primaryimage"},"thumbnailUrl":"https:\/\/montecarloliving.com\/wp-content\/uploads\/2023\/12\/Affiche-DAC-Les-Talents-du-Fort-scaled.jpg","articleSection":["Actualit\u00e9"],"inLanguage":"fr-FR"},{"@type":"WebPage","@id":"https:\/\/montecarloliving.com\/fr\/actualite\/ledition-2024-de-scene-ouverte-du-fort-antoine-6132\/","url":"https:\/\/montecarloliving.com\/fr\/actualite\/ledition-2024-de-scene-ouverte-du-fort-antoine-6132\/","name":"L\u2019\u00e9dition 2024 de la Sc\u00e8ne Ouverte du Fort Antoine","isPartOf":{"@id":"https:\/\/montecarloliving.com\/fr\/#website"},"primaryImageOfPage":{"@id":"https:\/\/montecarloliving.com\/fr\/actualite\/ledition-2024-de-scene-ouverte-du-fort-antoine-6132\/#primaryimage"},"image":{"@id":"https:\/\/montecarloliving.com\/fr\/actualite\/ledition-2024-de-scene-ouverte-du-fort-antoine-6132\/#primaryimage"},"thumbnailUrl":"https:\/\/montecarloliving.com\/wp-content\/uploads\/2023\/12\/Affiche-DAC-Les-Talents-du-Fort-scaled.jpg","datePublished":"2024-01-03T10:45:42+00:00","author":{"@id":"https:\/\/montecarloliving.com\/fr\/#\/schema\/person\/7e5945d4560862b7f2d2c6831bda2819"},"description":"La sc\u00e8ne ouverte du Fort Antoine pour les 18-30 ans, organis\u00e9e par la Direction des Affaires Culturelles de Monaco, reviendra en juillet 2024 et les jeunes sont invit\u00e9 ...","breadcrumb":{"@id":"https:\/\/montecarloliving.com\/fr\/actualite\/ledition-2024-de-scene-ouverte-du-fort-antoine-6132\/#breadcrumb"},"inLanguage":"fr-FR","potentialAction":[{"@type":"ReadAction","target":["https:\/\/montecarloliving.com\/fr\/actualite\/ledition-2024-de-scene-ouverte-du-fort-antoine-6132\/"]}]},{"@type":"ImageObject","inLanguage":"fr-FR","@id":"https:\/\/montecarloliving.com\/fr\/actualite\/ledition-2024-de-scene-ouverte-du-fort-antoine-6132\/#primaryimage","url":"https:\/\/montecarloliving.com\/wp-content\/uploads\/2023\/12\/Affiche-DAC-Les-Talents-du-Fort-scaled.jpg","contentUrl":"https:\/\/montecarloliving.com\/wp-content\/uploads\/2023\/12\/Affiche-DAC-Les-Talents-du-Fort-scaled.jpg","width":1811,"height":2560},{"@type":"BreadcrumbList","@id":"https:\/\/montecarloliving.com\/fr\/actualite\/ledition-2024-de-scene-ouverte-du-fort-antoine-6132\/#breadcrumb","itemListElement":[{"@type":"ListItem","position":1,"name":"Home","item":"https:\/\/montecarloliving.com\/fr\/"},{"@type":"ListItem","position":2,"name":"L\u2019\u00e9dition 2024 de la Sc\u00e8ne Ouverte du Fort Antoine"}]},{"@type":"WebSite","@id":"https:\/\/montecarloliving.com\/fr\/#website","url":"https:\/\/montecarloliving.com\/fr\/","name":"Montecarlo Living","description":"News da Montecarlo - Principato di Monaco e Costa Azzurra","potentialAction":[{"@type":"SearchAction","target":{"@type":"EntryPoint","urlTemplate":"https:\/\/montecarloliving.com\/fr\/?s={search_term_string}"},"query-input":{"@type":"PropertyValueSpecification","valueRequired":true,"valueName":"search_term_string"}}],"inLanguage":"fr-FR"},{"@type":"Person","@id":"https:\/\/montecarloliving.com\/fr\/#\/schema\/person\/7e5945d4560862b7f2d2c6831bda2819","name":"Redazione","image":{"@type":"ImageObject","inLanguage":"fr-FR","@id":"https:\/\/secure.gravatar.com\/avatar\/8b5f26557e18fe74ad8e8a57ebb2925d88af8a90cee489ff2beefb391bc9b9c7?s=96&d=mm&r=g","url":"https:\/\/secure.gravatar.com\/avatar\/8b5f26557e18fe74ad8e8a57ebb2925d88af8a90cee489ff2beefb391bc9b9c7?s=96&d=mm&r=g","contentUrl":"https:\/\/secure.gravatar.com\/avatar\/8b5f26557e18fe74ad8e8a57ebb2925d88af8a90cee489ff2beefb391bc9b9c7?s=96&d=mm&r=g","caption":"Redazione"}}]}},"_links":{"self":[{"href":"https:\/\/montecarloliving.com\/fr\/wp-json\/wp\/v2\/posts\/6132","targetHints":{"allow":["GET"]}}],"collection":[{"href":"https:\/\/montecarloliving.com\/fr\/wp-json\/wp\/v2\/posts"}],"about":[{"href":"https:\/\/montecarloliving.com\/fr\/wp-json\/wp\/v2\/types\/post"}],"author":[{"embeddable":true,"href":"https:\/\/montecarloliving.com\/fr\/wp-json\/wp\/v2\/users\/1"}],"replies":[{"embeddable":true,"href":"https:\/\/montecarloliving.com\/fr\/wp-json\/wp\/v2\/comments?post=6132"}],"version-history":[{"count":0,"href":"https:\/\/montecarloliving.com\/fr\/wp-json\/wp\/v2\/posts\/6132\/revisions"}],"wp:featuredmedia":[{"embeddable":true,"href":"https:\/\/montecarloliving.com\/fr\/wp-json\/wp\/v2\/media\/6130"}],"wp:attachment":[{"href":"https:\/\/montecarloliving.com\/fr\/wp-json\/wp\/v2\/media?parent=6132"}],"wp:term":[{"taxonomy":"category","embeddable":true,"href":"https:\/\/montecarloliving.com\/fr\/wp-json\/wp\/v2\/categories?post=6132"},{"taxonomy":"post_tag","embeddable":true,"href":"https:\/\/montecarloliving.com\/fr\/wp-json\/wp\/v2\/tags?post=6132"}],"curies":[{"name":"wp","href":"https:\/\/api.w.org\/{rel}","templated":true}]}}