{"id":5931,"date":"2023-12-15T09:00:25","date_gmt":"2023-12-15T08:00:25","guid":{"rendered":"https:\/\/montecarloliving.com\/non-classifiee\/evenements-du-week-end-du-16-et-17-decembre-2023-monaco-5931\/"},"modified":"2023-12-15T09:00:25","modified_gmt":"2023-12-15T08:00:25","slug":"evenements-du-week-end-du-16-et-17-decembre-2023-monaco","status":"publish","type":"post","link":"https:\/\/montecarloliving.com\/fr\/evenements\/evenements-du-week-end-du-16-et-17-decembre-2023-monaco-5931\/","title":{"rendered":"\u00c9v\u00e9nements du week-end du 16 et 17 d\u00e9cembre 2023 \u00e0 Monaco"},"content":{"rendered":"<div class=\"flex-shrink-0 flex flex-col relative items-end\">\n<div>\n<div class=\"pt-0.5\">\n<div class=\"gizmo-shadow-stroke flex h-6 w-6 items-center justify-center overflow-hidden rounded-full\"><\/div>\n<\/div>\n<\/div>\n<\/div>\n<div class=\"relative flex w-full flex-col lg:w-[calc(100%-115px)] agent-turn\">\n<div class=\"flex-col gap-1 md:gap-3\">\n<div class=\"flex flex-grow flex-col max-w-full\">\n<div class=\"text-message flex flex-col items-start gap-3 whitespace-pre-wrap break-words [.text-message+&amp;]:mt-5 overflow-x-auto\" data-message-author-role=\"assistant\" data-message-id=\"27f1b702-0bb4-42e2-83b1-db3121a33f2e\">\n<div class=\"markdown prose w-full break-words dark:prose-invert light\">\n<p>\u00c9v\u00e9nements du week-end \u00e0 Monaco, d\u00e9couvrez-les tous !<\/p>\n<h4>Toute l&rsquo;art du cin\u00e9ma &#8211; \u00ab\u00a0Carmen Jones\u00a0\u00bb<\/h4>\n<p>Dimanche 17 d\u00e9cembre 2023 \u00e0 11h, Grimaldi Forum Monaco Danse et cin\u00e9ma &#8211; Carmen Jones, Otto Preminger (1954). Gr\u00e2ce au charisme de Dorothy Dandridge et au virtuose Otto Preminger, Carmen trouve sa parfaite incarnation \u00e0 l&rsquo;\u00e9cran. En collaboration avec les Ballets de Monte-Carlo, dans le cadre du festival \u00ab\u00a0Monaco Dance Forum\u00a0\u00bb.<\/p>\n<p><strong>Info<\/strong>: <a href=\"https:\/\/institut-audiovisuel.mc\/programme\/tout-lart-du-cinema\/\">Visitez le site<\/a><\/p>\n<h4>Sports &#8211; \u00ab\u00a0Comp\u00e9tition de tir \u00e0 l&rsquo;arc\u00a0\u00bb<\/h4>\n<p>Dimanche 18 d\u00e9cembre 2022, Espace Saint Antoine XVIe Coupe de S.A.S le Prince Albert II de Monaco, organis\u00e9e par la Premi\u00e8re Compagnie de Tir \u00e0 l&rsquo;Arc de Monaco<\/p>\n<p><strong>Info<\/strong>: <a href=\"http:\/\/www.tiralarc.mc\/?i=1\">Visitez le site<\/a><\/p>\n<h4>Basketball Betclic Elite &#8211; \u00ab\u00a0AS Monaco &#8211; Roanne\u00a0\u00bb<\/h4>\n<p>Dimanche 17 d\u00e9cembre 2023, Salle Gaston M\u00e9decin Championnat de France de basketball, Betclic \u00c9lite : AS Monaco Roca Team &#8211; Roanne<\/p>\n<p><strong>Info<\/strong>: <a href=\"https:\/\/asmonaco.basketball\/\">Visitez le site<\/a><\/p>\n<h4>Th\u00e9\u00e2tre &#8211; \u00ab\u00a0Le fabuleux voyage de la f\u00e9e M\u00e9lodie\u00a0\u00bb<\/h4>\n<p>Du samedi 16 au dimanche 17 d\u00e9cembre 2023, \u00e0 14h30 et \u00e0 16h30, Th\u00e9\u00e2tre des Muses Un voyage musical interactif m\u00ealant th\u00e9\u00e2tre, chansons, ombres et illusions. Un \u00e9clair dans le pays des notes : M\u00e9lodie, la f\u00e9e de la musique, a perdu sa note \u00ab\u00a0La\u00a0\u00bb ! Elle part \u00e0 sa recherche et rencontrera des personnages extraordinaires qui la guideront \u00e0 travers diff\u00e9rents univers pour compl\u00e9ter sa qu\u00eate. Mais attention, l&rsquo;Ogre Barbare r\u00f4de \u00e0 proximit\u00e9 et M\u00e9lodie aura besoin d&rsquo;une bonne dose de courage pour le confronter.<\/p>\n<p><strong>Info:<\/strong> <a href=\"https:\/\/www.letheatredesmuses.com\/\">Visitez le site<\/a><\/p>\n<h4>Musical &#8211; \u00ab\u00a0Le Fant\u00f4me de l&rsquo;Op\u00e9ra\u00a0\u00bb<\/h4>\n<p>Du samedi 16 au dimanche 31 d\u00e9cembre 2023, Op\u00e9ra de Monte-Carlo &#8211; Salle Garnier L&rsquo;Op\u00e9ra de Monte-Carlo pr\u00e9sente sa nouvelle production du \u00ab\u00a0Fant\u00f4me de l&rsquo;Op\u00e9ra\u00a0\u00bb, l&rsquo;un des musicals les plus embl\u00e9matiques de tous les temps. Plongez dans l&rsquo;atmosph\u00e8re magique de notre Salle Garnier et de ses somptueux d\u00e9cors, et d\u00e9couvrez Ramin Karimloo dans le r\u00f4le du Fant\u00f4me. Une exp\u00e9rience \u00e0 ne pas manquer !<\/p>\n<p><strong>Info:<\/strong> <a href=\"https:\/\/www.opera.mc\/fr\/saisons\/23-24\/the-phantom-of-the-opera\">Visitez le site<\/a><\/p>\n<h4>Th\u00e9\u00e2tre &#8211; \u00ab\u00a0Cyrano\u00a0\u00bb<\/h4>\n<p>Jeudi 14, vendredi 15, samedi 16 \u00e0 20h et dimanche 17 d\u00e9cembre \u00e0 16h30, Th\u00e9\u00e2tre des Muses Cyrano ! Et il n&rsquo;y a plus rien \u00e0 dire : avec Roxane et Christian, n&rsquo;est-ce pas un trio mythique ? Reste \u00e0 se demander : que pouvons-nous apporter de nouveau \u00e0 cette \u0153uvre, qui est sans aucun doute la plus repr\u00e9sent\u00e9e au monde ? Si vous pensiez qu&rsquo;il n&rsquo;y avait plus rien \u00e0 dire, vous serez surpris&#8230; Entre tradition baroque et modernit\u00e9, trois actrices qui ont choisi de naviguer entre classicisme et modernit\u00e9 nous transportent joyeusement dans une atmosph\u00e8re magique.<\/p>\n<p><strong>Info<\/strong>: <a href=\"https:\/\/www.letheatredesmuses.com\/\">Visitez le site<\/a><\/p>\n<p>Attraction &#8211; \u00ab\u00a0Village des Sports\u00a0\u00bb Du vendredi 15 d\u00e9cembre 2023 au dimanche 7 janvier 2024, Port Hercule de Monaco Info : Visitez le site<\/p>\n<p>Les Ballets de Monte-Carlo &#8211; \u00ab\u00a0SOL INVICTUS\u00a0\u00bb Du vendredi 15 au samedi 16 d\u00e9cembre 2023 \u00e0 19h30, Grimaldi Forum Monaco Saison 2023\/2024 &#8211; Monaco Dance Forum &#8211; SOL INVICTUS, Herv\u00e9 Koubi. Toujours \u00e0 mi-chemin entre la physique hip-hop et l&rsquo;\u00e9l\u00e9vation classique, Sol Invictus est une d\u00e9claration d&rsquo;amour, ma d\u00e9claration d&rsquo;amour \u00e0 la danse, \u00e0 son pass\u00e9, \u00e0 son pr\u00e9sent et \u00e0 son futur. Info : Visitez le site<\/p>\n<p>Exposition &#8211; \u00ab\u00a0L&rsquo;art en f\u00eate\u00a0\u00bb Du vendredi 8 au lundi 18 d\u00e9cembre 2023, du lundi au samedi de 10h30 \u00e0 18h30, Espace 22 Une exposition Multi Art Event de Wendy Lauwers ! \u2728 Plongez dans le monde fascinant de 17 artistes aux talents vari\u00e9s, allant de la peinture \u00e0 la sculpture, r\u00e9unis pour cr\u00e9er une exposition tr\u00e8s prometteuse. Venez d\u00e9couvrir cette initiative artistique exceptionnelle. Nous vous attendons nombreux pour partager ce moment unique, ne le manquez pas ! Artistes : Rouge William, Giorgio Tordonato, Mo\u00efse Semexant, Christine Nilly, Marie Laure Maze, Jo, Carl Jaunie, Fr\u00e9d\u00e9ric Haro, Galerie Daniel Guidat, Ed, Francesca Dratta, Jean Marie Chassagnac, Myriam Berri, Beli, Art Hugo, John Gorman, AGL art D\u00e9co Info : Visitez le site<\/p>\n<p>Exposition &#8211; \u00ab\u00a0Le Prince et la M\u00e9diterran\u00e9e\u00a0\u00bb \u00c0 partir du 6 d\u00e9cembre 2023, Mus\u00e9e oc\u00e9anographique de Monaco \u00c0 l&rsquo;occasion des c\u00e9l\u00e9brations du centenaire du Prince Rainier III (1923-2023), le Mus\u00e9e oc\u00e9anographique pr\u00e9sente la nouvelle exposition permanente intitul\u00e9e \u00ab\u00a0Le Prince et la M\u00e9diterran\u00e9e\u00a0\u00bb. \u00c0 travers cette exposition, l&rsquo;Institut oc\u00e9anographique rend hommage au lien ind\u00e9fectible qui unissait le Prince Rainier III \u00e0 l&rsquo;oc\u00e9an, et plus particuli\u00e8rement \u00e0 la M\u00e9diterran\u00e9e. Les visiteurs sont invit\u00e9s \u00e0 monter \u00e0 bord de son bateau Deo Juvante II. Guid\u00e9s par la voix de S.A.S. la Princesse St\u00e9phanie, ils parcourront quatre espaces exploratoires et intimes, d\u00e9couvrant l&rsquo;un apr\u00e8s l&rsquo;autre les diff\u00e9rentes facettes de ce Prince passionn\u00e9 par le Mare Nostrum. Info : Visitez le site<\/p>\n<p>\u00c9v\u00e9nement &#8211; La vision du prince. Jacques Rueff, ministre d&rsquo;\u00c9tat de Rainier III Minist\u00e8re d&rsquo;\u00c9tat, place de la Visitation, 98000 Monaco Du lundi au vendredi de 9h30 \u00e0 17h00. Visites individuelles sur rendez-vous jusqu&rsquo;au 17 novembre 2023. Entr\u00e9e libre pour les visiteurs individuels du 20 novembre 2023 au 26 janvier 2024. Visites guid\u00e9es sur rendez-vous mercredi 15 novembre, mercredi 13 d\u00e9cembre et mercredi 17 janvier, de 13h30 \u00e0 14h30. Visites de groupe sur rendez-vous : Tel : +377 98 98 49 15 Email : <a href=\"mailto:scada@gouv.mc\" target=\"_new\" rel=\"noopener\">scada@gouv.mc<\/a> Info : Consultez l&rsquo;article<\/p>\n<p>Pop-Up de No\u00ebl &#8211; \u00ab\u00a0Chalets de No\u00ebl\u00a0\u00bb Du jeudi 16 novembre 2023 au samedi 6 janvier 2024, Avenue de Monte-Carlo Bienvenue dans le monde enchanteur des chalets de No\u00ebl, o\u00f9 chaque instant est une ode aux sens. Laissez-vous s\u00e9duire par des d\u00e9lices gastronomiques, des cadeaux m\u00e9morables et des saveurs festives, des cr\u00eapes moelleuses aux chocolats chauds r\u00e9confortants ! Explorez \u00e9galement une palette de parfums enivrants, de magnifiques bouquets de fleurs et bien plus encore&#8230; Info : Visitez le site<\/p>\n<p>Exposition &#8211; \u00ab\u00a0Ranieri III, le Prince b\u00e2tisseur\u00a0\u00bb Du jeudi 20 juillet au dimanche 31 d\u00e9cembre 2023, du mardi au dimanche de 13h \u00e0 19h, Salle d&rsquo;exposition Quai Antoine Ier Exposition \u00ab\u00a0Ranieri III, le Prince b\u00e2tisseur &#8211; Une ambition pour Monaco\u00a0\u00bb. Dans le cadre des comm\u00e9morations du Centenaire du Prince Rainier III. Visionnaire, le Prince Ranieri III a con\u00e7u la Principaut\u00e9 d&rsquo;apr\u00e8s-guerre dans une p\u00e9riode de prosp\u00e9rit\u00e9 \u00e9conomique, de d\u00e9veloppement urbain et d&rsquo;expansion territoriale. L&rsquo;exposition met en \u00e9vidence comment le Prince Ranieri III a embrass\u00e9 \u00e0 la fois la continuit\u00e9 historique et l&rsquo;innovation, se r\u00e9v\u00e9lant m\u00eame r\u00e9solument r\u00e9volutionnaire dans son approche de l&rsquo;urbanisme, guid\u00e9 par une ambition unique : assurer la prosp\u00e9rit\u00e9 et le bien-\u00eatre des Mon\u00e9gasques. Par St\u00e9phane Bern et Christian Curau. Info : Visitez le site<\/p>\n<p>Sport &#8211; \u00ab\u00a0Visit Monaco x AS Monaco\u00a0\u00bb Du jeudi 13 juillet 2023 au samedi 18 mai 2024, Boutique Officielle AS Monaco. Le logo Visit Monaco appara\u00eet sur la nouvelle ligne de maillots domicile de l&rsquo;AS Monaco ! Le nouveau maillot conserve la diagonale embl\u00e9matique \u00e0 55\u00b0 imagin\u00e9e par la Princesse Grace Kelly \u00e0 l&rsquo;avant et le blason traditionnel rouge, blanc et or sur le c\u00f4t\u00e9 gauche. L&rsquo;encolure ronde bicolore pr\u00e9sente la devise du club \u00ab\u00a0Daghe Munegu\u00a0\u00bb \u00e0 l&rsquo;arri\u00e8re, tandis que les mots \u00ab\u00a0Rouge et Blanc\u00a0\u00bb apparaissent en lettres dor\u00e9es \u00e0 l&rsquo;int\u00e9rieur, cr\u00e9ant un contraste \u00e9l\u00e9gant. Une caract\u00e9ristique sp\u00e9ciale de cet uniforme est qu&rsquo;il est fabriqu\u00e9 \u00e0 100% en polyester recycl\u00e9, respectant les crit\u00e8res de durabilit\u00e9 et de r\u00e9cup\u00e9ration des mat\u00e9riaux. Soutenez votre \u00e9quipe favorite en portant les couleurs du club : rendez-vous dans la boutique officielle ! Info : Visitez le site<\/p>\n<p>Exposition &#8211; \u00ab\u00a0Mission Polaire\u00a0\u00bb Du samedi 4 juin 2022 au mardi 31 d\u00e9cembre 2024, Mus\u00e9e oc\u00e9anographique de Monaco. Vivez une exp\u00e9rience interactive et immersive ! Enfilez le costume d&rsquo;un reporter et partez en mission au c\u0153ur des mondes polaires ! Cinq th\u00e8mes, r\u00e9partis sur deux niveaux, rythment ce nouveau parcours de visite. De la d\u00e9couverte des p\u00f4les \u00e0 la vie sauvage qu&rsquo;ils abritent, en passant par les personnes qui les habitent et les explorent. Objets et documents, contenus num\u00e9riques et dispositifs immersifs se combinent et se compl\u00e8tent pour une exp\u00e9rience \u00e0 360\u00b0. Le grand voyage peut commencer ! Info : Visitez le site<\/p>\n<p>Exposition &#8211; \u00ab\u00a0Le Path\u00e9-Baby et les films en 9,5 mm &#8211; Une histoire du cin\u00e9ma amateur \u00e0 Monaco\u00a0\u00bb Du mardi 14 f\u00e9vrier au vendredi 29 d\u00e9cembre 2023, de 10h \u00e0 17h30 (\u00e0 17h le vendredi), Institut Audiovisuel de Monaco La Chambre des Merveilles &#8211; \u00ab\u00a0Le Path\u00e9-Baby et les films en 9,5 mm &#8211; Une histoire du cin\u00e9ma amateur \u00e0 Monaco\u00a0\u00bb &#8211; Exposition con\u00e7ue, cr\u00e9\u00e9e et produite par l&rsquo;Institut Audiovisuel de Monaco, en collaboration avec la Fondation J\u00e9r\u00f4me Seydoux-Path\u00e9, avec le soutien du D\u00e9partement du Patrimoine du Centre National du Cin\u00e9ma et de l&rsquo;association In\u00e9dits, films amateurs\/m\u00e9moire d&rsquo;Europe. Info : Visitez le site<\/p>\n<p>Exposition &#8211; \u00ab\u00a0Albert Ier &#8211; Un Prince Pr\u00e9historien\u00a0\u00bb Du lundi 20 mars au dimanche 31 d\u00e9cembre 2023, de 9h \u00e0 18h, Mus\u00e9e d&rsquo;Anthropologie Pr\u00e9historique D\u00e9couvrez le Prince Albert Ier d&rsquo;une mani\u00e8re diff\u00e9rente ! Rencontrez un prince pr\u00e9historien, un scientifique et un homme de terrain, pour retracer ses explorations arch\u00e9ologiques. Des grottes de Grimaldi \u00e0 l&rsquo;Espagne, de la fondation du Mus\u00e9e d&rsquo;Anthropologie Pr\u00e9historique de Monaco \u00e0 l&rsquo;Institut de Pal\u00e9ontologie Humaine de Paris, les visiteurs exploreront les parcours passionnants des aventures et r\u00e9flexions arch\u00e9ologiques d&rsquo;un prince passionn\u00e9 et fascinant. Info : Visitez le site<\/p>\n<p>Exposition &#8211; \u00ab\u00a0Pier Paolo Calzolari &#8211; Casa ideale\u00a0\u00bb Du vendredi 17 novembre 2023 au dimanche 7 avril 2024, Nouveau Mus\u00e9e National de Monaco &#8211; Villa Paloma Pier Paolo Calzolari est connu pour l&rsquo;originalit\u00e9 formelle de sa pratique multidisciplinaire (peinture, sculpture, mais aussi performances consid\u00e9r\u00e9es comme des \u00ab\u00a0actes de passion\u00a0\u00bb), qui fait souvent appel \u00e0 l&rsquo;utilisation de mat\u00e9riaux organiques tels que des feuilles de tabac, du feu ou du gel pour cr\u00e9er des \u00ab\u00a0\u0153uvres-installations\u00a0\u00bb remettant en question les limites de l&rsquo;art contemporain. Exposition r\u00e9trospective, \u00ab\u00a0Casa ideale\u00a0\u00bb est une rare occasion de d\u00e9couvrir le monde d&rsquo;un artiste qui a marqu\u00e9 l&rsquo;histoire de l&rsquo;art par son approche souvent non conventionnelle des diff\u00e9rentes pratiques des arts plastiques. Info : Visitez le site<\/p>\n<p>Exposition &#8211; \u00ab\u00a0Le Prince au c\u0153ur du cirque\u00a0\u00bb<\/p>\n<p>Du mercredi 22 novembre 2023 au dimanche 28 janvier 2024, de 11h \u00e0 19h, Terrasses de Fontvieille La plus grande collection de cirque, comprenant des photographies, des films, des costumes d&rsquo;artistes, des documents in\u00e9dits, des affiches&#8230; Organis\u00e9e \u00e0 l&rsquo;occasion des c\u00e9l\u00e9brations du centenaire du Prince Rainier III.<\/p>\n<p>Info : Visitez le site<\/p>\n<p>Pop-Up Invernale &#8211; \u00ab\u00a0Blue Ice\u00a0\u00bb Du mardi 28 novembre 2023 au jeudi 29 f\u00e9vrier 2024, de 18h30 \u00e0 1h30, Blue Gin La banquise d\u00e9barque au Blue Gin ! Une bouff\u00e9e d&rsquo;air frais traverse le monde polaire&#8230; Igloos, for\u00eats de pins blancs, stalactites, ours polaires, pingouins&#8230; Partez pour une v\u00e9ritable aventure exotique dans la terre des glaces. Des igloos et des icebergs aux stalactites et aux for\u00eats de pins, l&rsquo;immersion au c\u0153ur du p\u00f4le Nord est garantie ! Entour\u00e9 de lumi\u00e8res bleues, le DJ r\u00e9sident Nicolas Saad r\u00e9chauffera la piste de danse chaque semaine, le jeudi, le vendredi et le samedi. Mais un voyage sans saveur n&rsquo;est pas un voyage&#8230; Rendez-vous au Cercle Polaire Arctique pour une s\u00e9rie de cocktails revisit\u00e9s.<\/p>\n<p>Info : Visitez le site<\/p>\n<p>Pop-Up de No\u00ebl &#8211; \u00ab\u00a0Square Beaumarchais\u00a0\u00bb Du 1er d\u00e9cembre 2023 au 5 janvier 2024, de 12h \u00e0 19h, devant l&rsquo;H\u00f4tel Hermitage Monte-Carlo Face \u00e0 l&rsquo;H\u00f4tel Hermitage Monte-Carlo, la terrasse de Square Beaumarchais est am\u00e9nag\u00e9e pour l&rsquo;hiver ! Plongez dans une atmosph\u00e8re chaude et enneig\u00e9e, d\u00e9couvrez les installations d&rsquo;igloos ou sirotez une coupe de champagne Veuve Clicquot.<\/p>\n<p>Info : Visitez le site<\/p>\n<p>Exposition &#8211; \u00ab\u00a0La Collection d&rsquo;\u0152uvres de Pablo Picasso de Pieter et Olga Dreesmann\u00a0\u00bb Du mercredi 6 au vendredi 22 d\u00e9cembre 2023, du lundi au vendredi, de 10h00 \u00e0 18h00, chez Moretti Fine Art. Cette exposition itin\u00e9rante et de vente, pr\u00e9sent\u00e9e par Ward Moretti chez Moretti Fine Art, pr\u00e9sente une collection extraordinaire d&rsquo;\u0153uvres sur papier, de c\u00e9ramiques uniques et de sculptures, soigneusement rassembl\u00e9es sur plus de 25 ans par Pieter et Olga Dreesmann.<\/p>\n<p>Info : Visitez le site<\/p>\n<p>Activit\u00e9 &#8211; \u00ab\u00a0Le Village de No\u00ebl &#8211; Ranieri III, prince passionn\u00e9\u00a0\u00bb Du jeudi 7 d\u00e9cembre 2023 au dimanche 7 janvier 2024, Quai Albert Ier Cette ann\u00e9e, le Village de No\u00ebl, organis\u00e9 par la Commune de Monaco, aura pour th\u00e8me \u00ab\u00a0Ranieri III, un prince passionn\u00e9\u00a0\u00bb. Petits et grands pourront se promener parmi les d\u00e9cors sp\u00e9cialement cr\u00e9\u00e9s pour l&rsquo;occasion et d\u00e9couvrir les grandes passions du Prince Ranieri III pour la mer, les arts, les animaux et le sport.<\/p>\n<p>Info : Visitez le site<\/p>\n<p>Activit\u00e9 &#8211; \u00ab\u00a0Les boules de neige de No\u00ebl et le man\u00e8ge de No\u00ebl\u00a0\u00bb Du jeudi 7 d\u00e9cembre 2023 au dimanche 7 janvier 2024, Place du Casino Admirez la Place du Casino du Casino et laissez-vous tenter par \u00ab\u00a0Un chant de No\u00ebl\u00a0\u00bb. Cette ann\u00e9e, d\u00e9couvrez les boules de neige illustrant les sc\u00e8nes mythiques du conte de Charles Dickens. Une promenade \u00e9voquant l&rsquo;esprit de la g\u00e9n\u00e9rosit\u00e9, de la bont\u00e9 et de No\u00ebl. Vous trouverez \u00e9galement le l\u00e9gendaire man\u00e8ge de No\u00ebl et son Chalet dans le Jardin des Boulingrins, en face du Casino de Monte-Carlo. C&rsquo;est l&rsquo;endroit id\u00e9al pour un moment magique en famille et pour faire r\u00eaver vos enfants. Le Chalet proposera des cr\u00eapes, des churros et des boissons chaudes. La promesse d&rsquo;une pause douce et r\u00e9confortante !<\/p>\n<p>Info : Visitez le site<\/p>\n<p>Exposition &#8211; \u00ab\u00a0Chemin des Cr\u00e8ches\u00a0\u00bb Du vendredi 8 d\u00e9cembre 2023 au lundi 8 janvier 2024, Monaco-Ville Sur mission de S.A.S. le Prince Souverain Albert II de Monaco, le \u00ab\u00a0Chemin des Cr\u00e8ches\u00a0\u00bb du Principaut\u00e9 a \u00e9t\u00e9 fond\u00e9 en 2014 sur le rocher pour contribuer \u00e0 la joie des f\u00eates de fin d&rsquo;ann\u00e9e, pour transmettre le sens, les valeurs et la culture des cr\u00e8ches de tous les continents. Chaque ann\u00e9e, les cr\u00e8ches expos\u00e9es sont install\u00e9es dans des chalets sp\u00e9cialement cr\u00e9\u00e9s et dans des b\u00e2timents publics situ\u00e9s sur le rocher.<\/p>\n<p>Info : Visitez le site<\/p>\n<p>D\u00e9tente &#8211; \u00ab\u00a0Christmas Garden au Patio\u00a0\u00bb Du samedi 9 d\u00e9cembre 2023 au dimanche 7 janvier 2024, H\u00f4tel de Paris Monte-Carlo Vivez l&rsquo;esprit de No\u00ebl dans le Patio de l&rsquo;H\u00f4tel de Paris Monte-Carlo. Cette ann\u00e9e, le l\u00e9gendaire h\u00f4tel de luxe vous invite \u00e0 vivre la magie des f\u00eates de fin d&rsquo;ann\u00e9e avec le traditionnel monde des c\u00e9l\u00e9brations \u00e0 l&rsquo;anglaise dans son jardin d&rsquo;hiver, Le Patio. Un environnement o\u00f9 le luxe et la tradition se rencontrent, pour vivre la promesse d&rsquo;une fin d&rsquo;ann\u00e9e \u00e9tincelante&#8230;<\/p>\n<p>Info : Visitez le site<\/p>\n<p>Visitez notre Page Instagram<\/p>\n<p>Lisez d&rsquo;autres articles<\/p>\n<\/div>\n<\/div>\n<\/div>\n<\/div>\n<\/div>\n","protected":false},"excerpt":{"rendered":"<p>\u00c9v\u00e9nements du week-end \u00e0 Monaco, d\u00e9couvrez-les tous ! Toute l&rsquo;art du cin\u00e9ma &#8211; \u00ab\u00a0Carmen Jones\u00a0\u00bb Dimanche 17 d\u00e9cembre 2023 \u00e0 11h, Grimaldi Forum Monaco Danse et cin\u00e9ma &#8211; Carmen Jones, Otto Preminger (1954). Gr\u00e2ce au charisme de Dorothy Dandridge et au virtuose Otto Preminger, [&hellip;]<\/p>\n","protected":false},"author":1,"featured_media":5921,"comment_status":"closed","ping_status":"closed","sticky":false,"template":"","format":"standard","meta":{"footnotes":""},"categories":[828],"tags":[],"class_list":["post-5931","post","type-post","status-publish","format-standard","has-post-thumbnail","hentry","category-evenements"],"yoast_head":"<!-- This site is optimized with the Yoast SEO plugin v27.4 - https:\/\/yoast.com\/product\/yoast-seo-wordpress\/ -->\n<title>\u00c9v\u00e9nements du week-end du 16 et 17 d\u00e9cembre 2023 \u00e0 Monaco<\/title>\n<meta name=\"description\" content=\"Eventi del Weekend a Monaco, scoprili tutti!!Tutta l&#039;arte del cinema - &quot;Carmen Jones&quot;Domenica 17 dicembre 2023 alle 11, Grimaldi...\" \/>\n<meta name=\"robots\" content=\"index, follow, max-snippet:-1, max-image-preview:large, max-video-preview:-1\" \/>\n<link rel=\"canonical\" href=\"https:\/\/montecarloliving.com\/fr\/evenements\/evenements-du-week-end-du-16-et-17-decembre-2023-monaco-5931\/\" \/>\n<meta property=\"og:locale\" content=\"fr_FR\" \/>\n<meta property=\"og:title\" content=\"\u00c9v\u00e9nements du week-end du 16 et 17 d\u00e9cembre 2023 \u00e0 Monaco\" \/>\n<meta property=\"og:description\" content=\"Eventi del Weekend a Monaco, scoprili tutti!!Tutta l&#039;arte del cinema - &quot;Carmen Jones&quot;Domenica 17 dicembre 2023 alle 11, Grimaldi...\" \/>\n<meta property=\"og:url\" content=\"https:\/\/montecarloliving.com\/fr\/evenements\/evenements-du-week-end-du-16-et-17-decembre-2023-monaco-5931\/\" \/>\n<meta property=\"og:site_name\" content=\"Montecarlo Living\" \/>\n<meta property=\"article:publisher\" content=\"https:\/\/www.facebook.com\/montecarlolivingcom\/\" \/>\n<meta property=\"article:published_time\" content=\"2023-12-15T08:00:25+00:00\" \/>\n<meta property=\"og:image\" content=\"https:\/\/montecarloliving.com\/wp-content\/uploads\/2023\/12\/image_6483441-84-650x400.jpg\" \/>\n\t<meta property=\"og:image:width\" content=\"650\" \/>\n\t<meta property=\"og:image:height\" content=\"400\" \/>\n\t<meta property=\"og:image:type\" content=\"image\/jpeg\" \/>\n<meta name=\"author\" content=\"Redazione\" \/>\n<meta name=\"twitter:card\" content=\"summary_large_image\" \/>\n<meta name=\"twitter:creator\" content=\"@MonteCarloLivi\" \/>\n<meta name=\"twitter:site\" content=\"@MonteCarloLivi\" \/>\n<meta name=\"twitter:label1\" content=\"\u00c9crit par\" \/>\n\t<meta name=\"twitter:data1\" content=\"Redazione\" \/>\n\t<meta name=\"twitter:label2\" content=\"Dur\u00e9e de lecture estim\u00e9e\" \/>\n\t<meta name=\"twitter:data2\" content=\"12 minutes\" \/>\n<script type=\"application\/ld+json\" class=\"yoast-schema-graph\">{\"@context\":\"https:\\\/\\\/schema.org\",\"@graph\":[{\"@type\":\"Article\",\"@id\":\"https:\\\/\\\/montecarloliving.com\\\/fr\\\/evenements\\\/evenements-du-week-end-du-16-et-17-decembre-2023-monaco-5931\\\/#article\",\"isPartOf\":{\"@id\":\"https:\\\/\\\/montecarloliving.com\\\/fr\\\/evenements\\\/evenements-du-week-end-du-16-et-17-decembre-2023-monaco-5931\\\/\"},\"author\":{\"name\":\"Redazione\",\"@id\":\"https:\\\/\\\/montecarloliving.com\\\/fr\\\/#\\\/schema\\\/person\\\/7e5945d4560862b7f2d2c6831bda2819\"},\"headline\":\"\u00c9v\u00e9nements du week-end du 16 et 17 d\u00e9cembre 2023 \u00e0 Monaco\",\"datePublished\":\"2023-12-15T08:00:25+00:00\",\"mainEntityOfPage\":{\"@id\":\"https:\\\/\\\/montecarloliving.com\\\/fr\\\/evenements\\\/evenements-du-week-end-du-16-et-17-decembre-2023-monaco-5931\\\/\"},\"wordCount\":2475,\"image\":{\"@id\":\"https:\\\/\\\/montecarloliving.com\\\/fr\\\/evenements\\\/evenements-du-week-end-du-16-et-17-decembre-2023-monaco-5931\\\/#primaryimage\"},\"thumbnailUrl\":\"https:\\\/\\\/montecarloliving.com\\\/wp-content\\\/uploads\\\/2023\\\/12\\\/image_6483441-84.jpg\",\"articleSection\":[\"\u00c9v\u00e9nements\"],\"inLanguage\":\"fr-FR\"},{\"@type\":\"WebPage\",\"@id\":\"https:\\\/\\\/montecarloliving.com\\\/fr\\\/evenements\\\/evenements-du-week-end-du-16-et-17-decembre-2023-monaco-5931\\\/\",\"url\":\"https:\\\/\\\/montecarloliving.com\\\/fr\\\/evenements\\\/evenements-du-week-end-du-16-et-17-decembre-2023-monaco-5931\\\/\",\"name\":\"\u00c9v\u00e9nements du week-end du 16 et 17 d\u00e9cembre 2023 \u00e0 Monaco\",\"isPartOf\":{\"@id\":\"https:\\\/\\\/montecarloliving.com\\\/fr\\\/#website\"},\"primaryImageOfPage\":{\"@id\":\"https:\\\/\\\/montecarloliving.com\\\/fr\\\/evenements\\\/evenements-du-week-end-du-16-et-17-decembre-2023-monaco-5931\\\/#primaryimage\"},\"image\":{\"@id\":\"https:\\\/\\\/montecarloliving.com\\\/fr\\\/evenements\\\/evenements-du-week-end-du-16-et-17-decembre-2023-monaco-5931\\\/#primaryimage\"},\"thumbnailUrl\":\"https:\\\/\\\/montecarloliving.com\\\/wp-content\\\/uploads\\\/2023\\\/12\\\/image_6483441-84.jpg\",\"datePublished\":\"2023-12-15T08:00:25+00:00\",\"author\":{\"@id\":\"https:\\\/\\\/montecarloliving.com\\\/fr\\\/#\\\/schema\\\/person\\\/7e5945d4560862b7f2d2c6831bda2819\"},\"description\":\"Eventi del Weekend a Monaco, scoprili tutti!!Tutta l'arte del cinema - \\\"Carmen Jones\\\"Domenica 17 dicembre 2023 alle 11, Grimaldi...\",\"breadcrumb\":{\"@id\":\"https:\\\/\\\/montecarloliving.com\\\/fr\\\/evenements\\\/evenements-du-week-end-du-16-et-17-decembre-2023-monaco-5931\\\/#breadcrumb\"},\"inLanguage\":\"fr-FR\",\"potentialAction\":[{\"@type\":\"ReadAction\",\"target\":[\"https:\\\/\\\/montecarloliving.com\\\/fr\\\/evenements\\\/evenements-du-week-end-du-16-et-17-decembre-2023-monaco-5931\\\/\"]}]},{\"@type\":\"ImageObject\",\"inLanguage\":\"fr-FR\",\"@id\":\"https:\\\/\\\/montecarloliving.com\\\/fr\\\/evenements\\\/evenements-du-week-end-du-16-et-17-decembre-2023-monaco-5931\\\/#primaryimage\",\"url\":\"https:\\\/\\\/montecarloliving.com\\\/wp-content\\\/uploads\\\/2023\\\/12\\\/image_6483441-84.jpg\",\"contentUrl\":\"https:\\\/\\\/montecarloliving.com\\\/wp-content\\\/uploads\\\/2023\\\/12\\\/image_6483441-84.jpg\",\"width\":1280,\"height\":960},{\"@type\":\"BreadcrumbList\",\"@id\":\"https:\\\/\\\/montecarloliving.com\\\/fr\\\/evenements\\\/evenements-du-week-end-du-16-et-17-decembre-2023-monaco-5931\\\/#breadcrumb\",\"itemListElement\":[{\"@type\":\"ListItem\",\"position\":1,\"name\":\"Home\",\"item\":\"https:\\\/\\\/montecarloliving.com\\\/fr\\\/\"},{\"@type\":\"ListItem\",\"position\":2,\"name\":\"\u00c9v\u00e9nements du week-end du 16 et 17 d\u00e9cembre 2023 \u00e0 Monaco\"}]},{\"@type\":\"WebSite\",\"@id\":\"https:\\\/\\\/montecarloliving.com\\\/fr\\\/#website\",\"url\":\"https:\\\/\\\/montecarloliving.com\\\/fr\\\/\",\"name\":\"Montecarlo Living\",\"description\":\"News da Montecarlo - Principato di Monaco e Costa Azzurra\",\"potentialAction\":[{\"@type\":\"SearchAction\",\"target\":{\"@type\":\"EntryPoint\",\"urlTemplate\":\"https:\\\/\\\/montecarloliving.com\\\/fr\\\/?s={search_term_string}\"},\"query-input\":{\"@type\":\"PropertyValueSpecification\",\"valueRequired\":true,\"valueName\":\"search_term_string\"}}],\"inLanguage\":\"fr-FR\"},{\"@type\":\"Person\",\"@id\":\"https:\\\/\\\/montecarloliving.com\\\/fr\\\/#\\\/schema\\\/person\\\/7e5945d4560862b7f2d2c6831bda2819\",\"name\":\"Redazione\",\"image\":{\"@type\":\"ImageObject\",\"inLanguage\":\"fr-FR\",\"@id\":\"https:\\\/\\\/secure.gravatar.com\\\/avatar\\\/8b5f26557e18fe74ad8e8a57ebb2925d88af8a90cee489ff2beefb391bc9b9c7?s=96&d=mm&r=g\",\"url\":\"https:\\\/\\\/secure.gravatar.com\\\/avatar\\\/8b5f26557e18fe74ad8e8a57ebb2925d88af8a90cee489ff2beefb391bc9b9c7?s=96&d=mm&r=g\",\"contentUrl\":\"https:\\\/\\\/secure.gravatar.com\\\/avatar\\\/8b5f26557e18fe74ad8e8a57ebb2925d88af8a90cee489ff2beefb391bc9b9c7?s=96&d=mm&r=g\",\"caption\":\"Redazione\"}}]}<\/script>\n<!-- \/ Yoast SEO plugin. -->","yoast_head_json":{"title":"\u00c9v\u00e9nements du week-end du 16 et 17 d\u00e9cembre 2023 \u00e0 Monaco","description":"Eventi del Weekend a Monaco, scoprili tutti!!Tutta l'arte del cinema - \"Carmen Jones\"Domenica 17 dicembre 2023 alle 11, Grimaldi...","robots":{"index":"index","follow":"follow","max-snippet":"max-snippet:-1","max-image-preview":"max-image-preview:large","max-video-preview":"max-video-preview:-1"},"canonical":"https:\/\/montecarloliving.com\/fr\/evenements\/evenements-du-week-end-du-16-et-17-decembre-2023-monaco-5931\/","og_locale":"fr_FR","og_title":"\u00c9v\u00e9nements du week-end du 16 et 17 d\u00e9cembre 2023 \u00e0 Monaco","og_description":"Eventi del Weekend a Monaco, scoprili tutti!!Tutta l'arte del cinema - \"Carmen Jones\"Domenica 17 dicembre 2023 alle 11, Grimaldi...","og_url":"https:\/\/montecarloliving.com\/fr\/evenements\/evenements-du-week-end-du-16-et-17-decembre-2023-monaco-5931\/","og_site_name":"Montecarlo Living","article_publisher":"https:\/\/www.facebook.com\/montecarlolivingcom\/","article_published_time":"2023-12-15T08:00:25+00:00","og_image":[{"width":650,"height":400,"url":"https:\/\/montecarloliving.com\/wp-content\/uploads\/2023\/12\/image_6483441-84-650x400.jpg","type":"image\/jpeg"}],"author":"Redazione","twitter_card":"summary_large_image","twitter_creator":"@MonteCarloLivi","twitter_site":"@MonteCarloLivi","twitter_misc":{"\u00c9crit par":"Redazione","Dur\u00e9e de lecture estim\u00e9e":"12 minutes"},"schema":{"@context":"https:\/\/schema.org","@graph":[{"@type":"Article","@id":"https:\/\/montecarloliving.com\/fr\/evenements\/evenements-du-week-end-du-16-et-17-decembre-2023-monaco-5931\/#article","isPartOf":{"@id":"https:\/\/montecarloliving.com\/fr\/evenements\/evenements-du-week-end-du-16-et-17-decembre-2023-monaco-5931\/"},"author":{"name":"Redazione","@id":"https:\/\/montecarloliving.com\/fr\/#\/schema\/person\/7e5945d4560862b7f2d2c6831bda2819"},"headline":"\u00c9v\u00e9nements du week-end du 16 et 17 d\u00e9cembre 2023 \u00e0 Monaco","datePublished":"2023-12-15T08:00:25+00:00","mainEntityOfPage":{"@id":"https:\/\/montecarloliving.com\/fr\/evenements\/evenements-du-week-end-du-16-et-17-decembre-2023-monaco-5931\/"},"wordCount":2475,"image":{"@id":"https:\/\/montecarloliving.com\/fr\/evenements\/evenements-du-week-end-du-16-et-17-decembre-2023-monaco-5931\/#primaryimage"},"thumbnailUrl":"https:\/\/montecarloliving.com\/wp-content\/uploads\/2023\/12\/image_6483441-84.jpg","articleSection":["\u00c9v\u00e9nements"],"inLanguage":"fr-FR"},{"@type":"WebPage","@id":"https:\/\/montecarloliving.com\/fr\/evenements\/evenements-du-week-end-du-16-et-17-decembre-2023-monaco-5931\/","url":"https:\/\/montecarloliving.com\/fr\/evenements\/evenements-du-week-end-du-16-et-17-decembre-2023-monaco-5931\/","name":"\u00c9v\u00e9nements du week-end du 16 et 17 d\u00e9cembre 2023 \u00e0 Monaco","isPartOf":{"@id":"https:\/\/montecarloliving.com\/fr\/#website"},"primaryImageOfPage":{"@id":"https:\/\/montecarloliving.com\/fr\/evenements\/evenements-du-week-end-du-16-et-17-decembre-2023-monaco-5931\/#primaryimage"},"image":{"@id":"https:\/\/montecarloliving.com\/fr\/evenements\/evenements-du-week-end-du-16-et-17-decembre-2023-monaco-5931\/#primaryimage"},"thumbnailUrl":"https:\/\/montecarloliving.com\/wp-content\/uploads\/2023\/12\/image_6483441-84.jpg","datePublished":"2023-12-15T08:00:25+00:00","author":{"@id":"https:\/\/montecarloliving.com\/fr\/#\/schema\/person\/7e5945d4560862b7f2d2c6831bda2819"},"description":"Eventi del Weekend a Monaco, scoprili tutti!!Tutta l'arte del cinema - \"Carmen Jones\"Domenica 17 dicembre 2023 alle 11, Grimaldi...","breadcrumb":{"@id":"https:\/\/montecarloliving.com\/fr\/evenements\/evenements-du-week-end-du-16-et-17-decembre-2023-monaco-5931\/#breadcrumb"},"inLanguage":"fr-FR","potentialAction":[{"@type":"ReadAction","target":["https:\/\/montecarloliving.com\/fr\/evenements\/evenements-du-week-end-du-16-et-17-decembre-2023-monaco-5931\/"]}]},{"@type":"ImageObject","inLanguage":"fr-FR","@id":"https:\/\/montecarloliving.com\/fr\/evenements\/evenements-du-week-end-du-16-et-17-decembre-2023-monaco-5931\/#primaryimage","url":"https:\/\/montecarloliving.com\/wp-content\/uploads\/2023\/12\/image_6483441-84.jpg","contentUrl":"https:\/\/montecarloliving.com\/wp-content\/uploads\/2023\/12\/image_6483441-84.jpg","width":1280,"height":960},{"@type":"BreadcrumbList","@id":"https:\/\/montecarloliving.com\/fr\/evenements\/evenements-du-week-end-du-16-et-17-decembre-2023-monaco-5931\/#breadcrumb","itemListElement":[{"@type":"ListItem","position":1,"name":"Home","item":"https:\/\/montecarloliving.com\/fr\/"},{"@type":"ListItem","position":2,"name":"\u00c9v\u00e9nements du week-end du 16 et 17 d\u00e9cembre 2023 \u00e0 Monaco"}]},{"@type":"WebSite","@id":"https:\/\/montecarloliving.com\/fr\/#website","url":"https:\/\/montecarloliving.com\/fr\/","name":"Montecarlo Living","description":"News da Montecarlo - Principato di Monaco e Costa Azzurra","potentialAction":[{"@type":"SearchAction","target":{"@type":"EntryPoint","urlTemplate":"https:\/\/montecarloliving.com\/fr\/?s={search_term_string}"},"query-input":{"@type":"PropertyValueSpecification","valueRequired":true,"valueName":"search_term_string"}}],"inLanguage":"fr-FR"},{"@type":"Person","@id":"https:\/\/montecarloliving.com\/fr\/#\/schema\/person\/7e5945d4560862b7f2d2c6831bda2819","name":"Redazione","image":{"@type":"ImageObject","inLanguage":"fr-FR","@id":"https:\/\/secure.gravatar.com\/avatar\/8b5f26557e18fe74ad8e8a57ebb2925d88af8a90cee489ff2beefb391bc9b9c7?s=96&d=mm&r=g","url":"https:\/\/secure.gravatar.com\/avatar\/8b5f26557e18fe74ad8e8a57ebb2925d88af8a90cee489ff2beefb391bc9b9c7?s=96&d=mm&r=g","contentUrl":"https:\/\/secure.gravatar.com\/avatar\/8b5f26557e18fe74ad8e8a57ebb2925d88af8a90cee489ff2beefb391bc9b9c7?s=96&d=mm&r=g","caption":"Redazione"}}]}},"_links":{"self":[{"href":"https:\/\/montecarloliving.com\/fr\/wp-json\/wp\/v2\/posts\/5931","targetHints":{"allow":["GET"]}}],"collection":[{"href":"https:\/\/montecarloliving.com\/fr\/wp-json\/wp\/v2\/posts"}],"about":[{"href":"https:\/\/montecarloliving.com\/fr\/wp-json\/wp\/v2\/types\/post"}],"author":[{"embeddable":true,"href":"https:\/\/montecarloliving.com\/fr\/wp-json\/wp\/v2\/users\/1"}],"replies":[{"embeddable":true,"href":"https:\/\/montecarloliving.com\/fr\/wp-json\/wp\/v2\/comments?post=5931"}],"version-history":[{"count":0,"href":"https:\/\/montecarloliving.com\/fr\/wp-json\/wp\/v2\/posts\/5931\/revisions"}],"wp:featuredmedia":[{"embeddable":true,"href":"https:\/\/montecarloliving.com\/fr\/wp-json\/wp\/v2\/media\/5921"}],"wp:attachment":[{"href":"https:\/\/montecarloliving.com\/fr\/wp-json\/wp\/v2\/media?parent=5931"}],"wp:term":[{"taxonomy":"category","embeddable":true,"href":"https:\/\/montecarloliving.com\/fr\/wp-json\/wp\/v2\/categories?post=5931"},{"taxonomy":"post_tag","embeddable":true,"href":"https:\/\/montecarloliving.com\/fr\/wp-json\/wp\/v2\/tags?post=5931"}],"curies":[{"name":"wp","href":"https:\/\/api.w.org\/{rel}","templated":true}]}}