{"id":5730,"date":"2023-12-06T10:05:06","date_gmt":"2023-12-06T09:05:06","guid":{"rendered":"https:\/\/montecarloliving.com\/?p=5730"},"modified":"2023-12-06T10:07:57","modified_gmt":"2023-12-06T09:07:57","slug":"monaco-participe-30eme-reunion-du-conseil-ministeriel-de-losce","status":"publish","type":"post","link":"https:\/\/montecarloliving.com\/fr\/actualite\/monaco-participe-30eme-reunion-du-conseil-ministeriel-de-losce-5730\/","title":{"rendered":"Monaco participe \u00e0 la 30\u00e8me r\u00e9union du Conseil Minist\u00e9riel de l\u2019OSCE"},"content":{"rendered":"<p>S.E. M. Lorenzo RAVANO, Ambassadeur, Repr\u00e9sentant permanent de Monaco aupr\u00e8s de l\u2019Organisation pour la S\u00e9curit\u00e9 et la Coop\u00e9ration en Europe (OSCE), a pris part \u00e0 la 30\u00e8me r\u00e9union du Conseil Minist\u00e9riel, qui s\u2019est tenue \u00e0 Skopje (Mac\u00e9doine du Nord), du 30 novembre au 1er d\u00e9cembre 2023.<\/p>\n<p>A cette occasion, l\u2019Ambassadeur \u00e9tait accompagn\u00e9 de M. Jean-Laurent IMBERT, Repr\u00e9sentant Permanent adjoint.<\/p>\n<p>Cette r\u00e9union, qui a rassembl\u00e9 une quarantaine de Ministres des Affaires Etrang\u00e8res, des 57 Etats participants de cette Organisation, intervient dans un contexte international tendu, qu\u2019il s\u2019agisse du front ukrainien, de la situation dans les Balkans, dans le Haut-Karabagh, ou plus r\u00e9cemment au Proche Orient.<\/p>\n<p>Dans son allocution, l\u2019Ambassadeur a rappel\u00e9 les valeurs d\u00e9fendues par la Principaut\u00e9, l\u2019importance du respect du droit international, mais surtout le r\u00f4le crucial de l\u2019OSCE, qui doit imp\u00e9rativement \u00eatre au centre des efforts de paix dans ce contexte de crises et de conflits.<\/p>\n<p>Par ailleurs, ces deux jours de Conf\u00e9rence ont mis en \u00e9vidence les d\u00e9saccords profonds entre la Russie et le B\u00e9larus d\u2019une part, et l\u2019ensemble des autres Etats participants d\u2019autre part, sur la gouvernance de cette Organisation. Toutefois, apr\u00e8s de nombreuses n\u00e9gociations, un accord de derni\u00e8re minute a pu \u00eatre obtenu par consensus, ent\u00e9rinant la candidature de<strong> Malte \u00e0 la Pr\u00e9sidence de l\u2019Organisation en 2024, et la reconduction pour neuf mois uniquement des dirigeants des 4 organes ex\u00e9cutifs de l\u2019OSCE.<\/strong><\/p>\n<p><strong>Ce d\u00e9nouement permet malgr\u00e9 tout \u00e0 l\u2019Organisation de continuer \u00e0 \u00eatre op\u00e9rationnelle en 2024, \u00e0 la veille de la comm\u00e9moration, en 2025, des 50 ans de l\u2019Acte final d\u2019Helsinki, acte fondateur de l\u2019OSCE.\u00a0<\/strong><\/p>\n<p>&nbsp;<\/p>\n<p><a href=\"https:\/\/www.instagram.com\/monte_carlo_living\/\" target=\"_blank\" rel=\"noopener\">Visita La nostra Pagina Instagram<\/a><\/p>\n<p><a href=\"https:\/\/montecarloliving.com\/\" target=\"_blank\" rel=\"noopener\">Leggi Altri Articoli<\/a><\/p>\n","protected":false},"excerpt":{"rendered":"<p>S.E. M. Lorenzo RAVANO, Ambassadeur, Repr\u00e9sentant permanent de Monaco aupr\u00e8s de l\u2019Organisation pour la S\u00e9curit\u00e9 et la Coop\u00e9ration en Europe (OSCE), a pris part \u00e0 la 30\u00e8me r\u00e9union du Conseil Minist\u00e9riel, qui s\u2019est tenue \u00e0 Skopje (Mac\u00e9doine du Nord), du 30 novembre au 1er [&hellip;]<\/p>\n","protected":false},"author":1,"featured_media":5728,"comment_status":"closed","ping_status":"closed","sticky":false,"template":"","format":"standard","meta":{"footnotes":""},"categories":[827],"tags":[],"class_list":["post-5730","post","type-post","status-publish","format-standard","has-post-thumbnail","hentry","category-actualite"],"yoast_head":"<!-- This site is optimized with the Yoast SEO plugin v27.5 - https:\/\/yoast.com\/product\/yoast-seo-wordpress\/ -->\n<title>Monaco participe \u00e0 la 30\u00e8me r\u00e9union du Conseil Minist\u00e9riel de l\u2019OSCE<\/title>\n<meta name=\"description\" content=\"S.E. M. Lorenzo RAVANO, Ambassadeur, Repr\u00e9sentant permanent de Monaco aupr\u00e8s de l\u2019Organisation pour la S\u00e9curit\u00e9 et la Coop\u00e9ration en Europe (OSCE), a pris\" \/>\n<meta name=\"robots\" content=\"index, follow, max-snippet:-1, max-image-preview:large, max-video-preview:-1\" \/>\n<link rel=\"canonical\" href=\"https:\/\/montecarloliving.com\/fr\/actualite\/monaco-participe-30eme-reunion-du-conseil-ministeriel-de-losce-5730\/\" \/>\n<meta property=\"og:locale\" content=\"fr_FR\" \/>\n<meta property=\"og:title\" content=\"Monaco participe \u00e0 la 30\u00e8me r\u00e9union du Conseil Minist\u00e9riel de l\u2019OSCE\" \/>\n<meta property=\"og:description\" content=\"S.E. M. Lorenzo RAVANO, Ambassadeur, Repr\u00e9sentant permanent de Monaco aupr\u00e8s de l\u2019Organisation pour la S\u00e9curit\u00e9 et la Coop\u00e9ration en Europe (OSCE), a pris\" \/>\n<meta property=\"og:url\" content=\"https:\/\/montecarloliving.com\/fr\/actualite\/monaco-participe-30eme-reunion-du-conseil-ministeriel-de-losce-5730\/\" \/>\n<meta property=\"og:site_name\" content=\"Montecarlo Living\" \/>\n<meta property=\"article:publisher\" content=\"https:\/\/www.facebook.com\/montecarlolivingcom\/\" \/>\n<meta property=\"article:published_time\" content=\"2023-12-06T09:05:06+00:00\" \/>\n<meta property=\"article:modified_time\" content=\"2023-12-06T09:07:57+00:00\" \/>\n<meta property=\"og:image\" content=\"https:\/\/montecarloliving.com\/wp-content\/uploads\/2023\/12\/Photo-de-groupe-OSCE-SDR-650x400.jpg\" \/>\n\t<meta property=\"og:image:width\" content=\"650\" \/>\n\t<meta property=\"og:image:height\" content=\"400\" \/>\n\t<meta property=\"og:image:type\" content=\"image\/jpeg\" \/>\n<meta name=\"author\" content=\"Redazione\" \/>\n<meta name=\"twitter:card\" content=\"summary_large_image\" \/>\n<meta name=\"twitter:creator\" content=\"@MonteCarloLivi\" \/>\n<meta name=\"twitter:site\" content=\"@MonteCarloLivi\" \/>\n<meta name=\"twitter:label1\" content=\"\u00c9crit par\" \/>\n\t<meta name=\"twitter:data1\" content=\"Redazione\" \/>\n\t<meta name=\"twitter:label2\" content=\"Dur\u00e9e de lecture estim\u00e9e\" \/>\n\t<meta name=\"twitter:data2\" content=\"2 minutes\" \/>\n<script type=\"application\/ld+json\" class=\"yoast-schema-graph\">{\"@context\":\"https:\\\/\\\/schema.org\",\"@graph\":[{\"@type\":\"Article\",\"@id\":\"https:\\\/\\\/montecarloliving.com\\\/fr\\\/actualite\\\/monaco-participe-30eme-reunion-du-conseil-ministeriel-de-losce-5730\\\/#article\",\"isPartOf\":{\"@id\":\"https:\\\/\\\/montecarloliving.com\\\/fr\\\/actualite\\\/monaco-participe-30eme-reunion-du-conseil-ministeriel-de-losce-5730\\\/\"},\"author\":{\"name\":\"Redazione\",\"@id\":\"https:\\\/\\\/montecarloliving.com\\\/fr\\\/#\\\/schema\\\/person\\\/7e5945d4560862b7f2d2c6831bda2819\"},\"headline\":\"Monaco participe \u00e0 la 30\u00e8me r\u00e9union du Conseil Minist\u00e9riel de l\u2019OSCE\",\"datePublished\":\"2023-12-06T09:05:06+00:00\",\"dateModified\":\"2023-12-06T09:07:57+00:00\",\"mainEntityOfPage\":{\"@id\":\"https:\\\/\\\/montecarloliving.com\\\/fr\\\/actualite\\\/monaco-participe-30eme-reunion-du-conseil-ministeriel-de-losce-5730\\\/\"},\"wordCount\":312,\"image\":{\"@id\":\"https:\\\/\\\/montecarloliving.com\\\/fr\\\/actualite\\\/monaco-participe-30eme-reunion-du-conseil-ministeriel-de-losce-5730\\\/#primaryimage\"},\"thumbnailUrl\":\"https:\\\/\\\/montecarloliving.com\\\/wp-content\\\/uploads\\\/2023\\\/12\\\/Photo-de-groupe-OSCE-SDR-scaled.jpg\",\"articleSection\":[\"Actualit\u00e9\"],\"inLanguage\":\"fr-FR\"},{\"@type\":\"WebPage\",\"@id\":\"https:\\\/\\\/montecarloliving.com\\\/fr\\\/actualite\\\/monaco-participe-30eme-reunion-du-conseil-ministeriel-de-losce-5730\\\/\",\"url\":\"https:\\\/\\\/montecarloliving.com\\\/fr\\\/actualite\\\/monaco-participe-30eme-reunion-du-conseil-ministeriel-de-losce-5730\\\/\",\"name\":\"Monaco participe \u00e0 la 30\u00e8me r\u00e9union du Conseil Minist\u00e9riel de l\u2019OSCE\",\"isPartOf\":{\"@id\":\"https:\\\/\\\/montecarloliving.com\\\/fr\\\/#website\"},\"primaryImageOfPage\":{\"@id\":\"https:\\\/\\\/montecarloliving.com\\\/fr\\\/actualite\\\/monaco-participe-30eme-reunion-du-conseil-ministeriel-de-losce-5730\\\/#primaryimage\"},\"image\":{\"@id\":\"https:\\\/\\\/montecarloliving.com\\\/fr\\\/actualite\\\/monaco-participe-30eme-reunion-du-conseil-ministeriel-de-losce-5730\\\/#primaryimage\"},\"thumbnailUrl\":\"https:\\\/\\\/montecarloliving.com\\\/wp-content\\\/uploads\\\/2023\\\/12\\\/Photo-de-groupe-OSCE-SDR-scaled.jpg\",\"datePublished\":\"2023-12-06T09:05:06+00:00\",\"dateModified\":\"2023-12-06T09:07:57+00:00\",\"author\":{\"@id\":\"https:\\\/\\\/montecarloliving.com\\\/fr\\\/#\\\/schema\\\/person\\\/7e5945d4560862b7f2d2c6831bda2819\"},\"description\":\"S.E. M. Lorenzo RAVANO, Ambassadeur, Repr\u00e9sentant permanent de Monaco aupr\u00e8s de l\u2019Organisation pour la S\u00e9curit\u00e9 et la Coop\u00e9ration en Europe (OSCE), a pris\",\"breadcrumb\":{\"@id\":\"https:\\\/\\\/montecarloliving.com\\\/fr\\\/actualite\\\/monaco-participe-30eme-reunion-du-conseil-ministeriel-de-losce-5730\\\/#breadcrumb\"},\"inLanguage\":\"fr-FR\",\"potentialAction\":[{\"@type\":\"ReadAction\",\"target\":[\"https:\\\/\\\/montecarloliving.com\\\/fr\\\/actualite\\\/monaco-participe-30eme-reunion-du-conseil-ministeriel-de-losce-5730\\\/\"]}]},{\"@type\":\"ImageObject\",\"inLanguage\":\"fr-FR\",\"@id\":\"https:\\\/\\\/montecarloliving.com\\\/fr\\\/actualite\\\/monaco-participe-30eme-reunion-du-conseil-ministeriel-de-losce-5730\\\/#primaryimage\",\"url\":\"https:\\\/\\\/montecarloliving.com\\\/wp-content\\\/uploads\\\/2023\\\/12\\\/Photo-de-groupe-OSCE-SDR-scaled.jpg\",\"contentUrl\":\"https:\\\/\\\/montecarloliving.com\\\/wp-content\\\/uploads\\\/2023\\\/12\\\/Photo-de-groupe-OSCE-SDR-scaled.jpg\",\"width\":2560,\"height\":1342},{\"@type\":\"BreadcrumbList\",\"@id\":\"https:\\\/\\\/montecarloliving.com\\\/fr\\\/actualite\\\/monaco-participe-30eme-reunion-du-conseil-ministeriel-de-losce-5730\\\/#breadcrumb\",\"itemListElement\":[{\"@type\":\"ListItem\",\"position\":1,\"name\":\"Home\",\"item\":\"https:\\\/\\\/montecarloliving.com\\\/fr\\\/\"},{\"@type\":\"ListItem\",\"position\":2,\"name\":\"Monaco participe \u00e0 la 30\u00e8me r\u00e9union du Conseil Minist\u00e9riel de l\u2019OSCE\"}]},{\"@type\":\"WebSite\",\"@id\":\"https:\\\/\\\/montecarloliving.com\\\/fr\\\/#website\",\"url\":\"https:\\\/\\\/montecarloliving.com\\\/fr\\\/\",\"name\":\"Montecarlo Living\",\"description\":\"News da Montecarlo - Principato di Monaco e Costa Azzurra\",\"potentialAction\":[{\"@type\":\"SearchAction\",\"target\":{\"@type\":\"EntryPoint\",\"urlTemplate\":\"https:\\\/\\\/montecarloliving.com\\\/fr\\\/?s={search_term_string}\"},\"query-input\":{\"@type\":\"PropertyValueSpecification\",\"valueRequired\":true,\"valueName\":\"search_term_string\"}}],\"inLanguage\":\"fr-FR\"},{\"@type\":\"Person\",\"@id\":\"https:\\\/\\\/montecarloliving.com\\\/fr\\\/#\\\/schema\\\/person\\\/7e5945d4560862b7f2d2c6831bda2819\",\"name\":\"Redazione\",\"image\":{\"@type\":\"ImageObject\",\"inLanguage\":\"fr-FR\",\"@id\":\"https:\\\/\\\/secure.gravatar.com\\\/avatar\\\/8b5f26557e18fe74ad8e8a57ebb2925d88af8a90cee489ff2beefb391bc9b9c7?s=96&d=mm&r=g\",\"url\":\"https:\\\/\\\/secure.gravatar.com\\\/avatar\\\/8b5f26557e18fe74ad8e8a57ebb2925d88af8a90cee489ff2beefb391bc9b9c7?s=96&d=mm&r=g\",\"contentUrl\":\"https:\\\/\\\/secure.gravatar.com\\\/avatar\\\/8b5f26557e18fe74ad8e8a57ebb2925d88af8a90cee489ff2beefb391bc9b9c7?s=96&d=mm&r=g\",\"caption\":\"Redazione\"}}]}<\/script>\n<!-- \/ Yoast SEO plugin. -->","yoast_head_json":{"title":"Monaco participe \u00e0 la 30\u00e8me r\u00e9union du Conseil Minist\u00e9riel de l\u2019OSCE","description":"S.E. M. Lorenzo RAVANO, Ambassadeur, Repr\u00e9sentant permanent de Monaco aupr\u00e8s de l\u2019Organisation pour la S\u00e9curit\u00e9 et la Coop\u00e9ration en Europe (OSCE), a pris","robots":{"index":"index","follow":"follow","max-snippet":"max-snippet:-1","max-image-preview":"max-image-preview:large","max-video-preview":"max-video-preview:-1"},"canonical":"https:\/\/montecarloliving.com\/fr\/actualite\/monaco-participe-30eme-reunion-du-conseil-ministeriel-de-losce-5730\/","og_locale":"fr_FR","og_title":"Monaco participe \u00e0 la 30\u00e8me r\u00e9union du Conseil Minist\u00e9riel de l\u2019OSCE","og_description":"S.E. M. Lorenzo RAVANO, Ambassadeur, Repr\u00e9sentant permanent de Monaco aupr\u00e8s de l\u2019Organisation pour la S\u00e9curit\u00e9 et la Coop\u00e9ration en Europe (OSCE), a pris","og_url":"https:\/\/montecarloliving.com\/fr\/actualite\/monaco-participe-30eme-reunion-du-conseil-ministeriel-de-losce-5730\/","og_site_name":"Montecarlo Living","article_publisher":"https:\/\/www.facebook.com\/montecarlolivingcom\/","article_published_time":"2023-12-06T09:05:06+00:00","article_modified_time":"2023-12-06T09:07:57+00:00","og_image":[{"width":650,"height":400,"url":"https:\/\/montecarloliving.com\/wp-content\/uploads\/2023\/12\/Photo-de-groupe-OSCE-SDR-650x400.jpg","type":"image\/jpeg"}],"author":"Redazione","twitter_card":"summary_large_image","twitter_creator":"@MonteCarloLivi","twitter_site":"@MonteCarloLivi","twitter_misc":{"\u00c9crit par":"Redazione","Dur\u00e9e de lecture estim\u00e9e":"2 minutes"},"schema":{"@context":"https:\/\/schema.org","@graph":[{"@type":"Article","@id":"https:\/\/montecarloliving.com\/fr\/actualite\/monaco-participe-30eme-reunion-du-conseil-ministeriel-de-losce-5730\/#article","isPartOf":{"@id":"https:\/\/montecarloliving.com\/fr\/actualite\/monaco-participe-30eme-reunion-du-conseil-ministeriel-de-losce-5730\/"},"author":{"name":"Redazione","@id":"https:\/\/montecarloliving.com\/fr\/#\/schema\/person\/7e5945d4560862b7f2d2c6831bda2819"},"headline":"Monaco participe \u00e0 la 30\u00e8me r\u00e9union du Conseil Minist\u00e9riel de l\u2019OSCE","datePublished":"2023-12-06T09:05:06+00:00","dateModified":"2023-12-06T09:07:57+00:00","mainEntityOfPage":{"@id":"https:\/\/montecarloliving.com\/fr\/actualite\/monaco-participe-30eme-reunion-du-conseil-ministeriel-de-losce-5730\/"},"wordCount":312,"image":{"@id":"https:\/\/montecarloliving.com\/fr\/actualite\/monaco-participe-30eme-reunion-du-conseil-ministeriel-de-losce-5730\/#primaryimage"},"thumbnailUrl":"https:\/\/montecarloliving.com\/wp-content\/uploads\/2023\/12\/Photo-de-groupe-OSCE-SDR-scaled.jpg","articleSection":["Actualit\u00e9"],"inLanguage":"fr-FR"},{"@type":"WebPage","@id":"https:\/\/montecarloliving.com\/fr\/actualite\/monaco-participe-30eme-reunion-du-conseil-ministeriel-de-losce-5730\/","url":"https:\/\/montecarloliving.com\/fr\/actualite\/monaco-participe-30eme-reunion-du-conseil-ministeriel-de-losce-5730\/","name":"Monaco participe \u00e0 la 30\u00e8me r\u00e9union du Conseil Minist\u00e9riel de l\u2019OSCE","isPartOf":{"@id":"https:\/\/montecarloliving.com\/fr\/#website"},"primaryImageOfPage":{"@id":"https:\/\/montecarloliving.com\/fr\/actualite\/monaco-participe-30eme-reunion-du-conseil-ministeriel-de-losce-5730\/#primaryimage"},"image":{"@id":"https:\/\/montecarloliving.com\/fr\/actualite\/monaco-participe-30eme-reunion-du-conseil-ministeriel-de-losce-5730\/#primaryimage"},"thumbnailUrl":"https:\/\/montecarloliving.com\/wp-content\/uploads\/2023\/12\/Photo-de-groupe-OSCE-SDR-scaled.jpg","datePublished":"2023-12-06T09:05:06+00:00","dateModified":"2023-12-06T09:07:57+00:00","author":{"@id":"https:\/\/montecarloliving.com\/fr\/#\/schema\/person\/7e5945d4560862b7f2d2c6831bda2819"},"description":"S.E. M. Lorenzo RAVANO, Ambassadeur, Repr\u00e9sentant permanent de Monaco aupr\u00e8s de l\u2019Organisation pour la S\u00e9curit\u00e9 et la Coop\u00e9ration en Europe (OSCE), a pris","breadcrumb":{"@id":"https:\/\/montecarloliving.com\/fr\/actualite\/monaco-participe-30eme-reunion-du-conseil-ministeriel-de-losce-5730\/#breadcrumb"},"inLanguage":"fr-FR","potentialAction":[{"@type":"ReadAction","target":["https:\/\/montecarloliving.com\/fr\/actualite\/monaco-participe-30eme-reunion-du-conseil-ministeriel-de-losce-5730\/"]}]},{"@type":"ImageObject","inLanguage":"fr-FR","@id":"https:\/\/montecarloliving.com\/fr\/actualite\/monaco-participe-30eme-reunion-du-conseil-ministeriel-de-losce-5730\/#primaryimage","url":"https:\/\/montecarloliving.com\/wp-content\/uploads\/2023\/12\/Photo-de-groupe-OSCE-SDR-scaled.jpg","contentUrl":"https:\/\/montecarloliving.com\/wp-content\/uploads\/2023\/12\/Photo-de-groupe-OSCE-SDR-scaled.jpg","width":2560,"height":1342},{"@type":"BreadcrumbList","@id":"https:\/\/montecarloliving.com\/fr\/actualite\/monaco-participe-30eme-reunion-du-conseil-ministeriel-de-losce-5730\/#breadcrumb","itemListElement":[{"@type":"ListItem","position":1,"name":"Home","item":"https:\/\/montecarloliving.com\/fr\/"},{"@type":"ListItem","position":2,"name":"Monaco participe \u00e0 la 30\u00e8me r\u00e9union du Conseil Minist\u00e9riel de l\u2019OSCE"}]},{"@type":"WebSite","@id":"https:\/\/montecarloliving.com\/fr\/#website","url":"https:\/\/montecarloliving.com\/fr\/","name":"Montecarlo Living","description":"News da Montecarlo - Principato di Monaco e Costa Azzurra","potentialAction":[{"@type":"SearchAction","target":{"@type":"EntryPoint","urlTemplate":"https:\/\/montecarloliving.com\/fr\/?s={search_term_string}"},"query-input":{"@type":"PropertyValueSpecification","valueRequired":true,"valueName":"search_term_string"}}],"inLanguage":"fr-FR"},{"@type":"Person","@id":"https:\/\/montecarloliving.com\/fr\/#\/schema\/person\/7e5945d4560862b7f2d2c6831bda2819","name":"Redazione","image":{"@type":"ImageObject","inLanguage":"fr-FR","@id":"https:\/\/secure.gravatar.com\/avatar\/8b5f26557e18fe74ad8e8a57ebb2925d88af8a90cee489ff2beefb391bc9b9c7?s=96&d=mm&r=g","url":"https:\/\/secure.gravatar.com\/avatar\/8b5f26557e18fe74ad8e8a57ebb2925d88af8a90cee489ff2beefb391bc9b9c7?s=96&d=mm&r=g","contentUrl":"https:\/\/secure.gravatar.com\/avatar\/8b5f26557e18fe74ad8e8a57ebb2925d88af8a90cee489ff2beefb391bc9b9c7?s=96&d=mm&r=g","caption":"Redazione"}}]}},"_links":{"self":[{"href":"https:\/\/montecarloliving.com\/fr\/wp-json\/wp\/v2\/posts\/5730","targetHints":{"allow":["GET"]}}],"collection":[{"href":"https:\/\/montecarloliving.com\/fr\/wp-json\/wp\/v2\/posts"}],"about":[{"href":"https:\/\/montecarloliving.com\/fr\/wp-json\/wp\/v2\/types\/post"}],"author":[{"embeddable":true,"href":"https:\/\/montecarloliving.com\/fr\/wp-json\/wp\/v2\/users\/1"}],"replies":[{"embeddable":true,"href":"https:\/\/montecarloliving.com\/fr\/wp-json\/wp\/v2\/comments?post=5730"}],"version-history":[{"count":1,"href":"https:\/\/montecarloliving.com\/fr\/wp-json\/wp\/v2\/posts\/5730\/revisions"}],"predecessor-version":[{"id":5731,"href":"https:\/\/montecarloliving.com\/fr\/wp-json\/wp\/v2\/posts\/5730\/revisions\/5731"}],"wp:featuredmedia":[{"embeddable":true,"href":"https:\/\/montecarloliving.com\/fr\/wp-json\/wp\/v2\/media\/5728"}],"wp:attachment":[{"href":"https:\/\/montecarloliving.com\/fr\/wp-json\/wp\/v2\/media?parent=5730"}],"wp:term":[{"taxonomy":"category","embeddable":true,"href":"https:\/\/montecarloliving.com\/fr\/wp-json\/wp\/v2\/categories?post=5730"},{"taxonomy":"post_tag","embeddable":true,"href":"https:\/\/montecarloliving.com\/fr\/wp-json\/wp\/v2\/tags?post=5730"}],"curies":[{"name":"wp","href":"https:\/\/api.w.org\/{rel}","templated":true}]}}