{"id":5723,"date":"2023-12-06T09:56:04","date_gmt":"2023-12-06T08:56:04","guid":{"rendered":"https:\/\/montecarloliving.com\/?p=5723"},"modified":"2023-12-06T09:59:35","modified_gmt":"2023-12-06T08:59:35","slug":"presentation-de-politique-nationale-pour-linclusion-des-personnes-en-situation-de-handicap","status":"publish","type":"post","link":"https:\/\/montecarloliving.com\/fr\/actualite\/presentation-de-politique-nationale-pour-linclusion-des-personnes-en-situation-de-handicap-5723\/","title":{"rendered":"Pr\u00e9sentation de la politique nationale pour  l\u2019inclusion des personnes en situation de handicap"},"content":{"rendered":"<p>Le Conseiller de Gouvernement-Ministre des Affaires Sociales et de la Sant\u00e9, Christophe ROBINO, en pr\u00e9sence de S.E. le Ministre d\u2019Etat, de la Pr\u00e9sidente du Conseil National, des membres du Gouvernement Princier, de nombreuses personnalit\u00e9s et associations mon\u00e9gasques, a annonc\u00e9 le lancement d\u2019une <strong>politique nationale pour l\u2019inclusion des personnes en situation de handicap en Principaut\u00e9.<\/strong><\/p>\n<p>Madame Sophie CLUZEL, Secr\u00e9taire d\u2019Etat charg\u00e9e des Personnes handicap\u00e9es de 2017 \u00e0 2022, sous la premi\u00e8re pr\u00e9sidence du Pr\u00e9sident <strong>Emmanuel Macron<\/strong>, \u00e9tait \u00e9galement pr\u00e9sente. Invit\u00e9e \u00e0 prendre la parole, elle a souhait\u00e9 mentionner son soutien pour une \u00ab<em> soci\u00e9t\u00e9 inclusive \u00bb pour les personnes handicap\u00e9es et une strat\u00e9gie handicap port\u00e9e au plus haut niveau, qui embarque toutes les composantes de la soci\u00e9t\u00e9. Car le handicap est l\u2019affaire de tous.<\/em><\/p>\n<p>Le Conseiller de Gouvernement-Ministre des Affaires Sociales et de la Sant\u00e9 a d\u00e9sign\u00e9 Lionel GALFRE, Conseiller technique en charge des personnes en situation de handicap, pour conduire cette politique au D\u00e9partement des Affaires Sociales et de la Sant\u00e9.<\/p>\n<p>La Politique Nationale pour l\u2019inclusion des personnes en situation de handicap concerne neuf domaines d\u2019actions :<\/p>\n<p>1. La sensibilisation de la population \u00e0 tous les types de handicap ;<br \/>\n2. L\u2019\u00e9ducation et la formation ;<br \/>\n3. L\u2019emploi et le travail ;<br \/>\n4. Le logement et la construction ;<br \/>\n5. La mobilit\u00e9 et l\u2019accessibilit\u00e9 ;<br \/>\n6. L\u2019accompagnement et la prise en charge ;<br \/>\n7. L\u2019acc\u00e8s au sport, \u00e0 la culture et aux loisirs ;<br \/>\n8. Faire savoir ce qui existe et ce qui est r\u00e9alis\u00e9 en mati\u00e8re de handicap ;<br \/>\n9. Reconnaissance \u00e0 l\u2019international.<\/p>\n<p><strong>Lancement de l\u2019initiative \u00ab je suis pr\u00eat \u00bb et une identit\u00e9 visuelle r\u00e9solument modernis\u00e9e.<\/strong><\/p>\n<p>Pour faire demain de Monaco une terre d\u2019excellence en mati\u00e8re d\u2019inclusion du handicap, le Gouvernement propose un pacte \u00e0 l\u2019ensemble des acteurs de la soci\u00e9t\u00e9, destin\u00e9 \u00e0 ce que chacun \u00ab soit pr\u00eat \u00bb. Pr\u00eat \u00e0 recevoir, \u00e0 accueillir, comprendre, recruter, \u00e9duquer, former, travailler avec des personnes en situation de handicap.<\/p>\n<p>&nbsp;<\/p>\n<p><a href=\"https:\/\/www.instagram.com\/monte_carlo_living\/\" target=\"_blank\" rel=\"noopener\">Visita La nostra Pagina Instagram<\/a><\/p>\n<p><a href=\"https:\/\/montecarloliving.com\/\" target=\"_blank\" rel=\"noopener\">Leggi Altri Articoli<\/a><\/p>\n","protected":false},"excerpt":{"rendered":"<p>Le Conseiller de Gouvernement-Ministre des Affaires Sociales et de la Sant\u00e9, Christophe ROBINO, en pr\u00e9sence de S.E. le Ministre d\u2019Etat, de la Pr\u00e9sidente du Conseil National, des membres du Gouvernement Princier, de nombreuses personnalit\u00e9s et associations mon\u00e9gasques, a annonc\u00e9 le lancement d\u2019une politique nationale [&hellip;]<\/p>\n","protected":false},"author":1,"featured_media":5720,"comment_status":"closed","ping_status":"closed","sticky":false,"template":"","format":"standard","meta":{"footnotes":""},"categories":[827],"tags":[],"class_list":["post-5723","post","type-post","status-publish","format-standard","has-post-thumbnail","hentry","category-actualite"],"yoast_head":"<!-- This site is optimized with the Yoast SEO plugin v27.4 - https:\/\/yoast.com\/product\/yoast-seo-wordpress\/ -->\n<title>Pr\u00e9sentation de la politique nationale pour l\u2019inclusion des personnes en situation de handicap<\/title>\n<meta name=\"description\" content=\"Le Conseiller de Gouvernement-Ministre des Affaires Sociales et de la Sant\u00e9, Christophe ROBINO, en pr\u00e9sence de S.E. le Ministre d\u2019Etat, de la Pr\u00e9sidente\" \/>\n<meta name=\"robots\" content=\"index, follow, max-snippet:-1, max-image-preview:large, max-video-preview:-1\" \/>\n<link rel=\"canonical\" href=\"https:\/\/montecarloliving.com\/fr\/actualite\/presentation-de-politique-nationale-pour-linclusion-des-personnes-en-situation-de-handicap-5723\/\" \/>\n<meta property=\"og:locale\" content=\"fr_FR\" \/>\n<meta property=\"og:title\" content=\"Pr\u00e9sentation de la politique nationale pour l\u2019inclusion des personnes en situation de handicap\" \/>\n<meta property=\"og:description\" content=\"Le Conseiller de Gouvernement-Ministre des Affaires Sociales et de la Sant\u00e9, Christophe ROBINO, en pr\u00e9sence de S.E. le Ministre d\u2019Etat, de la Pr\u00e9sidente\" \/>\n<meta property=\"og:url\" content=\"https:\/\/montecarloliving.com\/fr\/actualite\/presentation-de-politique-nationale-pour-linclusion-des-personnes-en-situation-de-handicap-5723\/\" \/>\n<meta property=\"og:site_name\" content=\"Montecarlo Living\" \/>\n<meta property=\"article:publisher\" content=\"https:\/\/www.facebook.com\/montecarlolivingcom\/\" \/>\n<meta property=\"article:published_time\" content=\"2023-12-06T08:56:04+00:00\" \/>\n<meta property=\"article:modified_time\" content=\"2023-12-06T08:59:35+00:00\" \/>\n<meta property=\"og:image\" content=\"https:\/\/montecarloliving.com\/wp-content\/uploads\/2023\/12\/Politique-nationale-pour-l-inclusion-des-personnes-en-situation-de-handicap-\u00a9-Direction-de-la-Communication-Manuel-Vitali-650x400.jpg\" \/>\n\t<meta property=\"og:image:width\" content=\"650\" \/>\n\t<meta property=\"og:image:height\" content=\"400\" \/>\n\t<meta property=\"og:image:type\" content=\"image\/jpeg\" \/>\n<meta name=\"author\" content=\"Redazione\" \/>\n<meta name=\"twitter:card\" content=\"summary_large_image\" \/>\n<meta name=\"twitter:creator\" content=\"@MonteCarloLivi\" \/>\n<meta name=\"twitter:site\" content=\"@MonteCarloLivi\" \/>\n<meta name=\"twitter:label1\" content=\"\u00c9crit par\" \/>\n\t<meta name=\"twitter:data1\" content=\"Redazione\" \/>\n\t<meta name=\"twitter:label2\" content=\"Dur\u00e9e de lecture estim\u00e9e\" \/>\n\t<meta name=\"twitter:data2\" content=\"2 minutes\" \/>\n<script type=\"application\/ld+json\" class=\"yoast-schema-graph\">{\"@context\":\"https:\\\/\\\/schema.org\",\"@graph\":[{\"@type\":\"Article\",\"@id\":\"https:\\\/\\\/montecarloliving.com\\\/fr\\\/actualite\\\/presentation-de-politique-nationale-pour-linclusion-des-personnes-en-situation-de-handicap-5723\\\/#article\",\"isPartOf\":{\"@id\":\"https:\\\/\\\/montecarloliving.com\\\/fr\\\/actualite\\\/presentation-de-politique-nationale-pour-linclusion-des-personnes-en-situation-de-handicap-5723\\\/\"},\"author\":{\"name\":\"Redazione\",\"@id\":\"https:\\\/\\\/montecarloliving.com\\\/fr\\\/#\\\/schema\\\/person\\\/7e5945d4560862b7f2d2c6831bda2819\"},\"headline\":\"Pr\u00e9sentation de la politique nationale pour l\u2019inclusion des personnes en situation de handicap\",\"datePublished\":\"2023-12-06T08:56:04+00:00\",\"dateModified\":\"2023-12-06T08:59:35+00:00\",\"mainEntityOfPage\":{\"@id\":\"https:\\\/\\\/montecarloliving.com\\\/fr\\\/actualite\\\/presentation-de-politique-nationale-pour-linclusion-des-personnes-en-situation-de-handicap-5723\\\/\"},\"wordCount\":355,\"image\":{\"@id\":\"https:\\\/\\\/montecarloliving.com\\\/fr\\\/actualite\\\/presentation-de-politique-nationale-pour-linclusion-des-personnes-en-situation-de-handicap-5723\\\/#primaryimage\"},\"thumbnailUrl\":\"https:\\\/\\\/montecarloliving.com\\\/wp-content\\\/uploads\\\/2023\\\/12\\\/Politique-nationale-pour-l-inclusion-des-personnes-en-situation-de-handicap-\u00a9-Direction-de-la-Communication-Manuel-Vitali-scaled.jpg\",\"articleSection\":[\"Actualit\u00e9\"],\"inLanguage\":\"fr-FR\"},{\"@type\":\"WebPage\",\"@id\":\"https:\\\/\\\/montecarloliving.com\\\/fr\\\/actualite\\\/presentation-de-politique-nationale-pour-linclusion-des-personnes-en-situation-de-handicap-5723\\\/\",\"url\":\"https:\\\/\\\/montecarloliving.com\\\/fr\\\/actualite\\\/presentation-de-politique-nationale-pour-linclusion-des-personnes-en-situation-de-handicap-5723\\\/\",\"name\":\"Pr\u00e9sentation de la politique nationale pour l\u2019inclusion des personnes en situation de handicap\",\"isPartOf\":{\"@id\":\"https:\\\/\\\/montecarloliving.com\\\/fr\\\/#website\"},\"primaryImageOfPage\":{\"@id\":\"https:\\\/\\\/montecarloliving.com\\\/fr\\\/actualite\\\/presentation-de-politique-nationale-pour-linclusion-des-personnes-en-situation-de-handicap-5723\\\/#primaryimage\"},\"image\":{\"@id\":\"https:\\\/\\\/montecarloliving.com\\\/fr\\\/actualite\\\/presentation-de-politique-nationale-pour-linclusion-des-personnes-en-situation-de-handicap-5723\\\/#primaryimage\"},\"thumbnailUrl\":\"https:\\\/\\\/montecarloliving.com\\\/wp-content\\\/uploads\\\/2023\\\/12\\\/Politique-nationale-pour-l-inclusion-des-personnes-en-situation-de-handicap-\u00a9-Direction-de-la-Communication-Manuel-Vitali-scaled.jpg\",\"datePublished\":\"2023-12-06T08:56:04+00:00\",\"dateModified\":\"2023-12-06T08:59:35+00:00\",\"author\":{\"@id\":\"https:\\\/\\\/montecarloliving.com\\\/fr\\\/#\\\/schema\\\/person\\\/7e5945d4560862b7f2d2c6831bda2819\"},\"description\":\"Le Conseiller de Gouvernement-Ministre des Affaires Sociales et de la Sant\u00e9, Christophe ROBINO, en pr\u00e9sence de S.E. le Ministre d\u2019Etat, de la Pr\u00e9sidente\",\"breadcrumb\":{\"@id\":\"https:\\\/\\\/montecarloliving.com\\\/fr\\\/actualite\\\/presentation-de-politique-nationale-pour-linclusion-des-personnes-en-situation-de-handicap-5723\\\/#breadcrumb\"},\"inLanguage\":\"fr-FR\",\"potentialAction\":[{\"@type\":\"ReadAction\",\"target\":[\"https:\\\/\\\/montecarloliving.com\\\/fr\\\/actualite\\\/presentation-de-politique-nationale-pour-linclusion-des-personnes-en-situation-de-handicap-5723\\\/\"]}]},{\"@type\":\"ImageObject\",\"inLanguage\":\"fr-FR\",\"@id\":\"https:\\\/\\\/montecarloliving.com\\\/fr\\\/actualite\\\/presentation-de-politique-nationale-pour-linclusion-des-personnes-en-situation-de-handicap-5723\\\/#primaryimage\",\"url\":\"https:\\\/\\\/montecarloliving.com\\\/wp-content\\\/uploads\\\/2023\\\/12\\\/Politique-nationale-pour-l-inclusion-des-personnes-en-situation-de-handicap-\u00a9-Direction-de-la-Communication-Manuel-Vitali-scaled.jpg\",\"contentUrl\":\"https:\\\/\\\/montecarloliving.com\\\/wp-content\\\/uploads\\\/2023\\\/12\\\/Politique-nationale-pour-l-inclusion-des-personnes-en-situation-de-handicap-\u00a9-Direction-de-la-Communication-Manuel-Vitali-scaled.jpg\",\"width\":2560,\"height\":1707},{\"@type\":\"BreadcrumbList\",\"@id\":\"https:\\\/\\\/montecarloliving.com\\\/fr\\\/actualite\\\/presentation-de-politique-nationale-pour-linclusion-des-personnes-en-situation-de-handicap-5723\\\/#breadcrumb\",\"itemListElement\":[{\"@type\":\"ListItem\",\"position\":1,\"name\":\"Home\",\"item\":\"https:\\\/\\\/montecarloliving.com\\\/fr\\\/\"},{\"@type\":\"ListItem\",\"position\":2,\"name\":\"Pr\u00e9sentation de la politique nationale pour l\u2019inclusion des personnes en situation de handicap\"}]},{\"@type\":\"WebSite\",\"@id\":\"https:\\\/\\\/montecarloliving.com\\\/fr\\\/#website\",\"url\":\"https:\\\/\\\/montecarloliving.com\\\/fr\\\/\",\"name\":\"Montecarlo Living\",\"description\":\"News da Montecarlo - Principato di Monaco e Costa Azzurra\",\"potentialAction\":[{\"@type\":\"SearchAction\",\"target\":{\"@type\":\"EntryPoint\",\"urlTemplate\":\"https:\\\/\\\/montecarloliving.com\\\/fr\\\/?s={search_term_string}\"},\"query-input\":{\"@type\":\"PropertyValueSpecification\",\"valueRequired\":true,\"valueName\":\"search_term_string\"}}],\"inLanguage\":\"fr-FR\"},{\"@type\":\"Person\",\"@id\":\"https:\\\/\\\/montecarloliving.com\\\/fr\\\/#\\\/schema\\\/person\\\/7e5945d4560862b7f2d2c6831bda2819\",\"name\":\"Redazione\",\"image\":{\"@type\":\"ImageObject\",\"inLanguage\":\"fr-FR\",\"@id\":\"https:\\\/\\\/secure.gravatar.com\\\/avatar\\\/8b5f26557e18fe74ad8e8a57ebb2925d88af8a90cee489ff2beefb391bc9b9c7?s=96&d=mm&r=g\",\"url\":\"https:\\\/\\\/secure.gravatar.com\\\/avatar\\\/8b5f26557e18fe74ad8e8a57ebb2925d88af8a90cee489ff2beefb391bc9b9c7?s=96&d=mm&r=g\",\"contentUrl\":\"https:\\\/\\\/secure.gravatar.com\\\/avatar\\\/8b5f26557e18fe74ad8e8a57ebb2925d88af8a90cee489ff2beefb391bc9b9c7?s=96&d=mm&r=g\",\"caption\":\"Redazione\"}}]}<\/script>\n<!-- \/ Yoast SEO plugin. -->","yoast_head_json":{"title":"Pr\u00e9sentation de la politique nationale pour l\u2019inclusion des personnes en situation de handicap","description":"Le Conseiller de Gouvernement-Ministre des Affaires Sociales et de la Sant\u00e9, Christophe ROBINO, en pr\u00e9sence de S.E. le Ministre d\u2019Etat, de la Pr\u00e9sidente","robots":{"index":"index","follow":"follow","max-snippet":"max-snippet:-1","max-image-preview":"max-image-preview:large","max-video-preview":"max-video-preview:-1"},"canonical":"https:\/\/montecarloliving.com\/fr\/actualite\/presentation-de-politique-nationale-pour-linclusion-des-personnes-en-situation-de-handicap-5723\/","og_locale":"fr_FR","og_title":"Pr\u00e9sentation de la politique nationale pour l\u2019inclusion des personnes en situation de handicap","og_description":"Le Conseiller de Gouvernement-Ministre des Affaires Sociales et de la Sant\u00e9, Christophe ROBINO, en pr\u00e9sence de S.E. le Ministre d\u2019Etat, de la Pr\u00e9sidente","og_url":"https:\/\/montecarloliving.com\/fr\/actualite\/presentation-de-politique-nationale-pour-linclusion-des-personnes-en-situation-de-handicap-5723\/","og_site_name":"Montecarlo Living","article_publisher":"https:\/\/www.facebook.com\/montecarlolivingcom\/","article_published_time":"2023-12-06T08:56:04+00:00","article_modified_time":"2023-12-06T08:59:35+00:00","og_image":[{"width":650,"height":400,"url":"https:\/\/montecarloliving.com\/wp-content\/uploads\/2023\/12\/Politique-nationale-pour-l-inclusion-des-personnes-en-situation-de-handicap-\u00a9-Direction-de-la-Communication-Manuel-Vitali-650x400.jpg","type":"image\/jpeg"}],"author":"Redazione","twitter_card":"summary_large_image","twitter_creator":"@MonteCarloLivi","twitter_site":"@MonteCarloLivi","twitter_misc":{"\u00c9crit par":"Redazione","Dur\u00e9e de lecture estim\u00e9e":"2 minutes"},"schema":{"@context":"https:\/\/schema.org","@graph":[{"@type":"Article","@id":"https:\/\/montecarloliving.com\/fr\/actualite\/presentation-de-politique-nationale-pour-linclusion-des-personnes-en-situation-de-handicap-5723\/#article","isPartOf":{"@id":"https:\/\/montecarloliving.com\/fr\/actualite\/presentation-de-politique-nationale-pour-linclusion-des-personnes-en-situation-de-handicap-5723\/"},"author":{"name":"Redazione","@id":"https:\/\/montecarloliving.com\/fr\/#\/schema\/person\/7e5945d4560862b7f2d2c6831bda2819"},"headline":"Pr\u00e9sentation de la politique nationale pour l\u2019inclusion des personnes en situation de handicap","datePublished":"2023-12-06T08:56:04+00:00","dateModified":"2023-12-06T08:59:35+00:00","mainEntityOfPage":{"@id":"https:\/\/montecarloliving.com\/fr\/actualite\/presentation-de-politique-nationale-pour-linclusion-des-personnes-en-situation-de-handicap-5723\/"},"wordCount":355,"image":{"@id":"https:\/\/montecarloliving.com\/fr\/actualite\/presentation-de-politique-nationale-pour-linclusion-des-personnes-en-situation-de-handicap-5723\/#primaryimage"},"thumbnailUrl":"https:\/\/montecarloliving.com\/wp-content\/uploads\/2023\/12\/Politique-nationale-pour-l-inclusion-des-personnes-en-situation-de-handicap-\u00a9-Direction-de-la-Communication-Manuel-Vitali-scaled.jpg","articleSection":["Actualit\u00e9"],"inLanguage":"fr-FR"},{"@type":"WebPage","@id":"https:\/\/montecarloliving.com\/fr\/actualite\/presentation-de-politique-nationale-pour-linclusion-des-personnes-en-situation-de-handicap-5723\/","url":"https:\/\/montecarloliving.com\/fr\/actualite\/presentation-de-politique-nationale-pour-linclusion-des-personnes-en-situation-de-handicap-5723\/","name":"Pr\u00e9sentation de la politique nationale pour l\u2019inclusion des personnes en situation de handicap","isPartOf":{"@id":"https:\/\/montecarloliving.com\/fr\/#website"},"primaryImageOfPage":{"@id":"https:\/\/montecarloliving.com\/fr\/actualite\/presentation-de-politique-nationale-pour-linclusion-des-personnes-en-situation-de-handicap-5723\/#primaryimage"},"image":{"@id":"https:\/\/montecarloliving.com\/fr\/actualite\/presentation-de-politique-nationale-pour-linclusion-des-personnes-en-situation-de-handicap-5723\/#primaryimage"},"thumbnailUrl":"https:\/\/montecarloliving.com\/wp-content\/uploads\/2023\/12\/Politique-nationale-pour-l-inclusion-des-personnes-en-situation-de-handicap-\u00a9-Direction-de-la-Communication-Manuel-Vitali-scaled.jpg","datePublished":"2023-12-06T08:56:04+00:00","dateModified":"2023-12-06T08:59:35+00:00","author":{"@id":"https:\/\/montecarloliving.com\/fr\/#\/schema\/person\/7e5945d4560862b7f2d2c6831bda2819"},"description":"Le Conseiller de Gouvernement-Ministre des Affaires Sociales et de la Sant\u00e9, Christophe ROBINO, en pr\u00e9sence de S.E. le Ministre d\u2019Etat, de la Pr\u00e9sidente","breadcrumb":{"@id":"https:\/\/montecarloliving.com\/fr\/actualite\/presentation-de-politique-nationale-pour-linclusion-des-personnes-en-situation-de-handicap-5723\/#breadcrumb"},"inLanguage":"fr-FR","potentialAction":[{"@type":"ReadAction","target":["https:\/\/montecarloliving.com\/fr\/actualite\/presentation-de-politique-nationale-pour-linclusion-des-personnes-en-situation-de-handicap-5723\/"]}]},{"@type":"ImageObject","inLanguage":"fr-FR","@id":"https:\/\/montecarloliving.com\/fr\/actualite\/presentation-de-politique-nationale-pour-linclusion-des-personnes-en-situation-de-handicap-5723\/#primaryimage","url":"https:\/\/montecarloliving.com\/wp-content\/uploads\/2023\/12\/Politique-nationale-pour-l-inclusion-des-personnes-en-situation-de-handicap-\u00a9-Direction-de-la-Communication-Manuel-Vitali-scaled.jpg","contentUrl":"https:\/\/montecarloliving.com\/wp-content\/uploads\/2023\/12\/Politique-nationale-pour-l-inclusion-des-personnes-en-situation-de-handicap-\u00a9-Direction-de-la-Communication-Manuel-Vitali-scaled.jpg","width":2560,"height":1707},{"@type":"BreadcrumbList","@id":"https:\/\/montecarloliving.com\/fr\/actualite\/presentation-de-politique-nationale-pour-linclusion-des-personnes-en-situation-de-handicap-5723\/#breadcrumb","itemListElement":[{"@type":"ListItem","position":1,"name":"Home","item":"https:\/\/montecarloliving.com\/fr\/"},{"@type":"ListItem","position":2,"name":"Pr\u00e9sentation de la politique nationale pour l\u2019inclusion des personnes en situation de handicap"}]},{"@type":"WebSite","@id":"https:\/\/montecarloliving.com\/fr\/#website","url":"https:\/\/montecarloliving.com\/fr\/","name":"Montecarlo Living","description":"News da Montecarlo - Principato di Monaco e Costa Azzurra","potentialAction":[{"@type":"SearchAction","target":{"@type":"EntryPoint","urlTemplate":"https:\/\/montecarloliving.com\/fr\/?s={search_term_string}"},"query-input":{"@type":"PropertyValueSpecification","valueRequired":true,"valueName":"search_term_string"}}],"inLanguage":"fr-FR"},{"@type":"Person","@id":"https:\/\/montecarloliving.com\/fr\/#\/schema\/person\/7e5945d4560862b7f2d2c6831bda2819","name":"Redazione","image":{"@type":"ImageObject","inLanguage":"fr-FR","@id":"https:\/\/secure.gravatar.com\/avatar\/8b5f26557e18fe74ad8e8a57ebb2925d88af8a90cee489ff2beefb391bc9b9c7?s=96&d=mm&r=g","url":"https:\/\/secure.gravatar.com\/avatar\/8b5f26557e18fe74ad8e8a57ebb2925d88af8a90cee489ff2beefb391bc9b9c7?s=96&d=mm&r=g","contentUrl":"https:\/\/secure.gravatar.com\/avatar\/8b5f26557e18fe74ad8e8a57ebb2925d88af8a90cee489ff2beefb391bc9b9c7?s=96&d=mm&r=g","caption":"Redazione"}}]}},"_links":{"self":[{"href":"https:\/\/montecarloliving.com\/fr\/wp-json\/wp\/v2\/posts\/5723","targetHints":{"allow":["GET"]}}],"collection":[{"href":"https:\/\/montecarloliving.com\/fr\/wp-json\/wp\/v2\/posts"}],"about":[{"href":"https:\/\/montecarloliving.com\/fr\/wp-json\/wp\/v2\/types\/post"}],"author":[{"embeddable":true,"href":"https:\/\/montecarloliving.com\/fr\/wp-json\/wp\/v2\/users\/1"}],"replies":[{"embeddable":true,"href":"https:\/\/montecarloliving.com\/fr\/wp-json\/wp\/v2\/comments?post=5723"}],"version-history":[{"count":1,"href":"https:\/\/montecarloliving.com\/fr\/wp-json\/wp\/v2\/posts\/5723\/revisions"}],"predecessor-version":[{"id":5725,"href":"https:\/\/montecarloliving.com\/fr\/wp-json\/wp\/v2\/posts\/5723\/revisions\/5725"}],"wp:featuredmedia":[{"embeddable":true,"href":"https:\/\/montecarloliving.com\/fr\/wp-json\/wp\/v2\/media\/5720"}],"wp:attachment":[{"href":"https:\/\/montecarloliving.com\/fr\/wp-json\/wp\/v2\/media?parent=5723"}],"wp:term":[{"taxonomy":"category","embeddable":true,"href":"https:\/\/montecarloliving.com\/fr\/wp-json\/wp\/v2\/categories?post=5723"},{"taxonomy":"post_tag","embeddable":true,"href":"https:\/\/montecarloliving.com\/fr\/wp-json\/wp\/v2\/tags?post=5723"}],"curies":[{"name":"wp","href":"https:\/\/api.w.org\/{rel}","templated":true}]}}