{"id":5402,"date":"2023-11-15T10:00:08","date_gmt":"2023-11-15T09:00:08","guid":{"rendered":"https:\/\/montecarloliving.com\/?p=5402"},"modified":"2023-11-15T10:05:29","modified_gmt":"2023-11-15T09:05:29","slug":"monaco-se-mobilise-pour-journee-mondiale-du-diabete","status":"publish","type":"post","link":"https:\/\/montecarloliving.com\/fr\/actualite\/monaco-se-mobilise-pour-journee-mondiale-du-diabete-5402\/","title":{"rendered":"Monaco se mobilise pour la Journ\u00e9e mondiale du diab\u00e8te"},"content":{"rendered":"<p>Mardi 14 novembre, Journ\u00e9e Mondiale du diab\u00e8te, la Croix-Rouge Mon\u00e9gasque a organis\u00e9 une op\u00e9ration de d\u00e9pistage gratuit sur l\u2019esplanade de Fontvieille, en collaboration avec le Gouvernement Princier et le Centre Hospitalier Princesse Grace.<br \/>\nObjectif de cette mobilisation collective :<strong> sensibiliser et mieux faire conna\u00eetre cette maladie, les diff\u00e9rents types de diab\u00e8te ainsi que les moyens de le pr\u00e9venir.<\/strong><br \/>\nIls ont \u00e9t\u00e9 nombreux \u00e0 venir profiter de ce d\u00e9pistage rapide, gratuit et indolore, comme a pu s\u2019en r\u00e9jouir Dominique MARTET, Responsable de la Section Sant\u00e9-Pr\u00e9vention de la Croix-Rouge de Monaco : \u00ab <em>La population mon\u00e9gasque a su r\u00e9pondre pr\u00e9sent, preuve de l\u2019importance de cette journ\u00e9e de sensibilisation au tour du diab\u00e8te \u00e0 laquelle la Principaut\u00e9 s\u2019est associ\u00e9e tout comme 150 pays dans le monde<\/em> \u00bb.<br \/>\nDe son c\u00f4t\u00e9, le Conseiller de Gouvernement-Ministre des Affaires sociales et de la Sant\u00e9, Christophe ROBINO, s\u2019est pr\u00eat\u00e9 lui aussi \u00e0 la piq\u00fbre de d\u00e9pistage. Il a tenu \u00e0 rappeler que \u00ab le diab\u00e8te ne doit pas \u00eatre sous-estim\u00e9, le meilleur traitement contre cette pathologie restant la pr\u00e9vention.<\/p>\n<p>Cette journ\u00e9e de collaboration avec la Croix-Rouge Mon\u00e9gasque t\u00e9moigne d\u2019une prise de conscience collective et la Principaut\u00e9 poursuit ainsi son engagement dans l\u2019am\u00e9lioration de la qualit\u00e9 de vie et de la prise en charge de la population et des salari\u00e9s, par une action de proximit\u00e9. \u00bb<br \/>\nPour m\u00e9moire, parmi les diff\u00e9rents types de diab\u00e8te, celui de type II, qui touche 90 % des diab\u00e9tiques, est plus particuli\u00e8rement vis\u00e9 par les op\u00e9rations de d\u00e9pistage. Il frappe surtout les plus de 40 ans enclin \u00e0 une mauvaise hygi\u00e8ne de vie (stress, alimentation trop riche, boissons sucr\u00e9es, manque d\u2019activit\u00e9 physique, etc\u2026).<br \/>\nPour d\u2019autres malades, le diab\u00e8te est li\u00e9 \u00e0 un facteur h\u00e9r\u00e9ditaire. En effet, 40 % des personnes, dont un des parents est diab\u00e9tique, risquent de l\u2019\u00eatre. Ce taux monte \u00e0 70 % si les deux parents le sont.<br \/>\nCependant le diab\u00e8te demeure une maladie silencieuse, comme l\u2019a rappel\u00e9 Sophie BROUSSOLE BUN, endocrinologue-nutritionniste au CHPG : \u00ab <em>Aujourd\u2019hui 1 personne diab\u00e9tique sur 2 s\u2019ignore. Beaucoup ne ressentent aucun sympt\u00f4me et tr\u00e8s souvent les patients s\u2019aper\u00e7oivent qu\u2019ils sont diab\u00e9tiques apr\u00e8s 10 ans d\u2019\u00e9volution de la maladie. On d\u00e9nombre 500 millions de personnes atteintes de cette pathologie dans le monde et les chiffres ne font qu\u2019augmenter \u00e0 cause de nos modes de vies, du surpoids et du vieillissement de la population<\/em> \u00bb. Son conseil pratique : \u00ab <em>Pour pr\u00e9venir le diab\u00e8te, il faut avoir 3 repas par jour \u00e9quilibr\u00e9s avec des l\u00e9gumes, des prot\u00e9ines, des f\u00e9culents tout en ayant une activit\u00e9 physique quotidienne. En revanche, les sodas et plats pr\u00e9par\u00e9s, trop riches en sucre, sel et graisse, sont \u00e0 proscrire<\/em> \u00bb.<br \/>\nRappelons que le CHPG dispose d\u2019un service diab\u00e9tologie et propose un suivi des patients diab\u00e9tiques et des consultations par un infirmier d\u2019\u00e9ducation diab\u00e9tique sont \u00e9galement disponibles.<br \/>\nPlus de renseignements au + 377 97 98 77 54.<\/p>\n<p><a href=\"https:\/\/www.instagram.com\/monte_carlo_living\/\" target=\"_blank\" rel=\"noopener\">Visita La nostra Pagina Instagram<\/a><\/p>\n<p><a href=\"https:\/\/montecarloliving.com\/\" target=\"_blank\" rel=\"noopener\">Leggi Altri Articoli<\/a><\/p>\n","protected":false},"excerpt":{"rendered":"<p>Mardi 14 novembre, Journ\u00e9e Mondiale du diab\u00e8te, la Croix-Rouge Mon\u00e9gasque a organis\u00e9 une op\u00e9ration de d\u00e9pistage gratuit sur l\u2019esplanade de Fontvieille, en collaboration avec le Gouvernement Princier et le Centre Hospitalier Princesse Grace. Objectif de cette mobilisation collective : sensibiliser et mieux faire conna\u00eetre [&hellip;]<\/p>\n","protected":false},"author":1,"featured_media":5400,"comment_status":"closed","ping_status":"closed","sticky":false,"template":"","format":"standard","meta":{"footnotes":""},"categories":[827],"tags":[],"class_list":["post-5402","post","type-post","status-publish","format-standard","has-post-thumbnail","hentry","category-actualite"],"yoast_head":"<!-- This site is optimized with the Yoast SEO plugin v27.4 - https:\/\/yoast.com\/product\/yoast-seo-wordpress\/ -->\n<title>Monaco se mobilise pour la Journ\u00e9e mondiale du diab\u00e8te<\/title>\n<meta name=\"description\" content=\"Mardi 14 novembre, Journ\u00e9e Mondiale du diab\u00e8te, la Croix-Rouge Mon\u00e9gasque a organis\u00e9 une op\u00e9ration de d\u00e9pistage gratuit sur l\u2019esplanade de Fontvieille, en\" \/>\n<meta name=\"robots\" content=\"index, follow, max-snippet:-1, max-image-preview:large, max-video-preview:-1\" \/>\n<link rel=\"canonical\" href=\"https:\/\/montecarloliving.com\/fr\/actualite\/monaco-se-mobilise-pour-journee-mondiale-du-diabete-5402\/\" \/>\n<meta property=\"og:locale\" content=\"fr_FR\" \/>\n<meta property=\"og:title\" content=\"Monaco se mobilise pour la Journ\u00e9e mondiale du diab\u00e8te\" \/>\n<meta property=\"og:description\" content=\"Mardi 14 novembre, Journ\u00e9e Mondiale du diab\u00e8te, la Croix-Rouge Mon\u00e9gasque a organis\u00e9 une op\u00e9ration de d\u00e9pistage gratuit sur l\u2019esplanade de Fontvieille, en\" \/>\n<meta property=\"og:url\" content=\"https:\/\/montecarloliving.com\/fr\/actualite\/monaco-se-mobilise-pour-journee-mondiale-du-diabete-5402\/\" \/>\n<meta property=\"og:site_name\" content=\"Montecarlo Living\" \/>\n<meta property=\"article:publisher\" content=\"https:\/\/www.facebook.com\/montecarlolivingcom\/\" \/>\n<meta property=\"article:published_time\" content=\"2023-11-15T09:00:08+00:00\" \/>\n<meta property=\"article:modified_time\" content=\"2023-11-15T09:05:29+00:00\" \/>\n<meta property=\"og:image\" content=\"https:\/\/montecarloliving.com\/wp-content\/uploads\/2023\/11\/CROIX-ROUGE-DIABETE\u00a9-Frederic-Nebinger-Direction-de-la-Communication-650x400.jpg\" \/>\n\t<meta property=\"og:image:width\" content=\"650\" \/>\n\t<meta property=\"og:image:height\" content=\"400\" \/>\n\t<meta property=\"og:image:type\" content=\"image\/jpeg\" \/>\n<meta name=\"author\" content=\"Redazione\" \/>\n<meta name=\"twitter:card\" content=\"summary_large_image\" \/>\n<meta name=\"twitter:creator\" content=\"@MonteCarloLivi\" \/>\n<meta name=\"twitter:site\" content=\"@MonteCarloLivi\" \/>\n<meta name=\"twitter:label1\" content=\"\u00c9crit par\" \/>\n\t<meta name=\"twitter:data1\" content=\"Redazione\" \/>\n\t<meta name=\"twitter:label2\" content=\"Dur\u00e9e de lecture estim\u00e9e\" \/>\n\t<meta name=\"twitter:data2\" content=\"3 minutes\" \/>\n<script type=\"application\/ld+json\" class=\"yoast-schema-graph\">{\"@context\":\"https:\\\/\\\/schema.org\",\"@graph\":[{\"@type\":\"Article\",\"@id\":\"https:\\\/\\\/montecarloliving.com\\\/fr\\\/actualite\\\/monaco-se-mobilise-pour-journee-mondiale-du-diabete-5402\\\/#article\",\"isPartOf\":{\"@id\":\"https:\\\/\\\/montecarloliving.com\\\/fr\\\/actualite\\\/monaco-se-mobilise-pour-journee-mondiale-du-diabete-5402\\\/\"},\"author\":{\"name\":\"Redazione\",\"@id\":\"https:\\\/\\\/montecarloliving.com\\\/fr\\\/#\\\/schema\\\/person\\\/7e5945d4560862b7f2d2c6831bda2819\"},\"headline\":\"Monaco se mobilise pour la Journ\u00e9e mondiale du diab\u00e8te\",\"datePublished\":\"2023-11-15T09:00:08+00:00\",\"dateModified\":\"2023-11-15T09:05:29+00:00\",\"mainEntityOfPage\":{\"@id\":\"https:\\\/\\\/montecarloliving.com\\\/fr\\\/actualite\\\/monaco-se-mobilise-pour-journee-mondiale-du-diabete-5402\\\/\"},\"wordCount\":533,\"image\":{\"@id\":\"https:\\\/\\\/montecarloliving.com\\\/fr\\\/actualite\\\/monaco-se-mobilise-pour-journee-mondiale-du-diabete-5402\\\/#primaryimage\"},\"thumbnailUrl\":\"https:\\\/\\\/montecarloliving.com\\\/wp-content\\\/uploads\\\/2023\\\/11\\\/CROIX-ROUGE-DIABETE\u00a9-Frederic-Nebinger-Direction-de-la-Communication.jpg\",\"articleSection\":[\"Actualit\u00e9\"],\"inLanguage\":\"fr-FR\"},{\"@type\":\"WebPage\",\"@id\":\"https:\\\/\\\/montecarloliving.com\\\/fr\\\/actualite\\\/monaco-se-mobilise-pour-journee-mondiale-du-diabete-5402\\\/\",\"url\":\"https:\\\/\\\/montecarloliving.com\\\/fr\\\/actualite\\\/monaco-se-mobilise-pour-journee-mondiale-du-diabete-5402\\\/\",\"name\":\"Monaco se mobilise pour la Journ\u00e9e mondiale du diab\u00e8te\",\"isPartOf\":{\"@id\":\"https:\\\/\\\/montecarloliving.com\\\/fr\\\/#website\"},\"primaryImageOfPage\":{\"@id\":\"https:\\\/\\\/montecarloliving.com\\\/fr\\\/actualite\\\/monaco-se-mobilise-pour-journee-mondiale-du-diabete-5402\\\/#primaryimage\"},\"image\":{\"@id\":\"https:\\\/\\\/montecarloliving.com\\\/fr\\\/actualite\\\/monaco-se-mobilise-pour-journee-mondiale-du-diabete-5402\\\/#primaryimage\"},\"thumbnailUrl\":\"https:\\\/\\\/montecarloliving.com\\\/wp-content\\\/uploads\\\/2023\\\/11\\\/CROIX-ROUGE-DIABETE\u00a9-Frederic-Nebinger-Direction-de-la-Communication.jpg\",\"datePublished\":\"2023-11-15T09:00:08+00:00\",\"dateModified\":\"2023-11-15T09:05:29+00:00\",\"author\":{\"@id\":\"https:\\\/\\\/montecarloliving.com\\\/fr\\\/#\\\/schema\\\/person\\\/7e5945d4560862b7f2d2c6831bda2819\"},\"description\":\"Mardi 14 novembre, Journ\u00e9e Mondiale du diab\u00e8te, la Croix-Rouge Mon\u00e9gasque a organis\u00e9 une op\u00e9ration de d\u00e9pistage gratuit sur l\u2019esplanade de Fontvieille, en\",\"breadcrumb\":{\"@id\":\"https:\\\/\\\/montecarloliving.com\\\/fr\\\/actualite\\\/monaco-se-mobilise-pour-journee-mondiale-du-diabete-5402\\\/#breadcrumb\"},\"inLanguage\":\"fr-FR\",\"potentialAction\":[{\"@type\":\"ReadAction\",\"target\":[\"https:\\\/\\\/montecarloliving.com\\\/fr\\\/actualite\\\/monaco-se-mobilise-pour-journee-mondiale-du-diabete-5402\\\/\"]}]},{\"@type\":\"ImageObject\",\"inLanguage\":\"fr-FR\",\"@id\":\"https:\\\/\\\/montecarloliving.com\\\/fr\\\/actualite\\\/monaco-se-mobilise-pour-journee-mondiale-du-diabete-5402\\\/#primaryimage\",\"url\":\"https:\\\/\\\/montecarloliving.com\\\/wp-content\\\/uploads\\\/2023\\\/11\\\/CROIX-ROUGE-DIABETE\u00a9-Frederic-Nebinger-Direction-de-la-Communication.jpg\",\"contentUrl\":\"https:\\\/\\\/montecarloliving.com\\\/wp-content\\\/uploads\\\/2023\\\/11\\\/CROIX-ROUGE-DIABETE\u00a9-Frederic-Nebinger-Direction-de-la-Communication.jpg\",\"width\":1479,\"height\":987},{\"@type\":\"BreadcrumbList\",\"@id\":\"https:\\\/\\\/montecarloliving.com\\\/fr\\\/actualite\\\/monaco-se-mobilise-pour-journee-mondiale-du-diabete-5402\\\/#breadcrumb\",\"itemListElement\":[{\"@type\":\"ListItem\",\"position\":1,\"name\":\"Home\",\"item\":\"https:\\\/\\\/montecarloliving.com\\\/fr\\\/\"},{\"@type\":\"ListItem\",\"position\":2,\"name\":\"Monaco se mobilise pour la Journ\u00e9e mondiale du diab\u00e8te\"}]},{\"@type\":\"WebSite\",\"@id\":\"https:\\\/\\\/montecarloliving.com\\\/fr\\\/#website\",\"url\":\"https:\\\/\\\/montecarloliving.com\\\/fr\\\/\",\"name\":\"Montecarlo Living\",\"description\":\"News da Montecarlo - Principato di Monaco e Costa Azzurra\",\"potentialAction\":[{\"@type\":\"SearchAction\",\"target\":{\"@type\":\"EntryPoint\",\"urlTemplate\":\"https:\\\/\\\/montecarloliving.com\\\/fr\\\/?s={search_term_string}\"},\"query-input\":{\"@type\":\"PropertyValueSpecification\",\"valueRequired\":true,\"valueName\":\"search_term_string\"}}],\"inLanguage\":\"fr-FR\"},{\"@type\":\"Person\",\"@id\":\"https:\\\/\\\/montecarloliving.com\\\/fr\\\/#\\\/schema\\\/person\\\/7e5945d4560862b7f2d2c6831bda2819\",\"name\":\"Redazione\",\"image\":{\"@type\":\"ImageObject\",\"inLanguage\":\"fr-FR\",\"@id\":\"https:\\\/\\\/secure.gravatar.com\\\/avatar\\\/8b5f26557e18fe74ad8e8a57ebb2925d88af8a90cee489ff2beefb391bc9b9c7?s=96&d=mm&r=g\",\"url\":\"https:\\\/\\\/secure.gravatar.com\\\/avatar\\\/8b5f26557e18fe74ad8e8a57ebb2925d88af8a90cee489ff2beefb391bc9b9c7?s=96&d=mm&r=g\",\"contentUrl\":\"https:\\\/\\\/secure.gravatar.com\\\/avatar\\\/8b5f26557e18fe74ad8e8a57ebb2925d88af8a90cee489ff2beefb391bc9b9c7?s=96&d=mm&r=g\",\"caption\":\"Redazione\"}}]}<\/script>\n<!-- \/ Yoast SEO plugin. -->","yoast_head_json":{"title":"Monaco se mobilise pour la Journ\u00e9e mondiale du diab\u00e8te","description":"Mardi 14 novembre, Journ\u00e9e Mondiale du diab\u00e8te, la Croix-Rouge Mon\u00e9gasque a organis\u00e9 une op\u00e9ration de d\u00e9pistage gratuit sur l\u2019esplanade de Fontvieille, en","robots":{"index":"index","follow":"follow","max-snippet":"max-snippet:-1","max-image-preview":"max-image-preview:large","max-video-preview":"max-video-preview:-1"},"canonical":"https:\/\/montecarloliving.com\/fr\/actualite\/monaco-se-mobilise-pour-journee-mondiale-du-diabete-5402\/","og_locale":"fr_FR","og_title":"Monaco se mobilise pour la Journ\u00e9e mondiale du diab\u00e8te","og_description":"Mardi 14 novembre, Journ\u00e9e Mondiale du diab\u00e8te, la Croix-Rouge Mon\u00e9gasque a organis\u00e9 une op\u00e9ration de d\u00e9pistage gratuit sur l\u2019esplanade de Fontvieille, en","og_url":"https:\/\/montecarloliving.com\/fr\/actualite\/monaco-se-mobilise-pour-journee-mondiale-du-diabete-5402\/","og_site_name":"Montecarlo Living","article_publisher":"https:\/\/www.facebook.com\/montecarlolivingcom\/","article_published_time":"2023-11-15T09:00:08+00:00","article_modified_time":"2023-11-15T09:05:29+00:00","og_image":[{"width":650,"height":400,"url":"https:\/\/montecarloliving.com\/wp-content\/uploads\/2023\/11\/CROIX-ROUGE-DIABETE\u00a9-Frederic-Nebinger-Direction-de-la-Communication-650x400.jpg","type":"image\/jpeg"}],"author":"Redazione","twitter_card":"summary_large_image","twitter_creator":"@MonteCarloLivi","twitter_site":"@MonteCarloLivi","twitter_misc":{"\u00c9crit par":"Redazione","Dur\u00e9e de lecture estim\u00e9e":"3 minutes"},"schema":{"@context":"https:\/\/schema.org","@graph":[{"@type":"Article","@id":"https:\/\/montecarloliving.com\/fr\/actualite\/monaco-se-mobilise-pour-journee-mondiale-du-diabete-5402\/#article","isPartOf":{"@id":"https:\/\/montecarloliving.com\/fr\/actualite\/monaco-se-mobilise-pour-journee-mondiale-du-diabete-5402\/"},"author":{"name":"Redazione","@id":"https:\/\/montecarloliving.com\/fr\/#\/schema\/person\/7e5945d4560862b7f2d2c6831bda2819"},"headline":"Monaco se mobilise pour la Journ\u00e9e mondiale du diab\u00e8te","datePublished":"2023-11-15T09:00:08+00:00","dateModified":"2023-11-15T09:05:29+00:00","mainEntityOfPage":{"@id":"https:\/\/montecarloliving.com\/fr\/actualite\/monaco-se-mobilise-pour-journee-mondiale-du-diabete-5402\/"},"wordCount":533,"image":{"@id":"https:\/\/montecarloliving.com\/fr\/actualite\/monaco-se-mobilise-pour-journee-mondiale-du-diabete-5402\/#primaryimage"},"thumbnailUrl":"https:\/\/montecarloliving.com\/wp-content\/uploads\/2023\/11\/CROIX-ROUGE-DIABETE\u00a9-Frederic-Nebinger-Direction-de-la-Communication.jpg","articleSection":["Actualit\u00e9"],"inLanguage":"fr-FR"},{"@type":"WebPage","@id":"https:\/\/montecarloliving.com\/fr\/actualite\/monaco-se-mobilise-pour-journee-mondiale-du-diabete-5402\/","url":"https:\/\/montecarloliving.com\/fr\/actualite\/monaco-se-mobilise-pour-journee-mondiale-du-diabete-5402\/","name":"Monaco se mobilise pour la Journ\u00e9e mondiale du diab\u00e8te","isPartOf":{"@id":"https:\/\/montecarloliving.com\/fr\/#website"},"primaryImageOfPage":{"@id":"https:\/\/montecarloliving.com\/fr\/actualite\/monaco-se-mobilise-pour-journee-mondiale-du-diabete-5402\/#primaryimage"},"image":{"@id":"https:\/\/montecarloliving.com\/fr\/actualite\/monaco-se-mobilise-pour-journee-mondiale-du-diabete-5402\/#primaryimage"},"thumbnailUrl":"https:\/\/montecarloliving.com\/wp-content\/uploads\/2023\/11\/CROIX-ROUGE-DIABETE\u00a9-Frederic-Nebinger-Direction-de-la-Communication.jpg","datePublished":"2023-11-15T09:00:08+00:00","dateModified":"2023-11-15T09:05:29+00:00","author":{"@id":"https:\/\/montecarloliving.com\/fr\/#\/schema\/person\/7e5945d4560862b7f2d2c6831bda2819"},"description":"Mardi 14 novembre, Journ\u00e9e Mondiale du diab\u00e8te, la Croix-Rouge Mon\u00e9gasque a organis\u00e9 une op\u00e9ration de d\u00e9pistage gratuit sur l\u2019esplanade de Fontvieille, en","breadcrumb":{"@id":"https:\/\/montecarloliving.com\/fr\/actualite\/monaco-se-mobilise-pour-journee-mondiale-du-diabete-5402\/#breadcrumb"},"inLanguage":"fr-FR","potentialAction":[{"@type":"ReadAction","target":["https:\/\/montecarloliving.com\/fr\/actualite\/monaco-se-mobilise-pour-journee-mondiale-du-diabete-5402\/"]}]},{"@type":"ImageObject","inLanguage":"fr-FR","@id":"https:\/\/montecarloliving.com\/fr\/actualite\/monaco-se-mobilise-pour-journee-mondiale-du-diabete-5402\/#primaryimage","url":"https:\/\/montecarloliving.com\/wp-content\/uploads\/2023\/11\/CROIX-ROUGE-DIABETE\u00a9-Frederic-Nebinger-Direction-de-la-Communication.jpg","contentUrl":"https:\/\/montecarloliving.com\/wp-content\/uploads\/2023\/11\/CROIX-ROUGE-DIABETE\u00a9-Frederic-Nebinger-Direction-de-la-Communication.jpg","width":1479,"height":987},{"@type":"BreadcrumbList","@id":"https:\/\/montecarloliving.com\/fr\/actualite\/monaco-se-mobilise-pour-journee-mondiale-du-diabete-5402\/#breadcrumb","itemListElement":[{"@type":"ListItem","position":1,"name":"Home","item":"https:\/\/montecarloliving.com\/fr\/"},{"@type":"ListItem","position":2,"name":"Monaco se mobilise pour la Journ\u00e9e mondiale du diab\u00e8te"}]},{"@type":"WebSite","@id":"https:\/\/montecarloliving.com\/fr\/#website","url":"https:\/\/montecarloliving.com\/fr\/","name":"Montecarlo Living","description":"News da Montecarlo - Principato di Monaco e Costa Azzurra","potentialAction":[{"@type":"SearchAction","target":{"@type":"EntryPoint","urlTemplate":"https:\/\/montecarloliving.com\/fr\/?s={search_term_string}"},"query-input":{"@type":"PropertyValueSpecification","valueRequired":true,"valueName":"search_term_string"}}],"inLanguage":"fr-FR"},{"@type":"Person","@id":"https:\/\/montecarloliving.com\/fr\/#\/schema\/person\/7e5945d4560862b7f2d2c6831bda2819","name":"Redazione","image":{"@type":"ImageObject","inLanguage":"fr-FR","@id":"https:\/\/secure.gravatar.com\/avatar\/8b5f26557e18fe74ad8e8a57ebb2925d88af8a90cee489ff2beefb391bc9b9c7?s=96&d=mm&r=g","url":"https:\/\/secure.gravatar.com\/avatar\/8b5f26557e18fe74ad8e8a57ebb2925d88af8a90cee489ff2beefb391bc9b9c7?s=96&d=mm&r=g","contentUrl":"https:\/\/secure.gravatar.com\/avatar\/8b5f26557e18fe74ad8e8a57ebb2925d88af8a90cee489ff2beefb391bc9b9c7?s=96&d=mm&r=g","caption":"Redazione"}}]}},"_links":{"self":[{"href":"https:\/\/montecarloliving.com\/fr\/wp-json\/wp\/v2\/posts\/5402","targetHints":{"allow":["GET"]}}],"collection":[{"href":"https:\/\/montecarloliving.com\/fr\/wp-json\/wp\/v2\/posts"}],"about":[{"href":"https:\/\/montecarloliving.com\/fr\/wp-json\/wp\/v2\/types\/post"}],"author":[{"embeddable":true,"href":"https:\/\/montecarloliving.com\/fr\/wp-json\/wp\/v2\/users\/1"}],"replies":[{"embeddable":true,"href":"https:\/\/montecarloliving.com\/fr\/wp-json\/wp\/v2\/comments?post=5402"}],"version-history":[{"count":1,"href":"https:\/\/montecarloliving.com\/fr\/wp-json\/wp\/v2\/posts\/5402\/revisions"}],"predecessor-version":[{"id":5403,"href":"https:\/\/montecarloliving.com\/fr\/wp-json\/wp\/v2\/posts\/5402\/revisions\/5403"}],"wp:featuredmedia":[{"embeddable":true,"href":"https:\/\/montecarloliving.com\/fr\/wp-json\/wp\/v2\/media\/5400"}],"wp:attachment":[{"href":"https:\/\/montecarloliving.com\/fr\/wp-json\/wp\/v2\/media?parent=5402"}],"wp:term":[{"taxonomy":"category","embeddable":true,"href":"https:\/\/montecarloliving.com\/fr\/wp-json\/wp\/v2\/categories?post=5402"},{"taxonomy":"post_tag","embeddable":true,"href":"https:\/\/montecarloliving.com\/fr\/wp-json\/wp\/v2\/tags?post=5402"}],"curies":[{"name":"wp","href":"https:\/\/api.w.org\/{rel}","templated":true}]}}