{"id":5395,"date":"2023-11-15T09:35:07","date_gmt":"2023-11-15T08:35:07","guid":{"rendered":"https:\/\/montecarloliving.com\/?p=5395"},"modified":"2023-11-15T09:40:23","modified_gmt":"2023-11-15T08:40:23","slug":"gouvernement-princier-et-centre-national-detudes-spatiales-se-mobilisent-au-service-de-leconomie-monegasque-et-preservation-de-lenvironnement","status":"publish","type":"post","link":"https:\/\/montecarloliving.com\/fr\/actualite\/gouvernement-princier-et-centre-national-detudes-spatiales-se-mobilisent-au-service-de-leconomie-monegasque-et-preservation-de-lenvironnement-5395\/","title":{"rendered":"Le Gouvernement Princier et le Centre national d\u2019\u00e9tudes spatiales se mobilisent au  service de l\u2019\u00e9conomie mon\u00e9gasque et la pr\u00e9servation de l\u2019environnement"},"content":{"rendered":"<p>Le 14 novembre dernier au Minist\u00e8re d\u2019Etat, une convention-cadre de partenariat a \u00e9t\u00e9 sign\u00e9e entre le Gouvernement Princier et le Centre national d\u2019\u00e9tudes spatiales (CNES) fran\u00e7ais. Cette convention porte sur l\u2019utilisation des solutions et technologies spatiales pour soutenir le d\u00e9veloppement \u00e9conomique, encourager l&rsquo;innovation et contribuer \u00e0 la pr\u00e9servation de l&rsquo;environnement.<\/p>\n<p>Il s&rsquo;inscrit dans une dynamique de diversification de l&rsquo;\u00e9conomie mon\u00e9gasque et dans la poursuite des engagements de S.A.S. le Prince Souverain, notamment au regard du Programme de d\u00e9veloppement durable \u00e0 l&rsquo;horizon 2030 de l&rsquo;ONU.<\/p>\n<p>La convention a \u00e9t\u00e9 sign\u00e9e par Madame Isabelle BERRO-AMADEI, Conseiller de Gouvernement \u2013 Ministre des Relations Ext\u00e9rieures et de la Coop\u00e9ration, et Monsieur Lionel SUCHET, Directeur g\u00e9n\u00e9ral d\u00e9l\u00e9gu\u00e9 du CNES, en pr\u00e9sence de Monsieur Yann BATTEFORT, Premier Conseiller \u00e0 l\u2019Ambassade de France \u00e0 Monaco, Monsieur Fr\u00e9d\u00e9ric GENTA, D\u00e9l\u00e9gu\u00e9 Interminist\u00e9riel \u00e0 l\u2019Attractivit\u00e9 et \u00e0 la Transition Num\u00e9rique, Monsieur Christophe PIERRE, Directeur du Bureau des Affaires Spatiales de Monaco1 ainsi que des Plateformes et des Ressources Num\u00e9riques, Messieurs Patrick RAMPAL et Denis ALLEMAND, respectivement Pr\u00e9sident et Directeur du Centre Scientifique de Monaco, Monsieur Cyril GOMEZ, Directeur g\u00e9n\u00e9ral adjoint de l\u2019Institut oc\u00e9anographique.<\/p>\n<p>Cette signature est le r\u00e9sultat d\u2019un travail de collaboration fructueux entre le CNES, le Bureau des Affaires Spatiales de Monaco et le D\u00e9partement des Relations Ext\u00e9rieures et de la Coop\u00e9ration, qui avait d\u00e9j\u00e0 donn\u00e9 lieu \u00e0 l\u2019organisation conjointe de l\u2019Ocean Space Forum en avril dernier. Le partenariat s&rsquo;articule autour de trois axes majeurs, faisant l\u2019objet d\u2019un plan d\u2019action adopt\u00e9 annuellement :<\/p>\n<p><strong>Solutions et technologies spatiales au service de l&rsquo;\u00e9conomie mon\u00e9gasque<\/strong><br \/>\nL&rsquo;accord a pour objectif de promouvoir l&rsquo;acc\u00e8s des entreprises et des services publics mon\u00e9gasques aux solutions et technologies spatiales, favorisant ainsi le d\u00e9veloppement \u00e9conomique et l&rsquo;attractivit\u00e9 de la Principaut\u00e9. Il s\u2019agira \u00e9galement de faciliter la mise en relation d\u2019entreprises mon\u00e9gasques du spatial avec des investisseurs potentiels (publics ou priv\u00e9s), en particulier via la plateforme \u00ab Spacely \u00bb de Connect by CNES2.<\/p>\n<p><strong>Solutions et technologies spatiales pour les politiques publiques et les enjeux soci\u00e9taux<\/strong><br \/>\nLe Gouvernement Princier et le CNES souhaitent exploiter les avanc\u00e9es du secteur spatial pour r\u00e9pondre aux besoins en mati\u00e8re d&rsquo;am\u00e9nagement du territoire, d&rsquo;environnement et de gestion des risques urbains, comprenant l&rsquo;impact des changements climatiques. Cet axe vise l\u2019\u00e9tude et le d\u00e9veloppement potentiel de plateformes de simulation et de surveillance, ou encore de solutions et d&rsquo;infrastructures spatiales pour la surveillance des \u00e9cosyst\u00e8mes, notamment au service de la recherche sur le p\u00f4le Sud men\u00e9e par le Centre Scientifique de Monaco.<\/p>\n<p><strong>Promotion des comp\u00e9tences scientifiques et technologiques<\/strong><br \/>\nL\u2019accord encourage \u00e9galement la formation et le dialogue science-soci\u00e9t\u00e9 en Principaut\u00e9 et dans les r\u00e9gions voisines. Cet axe se focalise sur les moyens de diffusion du savoir, tels que les formations, les activit\u00e9s ou les contenus multim\u00e9dias. Dans ce contexte, le CNES partagera, par exemple, ses contenus audiovisuels sur les th\u00e9matiques environnementales. A l\u2019occasion de la signature, Mme Isabelle BERRO-AMADE\u00cf, Conseiller de Gouvernement \u2013 Ministre des Relations Ext\u00e9rieures et de la Coop\u00e9ration, s\u2019est r\u00e9jouie de la formalisation de la collaboration avec cet \u00e9tablissement public fran\u00e7ais de renom dans le domaine spatial. \u00ab Cet accord offre de multiples opportunit\u00e9s pour le Bureau des Affaires Spatiales et la Principaut\u00e9 au sens large, notamment en mati\u00e8re de coop\u00e9ration au d\u00e9veloppement, avec une attention particuli\u00e8re port\u00e9e \u00e0 la pr\u00e9servation de l\u2019environnement, une cause ch\u00e8re \u00e0 Monaco \u00bb. Monsieur Lionel SUCHET, Directeur g\u00e9n\u00e9ral d\u00e9l\u00e9gu\u00e9 du Centre national d\u2019\u00e9tudes spatiales, a rappel\u00e9 que la donn\u00e9e spatiale est un levier fort pour soutenir le d\u00e9veloppement \u00e9conomique d\u2019un territoire, pr\u00e9server son environnement et cr\u00e9er de l\u2019activit\u00e9 au b\u00e9n\u00e9fice de l\u2019humain. \u00ab Cette donn\u00e9e est accessible \u00e0 tous et le CNES met tout en \u0153uvre pour accompagner les acteurs qui s\u2019en saisissent. La Principaut\u00e9 de Monaco est un territoire pionnier en termes de d\u00e9veloppement \u00e9conomique, d\u2019innovation et d\u2019adaptation au changement climatique, le CNES se f\u00e9licite de compter parmi les acteurs qui l\u2019accompagnent dans cette mission \u00bb.<br \/>\nMonsieur Fr\u00e9d\u00e9ric GENTA, D\u00e9l\u00e9gu\u00e9 Interminist\u00e9riel \u00e0 l\u2019Attractivit\u00e9 et \u00e0 la Transition Num\u00e9rique, a soulign\u00e9 le terrain fertile que repr\u00e9sente le secteur spatial, en pleine expansion, pour l\u2019attractivit\u00e9 et le d\u00e9veloppement de nouvelles activit\u00e9s \u00e9conomiques en Principaut\u00e9 et d\u2019ajouter \u00ab ce partenariat participera, j\u2019en suis persuad\u00e9, \u00e0 l\u2019\u00e9mergence de nouveaux mod\u00e8les \u00e9conomiques \u00e0 Monaco, susceptibles de g\u00e9n\u00e9rer de la valeur soci\u00e9tale et des services innovants pour mieux comprendre et r\u00e9pondre aux d\u00e9fis environnementaux auxquels nous sommes confront\u00e9s aujourd\u2019hui \u00bb. Enfin, Monsieur Christophe PIERRE, Directeur du Bureau des Affaires Spatiales de Monaco ainsi que des Plateformes et des Ressources Num\u00e9riques, a salu\u00e9 les b\u00e9n\u00e9fices de cette collaboration pour la Principaut\u00e9 \u00ab qui favorisera l&rsquo;avancement des connaissances et de l&rsquo;innovation sur notre territoire, les opportunit\u00e9s d&rsquo;\u00e9ducation et de formation avanc\u00e9es dans le domaine spatial, mais \u00e9galement une mise en avant du savoir-faire mon\u00e9gasque. Le Bureau des Affaires Spatiales, en tant que point de contact focal entre le Gouvernement et les acteurs du secteur \u00e0 Monaco, est d\u00e9termin\u00e9 \u00e0 faire progresser son engagement dans ce domaine passionnant, prometteur de nouvelles perspectives, tout en contribuant activement \u00e0 la protection de notre plan\u00e8te \u00bb.<\/p>\n<p>&nbsp;<\/p>\n<p><a href=\"https:\/\/www.instagram.com\/monte_carlo_living\/\" target=\"_blank\" rel=\"noopener\">Visita La nostra Pagina Instagram<\/a><\/p>\n<p><a href=\"https:\/\/montecarloliving.com\/\" target=\"_blank\" rel=\"noopener\">Leggi Altri Articoli<\/a><\/p>\n<p>&nbsp;<\/p>\n","protected":false},"excerpt":{"rendered":"<p>Le 14 novembre dernier au Minist\u00e8re d\u2019Etat, une convention-cadre de partenariat a \u00e9t\u00e9 sign\u00e9e entre le Gouvernement Princier et le Centre national d\u2019\u00e9tudes spatiales (CNES) fran\u00e7ais. Cette convention porte sur l\u2019utilisation des solutions et technologies spatiales pour soutenir le d\u00e9veloppement \u00e9conomique, encourager l&rsquo;innovation et [&hellip;]<\/p>\n","protected":false},"author":1,"featured_media":5393,"comment_status":"closed","ping_status":"closed","sticky":false,"template":"","format":"standard","meta":{"footnotes":""},"categories":[827],"tags":[],"class_list":["post-5395","post","type-post","status-publish","format-standard","has-post-thumbnail","hentry","category-actualite"],"yoast_head":"<!-- This site is optimized with the Yoast SEO plugin v27.4 - https:\/\/yoast.com\/product\/yoast-seo-wordpress\/ -->\n<title>Le Gouvernement Princier et le Centre national d\u2019\u00e9tudes spatiales se mobilisent au service de l\u2019\u00e9conomie mon\u00e9gasque et la pr\u00e9servation de l\u2019environnement<\/title>\n<meta name=\"description\" content=\"Le 14 novembre dernier au Minist\u00e8re d\u2019Etat, une convention-cadre de partenariat a \u00e9t\u00e9 sign\u00e9e entre le Gouvernement Princier et le Centre national d\u2019\u00e9tudes\" \/>\n<meta name=\"robots\" content=\"index, follow, max-snippet:-1, max-image-preview:large, max-video-preview:-1\" \/>\n<link rel=\"canonical\" href=\"https:\/\/montecarloliving.com\/fr\/actualite\/gouvernement-princier-et-centre-national-detudes-spatiales-se-mobilisent-au-service-de-leconomie-monegasque-et-preservation-de-lenvironnement-5395\/\" \/>\n<meta property=\"og:locale\" content=\"fr_FR\" \/>\n<meta property=\"og:title\" content=\"Le Gouvernement Princier et le Centre national d\u2019\u00e9tudes spatiales se mobilisent au service de l\u2019\u00e9conomie mon\u00e9gasque et la pr\u00e9servation de l\u2019environnement\" \/>\n<meta property=\"og:description\" content=\"Le 14 novembre dernier au Minist\u00e8re d\u2019Etat, une convention-cadre de partenariat a \u00e9t\u00e9 sign\u00e9e entre le Gouvernement Princier et le Centre national d\u2019\u00e9tudes\" \/>\n<meta property=\"og:url\" content=\"https:\/\/montecarloliving.com\/fr\/actualite\/gouvernement-princier-et-centre-national-detudes-spatiales-se-mobilisent-au-service-de-leconomie-monegasque-et-preservation-de-lenvironnement-5395\/\" \/>\n<meta property=\"og:site_name\" content=\"Montecarlo Living\" \/>\n<meta property=\"article:publisher\" content=\"https:\/\/www.facebook.com\/montecarlolivingcom\/\" \/>\n<meta property=\"article:published_time\" content=\"2023-11-15T08:35:07+00:00\" \/>\n<meta property=\"article:modified_time\" content=\"2023-11-15T08:40:23+00:00\" \/>\n<meta property=\"og:image\" content=\"https:\/\/montecarloliving.com\/wp-content\/uploads\/2023\/11\/Signature-CNES-1-\u00a9-Manuel-Vitali-Direction-de-la-Communication-650x400.jpg\" \/>\n\t<meta property=\"og:image:width\" content=\"650\" \/>\n\t<meta property=\"og:image:height\" content=\"400\" \/>\n\t<meta property=\"og:image:type\" content=\"image\/jpeg\" \/>\n<meta name=\"author\" content=\"Redazione\" \/>\n<meta name=\"twitter:card\" content=\"summary_large_image\" \/>\n<meta name=\"twitter:creator\" content=\"@MonteCarloLivi\" \/>\n<meta name=\"twitter:site\" content=\"@MonteCarloLivi\" \/>\n<meta name=\"twitter:label1\" content=\"\u00c9crit par\" \/>\n\t<meta name=\"twitter:data1\" content=\"Redazione\" \/>\n\t<meta name=\"twitter:label2\" content=\"Dur\u00e9e de lecture estim\u00e9e\" \/>\n\t<meta name=\"twitter:data2\" content=\"5 minutes\" \/>\n<script type=\"application\/ld+json\" class=\"yoast-schema-graph\">{\"@context\":\"https:\\\/\\\/schema.org\",\"@graph\":[{\"@type\":\"Article\",\"@id\":\"https:\\\/\\\/montecarloliving.com\\\/fr\\\/actualite\\\/gouvernement-princier-et-centre-national-detudes-spatiales-se-mobilisent-au-service-de-leconomie-monegasque-et-preservation-de-lenvironnement-5395\\\/#article\",\"isPartOf\":{\"@id\":\"https:\\\/\\\/montecarloliving.com\\\/fr\\\/actualite\\\/gouvernement-princier-et-centre-national-detudes-spatiales-se-mobilisent-au-service-de-leconomie-monegasque-et-preservation-de-lenvironnement-5395\\\/\"},\"author\":{\"name\":\"Redazione\",\"@id\":\"https:\\\/\\\/montecarloliving.com\\\/fr\\\/#\\\/schema\\\/person\\\/7e5945d4560862b7f2d2c6831bda2819\"},\"headline\":\"Le Gouvernement Princier et le Centre national d\u2019\u00e9tudes spatiales se mobilisent au service de l\u2019\u00e9conomie mon\u00e9gasque et la pr\u00e9servation de l\u2019environnement\",\"datePublished\":\"2023-11-15T08:35:07+00:00\",\"dateModified\":\"2023-11-15T08:40:23+00:00\",\"mainEntityOfPage\":{\"@id\":\"https:\\\/\\\/montecarloliving.com\\\/fr\\\/actualite\\\/gouvernement-princier-et-centre-national-detudes-spatiales-se-mobilisent-au-service-de-leconomie-monegasque-et-preservation-de-lenvironnement-5395\\\/\"},\"wordCount\":983,\"image\":{\"@id\":\"https:\\\/\\\/montecarloliving.com\\\/fr\\\/actualite\\\/gouvernement-princier-et-centre-national-detudes-spatiales-se-mobilisent-au-service-de-leconomie-monegasque-et-preservation-de-lenvironnement-5395\\\/#primaryimage\"},\"thumbnailUrl\":\"https:\\\/\\\/montecarloliving.com\\\/wp-content\\\/uploads\\\/2023\\\/11\\\/Signature-CNES-1-\u00a9-Manuel-Vitali-Direction-de-la-Communication.jpg\",\"articleSection\":[\"Actualit\u00e9\"],\"inLanguage\":\"fr-FR\"},{\"@type\":\"WebPage\",\"@id\":\"https:\\\/\\\/montecarloliving.com\\\/fr\\\/actualite\\\/gouvernement-princier-et-centre-national-detudes-spatiales-se-mobilisent-au-service-de-leconomie-monegasque-et-preservation-de-lenvironnement-5395\\\/\",\"url\":\"https:\\\/\\\/montecarloliving.com\\\/fr\\\/actualite\\\/gouvernement-princier-et-centre-national-detudes-spatiales-se-mobilisent-au-service-de-leconomie-monegasque-et-preservation-de-lenvironnement-5395\\\/\",\"name\":\"Le Gouvernement Princier et le Centre national d\u2019\u00e9tudes spatiales se mobilisent au service de l\u2019\u00e9conomie mon\u00e9gasque et la pr\u00e9servation de l\u2019environnement\",\"isPartOf\":{\"@id\":\"https:\\\/\\\/montecarloliving.com\\\/fr\\\/#website\"},\"primaryImageOfPage\":{\"@id\":\"https:\\\/\\\/montecarloliving.com\\\/fr\\\/actualite\\\/gouvernement-princier-et-centre-national-detudes-spatiales-se-mobilisent-au-service-de-leconomie-monegasque-et-preservation-de-lenvironnement-5395\\\/#primaryimage\"},\"image\":{\"@id\":\"https:\\\/\\\/montecarloliving.com\\\/fr\\\/actualite\\\/gouvernement-princier-et-centre-national-detudes-spatiales-se-mobilisent-au-service-de-leconomie-monegasque-et-preservation-de-lenvironnement-5395\\\/#primaryimage\"},\"thumbnailUrl\":\"https:\\\/\\\/montecarloliving.com\\\/wp-content\\\/uploads\\\/2023\\\/11\\\/Signature-CNES-1-\u00a9-Manuel-Vitali-Direction-de-la-Communication.jpg\",\"datePublished\":\"2023-11-15T08:35:07+00:00\",\"dateModified\":\"2023-11-15T08:40:23+00:00\",\"author\":{\"@id\":\"https:\\\/\\\/montecarloliving.com\\\/fr\\\/#\\\/schema\\\/person\\\/7e5945d4560862b7f2d2c6831bda2819\"},\"description\":\"Le 14 novembre dernier au Minist\u00e8re d\u2019Etat, une convention-cadre de partenariat a \u00e9t\u00e9 sign\u00e9e entre le Gouvernement Princier et le Centre national d\u2019\u00e9tudes\",\"breadcrumb\":{\"@id\":\"https:\\\/\\\/montecarloliving.com\\\/fr\\\/actualite\\\/gouvernement-princier-et-centre-national-detudes-spatiales-se-mobilisent-au-service-de-leconomie-monegasque-et-preservation-de-lenvironnement-5395\\\/#breadcrumb\"},\"inLanguage\":\"fr-FR\",\"potentialAction\":[{\"@type\":\"ReadAction\",\"target\":[\"https:\\\/\\\/montecarloliving.com\\\/fr\\\/actualite\\\/gouvernement-princier-et-centre-national-detudes-spatiales-se-mobilisent-au-service-de-leconomie-monegasque-et-preservation-de-lenvironnement-5395\\\/\"]}]},{\"@type\":\"ImageObject\",\"inLanguage\":\"fr-FR\",\"@id\":\"https:\\\/\\\/montecarloliving.com\\\/fr\\\/actualite\\\/gouvernement-princier-et-centre-national-detudes-spatiales-se-mobilisent-au-service-de-leconomie-monegasque-et-preservation-de-lenvironnement-5395\\\/#primaryimage\",\"url\":\"https:\\\/\\\/montecarloliving.com\\\/wp-content\\\/uploads\\\/2023\\\/11\\\/Signature-CNES-1-\u00a9-Manuel-Vitali-Direction-de-la-Communication.jpg\",\"contentUrl\":\"https:\\\/\\\/montecarloliving.com\\\/wp-content\\\/uploads\\\/2023\\\/11\\\/Signature-CNES-1-\u00a9-Manuel-Vitali-Direction-de-la-Communication.jpg\",\"width\":2281,\"height\":1521},{\"@type\":\"BreadcrumbList\",\"@id\":\"https:\\\/\\\/montecarloliving.com\\\/fr\\\/actualite\\\/gouvernement-princier-et-centre-national-detudes-spatiales-se-mobilisent-au-service-de-leconomie-monegasque-et-preservation-de-lenvironnement-5395\\\/#breadcrumb\",\"itemListElement\":[{\"@type\":\"ListItem\",\"position\":1,\"name\":\"Home\",\"item\":\"https:\\\/\\\/montecarloliving.com\\\/fr\\\/\"},{\"@type\":\"ListItem\",\"position\":2,\"name\":\"Le Gouvernement Princier et le Centre national d\u2019\u00e9tudes spatiales se mobilisent au service de l\u2019\u00e9conomie mon\u00e9gasque et la pr\u00e9servation de l\u2019environnement\"}]},{\"@type\":\"WebSite\",\"@id\":\"https:\\\/\\\/montecarloliving.com\\\/fr\\\/#website\",\"url\":\"https:\\\/\\\/montecarloliving.com\\\/fr\\\/\",\"name\":\"Montecarlo Living\",\"description\":\"News da Montecarlo - Principato di Monaco e Costa Azzurra\",\"potentialAction\":[{\"@type\":\"SearchAction\",\"target\":{\"@type\":\"EntryPoint\",\"urlTemplate\":\"https:\\\/\\\/montecarloliving.com\\\/fr\\\/?s={search_term_string}\"},\"query-input\":{\"@type\":\"PropertyValueSpecification\",\"valueRequired\":true,\"valueName\":\"search_term_string\"}}],\"inLanguage\":\"fr-FR\"},{\"@type\":\"Person\",\"@id\":\"https:\\\/\\\/montecarloliving.com\\\/fr\\\/#\\\/schema\\\/person\\\/7e5945d4560862b7f2d2c6831bda2819\",\"name\":\"Redazione\",\"image\":{\"@type\":\"ImageObject\",\"inLanguage\":\"fr-FR\",\"@id\":\"https:\\\/\\\/secure.gravatar.com\\\/avatar\\\/8b5f26557e18fe74ad8e8a57ebb2925d88af8a90cee489ff2beefb391bc9b9c7?s=96&d=mm&r=g\",\"url\":\"https:\\\/\\\/secure.gravatar.com\\\/avatar\\\/8b5f26557e18fe74ad8e8a57ebb2925d88af8a90cee489ff2beefb391bc9b9c7?s=96&d=mm&r=g\",\"contentUrl\":\"https:\\\/\\\/secure.gravatar.com\\\/avatar\\\/8b5f26557e18fe74ad8e8a57ebb2925d88af8a90cee489ff2beefb391bc9b9c7?s=96&d=mm&r=g\",\"caption\":\"Redazione\"}}]}<\/script>\n<!-- \/ Yoast SEO plugin. -->","yoast_head_json":{"title":"Le Gouvernement Princier et le Centre national d\u2019\u00e9tudes spatiales se mobilisent au service de l\u2019\u00e9conomie mon\u00e9gasque et la pr\u00e9servation de l\u2019environnement","description":"Le 14 novembre dernier au Minist\u00e8re d\u2019Etat, une convention-cadre de partenariat a \u00e9t\u00e9 sign\u00e9e entre le Gouvernement Princier et le Centre national d\u2019\u00e9tudes","robots":{"index":"index","follow":"follow","max-snippet":"max-snippet:-1","max-image-preview":"max-image-preview:large","max-video-preview":"max-video-preview:-1"},"canonical":"https:\/\/montecarloliving.com\/fr\/actualite\/gouvernement-princier-et-centre-national-detudes-spatiales-se-mobilisent-au-service-de-leconomie-monegasque-et-preservation-de-lenvironnement-5395\/","og_locale":"fr_FR","og_title":"Le Gouvernement Princier et le Centre national d\u2019\u00e9tudes spatiales se mobilisent au service de l\u2019\u00e9conomie mon\u00e9gasque et la pr\u00e9servation de l\u2019environnement","og_description":"Le 14 novembre dernier au Minist\u00e8re d\u2019Etat, une convention-cadre de partenariat a \u00e9t\u00e9 sign\u00e9e entre le Gouvernement Princier et le Centre national d\u2019\u00e9tudes","og_url":"https:\/\/montecarloliving.com\/fr\/actualite\/gouvernement-princier-et-centre-national-detudes-spatiales-se-mobilisent-au-service-de-leconomie-monegasque-et-preservation-de-lenvironnement-5395\/","og_site_name":"Montecarlo Living","article_publisher":"https:\/\/www.facebook.com\/montecarlolivingcom\/","article_published_time":"2023-11-15T08:35:07+00:00","article_modified_time":"2023-11-15T08:40:23+00:00","og_image":[{"width":650,"height":400,"url":"https:\/\/montecarloliving.com\/wp-content\/uploads\/2023\/11\/Signature-CNES-1-\u00a9-Manuel-Vitali-Direction-de-la-Communication-650x400.jpg","type":"image\/jpeg"}],"author":"Redazione","twitter_card":"summary_large_image","twitter_creator":"@MonteCarloLivi","twitter_site":"@MonteCarloLivi","twitter_misc":{"\u00c9crit par":"Redazione","Dur\u00e9e de lecture estim\u00e9e":"5 minutes"},"schema":{"@context":"https:\/\/schema.org","@graph":[{"@type":"Article","@id":"https:\/\/montecarloliving.com\/fr\/actualite\/gouvernement-princier-et-centre-national-detudes-spatiales-se-mobilisent-au-service-de-leconomie-monegasque-et-preservation-de-lenvironnement-5395\/#article","isPartOf":{"@id":"https:\/\/montecarloliving.com\/fr\/actualite\/gouvernement-princier-et-centre-national-detudes-spatiales-se-mobilisent-au-service-de-leconomie-monegasque-et-preservation-de-lenvironnement-5395\/"},"author":{"name":"Redazione","@id":"https:\/\/montecarloliving.com\/fr\/#\/schema\/person\/7e5945d4560862b7f2d2c6831bda2819"},"headline":"Le Gouvernement Princier et le Centre national d\u2019\u00e9tudes spatiales se mobilisent au service de l\u2019\u00e9conomie mon\u00e9gasque et la pr\u00e9servation de l\u2019environnement","datePublished":"2023-11-15T08:35:07+00:00","dateModified":"2023-11-15T08:40:23+00:00","mainEntityOfPage":{"@id":"https:\/\/montecarloliving.com\/fr\/actualite\/gouvernement-princier-et-centre-national-detudes-spatiales-se-mobilisent-au-service-de-leconomie-monegasque-et-preservation-de-lenvironnement-5395\/"},"wordCount":983,"image":{"@id":"https:\/\/montecarloliving.com\/fr\/actualite\/gouvernement-princier-et-centre-national-detudes-spatiales-se-mobilisent-au-service-de-leconomie-monegasque-et-preservation-de-lenvironnement-5395\/#primaryimage"},"thumbnailUrl":"https:\/\/montecarloliving.com\/wp-content\/uploads\/2023\/11\/Signature-CNES-1-\u00a9-Manuel-Vitali-Direction-de-la-Communication.jpg","articleSection":["Actualit\u00e9"],"inLanguage":"fr-FR"},{"@type":"WebPage","@id":"https:\/\/montecarloliving.com\/fr\/actualite\/gouvernement-princier-et-centre-national-detudes-spatiales-se-mobilisent-au-service-de-leconomie-monegasque-et-preservation-de-lenvironnement-5395\/","url":"https:\/\/montecarloliving.com\/fr\/actualite\/gouvernement-princier-et-centre-national-detudes-spatiales-se-mobilisent-au-service-de-leconomie-monegasque-et-preservation-de-lenvironnement-5395\/","name":"Le Gouvernement Princier et le Centre national d\u2019\u00e9tudes spatiales se mobilisent au service de l\u2019\u00e9conomie mon\u00e9gasque et la pr\u00e9servation de l\u2019environnement","isPartOf":{"@id":"https:\/\/montecarloliving.com\/fr\/#website"},"primaryImageOfPage":{"@id":"https:\/\/montecarloliving.com\/fr\/actualite\/gouvernement-princier-et-centre-national-detudes-spatiales-se-mobilisent-au-service-de-leconomie-monegasque-et-preservation-de-lenvironnement-5395\/#primaryimage"},"image":{"@id":"https:\/\/montecarloliving.com\/fr\/actualite\/gouvernement-princier-et-centre-national-detudes-spatiales-se-mobilisent-au-service-de-leconomie-monegasque-et-preservation-de-lenvironnement-5395\/#primaryimage"},"thumbnailUrl":"https:\/\/montecarloliving.com\/wp-content\/uploads\/2023\/11\/Signature-CNES-1-\u00a9-Manuel-Vitali-Direction-de-la-Communication.jpg","datePublished":"2023-11-15T08:35:07+00:00","dateModified":"2023-11-15T08:40:23+00:00","author":{"@id":"https:\/\/montecarloliving.com\/fr\/#\/schema\/person\/7e5945d4560862b7f2d2c6831bda2819"},"description":"Le 14 novembre dernier au Minist\u00e8re d\u2019Etat, une convention-cadre de partenariat a \u00e9t\u00e9 sign\u00e9e entre le Gouvernement Princier et le Centre national d\u2019\u00e9tudes","breadcrumb":{"@id":"https:\/\/montecarloliving.com\/fr\/actualite\/gouvernement-princier-et-centre-national-detudes-spatiales-se-mobilisent-au-service-de-leconomie-monegasque-et-preservation-de-lenvironnement-5395\/#breadcrumb"},"inLanguage":"fr-FR","potentialAction":[{"@type":"ReadAction","target":["https:\/\/montecarloliving.com\/fr\/actualite\/gouvernement-princier-et-centre-national-detudes-spatiales-se-mobilisent-au-service-de-leconomie-monegasque-et-preservation-de-lenvironnement-5395\/"]}]},{"@type":"ImageObject","inLanguage":"fr-FR","@id":"https:\/\/montecarloliving.com\/fr\/actualite\/gouvernement-princier-et-centre-national-detudes-spatiales-se-mobilisent-au-service-de-leconomie-monegasque-et-preservation-de-lenvironnement-5395\/#primaryimage","url":"https:\/\/montecarloliving.com\/wp-content\/uploads\/2023\/11\/Signature-CNES-1-\u00a9-Manuel-Vitali-Direction-de-la-Communication.jpg","contentUrl":"https:\/\/montecarloliving.com\/wp-content\/uploads\/2023\/11\/Signature-CNES-1-\u00a9-Manuel-Vitali-Direction-de-la-Communication.jpg","width":2281,"height":1521},{"@type":"BreadcrumbList","@id":"https:\/\/montecarloliving.com\/fr\/actualite\/gouvernement-princier-et-centre-national-detudes-spatiales-se-mobilisent-au-service-de-leconomie-monegasque-et-preservation-de-lenvironnement-5395\/#breadcrumb","itemListElement":[{"@type":"ListItem","position":1,"name":"Home","item":"https:\/\/montecarloliving.com\/fr\/"},{"@type":"ListItem","position":2,"name":"Le Gouvernement Princier et le Centre national d\u2019\u00e9tudes spatiales se mobilisent au service de l\u2019\u00e9conomie mon\u00e9gasque et la pr\u00e9servation de l\u2019environnement"}]},{"@type":"WebSite","@id":"https:\/\/montecarloliving.com\/fr\/#website","url":"https:\/\/montecarloliving.com\/fr\/","name":"Montecarlo Living","description":"News da Montecarlo - Principato di Monaco e Costa Azzurra","potentialAction":[{"@type":"SearchAction","target":{"@type":"EntryPoint","urlTemplate":"https:\/\/montecarloliving.com\/fr\/?s={search_term_string}"},"query-input":{"@type":"PropertyValueSpecification","valueRequired":true,"valueName":"search_term_string"}}],"inLanguage":"fr-FR"},{"@type":"Person","@id":"https:\/\/montecarloliving.com\/fr\/#\/schema\/person\/7e5945d4560862b7f2d2c6831bda2819","name":"Redazione","image":{"@type":"ImageObject","inLanguage":"fr-FR","@id":"https:\/\/secure.gravatar.com\/avatar\/8b5f26557e18fe74ad8e8a57ebb2925d88af8a90cee489ff2beefb391bc9b9c7?s=96&d=mm&r=g","url":"https:\/\/secure.gravatar.com\/avatar\/8b5f26557e18fe74ad8e8a57ebb2925d88af8a90cee489ff2beefb391bc9b9c7?s=96&d=mm&r=g","contentUrl":"https:\/\/secure.gravatar.com\/avatar\/8b5f26557e18fe74ad8e8a57ebb2925d88af8a90cee489ff2beefb391bc9b9c7?s=96&d=mm&r=g","caption":"Redazione"}}]}},"_links":{"self":[{"href":"https:\/\/montecarloliving.com\/fr\/wp-json\/wp\/v2\/posts\/5395","targetHints":{"allow":["GET"]}}],"collection":[{"href":"https:\/\/montecarloliving.com\/fr\/wp-json\/wp\/v2\/posts"}],"about":[{"href":"https:\/\/montecarloliving.com\/fr\/wp-json\/wp\/v2\/types\/post"}],"author":[{"embeddable":true,"href":"https:\/\/montecarloliving.com\/fr\/wp-json\/wp\/v2\/users\/1"}],"replies":[{"embeddable":true,"href":"https:\/\/montecarloliving.com\/fr\/wp-json\/wp\/v2\/comments?post=5395"}],"version-history":[{"count":1,"href":"https:\/\/montecarloliving.com\/fr\/wp-json\/wp\/v2\/posts\/5395\/revisions"}],"predecessor-version":[{"id":5396,"href":"https:\/\/montecarloliving.com\/fr\/wp-json\/wp\/v2\/posts\/5395\/revisions\/5396"}],"wp:featuredmedia":[{"embeddable":true,"href":"https:\/\/montecarloliving.com\/fr\/wp-json\/wp\/v2\/media\/5393"}],"wp:attachment":[{"href":"https:\/\/montecarloliving.com\/fr\/wp-json\/wp\/v2\/media?parent=5395"}],"wp:term":[{"taxonomy":"category","embeddable":true,"href":"https:\/\/montecarloliving.com\/fr\/wp-json\/wp\/v2\/categories?post=5395"},{"taxonomy":"post_tag","embeddable":true,"href":"https:\/\/montecarloliving.com\/fr\/wp-json\/wp\/v2\/tags?post=5395"}],"curies":[{"name":"wp","href":"https:\/\/api.w.org\/{rel}","templated":true}]}}