{"id":5179,"date":"2023-10-31T10:46:32","date_gmt":"2023-10-31T09:46:32","guid":{"rendered":"https:\/\/montecarloliving.com\/?p=5179"},"modified":"2023-10-31T10:52:30","modified_gmt":"2023-10-31T09:52:30","slug":"novembre-au-theatre-princesse-grace","status":"publish","type":"post","link":"https:\/\/montecarloliving.com\/fr\/evenements\/novembre-au-theatre-princesse-grace-5179\/","title":{"rendered":"NOVEMBRE AU TH\u00c9\u00c2TRE PRINCESSE GRACE"},"content":{"rendered":"<p><strong>ZOOM SUR\u2026 L.U.C.A<\/strong><br \/>\n<strong>LAST UNIVERSAL COMMON ANCESTOR<\/strong><br \/>\nConception, texte et interpr\u00e9tation : Herv\u00e9 Guerrisi et Gr\u00e9gory Carnoli<br \/>\nCo-mise en sc\u00e8ne Quantin Meert<br \/>\njeudi 23 novembre \u00e0 20h00<\/p>\n<p>&nbsp;<\/p>\n<p>Herv\u00e9 Guerrisi et Gr\u00e9gory Carnoli, petits-fils de migrants italiens, nous embarquent dans un voyage th\u00e9\u00e2tral virevoltant, o\u00f9 ils interrogent nos identit\u00e9s et notre h\u00e9ritage. Au fil de leurs recherches, les deux com\u00e9diens croisent les r\u00e9cits, recoupent leurs sources, interrogent leurs familles. Retra\u00e7ant les migrations de leurs anc\u00eatres, ils remontent de fa\u00e7on originale les profondeurs du temps et tombent sur une petite cellule, vieille de 3,8 milliards d\u2019ann\u00e9es, \u00e0 l\u2019origine de toutes les formes de vie qui peuplent notre Terre. Son nom : L.U.C.A &#8211; Last Universal Common Ancestor. \u00c0 la fois dr\u00f4le et intelligent, L.U.C.A est un spectacle tout public recommand\u00e9 \u00e0 partir de 14 ans.<br \/>\n<strong>La repr\u00e9sentation sera suivie d\u2019un bord de sc\u00e8ne avec les com\u00e9diens.<\/strong><\/p>\n<p>&nbsp;<\/p>\n<p><a href=\"https:\/\/www.instagram.com\/monte_carlo_living\/\" target=\"_blank\" rel=\"noopener\">Visita La nostra Pagina Instagram<\/a><\/p>\n<p><a href=\"https:\/\/montecarloliving.com\/\" target=\"_blank\" rel=\"noopener\">Leggi Altri Articoli<\/a><\/p>\n","protected":false},"excerpt":{"rendered":"<p>ZOOM SUR\u2026 L.U.C.A LAST UNIVERSAL COMMON ANCESTOR Conception, texte et interpr\u00e9tation : Herv\u00e9 Guerrisi et Gr\u00e9gory Carnoli Co-mise en sc\u00e8ne Quantin Meert jeudi 23 novembre \u00e0 20h00 &nbsp; Herv\u00e9 Guerrisi et Gr\u00e9gory Carnoli, petits-fils de migrants italiens, nous embarquent dans un voyage th\u00e9\u00e2tral virevoltant, [&hellip;]<\/p>\n","protected":false},"author":1,"featured_media":5177,"comment_status":"closed","ping_status":"closed","sticky":false,"template":"","format":"standard","meta":{"footnotes":""},"categories":[828],"tags":[],"class_list":["post-5179","post","type-post","status-publish","format-standard","has-post-thumbnail","hentry","category-evenements"],"yoast_head":"<!-- This site is optimized with the Yoast SEO plugin v27.5 - https:\/\/yoast.com\/product\/yoast-seo-wordpress\/ -->\n<title>NOVEMBRE AU TH\u00c9\u00c2TRE PRINCESSE GRACE<\/title>\n<meta name=\"description\" content=\"ZOOM SUR\u2026 L.U.C.A LAST UNIVERSAL COMMON ANCESTOR Conception, texte et interpr\u00e9tation : Herv\u00e9 Guerrisi et Gr\u00e9gory Carnoli Co-mise en sc\u00e8ne Quantin Meert\" \/>\n<meta name=\"robots\" content=\"index, follow, max-snippet:-1, max-image-preview:large, max-video-preview:-1\" \/>\n<link rel=\"canonical\" href=\"https:\/\/montecarloliving.com\/fr\/evenements\/novembre-au-theatre-princesse-grace-5179\/\" \/>\n<meta property=\"og:locale\" content=\"fr_FR\" \/>\n<meta property=\"og:title\" content=\"NOVEMBRE AU TH\u00c9\u00c2TRE PRINCESSE GRACE\" \/>\n<meta property=\"og:description\" content=\"ZOOM SUR\u2026 L.U.C.A LAST UNIVERSAL COMMON ANCESTOR Conception, texte et interpr\u00e9tation : Herv\u00e9 Guerrisi et Gr\u00e9gory Carnoli Co-mise en sc\u00e8ne Quantin Meert\" \/>\n<meta property=\"og:url\" content=\"https:\/\/montecarloliving.com\/fr\/evenements\/novembre-au-theatre-princesse-grace-5179\/\" \/>\n<meta property=\"og:site_name\" content=\"Montecarlo Living\" \/>\n<meta property=\"article:publisher\" content=\"https:\/\/www.facebook.com\/montecarlolivingcom\/\" \/>\n<meta property=\"article:published_time\" content=\"2023-10-31T09:46:32+00:00\" \/>\n<meta property=\"article:modified_time\" content=\"2023-10-31T09:52:30+00:00\" \/>\n<meta property=\"og:image\" content=\"https:\/\/montecarloliving.com\/wp-content\/uploads\/2023\/10\/3b26a1bc2ef8d64ad6f48df86afdeaf3-650x400.jpg\" \/>\n\t<meta property=\"og:image:width\" content=\"650\" \/>\n\t<meta property=\"og:image:height\" content=\"400\" \/>\n\t<meta property=\"og:image:type\" content=\"image\/jpeg\" \/>\n<meta name=\"author\" content=\"Redazione\" \/>\n<meta name=\"twitter:card\" content=\"summary_large_image\" \/>\n<meta name=\"twitter:creator\" content=\"@MonteCarloLivi\" \/>\n<meta name=\"twitter:site\" content=\"@MonteCarloLivi\" \/>\n<meta name=\"twitter:label1\" content=\"\u00c9crit par\" \/>\n\t<meta name=\"twitter:data1\" content=\"Redazione\" \/>\n\t<meta name=\"twitter:label2\" content=\"Dur\u00e9e de lecture estim\u00e9e\" \/>\n\t<meta name=\"twitter:data2\" content=\"1 minute\" \/>\n<script type=\"application\/ld+json\" class=\"yoast-schema-graph\">{\"@context\":\"https:\\\/\\\/schema.org\",\"@graph\":[{\"@type\":\"Article\",\"@id\":\"https:\\\/\\\/montecarloliving.com\\\/fr\\\/evenements\\\/novembre-au-theatre-princesse-grace-5179\\\/#article\",\"isPartOf\":{\"@id\":\"https:\\\/\\\/montecarloliving.com\\\/fr\\\/evenements\\\/novembre-au-theatre-princesse-grace-5179\\\/\"},\"author\":{\"name\":\"Redazione\",\"@id\":\"https:\\\/\\\/montecarloliving.com\\\/fr\\\/#\\\/schema\\\/person\\\/7e5945d4560862b7f2d2c6831bda2819\"},\"headline\":\"NOVEMBRE AU TH\u00c9\u00c2TRE PRINCESSE GRACE\",\"datePublished\":\"2023-10-31T09:46:32+00:00\",\"dateModified\":\"2023-10-31T09:52:30+00:00\",\"mainEntityOfPage\":{\"@id\":\"https:\\\/\\\/montecarloliving.com\\\/fr\\\/evenements\\\/novembre-au-theatre-princesse-grace-5179\\\/\"},\"wordCount\":180,\"image\":{\"@id\":\"https:\\\/\\\/montecarloliving.com\\\/fr\\\/evenements\\\/novembre-au-theatre-princesse-grace-5179\\\/#primaryimage\"},\"thumbnailUrl\":\"https:\\\/\\\/montecarloliving.com\\\/wp-content\\\/uploads\\\/2023\\\/10\\\/3b26a1bc2ef8d64ad6f48df86afdeaf3.jpg\",\"articleSection\":[\"\u00c9v\u00e9nements\"],\"inLanguage\":\"fr-FR\"},{\"@type\":\"WebPage\",\"@id\":\"https:\\\/\\\/montecarloliving.com\\\/fr\\\/evenements\\\/novembre-au-theatre-princesse-grace-5179\\\/\",\"url\":\"https:\\\/\\\/montecarloliving.com\\\/fr\\\/evenements\\\/novembre-au-theatre-princesse-grace-5179\\\/\",\"name\":\"NOVEMBRE AU TH\u00c9\u00c2TRE PRINCESSE GRACE\",\"isPartOf\":{\"@id\":\"https:\\\/\\\/montecarloliving.com\\\/fr\\\/#website\"},\"primaryImageOfPage\":{\"@id\":\"https:\\\/\\\/montecarloliving.com\\\/fr\\\/evenements\\\/novembre-au-theatre-princesse-grace-5179\\\/#primaryimage\"},\"image\":{\"@id\":\"https:\\\/\\\/montecarloliving.com\\\/fr\\\/evenements\\\/novembre-au-theatre-princesse-grace-5179\\\/#primaryimage\"},\"thumbnailUrl\":\"https:\\\/\\\/montecarloliving.com\\\/wp-content\\\/uploads\\\/2023\\\/10\\\/3b26a1bc2ef8d64ad6f48df86afdeaf3.jpg\",\"datePublished\":\"2023-10-31T09:46:32+00:00\",\"dateModified\":\"2023-10-31T09:52:30+00:00\",\"author\":{\"@id\":\"https:\\\/\\\/montecarloliving.com\\\/fr\\\/#\\\/schema\\\/person\\\/7e5945d4560862b7f2d2c6831bda2819\"},\"description\":\"ZOOM SUR\u2026 L.U.C.A LAST UNIVERSAL COMMON ANCESTOR Conception, texte et interpr\u00e9tation : Herv\u00e9 Guerrisi et Gr\u00e9gory Carnoli Co-mise en sc\u00e8ne Quantin Meert\",\"breadcrumb\":{\"@id\":\"https:\\\/\\\/montecarloliving.com\\\/fr\\\/evenements\\\/novembre-au-theatre-princesse-grace-5179\\\/#breadcrumb\"},\"inLanguage\":\"fr-FR\",\"potentialAction\":[{\"@type\":\"ReadAction\",\"target\":[\"https:\\\/\\\/montecarloliving.com\\\/fr\\\/evenements\\\/novembre-au-theatre-princesse-grace-5179\\\/\"]}]},{\"@type\":\"ImageObject\",\"inLanguage\":\"fr-FR\",\"@id\":\"https:\\\/\\\/montecarloliving.com\\\/fr\\\/evenements\\\/novembre-au-theatre-princesse-grace-5179\\\/#primaryimage\",\"url\":\"https:\\\/\\\/montecarloliving.com\\\/wp-content\\\/uploads\\\/2023\\\/10\\\/3b26a1bc2ef8d64ad6f48df86afdeaf3.jpg\",\"contentUrl\":\"https:\\\/\\\/montecarloliving.com\\\/wp-content\\\/uploads\\\/2023\\\/10\\\/3b26a1bc2ef8d64ad6f48df86afdeaf3.jpg\",\"width\":1024,\"height\":768},{\"@type\":\"BreadcrumbList\",\"@id\":\"https:\\\/\\\/montecarloliving.com\\\/fr\\\/evenements\\\/novembre-au-theatre-princesse-grace-5179\\\/#breadcrumb\",\"itemListElement\":[{\"@type\":\"ListItem\",\"position\":1,\"name\":\"Home\",\"item\":\"https:\\\/\\\/montecarloliving.com\\\/fr\\\/\"},{\"@type\":\"ListItem\",\"position\":2,\"name\":\"NOVEMBRE AU TH\u00c9\u00c2TRE PRINCESSE GRACE\"}]},{\"@type\":\"WebSite\",\"@id\":\"https:\\\/\\\/montecarloliving.com\\\/fr\\\/#website\",\"url\":\"https:\\\/\\\/montecarloliving.com\\\/fr\\\/\",\"name\":\"Montecarlo Living\",\"description\":\"News da Montecarlo - Principato di Monaco e Costa Azzurra\",\"potentialAction\":[{\"@type\":\"SearchAction\",\"target\":{\"@type\":\"EntryPoint\",\"urlTemplate\":\"https:\\\/\\\/montecarloliving.com\\\/fr\\\/?s={search_term_string}\"},\"query-input\":{\"@type\":\"PropertyValueSpecification\",\"valueRequired\":true,\"valueName\":\"search_term_string\"}}],\"inLanguage\":\"fr-FR\"},{\"@type\":\"Person\",\"@id\":\"https:\\\/\\\/montecarloliving.com\\\/fr\\\/#\\\/schema\\\/person\\\/7e5945d4560862b7f2d2c6831bda2819\",\"name\":\"Redazione\",\"image\":{\"@type\":\"ImageObject\",\"inLanguage\":\"fr-FR\",\"@id\":\"https:\\\/\\\/secure.gravatar.com\\\/avatar\\\/8b5f26557e18fe74ad8e8a57ebb2925d88af8a90cee489ff2beefb391bc9b9c7?s=96&d=mm&r=g\",\"url\":\"https:\\\/\\\/secure.gravatar.com\\\/avatar\\\/8b5f26557e18fe74ad8e8a57ebb2925d88af8a90cee489ff2beefb391bc9b9c7?s=96&d=mm&r=g\",\"contentUrl\":\"https:\\\/\\\/secure.gravatar.com\\\/avatar\\\/8b5f26557e18fe74ad8e8a57ebb2925d88af8a90cee489ff2beefb391bc9b9c7?s=96&d=mm&r=g\",\"caption\":\"Redazione\"}}]}<\/script>\n<!-- \/ Yoast SEO plugin. -->","yoast_head_json":{"title":"NOVEMBRE AU TH\u00c9\u00c2TRE PRINCESSE GRACE","description":"ZOOM SUR\u2026 L.U.C.A LAST UNIVERSAL COMMON ANCESTOR Conception, texte et interpr\u00e9tation : Herv\u00e9 Guerrisi et Gr\u00e9gory Carnoli Co-mise en sc\u00e8ne Quantin Meert","robots":{"index":"index","follow":"follow","max-snippet":"max-snippet:-1","max-image-preview":"max-image-preview:large","max-video-preview":"max-video-preview:-1"},"canonical":"https:\/\/montecarloliving.com\/fr\/evenements\/novembre-au-theatre-princesse-grace-5179\/","og_locale":"fr_FR","og_title":"NOVEMBRE AU TH\u00c9\u00c2TRE PRINCESSE GRACE","og_description":"ZOOM SUR\u2026 L.U.C.A LAST UNIVERSAL COMMON ANCESTOR Conception, texte et interpr\u00e9tation : Herv\u00e9 Guerrisi et Gr\u00e9gory Carnoli Co-mise en sc\u00e8ne Quantin Meert","og_url":"https:\/\/montecarloliving.com\/fr\/evenements\/novembre-au-theatre-princesse-grace-5179\/","og_site_name":"Montecarlo Living","article_publisher":"https:\/\/www.facebook.com\/montecarlolivingcom\/","article_published_time":"2023-10-31T09:46:32+00:00","article_modified_time":"2023-10-31T09:52:30+00:00","og_image":[{"width":650,"height":400,"url":"https:\/\/montecarloliving.com\/wp-content\/uploads\/2023\/10\/3b26a1bc2ef8d64ad6f48df86afdeaf3-650x400.jpg","type":"image\/jpeg"}],"author":"Redazione","twitter_card":"summary_large_image","twitter_creator":"@MonteCarloLivi","twitter_site":"@MonteCarloLivi","twitter_misc":{"\u00c9crit par":"Redazione","Dur\u00e9e de lecture estim\u00e9e":"1 minute"},"schema":{"@context":"https:\/\/schema.org","@graph":[{"@type":"Article","@id":"https:\/\/montecarloliving.com\/fr\/evenements\/novembre-au-theatre-princesse-grace-5179\/#article","isPartOf":{"@id":"https:\/\/montecarloliving.com\/fr\/evenements\/novembre-au-theatre-princesse-grace-5179\/"},"author":{"name":"Redazione","@id":"https:\/\/montecarloliving.com\/fr\/#\/schema\/person\/7e5945d4560862b7f2d2c6831bda2819"},"headline":"NOVEMBRE AU TH\u00c9\u00c2TRE PRINCESSE GRACE","datePublished":"2023-10-31T09:46:32+00:00","dateModified":"2023-10-31T09:52:30+00:00","mainEntityOfPage":{"@id":"https:\/\/montecarloliving.com\/fr\/evenements\/novembre-au-theatre-princesse-grace-5179\/"},"wordCount":180,"image":{"@id":"https:\/\/montecarloliving.com\/fr\/evenements\/novembre-au-theatre-princesse-grace-5179\/#primaryimage"},"thumbnailUrl":"https:\/\/montecarloliving.com\/wp-content\/uploads\/2023\/10\/3b26a1bc2ef8d64ad6f48df86afdeaf3.jpg","articleSection":["\u00c9v\u00e9nements"],"inLanguage":"fr-FR"},{"@type":"WebPage","@id":"https:\/\/montecarloliving.com\/fr\/evenements\/novembre-au-theatre-princesse-grace-5179\/","url":"https:\/\/montecarloliving.com\/fr\/evenements\/novembre-au-theatre-princesse-grace-5179\/","name":"NOVEMBRE AU TH\u00c9\u00c2TRE PRINCESSE GRACE","isPartOf":{"@id":"https:\/\/montecarloliving.com\/fr\/#website"},"primaryImageOfPage":{"@id":"https:\/\/montecarloliving.com\/fr\/evenements\/novembre-au-theatre-princesse-grace-5179\/#primaryimage"},"image":{"@id":"https:\/\/montecarloliving.com\/fr\/evenements\/novembre-au-theatre-princesse-grace-5179\/#primaryimage"},"thumbnailUrl":"https:\/\/montecarloliving.com\/wp-content\/uploads\/2023\/10\/3b26a1bc2ef8d64ad6f48df86afdeaf3.jpg","datePublished":"2023-10-31T09:46:32+00:00","dateModified":"2023-10-31T09:52:30+00:00","author":{"@id":"https:\/\/montecarloliving.com\/fr\/#\/schema\/person\/7e5945d4560862b7f2d2c6831bda2819"},"description":"ZOOM SUR\u2026 L.U.C.A LAST UNIVERSAL COMMON ANCESTOR Conception, texte et interpr\u00e9tation : Herv\u00e9 Guerrisi et Gr\u00e9gory Carnoli Co-mise en sc\u00e8ne Quantin Meert","breadcrumb":{"@id":"https:\/\/montecarloliving.com\/fr\/evenements\/novembre-au-theatre-princesse-grace-5179\/#breadcrumb"},"inLanguage":"fr-FR","potentialAction":[{"@type":"ReadAction","target":["https:\/\/montecarloliving.com\/fr\/evenements\/novembre-au-theatre-princesse-grace-5179\/"]}]},{"@type":"ImageObject","inLanguage":"fr-FR","@id":"https:\/\/montecarloliving.com\/fr\/evenements\/novembre-au-theatre-princesse-grace-5179\/#primaryimage","url":"https:\/\/montecarloliving.com\/wp-content\/uploads\/2023\/10\/3b26a1bc2ef8d64ad6f48df86afdeaf3.jpg","contentUrl":"https:\/\/montecarloliving.com\/wp-content\/uploads\/2023\/10\/3b26a1bc2ef8d64ad6f48df86afdeaf3.jpg","width":1024,"height":768},{"@type":"BreadcrumbList","@id":"https:\/\/montecarloliving.com\/fr\/evenements\/novembre-au-theatre-princesse-grace-5179\/#breadcrumb","itemListElement":[{"@type":"ListItem","position":1,"name":"Home","item":"https:\/\/montecarloliving.com\/fr\/"},{"@type":"ListItem","position":2,"name":"NOVEMBRE AU TH\u00c9\u00c2TRE PRINCESSE GRACE"}]},{"@type":"WebSite","@id":"https:\/\/montecarloliving.com\/fr\/#website","url":"https:\/\/montecarloliving.com\/fr\/","name":"Montecarlo Living","description":"News da Montecarlo - Principato di Monaco e Costa Azzurra","potentialAction":[{"@type":"SearchAction","target":{"@type":"EntryPoint","urlTemplate":"https:\/\/montecarloliving.com\/fr\/?s={search_term_string}"},"query-input":{"@type":"PropertyValueSpecification","valueRequired":true,"valueName":"search_term_string"}}],"inLanguage":"fr-FR"},{"@type":"Person","@id":"https:\/\/montecarloliving.com\/fr\/#\/schema\/person\/7e5945d4560862b7f2d2c6831bda2819","name":"Redazione","image":{"@type":"ImageObject","inLanguage":"fr-FR","@id":"https:\/\/secure.gravatar.com\/avatar\/8b5f26557e18fe74ad8e8a57ebb2925d88af8a90cee489ff2beefb391bc9b9c7?s=96&d=mm&r=g","url":"https:\/\/secure.gravatar.com\/avatar\/8b5f26557e18fe74ad8e8a57ebb2925d88af8a90cee489ff2beefb391bc9b9c7?s=96&d=mm&r=g","contentUrl":"https:\/\/secure.gravatar.com\/avatar\/8b5f26557e18fe74ad8e8a57ebb2925d88af8a90cee489ff2beefb391bc9b9c7?s=96&d=mm&r=g","caption":"Redazione"}}]}},"_links":{"self":[{"href":"https:\/\/montecarloliving.com\/fr\/wp-json\/wp\/v2\/posts\/5179","targetHints":{"allow":["GET"]}}],"collection":[{"href":"https:\/\/montecarloliving.com\/fr\/wp-json\/wp\/v2\/posts"}],"about":[{"href":"https:\/\/montecarloliving.com\/fr\/wp-json\/wp\/v2\/types\/post"}],"author":[{"embeddable":true,"href":"https:\/\/montecarloliving.com\/fr\/wp-json\/wp\/v2\/users\/1"}],"replies":[{"embeddable":true,"href":"https:\/\/montecarloliving.com\/fr\/wp-json\/wp\/v2\/comments?post=5179"}],"version-history":[{"count":1,"href":"https:\/\/montecarloliving.com\/fr\/wp-json\/wp\/v2\/posts\/5179\/revisions"}],"predecessor-version":[{"id":5180,"href":"https:\/\/montecarloliving.com\/fr\/wp-json\/wp\/v2\/posts\/5179\/revisions\/5180"}],"wp:featuredmedia":[{"embeddable":true,"href":"https:\/\/montecarloliving.com\/fr\/wp-json\/wp\/v2\/media\/5177"}],"wp:attachment":[{"href":"https:\/\/montecarloliving.com\/fr\/wp-json\/wp\/v2\/media?parent=5179"}],"wp:term":[{"taxonomy":"category","embeddable":true,"href":"https:\/\/montecarloliving.com\/fr\/wp-json\/wp\/v2\/categories?post=5179"},{"taxonomy":"post_tag","embeddable":true,"href":"https:\/\/montecarloliving.com\/fr\/wp-json\/wp\/v2\/tags?post=5179"}],"curies":[{"name":"wp","href":"https:\/\/api.w.org\/{rel}","templated":true}]}}