{"id":5105,"date":"2023-10-23T08:00:01","date_gmt":"2023-10-23T06:00:01","guid":{"rendered":"https:\/\/montecarloliving.com\/non-classifiee\/basket-as-monaco-bat-belgrade-lexterieur-82-76-5105\/"},"modified":"2023-10-23T08:00:01","modified_gmt":"2023-10-23T06:00:01","slug":"basket-as-monaco-bat-belgrade-lexterieur-82-76","status":"publish","type":"post","link":"https:\/\/montecarloliving.com\/fr\/monaco-fr\/sport-fr\/basket-as-monaco-bat-belgrade-lexterieur-82-76-5105\/","title":{"rendered":"Basket AS Monaco bat Belgrade \u00e0 l&rsquo;ext\u00e9rieur 82-76."},"content":{"rendered":"<p><strong>Basket AS Monaco vs Belgrade<\/strong><\/p>\n<p>Nous nous attendions \u00e0 une r\u00e9action du Roca Team en Euroleague, et les joueurs de Sasa Obradovic ont r\u00e9pondu pr\u00e9sent.<\/p>\n<p>Face \u00e0 une \u00e9quipe concurrente directe pour les play-offs, dans l&rsquo;atmosph\u00e8re bouillante de la Stark Arena de Belgrade, nous avons vu le vrai visage de l&rsquo;\u00e9quipe qui a conquis l&rsquo;Europe la saison derni\u00e8re.<\/p>\n<p>Mike James s&rsquo;est transform\u00e9 en un tireur d&rsquo;\u00e9lite parfait avec ses tirs \u00e0 deux points (18 points, 11 passes), tandis qu&rsquo;Alpha Diallo et John Brown ont \u00e9t\u00e9 h\u00e9ro\u00efques. Yakuba Ouattara, le capitaine exemplaire en mode \u00ab\u00a0XFactor\u00a0\u00bb, a \u00e9t\u00e9 suivi par l&rsquo;ensemble de l&rsquo;\u00e9quipe. Et Kemba Walker a jou\u00e9 ses premi\u00e8res 10 minutes en Euroleague.<\/p>\n<p>Une soir\u00e9e attendue depuis le d\u00e9but de la saison s&rsquo;est termin\u00e9e par une victoire finale de 82-76 apr\u00e8s un match tendu et disput\u00e9.<\/p>\n<p>Ils ont d\u00e9clar\u00e9 :<br \/>\nKemba Walker (Roca Team) : \u00ab\u00a0C&rsquo;est une grande victoire pour nous, importante apr\u00e8s les deux premi\u00e8res d\u00e9faites dans la comp\u00e9tition. Venir ici, dans une telle atmosph\u00e8re et affronter une excellente \u00e9quipe en remportant cette victoire est positif. Je suis heureux de partager ma performance avec mes co\u00e9quipiers, qui sont tout aussi enthousiastes pour moi. Ma premi\u00e8re exp\u00e9rience de jeu a \u00e9t\u00e9 incroyable dans cette atmosph\u00e8re et avec ces gars. Je me suis vraiment amus\u00e9.\u00a0\u00bb<\/p>\n<p>Mike James (Roca Team) : \u00ab\u00a0Nous avons r\u00e9ussi \u00e0 \u00eatre adroits, ce qui nous a beaucoup aid\u00e9s. Apr\u00e8s deux d\u00e9faites, nous nous sommes regard\u00e9s en face. Nous nous sommes dit qu&rsquo;il fallait lutter beaucoup plus pour gagner, d&rsquo;autant plus \u00e0 l&rsquo;ext\u00e9rieur et dans des environnements comme celui de Belgrade. Chaque jour qui passe est une opportunit\u00e9 de progresser ensemble, de trouver les moyens d&rsquo;atteindre nos objectifs.\u00a0\u00bb<\/p>\n<p><a href=\"https:\/\/www.instagram.com\/monte_carlo_living\/\">Visitez notre page Instagram<\/a><\/p>\n<p><a href=\"https:\/\/montecarloliving.com\/fr\/\">Lisez d&rsquo;autres articles<\/a><\/p>\n","protected":false},"excerpt":{"rendered":"<p>Basket AS Monaco vs Belgrade Nous nous attendions \u00e0 une r\u00e9action du Roca Team en Euroleague, et les joueurs de Sasa Obradovic ont r\u00e9pondu pr\u00e9sent. Face \u00e0 une \u00e9quipe concurrente directe pour les play-offs, dans l&rsquo;atmosph\u00e8re bouillante de la Stark Arena de Belgrade, nous [&hellip;]<\/p>\n","protected":false},"author":1,"featured_media":5033,"comment_status":"closed","ping_status":"closed","sticky":false,"template":"","format":"standard","meta":{"footnotes":""},"categories":[817],"tags":[],"class_list":["post-5105","post","type-post","status-publish","format-standard","has-post-thumbnail","hentry","category-sport-fr"],"yoast_head":"<!-- This site is optimized with the Yoast SEO plugin v27.5 - https:\/\/yoast.com\/product\/yoast-seo-wordpress\/ -->\n<title>Basket AS Monaco bat Belgrade \u00e0 l&#039;ext\u00e9rieur 82-76.<\/title>\n<meta name=\"description\" content=\"Nous attendions une r\u00e9action du Roca Team en Euroleague, et les joueurs de Sasa Obradovic ont r\u00e9pondu pr\u00e9sents. Face \u00e0 une \u00e9quipe concurrente directe...\" \/>\n<meta name=\"robots\" content=\"index, follow, max-snippet:-1, max-image-preview:large, max-video-preview:-1\" \/>\n<link rel=\"canonical\" href=\"https:\/\/montecarloliving.com\/fr\/monaco-fr\/sport-fr\/basket-as-monaco-bat-belgrade-lexterieur-82-76-5105\/\" \/>\n<meta property=\"og:locale\" content=\"fr_FR\" \/>\n<meta property=\"og:title\" content=\"Basket AS Monaco bat Belgrade \u00e0 l&#039;ext\u00e9rieur 82-76.\" \/>\n<meta property=\"og:description\" content=\"Nous attendions une r\u00e9action du Roca Team en Euroleague, et les joueurs de Sasa Obradovic ont r\u00e9pondu pr\u00e9sents. Face \u00e0 une \u00e9quipe concurrente directe...\" \/>\n<meta property=\"og:url\" content=\"https:\/\/montecarloliving.com\/fr\/monaco-fr\/sport-fr\/basket-as-monaco-bat-belgrade-lexterieur-82-76-5105\/\" \/>\n<meta property=\"og:site_name\" content=\"Montecarlo Living\" \/>\n<meta property=\"article:publisher\" content=\"https:\/\/www.facebook.com\/montecarlolivingcom\/\" \/>\n<meta property=\"article:published_time\" content=\"2023-10-23T06:00:01+00:00\" \/>\n<meta property=\"og:image\" content=\"https:\/\/montecarloliving.com\/wp-content\/uploads\/2023\/10\/ASMonaco_Belgrado-650x400.jpeg\" \/>\n\t<meta property=\"og:image:width\" content=\"650\" \/>\n\t<meta property=\"og:image:height\" content=\"400\" \/>\n\t<meta property=\"og:image:type\" content=\"image\/jpeg\" \/>\n<meta name=\"author\" content=\"Redazione\" \/>\n<meta name=\"twitter:card\" content=\"summary_large_image\" \/>\n<meta name=\"twitter:creator\" content=\"@MonteCarloLivi\" \/>\n<meta name=\"twitter:site\" content=\"@MonteCarloLivi\" \/>\n<meta name=\"twitter:label1\" content=\"\u00c9crit par\" \/>\n\t<meta name=\"twitter:data1\" content=\"Redazione\" \/>\n\t<meta name=\"twitter:label2\" content=\"Dur\u00e9e de lecture estim\u00e9e\" \/>\n\t<meta name=\"twitter:data2\" content=\"2 minutes\" \/>\n<script type=\"application\/ld+json\" class=\"yoast-schema-graph\">{\"@context\":\"https:\\\/\\\/schema.org\",\"@graph\":[{\"@type\":\"Article\",\"@id\":\"https:\\\/\\\/montecarloliving.com\\\/fr\\\/monaco-fr\\\/sport-fr\\\/basket-as-monaco-bat-belgrade-lexterieur-82-76-5105\\\/#article\",\"isPartOf\":{\"@id\":\"https:\\\/\\\/montecarloliving.com\\\/fr\\\/monaco-fr\\\/sport-fr\\\/basket-as-monaco-bat-belgrade-lexterieur-82-76-5105\\\/\"},\"author\":{\"name\":\"Redazione\",\"@id\":\"https:\\\/\\\/montecarloliving.com\\\/fr\\\/#\\\/schema\\\/person\\\/7e5945d4560862b7f2d2c6831bda2819\"},\"headline\":\"Basket AS Monaco bat Belgrade \u00e0 l&rsquo;ext\u00e9rieur 82-76.\",\"datePublished\":\"2023-10-23T06:00:01+00:00\",\"mainEntityOfPage\":{\"@id\":\"https:\\\/\\\/montecarloliving.com\\\/fr\\\/monaco-fr\\\/sport-fr\\\/basket-as-monaco-bat-belgrade-lexterieur-82-76-5105\\\/\"},\"wordCount\":327,\"image\":{\"@id\":\"https:\\\/\\\/montecarloliving.com\\\/fr\\\/monaco-fr\\\/sport-fr\\\/basket-as-monaco-bat-belgrade-lexterieur-82-76-5105\\\/#primaryimage\"},\"thumbnailUrl\":\"https:\\\/\\\/montecarloliving.com\\\/wp-content\\\/uploads\\\/2023\\\/10\\\/ASMonaco_Belgrado-scaled.jpeg\",\"articleSection\":[\"Sport \u00e0 Monaco\"],\"inLanguage\":\"fr-FR\"},{\"@type\":\"WebPage\",\"@id\":\"https:\\\/\\\/montecarloliving.com\\\/fr\\\/monaco-fr\\\/sport-fr\\\/basket-as-monaco-bat-belgrade-lexterieur-82-76-5105\\\/\",\"url\":\"https:\\\/\\\/montecarloliving.com\\\/fr\\\/monaco-fr\\\/sport-fr\\\/basket-as-monaco-bat-belgrade-lexterieur-82-76-5105\\\/\",\"name\":\"Basket AS Monaco bat Belgrade \u00e0 l'ext\u00e9rieur 82-76.\",\"isPartOf\":{\"@id\":\"https:\\\/\\\/montecarloliving.com\\\/fr\\\/#website\"},\"primaryImageOfPage\":{\"@id\":\"https:\\\/\\\/montecarloliving.com\\\/fr\\\/monaco-fr\\\/sport-fr\\\/basket-as-monaco-bat-belgrade-lexterieur-82-76-5105\\\/#primaryimage\"},\"image\":{\"@id\":\"https:\\\/\\\/montecarloliving.com\\\/fr\\\/monaco-fr\\\/sport-fr\\\/basket-as-monaco-bat-belgrade-lexterieur-82-76-5105\\\/#primaryimage\"},\"thumbnailUrl\":\"https:\\\/\\\/montecarloliving.com\\\/wp-content\\\/uploads\\\/2023\\\/10\\\/ASMonaco_Belgrado-scaled.jpeg\",\"datePublished\":\"2023-10-23T06:00:01+00:00\",\"author\":{\"@id\":\"https:\\\/\\\/montecarloliving.com\\\/fr\\\/#\\\/schema\\\/person\\\/7e5945d4560862b7f2d2c6831bda2819\"},\"description\":\"Nous attendions une r\u00e9action du Roca Team en Euroleague, et les joueurs de Sasa Obradovic ont r\u00e9pondu pr\u00e9sents. Face \u00e0 une \u00e9quipe concurrente directe...\",\"breadcrumb\":{\"@id\":\"https:\\\/\\\/montecarloliving.com\\\/fr\\\/monaco-fr\\\/sport-fr\\\/basket-as-monaco-bat-belgrade-lexterieur-82-76-5105\\\/#breadcrumb\"},\"inLanguage\":\"fr-FR\",\"potentialAction\":[{\"@type\":\"ReadAction\",\"target\":[\"https:\\\/\\\/montecarloliving.com\\\/fr\\\/monaco-fr\\\/sport-fr\\\/basket-as-monaco-bat-belgrade-lexterieur-82-76-5105\\\/\"]}]},{\"@type\":\"ImageObject\",\"inLanguage\":\"fr-FR\",\"@id\":\"https:\\\/\\\/montecarloliving.com\\\/fr\\\/monaco-fr\\\/sport-fr\\\/basket-as-monaco-bat-belgrade-lexterieur-82-76-5105\\\/#primaryimage\",\"url\":\"https:\\\/\\\/montecarloliving.com\\\/wp-content\\\/uploads\\\/2023\\\/10\\\/ASMonaco_Belgrado-scaled.jpeg\",\"contentUrl\":\"https:\\\/\\\/montecarloliving.com\\\/wp-content\\\/uploads\\\/2023\\\/10\\\/ASMonaco_Belgrado-scaled.jpeg\",\"width\":2560,\"height\":1440,\"caption\":\"Basket AS Monaco\"},{\"@type\":\"BreadcrumbList\",\"@id\":\"https:\\\/\\\/montecarloliving.com\\\/fr\\\/monaco-fr\\\/sport-fr\\\/basket-as-monaco-bat-belgrade-lexterieur-82-76-5105\\\/#breadcrumb\",\"itemListElement\":[{\"@type\":\"ListItem\",\"position\":1,\"name\":\"Home\",\"item\":\"https:\\\/\\\/montecarloliving.com\\\/fr\\\/\"},{\"@type\":\"ListItem\",\"position\":2,\"name\":\"Basket AS Monaco bat Belgrade \u00e0 l&rsquo;ext\u00e9rieur 82-76.\"}]},{\"@type\":\"WebSite\",\"@id\":\"https:\\\/\\\/montecarloliving.com\\\/fr\\\/#website\",\"url\":\"https:\\\/\\\/montecarloliving.com\\\/fr\\\/\",\"name\":\"Montecarlo Living\",\"description\":\"News da Montecarlo - Principato di Monaco e Costa Azzurra\",\"potentialAction\":[{\"@type\":\"SearchAction\",\"target\":{\"@type\":\"EntryPoint\",\"urlTemplate\":\"https:\\\/\\\/montecarloliving.com\\\/fr\\\/?s={search_term_string}\"},\"query-input\":{\"@type\":\"PropertyValueSpecification\",\"valueRequired\":true,\"valueName\":\"search_term_string\"}}],\"inLanguage\":\"fr-FR\"},{\"@type\":\"Person\",\"@id\":\"https:\\\/\\\/montecarloliving.com\\\/fr\\\/#\\\/schema\\\/person\\\/7e5945d4560862b7f2d2c6831bda2819\",\"name\":\"Redazione\",\"image\":{\"@type\":\"ImageObject\",\"inLanguage\":\"fr-FR\",\"@id\":\"https:\\\/\\\/secure.gravatar.com\\\/avatar\\\/8b5f26557e18fe74ad8e8a57ebb2925d88af8a90cee489ff2beefb391bc9b9c7?s=96&d=mm&r=g\",\"url\":\"https:\\\/\\\/secure.gravatar.com\\\/avatar\\\/8b5f26557e18fe74ad8e8a57ebb2925d88af8a90cee489ff2beefb391bc9b9c7?s=96&d=mm&r=g\",\"contentUrl\":\"https:\\\/\\\/secure.gravatar.com\\\/avatar\\\/8b5f26557e18fe74ad8e8a57ebb2925d88af8a90cee489ff2beefb391bc9b9c7?s=96&d=mm&r=g\",\"caption\":\"Redazione\"}}]}<\/script>\n<!-- \/ Yoast SEO plugin. -->","yoast_head_json":{"title":"Basket AS Monaco bat Belgrade \u00e0 l'ext\u00e9rieur 82-76.","description":"Nous attendions une r\u00e9action du Roca Team en Euroleague, et les joueurs de Sasa Obradovic ont r\u00e9pondu pr\u00e9sents. Face \u00e0 une \u00e9quipe concurrente directe...","robots":{"index":"index","follow":"follow","max-snippet":"max-snippet:-1","max-image-preview":"max-image-preview:large","max-video-preview":"max-video-preview:-1"},"canonical":"https:\/\/montecarloliving.com\/fr\/monaco-fr\/sport-fr\/basket-as-monaco-bat-belgrade-lexterieur-82-76-5105\/","og_locale":"fr_FR","og_title":"Basket AS Monaco bat Belgrade \u00e0 l'ext\u00e9rieur 82-76.","og_description":"Nous attendions une r\u00e9action du Roca Team en Euroleague, et les joueurs de Sasa Obradovic ont r\u00e9pondu pr\u00e9sents. Face \u00e0 une \u00e9quipe concurrente directe...","og_url":"https:\/\/montecarloliving.com\/fr\/monaco-fr\/sport-fr\/basket-as-monaco-bat-belgrade-lexterieur-82-76-5105\/","og_site_name":"Montecarlo Living","article_publisher":"https:\/\/www.facebook.com\/montecarlolivingcom\/","article_published_time":"2023-10-23T06:00:01+00:00","og_image":[{"width":650,"height":400,"url":"https:\/\/montecarloliving.com\/wp-content\/uploads\/2023\/10\/ASMonaco_Belgrado-650x400.jpeg","type":"image\/jpeg"}],"author":"Redazione","twitter_card":"summary_large_image","twitter_creator":"@MonteCarloLivi","twitter_site":"@MonteCarloLivi","twitter_misc":{"\u00c9crit par":"Redazione","Dur\u00e9e de lecture estim\u00e9e":"2 minutes"},"schema":{"@context":"https:\/\/schema.org","@graph":[{"@type":"Article","@id":"https:\/\/montecarloliving.com\/fr\/monaco-fr\/sport-fr\/basket-as-monaco-bat-belgrade-lexterieur-82-76-5105\/#article","isPartOf":{"@id":"https:\/\/montecarloliving.com\/fr\/monaco-fr\/sport-fr\/basket-as-monaco-bat-belgrade-lexterieur-82-76-5105\/"},"author":{"name":"Redazione","@id":"https:\/\/montecarloliving.com\/fr\/#\/schema\/person\/7e5945d4560862b7f2d2c6831bda2819"},"headline":"Basket AS Monaco bat Belgrade \u00e0 l&rsquo;ext\u00e9rieur 82-76.","datePublished":"2023-10-23T06:00:01+00:00","mainEntityOfPage":{"@id":"https:\/\/montecarloliving.com\/fr\/monaco-fr\/sport-fr\/basket-as-monaco-bat-belgrade-lexterieur-82-76-5105\/"},"wordCount":327,"image":{"@id":"https:\/\/montecarloliving.com\/fr\/monaco-fr\/sport-fr\/basket-as-monaco-bat-belgrade-lexterieur-82-76-5105\/#primaryimage"},"thumbnailUrl":"https:\/\/montecarloliving.com\/wp-content\/uploads\/2023\/10\/ASMonaco_Belgrado-scaled.jpeg","articleSection":["Sport \u00e0 Monaco"],"inLanguage":"fr-FR"},{"@type":"WebPage","@id":"https:\/\/montecarloliving.com\/fr\/monaco-fr\/sport-fr\/basket-as-monaco-bat-belgrade-lexterieur-82-76-5105\/","url":"https:\/\/montecarloliving.com\/fr\/monaco-fr\/sport-fr\/basket-as-monaco-bat-belgrade-lexterieur-82-76-5105\/","name":"Basket AS Monaco bat Belgrade \u00e0 l'ext\u00e9rieur 82-76.","isPartOf":{"@id":"https:\/\/montecarloliving.com\/fr\/#website"},"primaryImageOfPage":{"@id":"https:\/\/montecarloliving.com\/fr\/monaco-fr\/sport-fr\/basket-as-monaco-bat-belgrade-lexterieur-82-76-5105\/#primaryimage"},"image":{"@id":"https:\/\/montecarloliving.com\/fr\/monaco-fr\/sport-fr\/basket-as-monaco-bat-belgrade-lexterieur-82-76-5105\/#primaryimage"},"thumbnailUrl":"https:\/\/montecarloliving.com\/wp-content\/uploads\/2023\/10\/ASMonaco_Belgrado-scaled.jpeg","datePublished":"2023-10-23T06:00:01+00:00","author":{"@id":"https:\/\/montecarloliving.com\/fr\/#\/schema\/person\/7e5945d4560862b7f2d2c6831bda2819"},"description":"Nous attendions une r\u00e9action du Roca Team en Euroleague, et les joueurs de Sasa Obradovic ont r\u00e9pondu pr\u00e9sents. Face \u00e0 une \u00e9quipe concurrente directe...","breadcrumb":{"@id":"https:\/\/montecarloliving.com\/fr\/monaco-fr\/sport-fr\/basket-as-monaco-bat-belgrade-lexterieur-82-76-5105\/#breadcrumb"},"inLanguage":"fr-FR","potentialAction":[{"@type":"ReadAction","target":["https:\/\/montecarloliving.com\/fr\/monaco-fr\/sport-fr\/basket-as-monaco-bat-belgrade-lexterieur-82-76-5105\/"]}]},{"@type":"ImageObject","inLanguage":"fr-FR","@id":"https:\/\/montecarloliving.com\/fr\/monaco-fr\/sport-fr\/basket-as-monaco-bat-belgrade-lexterieur-82-76-5105\/#primaryimage","url":"https:\/\/montecarloliving.com\/wp-content\/uploads\/2023\/10\/ASMonaco_Belgrado-scaled.jpeg","contentUrl":"https:\/\/montecarloliving.com\/wp-content\/uploads\/2023\/10\/ASMonaco_Belgrado-scaled.jpeg","width":2560,"height":1440,"caption":"Basket AS Monaco"},{"@type":"BreadcrumbList","@id":"https:\/\/montecarloliving.com\/fr\/monaco-fr\/sport-fr\/basket-as-monaco-bat-belgrade-lexterieur-82-76-5105\/#breadcrumb","itemListElement":[{"@type":"ListItem","position":1,"name":"Home","item":"https:\/\/montecarloliving.com\/fr\/"},{"@type":"ListItem","position":2,"name":"Basket AS Monaco bat Belgrade \u00e0 l&rsquo;ext\u00e9rieur 82-76."}]},{"@type":"WebSite","@id":"https:\/\/montecarloliving.com\/fr\/#website","url":"https:\/\/montecarloliving.com\/fr\/","name":"Montecarlo Living","description":"News da Montecarlo - Principato di Monaco e Costa Azzurra","potentialAction":[{"@type":"SearchAction","target":{"@type":"EntryPoint","urlTemplate":"https:\/\/montecarloliving.com\/fr\/?s={search_term_string}"},"query-input":{"@type":"PropertyValueSpecification","valueRequired":true,"valueName":"search_term_string"}}],"inLanguage":"fr-FR"},{"@type":"Person","@id":"https:\/\/montecarloliving.com\/fr\/#\/schema\/person\/7e5945d4560862b7f2d2c6831bda2819","name":"Redazione","image":{"@type":"ImageObject","inLanguage":"fr-FR","@id":"https:\/\/secure.gravatar.com\/avatar\/8b5f26557e18fe74ad8e8a57ebb2925d88af8a90cee489ff2beefb391bc9b9c7?s=96&d=mm&r=g","url":"https:\/\/secure.gravatar.com\/avatar\/8b5f26557e18fe74ad8e8a57ebb2925d88af8a90cee489ff2beefb391bc9b9c7?s=96&d=mm&r=g","contentUrl":"https:\/\/secure.gravatar.com\/avatar\/8b5f26557e18fe74ad8e8a57ebb2925d88af8a90cee489ff2beefb391bc9b9c7?s=96&d=mm&r=g","caption":"Redazione"}}]}},"_links":{"self":[{"href":"https:\/\/montecarloliving.com\/fr\/wp-json\/wp\/v2\/posts\/5105","targetHints":{"allow":["GET"]}}],"collection":[{"href":"https:\/\/montecarloliving.com\/fr\/wp-json\/wp\/v2\/posts"}],"about":[{"href":"https:\/\/montecarloliving.com\/fr\/wp-json\/wp\/v2\/types\/post"}],"author":[{"embeddable":true,"href":"https:\/\/montecarloliving.com\/fr\/wp-json\/wp\/v2\/users\/1"}],"replies":[{"embeddable":true,"href":"https:\/\/montecarloliving.com\/fr\/wp-json\/wp\/v2\/comments?post=5105"}],"version-history":[{"count":0,"href":"https:\/\/montecarloliving.com\/fr\/wp-json\/wp\/v2\/posts\/5105\/revisions"}],"wp:featuredmedia":[{"embeddable":true,"href":"https:\/\/montecarloliving.com\/fr\/wp-json\/wp\/v2\/media\/5033"}],"wp:attachment":[{"href":"https:\/\/montecarloliving.com\/fr\/wp-json\/wp\/v2\/media?parent=5105"}],"wp:term":[{"taxonomy":"category","embeddable":true,"href":"https:\/\/montecarloliving.com\/fr\/wp-json\/wp\/v2\/categories?post=5105"},{"taxonomy":"post_tag","embeddable":true,"href":"https:\/\/montecarloliving.com\/fr\/wp-json\/wp\/v2\/tags?post=5105"}],"curies":[{"name":"wp","href":"https:\/\/api.w.org\/{rel}","templated":true}]}}