{"id":5022,"date":"2023-10-19T20:16:57","date_gmt":"2023-10-19T18:16:57","guid":{"rendered":"https:\/\/montecarloliving.com\/?p=5022"},"modified":"2023-10-23T09:52:54","modified_gmt":"2023-10-23T07:52:54","slug":"principaute-de-monaco-placee-en-vigilance-rouge","status":"publish","type":"post","link":"https:\/\/montecarloliving.com\/fr\/actualite\/principaute-de-monaco-placee-en-vigilance-rouge-5022\/","title":{"rendered":"La Principaut\u00e9 de Monaco plac\u00e9e en vigilance rouge"},"content":{"rendered":"<p>Les pr\u00e9visions m\u00e9t\u00e9orologiques pour la journ\u00e9e du vendredi 20 octobre 2023 placent la Principaut\u00e9 de Monaco en vigilance rouge (pluies, inondation).<br \/>\nAu regard de cette situation, et par mesure de pr\u00e9caution, le Gouvernement princier fait savoir que tous les \u00e9tablissements scolaires et les cr\u00e8ches de la Principaut\u00e9 de Monaco ainsi que les activit\u00e9s en plein air (foire attraction, parcs, march\u00e9s, \u2026) seront ferm\u00e9s ce vendredi toute la journ\u00e9e.<\/p>\n","protected":false},"excerpt":{"rendered":"<p>Les pr\u00e9visions m\u00e9t\u00e9orologiques pour la journ\u00e9e du vendredi 20 octobre 2023 placent la Principaut\u00e9 de Monaco en vigilance rouge (pluies, inondation). Au regard de cette situation, et par mesure de pr\u00e9caution, le Gouvernement princier fait savoir que tous les \u00e9tablissements scolaires et les cr\u00e8ches [&hellip;]<\/p>\n","protected":false},"author":1,"featured_media":5039,"comment_status":"closed","ping_status":"closed","sticky":false,"template":"","format":"standard","meta":{"footnotes":""},"categories":[827],"tags":[],"class_list":["post-5022","post","type-post","status-publish","format-standard","has-post-thumbnail","hentry","category-actualite"],"yoast_head":"<!-- This site is optimized with the Yoast SEO plugin v27.4 - https:\/\/yoast.com\/product\/yoast-seo-wordpress\/ -->\n<title>La Principaut\u00e9 de Monaco plac\u00e9e en vigilance rouge<\/title>\n<meta name=\"description\" content=\"Les pr\u00e9visions m\u00e9t\u00e9orologiques pour la journ\u00e9e du vendredi 20 octobre 2023 placent la Principaut\u00e9 de Monaco en vigilance rouge (pluies, inondation). Au\" \/>\n<meta name=\"robots\" content=\"index, follow, max-snippet:-1, max-image-preview:large, max-video-preview:-1\" \/>\n<link rel=\"canonical\" href=\"https:\/\/montecarloliving.com\/fr\/actualite\/principaute-de-monaco-placee-en-vigilance-rouge-5022\/\" \/>\n<meta property=\"og:locale\" content=\"fr_FR\" \/>\n<meta property=\"og:title\" content=\"La Principaut\u00e9 de Monaco plac\u00e9e en vigilance rouge\" \/>\n<meta property=\"og:description\" content=\"Les pr\u00e9visions m\u00e9t\u00e9orologiques pour la journ\u00e9e du vendredi 20 octobre 2023 placent la Principaut\u00e9 de Monaco en vigilance rouge (pluies, inondation). Au\" \/>\n<meta property=\"og:url\" content=\"https:\/\/montecarloliving.com\/fr\/actualite\/principaute-de-monaco-placee-en-vigilance-rouge-5022\/\" \/>\n<meta property=\"og:site_name\" content=\"Montecarlo Living\" \/>\n<meta property=\"article:publisher\" content=\"https:\/\/www.facebook.com\/montecarlolivingcom\/\" \/>\n<meta property=\"article:published_time\" content=\"2023-10-19T18:16:57+00:00\" \/>\n<meta property=\"article:modified_time\" content=\"2023-10-23T07:52:54+00:00\" \/>\n<meta property=\"og:image\" content=\"https:\/\/montecarloliving.com\/wp-content\/uploads\/2023\/10\/meteo-prevista-pioggia-ansa-650x400.webp\" \/>\n\t<meta property=\"og:image:width\" content=\"650\" \/>\n\t<meta property=\"og:image:height\" content=\"400\" \/>\n\t<meta property=\"og:image:type\" content=\"image\/webp\" \/>\n<meta name=\"author\" content=\"Redazione\" \/>\n<meta name=\"twitter:card\" content=\"summary_large_image\" \/>\n<meta name=\"twitter:creator\" content=\"@MonteCarloLivi\" \/>\n<meta name=\"twitter:site\" content=\"@MonteCarloLivi\" \/>\n<meta name=\"twitter:label1\" content=\"\u00c9crit par\" \/>\n\t<meta name=\"twitter:data1\" content=\"Redazione\" \/>\n\t<meta name=\"twitter:label2\" content=\"Dur\u00e9e de lecture estim\u00e9e\" \/>\n\t<meta name=\"twitter:data2\" content=\"1 minute\" \/>\n<script type=\"application\/ld+json\" class=\"yoast-schema-graph\">{\"@context\":\"https:\\\/\\\/schema.org\",\"@graph\":[{\"@type\":\"Article\",\"@id\":\"https:\\\/\\\/montecarloliving.com\\\/fr\\\/actualite\\\/principaute-de-monaco-placee-en-vigilance-rouge-5022\\\/#article\",\"isPartOf\":{\"@id\":\"https:\\\/\\\/montecarloliving.com\\\/fr\\\/actualite\\\/principaute-de-monaco-placee-en-vigilance-rouge-5022\\\/\"},\"author\":{\"name\":\"Redazione\",\"@id\":\"https:\\\/\\\/montecarloliving.com\\\/fr\\\/#\\\/schema\\\/person\\\/7e5945d4560862b7f2d2c6831bda2819\"},\"headline\":\"La Principaut\u00e9 de Monaco plac\u00e9e en vigilance rouge\",\"datePublished\":\"2023-10-19T18:16:57+00:00\",\"dateModified\":\"2023-10-23T07:52:54+00:00\",\"mainEntityOfPage\":{\"@id\":\"https:\\\/\\\/montecarloliving.com\\\/fr\\\/actualite\\\/principaute-de-monaco-placee-en-vigilance-rouge-5022\\\/\"},\"wordCount\":84,\"image\":{\"@id\":\"https:\\\/\\\/montecarloliving.com\\\/fr\\\/actualite\\\/principaute-de-monaco-placee-en-vigilance-rouge-5022\\\/#primaryimage\"},\"thumbnailUrl\":\"https:\\\/\\\/montecarloliving.com\\\/wp-content\\\/uploads\\\/2023\\\/10\\\/meteo-prevista-pioggia-ansa.webp\",\"articleSection\":[\"Actualit\u00e9\"],\"inLanguage\":\"fr-FR\"},{\"@type\":\"WebPage\",\"@id\":\"https:\\\/\\\/montecarloliving.com\\\/fr\\\/actualite\\\/principaute-de-monaco-placee-en-vigilance-rouge-5022\\\/\",\"url\":\"https:\\\/\\\/montecarloliving.com\\\/fr\\\/actualite\\\/principaute-de-monaco-placee-en-vigilance-rouge-5022\\\/\",\"name\":\"La Principaut\u00e9 de Monaco plac\u00e9e en vigilance rouge\",\"isPartOf\":{\"@id\":\"https:\\\/\\\/montecarloliving.com\\\/fr\\\/#website\"},\"primaryImageOfPage\":{\"@id\":\"https:\\\/\\\/montecarloliving.com\\\/fr\\\/actualite\\\/principaute-de-monaco-placee-en-vigilance-rouge-5022\\\/#primaryimage\"},\"image\":{\"@id\":\"https:\\\/\\\/montecarloliving.com\\\/fr\\\/actualite\\\/principaute-de-monaco-placee-en-vigilance-rouge-5022\\\/#primaryimage\"},\"thumbnailUrl\":\"https:\\\/\\\/montecarloliving.com\\\/wp-content\\\/uploads\\\/2023\\\/10\\\/meteo-prevista-pioggia-ansa.webp\",\"datePublished\":\"2023-10-19T18:16:57+00:00\",\"dateModified\":\"2023-10-23T07:52:54+00:00\",\"author\":{\"@id\":\"https:\\\/\\\/montecarloliving.com\\\/fr\\\/#\\\/schema\\\/person\\\/7e5945d4560862b7f2d2c6831bda2819\"},\"description\":\"Les pr\u00e9visions m\u00e9t\u00e9orologiques pour la journ\u00e9e du vendredi 20 octobre 2023 placent la Principaut\u00e9 de Monaco en vigilance rouge (pluies, inondation). Au\",\"breadcrumb\":{\"@id\":\"https:\\\/\\\/montecarloliving.com\\\/fr\\\/actualite\\\/principaute-de-monaco-placee-en-vigilance-rouge-5022\\\/#breadcrumb\"},\"inLanguage\":\"fr-FR\",\"potentialAction\":[{\"@type\":\"ReadAction\",\"target\":[\"https:\\\/\\\/montecarloliving.com\\\/fr\\\/actualite\\\/principaute-de-monaco-placee-en-vigilance-rouge-5022\\\/\"]}]},{\"@type\":\"ImageObject\",\"inLanguage\":\"fr-FR\",\"@id\":\"https:\\\/\\\/montecarloliving.com\\\/fr\\\/actualite\\\/principaute-de-monaco-placee-en-vigilance-rouge-5022\\\/#primaryimage\",\"url\":\"https:\\\/\\\/montecarloliving.com\\\/wp-content\\\/uploads\\\/2023\\\/10\\\/meteo-prevista-pioggia-ansa.webp\",\"contentUrl\":\"https:\\\/\\\/montecarloliving.com\\\/wp-content\\\/uploads\\\/2023\\\/10\\\/meteo-prevista-pioggia-ansa.webp\",\"width\":2560,\"height\":1706},{\"@type\":\"BreadcrumbList\",\"@id\":\"https:\\\/\\\/montecarloliving.com\\\/fr\\\/actualite\\\/principaute-de-monaco-placee-en-vigilance-rouge-5022\\\/#breadcrumb\",\"itemListElement\":[{\"@type\":\"ListItem\",\"position\":1,\"name\":\"Home\",\"item\":\"https:\\\/\\\/montecarloliving.com\\\/fr\\\/\"},{\"@type\":\"ListItem\",\"position\":2,\"name\":\"La Principaut\u00e9 de Monaco plac\u00e9e en vigilance rouge\"}]},{\"@type\":\"WebSite\",\"@id\":\"https:\\\/\\\/montecarloliving.com\\\/fr\\\/#website\",\"url\":\"https:\\\/\\\/montecarloliving.com\\\/fr\\\/\",\"name\":\"Montecarlo Living\",\"description\":\"News da Montecarlo - Principato di Monaco e Costa Azzurra\",\"potentialAction\":[{\"@type\":\"SearchAction\",\"target\":{\"@type\":\"EntryPoint\",\"urlTemplate\":\"https:\\\/\\\/montecarloliving.com\\\/fr\\\/?s={search_term_string}\"},\"query-input\":{\"@type\":\"PropertyValueSpecification\",\"valueRequired\":true,\"valueName\":\"search_term_string\"}}],\"inLanguage\":\"fr-FR\"},{\"@type\":\"Person\",\"@id\":\"https:\\\/\\\/montecarloliving.com\\\/fr\\\/#\\\/schema\\\/person\\\/7e5945d4560862b7f2d2c6831bda2819\",\"name\":\"Redazione\",\"image\":{\"@type\":\"ImageObject\",\"inLanguage\":\"fr-FR\",\"@id\":\"https:\\\/\\\/secure.gravatar.com\\\/avatar\\\/8b5f26557e18fe74ad8e8a57ebb2925d88af8a90cee489ff2beefb391bc9b9c7?s=96&d=mm&r=g\",\"url\":\"https:\\\/\\\/secure.gravatar.com\\\/avatar\\\/8b5f26557e18fe74ad8e8a57ebb2925d88af8a90cee489ff2beefb391bc9b9c7?s=96&d=mm&r=g\",\"contentUrl\":\"https:\\\/\\\/secure.gravatar.com\\\/avatar\\\/8b5f26557e18fe74ad8e8a57ebb2925d88af8a90cee489ff2beefb391bc9b9c7?s=96&d=mm&r=g\",\"caption\":\"Redazione\"}}]}<\/script>\n<!-- \/ Yoast SEO plugin. -->","yoast_head_json":{"title":"La Principaut\u00e9 de Monaco plac\u00e9e en vigilance rouge","description":"Les pr\u00e9visions m\u00e9t\u00e9orologiques pour la journ\u00e9e du vendredi 20 octobre 2023 placent la Principaut\u00e9 de Monaco en vigilance rouge (pluies, inondation). Au","robots":{"index":"index","follow":"follow","max-snippet":"max-snippet:-1","max-image-preview":"max-image-preview:large","max-video-preview":"max-video-preview:-1"},"canonical":"https:\/\/montecarloliving.com\/fr\/actualite\/principaute-de-monaco-placee-en-vigilance-rouge-5022\/","og_locale":"fr_FR","og_title":"La Principaut\u00e9 de Monaco plac\u00e9e en vigilance rouge","og_description":"Les pr\u00e9visions m\u00e9t\u00e9orologiques pour la journ\u00e9e du vendredi 20 octobre 2023 placent la Principaut\u00e9 de Monaco en vigilance rouge (pluies, inondation). Au","og_url":"https:\/\/montecarloliving.com\/fr\/actualite\/principaute-de-monaco-placee-en-vigilance-rouge-5022\/","og_site_name":"Montecarlo Living","article_publisher":"https:\/\/www.facebook.com\/montecarlolivingcom\/","article_published_time":"2023-10-19T18:16:57+00:00","article_modified_time":"2023-10-23T07:52:54+00:00","og_image":[{"width":650,"height":400,"url":"https:\/\/montecarloliving.com\/wp-content\/uploads\/2023\/10\/meteo-prevista-pioggia-ansa-650x400.webp","type":"image\/webp"}],"author":"Redazione","twitter_card":"summary_large_image","twitter_creator":"@MonteCarloLivi","twitter_site":"@MonteCarloLivi","twitter_misc":{"\u00c9crit par":"Redazione","Dur\u00e9e de lecture estim\u00e9e":"1 minute"},"schema":{"@context":"https:\/\/schema.org","@graph":[{"@type":"Article","@id":"https:\/\/montecarloliving.com\/fr\/actualite\/principaute-de-monaco-placee-en-vigilance-rouge-5022\/#article","isPartOf":{"@id":"https:\/\/montecarloliving.com\/fr\/actualite\/principaute-de-monaco-placee-en-vigilance-rouge-5022\/"},"author":{"name":"Redazione","@id":"https:\/\/montecarloliving.com\/fr\/#\/schema\/person\/7e5945d4560862b7f2d2c6831bda2819"},"headline":"La Principaut\u00e9 de Monaco plac\u00e9e en vigilance rouge","datePublished":"2023-10-19T18:16:57+00:00","dateModified":"2023-10-23T07:52:54+00:00","mainEntityOfPage":{"@id":"https:\/\/montecarloliving.com\/fr\/actualite\/principaute-de-monaco-placee-en-vigilance-rouge-5022\/"},"wordCount":84,"image":{"@id":"https:\/\/montecarloliving.com\/fr\/actualite\/principaute-de-monaco-placee-en-vigilance-rouge-5022\/#primaryimage"},"thumbnailUrl":"https:\/\/montecarloliving.com\/wp-content\/uploads\/2023\/10\/meteo-prevista-pioggia-ansa.webp","articleSection":["Actualit\u00e9"],"inLanguage":"fr-FR"},{"@type":"WebPage","@id":"https:\/\/montecarloliving.com\/fr\/actualite\/principaute-de-monaco-placee-en-vigilance-rouge-5022\/","url":"https:\/\/montecarloliving.com\/fr\/actualite\/principaute-de-monaco-placee-en-vigilance-rouge-5022\/","name":"La Principaut\u00e9 de Monaco plac\u00e9e en vigilance rouge","isPartOf":{"@id":"https:\/\/montecarloliving.com\/fr\/#website"},"primaryImageOfPage":{"@id":"https:\/\/montecarloliving.com\/fr\/actualite\/principaute-de-monaco-placee-en-vigilance-rouge-5022\/#primaryimage"},"image":{"@id":"https:\/\/montecarloliving.com\/fr\/actualite\/principaute-de-monaco-placee-en-vigilance-rouge-5022\/#primaryimage"},"thumbnailUrl":"https:\/\/montecarloliving.com\/wp-content\/uploads\/2023\/10\/meteo-prevista-pioggia-ansa.webp","datePublished":"2023-10-19T18:16:57+00:00","dateModified":"2023-10-23T07:52:54+00:00","author":{"@id":"https:\/\/montecarloliving.com\/fr\/#\/schema\/person\/7e5945d4560862b7f2d2c6831bda2819"},"description":"Les pr\u00e9visions m\u00e9t\u00e9orologiques pour la journ\u00e9e du vendredi 20 octobre 2023 placent la Principaut\u00e9 de Monaco en vigilance rouge (pluies, inondation). Au","breadcrumb":{"@id":"https:\/\/montecarloliving.com\/fr\/actualite\/principaute-de-monaco-placee-en-vigilance-rouge-5022\/#breadcrumb"},"inLanguage":"fr-FR","potentialAction":[{"@type":"ReadAction","target":["https:\/\/montecarloliving.com\/fr\/actualite\/principaute-de-monaco-placee-en-vigilance-rouge-5022\/"]}]},{"@type":"ImageObject","inLanguage":"fr-FR","@id":"https:\/\/montecarloliving.com\/fr\/actualite\/principaute-de-monaco-placee-en-vigilance-rouge-5022\/#primaryimage","url":"https:\/\/montecarloliving.com\/wp-content\/uploads\/2023\/10\/meteo-prevista-pioggia-ansa.webp","contentUrl":"https:\/\/montecarloliving.com\/wp-content\/uploads\/2023\/10\/meteo-prevista-pioggia-ansa.webp","width":2560,"height":1706},{"@type":"BreadcrumbList","@id":"https:\/\/montecarloliving.com\/fr\/actualite\/principaute-de-monaco-placee-en-vigilance-rouge-5022\/#breadcrumb","itemListElement":[{"@type":"ListItem","position":1,"name":"Home","item":"https:\/\/montecarloliving.com\/fr\/"},{"@type":"ListItem","position":2,"name":"La Principaut\u00e9 de Monaco plac\u00e9e en vigilance rouge"}]},{"@type":"WebSite","@id":"https:\/\/montecarloliving.com\/fr\/#website","url":"https:\/\/montecarloliving.com\/fr\/","name":"Montecarlo Living","description":"News da Montecarlo - Principato di Monaco e Costa Azzurra","potentialAction":[{"@type":"SearchAction","target":{"@type":"EntryPoint","urlTemplate":"https:\/\/montecarloliving.com\/fr\/?s={search_term_string}"},"query-input":{"@type":"PropertyValueSpecification","valueRequired":true,"valueName":"search_term_string"}}],"inLanguage":"fr-FR"},{"@type":"Person","@id":"https:\/\/montecarloliving.com\/fr\/#\/schema\/person\/7e5945d4560862b7f2d2c6831bda2819","name":"Redazione","image":{"@type":"ImageObject","inLanguage":"fr-FR","@id":"https:\/\/secure.gravatar.com\/avatar\/8b5f26557e18fe74ad8e8a57ebb2925d88af8a90cee489ff2beefb391bc9b9c7?s=96&d=mm&r=g","url":"https:\/\/secure.gravatar.com\/avatar\/8b5f26557e18fe74ad8e8a57ebb2925d88af8a90cee489ff2beefb391bc9b9c7?s=96&d=mm&r=g","contentUrl":"https:\/\/secure.gravatar.com\/avatar\/8b5f26557e18fe74ad8e8a57ebb2925d88af8a90cee489ff2beefb391bc9b9c7?s=96&d=mm&r=g","caption":"Redazione"}}]}},"_links":{"self":[{"href":"https:\/\/montecarloliving.com\/fr\/wp-json\/wp\/v2\/posts\/5022","targetHints":{"allow":["GET"]}}],"collection":[{"href":"https:\/\/montecarloliving.com\/fr\/wp-json\/wp\/v2\/posts"}],"about":[{"href":"https:\/\/montecarloliving.com\/fr\/wp-json\/wp\/v2\/types\/post"}],"author":[{"embeddable":true,"href":"https:\/\/montecarloliving.com\/fr\/wp-json\/wp\/v2\/users\/1"}],"replies":[{"embeddable":true,"href":"https:\/\/montecarloliving.com\/fr\/wp-json\/wp\/v2\/comments?post=5022"}],"version-history":[{"count":1,"href":"https:\/\/montecarloliving.com\/fr\/wp-json\/wp\/v2\/posts\/5022\/revisions"}],"predecessor-version":[{"id":5025,"href":"https:\/\/montecarloliving.com\/fr\/wp-json\/wp\/v2\/posts\/5022\/revisions\/5025"}],"wp:featuredmedia":[{"embeddable":true,"href":"https:\/\/montecarloliving.com\/fr\/wp-json\/wp\/v2\/media\/5039"}],"wp:attachment":[{"href":"https:\/\/montecarloliving.com\/fr\/wp-json\/wp\/v2\/media?parent=5022"}],"wp:term":[{"taxonomy":"category","embeddable":true,"href":"https:\/\/montecarloliving.com\/fr\/wp-json\/wp\/v2\/categories?post=5022"},{"taxonomy":"post_tag","embeddable":true,"href":"https:\/\/montecarloliving.com\/fr\/wp-json\/wp\/v2\/tags?post=5022"}],"curies":[{"name":"wp","href":"https:\/\/api.w.org\/{rel}","templated":true}]}}