{"id":4950,"date":"2023-10-13T00:08:27","date_gmt":"2023-10-12T22:08:27","guid":{"rendered":"https:\/\/montecarloliving.com\/?p=4950"},"modified":"2023-10-13T10:21:22","modified_gmt":"2023-10-13T08:21:22","slug":"ouverture-des-assises-de-cybersecurite-2023","status":"publish","type":"post","link":"https:\/\/montecarloliving.com\/fr\/actualite\/ouverture-des-assises-de-cybersecurite-2023-4950\/","title":{"rendered":"Ouverture des Assises de la cybers\u00e9curit\u00e9 2023"},"content":{"rendered":"<p>Les Assises ont d\u00e9but\u00e9 her \u00e0 Monaco par une pr\u00e9sentation de sa Directrice, Maria Iacono, suivie d\u2019une<br \/>\nallocution du Ministre d\u2019Etat, Pierre Dartout, puis des interventions de Jean-Philippe Lecouffen Directeur des<br \/>\nop\u00e9rations d\u2019Europol, de Vincent Strubel, Directeur g\u00e9n\u00e9ral de l\u2019ANSSI et de Sabrine Guiheneuf, Directrice<br \/>\ngroupe cybers\u00e9curit\u00e9 et gouvernance IT, Unibail-Rodamco-Westfield (URW), Pr\u00e9sidente d\u2019honneur des<br \/>\nAssises.<\/p>\n<p>Ce rendez-vous incontournable des experts de la cybers\u00e9curit\u00e9 rassemble pr\u00e8s de 3000 participants et 174<br \/>\npartenaires, acteurs de la s\u00e9curit\u00e9 num\u00e9rique, parmi lesquels des startups, des PME, des grands groupes<br \/>\nindustriels fran\u00e7ais, europ\u00e9ens, nord-am\u00e9ricains, du Moyen-Orient et d\u2019Asie, dont certains interviennent en<br \/>\nPrincipaut\u00e9.Avec un espace d\u00e9di\u00e9 parmi les professionnels, Monaco Cyber Security Initiative permet \u00e0 l\u2019Agence<br \/>\nMon\u00e9gasque de S\u00e9curit\u00e9 Num\u00e9rique (AMSN) de r\u00e9unir aux Assises les leaders contribuant \u00e0 la s\u00e9curit\u00e9<br \/>\nnum\u00e9rique de la place. On y retrouve KPMG, Lutessa, monacocloud, monaco cyber s\u00e9curit\u00e9, monacotelecom,<br \/>\nMVE, Pinappli powered by Luxtrust, PWC, Telis. Ils sont sp\u00e9cialis\u00e9s dans le conseil, le service et<br \/>\nl\u2019accompagnement des entit\u00e9s gouvernementales, des op\u00e9rateurs d\u2019importance vitale (OIV) et des entreprises<br \/>\ndevant int\u00e9grer la cybers\u00e9curit\u00e9 dans leurs projets de transition num\u00e9rique.<br \/>\nLors de son intervention, le Ministre d\u2019Etat a pr\u00e9cis\u00e9 que : \u00ab Monaco a d\u00e9cid\u00e9 d\u2019aligner son cadre r\u00e9glementaire<br \/>\nen mati\u00e8re de s\u00e9curit\u00e9 num\u00e9rique sur celui de la Directive europ\u00e9enne afin de garantir que les \u00e9changes entre la<br \/>\nPrincipaut\u00e9 et l\u2019UE, qui reste le partenaire privil\u00e9gi\u00e9 de la Principaut\u00e9, se fassent dans les m\u00eames conditions de<br \/>\ns\u00e9curit\u00e9 que dans le march\u00e9 int\u00e9rieur de l\u2019Union europ\u00e9enne \u00bb. Il a \u00e9galement soulign\u00e9 : \u00ab Nous sommes d\u2019autant<br \/>\nplus conscients des efforts qui vont \u00eatre demand\u00e9s aux structures concern\u00e9es par cette \u00e9volution r\u00e8glementaire<br \/>\nque l\u2019activit\u00e9 \u00e9conomique de la Principaut\u00e9 s\u2019appuie principalement sur des TPE (3067), des PME (819) et des<br \/>\nentreprises de taille interm\u00e9diaire, au nombre de 24. C\u2019est donc un d\u00e9fi important pour ces structures, plus<br \/>\nparticuli\u00e8rement pour les TPE et les PME qui, comme l\u2019a rappel\u00e9 l\u2019ANSSI dans son panorama de la cybermenace<br \/>\nen 2022, ont \u00e9t\u00e9 les victimes les plus touch\u00e9es par des ran\u00e7ongiciels en 2021 et 2022 \u00bb.<\/p>\n<p>&nbsp;<\/p>\n<p><a href=\"https:\/\/www.instagram.com\/monte_carlo_living\/\" target=\"_blank\" rel=\"noopener\">Visita La nostra Pagina Instagram<\/a><\/p>\n<p><a href=\"https:\/\/montecarloliving.com\/\" target=\"_blank\" rel=\"noopener\">Leggi Altri Articoli<\/a><\/p>\n","protected":false},"excerpt":{"rendered":"<p>Les Assises ont d\u00e9but\u00e9 her \u00e0 Monaco par une pr\u00e9sentation de sa Directrice, Maria Iacono, suivie d\u2019une allocution du Ministre d\u2019Etat, Pierre Dartout, puis des interventions de Jean-Philippe Lecouffen Directeur des op\u00e9rations d\u2019Europol, de Vincent Strubel, Directeur g\u00e9n\u00e9ral de l\u2019ANSSI et de Sabrine Guiheneuf, [&hellip;]<\/p>\n","protected":false},"author":1,"featured_media":4944,"comment_status":"closed","ping_status":"closed","sticky":false,"template":"","format":"standard","meta":{"footnotes":""},"categories":[827],"tags":[],"class_list":["post-4950","post","type-post","status-publish","format-standard","has-post-thumbnail","hentry","category-actualite"],"yoast_head":"<!-- This site is optimized with the Yoast SEO plugin v27.4 - https:\/\/yoast.com\/product\/yoast-seo-wordpress\/ -->\n<title>Ouverture des Assises de la cybers\u00e9curit\u00e9 2023<\/title>\n<meta name=\"description\" content=\"Les Assises ont d\u00e9but\u00e9 her \u00e0 Monaco par une pr\u00e9sentation de sa Directrice, Maria Iacono, suivie d\u2019une allocution du Ministre d\u2019Etat, Pierre Dartout, puis\" \/>\n<meta name=\"robots\" content=\"index, follow, max-snippet:-1, max-image-preview:large, max-video-preview:-1\" \/>\n<link rel=\"canonical\" href=\"https:\/\/montecarloliving.com\/fr\/actualite\/ouverture-des-assises-de-cybersecurite-2023-4950\/\" \/>\n<meta property=\"og:locale\" content=\"fr_FR\" \/>\n<meta property=\"og:title\" content=\"Ouverture des Assises de la cybers\u00e9curit\u00e9 2023\" \/>\n<meta property=\"og:description\" content=\"Les Assises ont d\u00e9but\u00e9 her \u00e0 Monaco par une pr\u00e9sentation de sa Directrice, Maria Iacono, suivie d\u2019une allocution du Ministre d\u2019Etat, Pierre Dartout, puis\" \/>\n<meta property=\"og:url\" content=\"https:\/\/montecarloliving.com\/fr\/actualite\/ouverture-des-assises-de-cybersecurite-2023-4950\/\" \/>\n<meta property=\"og:site_name\" content=\"Montecarlo Living\" \/>\n<meta property=\"article:publisher\" content=\"https:\/\/www.facebook.com\/montecarlolivingcom\/\" \/>\n<meta property=\"article:published_time\" content=\"2023-10-12T22:08:27+00:00\" \/>\n<meta property=\"article:modified_time\" content=\"2023-10-13T08:21:22+00:00\" \/>\n<meta property=\"og:image\" content=\"https:\/\/montecarloliving.com\/wp-content\/uploads\/2023\/10\/IMG_5008-650x400.jpeg\" \/>\n\t<meta property=\"og:image:width\" content=\"650\" \/>\n\t<meta property=\"og:image:height\" content=\"400\" \/>\n\t<meta property=\"og:image:type\" content=\"image\/jpeg\" \/>\n<meta name=\"author\" content=\"Redazione\" \/>\n<meta name=\"twitter:card\" content=\"summary_large_image\" \/>\n<meta name=\"twitter:creator\" content=\"@MonteCarloLivi\" \/>\n<meta name=\"twitter:site\" content=\"@MonteCarloLivi\" \/>\n<meta name=\"twitter:label1\" content=\"\u00c9crit par\" \/>\n\t<meta name=\"twitter:data1\" content=\"Redazione\" \/>\n\t<meta name=\"twitter:label2\" content=\"Dur\u00e9e de lecture estim\u00e9e\" \/>\n\t<meta name=\"twitter:data2\" content=\"2 minutes\" \/>\n<script type=\"application\/ld+json\" class=\"yoast-schema-graph\">{\"@context\":\"https:\\\/\\\/schema.org\",\"@graph\":[{\"@type\":\"Article\",\"@id\":\"https:\\\/\\\/montecarloliving.com\\\/fr\\\/actualite\\\/ouverture-des-assises-de-cybersecurite-2023-4950\\\/#article\",\"isPartOf\":{\"@id\":\"https:\\\/\\\/montecarloliving.com\\\/fr\\\/actualite\\\/ouverture-des-assises-de-cybersecurite-2023-4950\\\/\"},\"author\":{\"name\":\"Redazione\",\"@id\":\"https:\\\/\\\/montecarloliving.com\\\/fr\\\/#\\\/schema\\\/person\\\/7e5945d4560862b7f2d2c6831bda2819\"},\"headline\":\"Ouverture des Assises de la cybers\u00e9curit\u00e9 2023\",\"datePublished\":\"2023-10-12T22:08:27+00:00\",\"dateModified\":\"2023-10-13T08:21:22+00:00\",\"mainEntityOfPage\":{\"@id\":\"https:\\\/\\\/montecarloliving.com\\\/fr\\\/actualite\\\/ouverture-des-assises-de-cybersecurite-2023-4950\\\/\"},\"wordCount\":406,\"image\":{\"@id\":\"https:\\\/\\\/montecarloliving.com\\\/fr\\\/actualite\\\/ouverture-des-assises-de-cybersecurite-2023-4950\\\/#primaryimage\"},\"thumbnailUrl\":\"https:\\\/\\\/montecarloliving.com\\\/wp-content\\\/uploads\\\/2023\\\/10\\\/IMG_5008.jpeg\",\"articleSection\":[\"Actualit\u00e9\"],\"inLanguage\":\"fr-FR\"},{\"@type\":\"WebPage\",\"@id\":\"https:\\\/\\\/montecarloliving.com\\\/fr\\\/actualite\\\/ouverture-des-assises-de-cybersecurite-2023-4950\\\/\",\"url\":\"https:\\\/\\\/montecarloliving.com\\\/fr\\\/actualite\\\/ouverture-des-assises-de-cybersecurite-2023-4950\\\/\",\"name\":\"Ouverture des Assises de la cybers\u00e9curit\u00e9 2023\",\"isPartOf\":{\"@id\":\"https:\\\/\\\/montecarloliving.com\\\/fr\\\/#website\"},\"primaryImageOfPage\":{\"@id\":\"https:\\\/\\\/montecarloliving.com\\\/fr\\\/actualite\\\/ouverture-des-assises-de-cybersecurite-2023-4950\\\/#primaryimage\"},\"image\":{\"@id\":\"https:\\\/\\\/montecarloliving.com\\\/fr\\\/actualite\\\/ouverture-des-assises-de-cybersecurite-2023-4950\\\/#primaryimage\"},\"thumbnailUrl\":\"https:\\\/\\\/montecarloliving.com\\\/wp-content\\\/uploads\\\/2023\\\/10\\\/IMG_5008.jpeg\",\"datePublished\":\"2023-10-12T22:08:27+00:00\",\"dateModified\":\"2023-10-13T08:21:22+00:00\",\"author\":{\"@id\":\"https:\\\/\\\/montecarloliving.com\\\/fr\\\/#\\\/schema\\\/person\\\/7e5945d4560862b7f2d2c6831bda2819\"},\"description\":\"Les Assises ont d\u00e9but\u00e9 her \u00e0 Monaco par une pr\u00e9sentation de sa Directrice, Maria Iacono, suivie d\u2019une allocution du Ministre d\u2019Etat, Pierre Dartout, puis\",\"breadcrumb\":{\"@id\":\"https:\\\/\\\/montecarloliving.com\\\/fr\\\/actualite\\\/ouverture-des-assises-de-cybersecurite-2023-4950\\\/#breadcrumb\"},\"inLanguage\":\"fr-FR\",\"potentialAction\":[{\"@type\":\"ReadAction\",\"target\":[\"https:\\\/\\\/montecarloliving.com\\\/fr\\\/actualite\\\/ouverture-des-assises-de-cybersecurite-2023-4950\\\/\"]}]},{\"@type\":\"ImageObject\",\"inLanguage\":\"fr-FR\",\"@id\":\"https:\\\/\\\/montecarloliving.com\\\/fr\\\/actualite\\\/ouverture-des-assises-de-cybersecurite-2023-4950\\\/#primaryimage\",\"url\":\"https:\\\/\\\/montecarloliving.com\\\/wp-content\\\/uploads\\\/2023\\\/10\\\/IMG_5008.jpeg\",\"contentUrl\":\"https:\\\/\\\/montecarloliving.com\\\/wp-content\\\/uploads\\\/2023\\\/10\\\/IMG_5008.jpeg\",\"width\":1453,\"height\":969},{\"@type\":\"BreadcrumbList\",\"@id\":\"https:\\\/\\\/montecarloliving.com\\\/fr\\\/actualite\\\/ouverture-des-assises-de-cybersecurite-2023-4950\\\/#breadcrumb\",\"itemListElement\":[{\"@type\":\"ListItem\",\"position\":1,\"name\":\"Home\",\"item\":\"https:\\\/\\\/montecarloliving.com\\\/fr\\\/\"},{\"@type\":\"ListItem\",\"position\":2,\"name\":\"Ouverture des Assises de la cybers\u00e9curit\u00e9 2023\"}]},{\"@type\":\"WebSite\",\"@id\":\"https:\\\/\\\/montecarloliving.com\\\/fr\\\/#website\",\"url\":\"https:\\\/\\\/montecarloliving.com\\\/fr\\\/\",\"name\":\"Montecarlo Living\",\"description\":\"News da Montecarlo - Principato di Monaco e Costa Azzurra\",\"potentialAction\":[{\"@type\":\"SearchAction\",\"target\":{\"@type\":\"EntryPoint\",\"urlTemplate\":\"https:\\\/\\\/montecarloliving.com\\\/fr\\\/?s={search_term_string}\"},\"query-input\":{\"@type\":\"PropertyValueSpecification\",\"valueRequired\":true,\"valueName\":\"search_term_string\"}}],\"inLanguage\":\"fr-FR\"},{\"@type\":\"Person\",\"@id\":\"https:\\\/\\\/montecarloliving.com\\\/fr\\\/#\\\/schema\\\/person\\\/7e5945d4560862b7f2d2c6831bda2819\",\"name\":\"Redazione\",\"image\":{\"@type\":\"ImageObject\",\"inLanguage\":\"fr-FR\",\"@id\":\"https:\\\/\\\/secure.gravatar.com\\\/avatar\\\/8b5f26557e18fe74ad8e8a57ebb2925d88af8a90cee489ff2beefb391bc9b9c7?s=96&d=mm&r=g\",\"url\":\"https:\\\/\\\/secure.gravatar.com\\\/avatar\\\/8b5f26557e18fe74ad8e8a57ebb2925d88af8a90cee489ff2beefb391bc9b9c7?s=96&d=mm&r=g\",\"contentUrl\":\"https:\\\/\\\/secure.gravatar.com\\\/avatar\\\/8b5f26557e18fe74ad8e8a57ebb2925d88af8a90cee489ff2beefb391bc9b9c7?s=96&d=mm&r=g\",\"caption\":\"Redazione\"}}]}<\/script>\n<!-- \/ Yoast SEO plugin. -->","yoast_head_json":{"title":"Ouverture des Assises de la cybers\u00e9curit\u00e9 2023","description":"Les Assises ont d\u00e9but\u00e9 her \u00e0 Monaco par une pr\u00e9sentation de sa Directrice, Maria Iacono, suivie d\u2019une allocution du Ministre d\u2019Etat, Pierre Dartout, puis","robots":{"index":"index","follow":"follow","max-snippet":"max-snippet:-1","max-image-preview":"max-image-preview:large","max-video-preview":"max-video-preview:-1"},"canonical":"https:\/\/montecarloliving.com\/fr\/actualite\/ouverture-des-assises-de-cybersecurite-2023-4950\/","og_locale":"fr_FR","og_title":"Ouverture des Assises de la cybers\u00e9curit\u00e9 2023","og_description":"Les Assises ont d\u00e9but\u00e9 her \u00e0 Monaco par une pr\u00e9sentation de sa Directrice, Maria Iacono, suivie d\u2019une allocution du Ministre d\u2019Etat, Pierre Dartout, puis","og_url":"https:\/\/montecarloliving.com\/fr\/actualite\/ouverture-des-assises-de-cybersecurite-2023-4950\/","og_site_name":"Montecarlo Living","article_publisher":"https:\/\/www.facebook.com\/montecarlolivingcom\/","article_published_time":"2023-10-12T22:08:27+00:00","article_modified_time":"2023-10-13T08:21:22+00:00","og_image":[{"width":650,"height":400,"url":"https:\/\/montecarloliving.com\/wp-content\/uploads\/2023\/10\/IMG_5008-650x400.jpeg","type":"image\/jpeg"}],"author":"Redazione","twitter_card":"summary_large_image","twitter_creator":"@MonteCarloLivi","twitter_site":"@MonteCarloLivi","twitter_misc":{"\u00c9crit par":"Redazione","Dur\u00e9e de lecture estim\u00e9e":"2 minutes"},"schema":{"@context":"https:\/\/schema.org","@graph":[{"@type":"Article","@id":"https:\/\/montecarloliving.com\/fr\/actualite\/ouverture-des-assises-de-cybersecurite-2023-4950\/#article","isPartOf":{"@id":"https:\/\/montecarloliving.com\/fr\/actualite\/ouverture-des-assises-de-cybersecurite-2023-4950\/"},"author":{"name":"Redazione","@id":"https:\/\/montecarloliving.com\/fr\/#\/schema\/person\/7e5945d4560862b7f2d2c6831bda2819"},"headline":"Ouverture des Assises de la cybers\u00e9curit\u00e9 2023","datePublished":"2023-10-12T22:08:27+00:00","dateModified":"2023-10-13T08:21:22+00:00","mainEntityOfPage":{"@id":"https:\/\/montecarloliving.com\/fr\/actualite\/ouverture-des-assises-de-cybersecurite-2023-4950\/"},"wordCount":406,"image":{"@id":"https:\/\/montecarloliving.com\/fr\/actualite\/ouverture-des-assises-de-cybersecurite-2023-4950\/#primaryimage"},"thumbnailUrl":"https:\/\/montecarloliving.com\/wp-content\/uploads\/2023\/10\/IMG_5008.jpeg","articleSection":["Actualit\u00e9"],"inLanguage":"fr-FR"},{"@type":"WebPage","@id":"https:\/\/montecarloliving.com\/fr\/actualite\/ouverture-des-assises-de-cybersecurite-2023-4950\/","url":"https:\/\/montecarloliving.com\/fr\/actualite\/ouverture-des-assises-de-cybersecurite-2023-4950\/","name":"Ouverture des Assises de la cybers\u00e9curit\u00e9 2023","isPartOf":{"@id":"https:\/\/montecarloliving.com\/fr\/#website"},"primaryImageOfPage":{"@id":"https:\/\/montecarloliving.com\/fr\/actualite\/ouverture-des-assises-de-cybersecurite-2023-4950\/#primaryimage"},"image":{"@id":"https:\/\/montecarloliving.com\/fr\/actualite\/ouverture-des-assises-de-cybersecurite-2023-4950\/#primaryimage"},"thumbnailUrl":"https:\/\/montecarloliving.com\/wp-content\/uploads\/2023\/10\/IMG_5008.jpeg","datePublished":"2023-10-12T22:08:27+00:00","dateModified":"2023-10-13T08:21:22+00:00","author":{"@id":"https:\/\/montecarloliving.com\/fr\/#\/schema\/person\/7e5945d4560862b7f2d2c6831bda2819"},"description":"Les Assises ont d\u00e9but\u00e9 her \u00e0 Monaco par une pr\u00e9sentation de sa Directrice, Maria Iacono, suivie d\u2019une allocution du Ministre d\u2019Etat, Pierre Dartout, puis","breadcrumb":{"@id":"https:\/\/montecarloliving.com\/fr\/actualite\/ouverture-des-assises-de-cybersecurite-2023-4950\/#breadcrumb"},"inLanguage":"fr-FR","potentialAction":[{"@type":"ReadAction","target":["https:\/\/montecarloliving.com\/fr\/actualite\/ouverture-des-assises-de-cybersecurite-2023-4950\/"]}]},{"@type":"ImageObject","inLanguage":"fr-FR","@id":"https:\/\/montecarloliving.com\/fr\/actualite\/ouverture-des-assises-de-cybersecurite-2023-4950\/#primaryimage","url":"https:\/\/montecarloliving.com\/wp-content\/uploads\/2023\/10\/IMG_5008.jpeg","contentUrl":"https:\/\/montecarloliving.com\/wp-content\/uploads\/2023\/10\/IMG_5008.jpeg","width":1453,"height":969},{"@type":"BreadcrumbList","@id":"https:\/\/montecarloliving.com\/fr\/actualite\/ouverture-des-assises-de-cybersecurite-2023-4950\/#breadcrumb","itemListElement":[{"@type":"ListItem","position":1,"name":"Home","item":"https:\/\/montecarloliving.com\/fr\/"},{"@type":"ListItem","position":2,"name":"Ouverture des Assises de la cybers\u00e9curit\u00e9 2023"}]},{"@type":"WebSite","@id":"https:\/\/montecarloliving.com\/fr\/#website","url":"https:\/\/montecarloliving.com\/fr\/","name":"Montecarlo Living","description":"News da Montecarlo - Principato di Monaco e Costa Azzurra","potentialAction":[{"@type":"SearchAction","target":{"@type":"EntryPoint","urlTemplate":"https:\/\/montecarloliving.com\/fr\/?s={search_term_string}"},"query-input":{"@type":"PropertyValueSpecification","valueRequired":true,"valueName":"search_term_string"}}],"inLanguage":"fr-FR"},{"@type":"Person","@id":"https:\/\/montecarloliving.com\/fr\/#\/schema\/person\/7e5945d4560862b7f2d2c6831bda2819","name":"Redazione","image":{"@type":"ImageObject","inLanguage":"fr-FR","@id":"https:\/\/secure.gravatar.com\/avatar\/8b5f26557e18fe74ad8e8a57ebb2925d88af8a90cee489ff2beefb391bc9b9c7?s=96&d=mm&r=g","url":"https:\/\/secure.gravatar.com\/avatar\/8b5f26557e18fe74ad8e8a57ebb2925d88af8a90cee489ff2beefb391bc9b9c7?s=96&d=mm&r=g","contentUrl":"https:\/\/secure.gravatar.com\/avatar\/8b5f26557e18fe74ad8e8a57ebb2925d88af8a90cee489ff2beefb391bc9b9c7?s=96&d=mm&r=g","caption":"Redazione"}}]}},"_links":{"self":[{"href":"https:\/\/montecarloliving.com\/fr\/wp-json\/wp\/v2\/posts\/4950","targetHints":{"allow":["GET"]}}],"collection":[{"href":"https:\/\/montecarloliving.com\/fr\/wp-json\/wp\/v2\/posts"}],"about":[{"href":"https:\/\/montecarloliving.com\/fr\/wp-json\/wp\/v2\/types\/post"}],"author":[{"embeddable":true,"href":"https:\/\/montecarloliving.com\/fr\/wp-json\/wp\/v2\/users\/1"}],"replies":[{"embeddable":true,"href":"https:\/\/montecarloliving.com\/fr\/wp-json\/wp\/v2\/comments?post=4950"}],"version-history":[{"count":2,"href":"https:\/\/montecarloliving.com\/fr\/wp-json\/wp\/v2\/posts\/4950\/revisions"}],"predecessor-version":[{"id":4954,"href":"https:\/\/montecarloliving.com\/fr\/wp-json\/wp\/v2\/posts\/4950\/revisions\/4954"}],"wp:featuredmedia":[{"embeddable":true,"href":"https:\/\/montecarloliving.com\/fr\/wp-json\/wp\/v2\/media\/4944"}],"wp:attachment":[{"href":"https:\/\/montecarloliving.com\/fr\/wp-json\/wp\/v2\/media?parent=4950"}],"wp:term":[{"taxonomy":"category","embeddable":true,"href":"https:\/\/montecarloliving.com\/fr\/wp-json\/wp\/v2\/categories?post=4950"},{"taxonomy":"post_tag","embeddable":true,"href":"https:\/\/montecarloliving.com\/fr\/wp-json\/wp\/v2\/tags?post=4950"}],"curies":[{"name":"wp","href":"https:\/\/api.w.org\/{rel}","templated":true}]}}