{"id":34254,"date":"2026-09-04T11:30:45","date_gmt":"2026-09-04T09:30:45","guid":{"rendered":"https:\/\/montecarloliving.com\/?p=34254"},"modified":"2026-09-04T10:56:11","modified_gmt":"2026-09-04T08:56:11","slug":"prince-albert-ii-et-sa-famille-aux-baux-de-provence-les-liens-historiques-des-grimaldi-celebres-5-septembre-2026","status":"publish","type":"post","link":"https:\/\/montecarloliving.com\/fr\/actualite\/prince-albert-ii-et-sa-famille-aux-baux-de-provence-les-liens-historiques-des-grimaldi-celebres-5-septembre-2026-34254\/","title":{"rendered":"Le Prince Albert II et sa famille aux Baux-de-Provence: les liens historiques des Grimaldi c\u00e9l\u00e9br\u00e9s le 5 septembre 2026"},"content":{"rendered":"<p class=\"isSelectedEnd\"><strong>LES BAUX-DE-PROVENCE \u2013 Un lien vieux de plusieurs si\u00e8cles sera une nouvelle fois au c\u0153ur de l\u2019actualit\u00e9.<\/strong> Le <strong>samedi 5 septembre 2026<\/strong>, le <strong>Prince Albert II de Monaco<\/strong>, la <strong>Princesse Charl\u00e8ne<\/strong>, le <strong>Prince h\u00e9r\u00e9ditaire Jacques<\/strong> et la <strong>Princesse Gabriella<\/strong> effectueront une visite publique aux <strong>Baux-de-Provence<\/strong>, en France, afin de c\u00e9l\u00e9brer les liens historiques qui unissent le village proven\u00e7al \u00e0 la <strong>Famille Grimaldi<\/strong>.<\/p>\n<p class=\"isSelectedEnd\">Cette visite rev\u00eat une importance particuli\u00e8re pour le Prince Jacques, auquel le titre de <strong>Marquis des Baux<\/strong> a \u00e9t\u00e9 attribu\u00e9 \u00e0 sa naissance en 2014, un titre traditionnellement r\u00e9serv\u00e9 \u00e0 l\u2019h\u00e9ritier du tr\u00f4ne de Monaco.<\/p>\n<p class=\"isSelectedEnd\">La venue de la Famille Princi\u00e8re sera ainsi l\u2019occasion de renouveler publiquement un lien historique et dynastique qui unit depuis pr\u00e8s de quatre si\u00e8cles la Maison des Grimaldi \u00e0 la cit\u00e9 proven\u00e7ale.<\/p>\n<h2>Des Grimaldi au Marquisat des Baux<\/h2>\n<p class=\"isSelectedEnd\">Les origines de cette relation particuli\u00e8re remontent au <strong>trait\u00e9 de P\u00e9ronne<\/strong>, conclu au XVIIe si\u00e8cle entre <strong>le roi Louis XIII de France<\/strong> et <strong>le Prince Honor\u00e9 II de Monaco<\/strong>.<\/p>\n<p class=\"isSelectedEnd\">En <strong>1642<\/strong>, la seigneurie des Baux fut \u00e9lev\u00e9e au rang de marquisat et attribu\u00e9e \u00e0 <strong>Hercule Grimaldi<\/strong>, fils du souverain mon\u00e9gasque. \u00c0 partir de cette date, le titre de <strong>Marquis des Baux<\/strong> entra dans la tradition dynastique de la famille princi\u00e8re de Monaco.<\/p>\n<p class=\"isSelectedEnd\">Aujourd\u2019hui, ce titre est associ\u00e9 \u00e0 l\u2019h\u00e9ritier du tr\u00f4ne. En 2014, il fut attribu\u00e9 au <strong>Prince Jacques<\/strong> d\u00e8s sa naissance, perp\u00e9tuant ainsi une tradition qui relie directement la succession dynastique mon\u00e9gasque \u00e0 l\u2019histoire des Baux.<\/p>\n<h2>Le Prince Jacques recevra les cl\u00e9s du village<\/h2>\n<p class=\"isSelectedEnd\">L\u2019un des moments les plus symboliques de la visite de samedi sera la c\u00e9r\u00e9monie officielle organis\u00e9e au sein de l\u2019ancien <strong>ch\u00e2teau des Baux<\/strong>.<\/p>\n<p class=\"isSelectedEnd\">La Famille Princi\u00e8re sera accueillie par <strong>la maire Anne Poniatowski<\/strong>, qui participera \u00e0 la c\u00e9r\u00e9monie consacr\u00e9e au renouvellement des liens entre le village et la Maison des Grimaldi.<\/p>\n<p class=\"isSelectedEnd\">Au cours de cette c\u00e9r\u00e9monie, le <strong>Prince h\u00e9r\u00e9ditaire Jacques<\/strong> recevra symboliquement les <strong>cl\u00e9s des Baux<\/strong>, dans un geste qui fait \u00e9cho \u00e0 une pr\u00e9c\u00e9dente visite de la famille princi\u00e8re.<\/p>\n<p class=\"isSelectedEnd\">Le m\u00eame hommage avait en effet \u00e9t\u00e9 rendu \u00e0 son p\u00e8re, le <strong>Prince Albert II<\/strong>, lors d\u2019une visite en <strong>1982<\/strong>, \u00e0 laquelle avait \u00e9galement particip\u00e9 la <strong>Princesse Grace<\/strong>.<\/p>\n<p class=\"isSelectedEnd\">Aujourd\u2019hui, ce geste rev\u00eat une signification particuli\u00e8re : pr\u00e8s d\u2019un demi-si\u00e8cle plus tard, la tradition sera renouvel\u00e9e par la nouvelle g\u00e9n\u00e9ration de la Famille Princi\u00e8re.<\/p>\n<h2>L\u2019\u00e9glise Saint-Vincent et les vitraux offerts par le Prince Rainier III<\/h2>\n<p class=\"isSelectedEnd\">Le programme de la visite comprendra \u00e9galement une \u00e9tape \u00e0 <strong>l\u2019\u00e9glise Saint-Vincent<\/strong>, l\u2019un des sites les plus embl\u00e9matiques du patrimoine historique et artistique des Baux-de-Provence.<\/p>\n<p class=\"isSelectedEnd\">L\u2019\u00e9difice abrite de spectaculaires <strong>vitraux r\u00e9alis\u00e9s par Max Ingrand<\/strong>, offerts par le <strong>Prince Rainier III<\/strong> \u00e0 l\u2019occasion de la naissance du futur Prince Albert II.<\/p>\n<p class=\"isSelectedEnd\">La visite de la Famille Princi\u00e8re permettra ainsi de mettre en lumi\u00e8re un lien artistique et personnel qui vient compl\u00e9ter la longue histoire institutionnelle entre Monaco et les Baux.<\/p>\n<h2>Un timbre mon\u00e9gasque pour comm\u00e9morer la visite<\/h2>\n<p class=\"isSelectedEnd\">Le lien entre la Principaut\u00e9 et les Baux sera \u00e9galement c\u00e9l\u00e9br\u00e9 \u00e0 travers la philat\u00e9lie.<\/p>\n<p class=\"isSelectedEnd\">\u00c0 l\u2019occasion de la visite, un <strong>timbre de Monaco<\/strong> repr\u00e9sentant l\u2019un des vitraux de l\u2019\u00e9glise Saint-Vincent sera \u00e9mis. Cette initiative permettra de conserver et de transmettre dans le temps la m\u00e9moire de cette relation historique particuli\u00e8re.<\/p>\n<p class=\"isSelectedEnd\">La philat\u00e9lie mon\u00e9gasque avait d\u00e9j\u00e0 consacr\u00e9 une attention particuli\u00e8re aux Baux en <strong>2025<\/strong>, lorsque le Marquisat avait \u00e9t\u00e9 repr\u00e9sent\u00e9 sur une <strong>pi\u00e8ce comm\u00e9morative mon\u00e9gasque de 2 euros<\/strong>.<\/p>\n<h2>Les Baux et Monaco, une histoire qui se poursuit<\/h2>\n<p class=\"isSelectedEnd\">La visite du <strong>5 septembre 2026<\/strong> ne constituera donc pas uniquement un rendez-vous institutionnel. Elle sera \u00e9galement un moment consacr\u00e9 \u00e0 la m\u00e9moire, au patrimoine et \u00e0 la continuit\u00e9 dynastique.<\/p>\n<p class=\"isSelectedEnd\">La relation entre les Baux et les Grimaldi, n\u00e9e dans le contexte des relations franco-mon\u00e9gasques du XVIIe si\u00e8cle, se poursuit aujourd\u2019hui \u00e0 travers le titre de Marquis des Baux attribu\u00e9 \u00e0 l\u2019h\u00e9ritier du tr\u00f4ne de Monaco.<\/p>\n<p class=\"isSelectedEnd\">La pr\u00e9sence du <strong>Prince Albert II, de la Princesse Charl\u00e8ne et de leurs enfants, le Prince Jacques et la Princesse Gabriella<\/strong>, soulignera pr\u00e9cis\u00e9ment cette continuit\u00e9 : une histoire commenc\u00e9e il y a pr\u00e8s de quatre si\u00e8cles et qui demeure aujourd\u2019hui encore une composante de l\u2019identit\u00e9 de la Famille Princi\u00e8re et des relations entre Monaco et la Provence.<\/p>\n<p><strong>Aux Baux-de-Provence, le pass\u00e9 et le pr\u00e9sent de la dynastie des Grimaldi se retrouveront ainsi une nouvelle fois, lors d\u2019une journ\u00e9e destin\u00e9e \u00e0 c\u00e9l\u00e9brer non seulement un titre, mais aussi une histoire commune faite de m\u00e9moire, de tradition et de liens durables entre les territoires.<\/strong><\/p>\n","protected":false},"excerpt":{"rendered":"<p>LES BAUX-DE-PROVENCE \u2013 Un lien vieux de plusieurs si\u00e8cles sera une nouvelle fois au c\u0153ur de l\u2019actualit\u00e9. Le samedi 5 septembre 2026, le Prince Albert II de Monaco, la Princesse Charl\u00e8ne, le Prince h\u00e9r\u00e9ditaire Jacques et la Princesse Gabriella effectueront une visite publique aux [&hellip;]<\/p>\n","protected":false},"author":1,"featured_media":34250,"comment_status":"closed","ping_status":"closed","sticky":false,"template":"","format":"standard","meta":{"footnotes":""},"categories":[827,875,867],"tags":[],"class_list":["post-34254","post","type-post","status-publish","format-standard","has-post-thumbnail","hentry","category-actualite","category-actualite-monaco","category-monaco-fr"],"yoast_head":"<!-- This site is optimized with the Yoast SEO plugin v28.4 - https:\/\/yoast.com\/product\/yoast-seo-wordpress\/ -->\n<title>Le Prince Albert II et sa famille aux Baux-de-Provence<\/title>\n<meta name=\"description\" content=\"Le Prince Albert II et sa famille aux Baux-de-Provence : les liens historiques des Grimaldi c\u00e9l\u00e9br\u00e9s le 5 septembre 2026\" \/>\n<meta name=\"robots\" content=\"index, follow, max-snippet:-1, max-image-preview:large, max-video-preview:-1\" \/>\n<link rel=\"canonical\" href=\"https:\/\/montecarloliving.com\/fr\/actualite\/prince-albert-ii-et-sa-famille-aux-baux-de-provence-les-liens-historiques-des-grimaldi-celebres-5-septembre-2026-34254\/\" \/>\n<meta property=\"og:locale\" content=\"fr_FR\" \/>\n<meta property=\"og:title\" content=\"Le Prince Albert II et sa famille aux Baux-de-Provence\" \/>\n<meta property=\"og:description\" content=\"Le Prince Albert II et sa famille aux Baux-de-Provence : les liens historiques des Grimaldi c\u00e9l\u00e9br\u00e9s le 5 septembre 2026\" \/>\n<meta property=\"og:url\" content=\"https:\/\/montecarloliving.com\/fr\/actualite\/prince-albert-ii-et-sa-famille-aux-baux-de-provence-les-liens-historiques-des-grimaldi-celebres-5-septembre-2026-34254\/\" \/>\n<meta property=\"og:site_name\" content=\"Montecarlo Living\" \/>\n<meta property=\"article:publisher\" content=\"https:\/\/www.facebook.com\/montecarlolivingcom\/\" \/>\n<meta property=\"article:published_time\" content=\"2026-09-04T09:30:45+00:00\" \/>\n<meta property=\"og:image\" content=\"https:\/\/montecarloliving.com\/wp-content\/uploads\/2026\/09\/les-baux-de-provence-scaled-1-650x400.webp\" \/>\n\t<meta property=\"og:image:width\" content=\"650\" \/>\n\t<meta property=\"og:image:height\" content=\"400\" \/>\n\t<meta property=\"og:image:type\" content=\"image\/webp\" \/>\n<meta name=\"author\" content=\"Redazione\" \/>\n<meta name=\"twitter:card\" content=\"summary_large_image\" \/>\n<meta name=\"twitter:creator\" content=\"@MonteCarloLivi\" \/>\n<meta name=\"twitter:site\" content=\"@MonteCarloLivi\" \/>\n<meta name=\"twitter:label1\" content=\"\u00c9crit par\" \/>\n\t<meta name=\"twitter:data1\" content=\"Redazione\" \/>\n<script type=\"application\/ld+json\" class=\"yoast-schema-graph\">{\"@context\":\"https:\\\/\\\/schema.org\",\"@graph\":[{\"@type\":\"Article\",\"@id\":\"https:\\\/\\\/montecarloliving.com\\\/fr\\\/actualite\\\/prince-albert-ii-et-sa-famille-aux-baux-de-provence-les-liens-historiques-des-grimaldi-celebres-5-septembre-2026-34254\\\/#article\",\"isPartOf\":{\"@id\":\"https:\\\/\\\/montecarloliving.com\\\/fr\\\/actualite\\\/prince-albert-ii-et-sa-famille-aux-baux-de-provence-les-liens-historiques-des-grimaldi-celebres-5-septembre-2026-34254\\\/\"},\"author\":{\"name\":\"Redazione\",\"@id\":\"https:\\\/\\\/montecarloliving.com\\\/fr\\\/#\\\/schema\\\/person\\\/7e5945d4560862b7f2d2c6831bda2819\"},\"headline\":\"Le Prince Albert II et sa famille aux Baux-de-Provence: les liens historiques des Grimaldi c\u00e9l\u00e9br\u00e9s le 5 septembre 2026\",\"datePublished\":\"2026-09-04T09:30:45+00:00\",\"mainEntityOfPage\":{\"@id\":\"https:\\\/\\\/montecarloliving.com\\\/fr\\\/actualite\\\/prince-albert-ii-et-sa-famille-aux-baux-de-provence-les-liens-historiques-des-grimaldi-celebres-5-septembre-2026-34254\\\/\"},\"wordCount\":843,\"image\":{\"@id\":\"https:\\\/\\\/montecarloliving.com\\\/fr\\\/actualite\\\/prince-albert-ii-et-sa-famille-aux-baux-de-provence-les-liens-historiques-des-grimaldi-celebres-5-septembre-2026-34254\\\/#primaryimage\"},\"thumbnailUrl\":\"https:\\\/\\\/montecarloliving.com\\\/wp-content\\\/uploads\\\/2026\\\/09\\\/les-baux-de-provence-scaled-1.webp\",\"articleSection\":[\"Actualit\u00e9\",\"Actualit\u00e9 \u00e0 Monaco\",\"Monaco\"],\"inLanguage\":\"fr-FR\"},{\"@type\":\"WebPage\",\"@id\":\"https:\\\/\\\/montecarloliving.com\\\/fr\\\/actualite\\\/prince-albert-ii-et-sa-famille-aux-baux-de-provence-les-liens-historiques-des-grimaldi-celebres-5-septembre-2026-34254\\\/\",\"url\":\"https:\\\/\\\/montecarloliving.com\\\/fr\\\/actualite\\\/prince-albert-ii-et-sa-famille-aux-baux-de-provence-les-liens-historiques-des-grimaldi-celebres-5-septembre-2026-34254\\\/\",\"name\":\"Le Prince Albert II et sa famille aux Baux-de-Provence\",\"isPartOf\":{\"@id\":\"https:\\\/\\\/montecarloliving.com\\\/fr\\\/#website\"},\"primaryImageOfPage\":{\"@id\":\"https:\\\/\\\/montecarloliving.com\\\/fr\\\/actualite\\\/prince-albert-ii-et-sa-famille-aux-baux-de-provence-les-liens-historiques-des-grimaldi-celebres-5-septembre-2026-34254\\\/#primaryimage\"},\"image\":{\"@id\":\"https:\\\/\\\/montecarloliving.com\\\/fr\\\/actualite\\\/prince-albert-ii-et-sa-famille-aux-baux-de-provence-les-liens-historiques-des-grimaldi-celebres-5-septembre-2026-34254\\\/#primaryimage\"},\"thumbnailUrl\":\"https:\\\/\\\/montecarloliving.com\\\/wp-content\\\/uploads\\\/2026\\\/09\\\/les-baux-de-provence-scaled-1.webp\",\"datePublished\":\"2026-09-04T09:30:45+00:00\",\"author\":{\"@id\":\"https:\\\/\\\/montecarloliving.com\\\/fr\\\/#\\\/schema\\\/person\\\/7e5945d4560862b7f2d2c6831bda2819\"},\"description\":\"Le Prince Albert II et sa famille aux Baux-de-Provence : les liens historiques des Grimaldi c\u00e9l\u00e9br\u00e9s le 5 septembre 2026\",\"breadcrumb\":{\"@id\":\"https:\\\/\\\/montecarloliving.com\\\/fr\\\/actualite\\\/prince-albert-ii-et-sa-famille-aux-baux-de-provence-les-liens-historiques-des-grimaldi-celebres-5-septembre-2026-34254\\\/#breadcrumb\"},\"inLanguage\":\"fr-FR\",\"potentialAction\":[{\"@type\":\"ReadAction\",\"target\":[\"https:\\\/\\\/montecarloliving.com\\\/fr\\\/actualite\\\/prince-albert-ii-et-sa-famille-aux-baux-de-provence-les-liens-historiques-des-grimaldi-celebres-5-septembre-2026-34254\\\/\"]}]},{\"@type\":\"ImageObject\",\"inLanguage\":\"fr-FR\",\"@id\":\"https:\\\/\\\/montecarloliving.com\\\/fr\\\/actualite\\\/prince-albert-ii-et-sa-famille-aux-baux-de-provence-les-liens-historiques-des-grimaldi-celebres-5-septembre-2026-34254\\\/#primaryimage\",\"url\":\"https:\\\/\\\/montecarloliving.com\\\/wp-content\\\/uploads\\\/2026\\\/09\\\/les-baux-de-provence-scaled-1.webp\",\"contentUrl\":\"https:\\\/\\\/montecarloliving.com\\\/wp-content\\\/uploads\\\/2026\\\/09\\\/les-baux-de-provence-scaled-1.webp\",\"width\":2560,\"height\":1713},{\"@type\":\"BreadcrumbList\",\"@id\":\"https:\\\/\\\/montecarloliving.com\\\/fr\\\/actualite\\\/prince-albert-ii-et-sa-famille-aux-baux-de-provence-les-liens-historiques-des-grimaldi-celebres-5-septembre-2026-34254\\\/#breadcrumb\",\"itemListElement\":[{\"@type\":\"ListItem\",\"position\":1,\"name\":\"Home\",\"item\":\"https:\\\/\\\/montecarloliving.com\\\/fr\\\/\"},{\"@type\":\"ListItem\",\"position\":2,\"name\":\"Le Prince Albert II et sa famille aux Baux-de-Provence: les liens historiques des Grimaldi c\u00e9l\u00e9br\u00e9s le 5 septembre 2026\"}]},{\"@type\":\"WebSite\",\"@id\":\"https:\\\/\\\/montecarloliving.com\\\/fr\\\/#website\",\"url\":\"https:\\\/\\\/montecarloliving.com\\\/fr\\\/\",\"name\":\"Montecarlo Living\",\"description\":\"News da Montecarlo - Principato di Monaco e Costa Azzurra\",\"potentialAction\":[{\"@type\":\"SearchAction\",\"target\":{\"@type\":\"EntryPoint\",\"urlTemplate\":\"https:\\\/\\\/montecarloliving.com\\\/fr\\\/?s={search_term_string}\"},\"query-input\":{\"@type\":\"PropertyValueSpecification\",\"valueRequired\":true,\"valueName\":\"search_term_string\"}}],\"inLanguage\":\"fr-FR\"},{\"@type\":\"Person\",\"@id\":\"https:\\\/\\\/montecarloliving.com\\\/fr\\\/#\\\/schema\\\/person\\\/7e5945d4560862b7f2d2c6831bda2819\",\"name\":\"Redazione\",\"image\":{\"@type\":\"ImageObject\",\"inLanguage\":\"fr-FR\",\"@id\":\"https:\\\/\\\/secure.gravatar.com\\\/avatar\\\/8b5f26557e18fe74ad8e8a57ebb2925d88af8a90cee489ff2beefb391bc9b9c7?s=96&d=mm&r=g\",\"url\":\"https:\\\/\\\/secure.gravatar.com\\\/avatar\\\/8b5f26557e18fe74ad8e8a57ebb2925d88af8a90cee489ff2beefb391bc9b9c7?s=96&d=mm&r=g\",\"contentUrl\":\"https:\\\/\\\/secure.gravatar.com\\\/avatar\\\/8b5f26557e18fe74ad8e8a57ebb2925d88af8a90cee489ff2beefb391bc9b9c7?s=96&d=mm&r=g\",\"caption\":\"Redazione\"}}]}<\/script>\n<!-- \/ Yoast SEO plugin. -->","yoast_head_json":{"title":"Le Prince Albert II et sa famille aux Baux-de-Provence","description":"Le Prince Albert II et sa famille aux Baux-de-Provence : les liens historiques des Grimaldi c\u00e9l\u00e9br\u00e9s le 5 septembre 2026","robots":{"index":"index","follow":"follow","max-snippet":"max-snippet:-1","max-image-preview":"max-image-preview:large","max-video-preview":"max-video-preview:-1"},"canonical":"https:\/\/montecarloliving.com\/fr\/actualite\/prince-albert-ii-et-sa-famille-aux-baux-de-provence-les-liens-historiques-des-grimaldi-celebres-5-septembre-2026-34254\/","og_locale":"fr_FR","og_title":"Le Prince Albert II et sa famille aux Baux-de-Provence","og_description":"Le Prince Albert II et sa famille aux Baux-de-Provence : les liens historiques des Grimaldi c\u00e9l\u00e9br\u00e9s le 5 septembre 2026","og_url":"https:\/\/montecarloliving.com\/fr\/actualite\/prince-albert-ii-et-sa-famille-aux-baux-de-provence-les-liens-historiques-des-grimaldi-celebres-5-septembre-2026-34254\/","og_site_name":"Montecarlo Living","article_publisher":"https:\/\/www.facebook.com\/montecarlolivingcom\/","article_published_time":"2026-09-04T09:30:45+00:00","og_image":[{"width":650,"height":400,"url":"https:\/\/montecarloliving.com\/wp-content\/uploads\/2026\/09\/les-baux-de-provence-scaled-1-650x400.webp","type":"image\/webp"}],"author":"Redazione","twitter_card":"summary_large_image","twitter_creator":"@MonteCarloLivi","twitter_site":"@MonteCarloLivi","twitter_misc":{"\u00c9crit par":"Redazione"},"schema":{"@context":"https:\/\/schema.org","@graph":[{"@type":"Article","@id":"https:\/\/montecarloliving.com\/fr\/actualite\/prince-albert-ii-et-sa-famille-aux-baux-de-provence-les-liens-historiques-des-grimaldi-celebres-5-septembre-2026-34254\/#article","isPartOf":{"@id":"https:\/\/montecarloliving.com\/fr\/actualite\/prince-albert-ii-et-sa-famille-aux-baux-de-provence-les-liens-historiques-des-grimaldi-celebres-5-septembre-2026-34254\/"},"author":{"name":"Redazione","@id":"https:\/\/montecarloliving.com\/fr\/#\/schema\/person\/7e5945d4560862b7f2d2c6831bda2819"},"headline":"Le Prince Albert II et sa famille aux Baux-de-Provence: les liens historiques des Grimaldi c\u00e9l\u00e9br\u00e9s le 5 septembre 2026","datePublished":"2026-09-04T09:30:45+00:00","mainEntityOfPage":{"@id":"https:\/\/montecarloliving.com\/fr\/actualite\/prince-albert-ii-et-sa-famille-aux-baux-de-provence-les-liens-historiques-des-grimaldi-celebres-5-septembre-2026-34254\/"},"wordCount":843,"image":{"@id":"https:\/\/montecarloliving.com\/fr\/actualite\/prince-albert-ii-et-sa-famille-aux-baux-de-provence-les-liens-historiques-des-grimaldi-celebres-5-septembre-2026-34254\/#primaryimage"},"thumbnailUrl":"https:\/\/montecarloliving.com\/wp-content\/uploads\/2026\/09\/les-baux-de-provence-scaled-1.webp","articleSection":["Actualit\u00e9","Actualit\u00e9 \u00e0 Monaco","Monaco"],"inLanguage":"fr-FR"},{"@type":"WebPage","@id":"https:\/\/montecarloliving.com\/fr\/actualite\/prince-albert-ii-et-sa-famille-aux-baux-de-provence-les-liens-historiques-des-grimaldi-celebres-5-septembre-2026-34254\/","url":"https:\/\/montecarloliving.com\/fr\/actualite\/prince-albert-ii-et-sa-famille-aux-baux-de-provence-les-liens-historiques-des-grimaldi-celebres-5-septembre-2026-34254\/","name":"Le Prince Albert II et sa famille aux Baux-de-Provence","isPartOf":{"@id":"https:\/\/montecarloliving.com\/fr\/#website"},"primaryImageOfPage":{"@id":"https:\/\/montecarloliving.com\/fr\/actualite\/prince-albert-ii-et-sa-famille-aux-baux-de-provence-les-liens-historiques-des-grimaldi-celebres-5-septembre-2026-34254\/#primaryimage"},"image":{"@id":"https:\/\/montecarloliving.com\/fr\/actualite\/prince-albert-ii-et-sa-famille-aux-baux-de-provence-les-liens-historiques-des-grimaldi-celebres-5-septembre-2026-34254\/#primaryimage"},"thumbnailUrl":"https:\/\/montecarloliving.com\/wp-content\/uploads\/2026\/09\/les-baux-de-provence-scaled-1.webp","datePublished":"2026-09-04T09:30:45+00:00","author":{"@id":"https:\/\/montecarloliving.com\/fr\/#\/schema\/person\/7e5945d4560862b7f2d2c6831bda2819"},"description":"Le Prince Albert II et sa famille aux Baux-de-Provence : les liens historiques des Grimaldi c\u00e9l\u00e9br\u00e9s le 5 septembre 2026","breadcrumb":{"@id":"https:\/\/montecarloliving.com\/fr\/actualite\/prince-albert-ii-et-sa-famille-aux-baux-de-provence-les-liens-historiques-des-grimaldi-celebres-5-septembre-2026-34254\/#breadcrumb"},"inLanguage":"fr-FR","potentialAction":[{"@type":"ReadAction","target":["https:\/\/montecarloliving.com\/fr\/actualite\/prince-albert-ii-et-sa-famille-aux-baux-de-provence-les-liens-historiques-des-grimaldi-celebres-5-septembre-2026-34254\/"]}]},{"@type":"ImageObject","inLanguage":"fr-FR","@id":"https:\/\/montecarloliving.com\/fr\/actualite\/prince-albert-ii-et-sa-famille-aux-baux-de-provence-les-liens-historiques-des-grimaldi-celebres-5-septembre-2026-34254\/#primaryimage","url":"https:\/\/montecarloliving.com\/wp-content\/uploads\/2026\/09\/les-baux-de-provence-scaled-1.webp","contentUrl":"https:\/\/montecarloliving.com\/wp-content\/uploads\/2026\/09\/les-baux-de-provence-scaled-1.webp","width":2560,"height":1713},{"@type":"BreadcrumbList","@id":"https:\/\/montecarloliving.com\/fr\/actualite\/prince-albert-ii-et-sa-famille-aux-baux-de-provence-les-liens-historiques-des-grimaldi-celebres-5-septembre-2026-34254\/#breadcrumb","itemListElement":[{"@type":"ListItem","position":1,"name":"Home","item":"https:\/\/montecarloliving.com\/fr\/"},{"@type":"ListItem","position":2,"name":"Le Prince Albert II et sa famille aux Baux-de-Provence: les liens historiques des Grimaldi c\u00e9l\u00e9br\u00e9s le 5 septembre 2026"}]},{"@type":"WebSite","@id":"https:\/\/montecarloliving.com\/fr\/#website","url":"https:\/\/montecarloliving.com\/fr\/","name":"Montecarlo Living","description":"News da Montecarlo - Principato di Monaco e Costa Azzurra","potentialAction":[{"@type":"SearchAction","target":{"@type":"EntryPoint","urlTemplate":"https:\/\/montecarloliving.com\/fr\/?s={search_term_string}"},"query-input":{"@type":"PropertyValueSpecification","valueRequired":true,"valueName":"search_term_string"}}],"inLanguage":"fr-FR"},{"@type":"Person","@id":"https:\/\/montecarloliving.com\/fr\/#\/schema\/person\/7e5945d4560862b7f2d2c6831bda2819","name":"Redazione","image":{"@type":"ImageObject","inLanguage":"fr-FR","@id":"https:\/\/secure.gravatar.com\/avatar\/8b5f26557e18fe74ad8e8a57ebb2925d88af8a90cee489ff2beefb391bc9b9c7?s=96&d=mm&r=g","url":"https:\/\/secure.gravatar.com\/avatar\/8b5f26557e18fe74ad8e8a57ebb2925d88af8a90cee489ff2beefb391bc9b9c7?s=96&d=mm&r=g","contentUrl":"https:\/\/secure.gravatar.com\/avatar\/8b5f26557e18fe74ad8e8a57ebb2925d88af8a90cee489ff2beefb391bc9b9c7?s=96&d=mm&r=g","caption":"Redazione"}}]}},"_links":{"self":[{"href":"https:\/\/montecarloliving.com\/fr\/wp-json\/wp\/v2\/posts\/34254","targetHints":{"allow":["GET"]}}],"collection":[{"href":"https:\/\/montecarloliving.com\/fr\/wp-json\/wp\/v2\/posts"}],"about":[{"href":"https:\/\/montecarloliving.com\/fr\/wp-json\/wp\/v2\/types\/post"}],"author":[{"embeddable":true,"href":"https:\/\/montecarloliving.com\/fr\/wp-json\/wp\/v2\/users\/1"}],"replies":[{"embeddable":true,"href":"https:\/\/montecarloliving.com\/fr\/wp-json\/wp\/v2\/comments?post=34254"}],"version-history":[{"count":1,"href":"https:\/\/montecarloliving.com\/fr\/wp-json\/wp\/v2\/posts\/34254\/revisions"}],"predecessor-version":[{"id":34255,"href":"https:\/\/montecarloliving.com\/fr\/wp-json\/wp\/v2\/posts\/34254\/revisions\/34255"}],"wp:featuredmedia":[{"embeddable":true,"href":"https:\/\/montecarloliving.com\/fr\/wp-json\/wp\/v2\/media\/34250"}],"wp:attachment":[{"href":"https:\/\/montecarloliving.com\/fr\/wp-json\/wp\/v2\/media?parent=34254"}],"wp:term":[{"taxonomy":"category","embeddable":true,"href":"https:\/\/montecarloliving.com\/fr\/wp-json\/wp\/v2\/categories?post=34254"},{"taxonomy":"post_tag","embeddable":true,"href":"https:\/\/montecarloliving.com\/fr\/wp-json\/wp\/v2\/tags?post=34254"}],"curies":[{"name":"wp","href":"https:\/\/api.w.org\/{rel}","templated":true}]}}