{"id":34244,"date":"2026-09-04T10:34:15","date_gmt":"2026-09-04T08:34:15","guid":{"rendered":"https:\/\/montecarloliving.com\/?p=34244"},"modified":"2026-09-04T10:25:53","modified_gmt":"2026-09-04T08:25:53","slug":"sergio-mattarella-en-visite-detat-monaco-les-2-et-3-octobre-2026-evenement-historique-pour-litalie-et-principaute","status":"publish","type":"post","link":"https:\/\/montecarloliving.com\/fr\/actualite\/sergio-mattarella-en-visite-detat-monaco-les-2-et-3-octobre-2026-evenement-historique-pour-litalie-et-principaute-34244\/","title":{"rendered":"Sergio Mattarella en visite d\u2019\u00c9tat \u00e0 Monaco les 2 et 3 octobre 2026: un \u00e9v\u00e9nement historique pour l\u2019Italie et la Principaut\u00e9"},"content":{"rendered":"<p class=\"isSelectedEnd\"><strong>PRINCIPAUT\u00c9 DE MONACO \u2013 Une visite appel\u00e9e \u00e0 marquer un moment historique dans les relations entre l\u2019Italie et la Principaut\u00e9 de Monaco.<\/strong> Le Pr\u00e9sident de la R\u00e9publique italienne <strong>Sergio Mattarella<\/strong> effectuera une visite d\u2019\u00c9tat en Principaut\u00e9 les <strong>vendredi 2 et samedi 3 octobre 2026<\/strong>, \u00e0 l\u2019invitation de Leurs Altesses S\u00e9r\u00e9nissimes <strong>le Prince Albert II de Monaco<\/strong> et <strong>la Princesse Charl\u00e8ne<\/strong>.<\/p>\n<p class=\"isSelectedEnd\">Cette visite rev\u00eatira une importance institutionnelle et diplomatique particuli\u00e8re puisqu\u2019il s\u2019agira de la <strong>premi\u00e8re visite d\u2019\u00c9tat d\u2019un Pr\u00e9sident de la R\u00e9publique italienne en Principaut\u00e9 de Monaco<\/strong>.<\/p>\n<p class=\"isSelectedEnd\">Le chef de l\u2019\u00c9tat sera accompagn\u00e9 durant ces deux journ\u00e9es par sa fille, <strong>Laura Mattarella<\/strong>, pour un d\u00e9placement destin\u00e9 notamment \u00e0 renforcer les liens historiques qui unissent les deux pays.<\/p>\n<h2>La premi\u00e8re visite d\u2019\u00c9tat d\u2019un Pr\u00e9sident italien en Principaut\u00e9<\/h2>\n<p class=\"isSelectedEnd\">La venue de Sergio Mattarella \u00e0 Monaco constitue une \u00e9tape importante dans l\u2019histoire des relations diplomatiques entre l\u2019Italie et la Principaut\u00e9.<\/p>\n<p class=\"isSelectedEnd\">Malgr\u00e9 leur proximit\u00e9 g\u00e9ographique et les liens \u00e9troits qui unissent depuis longtemps les deux territoires, les 2 et 3 octobre prochains marqueront la premi\u00e8re visite d\u2019\u00c9tat officielle d\u2019un Pr\u00e9sident de la R\u00e9publique italienne en Principaut\u00e9 de Monaco.<\/p>\n<p class=\"isSelectedEnd\">Cet \u00e9v\u00e9nement rev\u00eat une forte port\u00e9e symbolique et devrait mettre en lumi\u00e8re la solidit\u00e9 d\u2019une relation construite au fil du temps \u00e0 travers des liens politiques, \u00e9conomiques, culturels et sociaux.<\/p>\n<p class=\"isSelectedEnd\">L\u2019Italie et Monaco partagent en effet une longue histoire d\u2019\u00e9changes et de coop\u00e9ration, favoris\u00e9e notamment par leur proximit\u00e9 au c\u0153ur de l\u2019espace m\u00e9diterran\u00e9en et par les liens \u00e9troits entre la Principaut\u00e9, la Ligurie italienne et la C\u00f4te d\u2019Azur.<\/p>\n<h2>Sergio Mattarella re\u00e7u par le Prince Albert II et la Princesse Charl\u00e8ne<\/h2>\n<p class=\"isSelectedEnd\">La visite se d\u00e9roulera \u00e0 l\u2019invitation du <strong>Prince Albert II<\/strong> et de la <strong>Princesse Charl\u00e8ne<\/strong>, qui accueilleront officiellement le Pr\u00e9sident de la R\u00e9publique italienne.<\/p>\n<p class=\"isSelectedEnd\">La rencontre entre les plus hautes autorit\u00e9s des deux pays constituera l\u2019un des temps forts de ces deux journ\u00e9es et permettra de r\u00e9affirmer les liens d\u2019amiti\u00e9 et de coop\u00e9ration entre l\u2019Italie et Monaco.<\/p>\n<p class=\"isSelectedEnd\">Cette visite d\u2019\u00c9tat sera \u00e9galement l\u2019occasion de mettre en avant le dynamisme des relations bilat\u00e9rales et d\u2019approfondir le dialogue sur diff\u00e9rentes questions et th\u00e9matiques d\u2019int\u00e9r\u00eat commun.<\/p>\n<h2>Italie-Monaco : des relations historiques entre diplomatie, \u00e9conomie et culture<\/h2>\n<p class=\"isSelectedEnd\">Les relations entre l\u2019Italie et la Principaut\u00e9 de Monaco s\u2019inscrivent dans une longue histoire de proximit\u00e9 et de coop\u00e9ration.<\/p>\n<p class=\"isSelectedEnd\">Au fil des ann\u00e9es, les liens entre les deux pays se sont d\u00e9velopp\u00e9s dans de nombreux domaines, notamment les relations institutionnelles, l\u2019\u00e9conomie, la culture et la soci\u00e9t\u00e9 civile. La pr\u00e9sence de la communaut\u00e9 italienne en Principaut\u00e9 ainsi que les \u00e9changes constants avec les territoires voisins constituent \u00e9galement un \u00e9l\u00e9ment important de cette relation au quotidien.<\/p>\n<p class=\"isSelectedEnd\">La visite de Sergio Mattarella permettra de mettre en lumi\u00e8re ce r\u00e9seau de relations et de confirmer la volont\u00e9 commune de renforcer encore le dialogue et la coop\u00e9ration.<\/p>\n<p class=\"isSelectedEnd\">L\u2019objectif sera notamment de consolider les liens traditionnels d\u2019amiti\u00e9 tout en d\u00e9veloppant de nouvelles perspectives de collaboration dans des domaines d\u2019int\u00e9r\u00eat partag\u00e9.<\/p>\n<h2>Deux journ\u00e9es de rencontres pour renforcer la coop\u00e9ration<\/h2>\n<p class=\"isSelectedEnd\">Les <strong>2 et 3 octobre 2026<\/strong> seront ainsi consacr\u00e9s \u00e0 un rendez-vous de premier plan pour les relations diplomatiques entre Rome et Monaco.<\/p>\n<p class=\"isSelectedEnd\">Cette visite constituera une occasion de r\u00e9affirmer l\u2019importance de la coop\u00e9ration internationale et de renforcer une relation entre deux pays unis par leur proximit\u00e9 g\u00e9ographique, leur histoire commune et de nombreux int\u00e9r\u00eats partag\u00e9s.<\/p>\n<p class=\"isSelectedEnd\">L\u2019arriv\u00e9e du Pr\u00e9sident de la R\u00e9publique italienne en Principaut\u00e9 sera particuli\u00e8rement suivie en raison du caract\u00e8re historique de cette visite, qui ouvrira une nouvelle page dans les relations institutionnelles entre l\u2019Italie et Monaco.<\/p>\n<h2>Le programme de la visite d\u2019\u00c9tat sera d\u00e9voil\u00e9 prochainement<\/h2>\n<p class=\"isSelectedEnd\">\u00c0 ce jour, le <strong>programme d\u00e9taill\u00e9 de la visite d\u2019\u00c9tat de Sergio Mattarella \u00e0 Monaco<\/strong> n\u2019a pas encore \u00e9t\u00e9 rendu public.<\/p>\n<p class=\"isSelectedEnd\">De nouvelles informations sont attendues concernant les c\u00e9r\u00e9monies officielles, les rencontres institutionnelles et les diff\u00e9rents rendez-vous pr\u00e9vus durant le s\u00e9jour du Pr\u00e9sident italien en Principaut\u00e9.<\/p>\n<p class=\"isSelectedEnd\">La visite des <strong>2 et 3 octobre 2026<\/strong> s\u2019annonce n\u00e9anmoins comme l\u2019un des principaux \u00e9v\u00e9nements institutionnels de l\u2019automne \u00e0 Monaco, non seulement en raison du prestige des personnalit\u00e9s pr\u00e9sentes, mais surtout de sa port\u00e9e historique.<\/p>\n<p><strong>Pour la premi\u00e8re fois, un Pr\u00e9sident de la R\u00e9publique italienne effectuera une visite d\u2019\u00c9tat officielle en Principaut\u00e9 de Monaco : deux journ\u00e9es destin\u00e9es \u00e0 c\u00e9l\u00e9brer l\u2019amiti\u00e9 entre l\u2019Italie et Monaco et \u00e0 ouvrir de nouvelles perspectives de dialogue et de coop\u00e9ration entre les deux pays.<\/strong><\/p>\n","protected":false},"excerpt":{"rendered":"<p>PRINCIPAUT\u00c9 DE MONACO \u2013 Une visite appel\u00e9e \u00e0 marquer un moment historique dans les relations entre l\u2019Italie et la Principaut\u00e9 de Monaco. Le Pr\u00e9sident de la R\u00e9publique italienne Sergio Mattarella effectuera une visite d\u2019\u00c9tat en Principaut\u00e9 les vendredi 2 et samedi 3 octobre 2026, [&hellip;]<\/p>\n","protected":false},"author":1,"featured_media":34240,"comment_status":"closed","ping_status":"closed","sticky":false,"template":"","format":"standard","meta":{"footnotes":""},"categories":[827,875,828,823,867],"tags":[],"class_list":["post-34244","post","type-post","status-publish","format-standard","has-post-thumbnail","hentry","category-actualite","category-actualite-monaco","category-evenements","category-italie-et-monaco","category-monaco-fr"],"yoast_head":"<!-- This site is optimized with the Yoast SEO plugin v28.4 - https:\/\/yoast.com\/product\/yoast-seo-wordpress\/ -->\n<title>Sergio Mattarella en visite d\u2019\u00c9tat \u00e0 Monaco les 2 et 3 octobre 2026<\/title>\n<meta name=\"description\" content=\"Sergio Mattarella en visite d\u2019\u00c9tat \u00e0 Monaco les 2 et 3 octobre 2026 : un \u00e9v\u00e9nement historique pour l\u2019Italie et la Principaut\u00e9\" \/>\n<meta name=\"robots\" content=\"index, follow, max-snippet:-1, max-image-preview:large, max-video-preview:-1\" \/>\n<link rel=\"canonical\" href=\"https:\/\/montecarloliving.com\/fr\/actualite\/sergio-mattarella-en-visite-detat-monaco-les-2-et-3-octobre-2026-evenement-historique-pour-litalie-et-principaute-34244\/\" \/>\n<meta property=\"og:locale\" content=\"fr_FR\" \/>\n<meta property=\"og:title\" content=\"Sergio Mattarella en visite d\u2019\u00c9tat \u00e0 Monaco les 2 et 3 octobre 2026\" \/>\n<meta property=\"og:description\" content=\"Sergio Mattarella en visite d\u2019\u00c9tat \u00e0 Monaco les 2 et 3 octobre 2026 : un \u00e9v\u00e9nement historique pour l\u2019Italie et la Principaut\u00e9\" \/>\n<meta property=\"og:url\" content=\"https:\/\/montecarloliving.com\/fr\/actualite\/sergio-mattarella-en-visite-detat-monaco-les-2-et-3-octobre-2026-evenement-historique-pour-litalie-et-principaute-34244\/\" \/>\n<meta property=\"og:site_name\" content=\"Montecarlo Living\" \/>\n<meta property=\"article:publisher\" content=\"https:\/\/www.facebook.com\/montecarlolivingcom\/\" \/>\n<meta property=\"article:published_time\" content=\"2026-09-04T08:34:15+00:00\" \/>\n<meta property=\"og:image\" content=\"https:\/\/montecarloliving.com\/wp-content\/uploads\/2026\/09\/mattarella-1-2048x1376-1-650x400.jpg\" \/>\n\t<meta property=\"og:image:width\" content=\"650\" \/>\n\t<meta property=\"og:image:height\" content=\"400\" \/>\n\t<meta property=\"og:image:type\" content=\"image\/jpeg\" \/>\n<meta name=\"author\" content=\"Redazione\" \/>\n<meta name=\"twitter:card\" content=\"summary_large_image\" \/>\n<meta name=\"twitter:creator\" content=\"@MonteCarloLivi\" \/>\n<meta name=\"twitter:site\" content=\"@MonteCarloLivi\" \/>\n<meta name=\"twitter:label1\" content=\"\u00c9crit par\" \/>\n\t<meta name=\"twitter:data1\" content=\"Redazione\" \/>\n<script type=\"application\/ld+json\" class=\"yoast-schema-graph\">{\"@context\":\"https:\\\/\\\/schema.org\",\"@graph\":[{\"@type\":\"Article\",\"@id\":\"https:\\\/\\\/montecarloliving.com\\\/fr\\\/actualite\\\/sergio-mattarella-en-visite-detat-monaco-les-2-et-3-octobre-2026-evenement-historique-pour-litalie-et-principaute-34244\\\/#article\",\"isPartOf\":{\"@id\":\"https:\\\/\\\/montecarloliving.com\\\/fr\\\/actualite\\\/sergio-mattarella-en-visite-detat-monaco-les-2-et-3-octobre-2026-evenement-historique-pour-litalie-et-principaute-34244\\\/\"},\"author\":{\"name\":\"Redazione\",\"@id\":\"https:\\\/\\\/montecarloliving.com\\\/fr\\\/#\\\/schema\\\/person\\\/7e5945d4560862b7f2d2c6831bda2819\"},\"headline\":\"Sergio Mattarella en visite d\u2019\u00c9tat \u00e0 Monaco les 2 et 3 octobre 2026: un \u00e9v\u00e9nement historique pour l\u2019Italie et la Principaut\u00e9\",\"datePublished\":\"2026-09-04T08:34:15+00:00\",\"mainEntityOfPage\":{\"@id\":\"https:\\\/\\\/montecarloliving.com\\\/fr\\\/actualite\\\/sergio-mattarella-en-visite-detat-monaco-les-2-et-3-octobre-2026-evenement-historique-pour-litalie-et-principaute-34244\\\/\"},\"wordCount\":843,\"image\":{\"@id\":\"https:\\\/\\\/montecarloliving.com\\\/fr\\\/actualite\\\/sergio-mattarella-en-visite-detat-monaco-les-2-et-3-octobre-2026-evenement-historique-pour-litalie-et-principaute-34244\\\/#primaryimage\"},\"thumbnailUrl\":\"https:\\\/\\\/montecarloliving.com\\\/wp-content\\\/uploads\\\/2026\\\/09\\\/mattarella-1-2048x1376-1.jpg\",\"articleSection\":[\"Actualit\u00e9\",\"Actualit\u00e9 \u00e0 Monaco\",\"\u00c9v\u00e9nements\",\"Italie et Monaco\",\"Monaco\"],\"inLanguage\":\"fr-FR\"},{\"@type\":\"WebPage\",\"@id\":\"https:\\\/\\\/montecarloliving.com\\\/fr\\\/actualite\\\/sergio-mattarella-en-visite-detat-monaco-les-2-et-3-octobre-2026-evenement-historique-pour-litalie-et-principaute-34244\\\/\",\"url\":\"https:\\\/\\\/montecarloliving.com\\\/fr\\\/actualite\\\/sergio-mattarella-en-visite-detat-monaco-les-2-et-3-octobre-2026-evenement-historique-pour-litalie-et-principaute-34244\\\/\",\"name\":\"Sergio Mattarella en visite d\u2019\u00c9tat \u00e0 Monaco les 2 et 3 octobre 2026\",\"isPartOf\":{\"@id\":\"https:\\\/\\\/montecarloliving.com\\\/fr\\\/#website\"},\"primaryImageOfPage\":{\"@id\":\"https:\\\/\\\/montecarloliving.com\\\/fr\\\/actualite\\\/sergio-mattarella-en-visite-detat-monaco-les-2-et-3-octobre-2026-evenement-historique-pour-litalie-et-principaute-34244\\\/#primaryimage\"},\"image\":{\"@id\":\"https:\\\/\\\/montecarloliving.com\\\/fr\\\/actualite\\\/sergio-mattarella-en-visite-detat-monaco-les-2-et-3-octobre-2026-evenement-historique-pour-litalie-et-principaute-34244\\\/#primaryimage\"},\"thumbnailUrl\":\"https:\\\/\\\/montecarloliving.com\\\/wp-content\\\/uploads\\\/2026\\\/09\\\/mattarella-1-2048x1376-1.jpg\",\"datePublished\":\"2026-09-04T08:34:15+00:00\",\"author\":{\"@id\":\"https:\\\/\\\/montecarloliving.com\\\/fr\\\/#\\\/schema\\\/person\\\/7e5945d4560862b7f2d2c6831bda2819\"},\"description\":\"Sergio Mattarella en visite d\u2019\u00c9tat \u00e0 Monaco les 2 et 3 octobre 2026 : un \u00e9v\u00e9nement historique pour l\u2019Italie et la Principaut\u00e9\",\"breadcrumb\":{\"@id\":\"https:\\\/\\\/montecarloliving.com\\\/fr\\\/actualite\\\/sergio-mattarella-en-visite-detat-monaco-les-2-et-3-octobre-2026-evenement-historique-pour-litalie-et-principaute-34244\\\/#breadcrumb\"},\"inLanguage\":\"fr-FR\",\"potentialAction\":[{\"@type\":\"ReadAction\",\"target\":[\"https:\\\/\\\/montecarloliving.com\\\/fr\\\/actualite\\\/sergio-mattarella-en-visite-detat-monaco-les-2-et-3-octobre-2026-evenement-historique-pour-litalie-et-principaute-34244\\\/\"]}]},{\"@type\":\"ImageObject\",\"inLanguage\":\"fr-FR\",\"@id\":\"https:\\\/\\\/montecarloliving.com\\\/fr\\\/actualite\\\/sergio-mattarella-en-visite-detat-monaco-les-2-et-3-octobre-2026-evenement-historique-pour-litalie-et-principaute-34244\\\/#primaryimage\",\"url\":\"https:\\\/\\\/montecarloliving.com\\\/wp-content\\\/uploads\\\/2026\\\/09\\\/mattarella-1-2048x1376-1.jpg\",\"contentUrl\":\"https:\\\/\\\/montecarloliving.com\\\/wp-content\\\/uploads\\\/2026\\\/09\\\/mattarella-1-2048x1376-1.jpg\",\"width\":2048,\"height\":1376,\"caption\":\"Roma- Il Presidente della Repubblica Sergio Mattarella in occasione del discorso di fine anno, oggi 31 dicembre 2024. (Foto di Paolo Giandotti - Ufficio Stampa per la Stampa e la Comunicazione della Presidenza della Repubblica)\"},{\"@type\":\"BreadcrumbList\",\"@id\":\"https:\\\/\\\/montecarloliving.com\\\/fr\\\/actualite\\\/sergio-mattarella-en-visite-detat-monaco-les-2-et-3-octobre-2026-evenement-historique-pour-litalie-et-principaute-34244\\\/#breadcrumb\",\"itemListElement\":[{\"@type\":\"ListItem\",\"position\":1,\"name\":\"Home\",\"item\":\"https:\\\/\\\/montecarloliving.com\\\/fr\\\/\"},{\"@type\":\"ListItem\",\"position\":2,\"name\":\"Sergio Mattarella en visite d\u2019\u00c9tat \u00e0 Monaco les 2 et 3 octobre 2026: un \u00e9v\u00e9nement historique pour l\u2019Italie et la Principaut\u00e9\"}]},{\"@type\":\"WebSite\",\"@id\":\"https:\\\/\\\/montecarloliving.com\\\/fr\\\/#website\",\"url\":\"https:\\\/\\\/montecarloliving.com\\\/fr\\\/\",\"name\":\"Montecarlo Living\",\"description\":\"News da Montecarlo - Principato di Monaco e Costa Azzurra\",\"potentialAction\":[{\"@type\":\"SearchAction\",\"target\":{\"@type\":\"EntryPoint\",\"urlTemplate\":\"https:\\\/\\\/montecarloliving.com\\\/fr\\\/?s={search_term_string}\"},\"query-input\":{\"@type\":\"PropertyValueSpecification\",\"valueRequired\":true,\"valueName\":\"search_term_string\"}}],\"inLanguage\":\"fr-FR\"},{\"@type\":\"Person\",\"@id\":\"https:\\\/\\\/montecarloliving.com\\\/fr\\\/#\\\/schema\\\/person\\\/7e5945d4560862b7f2d2c6831bda2819\",\"name\":\"Redazione\",\"image\":{\"@type\":\"ImageObject\",\"inLanguage\":\"fr-FR\",\"@id\":\"https:\\\/\\\/secure.gravatar.com\\\/avatar\\\/8b5f26557e18fe74ad8e8a57ebb2925d88af8a90cee489ff2beefb391bc9b9c7?s=96&d=mm&r=g\",\"url\":\"https:\\\/\\\/secure.gravatar.com\\\/avatar\\\/8b5f26557e18fe74ad8e8a57ebb2925d88af8a90cee489ff2beefb391bc9b9c7?s=96&d=mm&r=g\",\"contentUrl\":\"https:\\\/\\\/secure.gravatar.com\\\/avatar\\\/8b5f26557e18fe74ad8e8a57ebb2925d88af8a90cee489ff2beefb391bc9b9c7?s=96&d=mm&r=g\",\"caption\":\"Redazione\"}}]}<\/script>\n<!-- \/ Yoast SEO plugin. -->","yoast_head_json":{"title":"Sergio Mattarella en visite d\u2019\u00c9tat \u00e0 Monaco les 2 et 3 octobre 2026","description":"Sergio Mattarella en visite d\u2019\u00c9tat \u00e0 Monaco les 2 et 3 octobre 2026 : un \u00e9v\u00e9nement historique pour l\u2019Italie et la Principaut\u00e9","robots":{"index":"index","follow":"follow","max-snippet":"max-snippet:-1","max-image-preview":"max-image-preview:large","max-video-preview":"max-video-preview:-1"},"canonical":"https:\/\/montecarloliving.com\/fr\/actualite\/sergio-mattarella-en-visite-detat-monaco-les-2-et-3-octobre-2026-evenement-historique-pour-litalie-et-principaute-34244\/","og_locale":"fr_FR","og_title":"Sergio Mattarella en visite d\u2019\u00c9tat \u00e0 Monaco les 2 et 3 octobre 2026","og_description":"Sergio Mattarella en visite d\u2019\u00c9tat \u00e0 Monaco les 2 et 3 octobre 2026 : un \u00e9v\u00e9nement historique pour l\u2019Italie et la Principaut\u00e9","og_url":"https:\/\/montecarloliving.com\/fr\/actualite\/sergio-mattarella-en-visite-detat-monaco-les-2-et-3-octobre-2026-evenement-historique-pour-litalie-et-principaute-34244\/","og_site_name":"Montecarlo Living","article_publisher":"https:\/\/www.facebook.com\/montecarlolivingcom\/","article_published_time":"2026-09-04T08:34:15+00:00","og_image":[{"width":650,"height":400,"url":"https:\/\/montecarloliving.com\/wp-content\/uploads\/2026\/09\/mattarella-1-2048x1376-1-650x400.jpg","type":"image\/jpeg"}],"author":"Redazione","twitter_card":"summary_large_image","twitter_creator":"@MonteCarloLivi","twitter_site":"@MonteCarloLivi","twitter_misc":{"\u00c9crit par":"Redazione"},"schema":{"@context":"https:\/\/schema.org","@graph":[{"@type":"Article","@id":"https:\/\/montecarloliving.com\/fr\/actualite\/sergio-mattarella-en-visite-detat-monaco-les-2-et-3-octobre-2026-evenement-historique-pour-litalie-et-principaute-34244\/#article","isPartOf":{"@id":"https:\/\/montecarloliving.com\/fr\/actualite\/sergio-mattarella-en-visite-detat-monaco-les-2-et-3-octobre-2026-evenement-historique-pour-litalie-et-principaute-34244\/"},"author":{"name":"Redazione","@id":"https:\/\/montecarloliving.com\/fr\/#\/schema\/person\/7e5945d4560862b7f2d2c6831bda2819"},"headline":"Sergio Mattarella en visite d\u2019\u00c9tat \u00e0 Monaco les 2 et 3 octobre 2026: un \u00e9v\u00e9nement historique pour l\u2019Italie et la Principaut\u00e9","datePublished":"2026-09-04T08:34:15+00:00","mainEntityOfPage":{"@id":"https:\/\/montecarloliving.com\/fr\/actualite\/sergio-mattarella-en-visite-detat-monaco-les-2-et-3-octobre-2026-evenement-historique-pour-litalie-et-principaute-34244\/"},"wordCount":843,"image":{"@id":"https:\/\/montecarloliving.com\/fr\/actualite\/sergio-mattarella-en-visite-detat-monaco-les-2-et-3-octobre-2026-evenement-historique-pour-litalie-et-principaute-34244\/#primaryimage"},"thumbnailUrl":"https:\/\/montecarloliving.com\/wp-content\/uploads\/2026\/09\/mattarella-1-2048x1376-1.jpg","articleSection":["Actualit\u00e9","Actualit\u00e9 \u00e0 Monaco","\u00c9v\u00e9nements","Italie et Monaco","Monaco"],"inLanguage":"fr-FR"},{"@type":"WebPage","@id":"https:\/\/montecarloliving.com\/fr\/actualite\/sergio-mattarella-en-visite-detat-monaco-les-2-et-3-octobre-2026-evenement-historique-pour-litalie-et-principaute-34244\/","url":"https:\/\/montecarloliving.com\/fr\/actualite\/sergio-mattarella-en-visite-detat-monaco-les-2-et-3-octobre-2026-evenement-historique-pour-litalie-et-principaute-34244\/","name":"Sergio Mattarella en visite d\u2019\u00c9tat \u00e0 Monaco les 2 et 3 octobre 2026","isPartOf":{"@id":"https:\/\/montecarloliving.com\/fr\/#website"},"primaryImageOfPage":{"@id":"https:\/\/montecarloliving.com\/fr\/actualite\/sergio-mattarella-en-visite-detat-monaco-les-2-et-3-octobre-2026-evenement-historique-pour-litalie-et-principaute-34244\/#primaryimage"},"image":{"@id":"https:\/\/montecarloliving.com\/fr\/actualite\/sergio-mattarella-en-visite-detat-monaco-les-2-et-3-octobre-2026-evenement-historique-pour-litalie-et-principaute-34244\/#primaryimage"},"thumbnailUrl":"https:\/\/montecarloliving.com\/wp-content\/uploads\/2026\/09\/mattarella-1-2048x1376-1.jpg","datePublished":"2026-09-04T08:34:15+00:00","author":{"@id":"https:\/\/montecarloliving.com\/fr\/#\/schema\/person\/7e5945d4560862b7f2d2c6831bda2819"},"description":"Sergio Mattarella en visite d\u2019\u00c9tat \u00e0 Monaco les 2 et 3 octobre 2026 : un \u00e9v\u00e9nement historique pour l\u2019Italie et la Principaut\u00e9","breadcrumb":{"@id":"https:\/\/montecarloliving.com\/fr\/actualite\/sergio-mattarella-en-visite-detat-monaco-les-2-et-3-octobre-2026-evenement-historique-pour-litalie-et-principaute-34244\/#breadcrumb"},"inLanguage":"fr-FR","potentialAction":[{"@type":"ReadAction","target":["https:\/\/montecarloliving.com\/fr\/actualite\/sergio-mattarella-en-visite-detat-monaco-les-2-et-3-octobre-2026-evenement-historique-pour-litalie-et-principaute-34244\/"]}]},{"@type":"ImageObject","inLanguage":"fr-FR","@id":"https:\/\/montecarloliving.com\/fr\/actualite\/sergio-mattarella-en-visite-detat-monaco-les-2-et-3-octobre-2026-evenement-historique-pour-litalie-et-principaute-34244\/#primaryimage","url":"https:\/\/montecarloliving.com\/wp-content\/uploads\/2026\/09\/mattarella-1-2048x1376-1.jpg","contentUrl":"https:\/\/montecarloliving.com\/wp-content\/uploads\/2026\/09\/mattarella-1-2048x1376-1.jpg","width":2048,"height":1376,"caption":"Roma- Il Presidente della Repubblica Sergio Mattarella in occasione del discorso di fine anno, oggi 31 dicembre 2024. (Foto di Paolo Giandotti - Ufficio Stampa per la Stampa e la Comunicazione della Presidenza della Repubblica)"},{"@type":"BreadcrumbList","@id":"https:\/\/montecarloliving.com\/fr\/actualite\/sergio-mattarella-en-visite-detat-monaco-les-2-et-3-octobre-2026-evenement-historique-pour-litalie-et-principaute-34244\/#breadcrumb","itemListElement":[{"@type":"ListItem","position":1,"name":"Home","item":"https:\/\/montecarloliving.com\/fr\/"},{"@type":"ListItem","position":2,"name":"Sergio Mattarella en visite d\u2019\u00c9tat \u00e0 Monaco les 2 et 3 octobre 2026: un \u00e9v\u00e9nement historique pour l\u2019Italie et la Principaut\u00e9"}]},{"@type":"WebSite","@id":"https:\/\/montecarloliving.com\/fr\/#website","url":"https:\/\/montecarloliving.com\/fr\/","name":"Montecarlo Living","description":"News da Montecarlo - Principato di Monaco e Costa Azzurra","potentialAction":[{"@type":"SearchAction","target":{"@type":"EntryPoint","urlTemplate":"https:\/\/montecarloliving.com\/fr\/?s={search_term_string}"},"query-input":{"@type":"PropertyValueSpecification","valueRequired":true,"valueName":"search_term_string"}}],"inLanguage":"fr-FR"},{"@type":"Person","@id":"https:\/\/montecarloliving.com\/fr\/#\/schema\/person\/7e5945d4560862b7f2d2c6831bda2819","name":"Redazione","image":{"@type":"ImageObject","inLanguage":"fr-FR","@id":"https:\/\/secure.gravatar.com\/avatar\/8b5f26557e18fe74ad8e8a57ebb2925d88af8a90cee489ff2beefb391bc9b9c7?s=96&d=mm&r=g","url":"https:\/\/secure.gravatar.com\/avatar\/8b5f26557e18fe74ad8e8a57ebb2925d88af8a90cee489ff2beefb391bc9b9c7?s=96&d=mm&r=g","contentUrl":"https:\/\/secure.gravatar.com\/avatar\/8b5f26557e18fe74ad8e8a57ebb2925d88af8a90cee489ff2beefb391bc9b9c7?s=96&d=mm&r=g","caption":"Redazione"}}]}},"_links":{"self":[{"href":"https:\/\/montecarloliving.com\/fr\/wp-json\/wp\/v2\/posts\/34244","targetHints":{"allow":["GET"]}}],"collection":[{"href":"https:\/\/montecarloliving.com\/fr\/wp-json\/wp\/v2\/posts"}],"about":[{"href":"https:\/\/montecarloliving.com\/fr\/wp-json\/wp\/v2\/types\/post"}],"author":[{"embeddable":true,"href":"https:\/\/montecarloliving.com\/fr\/wp-json\/wp\/v2\/users\/1"}],"replies":[{"embeddable":true,"href":"https:\/\/montecarloliving.com\/fr\/wp-json\/wp\/v2\/comments?post=34244"}],"version-history":[{"count":1,"href":"https:\/\/montecarloliving.com\/fr\/wp-json\/wp\/v2\/posts\/34244\/revisions"}],"predecessor-version":[{"id":34245,"href":"https:\/\/montecarloliving.com\/fr\/wp-json\/wp\/v2\/posts\/34244\/revisions\/34245"}],"wp:featuredmedia":[{"embeddable":true,"href":"https:\/\/montecarloliving.com\/fr\/wp-json\/wp\/v2\/media\/34240"}],"wp:attachment":[{"href":"https:\/\/montecarloliving.com\/fr\/wp-json\/wp\/v2\/media?parent=34244"}],"wp:term":[{"taxonomy":"category","embeddable":true,"href":"https:\/\/montecarloliving.com\/fr\/wp-json\/wp\/v2\/categories?post=34244"},{"taxonomy":"post_tag","embeddable":true,"href":"https:\/\/montecarloliving.com\/fr\/wp-json\/wp\/v2\/tags?post=34244"}],"curies":[{"name":"wp","href":"https:\/\/api.w.org\/{rel}","templated":true}]}}