{"id":34234,"date":"2026-09-04T09:41:49","date_gmt":"2026-09-04T07:41:49","guid":{"rendered":"https:\/\/montecarloliving.com\/?p=34234"},"modified":"2026-09-04T09:41:04","modified_gmt":"2026-09-04T07:41:04","slug":"monte-carlo-jazz-festival-2026-20-ans-de-grande-musique-entre-jazz-soul-gospel-et-rock","status":"publish","type":"post","link":"https:\/\/montecarloliving.com\/fr\/actualite\/monte-carlo-jazz-festival-2026-20-ans-de-grande-musique-entre-jazz-soul-gospel-et-rock-34234\/","title":{"rendered":"Monte-Carlo Jazz Festival 2026: 20 ans de grande musique entre jazz, soul, gospel et rock"},"content":{"rendered":"<p class=\"isSelectedEnd\"><strong>MONACO \u2013 Vingt ans de musique, de rencontres et de croisements artistiques.<\/strong> Le <strong>Monte-Carlo Jazz Festival 2026<\/strong> c\u00e9l\u00e8bre un anniversaire majeur et revient du <strong>18 au 29 novembre<\/strong> dans le cadre prestigieux de la <strong>Salle Garnier de l\u2019Op\u00e9ra de Monte-Carlo<\/strong>, avec une programmation qui traverse le jazz, la soul, le gospel, le funk, la pop et le rock progressif.<\/p>\n<p class=\"isSelectedEnd\">Cet anniversaire raconte l\u2019histoire d\u2019un \u00e9v\u00e9nement qui, depuis 2006, a contribu\u00e9 \u00e0 faire de la Principaut\u00e9 de Monaco l\u2019un des rendez-vous internationaux de r\u00e9f\u00e9rence pour la grande musique en direct. Pour cette vingti\u00e8me \u00e9dition, le festival mise une nouvelle fois sur la qualit\u00e9 des artistes et sur la rencontre entre diff\u00e9rents langages musicaux, confirmant une formule qui a su s\u00e9duire le public et les passionn\u00e9s au fil des ann\u00e9es.<\/p>\n<h2>Une \u00e9dition sp\u00e9ciale plac\u00e9e sous le signe de Jean-Ren\u00e9 Palacio<\/h2>\n<p class=\"isSelectedEnd\">La pr\u00e9sentation officielle du programme, organis\u00e9e le <strong>3 septembre<\/strong>, s\u2019est ouverte par un hommage \u00e0 <strong>Jean-Ren\u00e9 Palacio<\/strong>, cr\u00e9ateur du Monte-Carlo Jazz Festival en 2006 et figure majeure de la direction artistique de Monte-Carlo Soci\u00e9t\u00e9 des Bains de Mer jusqu\u2019\u00e0 sa disparition en 2021.<\/p>\n<p class=\"isSelectedEnd\">St\u00e9phane Valeri, Pr\u00e9sident-D\u00e9l\u00e9gu\u00e9 de Monte-Carlo Soci\u00e9t\u00e9 des Bains de Mer, a souhait\u00e9 rendre hommage \u00e0 celui qui a imagin\u00e9 un festival construit d\u00e8s l\u2019origine autour d\u2019une id\u00e9e forte : faire du jazz un langage ouvert, capable de dialoguer avec les cultures, les g\u00e9n\u00e9rations et les diff\u00e9rents genres musicaux.<\/p>\n<p class=\"isSelectedEnd\">Aujourd\u2019hui, cette aventure se poursuit sous la direction artistique d\u2019<strong>Alfonso Ciulla<\/strong>, aux c\u00f4t\u00e9s du co-programmateur <strong>Reno Di Matteo<\/strong>, avec la volont\u00e9 de pr\u00e9server l\u2019esprit originel du festival : une proposition artistique internationale, curieuse et sans fronti\u00e8res.<\/p>\n<h2>Monte-Carlo Jazz Festival 2026 : le programme et les artistes<\/h2>\n<p class=\"isSelectedEnd\">Le festival s\u2019ouvrira le <strong>18 novembre<\/strong> avec l\u2019un de ses rendez-vous les plus embl\u00e9matiques : le traditionnel <strong>concert gratuit des jeunes de l\u2019Acad\u00e9mie Rainier III<\/strong>. Un moment symbolique qui place les nouvelles g\u00e9n\u00e9rations au c\u0153ur de la manifestation et souligne l\u2019importance de la formation musicale.<\/p>\n<p class=\"isSelectedEnd\">Le <strong>20 novembre<\/strong> sera consacr\u00e9 \u00e0 deux grandes figures de la sc\u00e8ne internationale. <strong>Youn Sun Nah<\/strong>, artiste \u00e0 la voix intense et \u00e0 l\u2019extraordinaire palette expressive, montera sur sc\u00e8ne avant <strong>Gr\u00e9gory Porter<\/strong>, l\u2019une des voix les plus reconnaissables du jazz contemporain et double laur\u00e9at des Grammy Awards.<\/p>\n<p class=\"isSelectedEnd\">Le lendemain, <strong>21 novembre<\/strong>, la Salle Garnier accueillera le <strong>Thanda Choir<\/strong>, un ensemble compos\u00e9 de quinze jeunes artistes sud-africains \u00e0 l\u2019occasion de leur premi\u00e8re tourn\u00e9e internationale. La soir\u00e9e comptera \u00e9galement parmi ses grandes invit\u00e9es <strong>Melody Gardot<\/strong>, chanteuse et auteure-compositrice am\u00e9ricaine appr\u00e9ci\u00e9e dans le monde entier pour son \u00e9l\u00e9gance et sa voix imm\u00e9diatement identifiable.<\/p>\n<h2>Jazz et cin\u00e9ma : hommage \u00e0 Frank Sinatra<\/h2>\n<p class=\"isSelectedEnd\">Le <strong>22 novembre<\/strong>, le Monte-Carlo Jazz Festival proposera une rencontre entre musique et grand cin\u00e9ma avec la projection de <em>L\u2019Homme au bras d\u2019or<\/em>, le c\u00e9l\u00e8bre film r\u00e9alis\u00e9 par <strong>Otto Preminger<\/strong>.<\/p>\n<p class=\"isSelectedEnd\">Avec <strong>Frank Sinatra<\/strong> dans le r\u00f4le de Frankie Machine, cette \u0153uvre constitue l\u2019un des rendez-vous les plus originaux du programme et illustre la volont\u00e9 du festival d\u2019\u00e9largir son univers au-del\u00e0 du concert traditionnel, en explorant les liens entre le jazz, l\u2019image et la culture contemporaine.<\/p>\n<h2>Soul, nouvelles voix et grandes figures internationales<\/h2>\n<p class=\"isSelectedEnd\">Le <strong>25 novembre<\/strong> sera consacr\u00e9 aux nouvelles g\u00e9n\u00e9rations et aux sonorit\u00e9s soul. Sur sc\u00e8ne, le public d\u00e9couvrira <strong>Tyreek McDole<\/strong>, jeune talent \u00e0 la forte identit\u00e9 artistique et aux racines carib\u00e9ennes, d\u00e9j\u00e0 r\u00e9compens\u00e9 malgr\u00e9 son jeune \u00e2ge.<\/p>\n<p class=\"isSelectedEnd\">Il sera suivi de <strong>Selah Sue<\/strong>, l\u2019une des artistes belges les plus reconnues de la sc\u00e8ne soul-pop europ\u00e9enne, accompagn\u00e9e des Gallands.<\/p>\n<p class=\"isSelectedEnd\">Le <strong>26 novembre<\/strong>, place \u00e0 deux formations issues d\u2019univers musicaux diff\u00e9rents mais r\u00e9unies par une m\u00eame \u00e9nergie cr\u00e9ative. Le trio britannique <strong>GoGo Penguin<\/strong> pr\u00e9sentera son nouvel album <em>Necessary Fictions<\/em>, tandis que <strong>The Brand New Heavies<\/strong>, pionniers de l\u2019acid jazz, apporteront \u00e0 Monaco leur m\u00e9lange incomparable de funk, de groove et de soul.<\/p>\n<h2>Marillion, vedettes d\u2019une grande soir\u00e9e rock<\/h2>\n<p class=\"isSelectedEnd\">Le <strong>27 novembre<\/strong>, le Monte-Carlo Jazz Festival changera r\u00e9solument d\u2019atmosph\u00e8re avec une soir\u00e9e enti\u00e8rement consacr\u00e9e \u00e0 <strong>Marillion<\/strong>.<\/p>\n<p class=\"isSelectedEnd\">Le groupe britannique historique, r\u00e9f\u00e9rence incontournable du rock progressif international, sera le seul protagoniste de la soir\u00e9e. Sa pr\u00e9sence t\u00e9moigne une nouvelle fois de l\u2019identit\u00e9 ouverte et transversale du festival, toujours pr\u00eat \u00e0 d\u00e9passer les fronti\u00e8res traditionnelles entre les genres.<\/p>\n<p class=\"isSelectedEnd\">Auteurs de titres devenus des classiques de la musique britannique, comme <em>Kayleigh<\/em> et <em>Lavender<\/em>, les Marillion offriront sur la sc\u00e8ne de la Salle Garnier l\u2019un des concerts les plus attendus de cette \u00e9dition 2026.<\/p>\n<h2>Lila-May et Thomas Dutronc : entre nouvelles tendances et grands classiques<\/h2>\n<p class=\"isSelectedEnd\">Le <strong>28 novembre<\/strong>, ce sera au tour de <strong>Lila-May<\/strong>, jeune artiste fran\u00e7aise consid\u00e9r\u00e9e comme l\u2019une des nouvelles r\u00e9v\u00e9lations de la sc\u00e8ne musicale et d\u00e9j\u00e0 port\u00e9e par un important succ\u00e8s sur les plateformes num\u00e9riques et TikTok.<\/p>\n<p class=\"isSelectedEnd\">La deuxi\u00e8me partie de la soir\u00e9e sera confi\u00e9e \u00e0 <strong>Thomas Dutronc<\/strong>, qui rendra hommage dans son nouveau spectacle \u00e0 de grandes figures de l\u2019histoire de la musique telles que <strong>Chet Baker<\/strong> et <strong>Django Reinhardt<\/strong>, sans oublier les classiques qui ont contribu\u00e9 \u00e0 fa\u00e7onner le langage du jazz.<\/p>\n<p class=\"isSelectedEnd\">Un rendez-vous qui r\u00e9unira ainsi nouvelles tendances, culture num\u00e9rique et patrimoine musical.<\/p>\n<h2>Une grande finale avec le Soweto Gospel Choir<\/h2>\n<p class=\"isSelectedEnd\">Le <strong>Monte-Carlo Jazz Festival 2026<\/strong> s\u2019ach\u00e8vera le <strong>29 novembre<\/strong> avec le retour du <strong>Soweto Gospel Choir<\/strong>.<\/p>\n<p class=\"isSelectedEnd\">Le c\u00e9l\u00e8bre ch\u0153ur sud-africain, triple laur\u00e9at des Grammy Awards et d\u00e9j\u00e0 chaleureusement applaudi par le public mon\u00e9gasque en 2013, pr\u00e9sentera son spectacle <em>JOY<\/em>. Un titre qui r\u00e9sume parfaitement l\u2019esprit de cette performance : musique, chant, danse et une forte dimension collective.<\/p>\n<p class=\"isSelectedEnd\">\u00c0 travers les traditions musicales de l\u2019Afrique du Sud, le Soweto Gospel Choir portera sur sc\u00e8ne des messages d\u2019espoir, d\u2019unit\u00e9 et de r\u00e9silience, offrant au public une conclusion intense et spectaculaire pour cette vingti\u00e8me \u00e9dition.<\/p>\n<h2>Un festival qui est aussi une exp\u00e9rience<\/h2>\n<p class=\"isSelectedEnd\">Le Monte-Carlo Jazz Festival ne se r\u00e9sume pas \u00e0 une succession de concerts. La manifestation accorde \u00e9galement une place importante \u00e0 l\u2019exp\u00e9rience du public et \u00e0 l\u2019atmosph\u00e8re unique de la Salle Garnier.<\/p>\n<p class=\"isSelectedEnd\">Lors des soir\u00e9es proposant deux concerts, les spectateurs pourront se retrouver pendant l\u2019entracte dans l\u2019\u00e9l\u00e9gant espace de <strong>La Rotonde<\/strong>, autour de cocktails et de propositions sp\u00e9cialement imagin\u00e9es pour c\u00e9l\u00e9brer l\u2019anniversaire du festival, notamment des cappuccinos personnalis\u00e9s avec le logo des 20 ans.<\/p>\n<p class=\"isSelectedEnd\">Un d\u00e9tail qui contribue \u00e0 transformer chaque rendez-vous en une exp\u00e9rience plus compl\u00e8te, o\u00f9 la musique rencontre l\u2019art de l\u2019hospitalit\u00e9 et l\u2019\u00e9l\u00e9gance qui caract\u00e9risent Monaco.<\/p>\n<h2>Vingt ans de Monte-Carlo Jazz Festival, le regard tourn\u00e9 vers l\u2019avenir<\/h2>\n<p class=\"isSelectedEnd\">De <strong>2006 \u00e0 2026<\/strong>, le Monte-Carlo Jazz Festival a accueilli des artistes fran\u00e7ais et internationaux, de grandes figures de la musique comme de nouveaux talents prometteurs, construisant progressivement une identit\u00e9 forte et singuli\u00e8re.<\/p>\n<p class=\"isSelectedEnd\">Le jazz demeure au c\u0153ur de la manifestation, mais la programmation continue de s\u2019ouvrir \u00e0 la soul, au gospel, au rock, au funk et aux nouvelles expressions musicales. C\u2019est pr\u00e9cis\u00e9ment cette capacit\u00e9 \u00e0 \u00e9voluer sans perdre son identit\u00e9 qui accompagne le festival depuis vingt ans.<\/p>\n<p class=\"isSelectedEnd\">L\u2019\u00e9dition 2026 ne repr\u00e9sente donc pas seulement une c\u00e9l\u00e9bration du pass\u00e9, mais \u00e9galement une v\u00e9ritable d\u00e9claration d\u2019intention pour l\u2019avenir : continuer \u00e0 raconter la musique comme un espace de rencontre, de libert\u00e9 et de dialogue artistique.<\/p>\n<p><strong>Du 18 au 29 novembre 2026, la Salle Garnier de Monaco redeviendra ainsi la sc\u00e8ne d\u2019un grand voyage musical international, c\u00e9l\u00e9brant vingt ans d\u2019histoire et de nouvelles \u00e9motions encore \u00e0 \u00e9crire.<\/strong><\/p>\n","protected":false},"excerpt":{"rendered":"<p>MONACO \u2013 Vingt ans de musique, de rencontres et de croisements artistiques. Le Monte-Carlo Jazz Festival 2026 c\u00e9l\u00e8bre un anniversaire majeur et revient du 18 au 29 novembre dans le cadre prestigieux de la Salle Garnier de l\u2019Op\u00e9ra de Monte-Carlo, avec une programmation qui [&hellip;]<\/p>\n","protected":false},"author":1,"featured_media":34230,"comment_status":"closed","ping_status":"closed","sticky":false,"template":"","format":"standard","meta":{"footnotes":""},"categories":[827,875,828,867],"tags":[],"class_list":["post-34234","post","type-post","status-publish","format-standard","has-post-thumbnail","hentry","category-actualite","category-actualite-monaco","category-evenements","category-monaco-fr"],"yoast_head":"<!-- This site is optimized with the Yoast SEO plugin v28.4 - https:\/\/yoast.com\/product\/yoast-seo-wordpress\/ -->\n<title>Monte-Carlo Jazz Festival 2026<\/title>\n<meta name=\"description\" content=\"Monte-Carlo Jazz Festival 2026 : 20 ans de grande musique entre jazz, soul, gospel et rock. Du 18 au 29 novembre, une \u00e9dition exceptionnelle\" \/>\n<meta name=\"robots\" content=\"index, follow, max-snippet:-1, max-image-preview:large, max-video-preview:-1\" \/>\n<link rel=\"canonical\" href=\"https:\/\/montecarloliving.com\/fr\/actualite\/monte-carlo-jazz-festival-2026-20-ans-de-grande-musique-entre-jazz-soul-gospel-et-rock-34234\/\" \/>\n<meta property=\"og:locale\" content=\"fr_FR\" \/>\n<meta property=\"og:title\" content=\"Monte-Carlo Jazz Festival 2026\" \/>\n<meta property=\"og:description\" content=\"Monte-Carlo Jazz Festival 2026 : 20 ans de grande musique entre jazz, soul, gospel et rock. Du 18 au 29 novembre, une \u00e9dition exceptionnelle\" \/>\n<meta property=\"og:url\" content=\"https:\/\/montecarloliving.com\/fr\/actualite\/monte-carlo-jazz-festival-2026-20-ans-de-grande-musique-entre-jazz-soul-gospel-et-rock-34234\/\" \/>\n<meta property=\"og:site_name\" content=\"Montecarlo Living\" \/>\n<meta property=\"article:publisher\" content=\"https:\/\/www.facebook.com\/montecarlolivingcom\/\" \/>\n<meta property=\"article:published_time\" content=\"2026-09-04T07:41:49+00:00\" \/>\n<meta property=\"og:image\" content=\"https:\/\/montecarloliving.com\/wp-content\/uploads\/2026\/09\/bdUDrPgE7u1Fcq4JY7y3KBleCIXFezRAkcmr5cdp-1-650x400.jpg\" \/>\n\t<meta property=\"og:image:width\" content=\"650\" \/>\n\t<meta property=\"og:image:height\" content=\"400\" \/>\n\t<meta property=\"og:image:type\" content=\"image\/jpeg\" \/>\n<meta name=\"author\" content=\"Redazione\" \/>\n<meta name=\"twitter:card\" content=\"summary_large_image\" \/>\n<meta name=\"twitter:creator\" content=\"@MonteCarloLivi\" \/>\n<meta name=\"twitter:site\" content=\"@MonteCarloLivi\" \/>\n<meta name=\"twitter:label1\" content=\"\u00c9crit par\" \/>\n\t<meta name=\"twitter:data1\" content=\"Redazione\" \/>\n<script type=\"application\/ld+json\" class=\"yoast-schema-graph\">{\"@context\":\"https:\\\/\\\/schema.org\",\"@graph\":[{\"@type\":\"Article\",\"@id\":\"https:\\\/\\\/montecarloliving.com\\\/fr\\\/actualite\\\/monte-carlo-jazz-festival-2026-20-ans-de-grande-musique-entre-jazz-soul-gospel-et-rock-34234\\\/#article\",\"isPartOf\":{\"@id\":\"https:\\\/\\\/montecarloliving.com\\\/fr\\\/actualite\\\/monte-carlo-jazz-festival-2026-20-ans-de-grande-musique-entre-jazz-soul-gospel-et-rock-34234\\\/\"},\"author\":{\"name\":\"Redazione\",\"@id\":\"https:\\\/\\\/montecarloliving.com\\\/fr\\\/#\\\/schema\\\/person\\\/7e5945d4560862b7f2d2c6831bda2819\"},\"headline\":\"Monte-Carlo Jazz Festival 2026: 20 ans de grande musique entre jazz, soul, gospel et rock\",\"datePublished\":\"2026-09-04T07:41:49+00:00\",\"mainEntityOfPage\":{\"@id\":\"https:\\\/\\\/montecarloliving.com\\\/fr\\\/actualite\\\/monte-carlo-jazz-festival-2026-20-ans-de-grande-musique-entre-jazz-soul-gospel-et-rock-34234\\\/\"},\"wordCount\":1330,\"image\":{\"@id\":\"https:\\\/\\\/montecarloliving.com\\\/fr\\\/actualite\\\/monte-carlo-jazz-festival-2026-20-ans-de-grande-musique-entre-jazz-soul-gospel-et-rock-34234\\\/#primaryimage\"},\"thumbnailUrl\":\"https:\\\/\\\/montecarloliving.com\\\/wp-content\\\/uploads\\\/2026\\\/09\\\/bdUDrPgE7u1Fcq4JY7y3KBleCIXFezRAkcmr5cdp-1-scaled.jpg\",\"articleSection\":[\"Actualit\u00e9\",\"Actualit\u00e9 \u00e0 Monaco\",\"\u00c9v\u00e9nements\",\"Monaco\"],\"inLanguage\":\"fr-FR\"},{\"@type\":\"WebPage\",\"@id\":\"https:\\\/\\\/montecarloliving.com\\\/fr\\\/actualite\\\/monte-carlo-jazz-festival-2026-20-ans-de-grande-musique-entre-jazz-soul-gospel-et-rock-34234\\\/\",\"url\":\"https:\\\/\\\/montecarloliving.com\\\/fr\\\/actualite\\\/monte-carlo-jazz-festival-2026-20-ans-de-grande-musique-entre-jazz-soul-gospel-et-rock-34234\\\/\",\"name\":\"Monte-Carlo Jazz Festival 2026\",\"isPartOf\":{\"@id\":\"https:\\\/\\\/montecarloliving.com\\\/fr\\\/#website\"},\"primaryImageOfPage\":{\"@id\":\"https:\\\/\\\/montecarloliving.com\\\/fr\\\/actualite\\\/monte-carlo-jazz-festival-2026-20-ans-de-grande-musique-entre-jazz-soul-gospel-et-rock-34234\\\/#primaryimage\"},\"image\":{\"@id\":\"https:\\\/\\\/montecarloliving.com\\\/fr\\\/actualite\\\/monte-carlo-jazz-festival-2026-20-ans-de-grande-musique-entre-jazz-soul-gospel-et-rock-34234\\\/#primaryimage\"},\"thumbnailUrl\":\"https:\\\/\\\/montecarloliving.com\\\/wp-content\\\/uploads\\\/2026\\\/09\\\/bdUDrPgE7u1Fcq4JY7y3KBleCIXFezRAkcmr5cdp-1-scaled.jpg\",\"datePublished\":\"2026-09-04T07:41:49+00:00\",\"author\":{\"@id\":\"https:\\\/\\\/montecarloliving.com\\\/fr\\\/#\\\/schema\\\/person\\\/7e5945d4560862b7f2d2c6831bda2819\"},\"description\":\"Monte-Carlo Jazz Festival 2026 : 20 ans de grande musique entre jazz, soul, gospel et rock. Du 18 au 29 novembre, une \u00e9dition exceptionnelle\",\"breadcrumb\":{\"@id\":\"https:\\\/\\\/montecarloliving.com\\\/fr\\\/actualite\\\/monte-carlo-jazz-festival-2026-20-ans-de-grande-musique-entre-jazz-soul-gospel-et-rock-34234\\\/#breadcrumb\"},\"inLanguage\":\"fr-FR\",\"potentialAction\":[{\"@type\":\"ReadAction\",\"target\":[\"https:\\\/\\\/montecarloliving.com\\\/fr\\\/actualite\\\/monte-carlo-jazz-festival-2026-20-ans-de-grande-musique-entre-jazz-soul-gospel-et-rock-34234\\\/\"]}]},{\"@type\":\"ImageObject\",\"inLanguage\":\"fr-FR\",\"@id\":\"https:\\\/\\\/montecarloliving.com\\\/fr\\\/actualite\\\/monte-carlo-jazz-festival-2026-20-ans-de-grande-musique-entre-jazz-soul-gospel-et-rock-34234\\\/#primaryimage\",\"url\":\"https:\\\/\\\/montecarloliving.com\\\/wp-content\\\/uploads\\\/2026\\\/09\\\/bdUDrPgE7u1Fcq4JY7y3KBleCIXFezRAkcmr5cdp-1-scaled.jpg\",\"contentUrl\":\"https:\\\/\\\/montecarloliving.com\\\/wp-content\\\/uploads\\\/2026\\\/09\\\/bdUDrPgE7u1Fcq4JY7y3KBleCIXFezRAkcmr5cdp-1-scaled.jpg\",\"width\":2560,\"height\":1706},{\"@type\":\"BreadcrumbList\",\"@id\":\"https:\\\/\\\/montecarloliving.com\\\/fr\\\/actualite\\\/monte-carlo-jazz-festival-2026-20-ans-de-grande-musique-entre-jazz-soul-gospel-et-rock-34234\\\/#breadcrumb\",\"itemListElement\":[{\"@type\":\"ListItem\",\"position\":1,\"name\":\"Home\",\"item\":\"https:\\\/\\\/montecarloliving.com\\\/fr\\\/\"},{\"@type\":\"ListItem\",\"position\":2,\"name\":\"Monte-Carlo Jazz Festival 2026: 20 ans de grande musique entre jazz, soul, gospel et rock\"}]},{\"@type\":\"WebSite\",\"@id\":\"https:\\\/\\\/montecarloliving.com\\\/fr\\\/#website\",\"url\":\"https:\\\/\\\/montecarloliving.com\\\/fr\\\/\",\"name\":\"Montecarlo Living\",\"description\":\"News da Montecarlo - Principato di Monaco e Costa Azzurra\",\"potentialAction\":[{\"@type\":\"SearchAction\",\"target\":{\"@type\":\"EntryPoint\",\"urlTemplate\":\"https:\\\/\\\/montecarloliving.com\\\/fr\\\/?s={search_term_string}\"},\"query-input\":{\"@type\":\"PropertyValueSpecification\",\"valueRequired\":true,\"valueName\":\"search_term_string\"}}],\"inLanguage\":\"fr-FR\"},{\"@type\":\"Person\",\"@id\":\"https:\\\/\\\/montecarloliving.com\\\/fr\\\/#\\\/schema\\\/person\\\/7e5945d4560862b7f2d2c6831bda2819\",\"name\":\"Redazione\",\"image\":{\"@type\":\"ImageObject\",\"inLanguage\":\"fr-FR\",\"@id\":\"https:\\\/\\\/secure.gravatar.com\\\/avatar\\\/8b5f26557e18fe74ad8e8a57ebb2925d88af8a90cee489ff2beefb391bc9b9c7?s=96&d=mm&r=g\",\"url\":\"https:\\\/\\\/secure.gravatar.com\\\/avatar\\\/8b5f26557e18fe74ad8e8a57ebb2925d88af8a90cee489ff2beefb391bc9b9c7?s=96&d=mm&r=g\",\"contentUrl\":\"https:\\\/\\\/secure.gravatar.com\\\/avatar\\\/8b5f26557e18fe74ad8e8a57ebb2925d88af8a90cee489ff2beefb391bc9b9c7?s=96&d=mm&r=g\",\"caption\":\"Redazione\"}}]}<\/script>\n<!-- \/ Yoast SEO plugin. -->","yoast_head_json":{"title":"Monte-Carlo Jazz Festival 2026","description":"Monte-Carlo Jazz Festival 2026 : 20 ans de grande musique entre jazz, soul, gospel et rock. Du 18 au 29 novembre, une \u00e9dition exceptionnelle","robots":{"index":"index","follow":"follow","max-snippet":"max-snippet:-1","max-image-preview":"max-image-preview:large","max-video-preview":"max-video-preview:-1"},"canonical":"https:\/\/montecarloliving.com\/fr\/actualite\/monte-carlo-jazz-festival-2026-20-ans-de-grande-musique-entre-jazz-soul-gospel-et-rock-34234\/","og_locale":"fr_FR","og_title":"Monte-Carlo Jazz Festival 2026","og_description":"Monte-Carlo Jazz Festival 2026 : 20 ans de grande musique entre jazz, soul, gospel et rock. Du 18 au 29 novembre, une \u00e9dition exceptionnelle","og_url":"https:\/\/montecarloliving.com\/fr\/actualite\/monte-carlo-jazz-festival-2026-20-ans-de-grande-musique-entre-jazz-soul-gospel-et-rock-34234\/","og_site_name":"Montecarlo Living","article_publisher":"https:\/\/www.facebook.com\/montecarlolivingcom\/","article_published_time":"2026-09-04T07:41:49+00:00","og_image":[{"width":650,"height":400,"url":"https:\/\/montecarloliving.com\/wp-content\/uploads\/2026\/09\/bdUDrPgE7u1Fcq4JY7y3KBleCIXFezRAkcmr5cdp-1-650x400.jpg","type":"image\/jpeg"}],"author":"Redazione","twitter_card":"summary_large_image","twitter_creator":"@MonteCarloLivi","twitter_site":"@MonteCarloLivi","twitter_misc":{"\u00c9crit par":"Redazione"},"schema":{"@context":"https:\/\/schema.org","@graph":[{"@type":"Article","@id":"https:\/\/montecarloliving.com\/fr\/actualite\/monte-carlo-jazz-festival-2026-20-ans-de-grande-musique-entre-jazz-soul-gospel-et-rock-34234\/#article","isPartOf":{"@id":"https:\/\/montecarloliving.com\/fr\/actualite\/monte-carlo-jazz-festival-2026-20-ans-de-grande-musique-entre-jazz-soul-gospel-et-rock-34234\/"},"author":{"name":"Redazione","@id":"https:\/\/montecarloliving.com\/fr\/#\/schema\/person\/7e5945d4560862b7f2d2c6831bda2819"},"headline":"Monte-Carlo Jazz Festival 2026: 20 ans de grande musique entre jazz, soul, gospel et rock","datePublished":"2026-09-04T07:41:49+00:00","mainEntityOfPage":{"@id":"https:\/\/montecarloliving.com\/fr\/actualite\/monte-carlo-jazz-festival-2026-20-ans-de-grande-musique-entre-jazz-soul-gospel-et-rock-34234\/"},"wordCount":1330,"image":{"@id":"https:\/\/montecarloliving.com\/fr\/actualite\/monte-carlo-jazz-festival-2026-20-ans-de-grande-musique-entre-jazz-soul-gospel-et-rock-34234\/#primaryimage"},"thumbnailUrl":"https:\/\/montecarloliving.com\/wp-content\/uploads\/2026\/09\/bdUDrPgE7u1Fcq4JY7y3KBleCIXFezRAkcmr5cdp-1-scaled.jpg","articleSection":["Actualit\u00e9","Actualit\u00e9 \u00e0 Monaco","\u00c9v\u00e9nements","Monaco"],"inLanguage":"fr-FR"},{"@type":"WebPage","@id":"https:\/\/montecarloliving.com\/fr\/actualite\/monte-carlo-jazz-festival-2026-20-ans-de-grande-musique-entre-jazz-soul-gospel-et-rock-34234\/","url":"https:\/\/montecarloliving.com\/fr\/actualite\/monte-carlo-jazz-festival-2026-20-ans-de-grande-musique-entre-jazz-soul-gospel-et-rock-34234\/","name":"Monte-Carlo Jazz Festival 2026","isPartOf":{"@id":"https:\/\/montecarloliving.com\/fr\/#website"},"primaryImageOfPage":{"@id":"https:\/\/montecarloliving.com\/fr\/actualite\/monte-carlo-jazz-festival-2026-20-ans-de-grande-musique-entre-jazz-soul-gospel-et-rock-34234\/#primaryimage"},"image":{"@id":"https:\/\/montecarloliving.com\/fr\/actualite\/monte-carlo-jazz-festival-2026-20-ans-de-grande-musique-entre-jazz-soul-gospel-et-rock-34234\/#primaryimage"},"thumbnailUrl":"https:\/\/montecarloliving.com\/wp-content\/uploads\/2026\/09\/bdUDrPgE7u1Fcq4JY7y3KBleCIXFezRAkcmr5cdp-1-scaled.jpg","datePublished":"2026-09-04T07:41:49+00:00","author":{"@id":"https:\/\/montecarloliving.com\/fr\/#\/schema\/person\/7e5945d4560862b7f2d2c6831bda2819"},"description":"Monte-Carlo Jazz Festival 2026 : 20 ans de grande musique entre jazz, soul, gospel et rock. Du 18 au 29 novembre, une \u00e9dition exceptionnelle","breadcrumb":{"@id":"https:\/\/montecarloliving.com\/fr\/actualite\/monte-carlo-jazz-festival-2026-20-ans-de-grande-musique-entre-jazz-soul-gospel-et-rock-34234\/#breadcrumb"},"inLanguage":"fr-FR","potentialAction":[{"@type":"ReadAction","target":["https:\/\/montecarloliving.com\/fr\/actualite\/monte-carlo-jazz-festival-2026-20-ans-de-grande-musique-entre-jazz-soul-gospel-et-rock-34234\/"]}]},{"@type":"ImageObject","inLanguage":"fr-FR","@id":"https:\/\/montecarloliving.com\/fr\/actualite\/monte-carlo-jazz-festival-2026-20-ans-de-grande-musique-entre-jazz-soul-gospel-et-rock-34234\/#primaryimage","url":"https:\/\/montecarloliving.com\/wp-content\/uploads\/2026\/09\/bdUDrPgE7u1Fcq4JY7y3KBleCIXFezRAkcmr5cdp-1-scaled.jpg","contentUrl":"https:\/\/montecarloliving.com\/wp-content\/uploads\/2026\/09\/bdUDrPgE7u1Fcq4JY7y3KBleCIXFezRAkcmr5cdp-1-scaled.jpg","width":2560,"height":1706},{"@type":"BreadcrumbList","@id":"https:\/\/montecarloliving.com\/fr\/actualite\/monte-carlo-jazz-festival-2026-20-ans-de-grande-musique-entre-jazz-soul-gospel-et-rock-34234\/#breadcrumb","itemListElement":[{"@type":"ListItem","position":1,"name":"Home","item":"https:\/\/montecarloliving.com\/fr\/"},{"@type":"ListItem","position":2,"name":"Monte-Carlo Jazz Festival 2026: 20 ans de grande musique entre jazz, soul, gospel et rock"}]},{"@type":"WebSite","@id":"https:\/\/montecarloliving.com\/fr\/#website","url":"https:\/\/montecarloliving.com\/fr\/","name":"Montecarlo Living","description":"News da Montecarlo - Principato di Monaco e Costa Azzurra","potentialAction":[{"@type":"SearchAction","target":{"@type":"EntryPoint","urlTemplate":"https:\/\/montecarloliving.com\/fr\/?s={search_term_string}"},"query-input":{"@type":"PropertyValueSpecification","valueRequired":true,"valueName":"search_term_string"}}],"inLanguage":"fr-FR"},{"@type":"Person","@id":"https:\/\/montecarloliving.com\/fr\/#\/schema\/person\/7e5945d4560862b7f2d2c6831bda2819","name":"Redazione","image":{"@type":"ImageObject","inLanguage":"fr-FR","@id":"https:\/\/secure.gravatar.com\/avatar\/8b5f26557e18fe74ad8e8a57ebb2925d88af8a90cee489ff2beefb391bc9b9c7?s=96&d=mm&r=g","url":"https:\/\/secure.gravatar.com\/avatar\/8b5f26557e18fe74ad8e8a57ebb2925d88af8a90cee489ff2beefb391bc9b9c7?s=96&d=mm&r=g","contentUrl":"https:\/\/secure.gravatar.com\/avatar\/8b5f26557e18fe74ad8e8a57ebb2925d88af8a90cee489ff2beefb391bc9b9c7?s=96&d=mm&r=g","caption":"Redazione"}}]}},"_links":{"self":[{"href":"https:\/\/montecarloliving.com\/fr\/wp-json\/wp\/v2\/posts\/34234","targetHints":{"allow":["GET"]}}],"collection":[{"href":"https:\/\/montecarloliving.com\/fr\/wp-json\/wp\/v2\/posts"}],"about":[{"href":"https:\/\/montecarloliving.com\/fr\/wp-json\/wp\/v2\/types\/post"}],"author":[{"embeddable":true,"href":"https:\/\/montecarloliving.com\/fr\/wp-json\/wp\/v2\/users\/1"}],"replies":[{"embeddable":true,"href":"https:\/\/montecarloliving.com\/fr\/wp-json\/wp\/v2\/comments?post=34234"}],"version-history":[{"count":1,"href":"https:\/\/montecarloliving.com\/fr\/wp-json\/wp\/v2\/posts\/34234\/revisions"}],"predecessor-version":[{"id":34235,"href":"https:\/\/montecarloliving.com\/fr\/wp-json\/wp\/v2\/posts\/34234\/revisions\/34235"}],"wp:featuredmedia":[{"embeddable":true,"href":"https:\/\/montecarloliving.com\/fr\/wp-json\/wp\/v2\/media\/34230"}],"wp:attachment":[{"href":"https:\/\/montecarloliving.com\/fr\/wp-json\/wp\/v2\/media?parent=34234"}],"wp:term":[{"taxonomy":"category","embeddable":true,"href":"https:\/\/montecarloliving.com\/fr\/wp-json\/wp\/v2\/categories?post=34234"},{"taxonomy":"post_tag","embeddable":true,"href":"https:\/\/montecarloliving.com\/fr\/wp-json\/wp\/v2\/tags?post=34234"}],"curies":[{"name":"wp","href":"https:\/\/api.w.org\/{rel}","templated":true}]}}