{"id":34224,"date":"2026-09-04T08:21:28","date_gmt":"2026-09-04T06:21:28","guid":{"rendered":"https:\/\/montecarloliving.com\/?p=34224"},"modified":"2026-09-03T13:27:01","modified_gmt":"2026-09-03T11:27:01","slug":"monaco-et-conseil-de-leurope-prince-albert-ii-et-princesse-charlene-accueillent-les-ambassadeurs-au-palais","status":"publish","type":"post","link":"https:\/\/montecarloliving.com\/fr\/actualite\/monaco-et-conseil-de-leurope-prince-albert-ii-et-princesse-charlene-accueillent-les-ambassadeurs-au-palais-34224\/","title":{"rendered":"Monaco et le Conseil de l\u2019Europe: le Prince Albert II et la Princesse Charl\u00e8ne accueillent les ambassadeurs au Palais"},"content":{"rendered":"<p class=\"isSelectedEnd\">La <strong>Principaut\u00e9 de Monaco<\/strong> a accueilli au Palais Princier une d\u00e9l\u00e9gation de haut niveau du <strong>Conseil de l\u2019Europe<\/strong>, \u00e0 l\u2019occasion de la Pr\u00e9sidence mon\u00e9gasque du Comit\u00e9 des Ministres. Le <strong>Prince Albert II<\/strong> et la <strong>Princesse Charl\u00e8ne<\/strong> ont re\u00e7u les ambassadeurs et repr\u00e9sentants permanents des <strong>46 \u00c9tats membres de l\u2019organisation<\/strong>, lors d\u2019une rencontre qui a mis en lumi\u00e8re le r\u00f4le de Monaco dans le dialogue institutionnel europ\u00e9en.<\/p>\n<p class=\"isSelectedEnd\">Cette r\u00e9ception s\u2019est d\u00e9roul\u00e9e dans le cadre de la <strong>1567e r\u00e9union des D\u00e9l\u00e9gu\u00e9s des Ministres<\/strong> et a constitu\u00e9 l\u2019un des rendez-vous majeurs de la Pr\u00e9sidence de la Principaut\u00e9. La rencontre au Palais a \u00e9galement permis de rappeler l\u2019importance de la coop\u00e9ration entre les \u00c9tats europ\u00e9ens dans un contexte international marqu\u00e9 par les tensions et de profondes transformations.<\/p>\n<h3>Le Prince Albert II souligne l\u2019importance du dialogue et du multilat\u00e9ralisme<\/h3>\n<p class=\"isSelectedEnd\">Au cours de cette rencontre, <strong>le Prince Albert II de Monaco<\/strong> a rappel\u00e9 les principes qui guident l\u2019engagement de la Principaut\u00e9 au sein du Conseil de l\u2019Europe.<\/p>\n<p class=\"isSelectedEnd\">Une attention particuli\u00e8re a \u00e9t\u00e9 accord\u00e9e au <strong>multilat\u00e9ralisme, au dialogue entre les \u00c9tats et \u00e0 la protection de l\u2019\u00c9tat de droit<\/strong>, pr\u00e9sent\u00e9s comme des \u00e9l\u00e9ments essentiels pour r\u00e9pondre aux transformations et aux d\u00e9fis auxquels les soci\u00e9t\u00e9s europ\u00e9ennes sont aujourd\u2019hui confront\u00e9es.<\/p>\n<p class=\"isSelectedEnd\">Le Souverain a \u00e9galement soulign\u00e9 le r\u00f4le du Conseil de l\u2019Europe dans la promotion du dialogue et de la coop\u00e9ration entre ses \u00c9tats membres, notamment dans un environnement international marqu\u00e9 par l\u2019instabilit\u00e9 et l\u2019apparition de nouveaux d\u00e9fis communs.<\/p>\n<p class=\"isSelectedEnd\">La Pr\u00e9sidence mon\u00e9gasque du Comit\u00e9 des Ministres repr\u00e9sente ainsi une responsabilit\u00e9 institutionnelle importante pour la Principaut\u00e9, qui peut contribuer aux discussions consacr\u00e9es aux grandes questions concernant l\u2019Europe.<\/p>\n<h3>Les repr\u00e9sentants des 46 \u00c9tats membres r\u00e9unis au Palais<\/h3>\n<p class=\"isSelectedEnd\">La r\u00e9ception a r\u00e9uni \u00e0 Monaco les ambassadeurs et repr\u00e9sentants permanents des <strong>46 \u00c9tats membres du Conseil de l\u2019Europe<\/strong>, soulignant la dimension internationale de l\u2019\u00e9v\u00e9nement.<\/p>\n<p class=\"isSelectedEnd\">Parmi les personnalit\u00e9s pr\u00e9sentes figuraient notamment le <strong>Secr\u00e9taire G\u00e9n\u00e9ral du Conseil de l\u2019Europe, Alain Berset<\/strong>, ainsi que la <strong>Vice-Secr\u00e9taire G\u00e9n\u00e9rale Tanja Gonggrijp<\/strong>, aux c\u00f4t\u00e9s des autres repr\u00e9sentants diplomatiques et institutionnels.<\/p>\n<p class=\"isSelectedEnd\">La pr\u00e9sence des d\u00e9l\u00e9gations au Palais Princier a donn\u00e9 \u00e0 cette rencontre une dimension particuli\u00e8rement significative dans le cadre de la Pr\u00e9sidence mon\u00e9gasque, pla\u00e7ant Monaco au centre d\u2019un \u00e9change consacr\u00e9 aux valeurs et aux principes partag\u00e9s au niveau europ\u00e9en.<\/p>\n<h3>Une photo officielle dans la Cour d\u2019Honneur du Palais<\/h3>\n<p class=\"isSelectedEnd\">\u00c0 l\u2019issue de la visite, <strong>le Prince Albert II et la Princesse Charl\u00e8ne<\/strong> ont particip\u00e9 \u00e0 la traditionnelle photo officielle aux c\u00f4t\u00e9s des ambassadeurs et repr\u00e9sentants du Conseil de l\u2019Europe.<\/p>\n<p class=\"isSelectedEnd\">La photographie a \u00e9t\u00e9 r\u00e9alis\u00e9e dans la <strong>Cour d\u2019Honneur du Palais Princier<\/strong>, offrant une image symbolique de la rencontre entre la Famille Princi\u00e8re et les d\u00e9l\u00e9gations des 46 \u00c9tats membres.<\/p>\n<p class=\"isSelectedEnd\">Cette r\u00e9ception a ainsi associ\u00e9 la dimension institutionnelle de la Pr\u00e9sidence du Comit\u00e9 des Ministres au r\u00f4le diplomatique de la Principaut\u00e9, r\u00e9affirmant la volont\u00e9 de Monaco de contribuer au dialogue europ\u00e9en.<\/p>\n<h3>Monaco renforce sa pr\u00e9sence sur la sc\u00e8ne europ\u00e9enne<\/h3>\n<p class=\"isSelectedEnd\">La r\u00e9ception des ambassadeurs au Palais constitue l\u2019un des temps forts de la <strong>Pr\u00e9sidence mon\u00e9gasque du Comit\u00e9 des Ministres du Conseil de l\u2019Europe<\/strong>. Pour la Principaut\u00e9, assurer cette pr\u00e9sidence signifie \u00e9galement mettre en avant des enjeux tels que la coop\u00e9ration internationale, le respect de l\u2019\u00c9tat de droit et la n\u00e9cessit\u00e9 de pr\u00e9server des espaces de dialogue.<\/p>\n<p class=\"isSelectedEnd\">Dans une Europe confront\u00e9e \u00e0 un contexte g\u00e9opolitique complexe, la rencontre organis\u00e9e \u00e0 Monaco a donc rev\u00eatu une port\u00e9e qui d\u00e9passe le simple cadre protocolaire. La pr\u00e9sence des d\u00e9l\u00e9gations des 46 \u00c9tats membres a constitu\u00e9 une occasion de r\u00e9affirmer la valeur des institutions multilat\u00e9rales et de la coop\u00e9ration entre les pays.<\/p>\n<p>Pour Monaco, la Pr\u00e9sidence du Comit\u00e9 des Ministres repr\u00e9sente ainsi une importante opportunit\u00e9 institutionnelle et diplomatique, renfor\u00e7ant la pr\u00e9sence de la Principaut\u00e9 dans le paysage europ\u00e9en et international.<\/p>\n<div id=\"attachment_34215\" style=\"width: 1546px\" class=\"wp-caption alignleft\"><img loading=\"lazy\" decoding=\"async\" aria-describedby=\"caption-attachment-34215\" class=\"wp-image-34215 size-full\" src=\"https:\/\/montecarloliving.com\/wp-content\/uploads\/2026\/09\/Albert-II_charlene_conseil-de-lEurope-1536x1025-1.jpg\" alt=\"Ft.\u00a9M.Alesi\/PalaisPrincier\" width=\"1536\" height=\"1025\" srcset=\"https:\/\/montecarloliving.com\/wp-content\/uploads\/2026\/09\/Albert-II_charlene_conseil-de-lEurope-1536x1025-1.jpg 1536w, https:\/\/montecarloliving.com\/wp-content\/uploads\/2026\/09\/Albert-II_charlene_conseil-de-lEurope-1536x1025-1-300x200.jpg 300w, https:\/\/montecarloliving.com\/wp-content\/uploads\/2026\/09\/Albert-II_charlene_conseil-de-lEurope-1536x1025-1-1024x683.jpg 1024w, https:\/\/montecarloliving.com\/wp-content\/uploads\/2026\/09\/Albert-II_charlene_conseil-de-lEurope-1536x1025-1-768x513.jpg 768w\" sizes=\"auto, (max-width: 1536px) 100vw, 1536px\" \/><p id=\"caption-attachment-34215\" class=\"wp-caption-text\">Ft.\u00a9M.Alesi\/PalaisPrincier<\/p><\/div>\n","protected":false},"excerpt":{"rendered":"<p>La Principaut\u00e9 de Monaco a accueilli au Palais Princier une d\u00e9l\u00e9gation de haut niveau du Conseil de l\u2019Europe, \u00e0 l\u2019occasion de la Pr\u00e9sidence mon\u00e9gasque du Comit\u00e9 des Ministres. Le Prince Albert II et la Princesse Charl\u00e8ne ont re\u00e7u les ambassadeurs et repr\u00e9sentants permanents des [&hellip;]<\/p>\n","protected":false},"author":1,"featured_media":34218,"comment_status":"closed","ping_status":"closed","sticky":false,"template":"","format":"standard","meta":{"footnotes":""},"categories":[827,875,867],"tags":[],"class_list":["post-34224","post","type-post","status-publish","format-standard","has-post-thumbnail","hentry","category-actualite","category-actualite-monaco","category-monaco-fr"],"yoast_head":"<!-- This site is optimized with the Yoast SEO plugin v28.4 - https:\/\/yoast.com\/product\/yoast-seo-wordpress\/ -->\n<title>Monaco et le Conseil de l\u2019Europe<\/title>\n<meta name=\"description\" content=\"Monaco et le Conseil de l\u2019Europe : le Prince Albert II et la Princesse Charl\u00e8ne accueillent les ambassadeurs au Palais\" \/>\n<meta name=\"robots\" content=\"index, follow, max-snippet:-1, max-image-preview:large, max-video-preview:-1\" \/>\n<link rel=\"canonical\" href=\"https:\/\/montecarloliving.com\/fr\/actualite\/monaco-et-conseil-de-leurope-prince-albert-ii-et-princesse-charlene-accueillent-les-ambassadeurs-au-palais-34224\/\" \/>\n<meta property=\"og:locale\" content=\"fr_FR\" \/>\n<meta property=\"og:title\" content=\"Monaco et le Conseil de l\u2019Europe\" \/>\n<meta property=\"og:description\" content=\"Monaco et le Conseil de l\u2019Europe : le Prince Albert II et la Princesse Charl\u00e8ne accueillent les ambassadeurs au Palais\" \/>\n<meta property=\"og:url\" content=\"https:\/\/montecarloliving.com\/fr\/actualite\/monaco-et-conseil-de-leurope-prince-albert-ii-et-princesse-charlene-accueillent-les-ambassadeurs-au-palais-34224\/\" \/>\n<meta property=\"og:site_name\" content=\"Montecarlo Living\" \/>\n<meta property=\"article:publisher\" content=\"https:\/\/www.facebook.com\/montecarlolivingcom\/\" \/>\n<meta property=\"article:published_time\" content=\"2026-09-04T06:21:28+00:00\" \/>\n<meta property=\"og:image\" content=\"https:\/\/montecarloliving.com\/wp-content\/uploads\/2026\/09\/Albert-II-e-Charlene-ricevono-i-capi-d-istato-del-conseil-de-lEurope-1536x1025-1-650x400.jpg\" \/>\n\t<meta property=\"og:image:width\" content=\"650\" \/>\n\t<meta property=\"og:image:height\" content=\"400\" \/>\n\t<meta property=\"og:image:type\" content=\"image\/jpeg\" \/>\n<meta name=\"author\" content=\"Redazione\" \/>\n<meta name=\"twitter:card\" content=\"summary_large_image\" \/>\n<meta name=\"twitter:creator\" content=\"@MonteCarloLivi\" \/>\n<meta name=\"twitter:site\" content=\"@MonteCarloLivi\" \/>\n<meta name=\"twitter:label1\" content=\"\u00c9crit par\" \/>\n\t<meta name=\"twitter:data1\" content=\"Redazione\" \/>\n\t<meta name=\"twitter:label2\" content=\"Dur\u00e9e de lecture estim\u00e9e\" \/>\n\t<meta name=\"twitter:data2\" content=\"4 minutes\" \/>\n<script type=\"application\/ld+json\" class=\"yoast-schema-graph\">{\"@context\":\"https:\\\/\\\/schema.org\",\"@graph\":[{\"@type\":\"Article\",\"@id\":\"https:\\\/\\\/montecarloliving.com\\\/fr\\\/actualite\\\/monaco-et-conseil-de-leurope-prince-albert-ii-et-princesse-charlene-accueillent-les-ambassadeurs-au-palais-34224\\\/#article\",\"isPartOf\":{\"@id\":\"https:\\\/\\\/montecarloliving.com\\\/fr\\\/actualite\\\/monaco-et-conseil-de-leurope-prince-albert-ii-et-princesse-charlene-accueillent-les-ambassadeurs-au-palais-34224\\\/\"},\"author\":{\"name\":\"Redazione\",\"@id\":\"https:\\\/\\\/montecarloliving.com\\\/fr\\\/#\\\/schema\\\/person\\\/7e5945d4560862b7f2d2c6831bda2819\"},\"headline\":\"Monaco et le Conseil de l\u2019Europe: le Prince Albert II et la Princesse Charl\u00e8ne accueillent les ambassadeurs au Palais\",\"datePublished\":\"2026-09-04T06:21:28+00:00\",\"mainEntityOfPage\":{\"@id\":\"https:\\\/\\\/montecarloliving.com\\\/fr\\\/actualite\\\/monaco-et-conseil-de-leurope-prince-albert-ii-et-princesse-charlene-accueillent-les-ambassadeurs-au-palais-34224\\\/\"},\"wordCount\":765,\"image\":{\"@id\":\"https:\\\/\\\/montecarloliving.com\\\/fr\\\/actualite\\\/monaco-et-conseil-de-leurope-prince-albert-ii-et-princesse-charlene-accueillent-les-ambassadeurs-au-palais-34224\\\/#primaryimage\"},\"thumbnailUrl\":\"https:\\\/\\\/montecarloliving.com\\\/wp-content\\\/uploads\\\/2026\\\/09\\\/Albert-II-e-Charlene-ricevono-i-capi-d-istato-del-conseil-de-lEurope-1536x1025-1.jpg\",\"articleSection\":[\"Actualit\u00e9\",\"Actualit\u00e9 \u00e0 Monaco\",\"Monaco\"],\"inLanguage\":\"fr-FR\"},{\"@type\":\"WebPage\",\"@id\":\"https:\\\/\\\/montecarloliving.com\\\/fr\\\/actualite\\\/monaco-et-conseil-de-leurope-prince-albert-ii-et-princesse-charlene-accueillent-les-ambassadeurs-au-palais-34224\\\/\",\"url\":\"https:\\\/\\\/montecarloliving.com\\\/fr\\\/actualite\\\/monaco-et-conseil-de-leurope-prince-albert-ii-et-princesse-charlene-accueillent-les-ambassadeurs-au-palais-34224\\\/\",\"name\":\"Monaco et le Conseil de l\u2019Europe\",\"isPartOf\":{\"@id\":\"https:\\\/\\\/montecarloliving.com\\\/fr\\\/#website\"},\"primaryImageOfPage\":{\"@id\":\"https:\\\/\\\/montecarloliving.com\\\/fr\\\/actualite\\\/monaco-et-conseil-de-leurope-prince-albert-ii-et-princesse-charlene-accueillent-les-ambassadeurs-au-palais-34224\\\/#primaryimage\"},\"image\":{\"@id\":\"https:\\\/\\\/montecarloliving.com\\\/fr\\\/actualite\\\/monaco-et-conseil-de-leurope-prince-albert-ii-et-princesse-charlene-accueillent-les-ambassadeurs-au-palais-34224\\\/#primaryimage\"},\"thumbnailUrl\":\"https:\\\/\\\/montecarloliving.com\\\/wp-content\\\/uploads\\\/2026\\\/09\\\/Albert-II-e-Charlene-ricevono-i-capi-d-istato-del-conseil-de-lEurope-1536x1025-1.jpg\",\"datePublished\":\"2026-09-04T06:21:28+00:00\",\"author\":{\"@id\":\"https:\\\/\\\/montecarloliving.com\\\/fr\\\/#\\\/schema\\\/person\\\/7e5945d4560862b7f2d2c6831bda2819\"},\"description\":\"Monaco et le Conseil de l\u2019Europe : le Prince Albert II et la Princesse Charl\u00e8ne accueillent les ambassadeurs au Palais\",\"breadcrumb\":{\"@id\":\"https:\\\/\\\/montecarloliving.com\\\/fr\\\/actualite\\\/monaco-et-conseil-de-leurope-prince-albert-ii-et-princesse-charlene-accueillent-les-ambassadeurs-au-palais-34224\\\/#breadcrumb\"},\"inLanguage\":\"fr-FR\",\"potentialAction\":[{\"@type\":\"ReadAction\",\"target\":[\"https:\\\/\\\/montecarloliving.com\\\/fr\\\/actualite\\\/monaco-et-conseil-de-leurope-prince-albert-ii-et-princesse-charlene-accueillent-les-ambassadeurs-au-palais-34224\\\/\"]}]},{\"@type\":\"ImageObject\",\"inLanguage\":\"fr-FR\",\"@id\":\"https:\\\/\\\/montecarloliving.com\\\/fr\\\/actualite\\\/monaco-et-conseil-de-leurope-prince-albert-ii-et-princesse-charlene-accueillent-les-ambassadeurs-au-palais-34224\\\/#primaryimage\",\"url\":\"https:\\\/\\\/montecarloliving.com\\\/wp-content\\\/uploads\\\/2026\\\/09\\\/Albert-II-e-Charlene-ricevono-i-capi-d-istato-del-conseil-de-lEurope-1536x1025-1.jpg\",\"contentUrl\":\"https:\\\/\\\/montecarloliving.com\\\/wp-content\\\/uploads\\\/2026\\\/09\\\/Albert-II-e-Charlene-ricevono-i-capi-d-istato-del-conseil-de-lEurope-1536x1025-1.jpg\",\"width\":1536,\"height\":1025},{\"@type\":\"BreadcrumbList\",\"@id\":\"https:\\\/\\\/montecarloliving.com\\\/fr\\\/actualite\\\/monaco-et-conseil-de-leurope-prince-albert-ii-et-princesse-charlene-accueillent-les-ambassadeurs-au-palais-34224\\\/#breadcrumb\",\"itemListElement\":[{\"@type\":\"ListItem\",\"position\":1,\"name\":\"Home\",\"item\":\"https:\\\/\\\/montecarloliving.com\\\/fr\\\/\"},{\"@type\":\"ListItem\",\"position\":2,\"name\":\"Monaco et le Conseil de l\u2019Europe: le Prince Albert II et la Princesse Charl\u00e8ne accueillent les ambassadeurs au Palais\"}]},{\"@type\":\"WebSite\",\"@id\":\"https:\\\/\\\/montecarloliving.com\\\/fr\\\/#website\",\"url\":\"https:\\\/\\\/montecarloliving.com\\\/fr\\\/\",\"name\":\"Montecarlo Living\",\"description\":\"News da Montecarlo - Principato di Monaco e Costa Azzurra\",\"potentialAction\":[{\"@type\":\"SearchAction\",\"target\":{\"@type\":\"EntryPoint\",\"urlTemplate\":\"https:\\\/\\\/montecarloliving.com\\\/fr\\\/?s={search_term_string}\"},\"query-input\":{\"@type\":\"PropertyValueSpecification\",\"valueRequired\":true,\"valueName\":\"search_term_string\"}}],\"inLanguage\":\"fr-FR\"},{\"@type\":\"Person\",\"@id\":\"https:\\\/\\\/montecarloliving.com\\\/fr\\\/#\\\/schema\\\/person\\\/7e5945d4560862b7f2d2c6831bda2819\",\"name\":\"Redazione\",\"image\":{\"@type\":\"ImageObject\",\"inLanguage\":\"fr-FR\",\"@id\":\"https:\\\/\\\/secure.gravatar.com\\\/avatar\\\/8b5f26557e18fe74ad8e8a57ebb2925d88af8a90cee489ff2beefb391bc9b9c7?s=96&d=mm&r=g\",\"url\":\"https:\\\/\\\/secure.gravatar.com\\\/avatar\\\/8b5f26557e18fe74ad8e8a57ebb2925d88af8a90cee489ff2beefb391bc9b9c7?s=96&d=mm&r=g\",\"contentUrl\":\"https:\\\/\\\/secure.gravatar.com\\\/avatar\\\/8b5f26557e18fe74ad8e8a57ebb2925d88af8a90cee489ff2beefb391bc9b9c7?s=96&d=mm&r=g\",\"caption\":\"Redazione\"}}]}<\/script>\n<!-- \/ Yoast SEO plugin. -->","yoast_head_json":{"title":"Monaco et le Conseil de l\u2019Europe","description":"Monaco et le Conseil de l\u2019Europe : le Prince Albert II et la Princesse Charl\u00e8ne accueillent les ambassadeurs au Palais","robots":{"index":"index","follow":"follow","max-snippet":"max-snippet:-1","max-image-preview":"max-image-preview:large","max-video-preview":"max-video-preview:-1"},"canonical":"https:\/\/montecarloliving.com\/fr\/actualite\/monaco-et-conseil-de-leurope-prince-albert-ii-et-princesse-charlene-accueillent-les-ambassadeurs-au-palais-34224\/","og_locale":"fr_FR","og_title":"Monaco et le Conseil de l\u2019Europe","og_description":"Monaco et le Conseil de l\u2019Europe : le Prince Albert II et la Princesse Charl\u00e8ne accueillent les ambassadeurs au Palais","og_url":"https:\/\/montecarloliving.com\/fr\/actualite\/monaco-et-conseil-de-leurope-prince-albert-ii-et-princesse-charlene-accueillent-les-ambassadeurs-au-palais-34224\/","og_site_name":"Montecarlo Living","article_publisher":"https:\/\/www.facebook.com\/montecarlolivingcom\/","article_published_time":"2026-09-04T06:21:28+00:00","og_image":[{"width":650,"height":400,"url":"https:\/\/montecarloliving.com\/wp-content\/uploads\/2026\/09\/Albert-II-e-Charlene-ricevono-i-capi-d-istato-del-conseil-de-lEurope-1536x1025-1-650x400.jpg","type":"image\/jpeg"}],"author":"Redazione","twitter_card":"summary_large_image","twitter_creator":"@MonteCarloLivi","twitter_site":"@MonteCarloLivi","twitter_misc":{"\u00c9crit par":"Redazione","Dur\u00e9e de lecture estim\u00e9e":"4 minutes"},"schema":{"@context":"https:\/\/schema.org","@graph":[{"@type":"Article","@id":"https:\/\/montecarloliving.com\/fr\/actualite\/monaco-et-conseil-de-leurope-prince-albert-ii-et-princesse-charlene-accueillent-les-ambassadeurs-au-palais-34224\/#article","isPartOf":{"@id":"https:\/\/montecarloliving.com\/fr\/actualite\/monaco-et-conseil-de-leurope-prince-albert-ii-et-princesse-charlene-accueillent-les-ambassadeurs-au-palais-34224\/"},"author":{"name":"Redazione","@id":"https:\/\/montecarloliving.com\/fr\/#\/schema\/person\/7e5945d4560862b7f2d2c6831bda2819"},"headline":"Monaco et le Conseil de l\u2019Europe: le Prince Albert II et la Princesse Charl\u00e8ne accueillent les ambassadeurs au Palais","datePublished":"2026-09-04T06:21:28+00:00","mainEntityOfPage":{"@id":"https:\/\/montecarloliving.com\/fr\/actualite\/monaco-et-conseil-de-leurope-prince-albert-ii-et-princesse-charlene-accueillent-les-ambassadeurs-au-palais-34224\/"},"wordCount":765,"image":{"@id":"https:\/\/montecarloliving.com\/fr\/actualite\/monaco-et-conseil-de-leurope-prince-albert-ii-et-princesse-charlene-accueillent-les-ambassadeurs-au-palais-34224\/#primaryimage"},"thumbnailUrl":"https:\/\/montecarloliving.com\/wp-content\/uploads\/2026\/09\/Albert-II-e-Charlene-ricevono-i-capi-d-istato-del-conseil-de-lEurope-1536x1025-1.jpg","articleSection":["Actualit\u00e9","Actualit\u00e9 \u00e0 Monaco","Monaco"],"inLanguage":"fr-FR"},{"@type":"WebPage","@id":"https:\/\/montecarloliving.com\/fr\/actualite\/monaco-et-conseil-de-leurope-prince-albert-ii-et-princesse-charlene-accueillent-les-ambassadeurs-au-palais-34224\/","url":"https:\/\/montecarloliving.com\/fr\/actualite\/monaco-et-conseil-de-leurope-prince-albert-ii-et-princesse-charlene-accueillent-les-ambassadeurs-au-palais-34224\/","name":"Monaco et le Conseil de l\u2019Europe","isPartOf":{"@id":"https:\/\/montecarloliving.com\/fr\/#website"},"primaryImageOfPage":{"@id":"https:\/\/montecarloliving.com\/fr\/actualite\/monaco-et-conseil-de-leurope-prince-albert-ii-et-princesse-charlene-accueillent-les-ambassadeurs-au-palais-34224\/#primaryimage"},"image":{"@id":"https:\/\/montecarloliving.com\/fr\/actualite\/monaco-et-conseil-de-leurope-prince-albert-ii-et-princesse-charlene-accueillent-les-ambassadeurs-au-palais-34224\/#primaryimage"},"thumbnailUrl":"https:\/\/montecarloliving.com\/wp-content\/uploads\/2026\/09\/Albert-II-e-Charlene-ricevono-i-capi-d-istato-del-conseil-de-lEurope-1536x1025-1.jpg","datePublished":"2026-09-04T06:21:28+00:00","author":{"@id":"https:\/\/montecarloliving.com\/fr\/#\/schema\/person\/7e5945d4560862b7f2d2c6831bda2819"},"description":"Monaco et le Conseil de l\u2019Europe : le Prince Albert II et la Princesse Charl\u00e8ne accueillent les ambassadeurs au Palais","breadcrumb":{"@id":"https:\/\/montecarloliving.com\/fr\/actualite\/monaco-et-conseil-de-leurope-prince-albert-ii-et-princesse-charlene-accueillent-les-ambassadeurs-au-palais-34224\/#breadcrumb"},"inLanguage":"fr-FR","potentialAction":[{"@type":"ReadAction","target":["https:\/\/montecarloliving.com\/fr\/actualite\/monaco-et-conseil-de-leurope-prince-albert-ii-et-princesse-charlene-accueillent-les-ambassadeurs-au-palais-34224\/"]}]},{"@type":"ImageObject","inLanguage":"fr-FR","@id":"https:\/\/montecarloliving.com\/fr\/actualite\/monaco-et-conseil-de-leurope-prince-albert-ii-et-princesse-charlene-accueillent-les-ambassadeurs-au-palais-34224\/#primaryimage","url":"https:\/\/montecarloliving.com\/wp-content\/uploads\/2026\/09\/Albert-II-e-Charlene-ricevono-i-capi-d-istato-del-conseil-de-lEurope-1536x1025-1.jpg","contentUrl":"https:\/\/montecarloliving.com\/wp-content\/uploads\/2026\/09\/Albert-II-e-Charlene-ricevono-i-capi-d-istato-del-conseil-de-lEurope-1536x1025-1.jpg","width":1536,"height":1025},{"@type":"BreadcrumbList","@id":"https:\/\/montecarloliving.com\/fr\/actualite\/monaco-et-conseil-de-leurope-prince-albert-ii-et-princesse-charlene-accueillent-les-ambassadeurs-au-palais-34224\/#breadcrumb","itemListElement":[{"@type":"ListItem","position":1,"name":"Home","item":"https:\/\/montecarloliving.com\/fr\/"},{"@type":"ListItem","position":2,"name":"Monaco et le Conseil de l\u2019Europe: le Prince Albert II et la Princesse Charl\u00e8ne accueillent les ambassadeurs au Palais"}]},{"@type":"WebSite","@id":"https:\/\/montecarloliving.com\/fr\/#website","url":"https:\/\/montecarloliving.com\/fr\/","name":"Montecarlo Living","description":"News da Montecarlo - Principato di Monaco e Costa Azzurra","potentialAction":[{"@type":"SearchAction","target":{"@type":"EntryPoint","urlTemplate":"https:\/\/montecarloliving.com\/fr\/?s={search_term_string}"},"query-input":{"@type":"PropertyValueSpecification","valueRequired":true,"valueName":"search_term_string"}}],"inLanguage":"fr-FR"},{"@type":"Person","@id":"https:\/\/montecarloliving.com\/fr\/#\/schema\/person\/7e5945d4560862b7f2d2c6831bda2819","name":"Redazione","image":{"@type":"ImageObject","inLanguage":"fr-FR","@id":"https:\/\/secure.gravatar.com\/avatar\/8b5f26557e18fe74ad8e8a57ebb2925d88af8a90cee489ff2beefb391bc9b9c7?s=96&d=mm&r=g","url":"https:\/\/secure.gravatar.com\/avatar\/8b5f26557e18fe74ad8e8a57ebb2925d88af8a90cee489ff2beefb391bc9b9c7?s=96&d=mm&r=g","contentUrl":"https:\/\/secure.gravatar.com\/avatar\/8b5f26557e18fe74ad8e8a57ebb2925d88af8a90cee489ff2beefb391bc9b9c7?s=96&d=mm&r=g","caption":"Redazione"}}]}},"_links":{"self":[{"href":"https:\/\/montecarloliving.com\/fr\/wp-json\/wp\/v2\/posts\/34224","targetHints":{"allow":["GET"]}}],"collection":[{"href":"https:\/\/montecarloliving.com\/fr\/wp-json\/wp\/v2\/posts"}],"about":[{"href":"https:\/\/montecarloliving.com\/fr\/wp-json\/wp\/v2\/types\/post"}],"author":[{"embeddable":true,"href":"https:\/\/montecarloliving.com\/fr\/wp-json\/wp\/v2\/users\/1"}],"replies":[{"embeddable":true,"href":"https:\/\/montecarloliving.com\/fr\/wp-json\/wp\/v2\/comments?post=34224"}],"version-history":[{"count":1,"href":"https:\/\/montecarloliving.com\/fr\/wp-json\/wp\/v2\/posts\/34224\/revisions"}],"predecessor-version":[{"id":34225,"href":"https:\/\/montecarloliving.com\/fr\/wp-json\/wp\/v2\/posts\/34224\/revisions\/34225"}],"wp:featuredmedia":[{"embeddable":true,"href":"https:\/\/montecarloliving.com\/fr\/wp-json\/wp\/v2\/media\/34218"}],"wp:attachment":[{"href":"https:\/\/montecarloliving.com\/fr\/wp-json\/wp\/v2\/media?parent=34224"}],"wp:term":[{"taxonomy":"category","embeddable":true,"href":"https:\/\/montecarloliving.com\/fr\/wp-json\/wp\/v2\/categories?post=34224"},{"taxonomy":"post_tag","embeddable":true,"href":"https:\/\/montecarloliving.com\/fr\/wp-json\/wp\/v2\/tags?post=34224"}],"curies":[{"name":"wp","href":"https:\/\/api.w.org\/{rel}","templated":true}]}}