{"id":34209,"date":"2026-09-03T12:34:34","date_gmt":"2026-09-03T10:34:34","guid":{"rendered":"https:\/\/montecarloliving.com\/?p=34209"},"modified":"2026-09-03T12:37:34","modified_gmt":"2026-09-03T10:37:34","slug":"biot-international-glass-festival-2026-quand-verre-devient-art-entre-feu-creativite-et-tradition","status":"publish","type":"post","link":"https:\/\/montecarloliving.com\/fr\/actualite\/biot-international-glass-festival-2026-quand-verre-devient-art-entre-feu-creativite-et-tradition-34209\/","title":{"rendered":"Biot International Glass Festival 2026: quand le verre devient art entre feu, cr\u00e9ativit\u00e9 et tradition"},"content":{"rendered":"<p class=\"isSelectedEnd\">Pendant trois jours, <strong>Biot, dans les Alpes-Maritimes, redeviendra l\u2019une des capitales europ\u00e9ennes de l\u2019art verrier<\/strong>. Du <strong>18 au 20 septembre 2026<\/strong>, le village fran\u00e7ais accueillera la cinqui\u00e8me \u00e9dition du <strong>Biot International Glass Festival (BIG)<\/strong>, un \u00e9v\u00e9nement qui r\u00e9unira des artistes et ma\u00eetres verriers venus du monde entier autour de l\u2019un des savoir-faire artisanaux les plus fascinants, \u00e0 travers des d\u00e9monstrations, des performances et des activit\u00e9s ouvertes au public.<\/p>\n<p class=\"isSelectedEnd\">L\u2019acc\u00e8s au festival est <strong>gratuit<\/strong>. Le centre historique de Biot ainsi que les ateliers de verriers se transformeront en un vaste espace d\u00e9di\u00e9 \u00e0 la cr\u00e9ation. Pr\u00e8s de <strong>200 artistes et professionnels du verre<\/strong> participeront \u00e0 l\u2019\u00e9dition 2026, avec un programme con\u00e7u pour rapprocher le public de la mati\u00e8re et, surtout, des gestes n\u00e9cessaires \u00e0 sa transformation.<\/p>\n<h3>Le travail du verre \u00e0 d\u00e9couvrir en direct<\/h3>\n<p class=\"isSelectedEnd\">L\u2019un des grands attraits du Biot International Glass Festival r\u00e9side dans la possibilit\u00e9 d\u2019assister directement \u00e0 la transformation du verre en fusion. Les fours seront allum\u00e9s et les ma\u00eetres verriers pr\u00e9senteront les diff\u00e9rentes \u00e9tapes de leur travail, de la mati\u00e8re incandescente jusqu\u2019\u00e0 la cr\u00e9ation de formes et d\u2019objets gr\u00e2ce au souffle, \u00e0 la rotation et au modelage.<\/p>\n<p class=\"isSelectedEnd\">Une occasion privil\u00e9gi\u00e9e d\u2019observer des techniques issues d\u2019une tradition tr\u00e8s ancienne, tout en d\u00e9couvrant la mani\u00e8re dont les artistes contemporains continuent de les r\u00e9interpr\u00e9ter.<\/p>\n<p class=\"isSelectedEnd\">Les visiteurs ne seront d\u2019ailleurs pas uniquement spectateurs. Parmi les exp\u00e9riences propos\u00e9es pendant le festival, ils pourront notamment <strong>essayer de souffler leur propre bulle de verre<\/strong>, pour entrer directement en contact avec un savoir-faire g\u00e9n\u00e9ralement r\u00e9serv\u00e9 aux ateliers sp\u00e9cialis\u00e9s.<\/p>\n<h3>Des techniques de l\u2019Antiquit\u00e9 \u00e0 la cr\u00e9ation contemporaine<\/h3>\n<p class=\"isSelectedEnd\">L\u2019un des aspects les plus int\u00e9ressants du BIG 2026 sera son voyage \u00e0 travers l\u2019histoire de la verrerie. <strong>Atelier Cobalt<\/strong> proposera une reconstitution de techniques utilis\u00e9es par les premiers verriers \u00e0 l\u2019<strong>\u00c2ge du Fer et durant l\u2019Antiquit\u00e9<\/strong>.<\/p>\n<p class=\"isSelectedEnd\">Les d\u00e9monstrations seront r\u00e9alis\u00e9es \u00e0 l\u2019aide d\u2019un four en argile port\u00e9 \u00e0 des temp\u00e9ratures sup\u00e9rieures \u00e0 <strong>1 000 degr\u00e9s Celsius<\/strong>, afin de recr\u00e9er les conditions n\u00e9cessaires \u00e0 la fabrication d\u2019objets tels que des perles et des bracelets.<\/p>\n<p class=\"isSelectedEnd\">Le public pourra ainsi d\u00e9couvrir, dans le cadre d\u2019un v\u00e9ritable atelier historique \u00e0 ciel ouvert, \u00e0 quel point certaines techniques de fabrication du verre utilis\u00e9es aujourd\u2019hui trouvent leurs racines dans un pass\u00e9 extr\u00eamement ancien.<\/p>\n<p class=\"isSelectedEnd\">Le festival \u00e9tablira ainsi un dialogue entre pass\u00e9 et pr\u00e9sent : d\u2019un c\u00f4t\u00e9, la red\u00e9couverte de proc\u00e9d\u00e9s d\u00e9velopp\u00e9s par les premi\u00e8res civilisations ; de l\u2019autre, les recherches et exp\u00e9rimentations d\u2019artistes contemporains qui utilisent le verre comme v\u00e9ritable mat\u00e9riau d\u2019expression artistique.<\/p>\n<h3>Quand le verre rencontre la p\u00e2tisserie<\/h3>\n<p class=\"isSelectedEnd\">L\u2019\u00e9dition 2026 proposera \u00e9galement un \u00e9tonnant dialogue entre <strong>art verrier et p\u00e2tisserie<\/strong>. Une association qui peut sembler surprenante, mais qui repose sur des gestes et des exigences communes : pr\u00e9cision, ma\u00eetrise technique et travail manuel.<\/p>\n<p class=\"isSelectedEnd\"><strong>St\u00e9phane Chion<\/strong>, p\u00e2tissier et verrier install\u00e9 \u00e0 Biot, montrera comment souffler et modeler le sucre en s\u2019inspirant des techniques traditionnellement utilis\u00e9es dans le travail du verre.<\/p>\n<p class=\"isSelectedEnd\">Le p\u00e2tissier <strong>Arnaud Filbet<\/strong>, du <strong>Plaza Ath\u00e9n\u00e9e \u00e0 Paris<\/strong>, participera \u00e9galement \u00e0 une d\u00e9monstration consacr\u00e9e au sucre. La mati\u00e8re sera travaill\u00e9e et model\u00e9e jusqu\u2019\u00e0 prendre une apparence proche du cristal, cr\u00e9ant une rencontre originale entre haute p\u00e2tisserie et arts du feu.<\/p>\n<h3>Un festival qui c\u00e9l\u00e8bre l\u2019identit\u00e9 de Biot<\/h3>\n<p class=\"isSelectedEnd\">Le Biot International Glass Festival n\u2019est pas uniquement destin\u00e9 aux sp\u00e9cialistes. L\u2019une de ses particularit\u00e9s est de rendre un savoir-faire traditionnel accessible \u00e0 un public tr\u00e8s large, en r\u00e9unissant visiteurs, familles, amateurs d\u2019art et simples curieux.<\/p>\n<p class=\"isSelectedEnd\">Pendant tout le week-end, <strong>Biot se transformera en un vaste atelier \u00e0 ciel ouvert<\/strong>, avec des animations r\u00e9parties entre le centre historique et les ateliers de verriers du village. Le verre sera pr\u00e9sent\u00e9 non seulement \u00e0 travers les \u0153uvres termin\u00e9es, mais surtout \u00e0 travers le processus de cr\u00e9ation lui-m\u00eame : la chaleur des fours, le geste des artisans et la transformation de la mati\u00e8re feront partie int\u00e9grante de l\u2019exp\u00e9rience.<\/p>\n<p class=\"isSelectedEnd\">Le festival met ainsi une nouvelle fois en lumi\u00e8re le lien \u00e9troit entre Biot et son patrimoine verrier, en faisant sortir cet artisanat des ateliers pour le rendre visible directement dans les rues du village.<\/p>\n<h3>Trois jours pour d\u00e9couvrir l\u2019art du verre \u00e0 Biot<\/h3>\n<p class=\"isSelectedEnd\">Du <strong>18 au 20 septembre 2026<\/strong>, le BIG offrira donc une occasion originale de d\u00e9couvrir Biot sous un autre angle. Le programme r\u00e9unira <strong>art, artisanat, histoire et exp\u00e9rimentation<\/strong>, avec pr\u00e8s de 200 professionnels venus partager leurs techniques et leur savoir-faire avec le public.<\/p>\n<p class=\"isSelectedEnd\">Des fours consacr\u00e9s aux m\u00e9thodes anciennes de fabrication du verre aux d\u00e9monstrations m\u00ealant verre et sucre, le festival montrera comment une mati\u00e8re fragile et en apparence simple peut devenir, gr\u00e2ce au savoir-faire humain et \u00e0 la cr\u00e9ativit\u00e9, une v\u00e9ritable \u0153uvre d\u2019art.<\/p>\n<p>Pour celles et ceux qui recherchent un \u00e9v\u00e9nement original sur la <strong>C\u00f4te d\u2019Azur en septembre 2026<\/strong>, le Biot International Glass Festival est un rendez-vous \u00e0 inscrire dans son agenda : trois journ\u00e9es consacr\u00e9es au feu, \u00e0 l\u2019artisanat et \u00e0 la cr\u00e9ation, pendant lesquelles Biot renouera pleinement avec son identit\u00e9 et son patrimoine verrier.<\/p>\n<p><img loading=\"lazy\" decoding=\"async\" class=\"size-full wp-image-34205 aligncenter\" src=\"https:\/\/montecarloliving.com\/wp-content\/uploads\/2026\/09\/786424098_27983214314677987_8491514791238806895_n.jpg\" alt=\"\" width=\"1702\" height=\"630\" srcset=\"https:\/\/montecarloliving.com\/wp-content\/uploads\/2026\/09\/786424098_27983214314677987_8491514791238806895_n.jpg 1702w, https:\/\/montecarloliving.com\/wp-content\/uploads\/2026\/09\/786424098_27983214314677987_8491514791238806895_n-300x111.jpg 300w, https:\/\/montecarloliving.com\/wp-content\/uploads\/2026\/09\/786424098_27983214314677987_8491514791238806895_n-1024x379.jpg 1024w, https:\/\/montecarloliving.com\/wp-content\/uploads\/2026\/09\/786424098_27983214314677987_8491514791238806895_n-768x284.jpg 768w, https:\/\/montecarloliving.com\/wp-content\/uploads\/2026\/09\/786424098_27983214314677987_8491514791238806895_n-1536x569.jpg 1536w\" sizes=\"auto, (max-width: 1702px) 100vw, 1702px\" \/><\/p>\n","protected":false},"excerpt":{"rendered":"<p>Pendant trois jours, Biot, dans les Alpes-Maritimes, redeviendra l\u2019une des capitales europ\u00e9ennes de l\u2019art verrier. Du 18 au 20 septembre 2026, le village fran\u00e7ais accueillera la cinqui\u00e8me \u00e9dition du Biot International Glass Festival (BIG), un \u00e9v\u00e9nement qui r\u00e9unira des artistes et ma\u00eetres verriers venus [&hellip;]<\/p>\n","protected":false},"author":1,"featured_media":34205,"comment_status":"closed","ping_status":"closed","sticky":false,"template":"","format":"standard","meta":{"footnotes":""},"categories":[827,828,908],"tags":[],"class_list":["post-34209","post","type-post","status-publish","format-standard","has-post-thumbnail","hentry","category-actualite","category-evenements","category-cote-dazur"],"yoast_head":"<!-- This site is optimized with the Yoast SEO plugin v28.4 - https:\/\/yoast.com\/product\/yoast-seo-wordpress\/ -->\n<title>Biot International Glass Festival 2026<\/title>\n<meta name=\"description\" content=\"Biot International Glass Festival 2026 : quand le verre devient art entre feu, cr\u00e9ativit\u00e9 et tradition. Du 18 au 20 septembre, Biot\" \/>\n<meta name=\"robots\" content=\"index, follow, max-snippet:-1, max-image-preview:large, max-video-preview:-1\" \/>\n<link rel=\"canonical\" href=\"https:\/\/montecarloliving.com\/fr\/actualite\/biot-international-glass-festival-2026-quand-verre-devient-art-entre-feu-creativite-et-tradition-34209\/\" \/>\n<meta property=\"og:locale\" content=\"fr_FR\" \/>\n<meta property=\"og:title\" content=\"Biot International Glass Festival 2026\" \/>\n<meta property=\"og:description\" content=\"Biot International Glass Festival 2026 : quand le verre devient art entre feu, cr\u00e9ativit\u00e9 et tradition. Du 18 au 20 septembre, Biot\" \/>\n<meta property=\"og:url\" content=\"https:\/\/montecarloliving.com\/fr\/actualite\/biot-international-glass-festival-2026-quand-verre-devient-art-entre-feu-creativite-et-tradition-34209\/\" \/>\n<meta property=\"og:site_name\" content=\"Montecarlo Living\" \/>\n<meta property=\"article:publisher\" content=\"https:\/\/www.facebook.com\/montecarlolivingcom\/\" \/>\n<meta property=\"article:published_time\" content=\"2026-09-03T10:34:34+00:00\" \/>\n<meta property=\"article:modified_time\" content=\"2026-09-03T10:37:34+00:00\" \/>\n<meta property=\"og:image\" content=\"https:\/\/montecarloliving.com\/wp-content\/uploads\/2026\/09\/786424098_27983214314677987_8491514791238806895_n-650x400.jpg\" \/>\n\t<meta property=\"og:image:width\" content=\"650\" \/>\n\t<meta property=\"og:image:height\" content=\"400\" \/>\n\t<meta property=\"og:image:type\" content=\"image\/jpeg\" \/>\n<meta name=\"author\" content=\"Redazione\" \/>\n<meta name=\"twitter:card\" content=\"summary_large_image\" \/>\n<meta name=\"twitter:creator\" content=\"@MonteCarloLivi\" \/>\n<meta name=\"twitter:site\" content=\"@MonteCarloLivi\" \/>\n<meta name=\"twitter:label1\" content=\"\u00c9crit par\" \/>\n\t<meta name=\"twitter:data1\" content=\"Redazione\" \/>\n\t<meta name=\"twitter:label2\" content=\"Dur\u00e9e de lecture estim\u00e9e\" \/>\n\t<meta name=\"twitter:data2\" content=\"5 minutes\" \/>\n<script type=\"application\/ld+json\" class=\"yoast-schema-graph\">{\"@context\":\"https:\\\/\\\/schema.org\",\"@graph\":[{\"@type\":\"Article\",\"@id\":\"https:\\\/\\\/montecarloliving.com\\\/fr\\\/actualite\\\/biot-international-glass-festival-2026-quand-verre-devient-art-entre-feu-creativite-et-tradition-34209\\\/#article\",\"isPartOf\":{\"@id\":\"https:\\\/\\\/montecarloliving.com\\\/fr\\\/actualite\\\/biot-international-glass-festival-2026-quand-verre-devient-art-entre-feu-creativite-et-tradition-34209\\\/\"},\"author\":{\"name\":\"Redazione\",\"@id\":\"https:\\\/\\\/montecarloliving.com\\\/fr\\\/#\\\/schema\\\/person\\\/7e5945d4560862b7f2d2c6831bda2819\"},\"headline\":\"Biot International Glass Festival 2026: quand le verre devient art entre feu, cr\u00e9ativit\u00e9 et tradition\",\"datePublished\":\"2026-09-03T10:34:34+00:00\",\"dateModified\":\"2026-09-03T10:37:34+00:00\",\"mainEntityOfPage\":{\"@id\":\"https:\\\/\\\/montecarloliving.com\\\/fr\\\/actualite\\\/biot-international-glass-festival-2026-quand-verre-devient-art-entre-feu-creativite-et-tradition-34209\\\/\"},\"wordCount\":928,\"image\":{\"@id\":\"https:\\\/\\\/montecarloliving.com\\\/fr\\\/actualite\\\/biot-international-glass-festival-2026-quand-verre-devient-art-entre-feu-creativite-et-tradition-34209\\\/#primaryimage\"},\"thumbnailUrl\":\"https:\\\/\\\/montecarloliving.com\\\/wp-content\\\/uploads\\\/2026\\\/09\\\/786424098_27983214314677987_8491514791238806895_n.jpg\",\"articleSection\":[\"Actualit\u00e9\",\"\u00c9v\u00e9nements\",\"La C\u00f4te d'Azur\"],\"inLanguage\":\"fr-FR\"},{\"@type\":\"WebPage\",\"@id\":\"https:\\\/\\\/montecarloliving.com\\\/fr\\\/actualite\\\/biot-international-glass-festival-2026-quand-verre-devient-art-entre-feu-creativite-et-tradition-34209\\\/\",\"url\":\"https:\\\/\\\/montecarloliving.com\\\/fr\\\/actualite\\\/biot-international-glass-festival-2026-quand-verre-devient-art-entre-feu-creativite-et-tradition-34209\\\/\",\"name\":\"Biot International Glass Festival 2026\",\"isPartOf\":{\"@id\":\"https:\\\/\\\/montecarloliving.com\\\/fr\\\/#website\"},\"primaryImageOfPage\":{\"@id\":\"https:\\\/\\\/montecarloliving.com\\\/fr\\\/actualite\\\/biot-international-glass-festival-2026-quand-verre-devient-art-entre-feu-creativite-et-tradition-34209\\\/#primaryimage\"},\"image\":{\"@id\":\"https:\\\/\\\/montecarloliving.com\\\/fr\\\/actualite\\\/biot-international-glass-festival-2026-quand-verre-devient-art-entre-feu-creativite-et-tradition-34209\\\/#primaryimage\"},\"thumbnailUrl\":\"https:\\\/\\\/montecarloliving.com\\\/wp-content\\\/uploads\\\/2026\\\/09\\\/786424098_27983214314677987_8491514791238806895_n.jpg\",\"datePublished\":\"2026-09-03T10:34:34+00:00\",\"dateModified\":\"2026-09-03T10:37:34+00:00\",\"author\":{\"@id\":\"https:\\\/\\\/montecarloliving.com\\\/fr\\\/#\\\/schema\\\/person\\\/7e5945d4560862b7f2d2c6831bda2819\"},\"description\":\"Biot International Glass Festival 2026 : quand le verre devient art entre feu, cr\u00e9ativit\u00e9 et tradition. Du 18 au 20 septembre, Biot\",\"breadcrumb\":{\"@id\":\"https:\\\/\\\/montecarloliving.com\\\/fr\\\/actualite\\\/biot-international-glass-festival-2026-quand-verre-devient-art-entre-feu-creativite-et-tradition-34209\\\/#breadcrumb\"},\"inLanguage\":\"fr-FR\",\"potentialAction\":[{\"@type\":\"ReadAction\",\"target\":[\"https:\\\/\\\/montecarloliving.com\\\/fr\\\/actualite\\\/biot-international-glass-festival-2026-quand-verre-devient-art-entre-feu-creativite-et-tradition-34209\\\/\"]}]},{\"@type\":\"ImageObject\",\"inLanguage\":\"fr-FR\",\"@id\":\"https:\\\/\\\/montecarloliving.com\\\/fr\\\/actualite\\\/biot-international-glass-festival-2026-quand-verre-devient-art-entre-feu-creativite-et-tradition-34209\\\/#primaryimage\",\"url\":\"https:\\\/\\\/montecarloliving.com\\\/wp-content\\\/uploads\\\/2026\\\/09\\\/786424098_27983214314677987_8491514791238806895_n.jpg\",\"contentUrl\":\"https:\\\/\\\/montecarloliving.com\\\/wp-content\\\/uploads\\\/2026\\\/09\\\/786424098_27983214314677987_8491514791238806895_n.jpg\",\"width\":1702,\"height\":630},{\"@type\":\"BreadcrumbList\",\"@id\":\"https:\\\/\\\/montecarloliving.com\\\/fr\\\/actualite\\\/biot-international-glass-festival-2026-quand-verre-devient-art-entre-feu-creativite-et-tradition-34209\\\/#breadcrumb\",\"itemListElement\":[{\"@type\":\"ListItem\",\"position\":1,\"name\":\"Home\",\"item\":\"https:\\\/\\\/montecarloliving.com\\\/fr\\\/\"},{\"@type\":\"ListItem\",\"position\":2,\"name\":\"Biot International Glass Festival 2026: quand le verre devient art entre feu, cr\u00e9ativit\u00e9 et tradition\"}]},{\"@type\":\"WebSite\",\"@id\":\"https:\\\/\\\/montecarloliving.com\\\/fr\\\/#website\",\"url\":\"https:\\\/\\\/montecarloliving.com\\\/fr\\\/\",\"name\":\"Montecarlo Living\",\"description\":\"News da Montecarlo - Principato di Monaco e Costa Azzurra\",\"potentialAction\":[{\"@type\":\"SearchAction\",\"target\":{\"@type\":\"EntryPoint\",\"urlTemplate\":\"https:\\\/\\\/montecarloliving.com\\\/fr\\\/?s={search_term_string}\"},\"query-input\":{\"@type\":\"PropertyValueSpecification\",\"valueRequired\":true,\"valueName\":\"search_term_string\"}}],\"inLanguage\":\"fr-FR\"},{\"@type\":\"Person\",\"@id\":\"https:\\\/\\\/montecarloliving.com\\\/fr\\\/#\\\/schema\\\/person\\\/7e5945d4560862b7f2d2c6831bda2819\",\"name\":\"Redazione\",\"image\":{\"@type\":\"ImageObject\",\"inLanguage\":\"fr-FR\",\"@id\":\"https:\\\/\\\/secure.gravatar.com\\\/avatar\\\/8b5f26557e18fe74ad8e8a57ebb2925d88af8a90cee489ff2beefb391bc9b9c7?s=96&d=mm&r=g\",\"url\":\"https:\\\/\\\/secure.gravatar.com\\\/avatar\\\/8b5f26557e18fe74ad8e8a57ebb2925d88af8a90cee489ff2beefb391bc9b9c7?s=96&d=mm&r=g\",\"contentUrl\":\"https:\\\/\\\/secure.gravatar.com\\\/avatar\\\/8b5f26557e18fe74ad8e8a57ebb2925d88af8a90cee489ff2beefb391bc9b9c7?s=96&d=mm&r=g\",\"caption\":\"Redazione\"}}]}<\/script>\n<!-- \/ Yoast SEO plugin. -->","yoast_head_json":{"title":"Biot International Glass Festival 2026","description":"Biot International Glass Festival 2026 : quand le verre devient art entre feu, cr\u00e9ativit\u00e9 et tradition. Du 18 au 20 septembre, Biot","robots":{"index":"index","follow":"follow","max-snippet":"max-snippet:-1","max-image-preview":"max-image-preview:large","max-video-preview":"max-video-preview:-1"},"canonical":"https:\/\/montecarloliving.com\/fr\/actualite\/biot-international-glass-festival-2026-quand-verre-devient-art-entre-feu-creativite-et-tradition-34209\/","og_locale":"fr_FR","og_title":"Biot International Glass Festival 2026","og_description":"Biot International Glass Festival 2026 : quand le verre devient art entre feu, cr\u00e9ativit\u00e9 et tradition. Du 18 au 20 septembre, Biot","og_url":"https:\/\/montecarloliving.com\/fr\/actualite\/biot-international-glass-festival-2026-quand-verre-devient-art-entre-feu-creativite-et-tradition-34209\/","og_site_name":"Montecarlo Living","article_publisher":"https:\/\/www.facebook.com\/montecarlolivingcom\/","article_published_time":"2026-09-03T10:34:34+00:00","article_modified_time":"2026-09-03T10:37:34+00:00","og_image":[{"width":650,"height":400,"url":"https:\/\/montecarloliving.com\/wp-content\/uploads\/2026\/09\/786424098_27983214314677987_8491514791238806895_n-650x400.jpg","type":"image\/jpeg"}],"author":"Redazione","twitter_card":"summary_large_image","twitter_creator":"@MonteCarloLivi","twitter_site":"@MonteCarloLivi","twitter_misc":{"\u00c9crit par":"Redazione","Dur\u00e9e de lecture estim\u00e9e":"5 minutes"},"schema":{"@context":"https:\/\/schema.org","@graph":[{"@type":"Article","@id":"https:\/\/montecarloliving.com\/fr\/actualite\/biot-international-glass-festival-2026-quand-verre-devient-art-entre-feu-creativite-et-tradition-34209\/#article","isPartOf":{"@id":"https:\/\/montecarloliving.com\/fr\/actualite\/biot-international-glass-festival-2026-quand-verre-devient-art-entre-feu-creativite-et-tradition-34209\/"},"author":{"name":"Redazione","@id":"https:\/\/montecarloliving.com\/fr\/#\/schema\/person\/7e5945d4560862b7f2d2c6831bda2819"},"headline":"Biot International Glass Festival 2026: quand le verre devient art entre feu, cr\u00e9ativit\u00e9 et tradition","datePublished":"2026-09-03T10:34:34+00:00","dateModified":"2026-09-03T10:37:34+00:00","mainEntityOfPage":{"@id":"https:\/\/montecarloliving.com\/fr\/actualite\/biot-international-glass-festival-2026-quand-verre-devient-art-entre-feu-creativite-et-tradition-34209\/"},"wordCount":928,"image":{"@id":"https:\/\/montecarloliving.com\/fr\/actualite\/biot-international-glass-festival-2026-quand-verre-devient-art-entre-feu-creativite-et-tradition-34209\/#primaryimage"},"thumbnailUrl":"https:\/\/montecarloliving.com\/wp-content\/uploads\/2026\/09\/786424098_27983214314677987_8491514791238806895_n.jpg","articleSection":["Actualit\u00e9","\u00c9v\u00e9nements","La C\u00f4te d'Azur"],"inLanguage":"fr-FR"},{"@type":"WebPage","@id":"https:\/\/montecarloliving.com\/fr\/actualite\/biot-international-glass-festival-2026-quand-verre-devient-art-entre-feu-creativite-et-tradition-34209\/","url":"https:\/\/montecarloliving.com\/fr\/actualite\/biot-international-glass-festival-2026-quand-verre-devient-art-entre-feu-creativite-et-tradition-34209\/","name":"Biot International Glass Festival 2026","isPartOf":{"@id":"https:\/\/montecarloliving.com\/fr\/#website"},"primaryImageOfPage":{"@id":"https:\/\/montecarloliving.com\/fr\/actualite\/biot-international-glass-festival-2026-quand-verre-devient-art-entre-feu-creativite-et-tradition-34209\/#primaryimage"},"image":{"@id":"https:\/\/montecarloliving.com\/fr\/actualite\/biot-international-glass-festival-2026-quand-verre-devient-art-entre-feu-creativite-et-tradition-34209\/#primaryimage"},"thumbnailUrl":"https:\/\/montecarloliving.com\/wp-content\/uploads\/2026\/09\/786424098_27983214314677987_8491514791238806895_n.jpg","datePublished":"2026-09-03T10:34:34+00:00","dateModified":"2026-09-03T10:37:34+00:00","author":{"@id":"https:\/\/montecarloliving.com\/fr\/#\/schema\/person\/7e5945d4560862b7f2d2c6831bda2819"},"description":"Biot International Glass Festival 2026 : quand le verre devient art entre feu, cr\u00e9ativit\u00e9 et tradition. Du 18 au 20 septembre, Biot","breadcrumb":{"@id":"https:\/\/montecarloliving.com\/fr\/actualite\/biot-international-glass-festival-2026-quand-verre-devient-art-entre-feu-creativite-et-tradition-34209\/#breadcrumb"},"inLanguage":"fr-FR","potentialAction":[{"@type":"ReadAction","target":["https:\/\/montecarloliving.com\/fr\/actualite\/biot-international-glass-festival-2026-quand-verre-devient-art-entre-feu-creativite-et-tradition-34209\/"]}]},{"@type":"ImageObject","inLanguage":"fr-FR","@id":"https:\/\/montecarloliving.com\/fr\/actualite\/biot-international-glass-festival-2026-quand-verre-devient-art-entre-feu-creativite-et-tradition-34209\/#primaryimage","url":"https:\/\/montecarloliving.com\/wp-content\/uploads\/2026\/09\/786424098_27983214314677987_8491514791238806895_n.jpg","contentUrl":"https:\/\/montecarloliving.com\/wp-content\/uploads\/2026\/09\/786424098_27983214314677987_8491514791238806895_n.jpg","width":1702,"height":630},{"@type":"BreadcrumbList","@id":"https:\/\/montecarloliving.com\/fr\/actualite\/biot-international-glass-festival-2026-quand-verre-devient-art-entre-feu-creativite-et-tradition-34209\/#breadcrumb","itemListElement":[{"@type":"ListItem","position":1,"name":"Home","item":"https:\/\/montecarloliving.com\/fr\/"},{"@type":"ListItem","position":2,"name":"Biot International Glass Festival 2026: quand le verre devient art entre feu, cr\u00e9ativit\u00e9 et tradition"}]},{"@type":"WebSite","@id":"https:\/\/montecarloliving.com\/fr\/#website","url":"https:\/\/montecarloliving.com\/fr\/","name":"Montecarlo Living","description":"News da Montecarlo - Principato di Monaco e Costa Azzurra","potentialAction":[{"@type":"SearchAction","target":{"@type":"EntryPoint","urlTemplate":"https:\/\/montecarloliving.com\/fr\/?s={search_term_string}"},"query-input":{"@type":"PropertyValueSpecification","valueRequired":true,"valueName":"search_term_string"}}],"inLanguage":"fr-FR"},{"@type":"Person","@id":"https:\/\/montecarloliving.com\/fr\/#\/schema\/person\/7e5945d4560862b7f2d2c6831bda2819","name":"Redazione","image":{"@type":"ImageObject","inLanguage":"fr-FR","@id":"https:\/\/secure.gravatar.com\/avatar\/8b5f26557e18fe74ad8e8a57ebb2925d88af8a90cee489ff2beefb391bc9b9c7?s=96&d=mm&r=g","url":"https:\/\/secure.gravatar.com\/avatar\/8b5f26557e18fe74ad8e8a57ebb2925d88af8a90cee489ff2beefb391bc9b9c7?s=96&d=mm&r=g","contentUrl":"https:\/\/secure.gravatar.com\/avatar\/8b5f26557e18fe74ad8e8a57ebb2925d88af8a90cee489ff2beefb391bc9b9c7?s=96&d=mm&r=g","caption":"Redazione"}}]}},"_links":{"self":[{"href":"https:\/\/montecarloliving.com\/fr\/wp-json\/wp\/v2\/posts\/34209","targetHints":{"allow":["GET"]}}],"collection":[{"href":"https:\/\/montecarloliving.com\/fr\/wp-json\/wp\/v2\/posts"}],"about":[{"href":"https:\/\/montecarloliving.com\/fr\/wp-json\/wp\/v2\/types\/post"}],"author":[{"embeddable":true,"href":"https:\/\/montecarloliving.com\/fr\/wp-json\/wp\/v2\/users\/1"}],"replies":[{"embeddable":true,"href":"https:\/\/montecarloliving.com\/fr\/wp-json\/wp\/v2\/comments?post=34209"}],"version-history":[{"count":1,"href":"https:\/\/montecarloliving.com\/fr\/wp-json\/wp\/v2\/posts\/34209\/revisions"}],"predecessor-version":[{"id":34210,"href":"https:\/\/montecarloliving.com\/fr\/wp-json\/wp\/v2\/posts\/34209\/revisions\/34210"}],"wp:featuredmedia":[{"embeddable":true,"href":"https:\/\/montecarloliving.com\/fr\/wp-json\/wp\/v2\/media\/34205"}],"wp:attachment":[{"href":"https:\/\/montecarloliving.com\/fr\/wp-json\/wp\/v2\/media?parent=34209"}],"wp:term":[{"taxonomy":"category","embeddable":true,"href":"https:\/\/montecarloliving.com\/fr\/wp-json\/wp\/v2\/categories?post=34209"},{"taxonomy":"post_tag","embeddable":true,"href":"https:\/\/montecarloliving.com\/fr\/wp-json\/wp\/v2\/tags?post=34209"}],"curies":[{"name":"wp","href":"https:\/\/api.w.org\/{rel}","templated":true}]}}