{"id":34199,"date":"2026-09-03T11:45:39","date_gmt":"2026-09-03T09:45:39","guid":{"rendered":"https:\/\/montecarloliving.com\/?p=34199"},"modified":"2026-09-03T11:17:06","modified_gmt":"2026-09-03T09:17:06","slug":"septembre-monaco-gastronomie-soirees-exclusives-et-monaco-yacht-show-2026","status":"publish","type":"post","link":"https:\/\/montecarloliving.com\/fr\/actualite\/septembre-monaco-gastronomie-soirees-exclusives-et-monaco-yacht-show-2026-34199\/","title":{"rendered":"Septembre \u00e0 Monaco: gastronomie, soir\u00e9es exclusives et Monaco Yacht Show 2026"},"content":{"rendered":"<p class=\"isSelectedEnd\">Septembre marque \u00e0 <strong>Monaco<\/strong> la transition entre la saison estivale et celle des grands rendez-vous internationaux. Durant tout le mois, la Principaut\u00e9 propose un calendrier riche en exp\u00e9riences gastronomiques, en divertissements et en soir\u00e9es, avec de nombreux \u00e9v\u00e9nements organis\u00e9s dans les \u00e9tablissements de <strong>Monte-Carlo Soci\u00e9t\u00e9 des Bains de Mer<\/strong>.<\/p>\n<p class=\"isSelectedEnd\">L\u2019ambiance estivale ne dispara\u00eet pas pour autant : elle \u00e9volue et laisse place \u00e0 un nouveau rythme, o\u00f9 les exp\u00e9riences culinaires, les soir\u00e9es exclusives et la musique internationale accompagnent l\u2019arriv\u00e9e de l\u2019automne. Le point culminant sera le <strong>Monaco Yacht Show 2026<\/strong>, pr\u00e9vu du 23 au 26 septembre.<\/p>\n<h2>Haute gastronomie \u00e0 Monte-Carlo : septembre entre Japon, M\u00e9diterran\u00e9e et Champagne<\/h2>\n<p class=\"isSelectedEnd\">La gastronomie figure parmi les grands temps forts du mois de septembre \u00e0 Monaco. Parmi les exp\u00e9riences propos\u00e9es, le <strong>menu Matataki<\/strong> de <strong>L\u2019Abysse Monte-Carlo<\/strong> invite \u00e0 d\u00e9couvrir un parcours de haute cuisine japonaise d\u2019environ deux heures.<\/p>\n<p class=\"isSelectedEnd\">Cette exp\u00e9rience illustre le caract\u00e8re international de la sc\u00e8ne gastronomique mon\u00e9gasque, o\u00f9 techniques, produits et influences venus de diff\u00e9rentes cultures se rencontrent au sein de cr\u00e9ations culinaires soigneusement \u00e9labor\u00e9es.<\/p>\n<p class=\"isSelectedEnd\">Au <strong>Blue Bay Marcel Ravin<\/strong>, le <strong>\u00ab Rituel des 5 \u00e9l\u00e9ments \u00bb<\/strong> fait \u00e9galement son retour. Imagin\u00e9 autour de l\u2019univers culinaire du chef Marcel Ravin, ce parcours gastronomique s\u2019inspire des cinq \u00e9l\u00e9ments et associe des <strong>influences cr\u00e9oles et m\u00e9diterran\u00e9ennes<\/strong>, dans un dialogue entre diff\u00e9rentes traditions culinaires.<\/p>\n<p class=\"isSelectedEnd\">Le rendez-vous du mercredi reprendra <strong>\u00e0 partir du 16 septembre 2026<\/strong>, faisant ainsi son retour dans le calendrier gastronomique de la Principaut\u00e9.<\/p>\n<p><img loading=\"lazy\" decoding=\"async\" class=\"size-full wp-image-34195 aligncenter\" src=\"https:\/\/montecarloliving.com\/wp-content\/uploads\/2026\/09\/gastronomia_Monaco.png\" alt=\"\" width=\"560\" height=\"680\" srcset=\"https:\/\/montecarloliving.com\/wp-content\/uploads\/2026\/09\/gastronomia_Monaco.png 560w, https:\/\/montecarloliving.com\/wp-content\/uploads\/2026\/09\/gastronomia_Monaco-247x300.png 247w\" sizes=\"auto, (max-width: 560px) 100vw, 560px\" \/><\/p>\n<h2>Un d\u00eener d\u2019exception avec Elsa, Marcel Ravin et Charles Heidsieck<\/h2>\n<p class=\"isSelectedEnd\">Le programme gastronomique se poursuivra avec une soir\u00e9e exceptionnelle le <strong>vendredi 18 septembre 2026<\/strong>, \u00e0 l\u2019occasion d\u2019un d\u00eener organis\u00e9 par <strong>Elsa Marcel Ravin<\/strong> en collaboration avec <strong>Charles Heidsieck<\/strong>.<\/p>\n<p class=\"isSelectedEnd\">La soir\u00e9e proposera un parcours gastronomique imagin\u00e9 par les chefs <strong>Marcel Ravin et Domenico D\u2019Antonio<\/strong>, accompagn\u00e9 par les s\u00e9lections du chef sommelier <strong>Beno\u00eet Bouquin<\/strong>.<\/p>\n<p class=\"isSelectedEnd\">Les champagnes de la Maison Charles Heidsieck viendront compl\u00e9ter cette exp\u00e9rience, avec des accords pens\u00e9s autour d\u2019un menu consacr\u00e9 \u00e0 l\u2019univers du <strong>Jardin Marin<\/strong>.<\/p>\n<p class=\"isSelectedEnd\">Ce rendez-vous illustre l\u2019une des caract\u00e9ristiques de la gastronomie mon\u00e9gasque : transformer un d\u00eener en une exp\u00e9rience globale, o\u00f9 cuisine, vins et atmosph\u00e8re s\u2019accordent pour cr\u00e9er un moment unique.<\/p>\n<h2>P\u00e9tanque et ambiance m\u00e9diterran\u00e9enne : le retour de la soir\u00e9e \u00e0 La Rascasse<\/h2>\n<p class=\"isSelectedEnd\">Le mois de septembre \u00e0 Monte-Carlo ne se r\u00e9sume pas \u00e0 la haute gastronomie. La tradition et la convivialit\u00e9 occupent \u00e9galement une place importante dans le calendrier.<\/p>\n<p class=\"isSelectedEnd\">Le <strong>jeudi 10 septembre<\/strong>, la <strong>soir\u00e9e p\u00e9tanque \u00e0 La Rascasse<\/strong> fera son retour, avec un rendez-vous qui refl\u00e8te parfaitement l\u2019esprit m\u00e9diterran\u00e9en et convivial de la Principaut\u00e9.<\/p>\n<p class=\"isSelectedEnd\">Cette soir\u00e9e offre une autre mani\u00e8re de d\u00e9couvrir la vie nocturne mon\u00e9gasque, en associant rencontres, divertissement et l\u2019une des activit\u00e9s embl\u00e9matiques de la culture du sud de la France et de la C\u00f4te d\u2019Azur.<\/p>\n<h2>Carnival Fortune : le Casino Caf\u00e9 de Paris se transforme le temps d\u2019une soir\u00e9e<\/h2>\n<p class=\"isSelectedEnd\">Le <strong>samedi 19 septembre 2026<\/strong>, place \u00e0 <strong>Carnival Fortune<\/strong>, la soir\u00e9e annuelle organis\u00e9e au <strong>Casino Caf\u00e9 de Paris<\/strong>.<\/p>\n<p class=\"isSelectedEnd\">L\u2019\u00e9v\u00e9nement promet de transformer le lieu en un d\u00e9cor spectaculaire inspir\u00e9 des f\u00eates foraines d\u2019autrefois, avec des performances artistiques et des animations immersives.<\/p>\n<p class=\"isSelectedEnd\">Un tirage au sort viendra \u00e9galement rythmer la soir\u00e9e, avec quatre lots \u00e0 gagner : une <strong>Vespa \u00e9lectrique<\/strong>, un <strong>v\u00e9lo \u00e9lectrique<\/strong>, un forfait consacr\u00e9 \u00e0 la d\u00e9couverte de Monaco et un s\u00e9jour \u00e0 <strong>Europa-Park<\/strong>.<\/p>\n<p class=\"isSelectedEnd\">Carnival Fortune s\u2019inscrit ainsi parmi les \u00e9v\u00e9nements qui contribuent \u00e0 prolonger l\u2019atmosph\u00e8re festive de Monte-Carlo au-del\u00e0 du c\u0153ur de la saison estivale.<\/p>\n<h2>Monaco Yacht Show 2026 : quatre jours sous les projecteurs internationaux<\/h2>\n<p class=\"isSelectedEnd\">Le grand rendez-vous du mois sera toutefois le <strong>Monaco Yacht Show 2026<\/strong>, qui se d\u00e9roulera du <strong>23 au 26 septembre<\/strong>.<\/p>\n<p class=\"isSelectedEnd\">Cet \u00e9v\u00e9nement international consacr\u00e9 \u00e0 l\u2019univers du yachting de luxe r\u00e9unira une nouvelle fois \u00e0 Monaco des yachts, des professionnels du secteur, des entreprises et des visiteurs venus du monde entier.<\/p>\n<p class=\"isSelectedEnd\">Pendant les quatre jours du Yacht Show, la Principaut\u00e9 ne vivra cependant pas uniquement au rythme du salon. La vie nocturne mon\u00e9gasque s\u2019intensifiera elle aussi, avec plusieurs soir\u00e9es faisant intervenir de grands noms de la sc\u00e8ne internationale des DJ.<\/p>\n<h2>Roger Sanchez et Bob Sinclar : la nightlife de Monte-Carlo entre en sc\u00e8ne<\/h2>\n<p class=\"isSelectedEnd\">Parmi les rendez-vous musicaux figure <strong>Roger Sanchez<\/strong>, qui prendra les commandes des platines d\u2019<strong>Amaz\u00f3nico Monte-Carlo le 24 septembre<\/strong>.<\/p>\n<p class=\"isSelectedEnd\">Le lendemain, <strong>25 septembre<\/strong>, ce sera au tour de <strong>Bob Sinclar<\/strong> d\u2019\u00eatre \u00e0 l\u2019honneur, avec une soir\u00e9e qui investira <strong>COYA Monte-Carlo<\/strong> et <strong>Jimmy\u2019z Monte-Carlo<\/strong>.<\/p>\n<p class=\"isSelectedEnd\">La pr\u00e9sence de DJ de renomm\u00e9e internationale confirme la place de Monte-Carlo parmi les destinations incontournables de la vie nocturne sur la C\u00f4te d\u2019Azur, notamment lors des grands \u00e9v\u00e9nements internationaux qui attirent en Principaut\u00e9 un public venu du monde entier.<\/p>\n<p class=\"isSelectedEnd\">Entre yachts, restaurants, musique et \u00e9tablissements nocturnes, les journ\u00e9es du Monaco Yacht Show deviennent ainsi un moment particuli\u00e8rement anim\u00e9 pour d\u00e9couvrir Monte-Carlo apr\u00e8s le coucher du soleil.<\/p>\n<p><img loading=\"lazy\" decoding=\"async\" class=\"size-full wp-image-34192 aligncenter\" src=\"https:\/\/montecarloliving.com\/wp-content\/uploads\/2026\/09\/Bob_Sinclar.jpg\" alt=\"\" width=\"560\" height=\"680\" srcset=\"https:\/\/montecarloliving.com\/wp-content\/uploads\/2026\/09\/Bob_Sinclar.jpg 560w, https:\/\/montecarloliving.com\/wp-content\/uploads\/2026\/09\/Bob_Sinclar-247x300.jpg 247w\" sizes=\"auto, (max-width: 560px) 100vw, 560px\" \/><\/p>\n<h2>Monaco en septembre : grands \u00e9v\u00e9nements et derniers parfums de l\u2019\u00e9t\u00e9<\/h2>\n<p class=\"isSelectedEnd\">Le calendrier de septembre montre la capacit\u00e9 de Monaco \u00e0 changer de rythme tout en conservant son identit\u00e9. Haute gastronomie, rendez-vous mondains, musique internationale et traditions plus conviviales comme la p\u00e9tanque se retrouvent dans un programme qui accompagne la Principaut\u00e9 vers l\u2019automne.<\/p>\n<p class=\"isSelectedEnd\">Le <strong>Monaco Yacht Show<\/strong> constitue notamment le grand \u00e9v\u00e9nement qui concentre, pendant quelques jours, l\u2019attention internationale sur la destination. Mais les exp\u00e9riences gastronomiques et les soir\u00e9es organis\u00e9es dans les \u00e9tablissements de <strong>Monte-Carlo Soci\u00e9t\u00e9 des Bains de Mer<\/strong> contribuent \u00e9galement \u00e0 faire de septembre une p\u00e9riode particuli\u00e8rement int\u00e9ressante pour d\u00e9couvrir Monaco au-del\u00e0 de la traditionnelle saison estivale.<\/p>\n<p class=\"isSelectedEnd\">De la haute cuisine japonaise de <strong>L\u2019Abysse Monte-Carlo<\/strong> aux cr\u00e9ations de Marcel Ravin, du d\u00eener avec Charles Heidsieck \u00e0 l\u2019ambiance de Carnival Fortune, sans oublier les soir\u00e9es avec Roger Sanchez et Bob Sinclar et l\u2019effervescence internationale du Monaco Yacht Show, la Principaut\u00e9 propose un mois de septembre plac\u00e9 sous le signe du <strong>luxe, de la gastronomie, de la musique et des grands \u00e9v\u00e9nements internationaux<\/strong>.<\/p>\n<p>Pour celles et ceux qui choisissent Monaco et Monte-Carlo durant les derni\u00e8res semaines de l\u2019\u00e9t\u00e9, septembre constitue ainsi une p\u00e9riode id\u00e9ale pour d\u00e9couvrir la Principaut\u00e9 sous un jour particuli\u00e8rement dynamique, entre exp\u00e9riences gastronomiques, soir\u00e9es exclusives et ambiance internationale du Monaco Yacht Show.<\/p>\n","protected":false},"excerpt":{"rendered":"<p>Septembre marque \u00e0 Monaco la transition entre la saison estivale et celle des grands rendez-vous internationaux. Durant tout le mois, la Principaut\u00e9 propose un calendrier riche en exp\u00e9riences gastronomiques, en divertissements et en soir\u00e9es, avec de nombreux \u00e9v\u00e9nements organis\u00e9s dans les \u00e9tablissements de Monte-Carlo [&hellip;]<\/p>\n","protected":false},"author":1,"featured_media":33660,"comment_status":"closed","ping_status":"closed","sticky":false,"template":"","format":"standard","meta":{"footnotes":""},"categories":[827,875,828,867,819,829],"tags":[],"class_list":["post-34199","post","type-post","status-publish","format-standard","has-post-thumbnail","hentry","category-actualite","category-actualite-monaco","category-evenements","category-monaco-fr","category-que-visiter","category-tourisme"],"yoast_head":"<!-- This site is optimized with the Yoast SEO plugin v28.4 - https:\/\/yoast.com\/product\/yoast-seo-wordpress\/ -->\n<title>Septembre \u00e0 Monaco 2026<\/title>\n<meta name=\"description\" content=\"Septembre \u00e0 Monaco : gastronomie, soir\u00e9es exclusives et Monaco Yacht Show 2026. De la haute gastronomie aux d\u00eeners d\u2019exception\" \/>\n<meta name=\"robots\" content=\"index, follow, max-snippet:-1, max-image-preview:large, max-video-preview:-1\" \/>\n<link rel=\"canonical\" href=\"https:\/\/montecarloliving.com\/fr\/actualite\/septembre-monaco-gastronomie-soirees-exclusives-et-monaco-yacht-show-2026-34199\/\" \/>\n<meta property=\"og:locale\" content=\"fr_FR\" \/>\n<meta property=\"og:title\" content=\"Septembre \u00e0 Monaco 2026\" \/>\n<meta property=\"og:description\" content=\"Septembre \u00e0 Monaco : gastronomie, soir\u00e9es exclusives et Monaco Yacht Show 2026. De la haute gastronomie aux d\u00eeners d\u2019exception\" \/>\n<meta property=\"og:url\" content=\"https:\/\/montecarloliving.com\/fr\/actualite\/septembre-monaco-gastronomie-soirees-exclusives-et-monaco-yacht-show-2026-34199\/\" \/>\n<meta property=\"og:site_name\" content=\"Montecarlo Living\" \/>\n<meta property=\"article:publisher\" content=\"https:\/\/www.facebook.com\/montecarlolivingcom\/\" \/>\n<meta property=\"article:published_time\" content=\"2026-09-03T09:45:39+00:00\" \/>\n<meta property=\"og:image\" content=\"https:\/\/montecarloliving.com\/wp-content\/uploads\/2026\/08\/montecarlo-19-650x400.jpeg\" \/>\n\t<meta property=\"og:image:width\" content=\"650\" \/>\n\t<meta property=\"og:image:height\" content=\"400\" \/>\n\t<meta property=\"og:image:type\" content=\"image\/jpeg\" \/>\n<meta name=\"author\" content=\"Redazione\" \/>\n<meta name=\"twitter:card\" content=\"summary_large_image\" \/>\n<meta name=\"twitter:creator\" content=\"@MonteCarloLivi\" \/>\n<meta name=\"twitter:site\" content=\"@MonteCarloLivi\" \/>\n<meta name=\"twitter:label1\" content=\"\u00c9crit par\" \/>\n\t<meta name=\"twitter:data1\" content=\"Redazione\" \/>\n\t<meta name=\"twitter:label2\" content=\"Dur\u00e9e de lecture estim\u00e9e\" \/>\n\t<meta name=\"twitter:data2\" content=\"6 minutes\" \/>\n<script type=\"application\/ld+json\" class=\"yoast-schema-graph\">{\"@context\":\"https:\\\/\\\/schema.org\",\"@graph\":[{\"@type\":\"Article\",\"@id\":\"https:\\\/\\\/montecarloliving.com\\\/fr\\\/actualite\\\/septembre-monaco-gastronomie-soirees-exclusives-et-monaco-yacht-show-2026-34199\\\/#article\",\"isPartOf\":{\"@id\":\"https:\\\/\\\/montecarloliving.com\\\/fr\\\/actualite\\\/septembre-monaco-gastronomie-soirees-exclusives-et-monaco-yacht-show-2026-34199\\\/\"},\"author\":{\"name\":\"Redazione\",\"@id\":\"https:\\\/\\\/montecarloliving.com\\\/fr\\\/#\\\/schema\\\/person\\\/7e5945d4560862b7f2d2c6831bda2819\"},\"headline\":\"Septembre \u00e0 Monaco: gastronomie, soir\u00e9es exclusives et Monaco Yacht Show 2026\",\"datePublished\":\"2026-09-03T09:45:39+00:00\",\"mainEntityOfPage\":{\"@id\":\"https:\\\/\\\/montecarloliving.com\\\/fr\\\/actualite\\\/septembre-monaco-gastronomie-soirees-exclusives-et-monaco-yacht-show-2026-34199\\\/\"},\"wordCount\":1112,\"image\":{\"@id\":\"https:\\\/\\\/montecarloliving.com\\\/fr\\\/actualite\\\/septembre-monaco-gastronomie-soirees-exclusives-et-monaco-yacht-show-2026-34199\\\/#primaryimage\"},\"thumbnailUrl\":\"https:\\\/\\\/montecarloliving.com\\\/wp-content\\\/uploads\\\/2026\\\/08\\\/montecarlo-19.jpeg\",\"articleSection\":[\"Actualit\u00e9\",\"Actualit\u00e9 \u00e0 Monaco\",\"\u00c9v\u00e9nements\",\"Monaco\",\"Que Visiter \u00e0 Monaco\",\"Tourisme \u00e0 Monaco\"],\"inLanguage\":\"fr-FR\"},{\"@type\":\"WebPage\",\"@id\":\"https:\\\/\\\/montecarloliving.com\\\/fr\\\/actualite\\\/septembre-monaco-gastronomie-soirees-exclusives-et-monaco-yacht-show-2026-34199\\\/\",\"url\":\"https:\\\/\\\/montecarloliving.com\\\/fr\\\/actualite\\\/septembre-monaco-gastronomie-soirees-exclusives-et-monaco-yacht-show-2026-34199\\\/\",\"name\":\"Septembre \u00e0 Monaco 2026\",\"isPartOf\":{\"@id\":\"https:\\\/\\\/montecarloliving.com\\\/fr\\\/#website\"},\"primaryImageOfPage\":{\"@id\":\"https:\\\/\\\/montecarloliving.com\\\/fr\\\/actualite\\\/septembre-monaco-gastronomie-soirees-exclusives-et-monaco-yacht-show-2026-34199\\\/#primaryimage\"},\"image\":{\"@id\":\"https:\\\/\\\/montecarloliving.com\\\/fr\\\/actualite\\\/septembre-monaco-gastronomie-soirees-exclusives-et-monaco-yacht-show-2026-34199\\\/#primaryimage\"},\"thumbnailUrl\":\"https:\\\/\\\/montecarloliving.com\\\/wp-content\\\/uploads\\\/2026\\\/08\\\/montecarlo-19.jpeg\",\"datePublished\":\"2026-09-03T09:45:39+00:00\",\"author\":{\"@id\":\"https:\\\/\\\/montecarloliving.com\\\/fr\\\/#\\\/schema\\\/person\\\/7e5945d4560862b7f2d2c6831bda2819\"},\"description\":\"Septembre \u00e0 Monaco : gastronomie, soir\u00e9es exclusives et Monaco Yacht Show 2026. De la haute gastronomie aux d\u00eeners d\u2019exception\",\"breadcrumb\":{\"@id\":\"https:\\\/\\\/montecarloliving.com\\\/fr\\\/actualite\\\/septembre-monaco-gastronomie-soirees-exclusives-et-monaco-yacht-show-2026-34199\\\/#breadcrumb\"},\"inLanguage\":\"fr-FR\",\"potentialAction\":[{\"@type\":\"ReadAction\",\"target\":[\"https:\\\/\\\/montecarloliving.com\\\/fr\\\/actualite\\\/septembre-monaco-gastronomie-soirees-exclusives-et-monaco-yacht-show-2026-34199\\\/\"]}]},{\"@type\":\"ImageObject\",\"inLanguage\":\"fr-FR\",\"@id\":\"https:\\\/\\\/montecarloliving.com\\\/fr\\\/actualite\\\/septembre-monaco-gastronomie-soirees-exclusives-et-monaco-yacht-show-2026-34199\\\/#primaryimage\",\"url\":\"https:\\\/\\\/montecarloliving.com\\\/wp-content\\\/uploads\\\/2026\\\/08\\\/montecarlo-19.jpeg\",\"contentUrl\":\"https:\\\/\\\/montecarloliving.com\\\/wp-content\\\/uploads\\\/2026\\\/08\\\/montecarlo-19.jpeg\",\"width\":1600,\"height\":1200},{\"@type\":\"BreadcrumbList\",\"@id\":\"https:\\\/\\\/montecarloliving.com\\\/fr\\\/actualite\\\/septembre-monaco-gastronomie-soirees-exclusives-et-monaco-yacht-show-2026-34199\\\/#breadcrumb\",\"itemListElement\":[{\"@type\":\"ListItem\",\"position\":1,\"name\":\"Home\",\"item\":\"https:\\\/\\\/montecarloliving.com\\\/fr\\\/\"},{\"@type\":\"ListItem\",\"position\":2,\"name\":\"Septembre \u00e0 Monaco: gastronomie, soir\u00e9es exclusives et Monaco Yacht Show 2026\"}]},{\"@type\":\"WebSite\",\"@id\":\"https:\\\/\\\/montecarloliving.com\\\/fr\\\/#website\",\"url\":\"https:\\\/\\\/montecarloliving.com\\\/fr\\\/\",\"name\":\"Montecarlo Living\",\"description\":\"News da Montecarlo - Principato di Monaco e Costa Azzurra\",\"potentialAction\":[{\"@type\":\"SearchAction\",\"target\":{\"@type\":\"EntryPoint\",\"urlTemplate\":\"https:\\\/\\\/montecarloliving.com\\\/fr\\\/?s={search_term_string}\"},\"query-input\":{\"@type\":\"PropertyValueSpecification\",\"valueRequired\":true,\"valueName\":\"search_term_string\"}}],\"inLanguage\":\"fr-FR\"},{\"@type\":\"Person\",\"@id\":\"https:\\\/\\\/montecarloliving.com\\\/fr\\\/#\\\/schema\\\/person\\\/7e5945d4560862b7f2d2c6831bda2819\",\"name\":\"Redazione\",\"image\":{\"@type\":\"ImageObject\",\"inLanguage\":\"fr-FR\",\"@id\":\"https:\\\/\\\/secure.gravatar.com\\\/avatar\\\/8b5f26557e18fe74ad8e8a57ebb2925d88af8a90cee489ff2beefb391bc9b9c7?s=96&d=mm&r=g\",\"url\":\"https:\\\/\\\/secure.gravatar.com\\\/avatar\\\/8b5f26557e18fe74ad8e8a57ebb2925d88af8a90cee489ff2beefb391bc9b9c7?s=96&d=mm&r=g\",\"contentUrl\":\"https:\\\/\\\/secure.gravatar.com\\\/avatar\\\/8b5f26557e18fe74ad8e8a57ebb2925d88af8a90cee489ff2beefb391bc9b9c7?s=96&d=mm&r=g\",\"caption\":\"Redazione\"}}]}<\/script>\n<!-- \/ Yoast SEO plugin. -->","yoast_head_json":{"title":"Septembre \u00e0 Monaco 2026","description":"Septembre \u00e0 Monaco : gastronomie, soir\u00e9es exclusives et Monaco Yacht Show 2026. De la haute gastronomie aux d\u00eeners d\u2019exception","robots":{"index":"index","follow":"follow","max-snippet":"max-snippet:-1","max-image-preview":"max-image-preview:large","max-video-preview":"max-video-preview:-1"},"canonical":"https:\/\/montecarloliving.com\/fr\/actualite\/septembre-monaco-gastronomie-soirees-exclusives-et-monaco-yacht-show-2026-34199\/","og_locale":"fr_FR","og_title":"Septembre \u00e0 Monaco 2026","og_description":"Septembre \u00e0 Monaco : gastronomie, soir\u00e9es exclusives et Monaco Yacht Show 2026. De la haute gastronomie aux d\u00eeners d\u2019exception","og_url":"https:\/\/montecarloliving.com\/fr\/actualite\/septembre-monaco-gastronomie-soirees-exclusives-et-monaco-yacht-show-2026-34199\/","og_site_name":"Montecarlo Living","article_publisher":"https:\/\/www.facebook.com\/montecarlolivingcom\/","article_published_time":"2026-09-03T09:45:39+00:00","og_image":[{"width":650,"height":400,"url":"https:\/\/montecarloliving.com\/wp-content\/uploads\/2026\/08\/montecarlo-19-650x400.jpeg","type":"image\/jpeg"}],"author":"Redazione","twitter_card":"summary_large_image","twitter_creator":"@MonteCarloLivi","twitter_site":"@MonteCarloLivi","twitter_misc":{"\u00c9crit par":"Redazione","Dur\u00e9e de lecture estim\u00e9e":"6 minutes"},"schema":{"@context":"https:\/\/schema.org","@graph":[{"@type":"Article","@id":"https:\/\/montecarloliving.com\/fr\/actualite\/septembre-monaco-gastronomie-soirees-exclusives-et-monaco-yacht-show-2026-34199\/#article","isPartOf":{"@id":"https:\/\/montecarloliving.com\/fr\/actualite\/septembre-monaco-gastronomie-soirees-exclusives-et-monaco-yacht-show-2026-34199\/"},"author":{"name":"Redazione","@id":"https:\/\/montecarloliving.com\/fr\/#\/schema\/person\/7e5945d4560862b7f2d2c6831bda2819"},"headline":"Septembre \u00e0 Monaco: gastronomie, soir\u00e9es exclusives et Monaco Yacht Show 2026","datePublished":"2026-09-03T09:45:39+00:00","mainEntityOfPage":{"@id":"https:\/\/montecarloliving.com\/fr\/actualite\/septembre-monaco-gastronomie-soirees-exclusives-et-monaco-yacht-show-2026-34199\/"},"wordCount":1112,"image":{"@id":"https:\/\/montecarloliving.com\/fr\/actualite\/septembre-monaco-gastronomie-soirees-exclusives-et-monaco-yacht-show-2026-34199\/#primaryimage"},"thumbnailUrl":"https:\/\/montecarloliving.com\/wp-content\/uploads\/2026\/08\/montecarlo-19.jpeg","articleSection":["Actualit\u00e9","Actualit\u00e9 \u00e0 Monaco","\u00c9v\u00e9nements","Monaco","Que Visiter \u00e0 Monaco","Tourisme \u00e0 Monaco"],"inLanguage":"fr-FR"},{"@type":"WebPage","@id":"https:\/\/montecarloliving.com\/fr\/actualite\/septembre-monaco-gastronomie-soirees-exclusives-et-monaco-yacht-show-2026-34199\/","url":"https:\/\/montecarloliving.com\/fr\/actualite\/septembre-monaco-gastronomie-soirees-exclusives-et-monaco-yacht-show-2026-34199\/","name":"Septembre \u00e0 Monaco 2026","isPartOf":{"@id":"https:\/\/montecarloliving.com\/fr\/#website"},"primaryImageOfPage":{"@id":"https:\/\/montecarloliving.com\/fr\/actualite\/septembre-monaco-gastronomie-soirees-exclusives-et-monaco-yacht-show-2026-34199\/#primaryimage"},"image":{"@id":"https:\/\/montecarloliving.com\/fr\/actualite\/septembre-monaco-gastronomie-soirees-exclusives-et-monaco-yacht-show-2026-34199\/#primaryimage"},"thumbnailUrl":"https:\/\/montecarloliving.com\/wp-content\/uploads\/2026\/08\/montecarlo-19.jpeg","datePublished":"2026-09-03T09:45:39+00:00","author":{"@id":"https:\/\/montecarloliving.com\/fr\/#\/schema\/person\/7e5945d4560862b7f2d2c6831bda2819"},"description":"Septembre \u00e0 Monaco : gastronomie, soir\u00e9es exclusives et Monaco Yacht Show 2026. De la haute gastronomie aux d\u00eeners d\u2019exception","breadcrumb":{"@id":"https:\/\/montecarloliving.com\/fr\/actualite\/septembre-monaco-gastronomie-soirees-exclusives-et-monaco-yacht-show-2026-34199\/#breadcrumb"},"inLanguage":"fr-FR","potentialAction":[{"@type":"ReadAction","target":["https:\/\/montecarloliving.com\/fr\/actualite\/septembre-monaco-gastronomie-soirees-exclusives-et-monaco-yacht-show-2026-34199\/"]}]},{"@type":"ImageObject","inLanguage":"fr-FR","@id":"https:\/\/montecarloliving.com\/fr\/actualite\/septembre-monaco-gastronomie-soirees-exclusives-et-monaco-yacht-show-2026-34199\/#primaryimage","url":"https:\/\/montecarloliving.com\/wp-content\/uploads\/2026\/08\/montecarlo-19.jpeg","contentUrl":"https:\/\/montecarloliving.com\/wp-content\/uploads\/2026\/08\/montecarlo-19.jpeg","width":1600,"height":1200},{"@type":"BreadcrumbList","@id":"https:\/\/montecarloliving.com\/fr\/actualite\/septembre-monaco-gastronomie-soirees-exclusives-et-monaco-yacht-show-2026-34199\/#breadcrumb","itemListElement":[{"@type":"ListItem","position":1,"name":"Home","item":"https:\/\/montecarloliving.com\/fr\/"},{"@type":"ListItem","position":2,"name":"Septembre \u00e0 Monaco: gastronomie, soir\u00e9es exclusives et Monaco Yacht Show 2026"}]},{"@type":"WebSite","@id":"https:\/\/montecarloliving.com\/fr\/#website","url":"https:\/\/montecarloliving.com\/fr\/","name":"Montecarlo Living","description":"News da Montecarlo - Principato di Monaco e Costa Azzurra","potentialAction":[{"@type":"SearchAction","target":{"@type":"EntryPoint","urlTemplate":"https:\/\/montecarloliving.com\/fr\/?s={search_term_string}"},"query-input":{"@type":"PropertyValueSpecification","valueRequired":true,"valueName":"search_term_string"}}],"inLanguage":"fr-FR"},{"@type":"Person","@id":"https:\/\/montecarloliving.com\/fr\/#\/schema\/person\/7e5945d4560862b7f2d2c6831bda2819","name":"Redazione","image":{"@type":"ImageObject","inLanguage":"fr-FR","@id":"https:\/\/secure.gravatar.com\/avatar\/8b5f26557e18fe74ad8e8a57ebb2925d88af8a90cee489ff2beefb391bc9b9c7?s=96&d=mm&r=g","url":"https:\/\/secure.gravatar.com\/avatar\/8b5f26557e18fe74ad8e8a57ebb2925d88af8a90cee489ff2beefb391bc9b9c7?s=96&d=mm&r=g","contentUrl":"https:\/\/secure.gravatar.com\/avatar\/8b5f26557e18fe74ad8e8a57ebb2925d88af8a90cee489ff2beefb391bc9b9c7?s=96&d=mm&r=g","caption":"Redazione"}}]}},"_links":{"self":[{"href":"https:\/\/montecarloliving.com\/fr\/wp-json\/wp\/v2\/posts\/34199","targetHints":{"allow":["GET"]}}],"collection":[{"href":"https:\/\/montecarloliving.com\/fr\/wp-json\/wp\/v2\/posts"}],"about":[{"href":"https:\/\/montecarloliving.com\/fr\/wp-json\/wp\/v2\/types\/post"}],"author":[{"embeddable":true,"href":"https:\/\/montecarloliving.com\/fr\/wp-json\/wp\/v2\/users\/1"}],"replies":[{"embeddable":true,"href":"https:\/\/montecarloliving.com\/fr\/wp-json\/wp\/v2\/comments?post=34199"}],"version-history":[{"count":1,"href":"https:\/\/montecarloliving.com\/fr\/wp-json\/wp\/v2\/posts\/34199\/revisions"}],"predecessor-version":[{"id":34200,"href":"https:\/\/montecarloliving.com\/fr\/wp-json\/wp\/v2\/posts\/34199\/revisions\/34200"}],"wp:featuredmedia":[{"embeddable":true,"href":"https:\/\/montecarloliving.com\/fr\/wp-json\/wp\/v2\/media\/33660"}],"wp:attachment":[{"href":"https:\/\/montecarloliving.com\/fr\/wp-json\/wp\/v2\/media?parent=34199"}],"wp:term":[{"taxonomy":"category","embeddable":true,"href":"https:\/\/montecarloliving.com\/fr\/wp-json\/wp\/v2\/categories?post=34199"},{"taxonomy":"post_tag","embeddable":true,"href":"https:\/\/montecarloliving.com\/fr\/wp-json\/wp\/v2\/tags?post=34199"}],"curies":[{"name":"wp","href":"https:\/\/api.w.org\/{rel}","templated":true}]}}