{"id":34185,"date":"2026-09-03T10:46:36","date_gmt":"2026-09-03T08:46:36","guid":{"rendered":"https:\/\/montecarloliving.com\/?p=34185"},"modified":"2026-09-03T10:43:22","modified_gmt":"2026-09-03T08:43:22","slug":"theatre-francis-gag-nice-saison-2026-2027-entre-theatre-musique-et-spectacles-pour-tous","status":"publish","type":"post","link":"https:\/\/montecarloliving.com\/fr\/actualite\/theatre-francis-gag-nice-saison-2026-2027-entre-theatre-musique-et-spectacles-pour-tous-34185\/","title":{"rendered":"Th\u00e9\u00e2tre Francis-Gag \u00e0 Nice: la saison 2026-2027 entre th\u00e9\u00e2tre, musique et spectacles pour tous"},"content":{"rendered":"<p class=\"isSelectedEnd\">Le <strong>Th\u00e9\u00e2tre Francis-Gag \u00e0 Nice<\/strong> s\u2019appr\u00eate \u00e0 ouvrir sa nouvelle <strong>saison 2026-2027<\/strong>, avec une programmation vari\u00e9e m\u00ealant th\u00e9\u00e2tre, musique, performances et spectacles pour diff\u00e9rents publics au c\u0153ur du Vieux-Nice. La nouvelle saison d\u00e9butera officiellement le <strong>24 septembre 2026<\/strong> avec une soir\u00e9e de lancement sp\u00e9cialement con\u00e7ue pour pr\u00e9senter au public les prochains rendez-vous dans une atmosph\u00e8re conviviale.<\/p>\n<p class=\"isSelectedEnd\">Situ\u00e9 <strong>4 rue de la Croix, dans le Vieux-Nice<\/strong>, le Th\u00e9\u00e2tre Francis-Gag est l\u2019un des lieux culturels de la ville d\u00e9di\u00e9s au th\u00e9\u00e2tre et aux arts vivants. Tout au long de la saison, il propose de d\u00e9couvrir des artistes confirm\u00e9s, des cr\u00e9ations \u00e9mergentes et des spectacles capables de r\u00e9unir diff\u00e9rentes g\u00e9n\u00e9rations.<\/p>\n<p><img loading=\"lazy\" decoding=\"async\" class=\"size-full wp-image-34170 aligncenter\" src=\"https:\/\/montecarloliving.com\/wp-content\/uploads\/2026\/09\/content-32.png\" alt=\"\" width=\"1200\" height=\"628\" srcset=\"https:\/\/montecarloliving.com\/wp-content\/uploads\/2026\/09\/content-32.png 1200w, https:\/\/montecarloliving.com\/wp-content\/uploads\/2026\/09\/content-32-300x157.png 300w, https:\/\/montecarloliving.com\/wp-content\/uploads\/2026\/09\/content-32-1024x536.png 1024w, https:\/\/montecarloliving.com\/wp-content\/uploads\/2026\/09\/content-32-768x402.png 768w\" sizes=\"auto, (max-width: 1200px) 100vw, 1200px\" \/><\/p>\n<h2>La saison 2026-2027 ouvre le 24 septembre<\/h2>\n<p class=\"isSelectedEnd\">Le premier grand rendez-vous est la <strong>Soir\u00e9e de lancement<\/strong>, pr\u00e9vue le <strong>jeudi 24 septembre 2026 \u00e0 19h30<\/strong>. L\u2019entr\u00e9e est <strong>gratuite<\/strong>, mais la r\u00e9servation est recommand\u00e9e. La soir\u00e9e durera environ <strong>1h30<\/strong>.<\/p>\n<p class=\"isSelectedEnd\">Ce rendez-vous permettra de rencontrer les artistes en r\u00e9sidence, de d\u00e9couvrir des avant-premi\u00e8res des spectacles programm\u00e9s au cours de la nouvelle saison et de profiter d\u2019un moment musical autour du <strong>jazz et de la bossa nova<\/strong>, avec <strong>Jo Kaiat et Jussanam<\/strong>.<\/p>\n<p class=\"isSelectedEnd\">Cette soir\u00e9e d\u2019ouverture sera \u00e9galement l\u2019occasion de favoriser les \u00e9changes entre le th\u00e9\u00e2tre, les artistes et le public. Elle permettra ainsi de d\u00e9couvrir en avant-premi\u00e8re la diversit\u00e9 de la programmation propos\u00e9e par le Th\u00e9\u00e2tre Francis-Gag pour la saison 2026-2027.<\/p>\n<h2>Niki de Saint Phalle \u00e0 l\u2019honneur avec une performance interactive<\/h2>\n<p class=\"isSelectedEnd\">Le <strong>mardi 29 septembre 2026 \u00e0 20h<\/strong>, la programmation se poursuivra avec <strong>NIKI DE SAINT PHALLE, ACTION-SPECTACLE<\/strong>, une cr\u00e9ation destin\u00e9e \u00e0 <strong>tous les publics<\/strong> et d\u2019une dur\u00e9e d\u2019environ <strong>1 heure<\/strong>. L\u2019entr\u00e9e est gratuite, avec r\u00e9servation recommand\u00e9e.<\/p>\n<p class=\"isSelectedEnd\">Le spectacle est pr\u00e9sent\u00e9 dans le cadre du <strong>M.I.I.M. du MAMAC<\/strong>, un projet innovant de m\u00e9diation culturelle d\u00e9velopp\u00e9 pendant la fermeture du <strong>MAMAC pour r\u00e9novation<\/strong>. Le dispositif permet de proposer des exp\u00e9riences artistiques et culturelles dans diff\u00e9rents lieux, en attendant la r\u00e9ouverture du mus\u00e9e.<\/p>\n<p class=\"isSelectedEnd\">Produite par la <strong>Compagnie L\u2019Embrayage \u00e0 Paillettes<\/strong>, cette performance explore l\u2019\u0153uvre et les combats de <strong>Niki de Saint Phalle<\/strong> \u00e0 travers une approche volontairement ludique, d\u00e9cal\u00e9e et tr\u00e8s interactive. Entre humour, th\u00e9\u00e2tre et r\u00e9flexion, le spectacle propose une autre mani\u00e8re de d\u00e9couvrir l\u2019artiste et son univers.<\/p>\n<p class=\"isSelectedEnd\">Cette repr\u00e9sentation s\u2019adresse notamment aux personnes \u00e0 la recherche d\u2019une exp\u00e9rience culturelle originale \u00e0 Nice, \u00e0 la crois\u00e9e de l\u2019art, du th\u00e9\u00e2tre et de la participation du public.<\/p>\n<h2>Les 12 Notes : du th\u00e9\u00e2tre musical pour le jeune public<\/h2>\n<p class=\"isSelectedEnd\">Le <strong>mercredi 7 octobre 2026 \u00e0 14h30<\/strong>, le Th\u00e9\u00e2tre Francis-Gag accueillera le jeune public avec <strong>LES 12 NOTES<\/strong>, une cr\u00e9ation de th\u00e9\u00e2tre musical de <strong>J\u00e9r\u00e9my Lemaire<\/strong>.<\/p>\n<p class=\"isSelectedEnd\">Destin\u00e9 aux enfants <strong>\u00e0 partir de 5 ans<\/strong>, le spectacle dure environ <strong>1 heure<\/strong>. Il est produit par la <strong>Compagnie Au Sud De Nulle Part<\/strong>, en coproduction avec <strong>Ol\u00e9a Compagnie M\u00e9diterran\u00e9enne<\/strong>.<\/p>\n<p class=\"isSelectedEnd\">L\u2019histoire raconte la rencontre entre un jeune gar\u00e7on timide, victime de harc\u00e8lement de la part d\u2019un groupe d\u2019enfants, et un pianiste solitaire et irascible qui tient une ancienne boutique de musique. Une amiti\u00e9 inattendue va se cr\u00e9er entre eux.<\/p>\n<p class=\"isSelectedEnd\">Au fil de leur relation, l\u2019enfant apprend la musique et gagne progressivement confiance en lui, tandis que le pianiste red\u00e9couvre le plaisir de transmettre et de partager sa passion. Ensemble, ils devront ensuite affronter un homme d\u2019affaires aux intentions douteuses et un rappeur peu scrupuleux.<\/p>\n<p class=\"isSelectedEnd\">Une question se pose alors : <strong>la musique parviendra-t-elle \u00e0 les sauver ?<\/strong><\/p>\n<p class=\"isSelectedEnd\">Avec son m\u00e9lange de r\u00e9cit, de musique et d\u2019humour, <strong>Les 12 Notes<\/strong> propose aux familles une exp\u00e9rience th\u00e9\u00e2trale divertissante tout en abordant des th\u00e8mes tels que l\u2019amiti\u00e9, la confiance en soi, le d\u00e9passement de soi et le pouvoir de transformation de la musique.<\/p>\n<h2>Tu connais la chanson ? Une plong\u00e9e musicale et po\u00e9tique dans la chanson fran\u00e7aise<\/h2>\n<p class=\"isSelectedEnd\">La programmation se poursuivra le <strong>samedi 10 octobre 2026 \u00e0 20h<\/strong> avec <strong>TU CONNAIS LA CHANSON ?<\/strong>, une cr\u00e9ation de <strong>Louis Caratini et Charlotte Adrien<\/strong>.<\/p>\n<p class=\"isSelectedEnd\">Destin\u00e9 \u00e0 <strong>tous les publics<\/strong>, le spectacle dure environ <strong>1h20<\/strong> et m\u00eale stand-up, musique, po\u00e9sie et r\u00e9f\u00e9rences litt\u00e9raires.<\/p>\n<p class=\"isSelectedEnd\">Au c\u0153ur de la repr\u00e9sentation se trouve un blind test musical construit autour d\u2019une question simple : <strong>qui a \u00e9crit cette chanson ?<\/strong> Pianiste et chanteur, Louis Caratini entra\u00eene le public dans une exploration dynamique de la chanson francophone, en alternant interpr\u00e9tation musicale, humour et d\u00e9couverte litt\u00e9raire.<\/p>\n<p class=\"isSelectedEnd\">Le spectacle a \u00e9t\u00e9 rep\u00e9r\u00e9 au <strong>Festival d\u2019Avignon<\/strong> par le r\u00e9seau <strong>Cercle de Midi \u2013 Chainon Manquant<\/strong>, ce qui contribue \u00e0 lui offrir une nouvelle visibilit\u00e9 aupr\u00e8s du public.<\/p>\n<p class=\"isSelectedEnd\">Produit par <strong>Les Productions Entropiques<\/strong>, le spectacle s\u2019adresse \u00e0 tous ceux qui aiment la musique, les mots et les histoires qui se cachent derri\u00e8re les chansons. Une soir\u00e9e pleine d\u2019\u00e9nergie, au cours de laquelle le public est invit\u00e9 \u00e0 participer \u00e0 l\u2019exp\u00e9rience musicale.<\/p>\n<h2>Des tarifs accessibles et des dispositifs pour favoriser l\u2019acc\u00e8s \u00e0 la culture<\/h2>\n<p class=\"isSelectedEnd\">Le Th\u00e9\u00e2tre Francis-Gag accorde \u00e9galement une attention particuli\u00e8re \u00e0 l\u2019accessibilit\u00e9 de la culture. Des <strong>tarifs r\u00e9duits<\/strong> sont propos\u00e9s aux familles, aux groupes, aux comit\u00e9s d\u2019entreprise ainsi qu\u2019aux personnes en situation de handicap.<\/p>\n<p class=\"isSelectedEnd\">Les \u00e9tudiants, apprentis et \u00e9tudiants en BTS peuvent b\u00e9n\u00e9ficier d\u2019un <strong>billet \u00e0 5 \u20ac<\/strong>, permettant notamment au jeune public de d\u00e9couvrir plus facilement les spectacles propos\u00e9s.<\/p>\n<p class=\"isSelectedEnd\">Le th\u00e9\u00e2tre participe \u00e9galement au dispositif <strong>Pass Culture<\/strong>, destin\u00e9 aux jeunes de <strong>15 \u00e0 20 ans<\/strong>, avec une offre duo permettant d\u2019inviter la personne de son choix.<\/p>\n<p class=\"isSelectedEnd\">Ces dispositifs renforcent la vocation du Th\u00e9\u00e2tre Francis-Gag comme lieu culturel ouvert \u00e0 diff\u00e9rents publics et g\u00e9n\u00e9rations, en encourageant aussi bien les habitu\u00e9s du spectacle vivant que ceux qui souhaitent d\u00e9couvrir le th\u00e9\u00e2tre pour la premi\u00e8re fois.<\/p>\n<h2>Le Th\u00e9\u00e2tre Francis-Gag au c\u0153ur du Vieux-Nice<\/h2>\n<p class=\"isSelectedEnd\">Avec son adresse situ\u00e9e <strong>4 rue de la Croix<\/strong>, dans le quartier historique du <strong>Vieux-Nice<\/strong>, le Th\u00e9\u00e2tre Francis-Gag s\u2019int\u00e8gre facilement dans une sortie culturelle au centre de Nice.<\/p>\n<p class=\"isSelectedEnd\">La saison 2026-2027 associe cr\u00e9ations th\u00e9\u00e2trales, spectacles musicaux, projets de m\u00e9diation culturelle et repr\u00e9sentations destin\u00e9es au jeune public, avec une programmation con\u00e7ue pour r\u00e9pondre \u00e0 diff\u00e9rents go\u00fbts et diff\u00e9rentes g\u00e9n\u00e9rations.<\/p>\n<p class=\"isSelectedEnd\">La soir\u00e9e de lancement du <strong>24 septembre 2026<\/strong>, suivie notamment de la performance consacr\u00e9e \u00e0 Niki de Saint Phalle, de <strong>Les 12 Notes<\/strong> et de <strong>Tu connais la chanson ?<\/strong>, donne un premier aper\u00e7u de la diversit\u00e9 de cette nouvelle saison.<\/p>\n<p class=\"isSelectedEnd\">Pour les personnes qui pr\u00e9voient de visiter Nice \u00e0 l\u2019automne 2026, le Th\u00e9\u00e2tre Francis-Gag constitue ainsi un rendez-vous culturel int\u00e9ressant, avec des spectacles accessibles et des propositions artistiques originales au c\u0153ur de la ville.<\/p>\n<h3>Informations pratiques<\/h3>\n<p class=\"isSelectedEnd\"><strong>Th\u00e9\u00e2tre Francis-Gag<\/strong><br \/>\n4 rue de la Croix, Vieux-Nice<br \/>\n06000 Nice, France<br \/>\nT\u00e9l. : +33 (0)4 92 00 78 50<br \/>\nE-mail : <a href=\"mailto:theatre.fgag@ville-nice.fr\">theatre.fgag@ville-nice.fr<\/a><\/p>\n<p>La programmation, les informations concernant la billetterie et les actualit\u00e9s du th\u00e9\u00e2tre sont disponibles sur ses diff\u00e9rents canaux de communication, notamment Instagram et YouTube. La Ville de Nice propose \u00e9galement des newsletters culturelles permettant de suivre les prochains \u00e9v\u00e9nements et rendez-vous culturels de la ville.<\/p>\n<p><img loading=\"lazy\" decoding=\"async\" class=\"size-full wp-image-34173 aligncenter\" src=\"https:\/\/montecarloliving.com\/wp-content\/uploads\/2026\/09\/content-31.png\" alt=\"\" width=\"1200\" height=\"628\" srcset=\"https:\/\/montecarloliving.com\/wp-content\/uploads\/2026\/09\/content-31.png 1200w, https:\/\/montecarloliving.com\/wp-content\/uploads\/2026\/09\/content-31-300x157.png 300w, https:\/\/montecarloliving.com\/wp-content\/uploads\/2026\/09\/content-31-1024x536.png 1024w, https:\/\/montecarloliving.com\/wp-content\/uploads\/2026\/09\/content-31-768x402.png 768w\" sizes=\"auto, (max-width: 1200px) 100vw, 1200px\" \/> <img loading=\"lazy\" decoding=\"async\" class=\"size-full wp-image-34176 aligncenter\" src=\"https:\/\/montecarloliving.com\/wp-content\/uploads\/2026\/09\/content-30.png\" alt=\"\" width=\"1200\" height=\"628\" srcset=\"https:\/\/montecarloliving.com\/wp-content\/uploads\/2026\/09\/content-30.png 1200w, https:\/\/montecarloliving.com\/wp-content\/uploads\/2026\/09\/content-30-300x157.png 300w, https:\/\/montecarloliving.com\/wp-content\/uploads\/2026\/09\/content-30-1024x536.png 1024w, https:\/\/montecarloliving.com\/wp-content\/uploads\/2026\/09\/content-30-768x402.png 768w\" sizes=\"auto, (max-width: 1200px) 100vw, 1200px\" \/> <img loading=\"lazy\" decoding=\"async\" class=\"size-full wp-image-34179 aligncenter\" src=\"https:\/\/montecarloliving.com\/wp-content\/uploads\/2026\/09\/content-29.png\" alt=\"\" width=\"1200\" height=\"628\" srcset=\"https:\/\/montecarloliving.com\/wp-content\/uploads\/2026\/09\/content-29.png 1200w, https:\/\/montecarloliving.com\/wp-content\/uploads\/2026\/09\/content-29-300x157.png 300w, https:\/\/montecarloliving.com\/wp-content\/uploads\/2026\/09\/content-29-1024x536.png 1024w, https:\/\/montecarloliving.com\/wp-content\/uploads\/2026\/09\/content-29-768x402.png 768w\" sizes=\"auto, (max-width: 1200px) 100vw, 1200px\" \/><\/p>\n","protected":false},"excerpt":{"rendered":"<p>Le Th\u00e9\u00e2tre Francis-Gag \u00e0 Nice s\u2019appr\u00eate \u00e0 ouvrir sa nouvelle saison 2026-2027, avec une programmation vari\u00e9e m\u00ealant th\u00e9\u00e2tre, musique, performances et spectacles pour diff\u00e9rents publics au c\u0153ur du Vieux-Nice. La nouvelle saison d\u00e9butera officiellement le 24 septembre 2026 avec une soir\u00e9e de lancement sp\u00e9cialement [&hellip;]<\/p>\n","protected":false},"author":1,"featured_media":34170,"comment_status":"closed","ping_status":"closed","sticky":false,"template":"","format":"standard","meta":{"footnotes":""},"categories":[827,828,868],"tags":[],"class_list":["post-34185","post","type-post","status-publish","format-standard","has-post-thumbnail","hentry","category-actualite","category-evenements","category-nice-fr"],"yoast_head":"<!-- This site is optimized with the Yoast SEO plugin v28.4 - https:\/\/yoast.com\/product\/yoast-seo-wordpress\/ -->\n<title>Th\u00e9\u00e2tre Francis-Gag \u00e0 Nice : la saison 2026-2027<\/title>\n<meta name=\"description\" content=\"Th\u00e9\u00e2tre Francis-Gag \u00e0 Nice : la saison 2026-2027 entre th\u00e9\u00e2tre, musique et spectacles pour tous. La nouvelle saison du Th\u00e9\u00e2tre Francis-Gag\" \/>\n<meta name=\"robots\" content=\"index, follow, max-snippet:-1, max-image-preview:large, max-video-preview:-1\" \/>\n<link rel=\"canonical\" href=\"https:\/\/montecarloliving.com\/fr\/actualite\/theatre-francis-gag-nice-saison-2026-2027-entre-theatre-musique-et-spectacles-pour-tous-34185\/\" \/>\n<meta property=\"og:locale\" content=\"fr_FR\" \/>\n<meta property=\"og:title\" content=\"Th\u00e9\u00e2tre Francis-Gag \u00e0 Nice : la saison 2026-2027\" \/>\n<meta property=\"og:description\" content=\"Th\u00e9\u00e2tre Francis-Gag \u00e0 Nice : la saison 2026-2027 entre th\u00e9\u00e2tre, musique et spectacles pour tous. La nouvelle saison du Th\u00e9\u00e2tre Francis-Gag\" \/>\n<meta property=\"og:url\" content=\"https:\/\/montecarloliving.com\/fr\/actualite\/theatre-francis-gag-nice-saison-2026-2027-entre-theatre-musique-et-spectacles-pour-tous-34185\/\" \/>\n<meta property=\"og:site_name\" content=\"Montecarlo Living\" \/>\n<meta property=\"article:publisher\" content=\"https:\/\/www.facebook.com\/montecarlolivingcom\/\" \/>\n<meta property=\"article:published_time\" content=\"2026-09-03T08:46:36+00:00\" \/>\n<meta property=\"og:image\" content=\"https:\/\/montecarloliving.com\/wp-content\/uploads\/2026\/09\/content-32-650x400.png\" \/>\n\t<meta property=\"og:image:width\" content=\"650\" \/>\n\t<meta property=\"og:image:height\" content=\"400\" \/>\n\t<meta property=\"og:image:type\" content=\"image\/png\" \/>\n<meta name=\"author\" content=\"Redazione\" \/>\n<meta name=\"twitter:card\" content=\"summary_large_image\" \/>\n<meta name=\"twitter:creator\" content=\"@MonteCarloLivi\" \/>\n<meta name=\"twitter:site\" content=\"@MonteCarloLivi\" \/>\n<meta name=\"twitter:label1\" content=\"\u00c9crit par\" \/>\n\t<meta name=\"twitter:data1\" content=\"Redazione\" \/>\n\t<meta name=\"twitter:label2\" content=\"Dur\u00e9e de lecture estim\u00e9e\" \/>\n\t<meta name=\"twitter:data2\" content=\"7 minutes\" \/>\n<script type=\"application\/ld+json\" class=\"yoast-schema-graph\">{\"@context\":\"https:\\\/\\\/schema.org\",\"@graph\":[{\"@type\":\"Article\",\"@id\":\"https:\\\/\\\/montecarloliving.com\\\/fr\\\/actualite\\\/theatre-francis-gag-nice-saison-2026-2027-entre-theatre-musique-et-spectacles-pour-tous-34185\\\/#article\",\"isPartOf\":{\"@id\":\"https:\\\/\\\/montecarloliving.com\\\/fr\\\/actualite\\\/theatre-francis-gag-nice-saison-2026-2027-entre-theatre-musique-et-spectacles-pour-tous-34185\\\/\"},\"author\":{\"name\":\"Redazione\",\"@id\":\"https:\\\/\\\/montecarloliving.com\\\/fr\\\/#\\\/schema\\\/person\\\/7e5945d4560862b7f2d2c6831bda2819\"},\"headline\":\"Th\u00e9\u00e2tre Francis-Gag \u00e0 Nice: la saison 2026-2027 entre th\u00e9\u00e2tre, musique et spectacles pour tous\",\"datePublished\":\"2026-09-03T08:46:36+00:00\",\"mainEntityOfPage\":{\"@id\":\"https:\\\/\\\/montecarloliving.com\\\/fr\\\/actualite\\\/theatre-francis-gag-nice-saison-2026-2027-entre-theatre-musique-et-spectacles-pour-tous-34185\\\/\"},\"wordCount\":1252,\"image\":{\"@id\":\"https:\\\/\\\/montecarloliving.com\\\/fr\\\/actualite\\\/theatre-francis-gag-nice-saison-2026-2027-entre-theatre-musique-et-spectacles-pour-tous-34185\\\/#primaryimage\"},\"thumbnailUrl\":\"https:\\\/\\\/montecarloliving.com\\\/wp-content\\\/uploads\\\/2026\\\/09\\\/content-32.png\",\"articleSection\":[\"Actualit\u00e9\",\"\u00c9v\u00e9nements\",\"Nice\"],\"inLanguage\":\"fr-FR\"},{\"@type\":\"WebPage\",\"@id\":\"https:\\\/\\\/montecarloliving.com\\\/fr\\\/actualite\\\/theatre-francis-gag-nice-saison-2026-2027-entre-theatre-musique-et-spectacles-pour-tous-34185\\\/\",\"url\":\"https:\\\/\\\/montecarloliving.com\\\/fr\\\/actualite\\\/theatre-francis-gag-nice-saison-2026-2027-entre-theatre-musique-et-spectacles-pour-tous-34185\\\/\",\"name\":\"Th\u00e9\u00e2tre Francis-Gag \u00e0 Nice : la saison 2026-2027\",\"isPartOf\":{\"@id\":\"https:\\\/\\\/montecarloliving.com\\\/fr\\\/#website\"},\"primaryImageOfPage\":{\"@id\":\"https:\\\/\\\/montecarloliving.com\\\/fr\\\/actualite\\\/theatre-francis-gag-nice-saison-2026-2027-entre-theatre-musique-et-spectacles-pour-tous-34185\\\/#primaryimage\"},\"image\":{\"@id\":\"https:\\\/\\\/montecarloliving.com\\\/fr\\\/actualite\\\/theatre-francis-gag-nice-saison-2026-2027-entre-theatre-musique-et-spectacles-pour-tous-34185\\\/#primaryimage\"},\"thumbnailUrl\":\"https:\\\/\\\/montecarloliving.com\\\/wp-content\\\/uploads\\\/2026\\\/09\\\/content-32.png\",\"datePublished\":\"2026-09-03T08:46:36+00:00\",\"author\":{\"@id\":\"https:\\\/\\\/montecarloliving.com\\\/fr\\\/#\\\/schema\\\/person\\\/7e5945d4560862b7f2d2c6831bda2819\"},\"description\":\"Th\u00e9\u00e2tre Francis-Gag \u00e0 Nice : la saison 2026-2027 entre th\u00e9\u00e2tre, musique et spectacles pour tous. La nouvelle saison du Th\u00e9\u00e2tre Francis-Gag\",\"breadcrumb\":{\"@id\":\"https:\\\/\\\/montecarloliving.com\\\/fr\\\/actualite\\\/theatre-francis-gag-nice-saison-2026-2027-entre-theatre-musique-et-spectacles-pour-tous-34185\\\/#breadcrumb\"},\"inLanguage\":\"fr-FR\",\"potentialAction\":[{\"@type\":\"ReadAction\",\"target\":[\"https:\\\/\\\/montecarloliving.com\\\/fr\\\/actualite\\\/theatre-francis-gag-nice-saison-2026-2027-entre-theatre-musique-et-spectacles-pour-tous-34185\\\/\"]}]},{\"@type\":\"ImageObject\",\"inLanguage\":\"fr-FR\",\"@id\":\"https:\\\/\\\/montecarloliving.com\\\/fr\\\/actualite\\\/theatre-francis-gag-nice-saison-2026-2027-entre-theatre-musique-et-spectacles-pour-tous-34185\\\/#primaryimage\",\"url\":\"https:\\\/\\\/montecarloliving.com\\\/wp-content\\\/uploads\\\/2026\\\/09\\\/content-32.png\",\"contentUrl\":\"https:\\\/\\\/montecarloliving.com\\\/wp-content\\\/uploads\\\/2026\\\/09\\\/content-32.png\",\"width\":1200,\"height\":628},{\"@type\":\"BreadcrumbList\",\"@id\":\"https:\\\/\\\/montecarloliving.com\\\/fr\\\/actualite\\\/theatre-francis-gag-nice-saison-2026-2027-entre-theatre-musique-et-spectacles-pour-tous-34185\\\/#breadcrumb\",\"itemListElement\":[{\"@type\":\"ListItem\",\"position\":1,\"name\":\"Home\",\"item\":\"https:\\\/\\\/montecarloliving.com\\\/fr\\\/\"},{\"@type\":\"ListItem\",\"position\":2,\"name\":\"Th\u00e9\u00e2tre Francis-Gag \u00e0 Nice: la saison 2026-2027 entre th\u00e9\u00e2tre, musique et spectacles pour tous\"}]},{\"@type\":\"WebSite\",\"@id\":\"https:\\\/\\\/montecarloliving.com\\\/fr\\\/#website\",\"url\":\"https:\\\/\\\/montecarloliving.com\\\/fr\\\/\",\"name\":\"Montecarlo Living\",\"description\":\"News da Montecarlo - Principato di Monaco e Costa Azzurra\",\"potentialAction\":[{\"@type\":\"SearchAction\",\"target\":{\"@type\":\"EntryPoint\",\"urlTemplate\":\"https:\\\/\\\/montecarloliving.com\\\/fr\\\/?s={search_term_string}\"},\"query-input\":{\"@type\":\"PropertyValueSpecification\",\"valueRequired\":true,\"valueName\":\"search_term_string\"}}],\"inLanguage\":\"fr-FR\"},{\"@type\":\"Person\",\"@id\":\"https:\\\/\\\/montecarloliving.com\\\/fr\\\/#\\\/schema\\\/person\\\/7e5945d4560862b7f2d2c6831bda2819\",\"name\":\"Redazione\",\"image\":{\"@type\":\"ImageObject\",\"inLanguage\":\"fr-FR\",\"@id\":\"https:\\\/\\\/secure.gravatar.com\\\/avatar\\\/8b5f26557e18fe74ad8e8a57ebb2925d88af8a90cee489ff2beefb391bc9b9c7?s=96&d=mm&r=g\",\"url\":\"https:\\\/\\\/secure.gravatar.com\\\/avatar\\\/8b5f26557e18fe74ad8e8a57ebb2925d88af8a90cee489ff2beefb391bc9b9c7?s=96&d=mm&r=g\",\"contentUrl\":\"https:\\\/\\\/secure.gravatar.com\\\/avatar\\\/8b5f26557e18fe74ad8e8a57ebb2925d88af8a90cee489ff2beefb391bc9b9c7?s=96&d=mm&r=g\",\"caption\":\"Redazione\"}}]}<\/script>\n<!-- \/ Yoast SEO plugin. -->","yoast_head_json":{"title":"Th\u00e9\u00e2tre Francis-Gag \u00e0 Nice : la saison 2026-2027","description":"Th\u00e9\u00e2tre Francis-Gag \u00e0 Nice : la saison 2026-2027 entre th\u00e9\u00e2tre, musique et spectacles pour tous. La nouvelle saison du Th\u00e9\u00e2tre Francis-Gag","robots":{"index":"index","follow":"follow","max-snippet":"max-snippet:-1","max-image-preview":"max-image-preview:large","max-video-preview":"max-video-preview:-1"},"canonical":"https:\/\/montecarloliving.com\/fr\/actualite\/theatre-francis-gag-nice-saison-2026-2027-entre-theatre-musique-et-spectacles-pour-tous-34185\/","og_locale":"fr_FR","og_title":"Th\u00e9\u00e2tre Francis-Gag \u00e0 Nice : la saison 2026-2027","og_description":"Th\u00e9\u00e2tre Francis-Gag \u00e0 Nice : la saison 2026-2027 entre th\u00e9\u00e2tre, musique et spectacles pour tous. La nouvelle saison du Th\u00e9\u00e2tre Francis-Gag","og_url":"https:\/\/montecarloliving.com\/fr\/actualite\/theatre-francis-gag-nice-saison-2026-2027-entre-theatre-musique-et-spectacles-pour-tous-34185\/","og_site_name":"Montecarlo Living","article_publisher":"https:\/\/www.facebook.com\/montecarlolivingcom\/","article_published_time":"2026-09-03T08:46:36+00:00","og_image":[{"width":650,"height":400,"url":"https:\/\/montecarloliving.com\/wp-content\/uploads\/2026\/09\/content-32-650x400.png","type":"image\/png"}],"author":"Redazione","twitter_card":"summary_large_image","twitter_creator":"@MonteCarloLivi","twitter_site":"@MonteCarloLivi","twitter_misc":{"\u00c9crit par":"Redazione","Dur\u00e9e de lecture estim\u00e9e":"7 minutes"},"schema":{"@context":"https:\/\/schema.org","@graph":[{"@type":"Article","@id":"https:\/\/montecarloliving.com\/fr\/actualite\/theatre-francis-gag-nice-saison-2026-2027-entre-theatre-musique-et-spectacles-pour-tous-34185\/#article","isPartOf":{"@id":"https:\/\/montecarloliving.com\/fr\/actualite\/theatre-francis-gag-nice-saison-2026-2027-entre-theatre-musique-et-spectacles-pour-tous-34185\/"},"author":{"name":"Redazione","@id":"https:\/\/montecarloliving.com\/fr\/#\/schema\/person\/7e5945d4560862b7f2d2c6831bda2819"},"headline":"Th\u00e9\u00e2tre Francis-Gag \u00e0 Nice: la saison 2026-2027 entre th\u00e9\u00e2tre, musique et spectacles pour tous","datePublished":"2026-09-03T08:46:36+00:00","mainEntityOfPage":{"@id":"https:\/\/montecarloliving.com\/fr\/actualite\/theatre-francis-gag-nice-saison-2026-2027-entre-theatre-musique-et-spectacles-pour-tous-34185\/"},"wordCount":1252,"image":{"@id":"https:\/\/montecarloliving.com\/fr\/actualite\/theatre-francis-gag-nice-saison-2026-2027-entre-theatre-musique-et-spectacles-pour-tous-34185\/#primaryimage"},"thumbnailUrl":"https:\/\/montecarloliving.com\/wp-content\/uploads\/2026\/09\/content-32.png","articleSection":["Actualit\u00e9","\u00c9v\u00e9nements","Nice"],"inLanguage":"fr-FR"},{"@type":"WebPage","@id":"https:\/\/montecarloliving.com\/fr\/actualite\/theatre-francis-gag-nice-saison-2026-2027-entre-theatre-musique-et-spectacles-pour-tous-34185\/","url":"https:\/\/montecarloliving.com\/fr\/actualite\/theatre-francis-gag-nice-saison-2026-2027-entre-theatre-musique-et-spectacles-pour-tous-34185\/","name":"Th\u00e9\u00e2tre Francis-Gag \u00e0 Nice : la saison 2026-2027","isPartOf":{"@id":"https:\/\/montecarloliving.com\/fr\/#website"},"primaryImageOfPage":{"@id":"https:\/\/montecarloliving.com\/fr\/actualite\/theatre-francis-gag-nice-saison-2026-2027-entre-theatre-musique-et-spectacles-pour-tous-34185\/#primaryimage"},"image":{"@id":"https:\/\/montecarloliving.com\/fr\/actualite\/theatre-francis-gag-nice-saison-2026-2027-entre-theatre-musique-et-spectacles-pour-tous-34185\/#primaryimage"},"thumbnailUrl":"https:\/\/montecarloliving.com\/wp-content\/uploads\/2026\/09\/content-32.png","datePublished":"2026-09-03T08:46:36+00:00","author":{"@id":"https:\/\/montecarloliving.com\/fr\/#\/schema\/person\/7e5945d4560862b7f2d2c6831bda2819"},"description":"Th\u00e9\u00e2tre Francis-Gag \u00e0 Nice : la saison 2026-2027 entre th\u00e9\u00e2tre, musique et spectacles pour tous. La nouvelle saison du Th\u00e9\u00e2tre Francis-Gag","breadcrumb":{"@id":"https:\/\/montecarloliving.com\/fr\/actualite\/theatre-francis-gag-nice-saison-2026-2027-entre-theatre-musique-et-spectacles-pour-tous-34185\/#breadcrumb"},"inLanguage":"fr-FR","potentialAction":[{"@type":"ReadAction","target":["https:\/\/montecarloliving.com\/fr\/actualite\/theatre-francis-gag-nice-saison-2026-2027-entre-theatre-musique-et-spectacles-pour-tous-34185\/"]}]},{"@type":"ImageObject","inLanguage":"fr-FR","@id":"https:\/\/montecarloliving.com\/fr\/actualite\/theatre-francis-gag-nice-saison-2026-2027-entre-theatre-musique-et-spectacles-pour-tous-34185\/#primaryimage","url":"https:\/\/montecarloliving.com\/wp-content\/uploads\/2026\/09\/content-32.png","contentUrl":"https:\/\/montecarloliving.com\/wp-content\/uploads\/2026\/09\/content-32.png","width":1200,"height":628},{"@type":"BreadcrumbList","@id":"https:\/\/montecarloliving.com\/fr\/actualite\/theatre-francis-gag-nice-saison-2026-2027-entre-theatre-musique-et-spectacles-pour-tous-34185\/#breadcrumb","itemListElement":[{"@type":"ListItem","position":1,"name":"Home","item":"https:\/\/montecarloliving.com\/fr\/"},{"@type":"ListItem","position":2,"name":"Th\u00e9\u00e2tre Francis-Gag \u00e0 Nice: la saison 2026-2027 entre th\u00e9\u00e2tre, musique et spectacles pour tous"}]},{"@type":"WebSite","@id":"https:\/\/montecarloliving.com\/fr\/#website","url":"https:\/\/montecarloliving.com\/fr\/","name":"Montecarlo Living","description":"News da Montecarlo - Principato di Monaco e Costa Azzurra","potentialAction":[{"@type":"SearchAction","target":{"@type":"EntryPoint","urlTemplate":"https:\/\/montecarloliving.com\/fr\/?s={search_term_string}"},"query-input":{"@type":"PropertyValueSpecification","valueRequired":true,"valueName":"search_term_string"}}],"inLanguage":"fr-FR"},{"@type":"Person","@id":"https:\/\/montecarloliving.com\/fr\/#\/schema\/person\/7e5945d4560862b7f2d2c6831bda2819","name":"Redazione","image":{"@type":"ImageObject","inLanguage":"fr-FR","@id":"https:\/\/secure.gravatar.com\/avatar\/8b5f26557e18fe74ad8e8a57ebb2925d88af8a90cee489ff2beefb391bc9b9c7?s=96&d=mm&r=g","url":"https:\/\/secure.gravatar.com\/avatar\/8b5f26557e18fe74ad8e8a57ebb2925d88af8a90cee489ff2beefb391bc9b9c7?s=96&d=mm&r=g","contentUrl":"https:\/\/secure.gravatar.com\/avatar\/8b5f26557e18fe74ad8e8a57ebb2925d88af8a90cee489ff2beefb391bc9b9c7?s=96&d=mm&r=g","caption":"Redazione"}}]}},"_links":{"self":[{"href":"https:\/\/montecarloliving.com\/fr\/wp-json\/wp\/v2\/posts\/34185","targetHints":{"allow":["GET"]}}],"collection":[{"href":"https:\/\/montecarloliving.com\/fr\/wp-json\/wp\/v2\/posts"}],"about":[{"href":"https:\/\/montecarloliving.com\/fr\/wp-json\/wp\/v2\/types\/post"}],"author":[{"embeddable":true,"href":"https:\/\/montecarloliving.com\/fr\/wp-json\/wp\/v2\/users\/1"}],"replies":[{"embeddable":true,"href":"https:\/\/montecarloliving.com\/fr\/wp-json\/wp\/v2\/comments?post=34185"}],"version-history":[{"count":1,"href":"https:\/\/montecarloliving.com\/fr\/wp-json\/wp\/v2\/posts\/34185\/revisions"}],"predecessor-version":[{"id":34186,"href":"https:\/\/montecarloliving.com\/fr\/wp-json\/wp\/v2\/posts\/34185\/revisions\/34186"}],"wp:featuredmedia":[{"embeddable":true,"href":"https:\/\/montecarloliving.com\/fr\/wp-json\/wp\/v2\/media\/34170"}],"wp:attachment":[{"href":"https:\/\/montecarloliving.com\/fr\/wp-json\/wp\/v2\/media?parent=34185"}],"wp:term":[{"taxonomy":"category","embeddable":true,"href":"https:\/\/montecarloliving.com\/fr\/wp-json\/wp\/v2\/categories?post=34185"},{"taxonomy":"post_tag","embeddable":true,"href":"https:\/\/montecarloliving.com\/fr\/wp-json\/wp\/v2\/tags?post=34185"}],"curies":[{"name":"wp","href":"https:\/\/api.w.org\/{rel}","templated":true}]}}