{"id":34146,"date":"2026-09-02T09:41:02","date_gmt":"2026-09-02T07:41:02","guid":{"rendered":"https:\/\/montecarloliving.com\/?p=34146"},"modified":"2026-09-02T09:44:19","modified_gmt":"2026-09-02T07:44:19","slug":"monaco-palais-princier-sillumine-en-rouge-pour-septembre-rouge-et-sensibilisation-aux-cancers-du-sang","status":"publish","type":"post","link":"https:\/\/montecarloliving.com\/fr\/actualite\/monaco-palais-princier-sillumine-en-rouge-pour-septembre-rouge-et-sensibilisation-aux-cancers-du-sang-34146\/","title":{"rendered":"Monaco : le Palais Princier s\u2019illumine en rouge pour \u00ab Septembre Rouge \u00bb et la sensibilisation aux cancers du sang"},"content":{"rendered":"<p class=\"isSelectedEnd\">Le <strong>Palais Princier de Monaco<\/strong> s\u2019est illumin\u00e9 en rouge \u00e0 l\u2019occasion de la cinqui\u00e8me \u00e9dition de <strong>\u00ab Septembre Rouge \u00bb<\/strong>, la campagne de sensibilisation consacr\u00e9e aux <strong>cancers du sang<\/strong>. Par ce geste symbolique, la Principaut\u00e9 renouvelle son engagement en faveur de la sant\u00e9 publique et d\u2019une meilleure connaissance des maladies h\u00e9matologiques.<\/p>\n<p class=\"isSelectedEnd\">Soutenue par le <strong>Gouvernement Princier<\/strong>, cette initiative vise \u00e0 attirer l\u2019attention du public sur des maladies encore souvent m\u00e9connues, notamment les <strong>leuc\u00e9mies, les lymphomes et les my\u00e9lomes<\/strong>, tout en rappelant l\u2019importance du diagnostic, de la pr\u00e9vention et de la solidarit\u00e9 \u00e0 travers les dons.<\/p>\n<h2>Septembre Rouge : un mois consacr\u00e9 aux cancers du sang<\/h2>\n<p class=\"isSelectedEnd\">\u00ab Septembre Rouge \u00bb est un rendez-vous annuel d\u00e9di\u00e9 \u00e0 la sensibilisation aux cancers du sang et aux nombreuses pathologies relevant de l\u2019oncologie h\u00e9matologique.<\/p>\n<p class=\"isSelectedEnd\">Les leuc\u00e9mies, les lymphomes et les my\u00e9lomes sont des maladies tr\u00e8s diff\u00e9rentes les unes des autres, tant par leurs caract\u00e9ristiques que par leur \u00e9volution et leurs modalit\u00e9s de traitement. Cette diversit\u00e9 peut rendre plus difficile la connaissance de ces diff\u00e9rentes pathologies et, dans certains cas, leur identification.<\/p>\n<p class=\"isSelectedEnd\">La campagne entend ainsi am\u00e9liorer l\u2019information du public et favoriser une plus grande sensibilisation des citoyens et des patients, tout en soulignant l\u2019importance de la pr\u00e9vention et d\u2019un acc\u00e8s rapide aux parcours de soins adapt\u00e9s.<\/p>\n<h2>L\u2019importance du don de sang, de plaquettes et de moelle osseuse<\/h2>\n<p class=\"isSelectedEnd\">L\u2019un des principaux messages de \u00ab Septembre Rouge \u00bb concerne l\u2019importance des <strong>dons de sang, de plaquettes et de moelle osseuse<\/strong>, qui constituent des ressources essentielles pour de nombreux patients atteints de maladies h\u00e9matologiques.<\/p>\n<p class=\"isSelectedEnd\">En particulier, les dons et la disponibilit\u00e9 de donneurs compatibles peuvent jouer un r\u00f4le d\u00e9terminant dans le parcours th\u00e9rapeutique de personnes touch\u00e9es par certains cancers du sang. Lorsque cela est m\u00e9dicalement indiqu\u00e9 et possible, une <strong>greffe de moelle osseuse<\/strong> peut repr\u00e9senter une option th\u00e9rapeutique importante.<\/p>\n<p class=\"isSelectedEnd\">\u00c0 travers cette campagne de sensibilisation, Monaco souhaite \u00e9galement rappeler combien la participation des citoyens et le d\u00e9veloppement d\u2019une v\u00e9ritable culture du don peuvent faire une diff\u00e9rence concr\u00e8te dans la vie de nombreux patients.<\/p>\n<h2>Monaco renforce son engagement en faveur de la pr\u00e9vention et de la sant\u00e9 publique<\/h2>\n<p class=\"isSelectedEnd\">L\u2019illumination en rouge du Palais Princier ne constitue pas seulement une initiative symbolique, mais s\u2019inscrit dans un engagement plus large de la Principaut\u00e9 en faveur de la <strong>pr\u00e9vention et de la sant\u00e9 publique<\/strong>.<\/p>\n<p class=\"isSelectedEnd\">Le Gouvernement de Monaco poursuit la promotion d\u2019actions consacr\u00e9es \u00e0 la pr\u00e9vention et au d\u00e9pistage des maladies transmissibles et non transmissibles, consid\u00e9r\u00e9es comme des priorit\u00e9s dans la strat\u00e9gie de sant\u00e9 publique du pays.<\/p>\n<p class=\"isSelectedEnd\">Cette d\u00e9marche s\u2019inscrit dans le prolongement des recommandations internationales en mati\u00e8re de promotion de la sant\u00e9 et de la n\u00e9cessit\u00e9 d\u2019investir dans la pr\u00e9vention, l\u2019information et le diagnostic pr\u00e9coce.<\/p>\n<p>\u00c0 travers cette cinqui\u00e8me \u00e9dition de \u00ab Septembre Rouge \u00bb, la Principaut\u00e9 de Monaco r\u00e9affirme donc un message clair : am\u00e9liorer la connaissance des cancers du sang, soutenir les patients et encourager la solidarit\u00e9 \u00e0 travers les dons restent des objectifs essentiels pour renforcer la sensibilisation collective.<\/p>\n<p><em>PH: Il Palazzo del Principe di Monaco ft\u00a9PalaisPrincier<\/em><\/p>\n","protected":false},"excerpt":{"rendered":"<p>Le Palais Princier de Monaco s\u2019est illumin\u00e9 en rouge \u00e0 l\u2019occasion de la cinqui\u00e8me \u00e9dition de \u00ab Septembre Rouge \u00bb, la campagne de sensibilisation consacr\u00e9e aux cancers du sang. Par ce geste symbolique, la Principaut\u00e9 renouvelle son engagement en faveur de la sant\u00e9 publique [&hellip;]<\/p>\n","protected":false},"author":1,"featured_media":34142,"comment_status":"closed","ping_status":"closed","sticky":false,"template":"","format":"standard","meta":{"footnotes":""},"categories":[827,875,867],"tags":[],"class_list":["post-34146","post","type-post","status-publish","format-standard","has-post-thumbnail","hentry","category-actualite","category-actualite-monaco","category-monaco-fr"],"yoast_head":"<!-- This site is optimized with the Yoast SEO plugin v28.4 - https:\/\/yoast.com\/product\/yoast-seo-wordpress\/ -->\n<title>Monaco : le Palais Princier s\u2019illumine en rouge<\/title>\n<meta name=\"description\" content=\"Monaco : le Palais Princier s\u2019illumine en rouge pour \u00ab Septembre Rouge \u00bb et la sensibilisation aux cancers du sang\" \/>\n<meta name=\"robots\" content=\"index, follow, max-snippet:-1, max-image-preview:large, max-video-preview:-1\" \/>\n<link rel=\"canonical\" href=\"https:\/\/montecarloliving.com\/fr\/actualite\/monaco-palais-princier-sillumine-en-rouge-pour-septembre-rouge-et-sensibilisation-aux-cancers-du-sang-34146\/\" \/>\n<meta property=\"og:locale\" content=\"fr_FR\" \/>\n<meta property=\"og:title\" content=\"Monaco : le Palais Princier s\u2019illumine en rouge\" \/>\n<meta property=\"og:description\" content=\"Monaco : le Palais Princier s\u2019illumine en rouge pour \u00ab Septembre Rouge \u00bb et la sensibilisation aux cancers du sang\" \/>\n<meta property=\"og:url\" content=\"https:\/\/montecarloliving.com\/fr\/actualite\/monaco-palais-princier-sillumine-en-rouge-pour-septembre-rouge-et-sensibilisation-aux-cancers-du-sang-34146\/\" \/>\n<meta property=\"og:site_name\" content=\"Montecarlo Living\" \/>\n<meta property=\"article:publisher\" content=\"https:\/\/www.facebook.com\/montecarlolivingcom\/\" \/>\n<meta property=\"article:published_time\" content=\"2026-09-02T07:41:02+00:00\" \/>\n<meta property=\"article:modified_time\" content=\"2026-09-02T07:44:19+00:00\" \/>\n<meta property=\"og:image\" content=\"https:\/\/montecarloliving.com\/wp-content\/uploads\/2026\/09\/PALAS-PRINCIER-IN-ROSSO-650x400.jpg\" \/>\n\t<meta property=\"og:image:width\" content=\"650\" \/>\n\t<meta property=\"og:image:height\" content=\"400\" \/>\n\t<meta property=\"og:image:type\" content=\"image\/jpeg\" \/>\n<meta name=\"author\" content=\"Redazione\" \/>\n<meta name=\"twitter:card\" content=\"summary_large_image\" \/>\n<meta name=\"twitter:creator\" content=\"@MonteCarloLivi\" \/>\n<meta name=\"twitter:site\" content=\"@MonteCarloLivi\" \/>\n<meta name=\"twitter:label1\" content=\"\u00c9crit par\" \/>\n\t<meta name=\"twitter:data1\" content=\"Redazione\" \/>\n\t<meta name=\"twitter:label2\" content=\"Dur\u00e9e de lecture estim\u00e9e\" \/>\n\t<meta name=\"twitter:data2\" content=\"3 minutes\" \/>\n<script type=\"application\/ld+json\" class=\"yoast-schema-graph\">{\"@context\":\"https:\\\/\\\/schema.org\",\"@graph\":[{\"@type\":\"Article\",\"@id\":\"https:\\\/\\\/montecarloliving.com\\\/fr\\\/actualite\\\/monaco-palais-princier-sillumine-en-rouge-pour-septembre-rouge-et-sensibilisation-aux-cancers-du-sang-34146\\\/#article\",\"isPartOf\":{\"@id\":\"https:\\\/\\\/montecarloliving.com\\\/fr\\\/actualite\\\/monaco-palais-princier-sillumine-en-rouge-pour-septembre-rouge-et-sensibilisation-aux-cancers-du-sang-34146\\\/\"},\"author\":{\"name\":\"Redazione\",\"@id\":\"https:\\\/\\\/montecarloliving.com\\\/fr\\\/#\\\/schema\\\/person\\\/7e5945d4560862b7f2d2c6831bda2819\"},\"headline\":\"Monaco : le Palais Princier s\u2019illumine en rouge pour \u00ab Septembre Rouge \u00bb et la sensibilisation aux cancers du sang\",\"datePublished\":\"2026-09-02T07:41:02+00:00\",\"dateModified\":\"2026-09-02T07:44:19+00:00\",\"mainEntityOfPage\":{\"@id\":\"https:\\\/\\\/montecarloliving.com\\\/fr\\\/actualite\\\/monaco-palais-princier-sillumine-en-rouge-pour-septembre-rouge-et-sensibilisation-aux-cancers-du-sang-34146\\\/\"},\"wordCount\":568,\"image\":{\"@id\":\"https:\\\/\\\/montecarloliving.com\\\/fr\\\/actualite\\\/monaco-palais-princier-sillumine-en-rouge-pour-septembre-rouge-et-sensibilisation-aux-cancers-du-sang-34146\\\/#primaryimage\"},\"thumbnailUrl\":\"https:\\\/\\\/montecarloliving.com\\\/wp-content\\\/uploads\\\/2026\\\/09\\\/PALAS-PRINCIER-IN-ROSSO.jpg\",\"articleSection\":[\"Actualit\u00e9\",\"Actualit\u00e9 \u00e0 Monaco\",\"Monaco\"],\"inLanguage\":\"fr-FR\"},{\"@type\":\"WebPage\",\"@id\":\"https:\\\/\\\/montecarloliving.com\\\/fr\\\/actualite\\\/monaco-palais-princier-sillumine-en-rouge-pour-septembre-rouge-et-sensibilisation-aux-cancers-du-sang-34146\\\/\",\"url\":\"https:\\\/\\\/montecarloliving.com\\\/fr\\\/actualite\\\/monaco-palais-princier-sillumine-en-rouge-pour-septembre-rouge-et-sensibilisation-aux-cancers-du-sang-34146\\\/\",\"name\":\"Monaco : le Palais Princier s\u2019illumine en rouge\",\"isPartOf\":{\"@id\":\"https:\\\/\\\/montecarloliving.com\\\/fr\\\/#website\"},\"primaryImageOfPage\":{\"@id\":\"https:\\\/\\\/montecarloliving.com\\\/fr\\\/actualite\\\/monaco-palais-princier-sillumine-en-rouge-pour-septembre-rouge-et-sensibilisation-aux-cancers-du-sang-34146\\\/#primaryimage\"},\"image\":{\"@id\":\"https:\\\/\\\/montecarloliving.com\\\/fr\\\/actualite\\\/monaco-palais-princier-sillumine-en-rouge-pour-septembre-rouge-et-sensibilisation-aux-cancers-du-sang-34146\\\/#primaryimage\"},\"thumbnailUrl\":\"https:\\\/\\\/montecarloliving.com\\\/wp-content\\\/uploads\\\/2026\\\/09\\\/PALAS-PRINCIER-IN-ROSSO.jpg\",\"datePublished\":\"2026-09-02T07:41:02+00:00\",\"dateModified\":\"2026-09-02T07:44:19+00:00\",\"author\":{\"@id\":\"https:\\\/\\\/montecarloliving.com\\\/fr\\\/#\\\/schema\\\/person\\\/7e5945d4560862b7f2d2c6831bda2819\"},\"description\":\"Monaco : le Palais Princier s\u2019illumine en rouge pour \u00ab Septembre Rouge \u00bb et la sensibilisation aux cancers du sang\",\"breadcrumb\":{\"@id\":\"https:\\\/\\\/montecarloliving.com\\\/fr\\\/actualite\\\/monaco-palais-princier-sillumine-en-rouge-pour-septembre-rouge-et-sensibilisation-aux-cancers-du-sang-34146\\\/#breadcrumb\"},\"inLanguage\":\"fr-FR\",\"potentialAction\":[{\"@type\":\"ReadAction\",\"target\":[\"https:\\\/\\\/montecarloliving.com\\\/fr\\\/actualite\\\/monaco-palais-princier-sillumine-en-rouge-pour-septembre-rouge-et-sensibilisation-aux-cancers-du-sang-34146\\\/\"]}]},{\"@type\":\"ImageObject\",\"inLanguage\":\"fr-FR\",\"@id\":\"https:\\\/\\\/montecarloliving.com\\\/fr\\\/actualite\\\/monaco-palais-princier-sillumine-en-rouge-pour-septembre-rouge-et-sensibilisation-aux-cancers-du-sang-34146\\\/#primaryimage\",\"url\":\"https:\\\/\\\/montecarloliving.com\\\/wp-content\\\/uploads\\\/2026\\\/09\\\/PALAS-PRINCIER-IN-ROSSO.jpg\",\"contentUrl\":\"https:\\\/\\\/montecarloliving.com\\\/wp-content\\\/uploads\\\/2026\\\/09\\\/PALAS-PRINCIER-IN-ROSSO.jpg\",\"width\":1971,\"height\":1971,\"caption\":\"default\"},{\"@type\":\"BreadcrumbList\",\"@id\":\"https:\\\/\\\/montecarloliving.com\\\/fr\\\/actualite\\\/monaco-palais-princier-sillumine-en-rouge-pour-septembre-rouge-et-sensibilisation-aux-cancers-du-sang-34146\\\/#breadcrumb\",\"itemListElement\":[{\"@type\":\"ListItem\",\"position\":1,\"name\":\"Home\",\"item\":\"https:\\\/\\\/montecarloliving.com\\\/fr\\\/\"},{\"@type\":\"ListItem\",\"position\":2,\"name\":\"Monaco : le Palais Princier s\u2019illumine en rouge pour \u00ab Septembre Rouge \u00bb et la sensibilisation aux cancers du sang\"}]},{\"@type\":\"WebSite\",\"@id\":\"https:\\\/\\\/montecarloliving.com\\\/fr\\\/#website\",\"url\":\"https:\\\/\\\/montecarloliving.com\\\/fr\\\/\",\"name\":\"Montecarlo Living\",\"description\":\"News da Montecarlo - Principato di Monaco e Costa Azzurra\",\"potentialAction\":[{\"@type\":\"SearchAction\",\"target\":{\"@type\":\"EntryPoint\",\"urlTemplate\":\"https:\\\/\\\/montecarloliving.com\\\/fr\\\/?s={search_term_string}\"},\"query-input\":{\"@type\":\"PropertyValueSpecification\",\"valueRequired\":true,\"valueName\":\"search_term_string\"}}],\"inLanguage\":\"fr-FR\"},{\"@type\":\"Person\",\"@id\":\"https:\\\/\\\/montecarloliving.com\\\/fr\\\/#\\\/schema\\\/person\\\/7e5945d4560862b7f2d2c6831bda2819\",\"name\":\"Redazione\",\"image\":{\"@type\":\"ImageObject\",\"inLanguage\":\"fr-FR\",\"@id\":\"https:\\\/\\\/secure.gravatar.com\\\/avatar\\\/8b5f26557e18fe74ad8e8a57ebb2925d88af8a90cee489ff2beefb391bc9b9c7?s=96&d=mm&r=g\",\"url\":\"https:\\\/\\\/secure.gravatar.com\\\/avatar\\\/8b5f26557e18fe74ad8e8a57ebb2925d88af8a90cee489ff2beefb391bc9b9c7?s=96&d=mm&r=g\",\"contentUrl\":\"https:\\\/\\\/secure.gravatar.com\\\/avatar\\\/8b5f26557e18fe74ad8e8a57ebb2925d88af8a90cee489ff2beefb391bc9b9c7?s=96&d=mm&r=g\",\"caption\":\"Redazione\"}}]}<\/script>\n<!-- \/ Yoast SEO plugin. -->","yoast_head_json":{"title":"Monaco : le Palais Princier s\u2019illumine en rouge","description":"Monaco : le Palais Princier s\u2019illumine en rouge pour \u00ab Septembre Rouge \u00bb et la sensibilisation aux cancers du sang","robots":{"index":"index","follow":"follow","max-snippet":"max-snippet:-1","max-image-preview":"max-image-preview:large","max-video-preview":"max-video-preview:-1"},"canonical":"https:\/\/montecarloliving.com\/fr\/actualite\/monaco-palais-princier-sillumine-en-rouge-pour-septembre-rouge-et-sensibilisation-aux-cancers-du-sang-34146\/","og_locale":"fr_FR","og_title":"Monaco : le Palais Princier s\u2019illumine en rouge","og_description":"Monaco : le Palais Princier s\u2019illumine en rouge pour \u00ab Septembre Rouge \u00bb et la sensibilisation aux cancers du sang","og_url":"https:\/\/montecarloliving.com\/fr\/actualite\/monaco-palais-princier-sillumine-en-rouge-pour-septembre-rouge-et-sensibilisation-aux-cancers-du-sang-34146\/","og_site_name":"Montecarlo Living","article_publisher":"https:\/\/www.facebook.com\/montecarlolivingcom\/","article_published_time":"2026-09-02T07:41:02+00:00","article_modified_time":"2026-09-02T07:44:19+00:00","og_image":[{"width":650,"height":400,"url":"https:\/\/montecarloliving.com\/wp-content\/uploads\/2026\/09\/PALAS-PRINCIER-IN-ROSSO-650x400.jpg","type":"image\/jpeg"}],"author":"Redazione","twitter_card":"summary_large_image","twitter_creator":"@MonteCarloLivi","twitter_site":"@MonteCarloLivi","twitter_misc":{"\u00c9crit par":"Redazione","Dur\u00e9e de lecture estim\u00e9e":"3 minutes"},"schema":{"@context":"https:\/\/schema.org","@graph":[{"@type":"Article","@id":"https:\/\/montecarloliving.com\/fr\/actualite\/monaco-palais-princier-sillumine-en-rouge-pour-septembre-rouge-et-sensibilisation-aux-cancers-du-sang-34146\/#article","isPartOf":{"@id":"https:\/\/montecarloliving.com\/fr\/actualite\/monaco-palais-princier-sillumine-en-rouge-pour-septembre-rouge-et-sensibilisation-aux-cancers-du-sang-34146\/"},"author":{"name":"Redazione","@id":"https:\/\/montecarloliving.com\/fr\/#\/schema\/person\/7e5945d4560862b7f2d2c6831bda2819"},"headline":"Monaco : le Palais Princier s\u2019illumine en rouge pour \u00ab Septembre Rouge \u00bb et la sensibilisation aux cancers du sang","datePublished":"2026-09-02T07:41:02+00:00","dateModified":"2026-09-02T07:44:19+00:00","mainEntityOfPage":{"@id":"https:\/\/montecarloliving.com\/fr\/actualite\/monaco-palais-princier-sillumine-en-rouge-pour-septembre-rouge-et-sensibilisation-aux-cancers-du-sang-34146\/"},"wordCount":568,"image":{"@id":"https:\/\/montecarloliving.com\/fr\/actualite\/monaco-palais-princier-sillumine-en-rouge-pour-septembre-rouge-et-sensibilisation-aux-cancers-du-sang-34146\/#primaryimage"},"thumbnailUrl":"https:\/\/montecarloliving.com\/wp-content\/uploads\/2026\/09\/PALAS-PRINCIER-IN-ROSSO.jpg","articleSection":["Actualit\u00e9","Actualit\u00e9 \u00e0 Monaco","Monaco"],"inLanguage":"fr-FR"},{"@type":"WebPage","@id":"https:\/\/montecarloliving.com\/fr\/actualite\/monaco-palais-princier-sillumine-en-rouge-pour-septembre-rouge-et-sensibilisation-aux-cancers-du-sang-34146\/","url":"https:\/\/montecarloliving.com\/fr\/actualite\/monaco-palais-princier-sillumine-en-rouge-pour-septembre-rouge-et-sensibilisation-aux-cancers-du-sang-34146\/","name":"Monaco : le Palais Princier s\u2019illumine en rouge","isPartOf":{"@id":"https:\/\/montecarloliving.com\/fr\/#website"},"primaryImageOfPage":{"@id":"https:\/\/montecarloliving.com\/fr\/actualite\/monaco-palais-princier-sillumine-en-rouge-pour-septembre-rouge-et-sensibilisation-aux-cancers-du-sang-34146\/#primaryimage"},"image":{"@id":"https:\/\/montecarloliving.com\/fr\/actualite\/monaco-palais-princier-sillumine-en-rouge-pour-septembre-rouge-et-sensibilisation-aux-cancers-du-sang-34146\/#primaryimage"},"thumbnailUrl":"https:\/\/montecarloliving.com\/wp-content\/uploads\/2026\/09\/PALAS-PRINCIER-IN-ROSSO.jpg","datePublished":"2026-09-02T07:41:02+00:00","dateModified":"2026-09-02T07:44:19+00:00","author":{"@id":"https:\/\/montecarloliving.com\/fr\/#\/schema\/person\/7e5945d4560862b7f2d2c6831bda2819"},"description":"Monaco : le Palais Princier s\u2019illumine en rouge pour \u00ab Septembre Rouge \u00bb et la sensibilisation aux cancers du sang","breadcrumb":{"@id":"https:\/\/montecarloliving.com\/fr\/actualite\/monaco-palais-princier-sillumine-en-rouge-pour-septembre-rouge-et-sensibilisation-aux-cancers-du-sang-34146\/#breadcrumb"},"inLanguage":"fr-FR","potentialAction":[{"@type":"ReadAction","target":["https:\/\/montecarloliving.com\/fr\/actualite\/monaco-palais-princier-sillumine-en-rouge-pour-septembre-rouge-et-sensibilisation-aux-cancers-du-sang-34146\/"]}]},{"@type":"ImageObject","inLanguage":"fr-FR","@id":"https:\/\/montecarloliving.com\/fr\/actualite\/monaco-palais-princier-sillumine-en-rouge-pour-septembre-rouge-et-sensibilisation-aux-cancers-du-sang-34146\/#primaryimage","url":"https:\/\/montecarloliving.com\/wp-content\/uploads\/2026\/09\/PALAS-PRINCIER-IN-ROSSO.jpg","contentUrl":"https:\/\/montecarloliving.com\/wp-content\/uploads\/2026\/09\/PALAS-PRINCIER-IN-ROSSO.jpg","width":1971,"height":1971,"caption":"default"},{"@type":"BreadcrumbList","@id":"https:\/\/montecarloliving.com\/fr\/actualite\/monaco-palais-princier-sillumine-en-rouge-pour-septembre-rouge-et-sensibilisation-aux-cancers-du-sang-34146\/#breadcrumb","itemListElement":[{"@type":"ListItem","position":1,"name":"Home","item":"https:\/\/montecarloliving.com\/fr\/"},{"@type":"ListItem","position":2,"name":"Monaco : le Palais Princier s\u2019illumine en rouge pour \u00ab Septembre Rouge \u00bb et la sensibilisation aux cancers du sang"}]},{"@type":"WebSite","@id":"https:\/\/montecarloliving.com\/fr\/#website","url":"https:\/\/montecarloliving.com\/fr\/","name":"Montecarlo Living","description":"News da Montecarlo - Principato di Monaco e Costa Azzurra","potentialAction":[{"@type":"SearchAction","target":{"@type":"EntryPoint","urlTemplate":"https:\/\/montecarloliving.com\/fr\/?s={search_term_string}"},"query-input":{"@type":"PropertyValueSpecification","valueRequired":true,"valueName":"search_term_string"}}],"inLanguage":"fr-FR"},{"@type":"Person","@id":"https:\/\/montecarloliving.com\/fr\/#\/schema\/person\/7e5945d4560862b7f2d2c6831bda2819","name":"Redazione","image":{"@type":"ImageObject","inLanguage":"fr-FR","@id":"https:\/\/secure.gravatar.com\/avatar\/8b5f26557e18fe74ad8e8a57ebb2925d88af8a90cee489ff2beefb391bc9b9c7?s=96&d=mm&r=g","url":"https:\/\/secure.gravatar.com\/avatar\/8b5f26557e18fe74ad8e8a57ebb2925d88af8a90cee489ff2beefb391bc9b9c7?s=96&d=mm&r=g","contentUrl":"https:\/\/secure.gravatar.com\/avatar\/8b5f26557e18fe74ad8e8a57ebb2925d88af8a90cee489ff2beefb391bc9b9c7?s=96&d=mm&r=g","caption":"Redazione"}}]}},"_links":{"self":[{"href":"https:\/\/montecarloliving.com\/fr\/wp-json\/wp\/v2\/posts\/34146","targetHints":{"allow":["GET"]}}],"collection":[{"href":"https:\/\/montecarloliving.com\/fr\/wp-json\/wp\/v2\/posts"}],"about":[{"href":"https:\/\/montecarloliving.com\/fr\/wp-json\/wp\/v2\/types\/post"}],"author":[{"embeddable":true,"href":"https:\/\/montecarloliving.com\/fr\/wp-json\/wp\/v2\/users\/1"}],"replies":[{"embeddable":true,"href":"https:\/\/montecarloliving.com\/fr\/wp-json\/wp\/v2\/comments?post=34146"}],"version-history":[{"count":3,"href":"https:\/\/montecarloliving.com\/fr\/wp-json\/wp\/v2\/posts\/34146\/revisions"}],"predecessor-version":[{"id":34150,"href":"https:\/\/montecarloliving.com\/fr\/wp-json\/wp\/v2\/posts\/34146\/revisions\/34150"}],"wp:featuredmedia":[{"embeddable":true,"href":"https:\/\/montecarloliving.com\/fr\/wp-json\/wp\/v2\/media\/34142"}],"wp:attachment":[{"href":"https:\/\/montecarloliving.com\/fr\/wp-json\/wp\/v2\/media?parent=34146"}],"wp:term":[{"taxonomy":"category","embeddable":true,"href":"https:\/\/montecarloliving.com\/fr\/wp-json\/wp\/v2\/categories?post=34146"},{"taxonomy":"post_tag","embeddable":true,"href":"https:\/\/montecarloliving.com\/fr\/wp-json\/wp\/v2\/tags?post=34146"}],"curies":[{"name":"wp","href":"https:\/\/api.w.org\/{rel}","templated":true}]}}