{"id":34124,"date":"2026-09-01T13:00:50","date_gmt":"2026-09-01T11:00:50","guid":{"rendered":"https:\/\/montecarloliving.com\/?p=34124"},"modified":"2026-09-01T12:46:07","modified_gmt":"2026-09-01T10:46:07","slug":"art3f-monaco-2026-plus-de-200-artistes-au-salon-international-dart-contemporain","status":"publish","type":"post","link":"https:\/\/montecarloliving.com\/fr\/actualite\/art3f-monaco-2026-plus-de-200-artistes-au-salon-international-dart-contemporain-34124\/","title":{"rendered":"Art3f Monaco 2026: plus de 200 artistes au Salon International d\u2019Art Contemporain"},"content":{"rendered":"<p class=\"isSelectedEnd\">Monaco s\u2019appr\u00eate une nouvelle fois \u00e0 mettre l\u2019art contemporain \u00e0 l\u2019honneur avec la <strong>7e \u00e9dition d\u2019Art3f Monaco<\/strong>, le Salon International d\u2019Art Contemporain qui investira le <strong>Chapiteau de Fontvieille du 11 au 13 septembre 2026<\/strong>.<\/p>\n<p class=\"isSelectedEnd\">Pour cette \u00e9dition 2026, <strong>plus de 200 artistes et galeries venus de plusieurs pays<\/strong> seront r\u00e9unis pour pr\u00e9senter une s\u00e9lection vari\u00e9e de peintures, sculptures et photographies. Le rendez-vous s\u2019adresse aussi bien aux passionn\u00e9s et aux collectionneurs qu\u2019\u00e0 tous ceux qui souhaitent d\u00e9couvrir l\u2019art contemporain dans une atmosph\u00e8re conviviale et d\u00e9contract\u00e9e, loin du format traditionnel des grandes foires internationales.<\/p>\n<h3>Art3f Monaco : rendre l\u2019art contemporain accessible \u00e0 tous<\/h3>\n<p class=\"isSelectedEnd\">L\u2019une des particularit\u00e9s d\u2019<strong>Art3f<\/strong> est sa volont\u00e9 de rendre l\u2019art contemporain plus accessible et plus proche du grand public.<\/p>\n<p class=\"isSelectedEnd\">Le concept favorise les \u00e9changes directs entre visiteurs, artistes et galeristes, dans un environnement o\u00f9 chacun peut d\u00e9couvrir les \u0153uvres, dialoguer avec leurs cr\u00e9ateurs et se laisser guider avant tout par ses go\u00fbts et ses \u00e9motions.<\/p>\n<p class=\"isSelectedEnd\">Le salon s\u2019adresse ainsi \u00e0 un public tr\u00e8s large : des <strong>collectionneurs exp\u00e9riment\u00e9s<\/strong> aux personnes qui souhaitent acqu\u00e9rir leur premi\u00e8re \u0153uvre, sans oublier les visiteurs simplement curieux de d\u00e9couvrir les nouvelles tendances de la cr\u00e9ation contemporaine.<\/p>\n<p class=\"isSelectedEnd\">Les \u0153uvres pr\u00e9sent\u00e9es seront \u00e9galement propos\u00e9es \u00e0 la vente, permettant aux visiteurs de repartir avec une pi\u00e8ce coup de c\u0153ur et, pourquoi pas, de commencer ou d\u2019enrichir une collection.<\/p>\n<h3>Peinture, sculpture et photographie au c\u0153ur du salon<\/h3>\n<p class=\"isSelectedEnd\">Le parcours d\u2019Art3f Monaco proposera une grande diversit\u00e9 de formes et de sensibilit\u00e9s artistiques, avec une place importante accord\u00e9e \u00e0 la <strong>peinture, \u00e0 la sculpture et \u00e0 la photographie<\/strong>.<\/p>\n<p class=\"isSelectedEnd\">La pr\u00e9sence de plus de 200 artistes et galeries venus de diff\u00e9rents pays permettra de d\u00e9couvrir une multitude de styles, de techniques et de regards sur la cr\u00e9ation contemporaine.<\/p>\n<p class=\"isSelectedEnd\">Plut\u00f4t que de privil\u00e9gier une seule tendance artistique, le salon mise sur la <strong>diversit\u00e9 des expressions contemporaines<\/strong>, offrant au public la possibilit\u00e9 de passer d\u2019un univers artistique \u00e0 un autre et de d\u00e9couvrir de nouvelles approches.<\/p>\n<h3>Art3f Monaco 2026 : bien plus qu\u2019une exposition<\/h3>\n<p class=\"isSelectedEnd\">La programmation ne se limitera pas \u00e0 la pr\u00e9sentation des \u0153uvres.<\/p>\n<p class=\"isSelectedEnd\">Art3f propose un concept dans lequel <strong>art, rencontres, convivialit\u00e9 et divertissement<\/strong> se c\u00f4toient. Des moments d\u2019\u00e9change avec les artistes et les professionnels du secteur seront propos\u00e9s, tandis qu\u2019un espace restauration avec terrasse permettra aux visiteurs de faire une pause au cours de leur d\u00e9couverte du salon.<\/p>\n<p class=\"isSelectedEnd\">Le <strong>vernissage<\/strong>, accompagn\u00e9 de <strong>musique live<\/strong>, constituera \u00e9galement l\u2019un des temps forts de cette \u00e9dition et contribuera \u00e0 cr\u00e9er l\u2019atmosph\u00e8re chaleureuse et informelle qui caract\u00e9rise le concept Art3f.<\/p>\n<p class=\"isSelectedEnd\">L\u2019objectif est de faire du salon un v\u00e9ritable lieu de rencontre, o\u00f9 l\u2019art contemporain se d\u00e9couvre autant \u00e0 travers les \u0153uvres que par le dialogue et le partage.<\/p>\n<h3>Art3f Monaco 2026 : dates et horaires<\/h3>\n<p class=\"isSelectedEnd\">La 7e \u00e9dition d\u2019Art3f Monaco se d\u00e9roulera pendant trois jours au <strong>Chapiteau de Fontvieille<\/strong>.<\/p>\n<p class=\"isSelectedEnd\">Les horaires d\u2019ouverture sont les suivants :<\/p>\n<ul data-spread=\"false\">\n<li><strong>Vendredi 11 septembre :<\/strong> de <strong>16 h \u00e0 22 h<\/strong><\/li>\n<li><strong>Samedi 12 septembre :<\/strong> de <strong>11 h \u00e0 20 h<\/strong><\/li>\n<li><strong>Dimanche 13 septembre :<\/strong> de <strong>11 h \u00e0 19 h<\/strong><\/li>\n<\/ul>\n<p class=\"isSelectedEnd\">Ces horaires permettront de d\u00e9couvrir le salon en journ\u00e9e durant le week-end, mais \u00e9galement de profiter de l\u2019ambiance du vendredi soir \u00e0 l\u2019occasion du vernissage.<\/p>\n<h3>Un rendez-vous international de l\u2019art contemporain \u00e0 Monaco<\/h3>\n<p class=\"isSelectedEnd\">Avec cette 7e \u00e9dition, <strong>Art3f Monaco 2026<\/strong> confirme sa dimension internationale en r\u00e9unissant dans la Principaut\u00e9 des artistes et des galeries venus de plusieurs pays.<\/p>\n<p class=\"isSelectedEnd\">Le salon entend cr\u00e9er un espace de rencontre entre le public, les artistes et les professionnels du monde de l\u2019art, avec une approche privil\u00e9giant la proximit\u00e9 et les \u00e9changes directs.<\/p>\n<p class=\"isSelectedEnd\">Pendant trois jours, le <strong>Chapiteau de Fontvieille<\/strong> deviendra ainsi une vitrine de la cr\u00e9ation contemporaine, r\u00e9unissant expositions, ventes d\u2019\u0153uvres, rencontres, musique live et moments de convivialit\u00e9.<\/p>\n<p>Un rendez-vous destin\u00e9 aux collectionneurs, aux amateurs d\u2019art et \u00e0 tous ceux qui souhaitent simplement d\u00e9couvrir de nouvelles \u0153uvres et de nouveaux artistes au c\u0153ur de Monaco.<\/p>\n<p><img loading=\"lazy\" decoding=\"async\" class=\"size-full wp-image-34120 aligncenter\" src=\"https:\/\/montecarloliving.com\/wp-content\/uploads\/2026\/09\/Art3f-Monaco-26.jpg\" alt=\"\" width=\"1280\" height=\"960\" srcset=\"https:\/\/montecarloliving.com\/wp-content\/uploads\/2026\/09\/Art3f-Monaco-26.jpg 1280w, https:\/\/montecarloliving.com\/wp-content\/uploads\/2026\/09\/Art3f-Monaco-26-300x225.jpg 300w, https:\/\/montecarloliving.com\/wp-content\/uploads\/2026\/09\/Art3f-Monaco-26-1024x768.jpg 1024w, https:\/\/montecarloliving.com\/wp-content\/uploads\/2026\/09\/Art3f-Monaco-26-768x576.jpg 768w\" sizes=\"auto, (max-width: 1280px) 100vw, 1280px\" \/><\/p>\n","protected":false},"excerpt":{"rendered":"<p>Monaco s\u2019appr\u00eate une nouvelle fois \u00e0 mettre l\u2019art contemporain \u00e0 l\u2019honneur avec la 7e \u00e9dition d\u2019Art3f Monaco, le Salon International d\u2019Art Contemporain qui investira le Chapiteau de Fontvieille du 11 au 13 septembre 2026. Pour cette \u00e9dition 2026, plus de 200 artistes et galeries [&hellip;]<\/p>\n","protected":false},"author":1,"featured_media":34120,"comment_status":"closed","ping_status":"closed","sticky":false,"template":"","format":"standard","meta":{"footnotes":""},"categories":[827,875,828,867,819,829],"tags":[],"class_list":["post-34124","post","type-post","status-publish","format-standard","has-post-thumbnail","hentry","category-actualite","category-actualite-monaco","category-evenements","category-monaco-fr","category-que-visiter","category-tourisme"],"yoast_head":"<!-- This site is optimized with the Yoast SEO plugin v28.3 - https:\/\/yoast.com\/product\/yoast-seo-wordpress\/ -->\n<title>Art3f Monaco 2026<\/title>\n<meta name=\"description\" content=\"Art3f Monaco 2026: plus de 200 artistes au Salon International d\u2019Art Contemporain. Du 11 au 13 septembre, le Chapiteau de Fontvieille\" \/>\n<meta name=\"robots\" content=\"index, follow, max-snippet:-1, max-image-preview:large, max-video-preview:-1\" \/>\n<link rel=\"canonical\" href=\"https:\/\/montecarloliving.com\/fr\/actualite\/art3f-monaco-2026-plus-de-200-artistes-au-salon-international-dart-contemporain-34124\/\" \/>\n<meta property=\"og:locale\" content=\"fr_FR\" \/>\n<meta property=\"og:title\" content=\"Art3f Monaco 2026\" \/>\n<meta property=\"og:description\" content=\"Art3f Monaco 2026: plus de 200 artistes au Salon International d\u2019Art Contemporain. Du 11 au 13 septembre, le Chapiteau de Fontvieille\" \/>\n<meta property=\"og:url\" content=\"https:\/\/montecarloliving.com\/fr\/actualite\/art3f-monaco-2026-plus-de-200-artistes-au-salon-international-dart-contemporain-34124\/\" \/>\n<meta property=\"og:site_name\" content=\"Montecarlo Living\" \/>\n<meta property=\"article:publisher\" content=\"https:\/\/www.facebook.com\/montecarlolivingcom\/\" \/>\n<meta property=\"article:published_time\" content=\"2026-09-01T11:00:50+00:00\" \/>\n<meta property=\"og:image\" content=\"https:\/\/montecarloliving.com\/wp-content\/uploads\/2026\/09\/Art3f-Monaco-26-650x400.jpg\" \/>\n\t<meta property=\"og:image:width\" content=\"650\" \/>\n\t<meta property=\"og:image:height\" content=\"400\" \/>\n\t<meta property=\"og:image:type\" content=\"image\/jpeg\" \/>\n<meta name=\"author\" content=\"Redazione\" \/>\n<meta name=\"twitter:card\" content=\"summary_large_image\" \/>\n<meta name=\"twitter:creator\" content=\"@MonteCarloLivi\" \/>\n<meta name=\"twitter:site\" content=\"@MonteCarloLivi\" \/>\n<meta name=\"twitter:label1\" content=\"\u00c9crit par\" \/>\n\t<meta name=\"twitter:data1\" content=\"Redazione\" \/>\n\t<meta name=\"twitter:label2\" content=\"Dur\u00e9e de lecture estim\u00e9e\" \/>\n\t<meta name=\"twitter:data2\" content=\"4 minutes\" \/>\n<script type=\"application\/ld+json\" class=\"yoast-schema-graph\">{\"@context\":\"https:\\\/\\\/schema.org\",\"@graph\":[{\"@type\":\"Article\",\"@id\":\"https:\\\/\\\/montecarloliving.com\\\/fr\\\/actualite\\\/art3f-monaco-2026-plus-de-200-artistes-au-salon-international-dart-contemporain-34124\\\/#article\",\"isPartOf\":{\"@id\":\"https:\\\/\\\/montecarloliving.com\\\/fr\\\/actualite\\\/art3f-monaco-2026-plus-de-200-artistes-au-salon-international-dart-contemporain-34124\\\/\"},\"author\":{\"name\":\"Redazione\",\"@id\":\"https:\\\/\\\/montecarloliving.com\\\/fr\\\/#\\\/schema\\\/person\\\/7e5945d4560862b7f2d2c6831bda2819\"},\"headline\":\"Art3f Monaco 2026: plus de 200 artistes au Salon International d\u2019Art Contemporain\",\"datePublished\":\"2026-09-01T11:00:50+00:00\",\"mainEntityOfPage\":{\"@id\":\"https:\\\/\\\/montecarloliving.com\\\/fr\\\/actualite\\\/art3f-monaco-2026-plus-de-200-artistes-au-salon-international-dart-contemporain-34124\\\/\"},\"wordCount\":706,\"image\":{\"@id\":\"https:\\\/\\\/montecarloliving.com\\\/fr\\\/actualite\\\/art3f-monaco-2026-plus-de-200-artistes-au-salon-international-dart-contemporain-34124\\\/#primaryimage\"},\"thumbnailUrl\":\"https:\\\/\\\/montecarloliving.com\\\/wp-content\\\/uploads\\\/2026\\\/09\\\/Art3f-Monaco-26.jpg\",\"articleSection\":[\"Actualit\u00e9\",\"Actualit\u00e9 \u00e0 Monaco\",\"\u00c9v\u00e9nements\",\"Monaco\",\"Que Visiter \u00e0 Monaco\",\"Tourisme \u00e0 Monaco\"],\"inLanguage\":\"fr-FR\"},{\"@type\":\"WebPage\",\"@id\":\"https:\\\/\\\/montecarloliving.com\\\/fr\\\/actualite\\\/art3f-monaco-2026-plus-de-200-artistes-au-salon-international-dart-contemporain-34124\\\/\",\"url\":\"https:\\\/\\\/montecarloliving.com\\\/fr\\\/actualite\\\/art3f-monaco-2026-plus-de-200-artistes-au-salon-international-dart-contemporain-34124\\\/\",\"name\":\"Art3f Monaco 2026\",\"isPartOf\":{\"@id\":\"https:\\\/\\\/montecarloliving.com\\\/fr\\\/#website\"},\"primaryImageOfPage\":{\"@id\":\"https:\\\/\\\/montecarloliving.com\\\/fr\\\/actualite\\\/art3f-monaco-2026-plus-de-200-artistes-au-salon-international-dart-contemporain-34124\\\/#primaryimage\"},\"image\":{\"@id\":\"https:\\\/\\\/montecarloliving.com\\\/fr\\\/actualite\\\/art3f-monaco-2026-plus-de-200-artistes-au-salon-international-dart-contemporain-34124\\\/#primaryimage\"},\"thumbnailUrl\":\"https:\\\/\\\/montecarloliving.com\\\/wp-content\\\/uploads\\\/2026\\\/09\\\/Art3f-Monaco-26.jpg\",\"datePublished\":\"2026-09-01T11:00:50+00:00\",\"author\":{\"@id\":\"https:\\\/\\\/montecarloliving.com\\\/fr\\\/#\\\/schema\\\/person\\\/7e5945d4560862b7f2d2c6831bda2819\"},\"description\":\"Art3f Monaco 2026: plus de 200 artistes au Salon International d\u2019Art Contemporain. Du 11 au 13 septembre, le Chapiteau de Fontvieille\",\"breadcrumb\":{\"@id\":\"https:\\\/\\\/montecarloliving.com\\\/fr\\\/actualite\\\/art3f-monaco-2026-plus-de-200-artistes-au-salon-international-dart-contemporain-34124\\\/#breadcrumb\"},\"inLanguage\":\"fr-FR\",\"potentialAction\":[{\"@type\":\"ReadAction\",\"target\":[\"https:\\\/\\\/montecarloliving.com\\\/fr\\\/actualite\\\/art3f-monaco-2026-plus-de-200-artistes-au-salon-international-dart-contemporain-34124\\\/\"]}]},{\"@type\":\"ImageObject\",\"inLanguage\":\"fr-FR\",\"@id\":\"https:\\\/\\\/montecarloliving.com\\\/fr\\\/actualite\\\/art3f-monaco-2026-plus-de-200-artistes-au-salon-international-dart-contemporain-34124\\\/#primaryimage\",\"url\":\"https:\\\/\\\/montecarloliving.com\\\/wp-content\\\/uploads\\\/2026\\\/09\\\/Art3f-Monaco-26.jpg\",\"contentUrl\":\"https:\\\/\\\/montecarloliving.com\\\/wp-content\\\/uploads\\\/2026\\\/09\\\/Art3f-Monaco-26.jpg\",\"width\":1280,\"height\":960},{\"@type\":\"BreadcrumbList\",\"@id\":\"https:\\\/\\\/montecarloliving.com\\\/fr\\\/actualite\\\/art3f-monaco-2026-plus-de-200-artistes-au-salon-international-dart-contemporain-34124\\\/#breadcrumb\",\"itemListElement\":[{\"@type\":\"ListItem\",\"position\":1,\"name\":\"Home\",\"item\":\"https:\\\/\\\/montecarloliving.com\\\/fr\\\/\"},{\"@type\":\"ListItem\",\"position\":2,\"name\":\"Art3f Monaco 2026: plus de 200 artistes au Salon International d\u2019Art Contemporain\"}]},{\"@type\":\"WebSite\",\"@id\":\"https:\\\/\\\/montecarloliving.com\\\/fr\\\/#website\",\"url\":\"https:\\\/\\\/montecarloliving.com\\\/fr\\\/\",\"name\":\"Montecarlo Living\",\"description\":\"News da Montecarlo - Principato di Monaco e Costa Azzurra\",\"potentialAction\":[{\"@type\":\"SearchAction\",\"target\":{\"@type\":\"EntryPoint\",\"urlTemplate\":\"https:\\\/\\\/montecarloliving.com\\\/fr\\\/?s={search_term_string}\"},\"query-input\":{\"@type\":\"PropertyValueSpecification\",\"valueRequired\":true,\"valueName\":\"search_term_string\"}}],\"inLanguage\":\"fr-FR\"},{\"@type\":\"Person\",\"@id\":\"https:\\\/\\\/montecarloliving.com\\\/fr\\\/#\\\/schema\\\/person\\\/7e5945d4560862b7f2d2c6831bda2819\",\"name\":\"Redazione\",\"image\":{\"@type\":\"ImageObject\",\"inLanguage\":\"fr-FR\",\"@id\":\"https:\\\/\\\/secure.gravatar.com\\\/avatar\\\/8b5f26557e18fe74ad8e8a57ebb2925d88af8a90cee489ff2beefb391bc9b9c7?s=96&d=mm&r=g\",\"url\":\"https:\\\/\\\/secure.gravatar.com\\\/avatar\\\/8b5f26557e18fe74ad8e8a57ebb2925d88af8a90cee489ff2beefb391bc9b9c7?s=96&d=mm&r=g\",\"contentUrl\":\"https:\\\/\\\/secure.gravatar.com\\\/avatar\\\/8b5f26557e18fe74ad8e8a57ebb2925d88af8a90cee489ff2beefb391bc9b9c7?s=96&d=mm&r=g\",\"caption\":\"Redazione\"}}]}<\/script>\n<!-- \/ Yoast SEO plugin. -->","yoast_head_json":{"title":"Art3f Monaco 2026","description":"Art3f Monaco 2026: plus de 200 artistes au Salon International d\u2019Art Contemporain. Du 11 au 13 septembre, le Chapiteau de Fontvieille","robots":{"index":"index","follow":"follow","max-snippet":"max-snippet:-1","max-image-preview":"max-image-preview:large","max-video-preview":"max-video-preview:-1"},"canonical":"https:\/\/montecarloliving.com\/fr\/actualite\/art3f-monaco-2026-plus-de-200-artistes-au-salon-international-dart-contemporain-34124\/","og_locale":"fr_FR","og_title":"Art3f Monaco 2026","og_description":"Art3f Monaco 2026: plus de 200 artistes au Salon International d\u2019Art Contemporain. Du 11 au 13 septembre, le Chapiteau de Fontvieille","og_url":"https:\/\/montecarloliving.com\/fr\/actualite\/art3f-monaco-2026-plus-de-200-artistes-au-salon-international-dart-contemporain-34124\/","og_site_name":"Montecarlo Living","article_publisher":"https:\/\/www.facebook.com\/montecarlolivingcom\/","article_published_time":"2026-09-01T11:00:50+00:00","og_image":[{"width":650,"height":400,"url":"https:\/\/montecarloliving.com\/wp-content\/uploads\/2026\/09\/Art3f-Monaco-26-650x400.jpg","type":"image\/jpeg"}],"author":"Redazione","twitter_card":"summary_large_image","twitter_creator":"@MonteCarloLivi","twitter_site":"@MonteCarloLivi","twitter_misc":{"\u00c9crit par":"Redazione","Dur\u00e9e de lecture estim\u00e9e":"4 minutes"},"schema":{"@context":"https:\/\/schema.org","@graph":[{"@type":"Article","@id":"https:\/\/montecarloliving.com\/fr\/actualite\/art3f-monaco-2026-plus-de-200-artistes-au-salon-international-dart-contemporain-34124\/#article","isPartOf":{"@id":"https:\/\/montecarloliving.com\/fr\/actualite\/art3f-monaco-2026-plus-de-200-artistes-au-salon-international-dart-contemporain-34124\/"},"author":{"name":"Redazione","@id":"https:\/\/montecarloliving.com\/fr\/#\/schema\/person\/7e5945d4560862b7f2d2c6831bda2819"},"headline":"Art3f Monaco 2026: plus de 200 artistes au Salon International d\u2019Art Contemporain","datePublished":"2026-09-01T11:00:50+00:00","mainEntityOfPage":{"@id":"https:\/\/montecarloliving.com\/fr\/actualite\/art3f-monaco-2026-plus-de-200-artistes-au-salon-international-dart-contemporain-34124\/"},"wordCount":706,"image":{"@id":"https:\/\/montecarloliving.com\/fr\/actualite\/art3f-monaco-2026-plus-de-200-artistes-au-salon-international-dart-contemporain-34124\/#primaryimage"},"thumbnailUrl":"https:\/\/montecarloliving.com\/wp-content\/uploads\/2026\/09\/Art3f-Monaco-26.jpg","articleSection":["Actualit\u00e9","Actualit\u00e9 \u00e0 Monaco","\u00c9v\u00e9nements","Monaco","Que Visiter \u00e0 Monaco","Tourisme \u00e0 Monaco"],"inLanguage":"fr-FR"},{"@type":"WebPage","@id":"https:\/\/montecarloliving.com\/fr\/actualite\/art3f-monaco-2026-plus-de-200-artistes-au-salon-international-dart-contemporain-34124\/","url":"https:\/\/montecarloliving.com\/fr\/actualite\/art3f-monaco-2026-plus-de-200-artistes-au-salon-international-dart-contemporain-34124\/","name":"Art3f Monaco 2026","isPartOf":{"@id":"https:\/\/montecarloliving.com\/fr\/#website"},"primaryImageOfPage":{"@id":"https:\/\/montecarloliving.com\/fr\/actualite\/art3f-monaco-2026-plus-de-200-artistes-au-salon-international-dart-contemporain-34124\/#primaryimage"},"image":{"@id":"https:\/\/montecarloliving.com\/fr\/actualite\/art3f-monaco-2026-plus-de-200-artistes-au-salon-international-dart-contemporain-34124\/#primaryimage"},"thumbnailUrl":"https:\/\/montecarloliving.com\/wp-content\/uploads\/2026\/09\/Art3f-Monaco-26.jpg","datePublished":"2026-09-01T11:00:50+00:00","author":{"@id":"https:\/\/montecarloliving.com\/fr\/#\/schema\/person\/7e5945d4560862b7f2d2c6831bda2819"},"description":"Art3f Monaco 2026: plus de 200 artistes au Salon International d\u2019Art Contemporain. Du 11 au 13 septembre, le Chapiteau de Fontvieille","breadcrumb":{"@id":"https:\/\/montecarloliving.com\/fr\/actualite\/art3f-monaco-2026-plus-de-200-artistes-au-salon-international-dart-contemporain-34124\/#breadcrumb"},"inLanguage":"fr-FR","potentialAction":[{"@type":"ReadAction","target":["https:\/\/montecarloliving.com\/fr\/actualite\/art3f-monaco-2026-plus-de-200-artistes-au-salon-international-dart-contemporain-34124\/"]}]},{"@type":"ImageObject","inLanguage":"fr-FR","@id":"https:\/\/montecarloliving.com\/fr\/actualite\/art3f-monaco-2026-plus-de-200-artistes-au-salon-international-dart-contemporain-34124\/#primaryimage","url":"https:\/\/montecarloliving.com\/wp-content\/uploads\/2026\/09\/Art3f-Monaco-26.jpg","contentUrl":"https:\/\/montecarloliving.com\/wp-content\/uploads\/2026\/09\/Art3f-Monaco-26.jpg","width":1280,"height":960},{"@type":"BreadcrumbList","@id":"https:\/\/montecarloliving.com\/fr\/actualite\/art3f-monaco-2026-plus-de-200-artistes-au-salon-international-dart-contemporain-34124\/#breadcrumb","itemListElement":[{"@type":"ListItem","position":1,"name":"Home","item":"https:\/\/montecarloliving.com\/fr\/"},{"@type":"ListItem","position":2,"name":"Art3f Monaco 2026: plus de 200 artistes au Salon International d\u2019Art Contemporain"}]},{"@type":"WebSite","@id":"https:\/\/montecarloliving.com\/fr\/#website","url":"https:\/\/montecarloliving.com\/fr\/","name":"Montecarlo Living","description":"News da Montecarlo - Principato di Monaco e Costa Azzurra","potentialAction":[{"@type":"SearchAction","target":{"@type":"EntryPoint","urlTemplate":"https:\/\/montecarloliving.com\/fr\/?s={search_term_string}"},"query-input":{"@type":"PropertyValueSpecification","valueRequired":true,"valueName":"search_term_string"}}],"inLanguage":"fr-FR"},{"@type":"Person","@id":"https:\/\/montecarloliving.com\/fr\/#\/schema\/person\/7e5945d4560862b7f2d2c6831bda2819","name":"Redazione","image":{"@type":"ImageObject","inLanguage":"fr-FR","@id":"https:\/\/secure.gravatar.com\/avatar\/8b5f26557e18fe74ad8e8a57ebb2925d88af8a90cee489ff2beefb391bc9b9c7?s=96&d=mm&r=g","url":"https:\/\/secure.gravatar.com\/avatar\/8b5f26557e18fe74ad8e8a57ebb2925d88af8a90cee489ff2beefb391bc9b9c7?s=96&d=mm&r=g","contentUrl":"https:\/\/secure.gravatar.com\/avatar\/8b5f26557e18fe74ad8e8a57ebb2925d88af8a90cee489ff2beefb391bc9b9c7?s=96&d=mm&r=g","caption":"Redazione"}}]}},"_links":{"self":[{"href":"https:\/\/montecarloliving.com\/fr\/wp-json\/wp\/v2\/posts\/34124","targetHints":{"allow":["GET"]}}],"collection":[{"href":"https:\/\/montecarloliving.com\/fr\/wp-json\/wp\/v2\/posts"}],"about":[{"href":"https:\/\/montecarloliving.com\/fr\/wp-json\/wp\/v2\/types\/post"}],"author":[{"embeddable":true,"href":"https:\/\/montecarloliving.com\/fr\/wp-json\/wp\/v2\/users\/1"}],"replies":[{"embeddable":true,"href":"https:\/\/montecarloliving.com\/fr\/wp-json\/wp\/v2\/comments?post=34124"}],"version-history":[{"count":1,"href":"https:\/\/montecarloliving.com\/fr\/wp-json\/wp\/v2\/posts\/34124\/revisions"}],"predecessor-version":[{"id":34125,"href":"https:\/\/montecarloliving.com\/fr\/wp-json\/wp\/v2\/posts\/34124\/revisions\/34125"}],"wp:featuredmedia":[{"embeddable":true,"href":"https:\/\/montecarloliving.com\/fr\/wp-json\/wp\/v2\/media\/34120"}],"wp:attachment":[{"href":"https:\/\/montecarloliving.com\/fr\/wp-json\/wp\/v2\/media?parent=34124"}],"wp:term":[{"taxonomy":"category","embeddable":true,"href":"https:\/\/montecarloliving.com\/fr\/wp-json\/wp\/v2\/categories?post=34124"},{"taxonomy":"post_tag","embeddable":true,"href":"https:\/\/montecarloliving.com\/fr\/wp-json\/wp\/v2\/tags?post=34124"}],"curies":[{"name":"wp","href":"https:\/\/api.w.org\/{rel}","templated":true}]}}