{"id":34112,"date":"2026-09-01T12:11:38","date_gmt":"2026-09-01T10:11:38","guid":{"rendered":"https:\/\/montecarloliving.com\/?p=34112"},"modified":"2026-09-01T12:17:47","modified_gmt":"2026-09-01T10:17:47","slug":"navire-palinuro-imperia-du-2-au-6-septembre-horaires-et-visites-ouvertes-au-public","status":"publish","type":"post","link":"https:\/\/montecarloliving.com\/fr\/actualite\/navire-palinuro-imperia-du-2-au-6-septembre-horaires-et-visites-ouvertes-au-public-34112\/","title":{"rendered":"Les navires Palinuro et Stella Polare \u00e0 Imperia: la Marine italienne au rendez-vous des Voiles d\u2019\u00c9poque 2026"},"content":{"rendered":"<p class=\"isSelectedEnd\">Le mois de septembre s\u2019annonce particuli\u00e8rement maritime \u00e0 <strong>Imperia<\/strong>. \u00c0 l\u2019occasion de la <strong>40e \u00e9dition des Voiles d\u2019\u00c9poque d\u2019Imperia<\/strong>, organis\u00e9e dans le cadre de l\u2019<strong>Imperia Sailing Week 2026<\/strong>, deux importants navires de la Marine italienne seront pr\u00e9sents dans la ville : le <strong>navire-\u00e9cole Palinuro<\/strong> et le <strong>Stella Polare<\/strong>.<\/p>\n<p class=\"isSelectedEnd\">Les deux voiliers participeront \u00e0 des activit\u00e9s distinctes mais r\u00e9unies par un m\u00eame fil conducteur : la tradition maritime et la culture de la voile qui caract\u00e9risent Imperia. Le Palinuro sera amarr\u00e9 dans le port <strong>du 2 au 6 septembre 2026<\/strong>, avec plusieurs cr\u00e9neaux de visite ouverts au public, tandis que le Stella Polare participera <strong>du 2 au 5 septembre<\/strong> \u00e0 la manifestation consacr\u00e9e aux voiliers classiques et historiques.<\/p>\n<p class=\"isSelectedEnd\">La pr\u00e9sence des deux navires de la Marine italienne donnera une dimension suppl\u00e9mentaire \u00e0 un \u00e9v\u00e9nement qui c\u00e9l\u00e8bre cette ann\u00e9e un anniversaire important : <strong>la 40e \u00e9dition des Voiles d\u2019\u00c9poque d\u2019Imperia<\/strong>.<\/p>\n<h3>Le Palinuro \u00e0 Imperia : quand sera-t-il possible de le visiter ?<\/h3>\n<p class=\"isSelectedEnd\">Le <strong>Palinuro<\/strong> arrivera dans le port d\u2019Imperia le <strong>mercredi 2 septembre<\/strong> et restera dans la ville jusqu\u2019au <strong>dimanche 6 septembre<\/strong>.<\/p>\n<p class=\"isSelectedEnd\">Pendant son escale, le navire-\u00e9cole accueillera \u00e9galement de jeunes membres de l\u2019<strong>Association nationale des marins italiens (ANMI)<\/strong>, de la <strong>Sail Training Association Italia (STA-I)<\/strong> et de la <strong>Ligue navale italienne<\/strong>, engag\u00e9s dans la campagne estivale de formation partie de Tarente.<\/p>\n<p class=\"isSelectedEnd\">L\u2019un des moments les plus attendus sera l\u2019ouverture du navire au public. Les visites seront possibles aux horaires suivants :<\/p>\n<ul data-spread=\"false\">\n<li><strong>Jeudi 3 septembre :<\/strong> de 10 h \u00e0 12 h<\/li>\n<li><strong>Vendredi 4 septembre :<\/strong> de 10 h \u00e0 12 h et de 15 h \u00e0 18 h<\/li>\n<li><strong>Samedi 5 septembre :<\/strong> de 10 h \u00e0 12 h et de 15 h \u00e0 17 h<\/li>\n<\/ul>\n<p class=\"isSelectedEnd\">Habitants et visiteurs auront ainsi la possibilit\u00e9 de monter \u00e0 bord du Palinuro et de d\u00e9couvrir de pr\u00e8s l\u2019un des voiliers les plus embl\u00e9matiques de la Marine italienne.<\/p>\n<p class=\"isSelectedEnd\">L\u2019escale \u00e0 Imperia se terminera le <strong>dimanche 6 septembre<\/strong>, lorsque le navire quittera le port pour poursuivre ses activit\u00e9s.<\/p>\n<h3>La campagne estivale de formation du Palinuro<\/h3>\n<p class=\"isSelectedEnd\">La pr\u00e9sence du Palinuro en Ligurie s\u2019inscrit dans le cadre d\u2019une campagne estivale de formation destin\u00e9e aux jeunes membres de plusieurs organisations li\u00e9es au monde maritime italien.<\/p>\n<p class=\"isSelectedEnd\">La vie \u00e0 bord permet aux participants de se confronter directement aux r\u00e9alit\u00e9s de la navigation et aux diff\u00e9rentes activit\u00e9s li\u00e9es \u00e0 la mer, tout en d\u00e9veloppant leurs comp\u00e9tences, leur esprit d\u2019\u00e9quipe et leur connaissance des traditions maritimes.<\/p>\n<p class=\"isSelectedEnd\">L\u2019escale \u00e0 Imperia repr\u00e9sente donc \u00e0 la fois une occasion de d\u00e9couvrir le navire et une \u00e9tape importante du parcours de formation des jeunes embarqu\u00e9s.<\/p>\n<h3>Le Stella Polare aux Voiles d\u2019\u00c9poque d\u2019Imperia<\/h3>\n<p class=\"isSelectedEnd\">Aux c\u00f4t\u00e9s du Palinuro, Imperia accueillera \u00e9galement le <strong>Stella Polare<\/strong>, qui participera du <strong>2 au 5 septembre<\/strong> \u00e0 la <strong>40e \u00e9dition des Voiles d\u2019\u00c9poque d\u2019Imperia<\/strong>, dans le cadre de l\u2019Imperia Sailing Week 2026.<\/p>\n<p class=\"isSelectedEnd\">Le Stella Polare arrive \u00e0 Imperia apr\u00e8s une longue navigation \u00e0 travers la <strong>M\u00e9diterran\u00e9e occidentale et l\u2019oc\u00e9an Atlantique<\/strong>. Au cours de cette campagne, le navire a franchi les colonnes d\u2019Hercule avant de regagner les c\u00f4tes italiennes.<\/p>\n<p class=\"isSelectedEnd\">Sa participation \u00e0 la manifestation rev\u00eat une importance particuli\u00e8re sur le plan de la formation. Pour l\u2019\u00e9quipage et notamment pour les <strong>aspirants officiers de marine<\/strong>, les r\u00e9gates constituent une occasion privil\u00e9gi\u00e9e de mettre en pratique les comp\u00e9tences acquises au cours de la Campagne de formation 2026.<\/p>\n<p class=\"isSelectedEnd\">Navigation, man\u0153uvres, lecture du vent et des conditions de mer, r\u00e9glage des voiles : la comp\u00e9tition exige une solide pr\u00e9paration technique, une parfaite coordination de l\u2019\u00e9quipage et une capacit\u00e9 \u00e0 prendre des d\u00e9cisions dans un environnement dynamique.<\/p>\n<h3>Le Stella Polare et son histoire avec les chantiers Sangermani<\/h3>\n<p class=\"isSelectedEnd\">La pr\u00e9sence du Stella Polare rev\u00eat une signification encore plus particuli\u00e8re lors de l\u2019\u00e9dition 2026 des Voiles d\u2019\u00c9poque.<\/p>\n<p class=\"isSelectedEnd\">Cette ann\u00e9e, Imperia c\u00e9l\u00e8bre en effet le <strong>130e anniversaire des Chantiers Sangermani<\/strong>, l\u2019un des grands noms de la construction navale traditionnelle en Ligurie. Une exposition ainsi que plusieurs initiatives seront consacr\u00e9es \u00e0 l\u2019histoire de ce chantier historique.<\/p>\n<p class=\"isSelectedEnd\">Le lien avec le Stella Polare est direct : <strong>le navire a \u00e9t\u00e9 construit par les Chantiers Sangermani en 1965<\/strong>.<\/p>\n<p class=\"isSelectedEnd\">Sa participation aux Voiles d\u2019\u00c9poque permet ainsi de mettre en lumi\u00e8re le lien \u00e9troit entre l\u2019histoire de la Marine italienne, la construction navale ligure et la tradition de la voile classique, entre patrimoine maritime et actualit\u00e9 nautique.<\/p>\n<h3>Imperia Sailing Week 2026 : voile, histoire et patrimoine maritime<\/h3>\n<p class=\"isSelectedEnd\">La pr\u00e9sence du Palinuro et du Stella Polare s\u2019inscrit dans le programme plus large de l\u2019<strong>Imperia Sailing Week 2026<\/strong>, qui rassemble \u00e0 Imperia des voiliers historiques et de grands noms de la voile classique.<\/p>\n<p class=\"isSelectedEnd\">Depuis plusieurs d\u00e9cennies, les Voiles d\u2019\u00c9poque constituent l\u2019un des \u00e9v\u00e9nements nautiques les plus embl\u00e9matiques de la ville. La 40e \u00e9dition ajoute une dimension particuli\u00e8rement symbolique \u00e0 cette manifestation.<\/p>\n<p class=\"isSelectedEnd\">Imperia s\u2019appr\u00eate ainsi \u00e0 accueillir passionn\u00e9s de voile, \u00e9quipages et visiteurs int\u00e9ress\u00e9s non seulement par les comp\u00e9titions en mer, mais \u00e9galement par l\u2019histoire des navires, la culture maritime et le patrimoine nautique de la Ligurie.<\/p>\n<h3>Deux navires de la Marine italienne, un m\u00eame rendez-vous maritime<\/h3>\n<p class=\"isSelectedEnd\">L\u2019arriv\u00e9e du <strong>Palinuro et du Stella Polare \u00e0 Imperia<\/strong> offre un regard privil\u00e9gi\u00e9 sur la culture maritime italienne.<\/p>\n<p class=\"isSelectedEnd\">D\u2019un c\u00f4t\u00e9, le Palinuro, engag\u00e9 dans la formation et ouvert au public pendant son escale. De l\u2019autre, le Stella Polare, qui prendra part aux comp\u00e9titions de voile classique apr\u00e8s une longue campagne de navigation internationale.<\/p>\n<p class=\"isSelectedEnd\">Deux parcours diff\u00e9rents, mais une m\u00eame tradition : <strong>celle de la Marine italienne et de la formation \u00e0 travers la mer<\/strong>.<\/p>\n<p class=\"isSelectedEnd\">Pour Imperia, le d\u00e9but du mois de septembre 2026 s\u2019annonce ainsi comme une p\u00e9riode particuli\u00e8rement riche, r\u00e9unissant histoire navale, formation, sport et traditions maritimes.<\/p>\n<h3>Palinuro et Stella Polare \u00e0 Imperia : les dates \u00e0 retenir<\/h3>\n<p class=\"isSelectedEnd\"><strong>Navire Palinuro<\/strong><br \/>\n\ud83d\udccd Port d\u2019Imperia<br \/>\n\ud83d\udcc5 <strong>Du 2 au 6 septembre 2026<\/strong><br \/>\n\ud83d\udc65 Visites ouvertes au public : <strong>3, 4 et 5 septembre<\/strong><\/p>\n<p class=\"isSelectedEnd\"><strong>Navire Stella Polare<\/strong><br \/>\n\ud83d\udccd Imperia<br \/>\n\ud83d\udcc5 <strong>Du 2 au 5 septembre 2026<\/strong><br \/>\n\u26f5 Participation \u00e0 la <strong>40e \u00e9dition des Voiles d\u2019\u00c9poque d\u2019Imperia<\/strong><\/p>\n<p>Avec la pr\u00e9sence de ces deux voiliers de la Marine italienne, l\u2019<strong>Imperia Sailing Week 2026<\/strong> s\u2019appr\u00eate \u00e0 c\u00e9l\u00e9brer la voile et le patrimoine maritime italien \u00e0 travers une rencontre exceptionnelle entre navires historiques, comp\u00e9tition, formation et tradition.<\/p>\n","protected":false},"excerpt":{"rendered":"<p>Le mois de septembre s\u2019annonce particuli\u00e8rement maritime \u00e0 Imperia. \u00c0 l\u2019occasion de la 40e \u00e9dition des Voiles d\u2019\u00c9poque d\u2019Imperia, organis\u00e9e dans le cadre de l\u2019Imperia Sailing Week 2026, deux importants navires de la Marine italienne seront pr\u00e9sents dans la ville : le navire-\u00e9cole Palinuro [&hellip;]<\/p>\n","protected":false},"author":1,"featured_media":34108,"comment_status":"closed","ping_status":"closed","sticky":false,"template":"","format":"standard","meta":{"footnotes":""},"categories":[827,828,823],"tags":[],"class_list":["post-34112","post","type-post","status-publish","format-standard","has-post-thumbnail","hentry","category-actualite","category-evenements","category-italie-et-monaco"],"yoast_head":"<!-- This site is optimized with the Yoast SEO plugin v28.3 - https:\/\/yoast.com\/product\/yoast-seo-wordpress\/ -->\n<title>Le navire Palinuro \u00e0 Imperia du 2 au 6 septembre<\/title>\n<meta name=\"description\" content=\"Les navires Palinuro et Stella Polare \u00e0 Imperia : la Marine italienne au rendez-vous des Voiles d\u2019\u00c9poque 2026\" \/>\n<meta name=\"robots\" content=\"index, follow, max-snippet:-1, max-image-preview:large, max-video-preview:-1\" \/>\n<link rel=\"canonical\" href=\"https:\/\/montecarloliving.com\/fr\/actualite\/navire-palinuro-imperia-du-2-au-6-septembre-horaires-et-visites-ouvertes-au-public-34112\/\" \/>\n<meta property=\"og:locale\" content=\"fr_FR\" \/>\n<meta property=\"og:title\" content=\"Le navire Palinuro \u00e0 Imperia du 2 au 6 septembre\" \/>\n<meta property=\"og:description\" content=\"Les navires Palinuro et Stella Polare \u00e0 Imperia : la Marine italienne au rendez-vous des Voiles d\u2019\u00c9poque 2026\" \/>\n<meta property=\"og:url\" content=\"https:\/\/montecarloliving.com\/fr\/actualite\/navire-palinuro-imperia-du-2-au-6-septembre-horaires-et-visites-ouvertes-au-public-34112\/\" \/>\n<meta property=\"og:site_name\" content=\"Montecarlo Living\" \/>\n<meta property=\"article:publisher\" content=\"https:\/\/www.facebook.com\/montecarlolivingcom\/\" \/>\n<meta property=\"article:published_time\" content=\"2026-09-01T10:11:38+00:00\" \/>\n<meta property=\"article:modified_time\" content=\"2026-09-01T10:17:47+00:00\" \/>\n<meta property=\"og:image\" content=\"https:\/\/montecarloliving.com\/wp-content\/uploads\/2026\/09\/R-2026-09-01T114942.814-650x400.jpg\" \/>\n\t<meta property=\"og:image:width\" content=\"650\" \/>\n\t<meta property=\"og:image:height\" content=\"400\" \/>\n\t<meta property=\"og:image:type\" content=\"image\/jpeg\" \/>\n<meta name=\"author\" content=\"Redazione\" \/>\n<meta name=\"twitter:card\" content=\"summary_large_image\" \/>\n<meta name=\"twitter:creator\" content=\"@MonteCarloLivi\" \/>\n<meta name=\"twitter:site\" content=\"@MonteCarloLivi\" \/>\n<meta name=\"twitter:label1\" content=\"\u00c9crit par\" \/>\n\t<meta name=\"twitter:data1\" content=\"Redazione\" \/>\n\t<meta name=\"twitter:label2\" content=\"Dur\u00e9e de lecture estim\u00e9e\" \/>\n\t<meta name=\"twitter:data2\" content=\"4 minutes\" \/>\n<script type=\"application\/ld+json\" class=\"yoast-schema-graph\">{\"@context\":\"https:\\\/\\\/schema.org\",\"@graph\":[{\"@type\":\"Article\",\"@id\":\"https:\\\/\\\/montecarloliving.com\\\/fr\\\/actualite\\\/navire-palinuro-imperia-du-2-au-6-septembre-horaires-et-visites-ouvertes-au-public-34112\\\/#article\",\"isPartOf\":{\"@id\":\"https:\\\/\\\/montecarloliving.com\\\/fr\\\/actualite\\\/navire-palinuro-imperia-du-2-au-6-septembre-horaires-et-visites-ouvertes-au-public-34112\\\/\"},\"author\":{\"name\":\"Redazione\",\"@id\":\"https:\\\/\\\/montecarloliving.com\\\/fr\\\/#\\\/schema\\\/person\\\/7e5945d4560862b7f2d2c6831bda2819\"},\"headline\":\"Les navires Palinuro et Stella Polare \u00e0 Imperia: la Marine italienne au rendez-vous des Voiles d\u2019\u00c9poque 2026\",\"datePublished\":\"2026-09-01T10:11:38+00:00\",\"dateModified\":\"2026-09-01T10:17:47+00:00\",\"mainEntityOfPage\":{\"@id\":\"https:\\\/\\\/montecarloliving.com\\\/fr\\\/actualite\\\/navire-palinuro-imperia-du-2-au-6-septembre-horaires-et-visites-ouvertes-au-public-34112\\\/\"},\"wordCount\":1074,\"image\":{\"@id\":\"https:\\\/\\\/montecarloliving.com\\\/fr\\\/actualite\\\/navire-palinuro-imperia-du-2-au-6-septembre-horaires-et-visites-ouvertes-au-public-34112\\\/#primaryimage\"},\"thumbnailUrl\":\"https:\\\/\\\/montecarloliving.com\\\/wp-content\\\/uploads\\\/2026\\\/09\\\/R-2026-09-01T114942.814.jpg\",\"articleSection\":[\"Actualit\u00e9\",\"\u00c9v\u00e9nements\",\"Italie et Monaco\"],\"inLanguage\":\"fr-FR\"},{\"@type\":\"WebPage\",\"@id\":\"https:\\\/\\\/montecarloliving.com\\\/fr\\\/actualite\\\/navire-palinuro-imperia-du-2-au-6-septembre-horaires-et-visites-ouvertes-au-public-34112\\\/\",\"url\":\"https:\\\/\\\/montecarloliving.com\\\/fr\\\/actualite\\\/navire-palinuro-imperia-du-2-au-6-septembre-horaires-et-visites-ouvertes-au-public-34112\\\/\",\"name\":\"Le navire Palinuro \u00e0 Imperia du 2 au 6 septembre\",\"isPartOf\":{\"@id\":\"https:\\\/\\\/montecarloliving.com\\\/fr\\\/#website\"},\"primaryImageOfPage\":{\"@id\":\"https:\\\/\\\/montecarloliving.com\\\/fr\\\/actualite\\\/navire-palinuro-imperia-du-2-au-6-septembre-horaires-et-visites-ouvertes-au-public-34112\\\/#primaryimage\"},\"image\":{\"@id\":\"https:\\\/\\\/montecarloliving.com\\\/fr\\\/actualite\\\/navire-palinuro-imperia-du-2-au-6-septembre-horaires-et-visites-ouvertes-au-public-34112\\\/#primaryimage\"},\"thumbnailUrl\":\"https:\\\/\\\/montecarloliving.com\\\/wp-content\\\/uploads\\\/2026\\\/09\\\/R-2026-09-01T114942.814.jpg\",\"datePublished\":\"2026-09-01T10:11:38+00:00\",\"dateModified\":\"2026-09-01T10:17:47+00:00\",\"author\":{\"@id\":\"https:\\\/\\\/montecarloliving.com\\\/fr\\\/#\\\/schema\\\/person\\\/7e5945d4560862b7f2d2c6831bda2819\"},\"description\":\"Les navires Palinuro et Stella Polare \u00e0 Imperia : la Marine italienne au rendez-vous des Voiles d\u2019\u00c9poque 2026\",\"breadcrumb\":{\"@id\":\"https:\\\/\\\/montecarloliving.com\\\/fr\\\/actualite\\\/navire-palinuro-imperia-du-2-au-6-septembre-horaires-et-visites-ouvertes-au-public-34112\\\/#breadcrumb\"},\"inLanguage\":\"fr-FR\",\"potentialAction\":[{\"@type\":\"ReadAction\",\"target\":[\"https:\\\/\\\/montecarloliving.com\\\/fr\\\/actualite\\\/navire-palinuro-imperia-du-2-au-6-septembre-horaires-et-visites-ouvertes-au-public-34112\\\/\"]}]},{\"@type\":\"ImageObject\",\"inLanguage\":\"fr-FR\",\"@id\":\"https:\\\/\\\/montecarloliving.com\\\/fr\\\/actualite\\\/navire-palinuro-imperia-du-2-au-6-septembre-horaires-et-visites-ouvertes-au-public-34112\\\/#primaryimage\",\"url\":\"https:\\\/\\\/montecarloliving.com\\\/wp-content\\\/uploads\\\/2026\\\/09\\\/R-2026-09-01T114942.814.jpg\",\"contentUrl\":\"https:\\\/\\\/montecarloliving.com\\\/wp-content\\\/uploads\\\/2026\\\/09\\\/R-2026-09-01T114942.814.jpg\",\"width\":1920,\"height\":1080,\"caption\":\"default\"},{\"@type\":\"BreadcrumbList\",\"@id\":\"https:\\\/\\\/montecarloliving.com\\\/fr\\\/actualite\\\/navire-palinuro-imperia-du-2-au-6-septembre-horaires-et-visites-ouvertes-au-public-34112\\\/#breadcrumb\",\"itemListElement\":[{\"@type\":\"ListItem\",\"position\":1,\"name\":\"Home\",\"item\":\"https:\\\/\\\/montecarloliving.com\\\/fr\\\/\"},{\"@type\":\"ListItem\",\"position\":2,\"name\":\"Les navires Palinuro et Stella Polare \u00e0 Imperia: la Marine italienne au rendez-vous des Voiles d\u2019\u00c9poque 2026\"}]},{\"@type\":\"WebSite\",\"@id\":\"https:\\\/\\\/montecarloliving.com\\\/fr\\\/#website\",\"url\":\"https:\\\/\\\/montecarloliving.com\\\/fr\\\/\",\"name\":\"Montecarlo Living\",\"description\":\"News da Montecarlo - Principato di Monaco e Costa Azzurra\",\"potentialAction\":[{\"@type\":\"SearchAction\",\"target\":{\"@type\":\"EntryPoint\",\"urlTemplate\":\"https:\\\/\\\/montecarloliving.com\\\/fr\\\/?s={search_term_string}\"},\"query-input\":{\"@type\":\"PropertyValueSpecification\",\"valueRequired\":true,\"valueName\":\"search_term_string\"}}],\"inLanguage\":\"fr-FR\"},{\"@type\":\"Person\",\"@id\":\"https:\\\/\\\/montecarloliving.com\\\/fr\\\/#\\\/schema\\\/person\\\/7e5945d4560862b7f2d2c6831bda2819\",\"name\":\"Redazione\",\"image\":{\"@type\":\"ImageObject\",\"inLanguage\":\"fr-FR\",\"@id\":\"https:\\\/\\\/secure.gravatar.com\\\/avatar\\\/8b5f26557e18fe74ad8e8a57ebb2925d88af8a90cee489ff2beefb391bc9b9c7?s=96&d=mm&r=g\",\"url\":\"https:\\\/\\\/secure.gravatar.com\\\/avatar\\\/8b5f26557e18fe74ad8e8a57ebb2925d88af8a90cee489ff2beefb391bc9b9c7?s=96&d=mm&r=g\",\"contentUrl\":\"https:\\\/\\\/secure.gravatar.com\\\/avatar\\\/8b5f26557e18fe74ad8e8a57ebb2925d88af8a90cee489ff2beefb391bc9b9c7?s=96&d=mm&r=g\",\"caption\":\"Redazione\"}}]}<\/script>\n<!-- \/ Yoast SEO plugin. -->","yoast_head_json":{"title":"Le navire Palinuro \u00e0 Imperia du 2 au 6 septembre","description":"Les navires Palinuro et Stella Polare \u00e0 Imperia : la Marine italienne au rendez-vous des Voiles d\u2019\u00c9poque 2026","robots":{"index":"index","follow":"follow","max-snippet":"max-snippet:-1","max-image-preview":"max-image-preview:large","max-video-preview":"max-video-preview:-1"},"canonical":"https:\/\/montecarloliving.com\/fr\/actualite\/navire-palinuro-imperia-du-2-au-6-septembre-horaires-et-visites-ouvertes-au-public-34112\/","og_locale":"fr_FR","og_title":"Le navire Palinuro \u00e0 Imperia du 2 au 6 septembre","og_description":"Les navires Palinuro et Stella Polare \u00e0 Imperia : la Marine italienne au rendez-vous des Voiles d\u2019\u00c9poque 2026","og_url":"https:\/\/montecarloliving.com\/fr\/actualite\/navire-palinuro-imperia-du-2-au-6-septembre-horaires-et-visites-ouvertes-au-public-34112\/","og_site_name":"Montecarlo Living","article_publisher":"https:\/\/www.facebook.com\/montecarlolivingcom\/","article_published_time":"2026-09-01T10:11:38+00:00","article_modified_time":"2026-09-01T10:17:47+00:00","og_image":[{"width":650,"height":400,"url":"https:\/\/montecarloliving.com\/wp-content\/uploads\/2026\/09\/R-2026-09-01T114942.814-650x400.jpg","type":"image\/jpeg"}],"author":"Redazione","twitter_card":"summary_large_image","twitter_creator":"@MonteCarloLivi","twitter_site":"@MonteCarloLivi","twitter_misc":{"\u00c9crit par":"Redazione","Dur\u00e9e de lecture estim\u00e9e":"4 minutes"},"schema":{"@context":"https:\/\/schema.org","@graph":[{"@type":"Article","@id":"https:\/\/montecarloliving.com\/fr\/actualite\/navire-palinuro-imperia-du-2-au-6-septembre-horaires-et-visites-ouvertes-au-public-34112\/#article","isPartOf":{"@id":"https:\/\/montecarloliving.com\/fr\/actualite\/navire-palinuro-imperia-du-2-au-6-septembre-horaires-et-visites-ouvertes-au-public-34112\/"},"author":{"name":"Redazione","@id":"https:\/\/montecarloliving.com\/fr\/#\/schema\/person\/7e5945d4560862b7f2d2c6831bda2819"},"headline":"Les navires Palinuro et Stella Polare \u00e0 Imperia: la Marine italienne au rendez-vous des Voiles d\u2019\u00c9poque 2026","datePublished":"2026-09-01T10:11:38+00:00","dateModified":"2026-09-01T10:17:47+00:00","mainEntityOfPage":{"@id":"https:\/\/montecarloliving.com\/fr\/actualite\/navire-palinuro-imperia-du-2-au-6-septembre-horaires-et-visites-ouvertes-au-public-34112\/"},"wordCount":1074,"image":{"@id":"https:\/\/montecarloliving.com\/fr\/actualite\/navire-palinuro-imperia-du-2-au-6-septembre-horaires-et-visites-ouvertes-au-public-34112\/#primaryimage"},"thumbnailUrl":"https:\/\/montecarloliving.com\/wp-content\/uploads\/2026\/09\/R-2026-09-01T114942.814.jpg","articleSection":["Actualit\u00e9","\u00c9v\u00e9nements","Italie et Monaco"],"inLanguage":"fr-FR"},{"@type":"WebPage","@id":"https:\/\/montecarloliving.com\/fr\/actualite\/navire-palinuro-imperia-du-2-au-6-septembre-horaires-et-visites-ouvertes-au-public-34112\/","url":"https:\/\/montecarloliving.com\/fr\/actualite\/navire-palinuro-imperia-du-2-au-6-septembre-horaires-et-visites-ouvertes-au-public-34112\/","name":"Le navire Palinuro \u00e0 Imperia du 2 au 6 septembre","isPartOf":{"@id":"https:\/\/montecarloliving.com\/fr\/#website"},"primaryImageOfPage":{"@id":"https:\/\/montecarloliving.com\/fr\/actualite\/navire-palinuro-imperia-du-2-au-6-septembre-horaires-et-visites-ouvertes-au-public-34112\/#primaryimage"},"image":{"@id":"https:\/\/montecarloliving.com\/fr\/actualite\/navire-palinuro-imperia-du-2-au-6-septembre-horaires-et-visites-ouvertes-au-public-34112\/#primaryimage"},"thumbnailUrl":"https:\/\/montecarloliving.com\/wp-content\/uploads\/2026\/09\/R-2026-09-01T114942.814.jpg","datePublished":"2026-09-01T10:11:38+00:00","dateModified":"2026-09-01T10:17:47+00:00","author":{"@id":"https:\/\/montecarloliving.com\/fr\/#\/schema\/person\/7e5945d4560862b7f2d2c6831bda2819"},"description":"Les navires Palinuro et Stella Polare \u00e0 Imperia : la Marine italienne au rendez-vous des Voiles d\u2019\u00c9poque 2026","breadcrumb":{"@id":"https:\/\/montecarloliving.com\/fr\/actualite\/navire-palinuro-imperia-du-2-au-6-septembre-horaires-et-visites-ouvertes-au-public-34112\/#breadcrumb"},"inLanguage":"fr-FR","potentialAction":[{"@type":"ReadAction","target":["https:\/\/montecarloliving.com\/fr\/actualite\/navire-palinuro-imperia-du-2-au-6-septembre-horaires-et-visites-ouvertes-au-public-34112\/"]}]},{"@type":"ImageObject","inLanguage":"fr-FR","@id":"https:\/\/montecarloliving.com\/fr\/actualite\/navire-palinuro-imperia-du-2-au-6-septembre-horaires-et-visites-ouvertes-au-public-34112\/#primaryimage","url":"https:\/\/montecarloliving.com\/wp-content\/uploads\/2026\/09\/R-2026-09-01T114942.814.jpg","contentUrl":"https:\/\/montecarloliving.com\/wp-content\/uploads\/2026\/09\/R-2026-09-01T114942.814.jpg","width":1920,"height":1080,"caption":"default"},{"@type":"BreadcrumbList","@id":"https:\/\/montecarloliving.com\/fr\/actualite\/navire-palinuro-imperia-du-2-au-6-septembre-horaires-et-visites-ouvertes-au-public-34112\/#breadcrumb","itemListElement":[{"@type":"ListItem","position":1,"name":"Home","item":"https:\/\/montecarloliving.com\/fr\/"},{"@type":"ListItem","position":2,"name":"Les navires Palinuro et Stella Polare \u00e0 Imperia: la Marine italienne au rendez-vous des Voiles d\u2019\u00c9poque 2026"}]},{"@type":"WebSite","@id":"https:\/\/montecarloliving.com\/fr\/#website","url":"https:\/\/montecarloliving.com\/fr\/","name":"Montecarlo Living","description":"News da Montecarlo - Principato di Monaco e Costa Azzurra","potentialAction":[{"@type":"SearchAction","target":{"@type":"EntryPoint","urlTemplate":"https:\/\/montecarloliving.com\/fr\/?s={search_term_string}"},"query-input":{"@type":"PropertyValueSpecification","valueRequired":true,"valueName":"search_term_string"}}],"inLanguage":"fr-FR"},{"@type":"Person","@id":"https:\/\/montecarloliving.com\/fr\/#\/schema\/person\/7e5945d4560862b7f2d2c6831bda2819","name":"Redazione","image":{"@type":"ImageObject","inLanguage":"fr-FR","@id":"https:\/\/secure.gravatar.com\/avatar\/8b5f26557e18fe74ad8e8a57ebb2925d88af8a90cee489ff2beefb391bc9b9c7?s=96&d=mm&r=g","url":"https:\/\/secure.gravatar.com\/avatar\/8b5f26557e18fe74ad8e8a57ebb2925d88af8a90cee489ff2beefb391bc9b9c7?s=96&d=mm&r=g","contentUrl":"https:\/\/secure.gravatar.com\/avatar\/8b5f26557e18fe74ad8e8a57ebb2925d88af8a90cee489ff2beefb391bc9b9c7?s=96&d=mm&r=g","caption":"Redazione"}}]}},"_links":{"self":[{"href":"https:\/\/montecarloliving.com\/fr\/wp-json\/wp\/v2\/posts\/34112","targetHints":{"allow":["GET"]}}],"collection":[{"href":"https:\/\/montecarloliving.com\/fr\/wp-json\/wp\/v2\/posts"}],"about":[{"href":"https:\/\/montecarloliving.com\/fr\/wp-json\/wp\/v2\/types\/post"}],"author":[{"embeddable":true,"href":"https:\/\/montecarloliving.com\/fr\/wp-json\/wp\/v2\/users\/1"}],"replies":[{"embeddable":true,"href":"https:\/\/montecarloliving.com\/fr\/wp-json\/wp\/v2\/comments?post=34112"}],"version-history":[{"count":2,"href":"https:\/\/montecarloliving.com\/fr\/wp-json\/wp\/v2\/posts\/34112\/revisions"}],"predecessor-version":[{"id":34116,"href":"https:\/\/montecarloliving.com\/fr\/wp-json\/wp\/v2\/posts\/34112\/revisions\/34116"}],"wp:featuredmedia":[{"embeddable":true,"href":"https:\/\/montecarloliving.com\/fr\/wp-json\/wp\/v2\/media\/34108"}],"wp:attachment":[{"href":"https:\/\/montecarloliving.com\/fr\/wp-json\/wp\/v2\/media?parent=34112"}],"wp:term":[{"taxonomy":"category","embeddable":true,"href":"https:\/\/montecarloliving.com\/fr\/wp-json\/wp\/v2\/categories?post=34112"},{"taxonomy":"post_tag","embeddable":true,"href":"https:\/\/montecarloliving.com\/fr\/wp-json\/wp\/v2\/tags?post=34112"}],"curies":[{"name":"wp","href":"https:\/\/api.w.org\/{rel}","templated":true}]}}