{"id":34102,"date":"2026-09-01T11:11:36","date_gmt":"2026-09-01T09:11:36","guid":{"rendered":"https:\/\/montecarloliving.com\/?p=34102"},"modified":"2026-09-01T10:45:31","modified_gmt":"2026-09-01T08:45:31","slug":"cannes-prolonge-lete-au-suquet-quatre-soirees-entre-musique-aperitifs-et-gastronomie-en-septembre","status":"publish","type":"post","link":"https:\/\/montecarloliving.com\/fr\/actualite\/cannes-prolonge-lete-au-suquet-quatre-soirees-entre-musique-aperitifs-et-gastronomie-en-septembre-34102\/","title":{"rendered":"Cannes prolonge l\u2019\u00e9t\u00e9 au Suquet: quatre soir\u00e9es entre musique, ap\u00e9ritifs et gastronomie en septembre"},"content":{"rendered":"<p class=\"isSelectedEnd\">L\u2019\u00e9t\u00e9 se prolonge \u00e0 Cannes tout au long du mois de septembre, et plus particuli\u00e8rement au c\u0153ur du Suquet, le quartier le plus ancien et le plus pittoresque de la ville. Apr\u00e8s le succ\u00e8s des rendez-vous estivaux, qui ont attir\u00e9 plus de 1 800 visiteurs par soir\u00e9e, <strong>Les Jeudis du Suquet<\/strong> reviennent avec quatre nouveaux \u00e9v\u00e9nements plac\u00e9s sous le signe de la musique, de la gastronomie et de la convivialit\u00e9.<\/p>\n<p class=\"isSelectedEnd\">Les rendez-vous sont programm\u00e9s les <strong>3, 10, 17 et 24 septembre<\/strong>, de <strong>18h \u00e0 22h<\/strong>. \u00c0 cette occasion, la rue du Pr\u00e9 et les rues du quartier historique de Cannes se transformeront \u00e0 nouveau en un vaste lieu de rencontre \u00e0 ciel ouvert.<\/p>\n<h2>Quatre jeudis pour d\u00e9couvrir le c\u0153ur historique de Cannes<\/h2>\n<p class=\"isSelectedEnd\">Cette initiative est n\u00e9e de la collaboration entre les restaurateurs et les commer\u00e7ants du quartier, avec pour objectif de pr\u00e9server l\u2019animation et l\u2019atmosph\u00e8re du Suquet alors que la haute saison touristique commence progressivement \u00e0 ralentir.<\/p>\n<p class=\"isSelectedEnd\">Le projet met en valeur l\u2019un des lieux les plus embl\u00e9matiques de Cannes, un quartier charg\u00e9 d\u2019histoire qui domine le Vieux Port et conserve un lien profond avec les origines de la ville. Avec ses ruelles escarp\u00e9es, ses fa\u00e7ades color\u00e9es et ses panoramas remarquables, le Suquet reste l\u2019un des endroits les plus authentiques \u00e0 d\u00e9couvrir pour les visiteurs de la C\u00f4te d\u2019Azur.<\/p>\n<h2>Musique, DJ sets et ap\u00e9ritifs : le programme des Jeudis du Suquet<\/h2>\n<p class=\"isSelectedEnd\">La formule qui a rencontr\u00e9 un grand succ\u00e8s durant l\u2019\u00e9t\u00e9 sera reconduite en septembre. Les soir\u00e9es seront rythm\u00e9es par de la <strong>musique, des DJ sets et des ap\u00e9ritifs<\/strong>, tandis que les restaurants et \u00e9tablissements du quartier proposeront des plateaux ap\u00e9ritifs sp\u00e9cialement imagin\u00e9s pour permettre au public de profiter des saveurs locales dans une ambiance conviviale et festive.<\/p>\n<p class=\"isSelectedEnd\">La direction artistique du programme est confi\u00e9e \u00e0 <strong>Mozart<\/strong>, d\u00e9j\u00e0 \u00e0 l\u2019origine du Bal des Fous, qui a imagin\u00e9 une programmation musicale volontairement vari\u00e9e et \u00e9clectique.<\/p>\n<p class=\"isSelectedEnd\">Le programme pr\u00e9voit :<\/p>\n<ul data-spread=\"false\">\n<li><strong>3 septembre :<\/strong> DJ Mozart et DJ Vellini ;<\/li>\n<li><strong>10 septembre :<\/strong> DJ Mozart, DJ Vellini et Highwood ;<\/li>\n<li><strong>17 septembre :<\/strong> Marc &amp; Chester ;<\/li>\n<li><strong>24 septembre :<\/strong> retour du duo Mozart et Vellini.<\/li>\n<\/ul>\n<p class=\"isSelectedEnd\">Les organisateurs ont \u00e9galement annonc\u00e9 la participation d\u2019autres artistes, dont les noms seront d\u00e9voil\u00e9s prochainement.<\/p>\n<h2>Le Suquet, le quartier le plus authentique de Cannes<\/h2>\n<p class=\"isSelectedEnd\">Ce qui rend l\u2019exp\u00e9rience des Jeudis du Suquet particuli\u00e8rement unique, c\u2019est \u00e9galement son cadre. Le quartier historique conserve l\u2019\u00e2me la plus ancienne de Cannes et se distingue par ses ruelles \u00e9troites, ses rues en pente et ses maisons aux couleurs m\u00e9diterran\u00e9ennes.<\/p>\n<p class=\"isSelectedEnd\">\u00c0 proximit\u00e9, la place de la Castre offre l\u2019un des panoramas les plus spectaculaires de la ville. Depuis cet espace domin\u00e9 par l\u2019\u00e9glise Notre-Dame-d\u2019Esp\u00e9rance et sa tour m\u00e9di\u00e9vale, les visiteurs peuvent admirer Cannes, la Croisette et les \u00eeles de L\u00e9rins.<\/p>\n<h2>Circulation et transports : les changements pr\u00e9vus pendant les soir\u00e9es<\/h2>\n<p class=\"isSelectedEnd\">Des modifications temporaires du r\u00e9seau de transports publics seront mises en place pendant les soir\u00e9es \u00e9v\u00e9nementielles. Afin de garantir une meilleure s\u00e9curit\u00e9 aux pi\u00e9tons, les arr\u00eats Palm Bus situ\u00e9s rue du Pr\u00e9 et rue des Suisses ne seront pas desservis pendant le d\u00e9roulement des \u00e9v\u00e9nements.<\/p>\n<p>Avec ces quatre rendez-vous de septembre, <strong>Les Jeudis du Suquet<\/strong> confirment leur place parmi les \u00e9v\u00e9nements les plus attractifs de la fin de l\u2019\u00e9t\u00e9 \u00e0 Cannes. Une occasion pour les habitants comme pour les visiteurs de d\u00e9couvrir le quartier historique sous un autre visage, entre musique, saveurs et convivialit\u00e9, tout en prolongeant l\u2019esprit de l\u2019\u00e9t\u00e9 au c\u0153ur du plus ancien quartier de la ville.<\/p>\n","protected":false},"excerpt":{"rendered":"<p>L\u2019\u00e9t\u00e9 se prolonge \u00e0 Cannes tout au long du mois de septembre, et plus particuli\u00e8rement au c\u0153ur du Suquet, le quartier le plus ancien et le plus pittoresque de la ville. Apr\u00e8s le succ\u00e8s des rendez-vous estivaux, qui ont attir\u00e9 plus de 1 800 [&hellip;]<\/p>\n","protected":false},"author":1,"featured_media":34098,"comment_status":"closed","ping_status":"closed","sticky":false,"template":"","format":"standard","meta":{"footnotes":""},"categories":[827,870,828],"tags":[],"class_list":["post-34102","post","type-post","status-publish","format-standard","has-post-thumbnail","hentry","category-actualite","category-cannes-fr","category-evenements"],"yoast_head":"<!-- This site is optimized with the Yoast SEO plugin v28.3 - https:\/\/yoast.com\/product\/yoast-seo-wordpress\/ -->\n<title>Cannes prolonge l\u2019\u00e9t\u00e9 au Suquet<\/title>\n<meta name=\"description\" content=\"Cannes prolonge l\u2019\u00e9t\u00e9 au Suquet : quatre soir\u00e9es entre musique, ap\u00e9ritifs et gastronomie en septembre. Les Jeudis du Suquet reviennent\" \/>\n<meta name=\"robots\" content=\"index, follow, max-snippet:-1, max-image-preview:large, max-video-preview:-1\" \/>\n<link rel=\"canonical\" href=\"https:\/\/montecarloliving.com\/fr\/actualite\/cannes-prolonge-lete-au-suquet-quatre-soirees-entre-musique-aperitifs-et-gastronomie-en-septembre-34102\/\" \/>\n<meta property=\"og:locale\" content=\"fr_FR\" \/>\n<meta property=\"og:title\" content=\"Cannes prolonge l\u2019\u00e9t\u00e9 au Suquet\" \/>\n<meta property=\"og:description\" content=\"Cannes prolonge l\u2019\u00e9t\u00e9 au Suquet : quatre soir\u00e9es entre musique, ap\u00e9ritifs et gastronomie en septembre. Les Jeudis du Suquet reviennent\" \/>\n<meta property=\"og:url\" content=\"https:\/\/montecarloliving.com\/fr\/actualite\/cannes-prolonge-lete-au-suquet-quatre-soirees-entre-musique-aperitifs-et-gastronomie-en-septembre-34102\/\" \/>\n<meta property=\"og:site_name\" content=\"Montecarlo Living\" \/>\n<meta property=\"article:publisher\" content=\"https:\/\/www.facebook.com\/montecarlolivingcom\/\" \/>\n<meta property=\"article:published_time\" content=\"2026-09-01T09:11:36+00:00\" \/>\n<meta property=\"og:image\" content=\"https:\/\/montecarloliving.com\/wp-content\/uploads\/2026\/09\/7678705-11873882-1-650x400.jpg\" \/>\n\t<meta property=\"og:image:width\" content=\"650\" \/>\n\t<meta property=\"og:image:height\" content=\"400\" \/>\n\t<meta property=\"og:image:type\" content=\"image\/jpeg\" \/>\n<meta name=\"author\" content=\"Redazione\" \/>\n<meta name=\"twitter:card\" content=\"summary_large_image\" \/>\n<meta name=\"twitter:creator\" content=\"@MonteCarloLivi\" \/>\n<meta name=\"twitter:site\" content=\"@MonteCarloLivi\" \/>\n<meta name=\"twitter:label1\" content=\"\u00c9crit par\" \/>\n\t<meta name=\"twitter:data1\" content=\"Redazione\" \/>\n\t<meta name=\"twitter:label2\" content=\"Dur\u00e9e de lecture estim\u00e9e\" \/>\n\t<meta name=\"twitter:data2\" content=\"4 minutes\" \/>\n<script type=\"application\/ld+json\" class=\"yoast-schema-graph\">{\"@context\":\"https:\\\/\\\/schema.org\",\"@graph\":[{\"@type\":\"Article\",\"@id\":\"https:\\\/\\\/montecarloliving.com\\\/fr\\\/actualite\\\/cannes-prolonge-lete-au-suquet-quatre-soirees-entre-musique-aperitifs-et-gastronomie-en-septembre-34102\\\/#article\",\"isPartOf\":{\"@id\":\"https:\\\/\\\/montecarloliving.com\\\/fr\\\/actualite\\\/cannes-prolonge-lete-au-suquet-quatre-soirees-entre-musique-aperitifs-et-gastronomie-en-septembre-34102\\\/\"},\"author\":{\"name\":\"Redazione\",\"@id\":\"https:\\\/\\\/montecarloliving.com\\\/fr\\\/#\\\/schema\\\/person\\\/7e5945d4560862b7f2d2c6831bda2819\"},\"headline\":\"Cannes prolonge l\u2019\u00e9t\u00e9 au Suquet: quatre soir\u00e9es entre musique, ap\u00e9ritifs et gastronomie en septembre\",\"datePublished\":\"2026-09-01T09:11:36+00:00\",\"mainEntityOfPage\":{\"@id\":\"https:\\\/\\\/montecarloliving.com\\\/fr\\\/actualite\\\/cannes-prolonge-lete-au-suquet-quatre-soirees-entre-musique-aperitifs-et-gastronomie-en-septembre-34102\\\/\"},\"wordCount\":638,\"image\":{\"@id\":\"https:\\\/\\\/montecarloliving.com\\\/fr\\\/actualite\\\/cannes-prolonge-lete-au-suquet-quatre-soirees-entre-musique-aperitifs-et-gastronomie-en-septembre-34102\\\/#primaryimage\"},\"thumbnailUrl\":\"https:\\\/\\\/montecarloliving.com\\\/wp-content\\\/uploads\\\/2026\\\/09\\\/7678705-11873882-1.jpg\",\"articleSection\":[\"Actualit\u00e9\",\"Cannes\",\"\u00c9v\u00e9nements\"],\"inLanguage\":\"fr-FR\"},{\"@type\":\"WebPage\",\"@id\":\"https:\\\/\\\/montecarloliving.com\\\/fr\\\/actualite\\\/cannes-prolonge-lete-au-suquet-quatre-soirees-entre-musique-aperitifs-et-gastronomie-en-septembre-34102\\\/\",\"url\":\"https:\\\/\\\/montecarloliving.com\\\/fr\\\/actualite\\\/cannes-prolonge-lete-au-suquet-quatre-soirees-entre-musique-aperitifs-et-gastronomie-en-septembre-34102\\\/\",\"name\":\"Cannes prolonge l\u2019\u00e9t\u00e9 au Suquet\",\"isPartOf\":{\"@id\":\"https:\\\/\\\/montecarloliving.com\\\/fr\\\/#website\"},\"primaryImageOfPage\":{\"@id\":\"https:\\\/\\\/montecarloliving.com\\\/fr\\\/actualite\\\/cannes-prolonge-lete-au-suquet-quatre-soirees-entre-musique-aperitifs-et-gastronomie-en-septembre-34102\\\/#primaryimage\"},\"image\":{\"@id\":\"https:\\\/\\\/montecarloliving.com\\\/fr\\\/actualite\\\/cannes-prolonge-lete-au-suquet-quatre-soirees-entre-musique-aperitifs-et-gastronomie-en-septembre-34102\\\/#primaryimage\"},\"thumbnailUrl\":\"https:\\\/\\\/montecarloliving.com\\\/wp-content\\\/uploads\\\/2026\\\/09\\\/7678705-11873882-1.jpg\",\"datePublished\":\"2026-09-01T09:11:36+00:00\",\"author\":{\"@id\":\"https:\\\/\\\/montecarloliving.com\\\/fr\\\/#\\\/schema\\\/person\\\/7e5945d4560862b7f2d2c6831bda2819\"},\"description\":\"Cannes prolonge l\u2019\u00e9t\u00e9 au Suquet : quatre soir\u00e9es entre musique, ap\u00e9ritifs et gastronomie en septembre. Les Jeudis du Suquet reviennent\",\"breadcrumb\":{\"@id\":\"https:\\\/\\\/montecarloliving.com\\\/fr\\\/actualite\\\/cannes-prolonge-lete-au-suquet-quatre-soirees-entre-musique-aperitifs-et-gastronomie-en-septembre-34102\\\/#breadcrumb\"},\"inLanguage\":\"fr-FR\",\"potentialAction\":[{\"@type\":\"ReadAction\",\"target\":[\"https:\\\/\\\/montecarloliving.com\\\/fr\\\/actualite\\\/cannes-prolonge-lete-au-suquet-quatre-soirees-entre-musique-aperitifs-et-gastronomie-en-septembre-34102\\\/\"]}]},{\"@type\":\"ImageObject\",\"inLanguage\":\"fr-FR\",\"@id\":\"https:\\\/\\\/montecarloliving.com\\\/fr\\\/actualite\\\/cannes-prolonge-lete-au-suquet-quatre-soirees-entre-musique-aperitifs-et-gastronomie-en-septembre-34102\\\/#primaryimage\",\"url\":\"https:\\\/\\\/montecarloliving.com\\\/wp-content\\\/uploads\\\/2026\\\/09\\\/7678705-11873882-1.jpg\",\"contentUrl\":\"https:\\\/\\\/montecarloliving.com\\\/wp-content\\\/uploads\\\/2026\\\/09\\\/7678705-11873882-1.jpg\",\"width\":2400,\"height\":1272},{\"@type\":\"BreadcrumbList\",\"@id\":\"https:\\\/\\\/montecarloliving.com\\\/fr\\\/actualite\\\/cannes-prolonge-lete-au-suquet-quatre-soirees-entre-musique-aperitifs-et-gastronomie-en-septembre-34102\\\/#breadcrumb\",\"itemListElement\":[{\"@type\":\"ListItem\",\"position\":1,\"name\":\"Home\",\"item\":\"https:\\\/\\\/montecarloliving.com\\\/fr\\\/\"},{\"@type\":\"ListItem\",\"position\":2,\"name\":\"Cannes prolonge l\u2019\u00e9t\u00e9 au Suquet: quatre soir\u00e9es entre musique, ap\u00e9ritifs et gastronomie en septembre\"}]},{\"@type\":\"WebSite\",\"@id\":\"https:\\\/\\\/montecarloliving.com\\\/fr\\\/#website\",\"url\":\"https:\\\/\\\/montecarloliving.com\\\/fr\\\/\",\"name\":\"Montecarlo Living\",\"description\":\"News da Montecarlo - Principato di Monaco e Costa Azzurra\",\"potentialAction\":[{\"@type\":\"SearchAction\",\"target\":{\"@type\":\"EntryPoint\",\"urlTemplate\":\"https:\\\/\\\/montecarloliving.com\\\/fr\\\/?s={search_term_string}\"},\"query-input\":{\"@type\":\"PropertyValueSpecification\",\"valueRequired\":true,\"valueName\":\"search_term_string\"}}],\"inLanguage\":\"fr-FR\"},{\"@type\":\"Person\",\"@id\":\"https:\\\/\\\/montecarloliving.com\\\/fr\\\/#\\\/schema\\\/person\\\/7e5945d4560862b7f2d2c6831bda2819\",\"name\":\"Redazione\",\"image\":{\"@type\":\"ImageObject\",\"inLanguage\":\"fr-FR\",\"@id\":\"https:\\\/\\\/secure.gravatar.com\\\/avatar\\\/8b5f26557e18fe74ad8e8a57ebb2925d88af8a90cee489ff2beefb391bc9b9c7?s=96&d=mm&r=g\",\"url\":\"https:\\\/\\\/secure.gravatar.com\\\/avatar\\\/8b5f26557e18fe74ad8e8a57ebb2925d88af8a90cee489ff2beefb391bc9b9c7?s=96&d=mm&r=g\",\"contentUrl\":\"https:\\\/\\\/secure.gravatar.com\\\/avatar\\\/8b5f26557e18fe74ad8e8a57ebb2925d88af8a90cee489ff2beefb391bc9b9c7?s=96&d=mm&r=g\",\"caption\":\"Redazione\"}}]}<\/script>\n<!-- \/ Yoast SEO plugin. -->","yoast_head_json":{"title":"Cannes prolonge l\u2019\u00e9t\u00e9 au Suquet","description":"Cannes prolonge l\u2019\u00e9t\u00e9 au Suquet : quatre soir\u00e9es entre musique, ap\u00e9ritifs et gastronomie en septembre. Les Jeudis du Suquet reviennent","robots":{"index":"index","follow":"follow","max-snippet":"max-snippet:-1","max-image-preview":"max-image-preview:large","max-video-preview":"max-video-preview:-1"},"canonical":"https:\/\/montecarloliving.com\/fr\/actualite\/cannes-prolonge-lete-au-suquet-quatre-soirees-entre-musique-aperitifs-et-gastronomie-en-septembre-34102\/","og_locale":"fr_FR","og_title":"Cannes prolonge l\u2019\u00e9t\u00e9 au Suquet","og_description":"Cannes prolonge l\u2019\u00e9t\u00e9 au Suquet : quatre soir\u00e9es entre musique, ap\u00e9ritifs et gastronomie en septembre. Les Jeudis du Suquet reviennent","og_url":"https:\/\/montecarloliving.com\/fr\/actualite\/cannes-prolonge-lete-au-suquet-quatre-soirees-entre-musique-aperitifs-et-gastronomie-en-septembre-34102\/","og_site_name":"Montecarlo Living","article_publisher":"https:\/\/www.facebook.com\/montecarlolivingcom\/","article_published_time":"2026-09-01T09:11:36+00:00","og_image":[{"width":650,"height":400,"url":"https:\/\/montecarloliving.com\/wp-content\/uploads\/2026\/09\/7678705-11873882-1-650x400.jpg","type":"image\/jpeg"}],"author":"Redazione","twitter_card":"summary_large_image","twitter_creator":"@MonteCarloLivi","twitter_site":"@MonteCarloLivi","twitter_misc":{"\u00c9crit par":"Redazione","Dur\u00e9e de lecture estim\u00e9e":"4 minutes"},"schema":{"@context":"https:\/\/schema.org","@graph":[{"@type":"Article","@id":"https:\/\/montecarloliving.com\/fr\/actualite\/cannes-prolonge-lete-au-suquet-quatre-soirees-entre-musique-aperitifs-et-gastronomie-en-septembre-34102\/#article","isPartOf":{"@id":"https:\/\/montecarloliving.com\/fr\/actualite\/cannes-prolonge-lete-au-suquet-quatre-soirees-entre-musique-aperitifs-et-gastronomie-en-septembre-34102\/"},"author":{"name":"Redazione","@id":"https:\/\/montecarloliving.com\/fr\/#\/schema\/person\/7e5945d4560862b7f2d2c6831bda2819"},"headline":"Cannes prolonge l\u2019\u00e9t\u00e9 au Suquet: quatre soir\u00e9es entre musique, ap\u00e9ritifs et gastronomie en septembre","datePublished":"2026-09-01T09:11:36+00:00","mainEntityOfPage":{"@id":"https:\/\/montecarloliving.com\/fr\/actualite\/cannes-prolonge-lete-au-suquet-quatre-soirees-entre-musique-aperitifs-et-gastronomie-en-septembre-34102\/"},"wordCount":638,"image":{"@id":"https:\/\/montecarloliving.com\/fr\/actualite\/cannes-prolonge-lete-au-suquet-quatre-soirees-entre-musique-aperitifs-et-gastronomie-en-septembre-34102\/#primaryimage"},"thumbnailUrl":"https:\/\/montecarloliving.com\/wp-content\/uploads\/2026\/09\/7678705-11873882-1.jpg","articleSection":["Actualit\u00e9","Cannes","\u00c9v\u00e9nements"],"inLanguage":"fr-FR"},{"@type":"WebPage","@id":"https:\/\/montecarloliving.com\/fr\/actualite\/cannes-prolonge-lete-au-suquet-quatre-soirees-entre-musique-aperitifs-et-gastronomie-en-septembre-34102\/","url":"https:\/\/montecarloliving.com\/fr\/actualite\/cannes-prolonge-lete-au-suquet-quatre-soirees-entre-musique-aperitifs-et-gastronomie-en-septembre-34102\/","name":"Cannes prolonge l\u2019\u00e9t\u00e9 au Suquet","isPartOf":{"@id":"https:\/\/montecarloliving.com\/fr\/#website"},"primaryImageOfPage":{"@id":"https:\/\/montecarloliving.com\/fr\/actualite\/cannes-prolonge-lete-au-suquet-quatre-soirees-entre-musique-aperitifs-et-gastronomie-en-septembre-34102\/#primaryimage"},"image":{"@id":"https:\/\/montecarloliving.com\/fr\/actualite\/cannes-prolonge-lete-au-suquet-quatre-soirees-entre-musique-aperitifs-et-gastronomie-en-septembre-34102\/#primaryimage"},"thumbnailUrl":"https:\/\/montecarloliving.com\/wp-content\/uploads\/2026\/09\/7678705-11873882-1.jpg","datePublished":"2026-09-01T09:11:36+00:00","author":{"@id":"https:\/\/montecarloliving.com\/fr\/#\/schema\/person\/7e5945d4560862b7f2d2c6831bda2819"},"description":"Cannes prolonge l\u2019\u00e9t\u00e9 au Suquet : quatre soir\u00e9es entre musique, ap\u00e9ritifs et gastronomie en septembre. Les Jeudis du Suquet reviennent","breadcrumb":{"@id":"https:\/\/montecarloliving.com\/fr\/actualite\/cannes-prolonge-lete-au-suquet-quatre-soirees-entre-musique-aperitifs-et-gastronomie-en-septembre-34102\/#breadcrumb"},"inLanguage":"fr-FR","potentialAction":[{"@type":"ReadAction","target":["https:\/\/montecarloliving.com\/fr\/actualite\/cannes-prolonge-lete-au-suquet-quatre-soirees-entre-musique-aperitifs-et-gastronomie-en-septembre-34102\/"]}]},{"@type":"ImageObject","inLanguage":"fr-FR","@id":"https:\/\/montecarloliving.com\/fr\/actualite\/cannes-prolonge-lete-au-suquet-quatre-soirees-entre-musique-aperitifs-et-gastronomie-en-septembre-34102\/#primaryimage","url":"https:\/\/montecarloliving.com\/wp-content\/uploads\/2026\/09\/7678705-11873882-1.jpg","contentUrl":"https:\/\/montecarloliving.com\/wp-content\/uploads\/2026\/09\/7678705-11873882-1.jpg","width":2400,"height":1272},{"@type":"BreadcrumbList","@id":"https:\/\/montecarloliving.com\/fr\/actualite\/cannes-prolonge-lete-au-suquet-quatre-soirees-entre-musique-aperitifs-et-gastronomie-en-septembre-34102\/#breadcrumb","itemListElement":[{"@type":"ListItem","position":1,"name":"Home","item":"https:\/\/montecarloliving.com\/fr\/"},{"@type":"ListItem","position":2,"name":"Cannes prolonge l\u2019\u00e9t\u00e9 au Suquet: quatre soir\u00e9es entre musique, ap\u00e9ritifs et gastronomie en septembre"}]},{"@type":"WebSite","@id":"https:\/\/montecarloliving.com\/fr\/#website","url":"https:\/\/montecarloliving.com\/fr\/","name":"Montecarlo Living","description":"News da Montecarlo - Principato di Monaco e Costa Azzurra","potentialAction":[{"@type":"SearchAction","target":{"@type":"EntryPoint","urlTemplate":"https:\/\/montecarloliving.com\/fr\/?s={search_term_string}"},"query-input":{"@type":"PropertyValueSpecification","valueRequired":true,"valueName":"search_term_string"}}],"inLanguage":"fr-FR"},{"@type":"Person","@id":"https:\/\/montecarloliving.com\/fr\/#\/schema\/person\/7e5945d4560862b7f2d2c6831bda2819","name":"Redazione","image":{"@type":"ImageObject","inLanguage":"fr-FR","@id":"https:\/\/secure.gravatar.com\/avatar\/8b5f26557e18fe74ad8e8a57ebb2925d88af8a90cee489ff2beefb391bc9b9c7?s=96&d=mm&r=g","url":"https:\/\/secure.gravatar.com\/avatar\/8b5f26557e18fe74ad8e8a57ebb2925d88af8a90cee489ff2beefb391bc9b9c7?s=96&d=mm&r=g","contentUrl":"https:\/\/secure.gravatar.com\/avatar\/8b5f26557e18fe74ad8e8a57ebb2925d88af8a90cee489ff2beefb391bc9b9c7?s=96&d=mm&r=g","caption":"Redazione"}}]}},"_links":{"self":[{"href":"https:\/\/montecarloliving.com\/fr\/wp-json\/wp\/v2\/posts\/34102","targetHints":{"allow":["GET"]}}],"collection":[{"href":"https:\/\/montecarloliving.com\/fr\/wp-json\/wp\/v2\/posts"}],"about":[{"href":"https:\/\/montecarloliving.com\/fr\/wp-json\/wp\/v2\/types\/post"}],"author":[{"embeddable":true,"href":"https:\/\/montecarloliving.com\/fr\/wp-json\/wp\/v2\/users\/1"}],"replies":[{"embeddable":true,"href":"https:\/\/montecarloliving.com\/fr\/wp-json\/wp\/v2\/comments?post=34102"}],"version-history":[{"count":1,"href":"https:\/\/montecarloliving.com\/fr\/wp-json\/wp\/v2\/posts\/34102\/revisions"}],"predecessor-version":[{"id":34103,"href":"https:\/\/montecarloliving.com\/fr\/wp-json\/wp\/v2\/posts\/34102\/revisions\/34103"}],"wp:featuredmedia":[{"embeddable":true,"href":"https:\/\/montecarloliving.com\/fr\/wp-json\/wp\/v2\/media\/34098"}],"wp:attachment":[{"href":"https:\/\/montecarloliving.com\/fr\/wp-json\/wp\/v2\/media?parent=34102"}],"wp:term":[{"taxonomy":"category","embeddable":true,"href":"https:\/\/montecarloliving.com\/fr\/wp-json\/wp\/v2\/categories?post=34102"},{"taxonomy":"post_tag","embeddable":true,"href":"https:\/\/montecarloliving.com\/fr\/wp-json\/wp\/v2\/tags?post=34102"}],"curies":[{"name":"wp","href":"https:\/\/api.w.org\/{rel}","templated":true}]}}