{"id":34093,"date":"2026-09-01T10:10:00","date_gmt":"2026-09-01T08:10:00","guid":{"rendered":"https:\/\/montecarloliving.com\/?p=34093"},"modified":"2026-09-01T10:18:39","modified_gmt":"2026-09-01T08:18:39","slug":"principaute-de-monaco-septembre-sanime-au-marche-de-condamine-entre-musique-gastronomie-et-jeux","status":"publish","type":"post","link":"https:\/\/montecarloliving.com\/fr\/actualite\/principaute-de-monaco-septembre-sanime-au-marche-de-condamine-entre-musique-gastronomie-et-jeux-34093\/","title":{"rendered":"Principaut\u00e9 de Monaco: septembre s\u2019anime au March\u00e9 de la Condamine entre musique, gastronomie et jeux"},"content":{"rendered":"<p class=\"isSelectedEnd\">Le mois de septembre 2026 s\u2019annonce particuli\u00e8rement anim\u00e9 au March\u00e9 de la Condamine, l\u2019un des lieux les plus authentiques et les plus fr\u00e9quent\u00e9s de la Principaut\u00e9 de Monaco. Musique live, gastronomie traditionnelle et moments d\u00e9di\u00e9s aux jeux seront au programme d\u2019une s\u00e9rie d\u2019animations con\u00e7ues pour les r\u00e9sidents, les familles et les visiteurs.<\/p>\n<p class=\"isSelectedEnd\">Organis\u00e9 avec le soutien de la Mairie de Monaco, ce programme a pour objectif de valoriser le march\u00e9 non seulement comme un lieu incontournable pour le commerce et la gastronomie, mais \u00e9galement comme un espace de rencontre, de partage et de vie sociale au c\u0153ur de la Principaut\u00e9.<\/p>\n<p class=\"isSelectedEnd\">Le premier rendez-vous est pr\u00e9vu le jeudi 3 septembre, de 18h30 \u00e0 21h00, avec l\u2019<strong>Ap\u00e9ro Musique Live<\/strong>. Une occasion de profiter de l\u2019atmosph\u00e8re conviviale de la Condamine autour d\u2019un ap\u00e9ritif accompagn\u00e9 de musique en direct, pour une soir\u00e9e plac\u00e9e sous le signe de la d\u00e9tente et de la convivialit\u00e9.<\/p>\n<p class=\"isSelectedEnd\">Le samedi 5 septembre, \u00e0 10h00, la gastronomie mon\u00e9gasque sera \u00e0 l\u2019honneur avec une animation consacr\u00e9e aux <strong>barbajuans<\/strong>, l\u2019une des sp\u00e9cialit\u00e9s culinaires les plus embl\u00e9matiques de la Principaut\u00e9. Le public pourra assister \u00e0 une d\u00e9monstration de pr\u00e9paration de cette recette traditionnelle, suivie d\u2019une d\u00e9gustation.<\/p>\n<p class=\"isSelectedEnd\">Le programme se poursuivra le mercredi 9 septembre, de 16h00 \u00e0 18h00, avec un apr\u00e8s-midi consacr\u00e9 aux jeux et au partage. Cette initiative a \u00e9t\u00e9 imagin\u00e9e comme un moment de rencontre entre diff\u00e9rentes g\u00e9n\u00e9rations, offrant une nouvelle occasion de se retrouver dans l\u2019un des espaces les plus vivants de la ville.<\/p>\n<p class=\"isSelectedEnd\">Le dernier rendez-vous du mois aura lieu le samedi 26 septembre, \u00e9galement de 16h00 \u00e0 18h00. Les grands classiques des jeux de strat\u00e9gie et de soci\u00e9t\u00e9 seront \u00e0 l\u2019honneur, avec notamment les <strong>\u00e9checs, le bridge et le backgammon<\/strong>, pour un apr\u00e8s-midi plac\u00e9 sous le signe du divertissement, de la r\u00e9flexion et de la convivialit\u00e9.<\/p>\n<p class=\"isSelectedEnd\">\u00c0 travers ce programme d\u2019animations, le <strong>March\u00e9 de la Condamine<\/strong> confirme son r\u00f4le central dans la vie quotidienne de la Principaut\u00e9 de Monaco. Au-del\u00e0 de sa vocation historique commerciale et gastronomique, il continue de s\u2019affirmer comme un lieu de rencontre privil\u00e9gi\u00e9 pour les habitants comme pour les visiteurs.<\/p>\n<p>Les \u00e9v\u00e9nements programm\u00e9s en septembre t\u00e9moignent ainsi de la volont\u00e9 de faire de la Condamine un espace toujours plus vivant pour la communaut\u00e9 locale, o\u00f9 se rencontrent culture, saveurs, divertissement et vie sociale. Pour les visiteurs, c\u2019est \u00e9galement une occasion suppl\u00e9mentaire de d\u00e9couvrir un visage authentique de Monaco, tandis que les r\u00e9sidents pourront profiter de nouveaux moments pour vivre et partager leur quartier.<\/p>\n<p><img loading=\"lazy\" decoding=\"async\" class=\"alignleft size-full wp-image-34080\" src=\"https:\/\/montecarloliving.com\/wp-content\/uploads\/2026\/09\/1000420909.jpg\" alt=\"\" width=\"1920\" height=\"1080\" srcset=\"https:\/\/montecarloliving.com\/wp-content\/uploads\/2026\/09\/1000420909.jpg 1920w, https:\/\/montecarloliving.com\/wp-content\/uploads\/2026\/09\/1000420909-300x170.jpg 300w, https:\/\/montecarloliving.com\/wp-content\/uploads\/2026\/09\/1000420909-1024x576.jpg 1024w, https:\/\/montecarloliving.com\/wp-content\/uploads\/2026\/09\/1000420909-768x432.jpg 768w, https:\/\/montecarloliving.com\/wp-content\/uploads\/2026\/09\/1000420909-1536x864.jpg 1536w\" sizes=\"auto, (max-width: 1920px) 100vw, 1920px\" \/> <img loading=\"lazy\" decoding=\"async\" class=\"alignleft size-full wp-image-34083\" src=\"https:\/\/montecarloliving.com\/wp-content\/uploads\/2026\/09\/1000420910.jpg\" alt=\"\" width=\"1920\" height=\"1080\" srcset=\"https:\/\/montecarloliving.com\/wp-content\/uploads\/2026\/09\/1000420910.jpg 1920w, https:\/\/montecarloliving.com\/wp-content\/uploads\/2026\/09\/1000420910-300x170.jpg 300w, https:\/\/montecarloliving.com\/wp-content\/uploads\/2026\/09\/1000420910-1024x576.jpg 1024w, https:\/\/montecarloliving.com\/wp-content\/uploads\/2026\/09\/1000420910-768x432.jpg 768w, https:\/\/montecarloliving.com\/wp-content\/uploads\/2026\/09\/1000420910-1536x864.jpg 1536w\" sizes=\"auto, (max-width: 1920px) 100vw, 1920px\" \/> <img loading=\"lazy\" decoding=\"async\" class=\"alignleft size-full wp-image-34086\" src=\"https:\/\/montecarloliving.com\/wp-content\/uploads\/2026\/09\/1000420911.jpg\" alt=\"\" width=\"1920\" height=\"1080\" srcset=\"https:\/\/montecarloliving.com\/wp-content\/uploads\/2026\/09\/1000420911.jpg 1920w, https:\/\/montecarloliving.com\/wp-content\/uploads\/2026\/09\/1000420911-300x170.jpg 300w, https:\/\/montecarloliving.com\/wp-content\/uploads\/2026\/09\/1000420911-1024x576.jpg 1024w, https:\/\/montecarloliving.com\/wp-content\/uploads\/2026\/09\/1000420911-768x432.jpg 768w, https:\/\/montecarloliving.com\/wp-content\/uploads\/2026\/09\/1000420911-1536x864.jpg 1536w\" sizes=\"auto, (max-width: 1920px) 100vw, 1920px\" \/> <img loading=\"lazy\" decoding=\"async\" class=\"alignleft size-full wp-image-34089\" src=\"https:\/\/montecarloliving.com\/wp-content\/uploads\/2026\/09\/1000420912.jpg\" alt=\"\" width=\"1920\" height=\"1080\" srcset=\"https:\/\/montecarloliving.com\/wp-content\/uploads\/2026\/09\/1000420912.jpg 1920w, https:\/\/montecarloliving.com\/wp-content\/uploads\/2026\/09\/1000420912-300x170.jpg 300w, https:\/\/montecarloliving.com\/wp-content\/uploads\/2026\/09\/1000420912-1024x576.jpg 1024w, https:\/\/montecarloliving.com\/wp-content\/uploads\/2026\/09\/1000420912-768x432.jpg 768w, https:\/\/montecarloliving.com\/wp-content\/uploads\/2026\/09\/1000420912-1536x864.jpg 1536w\" sizes=\"auto, (max-width: 1920px) 100vw, 1920px\" \/><\/p>\n","protected":false},"excerpt":{"rendered":"<p>Le mois de septembre 2026 s\u2019annonce particuli\u00e8rement anim\u00e9 au March\u00e9 de la Condamine, l\u2019un des lieux les plus authentiques et les plus fr\u00e9quent\u00e9s de la Principaut\u00e9 de Monaco. Musique live, gastronomie traditionnelle et moments d\u00e9di\u00e9s aux jeux seront au programme d\u2019une s\u00e9rie d\u2019animations con\u00e7ues [&hellip;]<\/p>\n","protected":false},"author":1,"featured_media":34080,"comment_status":"closed","ping_status":"closed","sticky":false,"template":"","format":"standard","meta":{"footnotes":""},"categories":[827,875,828,872,867],"tags":[],"class_list":["post-34093","post","type-post","status-publish","format-standard","has-post-thumbnail","hentry","category-actualite","category-actualite-monaco","category-evenements","category-lifestyle-fr","category-monaco-fr"],"yoast_head":"<!-- This site is optimized with the Yoast SEO plugin v28.3 - https:\/\/yoast.com\/product\/yoast-seo-wordpress\/ -->\n<title>Principaut\u00e9 de Monaco: septembre s\u2019anime au March\u00e9 de la Condamine<\/title>\n<meta name=\"description\" content=\"Principaut\u00e9 de Monaco : septembre s\u2019anime au March\u00e9 de la Condamine entre musique, gastronomie et jeux. \u00c9v\u00e9nements \u00e0 Monaco en septembre 2026\" \/>\n<meta name=\"robots\" content=\"index, follow, max-snippet:-1, max-image-preview:large, max-video-preview:-1\" \/>\n<link rel=\"canonical\" href=\"https:\/\/montecarloliving.com\/fr\/actualite\/principaute-de-monaco-septembre-sanime-au-marche-de-condamine-entre-musique-gastronomie-et-jeux-34093\/\" \/>\n<meta property=\"og:locale\" content=\"fr_FR\" \/>\n<meta property=\"og:title\" content=\"Principaut\u00e9 de Monaco: septembre s\u2019anime au March\u00e9 de la Condamine\" \/>\n<meta property=\"og:description\" content=\"Principaut\u00e9 de Monaco : septembre s\u2019anime au March\u00e9 de la Condamine entre musique, gastronomie et jeux. \u00c9v\u00e9nements \u00e0 Monaco en septembre 2026\" \/>\n<meta property=\"og:url\" content=\"https:\/\/montecarloliving.com\/fr\/actualite\/principaute-de-monaco-septembre-sanime-au-marche-de-condamine-entre-musique-gastronomie-et-jeux-34093\/\" \/>\n<meta property=\"og:site_name\" content=\"Montecarlo Living\" \/>\n<meta property=\"article:publisher\" content=\"https:\/\/www.facebook.com\/montecarlolivingcom\/\" \/>\n<meta property=\"article:published_time\" content=\"2026-09-01T08:10:00+00:00\" \/>\n<meta property=\"article:modified_time\" content=\"2026-09-01T08:18:39+00:00\" \/>\n<meta property=\"og:image\" content=\"https:\/\/montecarloliving.com\/wp-content\/uploads\/2026\/09\/1000420909-650x400.jpg\" \/>\n\t<meta property=\"og:image:width\" content=\"650\" \/>\n\t<meta property=\"og:image:height\" content=\"400\" \/>\n\t<meta property=\"og:image:type\" content=\"image\/jpeg\" \/>\n<meta name=\"author\" content=\"Redazione\" \/>\n<meta name=\"twitter:card\" content=\"summary_large_image\" \/>\n<meta name=\"twitter:creator\" content=\"@MonteCarloLivi\" \/>\n<meta name=\"twitter:site\" content=\"@MonteCarloLivi\" \/>\n<meta name=\"twitter:label1\" content=\"\u00c9crit par\" \/>\n\t<meta name=\"twitter:data1\" content=\"Redazione\" \/>\n\t<meta name=\"twitter:label2\" content=\"Dur\u00e9e de lecture estim\u00e9e\" \/>\n\t<meta name=\"twitter:data2\" content=\"3 minutes\" \/>\n<script type=\"application\/ld+json\" class=\"yoast-schema-graph\">{\"@context\":\"https:\\\/\\\/schema.org\",\"@graph\":[{\"@type\":\"Article\",\"@id\":\"https:\\\/\\\/montecarloliving.com\\\/fr\\\/actualite\\\/principaute-de-monaco-septembre-sanime-au-marche-de-condamine-entre-musique-gastronomie-et-jeux-34093\\\/#article\",\"isPartOf\":{\"@id\":\"https:\\\/\\\/montecarloliving.com\\\/fr\\\/actualite\\\/principaute-de-monaco-septembre-sanime-au-marche-de-condamine-entre-musique-gastronomie-et-jeux-34093\\\/\"},\"author\":{\"name\":\"Redazione\",\"@id\":\"https:\\\/\\\/montecarloliving.com\\\/fr\\\/#\\\/schema\\\/person\\\/7e5945d4560862b7f2d2c6831bda2819\"},\"headline\":\"Principaut\u00e9 de Monaco: septembre s\u2019anime au March\u00e9 de la Condamine entre musique, gastronomie et jeux\",\"datePublished\":\"2026-09-01T08:10:00+00:00\",\"dateModified\":\"2026-09-01T08:18:39+00:00\",\"mainEntityOfPage\":{\"@id\":\"https:\\\/\\\/montecarloliving.com\\\/fr\\\/actualite\\\/principaute-de-monaco-septembre-sanime-au-marche-de-condamine-entre-musique-gastronomie-et-jeux-34093\\\/\"},\"wordCount\":468,\"image\":{\"@id\":\"https:\\\/\\\/montecarloliving.com\\\/fr\\\/actualite\\\/principaute-de-monaco-septembre-sanime-au-marche-de-condamine-entre-musique-gastronomie-et-jeux-34093\\\/#primaryimage\"},\"thumbnailUrl\":\"https:\\\/\\\/montecarloliving.com\\\/wp-content\\\/uploads\\\/2026\\\/09\\\/1000420909.jpg\",\"articleSection\":[\"Actualit\u00e9\",\"Actualit\u00e9 \u00e0 Monaco\",\"\u00c9v\u00e9nements\",\"Lifestyle\",\"Monaco\"],\"inLanguage\":\"fr-FR\"},{\"@type\":\"WebPage\",\"@id\":\"https:\\\/\\\/montecarloliving.com\\\/fr\\\/actualite\\\/principaute-de-monaco-septembre-sanime-au-marche-de-condamine-entre-musique-gastronomie-et-jeux-34093\\\/\",\"url\":\"https:\\\/\\\/montecarloliving.com\\\/fr\\\/actualite\\\/principaute-de-monaco-septembre-sanime-au-marche-de-condamine-entre-musique-gastronomie-et-jeux-34093\\\/\",\"name\":\"Principaut\u00e9 de Monaco: septembre s\u2019anime au March\u00e9 de la Condamine\",\"isPartOf\":{\"@id\":\"https:\\\/\\\/montecarloliving.com\\\/fr\\\/#website\"},\"primaryImageOfPage\":{\"@id\":\"https:\\\/\\\/montecarloliving.com\\\/fr\\\/actualite\\\/principaute-de-monaco-septembre-sanime-au-marche-de-condamine-entre-musique-gastronomie-et-jeux-34093\\\/#primaryimage\"},\"image\":{\"@id\":\"https:\\\/\\\/montecarloliving.com\\\/fr\\\/actualite\\\/principaute-de-monaco-septembre-sanime-au-marche-de-condamine-entre-musique-gastronomie-et-jeux-34093\\\/#primaryimage\"},\"thumbnailUrl\":\"https:\\\/\\\/montecarloliving.com\\\/wp-content\\\/uploads\\\/2026\\\/09\\\/1000420909.jpg\",\"datePublished\":\"2026-09-01T08:10:00+00:00\",\"dateModified\":\"2026-09-01T08:18:39+00:00\",\"author\":{\"@id\":\"https:\\\/\\\/montecarloliving.com\\\/fr\\\/#\\\/schema\\\/person\\\/7e5945d4560862b7f2d2c6831bda2819\"},\"description\":\"Principaut\u00e9 de Monaco : septembre s\u2019anime au March\u00e9 de la Condamine entre musique, gastronomie et jeux. \u00c9v\u00e9nements \u00e0 Monaco en septembre 2026\",\"breadcrumb\":{\"@id\":\"https:\\\/\\\/montecarloliving.com\\\/fr\\\/actualite\\\/principaute-de-monaco-septembre-sanime-au-marche-de-condamine-entre-musique-gastronomie-et-jeux-34093\\\/#breadcrumb\"},\"inLanguage\":\"fr-FR\",\"potentialAction\":[{\"@type\":\"ReadAction\",\"target\":[\"https:\\\/\\\/montecarloliving.com\\\/fr\\\/actualite\\\/principaute-de-monaco-septembre-sanime-au-marche-de-condamine-entre-musique-gastronomie-et-jeux-34093\\\/\"]}]},{\"@type\":\"ImageObject\",\"inLanguage\":\"fr-FR\",\"@id\":\"https:\\\/\\\/montecarloliving.com\\\/fr\\\/actualite\\\/principaute-de-monaco-septembre-sanime-au-marche-de-condamine-entre-musique-gastronomie-et-jeux-34093\\\/#primaryimage\",\"url\":\"https:\\\/\\\/montecarloliving.com\\\/wp-content\\\/uploads\\\/2026\\\/09\\\/1000420909.jpg\",\"contentUrl\":\"https:\\\/\\\/montecarloliving.com\\\/wp-content\\\/uploads\\\/2026\\\/09\\\/1000420909.jpg\",\"width\":1920,\"height\":1080},{\"@type\":\"BreadcrumbList\",\"@id\":\"https:\\\/\\\/montecarloliving.com\\\/fr\\\/actualite\\\/principaute-de-monaco-septembre-sanime-au-marche-de-condamine-entre-musique-gastronomie-et-jeux-34093\\\/#breadcrumb\",\"itemListElement\":[{\"@type\":\"ListItem\",\"position\":1,\"name\":\"Home\",\"item\":\"https:\\\/\\\/montecarloliving.com\\\/fr\\\/\"},{\"@type\":\"ListItem\",\"position\":2,\"name\":\"Principaut\u00e9 de Monaco: septembre s\u2019anime au March\u00e9 de la Condamine entre musique, gastronomie et jeux\"}]},{\"@type\":\"WebSite\",\"@id\":\"https:\\\/\\\/montecarloliving.com\\\/fr\\\/#website\",\"url\":\"https:\\\/\\\/montecarloliving.com\\\/fr\\\/\",\"name\":\"Montecarlo Living\",\"description\":\"News da Montecarlo - Principato di Monaco e Costa Azzurra\",\"potentialAction\":[{\"@type\":\"SearchAction\",\"target\":{\"@type\":\"EntryPoint\",\"urlTemplate\":\"https:\\\/\\\/montecarloliving.com\\\/fr\\\/?s={search_term_string}\"},\"query-input\":{\"@type\":\"PropertyValueSpecification\",\"valueRequired\":true,\"valueName\":\"search_term_string\"}}],\"inLanguage\":\"fr-FR\"},{\"@type\":\"Person\",\"@id\":\"https:\\\/\\\/montecarloliving.com\\\/fr\\\/#\\\/schema\\\/person\\\/7e5945d4560862b7f2d2c6831bda2819\",\"name\":\"Redazione\",\"image\":{\"@type\":\"ImageObject\",\"inLanguage\":\"fr-FR\",\"@id\":\"https:\\\/\\\/secure.gravatar.com\\\/avatar\\\/8b5f26557e18fe74ad8e8a57ebb2925d88af8a90cee489ff2beefb391bc9b9c7?s=96&d=mm&r=g\",\"url\":\"https:\\\/\\\/secure.gravatar.com\\\/avatar\\\/8b5f26557e18fe74ad8e8a57ebb2925d88af8a90cee489ff2beefb391bc9b9c7?s=96&d=mm&r=g\",\"contentUrl\":\"https:\\\/\\\/secure.gravatar.com\\\/avatar\\\/8b5f26557e18fe74ad8e8a57ebb2925d88af8a90cee489ff2beefb391bc9b9c7?s=96&d=mm&r=g\",\"caption\":\"Redazione\"}}]}<\/script>\n<!-- \/ Yoast SEO plugin. -->","yoast_head_json":{"title":"Principaut\u00e9 de Monaco: septembre s\u2019anime au March\u00e9 de la Condamine","description":"Principaut\u00e9 de Monaco : septembre s\u2019anime au March\u00e9 de la Condamine entre musique, gastronomie et jeux. \u00c9v\u00e9nements \u00e0 Monaco en septembre 2026","robots":{"index":"index","follow":"follow","max-snippet":"max-snippet:-1","max-image-preview":"max-image-preview:large","max-video-preview":"max-video-preview:-1"},"canonical":"https:\/\/montecarloliving.com\/fr\/actualite\/principaute-de-monaco-septembre-sanime-au-marche-de-condamine-entre-musique-gastronomie-et-jeux-34093\/","og_locale":"fr_FR","og_title":"Principaut\u00e9 de Monaco: septembre s\u2019anime au March\u00e9 de la Condamine","og_description":"Principaut\u00e9 de Monaco : septembre s\u2019anime au March\u00e9 de la Condamine entre musique, gastronomie et jeux. \u00c9v\u00e9nements \u00e0 Monaco en septembre 2026","og_url":"https:\/\/montecarloliving.com\/fr\/actualite\/principaute-de-monaco-septembre-sanime-au-marche-de-condamine-entre-musique-gastronomie-et-jeux-34093\/","og_site_name":"Montecarlo Living","article_publisher":"https:\/\/www.facebook.com\/montecarlolivingcom\/","article_published_time":"2026-09-01T08:10:00+00:00","article_modified_time":"2026-09-01T08:18:39+00:00","og_image":[{"width":650,"height":400,"url":"https:\/\/montecarloliving.com\/wp-content\/uploads\/2026\/09\/1000420909-650x400.jpg","type":"image\/jpeg"}],"author":"Redazione","twitter_card":"summary_large_image","twitter_creator":"@MonteCarloLivi","twitter_site":"@MonteCarloLivi","twitter_misc":{"\u00c9crit par":"Redazione","Dur\u00e9e de lecture estim\u00e9e":"3 minutes"},"schema":{"@context":"https:\/\/schema.org","@graph":[{"@type":"Article","@id":"https:\/\/montecarloliving.com\/fr\/actualite\/principaute-de-monaco-septembre-sanime-au-marche-de-condamine-entre-musique-gastronomie-et-jeux-34093\/#article","isPartOf":{"@id":"https:\/\/montecarloliving.com\/fr\/actualite\/principaute-de-monaco-septembre-sanime-au-marche-de-condamine-entre-musique-gastronomie-et-jeux-34093\/"},"author":{"name":"Redazione","@id":"https:\/\/montecarloliving.com\/fr\/#\/schema\/person\/7e5945d4560862b7f2d2c6831bda2819"},"headline":"Principaut\u00e9 de Monaco: septembre s\u2019anime au March\u00e9 de la Condamine entre musique, gastronomie et jeux","datePublished":"2026-09-01T08:10:00+00:00","dateModified":"2026-09-01T08:18:39+00:00","mainEntityOfPage":{"@id":"https:\/\/montecarloliving.com\/fr\/actualite\/principaute-de-monaco-septembre-sanime-au-marche-de-condamine-entre-musique-gastronomie-et-jeux-34093\/"},"wordCount":468,"image":{"@id":"https:\/\/montecarloliving.com\/fr\/actualite\/principaute-de-monaco-septembre-sanime-au-marche-de-condamine-entre-musique-gastronomie-et-jeux-34093\/#primaryimage"},"thumbnailUrl":"https:\/\/montecarloliving.com\/wp-content\/uploads\/2026\/09\/1000420909.jpg","articleSection":["Actualit\u00e9","Actualit\u00e9 \u00e0 Monaco","\u00c9v\u00e9nements","Lifestyle","Monaco"],"inLanguage":"fr-FR"},{"@type":"WebPage","@id":"https:\/\/montecarloliving.com\/fr\/actualite\/principaute-de-monaco-septembre-sanime-au-marche-de-condamine-entre-musique-gastronomie-et-jeux-34093\/","url":"https:\/\/montecarloliving.com\/fr\/actualite\/principaute-de-monaco-septembre-sanime-au-marche-de-condamine-entre-musique-gastronomie-et-jeux-34093\/","name":"Principaut\u00e9 de Monaco: septembre s\u2019anime au March\u00e9 de la Condamine","isPartOf":{"@id":"https:\/\/montecarloliving.com\/fr\/#website"},"primaryImageOfPage":{"@id":"https:\/\/montecarloliving.com\/fr\/actualite\/principaute-de-monaco-septembre-sanime-au-marche-de-condamine-entre-musique-gastronomie-et-jeux-34093\/#primaryimage"},"image":{"@id":"https:\/\/montecarloliving.com\/fr\/actualite\/principaute-de-monaco-septembre-sanime-au-marche-de-condamine-entre-musique-gastronomie-et-jeux-34093\/#primaryimage"},"thumbnailUrl":"https:\/\/montecarloliving.com\/wp-content\/uploads\/2026\/09\/1000420909.jpg","datePublished":"2026-09-01T08:10:00+00:00","dateModified":"2026-09-01T08:18:39+00:00","author":{"@id":"https:\/\/montecarloliving.com\/fr\/#\/schema\/person\/7e5945d4560862b7f2d2c6831bda2819"},"description":"Principaut\u00e9 de Monaco : septembre s\u2019anime au March\u00e9 de la Condamine entre musique, gastronomie et jeux. \u00c9v\u00e9nements \u00e0 Monaco en septembre 2026","breadcrumb":{"@id":"https:\/\/montecarloliving.com\/fr\/actualite\/principaute-de-monaco-septembre-sanime-au-marche-de-condamine-entre-musique-gastronomie-et-jeux-34093\/#breadcrumb"},"inLanguage":"fr-FR","potentialAction":[{"@type":"ReadAction","target":["https:\/\/montecarloliving.com\/fr\/actualite\/principaute-de-monaco-septembre-sanime-au-marche-de-condamine-entre-musique-gastronomie-et-jeux-34093\/"]}]},{"@type":"ImageObject","inLanguage":"fr-FR","@id":"https:\/\/montecarloliving.com\/fr\/actualite\/principaute-de-monaco-septembre-sanime-au-marche-de-condamine-entre-musique-gastronomie-et-jeux-34093\/#primaryimage","url":"https:\/\/montecarloliving.com\/wp-content\/uploads\/2026\/09\/1000420909.jpg","contentUrl":"https:\/\/montecarloliving.com\/wp-content\/uploads\/2026\/09\/1000420909.jpg","width":1920,"height":1080},{"@type":"BreadcrumbList","@id":"https:\/\/montecarloliving.com\/fr\/actualite\/principaute-de-monaco-septembre-sanime-au-marche-de-condamine-entre-musique-gastronomie-et-jeux-34093\/#breadcrumb","itemListElement":[{"@type":"ListItem","position":1,"name":"Home","item":"https:\/\/montecarloliving.com\/fr\/"},{"@type":"ListItem","position":2,"name":"Principaut\u00e9 de Monaco: septembre s\u2019anime au March\u00e9 de la Condamine entre musique, gastronomie et jeux"}]},{"@type":"WebSite","@id":"https:\/\/montecarloliving.com\/fr\/#website","url":"https:\/\/montecarloliving.com\/fr\/","name":"Montecarlo Living","description":"News da Montecarlo - Principato di Monaco e Costa Azzurra","potentialAction":[{"@type":"SearchAction","target":{"@type":"EntryPoint","urlTemplate":"https:\/\/montecarloliving.com\/fr\/?s={search_term_string}"},"query-input":{"@type":"PropertyValueSpecification","valueRequired":true,"valueName":"search_term_string"}}],"inLanguage":"fr-FR"},{"@type":"Person","@id":"https:\/\/montecarloliving.com\/fr\/#\/schema\/person\/7e5945d4560862b7f2d2c6831bda2819","name":"Redazione","image":{"@type":"ImageObject","inLanguage":"fr-FR","@id":"https:\/\/secure.gravatar.com\/avatar\/8b5f26557e18fe74ad8e8a57ebb2925d88af8a90cee489ff2beefb391bc9b9c7?s=96&d=mm&r=g","url":"https:\/\/secure.gravatar.com\/avatar\/8b5f26557e18fe74ad8e8a57ebb2925d88af8a90cee489ff2beefb391bc9b9c7?s=96&d=mm&r=g","contentUrl":"https:\/\/secure.gravatar.com\/avatar\/8b5f26557e18fe74ad8e8a57ebb2925d88af8a90cee489ff2beefb391bc9b9c7?s=96&d=mm&r=g","caption":"Redazione"}}]}},"_links":{"self":[{"href":"https:\/\/montecarloliving.com\/fr\/wp-json\/wp\/v2\/posts\/34093","targetHints":{"allow":["GET"]}}],"collection":[{"href":"https:\/\/montecarloliving.com\/fr\/wp-json\/wp\/v2\/posts"}],"about":[{"href":"https:\/\/montecarloliving.com\/fr\/wp-json\/wp\/v2\/types\/post"}],"author":[{"embeddable":true,"href":"https:\/\/montecarloliving.com\/fr\/wp-json\/wp\/v2\/users\/1"}],"replies":[{"embeddable":true,"href":"https:\/\/montecarloliving.com\/fr\/wp-json\/wp\/v2\/comments?post=34093"}],"version-history":[{"count":1,"href":"https:\/\/montecarloliving.com\/fr\/wp-json\/wp\/v2\/posts\/34093\/revisions"}],"predecessor-version":[{"id":34094,"href":"https:\/\/montecarloliving.com\/fr\/wp-json\/wp\/v2\/posts\/34093\/revisions\/34094"}],"wp:featuredmedia":[{"embeddable":true,"href":"https:\/\/montecarloliving.com\/fr\/wp-json\/wp\/v2\/media\/34080"}],"wp:attachment":[{"href":"https:\/\/montecarloliving.com\/fr\/wp-json\/wp\/v2\/media?parent=34093"}],"wp:term":[{"taxonomy":"category","embeddable":true,"href":"https:\/\/montecarloliving.com\/fr\/wp-json\/wp\/v2\/categories?post=34093"},{"taxonomy":"post_tag","embeddable":true,"href":"https:\/\/montecarloliving.com\/fr\/wp-json\/wp\/v2\/tags?post=34093"}],"curies":[{"name":"wp","href":"https:\/\/api.w.org\/{rel}","templated":true}]}}