{"id":34034,"date":"2026-09-01T08:10:43","date_gmt":"2026-09-01T06:10:43","guid":{"rendered":"https:\/\/montecarloliving.com\/?p=34034"},"modified":"2026-08-27T13:14:30","modified_gmt":"2026-08-27T11:14:30","slug":"luxe-pack-monaco-2026-packaging-de-luxe-au-coeur-de-principaute","status":"publish","type":"post","link":"https:\/\/montecarloliving.com\/fr\/actualite\/luxe-pack-monaco-2026-packaging-de-luxe-au-coeur-de-principaute-34034\/","title":{"rendered":"LUXE PACK Monaco 2026: le packaging de luxe au c\u0153ur de la Principaut\u00e9"},"content":{"rendered":"<div class=\"flex max-w-full flex-col gap-4 grow\">\n<div class=\"min-h-8 text-message relative flex w-full flex-col items-end gap-2 text-start break-words whitespace-normal outline-none keyboard-focused:focus-ring [.text-message+&amp;]:mt-1\" dir=\"auto\" tabindex=\"0\" data-message-author-role=\"assistant\" data-message-id=\"0a12e3aa-382f-4b00-8a1e-2adecc74fa45\" data-message-model-slug=\"gpt-5-6-mini\" data-turn-start-message=\"true\">\n<div class=\"flex w-full flex-col gap-1 empty:hidden\">\n<div class=\"markdown prose dark:prose-invert wrap-break-word w-full light markdown-new-styling\">\n<p class=\"PDq2pG_selectionAnchorContainer\" data-start=\"326\" data-end=\"682\">Du <strong data-start=\"329\" data-end=\"356\">28 au 30 septembre 2026<\/strong>, Monaco redeviendra un rendez-vous international majeur pour le secteur du <strong data-start=\"432\" data-end=\"459\">packaging haut de gamme<\/strong>, \u00e0 l\u2019occasion d\u2019une nouvelle \u00e9dition de <strong data-start=\"500\" data-end=\"520\">LUXE PACK Monaco<\/strong>. Destin\u00e9 aux professionnels de l\u2019industrie, l\u2019\u00e9v\u00e9nement constitue une vitrine privil\u00e9gi\u00e9e des solutions les plus innovantes d\u00e9velopp\u00e9es pour les march\u00e9s du luxe.<\/p>\n<p data-start=\"684\" data-end=\"1026\">Cr\u00e9\u00e9 en 1988, LUXE PACK s\u2019est impos\u00e9 au fil des ann\u00e9es comme une plateforme internationale de r\u00e9f\u00e9rence pour pr\u00e9senter les derni\u00e8res \u00e9volutions du packaging. \u00c0 Monaco, entreprises sp\u00e9cialis\u00e9es, marques, designers et professionnels du secteur se retrouvent pour \u00e9changer et r\u00e9pondre aux nouveaux enjeux d\u2019un march\u00e9 en constante transformation.<\/p>\n<h2 data-section-id=\"10t5qfg\" data-start=\"1028\" data-end=\"1100\">Packaging de luxe : entre design, innovation et d\u00e9veloppement durable<\/h2>\n<p data-start=\"1102\" data-end=\"1450\">Le packaging ne constitue plus seulement un \u00e9l\u00e9ment esth\u00e9tique. Il joue d\u00e9sormais un r\u00f4le strat\u00e9gique dans <strong data-start=\"1209\" data-end=\"1257\">l\u2019identit\u00e9 et le positionnement d\u2019une marque<\/strong>. Mat\u00e9riaux, formes, technologies et processus de production doivent r\u00e9pondre \u00e0 des exigences toujours plus nombreuses, en associant <strong data-start=\"1390\" data-end=\"1449\">impact visuel, fonctionnalit\u00e9, innovation et durabilit\u00e9<\/strong>.<\/p>\n<p data-start=\"1452\" data-end=\"1677\">Cet \u00e9quilibre sera au c\u0153ur de LUXE PACK Monaco 2026, qui permettra aux professionnels de d\u00e9couvrir des solutions destin\u00e9es \u00e0 r\u00e9pondre aux nouveaux d\u00e9fis de l\u2019industrie et \u00e0 anticiper les \u00e9volutions des march\u00e9s internationaux.<\/p>\n<p data-start=\"1679\" data-end=\"1871\">Les exposants sont s\u00e9lectionn\u00e9s pour leur expertise et leur capacit\u00e9 cr\u00e9ative, offrant aux visiteurs un panorama des technologies, mat\u00e9riaux et solutions de design les plus avanc\u00e9s du secteur.<\/p>\n<h2 data-section-id=\"awdu8z\" data-start=\"1873\" data-end=\"1929\">Un rendez-vous international pour l\u2019industrie du luxe<\/h2>\n<p data-start=\"1931\" data-end=\"2205\">La dimension internationale demeure l\u2019une des grandes caract\u00e9ristiques de LUXE PACK Monaco. Lors des pr\u00e9c\u00e9dentes \u00e9ditions, le salon a accueilli environ <strong data-start=\"2083\" data-end=\"2102\">9 550 visiteurs<\/strong>, dont plus de la moiti\u00e9 venus de l\u2019\u00e9tranger, avec des professionnels repr\u00e9sentant pr\u00e8s de <strong data-start=\"2193\" data-end=\"2204\">90 pays<\/strong>.<\/p>\n<p data-start=\"2207\" data-end=\"2426\">Cette dimension internationale fait du salon un espace privil\u00e9gi\u00e9 pour d\u00e9velopper des relations professionnelles, identifier de nouveaux partenaires et cr\u00e9er des collaborations destin\u00e9es aux diff\u00e9rents march\u00e9s mondiaux.<\/p>\n<p data-start=\"2428\" data-end=\"2661\">Pendant trois jours, l\u2019\u00e9v\u00e9nement ne se limite pas \u00e0 la pr\u00e9sentation de produits : il favorise \u00e9galement les \u00e9changes approfondis entre entreprises et professionnels, permettant de partager expertises, id\u00e9es et nouvelles perspectives.<\/p>\n<h2 data-section-id=\"thr57e\" data-start=\"2663\" data-end=\"2721\">The Portal : un laboratoire pour le packaging de demain<\/h2>\n<p data-start=\"2723\" data-end=\"2854\">Parmi les espaces th\u00e9matiques de l\u2019\u00e9dition 2026 figure <strong data-start=\"2778\" data-end=\"2792\">THE PORTAL<\/strong>, con\u00e7u comme l\u2019un des principaux p\u00f4les d\u00e9di\u00e9s \u00e0 l\u2019innovation.<\/p>\n<p data-start=\"2856\" data-end=\"3139\">Cet espace r\u00e9unit des solutions concr\u00e8tes et durables ainsi que des concepts prospectifs consacr\u00e9s au packaging du futur. Des entreprises sp\u00e9cialis\u00e9es et des startups innovantes y pr\u00e9senteront des technologies et des approches capables d\u2019accompagner la transformation de l\u2019industrie.<\/p>\n<p data-start=\"3141\" data-end=\"3311\">L\u2019objectif d\u00e9passe ainsi les seules tendances esth\u00e9tiques pour s\u2019int\u00e9resser aux r\u00e9ponses d\u00e9velopp\u00e9es face aux nouveaux d\u00e9fis environnementaux, industriels et commerciaux.<\/p>\n<h2 data-section-id=\"y4uqf0\" data-start=\"3313\" data-end=\"3379\">The COL\u2019LAB : un dialogue international autour de la durabilit\u00e9<\/h2>\n<p data-start=\"3381\" data-end=\"3553\">Autre espace majeur du salon, <strong data-start=\"3411\" data-end=\"3426\">THE COL\u2019LAB<\/strong> est con\u00e7u comme une plateforme de dialogue r\u00e9unissant associations, consortiums, exposants et visiteurs venus du monde entier.<\/p>\n<p data-start=\"3555\" data-end=\"3741\">Son objectif est de favoriser les \u00e9changes autour des principaux enjeux auxquels fait face aujourd\u2019hui l\u2019industrie du packaging, notamment la <strong data-start=\"3697\" data-end=\"3740\">transition vers davantage de durabilit\u00e9<\/strong>.<\/p>\n<p data-start=\"3743\" data-end=\"3900\">Cet espace r\u00e9unit des organisations engag\u00e9es dans le d\u00e9veloppement de strat\u00e9gies et de bonnes pratiques destin\u00e9es \u00e0 accompagner la transformation du secteur.<\/p>\n<p data-start=\"3902\" data-end=\"4076\">\u00c0 travers rencontres et discussions, THE COL\u2019LAB entend ainsi cr\u00e9er un r\u00e9seau international consacr\u00e9 au partage des connaissances, des exp\u00e9riences et des solutions concr\u00e8tes.<\/p>\n<h2 data-section-id=\"lxqibb\" data-start=\"4078\" data-end=\"4139\">Les Formes de Luxe Awards mettent l\u2019innovation \u00e0 l\u2019honneur<\/h2>\n<p data-start=\"4141\" data-end=\"4300\">Le programme comprendra \u00e9galement les <strong data-start=\"4179\" data-end=\"4204\">Formes de Luxe Awards<\/strong>, qui r\u00e9compensent certaines des innovations les plus remarquables pr\u00e9sent\u00e9es par les exposants.<\/p>\n<p data-start=\"4302\" data-end=\"4492\">Ces prix mettent en lumi\u00e8re des projets qui se distinguent par leur cr\u00e9ativit\u00e9, leur qualit\u00e9 de conception et leur capacit\u00e9 \u00e0 r\u00e9pondre aux nouvelles attentes du secteur du packaging de luxe.<\/p>\n<h2 data-section-id=\"1bv2xxz\" data-start=\"4494\" data-end=\"4551\">Monaco, rendez-vous international du packaging premium<\/h2>\n<p data-start=\"4553\" data-end=\"4802\">Avec sa forte dimension internationale et la participation de professionnels issus de nombreux march\u00e9s, <strong data-start=\"4657\" data-end=\"4682\">LUXE PACK Monaco 2026<\/strong> s\u2019appr\u00eate \u00e0 r\u00e9unir une nouvelle fois une partie importante de l\u2019industrie mondiale du packaging premium en Principaut\u00e9.<\/p>\n<p data-start=\"4804\" data-end=\"5183\" data-is-last-node=\"\" data-is-only-node=\"\">Pendant trois jours, le <strong data-start=\"4828\" data-end=\"4853\">Grimaldi Forum Monaco<\/strong> deviendra un v\u00e9ritable point de rencontre entre cr\u00e9ativit\u00e9, technologie et d\u00e9veloppement durable, offrant aux marques et aux professionnels l\u2019occasion de d\u00e9couvrir de nouvelles solutions, de d\u00e9velopper des partenariats strat\u00e9giques et d\u2019explorer les futures orientations d\u2019un secteur devenu incontournable pour l\u2019univers du luxe.<\/p>\n<\/div>\n<\/div>\n<\/div>\n<\/div>\n<div aria-hidden=\"true\"><img loading=\"lazy\" decoding=\"async\" class=\"size-full wp-image-34030 aligncenter\" src=\"https:\/\/montecarloliving.com\/wp-content\/uploads\/2026\/08\/affiche_page-0001.jpg\" alt=\"\" width=\"1290\" height=\"1290\" srcset=\"https:\/\/montecarloliving.com\/wp-content\/uploads\/2026\/08\/affiche_page-0001.jpg 1290w, https:\/\/montecarloliving.com\/wp-content\/uploads\/2026\/08\/affiche_page-0001-300x300.jpg 300w, https:\/\/montecarloliving.com\/wp-content\/uploads\/2026\/08\/affiche_page-0001-1024x1024.jpg 1024w, https:\/\/montecarloliving.com\/wp-content\/uploads\/2026\/08\/affiche_page-0001-150x150.jpg 150w, https:\/\/montecarloliving.com\/wp-content\/uploads\/2026\/08\/affiche_page-0001-768x768.jpg 768w\" sizes=\"auto, (max-width: 1290px) 100vw, 1290px\" \/><\/div>\n","protected":false},"excerpt":{"rendered":"<p>Du 28 au 30 septembre 2026, Monaco redeviendra un rendez-vous international majeur pour le secteur du packaging haut de gamme, \u00e0 l\u2019occasion d\u2019une nouvelle \u00e9dition de LUXE PACK Monaco. Destin\u00e9 aux professionnels de l\u2019industrie, l\u2019\u00e9v\u00e9nement constitue une vitrine privil\u00e9gi\u00e9e des solutions les plus innovantes [&hellip;]<\/p>\n","protected":false},"author":1,"featured_media":34030,"comment_status":"closed","ping_status":"closed","sticky":false,"template":"","format":"standard","meta":{"footnotes":""},"categories":[827,875,828,867],"tags":[],"class_list":["post-34034","post","type-post","status-publish","format-standard","has-post-thumbnail","hentry","category-actualite","category-actualite-monaco","category-evenements","category-monaco-fr"],"yoast_head":"<!-- This site is optimized with the Yoast SEO plugin v28.3 - https:\/\/yoast.com\/product\/yoast-seo-wordpress\/ -->\n<title>LUXE PACK Monaco 2026<\/title>\n<meta name=\"description\" content=\"LUXE PACK Monaco 2026 : le packaging de luxe au c\u0153ur de la Principaut\u00e9. Du 28 au 30 septembre, le Grimaldi Forum Monaco\" \/>\n<meta name=\"robots\" content=\"index, follow, max-snippet:-1, max-image-preview:large, max-video-preview:-1\" \/>\n<link rel=\"canonical\" href=\"https:\/\/montecarloliving.com\/fr\/actualite\/luxe-pack-monaco-2026-packaging-de-luxe-au-coeur-de-principaute-34034\/\" \/>\n<meta property=\"og:locale\" content=\"fr_FR\" \/>\n<meta property=\"og:title\" content=\"LUXE PACK Monaco 2026\" \/>\n<meta property=\"og:description\" content=\"LUXE PACK Monaco 2026 : le packaging de luxe au c\u0153ur de la Principaut\u00e9. Du 28 au 30 septembre, le Grimaldi Forum Monaco\" \/>\n<meta property=\"og:url\" content=\"https:\/\/montecarloliving.com\/fr\/actualite\/luxe-pack-monaco-2026-packaging-de-luxe-au-coeur-de-principaute-34034\/\" \/>\n<meta property=\"og:site_name\" content=\"Montecarlo Living\" \/>\n<meta property=\"article:publisher\" content=\"https:\/\/www.facebook.com\/montecarlolivingcom\/\" \/>\n<meta property=\"article:published_time\" content=\"2026-09-01T06:10:43+00:00\" \/>\n<meta property=\"og:image\" content=\"https:\/\/montecarloliving.com\/wp-content\/uploads\/2026\/08\/affiche_page-0001-650x400.jpg\" \/>\n\t<meta property=\"og:image:width\" content=\"650\" \/>\n\t<meta property=\"og:image:height\" content=\"400\" \/>\n\t<meta property=\"og:image:type\" content=\"image\/jpeg\" \/>\n<meta name=\"author\" content=\"Redazione\" \/>\n<meta name=\"twitter:card\" content=\"summary_large_image\" \/>\n<meta name=\"twitter:creator\" content=\"@MonteCarloLivi\" \/>\n<meta name=\"twitter:site\" content=\"@MonteCarloLivi\" \/>\n<meta name=\"twitter:label1\" content=\"\u00c9crit par\" \/>\n\t<meta name=\"twitter:data1\" content=\"Redazione\" \/>\n\t<meta name=\"twitter:label2\" content=\"Dur\u00e9e de lecture estim\u00e9e\" \/>\n\t<meta name=\"twitter:data2\" content=\"4 minutes\" \/>\n<script type=\"application\/ld+json\" class=\"yoast-schema-graph\">{\"@context\":\"https:\\\/\\\/schema.org\",\"@graph\":[{\"@type\":\"Article\",\"@id\":\"https:\\\/\\\/montecarloliving.com\\\/fr\\\/actualite\\\/luxe-pack-monaco-2026-packaging-de-luxe-au-coeur-de-principaute-34034\\\/#article\",\"isPartOf\":{\"@id\":\"https:\\\/\\\/montecarloliving.com\\\/fr\\\/actualite\\\/luxe-pack-monaco-2026-packaging-de-luxe-au-coeur-de-principaute-34034\\\/\"},\"author\":{\"name\":\"Redazione\",\"@id\":\"https:\\\/\\\/montecarloliving.com\\\/fr\\\/#\\\/schema\\\/person\\\/7e5945d4560862b7f2d2c6831bda2819\"},\"headline\":\"LUXE PACK Monaco 2026: le packaging de luxe au c\u0153ur de la Principaut\u00e9\",\"datePublished\":\"2026-09-01T06:10:43+00:00\",\"mainEntityOfPage\":{\"@id\":\"https:\\\/\\\/montecarloliving.com\\\/fr\\\/actualite\\\/luxe-pack-monaco-2026-packaging-de-luxe-au-coeur-de-principaute-34034\\\/\"},\"wordCount\":775,\"image\":{\"@id\":\"https:\\\/\\\/montecarloliving.com\\\/fr\\\/actualite\\\/luxe-pack-monaco-2026-packaging-de-luxe-au-coeur-de-principaute-34034\\\/#primaryimage\"},\"thumbnailUrl\":\"https:\\\/\\\/montecarloliving.com\\\/wp-content\\\/uploads\\\/2026\\\/08\\\/affiche_page-0001.jpg\",\"articleSection\":[\"Actualit\u00e9\",\"Actualit\u00e9 \u00e0 Monaco\",\"\u00c9v\u00e9nements\",\"Monaco\"],\"inLanguage\":\"fr-FR\"},{\"@type\":\"WebPage\",\"@id\":\"https:\\\/\\\/montecarloliving.com\\\/fr\\\/actualite\\\/luxe-pack-monaco-2026-packaging-de-luxe-au-coeur-de-principaute-34034\\\/\",\"url\":\"https:\\\/\\\/montecarloliving.com\\\/fr\\\/actualite\\\/luxe-pack-monaco-2026-packaging-de-luxe-au-coeur-de-principaute-34034\\\/\",\"name\":\"LUXE PACK Monaco 2026\",\"isPartOf\":{\"@id\":\"https:\\\/\\\/montecarloliving.com\\\/fr\\\/#website\"},\"primaryImageOfPage\":{\"@id\":\"https:\\\/\\\/montecarloliving.com\\\/fr\\\/actualite\\\/luxe-pack-monaco-2026-packaging-de-luxe-au-coeur-de-principaute-34034\\\/#primaryimage\"},\"image\":{\"@id\":\"https:\\\/\\\/montecarloliving.com\\\/fr\\\/actualite\\\/luxe-pack-monaco-2026-packaging-de-luxe-au-coeur-de-principaute-34034\\\/#primaryimage\"},\"thumbnailUrl\":\"https:\\\/\\\/montecarloliving.com\\\/wp-content\\\/uploads\\\/2026\\\/08\\\/affiche_page-0001.jpg\",\"datePublished\":\"2026-09-01T06:10:43+00:00\",\"author\":{\"@id\":\"https:\\\/\\\/montecarloliving.com\\\/fr\\\/#\\\/schema\\\/person\\\/7e5945d4560862b7f2d2c6831bda2819\"},\"description\":\"LUXE PACK Monaco 2026 : le packaging de luxe au c\u0153ur de la Principaut\u00e9. Du 28 au 30 septembre, le Grimaldi Forum Monaco\",\"breadcrumb\":{\"@id\":\"https:\\\/\\\/montecarloliving.com\\\/fr\\\/actualite\\\/luxe-pack-monaco-2026-packaging-de-luxe-au-coeur-de-principaute-34034\\\/#breadcrumb\"},\"inLanguage\":\"fr-FR\",\"potentialAction\":[{\"@type\":\"ReadAction\",\"target\":[\"https:\\\/\\\/montecarloliving.com\\\/fr\\\/actualite\\\/luxe-pack-monaco-2026-packaging-de-luxe-au-coeur-de-principaute-34034\\\/\"]}]},{\"@type\":\"ImageObject\",\"inLanguage\":\"fr-FR\",\"@id\":\"https:\\\/\\\/montecarloliving.com\\\/fr\\\/actualite\\\/luxe-pack-monaco-2026-packaging-de-luxe-au-coeur-de-principaute-34034\\\/#primaryimage\",\"url\":\"https:\\\/\\\/montecarloliving.com\\\/wp-content\\\/uploads\\\/2026\\\/08\\\/affiche_page-0001.jpg\",\"contentUrl\":\"https:\\\/\\\/montecarloliving.com\\\/wp-content\\\/uploads\\\/2026\\\/08\\\/affiche_page-0001.jpg\",\"width\":1290,\"height\":1290},{\"@type\":\"BreadcrumbList\",\"@id\":\"https:\\\/\\\/montecarloliving.com\\\/fr\\\/actualite\\\/luxe-pack-monaco-2026-packaging-de-luxe-au-coeur-de-principaute-34034\\\/#breadcrumb\",\"itemListElement\":[{\"@type\":\"ListItem\",\"position\":1,\"name\":\"Home\",\"item\":\"https:\\\/\\\/montecarloliving.com\\\/fr\\\/\"},{\"@type\":\"ListItem\",\"position\":2,\"name\":\"LUXE PACK Monaco 2026: le packaging de luxe au c\u0153ur de la Principaut\u00e9\"}]},{\"@type\":\"WebSite\",\"@id\":\"https:\\\/\\\/montecarloliving.com\\\/fr\\\/#website\",\"url\":\"https:\\\/\\\/montecarloliving.com\\\/fr\\\/\",\"name\":\"Montecarlo Living\",\"description\":\"News da Montecarlo - Principato di Monaco e Costa Azzurra\",\"potentialAction\":[{\"@type\":\"SearchAction\",\"target\":{\"@type\":\"EntryPoint\",\"urlTemplate\":\"https:\\\/\\\/montecarloliving.com\\\/fr\\\/?s={search_term_string}\"},\"query-input\":{\"@type\":\"PropertyValueSpecification\",\"valueRequired\":true,\"valueName\":\"search_term_string\"}}],\"inLanguage\":\"fr-FR\"},{\"@type\":\"Person\",\"@id\":\"https:\\\/\\\/montecarloliving.com\\\/fr\\\/#\\\/schema\\\/person\\\/7e5945d4560862b7f2d2c6831bda2819\",\"name\":\"Redazione\",\"image\":{\"@type\":\"ImageObject\",\"inLanguage\":\"fr-FR\",\"@id\":\"https:\\\/\\\/secure.gravatar.com\\\/avatar\\\/8b5f26557e18fe74ad8e8a57ebb2925d88af8a90cee489ff2beefb391bc9b9c7?s=96&d=mm&r=g\",\"url\":\"https:\\\/\\\/secure.gravatar.com\\\/avatar\\\/8b5f26557e18fe74ad8e8a57ebb2925d88af8a90cee489ff2beefb391bc9b9c7?s=96&d=mm&r=g\",\"contentUrl\":\"https:\\\/\\\/secure.gravatar.com\\\/avatar\\\/8b5f26557e18fe74ad8e8a57ebb2925d88af8a90cee489ff2beefb391bc9b9c7?s=96&d=mm&r=g\",\"caption\":\"Redazione\"}}]}<\/script>\n<!-- \/ Yoast SEO plugin. -->","yoast_head_json":{"title":"LUXE PACK Monaco 2026","description":"LUXE PACK Monaco 2026 : le packaging de luxe au c\u0153ur de la Principaut\u00e9. Du 28 au 30 septembre, le Grimaldi Forum Monaco","robots":{"index":"index","follow":"follow","max-snippet":"max-snippet:-1","max-image-preview":"max-image-preview:large","max-video-preview":"max-video-preview:-1"},"canonical":"https:\/\/montecarloliving.com\/fr\/actualite\/luxe-pack-monaco-2026-packaging-de-luxe-au-coeur-de-principaute-34034\/","og_locale":"fr_FR","og_title":"LUXE PACK Monaco 2026","og_description":"LUXE PACK Monaco 2026 : le packaging de luxe au c\u0153ur de la Principaut\u00e9. Du 28 au 30 septembre, le Grimaldi Forum Monaco","og_url":"https:\/\/montecarloliving.com\/fr\/actualite\/luxe-pack-monaco-2026-packaging-de-luxe-au-coeur-de-principaute-34034\/","og_site_name":"Montecarlo Living","article_publisher":"https:\/\/www.facebook.com\/montecarlolivingcom\/","article_published_time":"2026-09-01T06:10:43+00:00","og_image":[{"width":650,"height":400,"url":"https:\/\/montecarloliving.com\/wp-content\/uploads\/2026\/08\/affiche_page-0001-650x400.jpg","type":"image\/jpeg"}],"author":"Redazione","twitter_card":"summary_large_image","twitter_creator":"@MonteCarloLivi","twitter_site":"@MonteCarloLivi","twitter_misc":{"\u00c9crit par":"Redazione","Dur\u00e9e de lecture estim\u00e9e":"4 minutes"},"schema":{"@context":"https:\/\/schema.org","@graph":[{"@type":"Article","@id":"https:\/\/montecarloliving.com\/fr\/actualite\/luxe-pack-monaco-2026-packaging-de-luxe-au-coeur-de-principaute-34034\/#article","isPartOf":{"@id":"https:\/\/montecarloliving.com\/fr\/actualite\/luxe-pack-monaco-2026-packaging-de-luxe-au-coeur-de-principaute-34034\/"},"author":{"name":"Redazione","@id":"https:\/\/montecarloliving.com\/fr\/#\/schema\/person\/7e5945d4560862b7f2d2c6831bda2819"},"headline":"LUXE PACK Monaco 2026: le packaging de luxe au c\u0153ur de la Principaut\u00e9","datePublished":"2026-09-01T06:10:43+00:00","mainEntityOfPage":{"@id":"https:\/\/montecarloliving.com\/fr\/actualite\/luxe-pack-monaco-2026-packaging-de-luxe-au-coeur-de-principaute-34034\/"},"wordCount":775,"image":{"@id":"https:\/\/montecarloliving.com\/fr\/actualite\/luxe-pack-monaco-2026-packaging-de-luxe-au-coeur-de-principaute-34034\/#primaryimage"},"thumbnailUrl":"https:\/\/montecarloliving.com\/wp-content\/uploads\/2026\/08\/affiche_page-0001.jpg","articleSection":["Actualit\u00e9","Actualit\u00e9 \u00e0 Monaco","\u00c9v\u00e9nements","Monaco"],"inLanguage":"fr-FR"},{"@type":"WebPage","@id":"https:\/\/montecarloliving.com\/fr\/actualite\/luxe-pack-monaco-2026-packaging-de-luxe-au-coeur-de-principaute-34034\/","url":"https:\/\/montecarloliving.com\/fr\/actualite\/luxe-pack-monaco-2026-packaging-de-luxe-au-coeur-de-principaute-34034\/","name":"LUXE PACK Monaco 2026","isPartOf":{"@id":"https:\/\/montecarloliving.com\/fr\/#website"},"primaryImageOfPage":{"@id":"https:\/\/montecarloliving.com\/fr\/actualite\/luxe-pack-monaco-2026-packaging-de-luxe-au-coeur-de-principaute-34034\/#primaryimage"},"image":{"@id":"https:\/\/montecarloliving.com\/fr\/actualite\/luxe-pack-monaco-2026-packaging-de-luxe-au-coeur-de-principaute-34034\/#primaryimage"},"thumbnailUrl":"https:\/\/montecarloliving.com\/wp-content\/uploads\/2026\/08\/affiche_page-0001.jpg","datePublished":"2026-09-01T06:10:43+00:00","author":{"@id":"https:\/\/montecarloliving.com\/fr\/#\/schema\/person\/7e5945d4560862b7f2d2c6831bda2819"},"description":"LUXE PACK Monaco 2026 : le packaging de luxe au c\u0153ur de la Principaut\u00e9. Du 28 au 30 septembre, le Grimaldi Forum Monaco","breadcrumb":{"@id":"https:\/\/montecarloliving.com\/fr\/actualite\/luxe-pack-monaco-2026-packaging-de-luxe-au-coeur-de-principaute-34034\/#breadcrumb"},"inLanguage":"fr-FR","potentialAction":[{"@type":"ReadAction","target":["https:\/\/montecarloliving.com\/fr\/actualite\/luxe-pack-monaco-2026-packaging-de-luxe-au-coeur-de-principaute-34034\/"]}]},{"@type":"ImageObject","inLanguage":"fr-FR","@id":"https:\/\/montecarloliving.com\/fr\/actualite\/luxe-pack-monaco-2026-packaging-de-luxe-au-coeur-de-principaute-34034\/#primaryimage","url":"https:\/\/montecarloliving.com\/wp-content\/uploads\/2026\/08\/affiche_page-0001.jpg","contentUrl":"https:\/\/montecarloliving.com\/wp-content\/uploads\/2026\/08\/affiche_page-0001.jpg","width":1290,"height":1290},{"@type":"BreadcrumbList","@id":"https:\/\/montecarloliving.com\/fr\/actualite\/luxe-pack-monaco-2026-packaging-de-luxe-au-coeur-de-principaute-34034\/#breadcrumb","itemListElement":[{"@type":"ListItem","position":1,"name":"Home","item":"https:\/\/montecarloliving.com\/fr\/"},{"@type":"ListItem","position":2,"name":"LUXE PACK Monaco 2026: le packaging de luxe au c\u0153ur de la Principaut\u00e9"}]},{"@type":"WebSite","@id":"https:\/\/montecarloliving.com\/fr\/#website","url":"https:\/\/montecarloliving.com\/fr\/","name":"Montecarlo Living","description":"News da Montecarlo - Principato di Monaco e Costa Azzurra","potentialAction":[{"@type":"SearchAction","target":{"@type":"EntryPoint","urlTemplate":"https:\/\/montecarloliving.com\/fr\/?s={search_term_string}"},"query-input":{"@type":"PropertyValueSpecification","valueRequired":true,"valueName":"search_term_string"}}],"inLanguage":"fr-FR"},{"@type":"Person","@id":"https:\/\/montecarloliving.com\/fr\/#\/schema\/person\/7e5945d4560862b7f2d2c6831bda2819","name":"Redazione","image":{"@type":"ImageObject","inLanguage":"fr-FR","@id":"https:\/\/secure.gravatar.com\/avatar\/8b5f26557e18fe74ad8e8a57ebb2925d88af8a90cee489ff2beefb391bc9b9c7?s=96&d=mm&r=g","url":"https:\/\/secure.gravatar.com\/avatar\/8b5f26557e18fe74ad8e8a57ebb2925d88af8a90cee489ff2beefb391bc9b9c7?s=96&d=mm&r=g","contentUrl":"https:\/\/secure.gravatar.com\/avatar\/8b5f26557e18fe74ad8e8a57ebb2925d88af8a90cee489ff2beefb391bc9b9c7?s=96&d=mm&r=g","caption":"Redazione"}}]}},"_links":{"self":[{"href":"https:\/\/montecarloliving.com\/fr\/wp-json\/wp\/v2\/posts\/34034","targetHints":{"allow":["GET"]}}],"collection":[{"href":"https:\/\/montecarloliving.com\/fr\/wp-json\/wp\/v2\/posts"}],"about":[{"href":"https:\/\/montecarloliving.com\/fr\/wp-json\/wp\/v2\/types\/post"}],"author":[{"embeddable":true,"href":"https:\/\/montecarloliving.com\/fr\/wp-json\/wp\/v2\/users\/1"}],"replies":[{"embeddable":true,"href":"https:\/\/montecarloliving.com\/fr\/wp-json\/wp\/v2\/comments?post=34034"}],"version-history":[{"count":1,"href":"https:\/\/montecarloliving.com\/fr\/wp-json\/wp\/v2\/posts\/34034\/revisions"}],"predecessor-version":[{"id":34035,"href":"https:\/\/montecarloliving.com\/fr\/wp-json\/wp\/v2\/posts\/34034\/revisions\/34035"}],"wp:featuredmedia":[{"embeddable":true,"href":"https:\/\/montecarloliving.com\/fr\/wp-json\/wp\/v2\/media\/34030"}],"wp:attachment":[{"href":"https:\/\/montecarloliving.com\/fr\/wp-json\/wp\/v2\/media?parent=34034"}],"wp:term":[{"taxonomy":"category","embeddable":true,"href":"https:\/\/montecarloliving.com\/fr\/wp-json\/wp\/v2\/categories?post=34034"},{"taxonomy":"post_tag","embeddable":true,"href":"https:\/\/montecarloliving.com\/fr\/wp-json\/wp\/v2\/tags?post=34034"}],"curies":[{"name":"wp","href":"https:\/\/api.w.org\/{rel}","templated":true}]}}