{"id":34004,"date":"2026-08-31T12:45:20","date_gmt":"2026-08-31T10:45:20","guid":{"rendered":"https:\/\/montecarloliving.com\/?p=34004"},"modified":"2026-08-27T12:04:07","modified_gmt":"2026-08-27T10:04:07","slug":"festival-des-etoiles-monte-carlo-2026-haute-gastronomie-internationale-revient-en-principaute","status":"publish","type":"post","link":"https:\/\/montecarloliving.com\/fr\/actualite\/festival-des-etoiles-monte-carlo-2026-haute-gastronomie-internationale-revient-en-principaute-34004\/","title":{"rendered":"Festival des \u00c9toil\u00e9s Monte-Carlo 2026: la haute gastronomie internationale revient en Principaut\u00e9"},"content":{"rendered":"<p class=\"PDq2pG_selectionAnchorContainer\" data-start=\"317\" data-end=\"693\">Monte-Carlo s\u2019appr\u00eate une nouvelle fois \u00e0 devenir l\u2019une des capitales de la gastronomie internationale avec la <strong data-start=\"428\" data-end=\"483\">sixi\u00e8me \u00e9dition du Festival des \u00c9toil\u00e9s Monte-Carlo<\/strong>, organis\u00e9 par Monte-Carlo Soci\u00e9t\u00e9 des Bains de Mer. Le rendez-vous met \u00e0 l\u2019honneur les chefs les plus prestigieux de la sc\u00e8ne culinaire mondiale \u00e0 travers une s\u00e9rie de rencontres et de collaborations in\u00e9dites.<\/p>\n<p data-start=\"695\" data-end=\"1032\">Le <strong data-start=\"698\" data-end=\"716\">programme 2026<\/strong> r\u00e9unit de grands noms de la gastronomie internationale, invit\u00e9s \u00e0 partager leur savoir-faire et leur cr\u00e9ativit\u00e9 avec les chefs des restaurants \u00e9toil\u00e9s du Resort. Au programme : des d\u00eeners exclusifs et des collaborations gastronomiques imagin\u00e9es autour de diff\u00e9rentes techniques, produits et sensibilit\u00e9s culinaires.<\/p>\n<h3 data-section-id=\"s65enz\" data-start=\"1034\" data-end=\"1083\">Yannick All\u00e9no et Martino Ruggieri \u00e0 L\u2019Abysse<\/h3>\n<p data-start=\"1085\" data-end=\"1245\">Le premier grand rendez-vous est pr\u00e9vu le <strong data-start=\"1127\" data-end=\"1155\">samedi 19 septembre 2026<\/strong> \u00e0 <strong data-start=\"1158\" data-end=\"1182\">L\u2019Abysse Monte-Carlo<\/strong>, le restaurant gastronomique de l\u2019H\u00f4tel Hermitage Monte-Carlo.<\/p>\n<p data-start=\"1247\" data-end=\"1574\">\u00c0 cette occasion, <strong data-start=\"1265\" data-end=\"1303\">Yannick All\u00e9no et Martino Ruggieri<\/strong> uniront leurs talents lors d\u2019un d\u00eener \u00e0 quatre mains. Leurs parcours et leurs univers culinaires se rencontreront autour d\u2019un menu sp\u00e9cialement con\u00e7u pour l\u2019\u00e9v\u00e9nement, offrant aux convives une exp\u00e9rience gastronomique plac\u00e9e sous le signe du partage et de la cr\u00e9ativit\u00e9.<\/p>\n<p data-start=\"1576\" data-end=\"1613\"><span class=\"contents\" data-content-reference-start=\"1576\" data-content-reference-end=\"1731\"><span class=\"\" data-state=\"closed\"><a class=\"decorated-link\" href=\"https:\/\/www.montecarlosbm.com\/fr\/activity\/labysse-monte-carlo-un-4-mains-yannick-alleno-x-martino-ruggieri?utm_source=chatgpt.com\" target=\"_blank\" rel=\"noopener\">Informations et r\u00e9servations pour L\u2019Abysse<\/a><\/p>\n<h3 data-section-id=\"1717oz0\" data-start=\"1615\" data-end=\"1662\">Alain Ducasse et Bj\u00f6rn Frantz\u00e9n au Louis XV<\/h3>\n<p data-start=\"1664\" data-end=\"1806\">Quelques jours plus tard, le <strong data-start=\"1693\" data-end=\"1718\">mercredi 23 septembre<\/strong>, les projecteurs se tourneront vers <strong data-start=\"1755\" data-end=\"1805\">Le Louis XV \u2013 Alain Ducasse \u00e0 l\u2019H\u00f4tel de Paris<\/strong>.<\/p>\n<p data-start=\"1808\" data-end=\"1982\">Le chef <strong data-start=\"1816\" data-end=\"1833\">Alain Ducasse<\/strong> y accueillera <strong data-start=\"1848\" data-end=\"1866\">Bj\u00f6rn Frantz\u00e9n<\/strong> pour un nouveau d\u00eener \u00e0 quatre mains r\u00e9unissant deux personnalit\u00e9s majeures de la haute gastronomie internationale.<\/p>\n<p data-start=\"1984\" data-end=\"2142\">Ce rendez-vous figurera parmi les temps forts du Festival et illustrera une nouvelle fois la volont\u00e9 de cr\u00e9er des rencontres entre chefs de renomm\u00e9e mondiale.<\/p>\n<p data-start=\"2144\" data-end=\"2181\"><span class=\"contents\" data-content-reference-start=\"2262\" data-content-reference-end=\"2439\"><span class=\"\" data-state=\"closed\"><a class=\"decorated-link\" href=\"https:\/\/www.montecarlosbm.com\/fr\/activity\/le-louis-xv-alain-ducasse-lhotel-de-paris-un-4-mains-alain-ducasse-x-bjorn-frantzen?utm_source=chatgpt.com\" target=\"_blank\" rel=\"noopener\">Informations et r\u00e9servations pour Le Louis XV<\/a><\/p>\n<h3 data-section-id=\"19pw6nn\" data-start=\"2183\" data-end=\"2230\">Six restaurants \u00e9toil\u00e9s au c\u0153ur du Festival<\/h3>\n<p data-start=\"2232\" data-end=\"2402\">La sixi\u00e8me \u00e9dition r\u00e9unit <strong data-start=\"2258\" data-end=\"2325\">six restaurants \u00e9toil\u00e9s de Monte-Carlo Soci\u00e9t\u00e9 des Bains de Mer<\/strong>, r\u00e9partis au sein de plusieurs \u00e9tablissements prestigieux de la Principaut\u00e9.<\/p>\n<p data-start=\"2404\" data-end=\"2440\">Le parcours gastronomique comprend :<\/p>\n<ul data-start=\"2442\" data-end=\"2797\">\n<li data-section-id=\"vtoj6g\" data-start=\"2442\" data-end=\"2509\"><strong data-start=\"2444\" data-end=\"2472\">Le Blue Bay Marcel Ravin<\/strong>, au Monte-Carlo Bay Hotel &amp; Resort ;<\/li>\n<li data-section-id=\"11vwnhh\" data-start=\"2510\" data-end=\"2558\"><strong data-start=\"2512\" data-end=\"2524\">Le Grill<\/strong>, \u00e0 l\u2019H\u00f4tel de Paris Monte-Carlo ;<\/li>\n<li data-section-id=\"16v5q1h\" data-start=\"2559\" data-end=\"2626\"><strong data-start=\"2561\" data-end=\"2592\">Le Louis XV \u2013 Alain Ducasse<\/strong>, \u00e0 l\u2019H\u00f4tel de Paris Monte-Carlo ;<\/li>\n<li data-section-id=\"25wib1\" data-start=\"2627\" data-end=\"2688\"><strong data-start=\"2629\" data-end=\"2653\">L\u2019Abysse Monte-Carlo<\/strong>, \u00e0 l\u2019H\u00f4tel Hermitage Monte-Carlo ;<\/li>\n<li data-section-id=\"1r61rvc\" data-start=\"2689\" data-end=\"2750\"><strong data-start=\"2691\" data-end=\"2715\">Pavyllon Monte-Carlo<\/strong>, \u00e0 l\u2019H\u00f4tel Hermitage Monte-Carlo ;<\/li>\n<li data-section-id=\"wnfzjx\" data-start=\"2751\" data-end=\"2797\"><strong data-start=\"2753\" data-end=\"2774\">Elsa Marcel Ravin<\/strong>, au Monte-Carlo Beach.<\/li>\n<\/ul>\n<p data-start=\"2799\" data-end=\"3002\">Ce r\u00e9seau de restaurants constitue l\u2019un des atouts majeurs du Festival. Les chefs r\u00e9sidents sont invit\u00e9s \u00e0 croiser leur univers avec celui de grands chefs venus de diff\u00e9rents pays et horizons culinaires.<\/p>\n<h3 data-section-id=\"1movt37\" data-start=\"3004\" data-end=\"3054\">Le Grand Gala pour cl\u00f4turer la sixi\u00e8me \u00e9dition<\/h3>\n<p data-start=\"3056\" data-end=\"3215\">Le <strong data-start=\"3059\" data-end=\"3100\">Festival des \u00c9toil\u00e9s Monte-Carlo 2026<\/strong> se poursuivra tout au long de l\u2019automne avant de s\u2019achever avec le <strong data-start=\"3168\" data-end=\"3188\">Gala du Festival<\/strong>, pr\u00e9vu le <strong data-start=\"3199\" data-end=\"3214\">14 novembre<\/strong>.<\/p>\n<p data-start=\"3217\" data-end=\"3480\">La soir\u00e9e r\u00e9unira trois grands noms de la gastronomie : <strong data-start=\"3273\" data-end=\"3322\">Alain Ducasse, Yannick All\u00e9no et Marcel Ravin<\/strong>, qui prendront place en cuisine pour pr\u00e9parer leurs cr\u00e9ations devant les convives. La touche sucr\u00e9e sera confi\u00e9e au c\u00e9l\u00e8bre chef p\u00e2tissier <strong data-start=\"3462\" data-end=\"3479\">C\u00e9dric Grolet<\/strong>.<\/p>\n<p data-start=\"3482\" data-end=\"3626\">Ce Gala s\u2019annonce comme le point d\u2019orgue d\u2019une saison consacr\u00e9e \u00e0 la haute gastronomie et aux rencontres entre chefs de renomm\u00e9e internationale.<\/p>\n<h3 data-section-id=\"16omglx\" data-start=\"3628\" data-end=\"3695\">Monte-Carlo, destination incontournable de la haute gastronomie<\/h3>\n<p data-start=\"3697\" data-end=\"3880\">Avec cette nouvelle \u00e9dition, le Festival des \u00c9toil\u00e9s Monte-Carlo confirme son concept fond\u00e9 sur la rencontre entre chefs, cultures culinaires et diff\u00e9rentes visions de la gastronomie.<\/p>\n<p data-start=\"3882\" data-end=\"4191\">Les <strong data-start=\"3886\" data-end=\"3911\">d\u00eeners \u00e0 quatre mains<\/strong> constituent le c\u0153ur de l\u2019\u00e9v\u00e9nement. Au-del\u00e0 de simples exp\u00e9riences gastronomiques exclusives, ils permettent aux chefs d\u2019\u00e9changer leurs savoir-faire et de concevoir des menus originaux, transformant les restaurants de la Principaut\u00e9 en v\u00e9ritables lieux de cr\u00e9ation et de partage.<\/p>\n<p data-start=\"4193\" data-end=\"4462\" data-is-last-node=\"\" data-is-only-node=\"\">De septembre \u00e0 novembre, <strong data-start=\"4218\" data-end=\"4336\">Monte-Carlo s\u2019imposera une nouvelle fois comme une destination de r\u00e9f\u00e9rence pour les amateurs de haute gastronomie<\/strong>, en r\u00e9unissant les grands talents de la cuisine internationale et l\u2019excellence des restaurants prestigieux de la Principaut\u00e9.<\/p>\n","protected":false},"excerpt":{"rendered":"<p>Monte-Carlo s\u2019appr\u00eate une nouvelle fois \u00e0 devenir l\u2019une des capitales de la gastronomie internationale avec la sixi\u00e8me \u00e9dition du Festival des \u00c9toil\u00e9s Monte-Carlo, organis\u00e9 par Monte-Carlo Soci\u00e9t\u00e9 des Bains de Mer. Le rendez-vous met \u00e0 l\u2019honneur les chefs les plus prestigieux de la sc\u00e8ne [&hellip;]<\/p>\n","protected":false},"author":1,"featured_media":34000,"comment_status":"closed","ping_status":"closed","sticky":false,"template":"","format":"standard","meta":{"footnotes":""},"categories":[827,875,828,867],"tags":[],"class_list":["post-34004","post","type-post","status-publish","format-standard","has-post-thumbnail","hentry","category-actualite","category-actualite-monaco","category-evenements","category-monaco-fr"],"yoast_head":"<!-- This site is optimized with the Yoast SEO plugin v28.3 - https:\/\/yoast.com\/product\/yoast-seo-wordpress\/ -->\n<title>Festival des \u00c9toil\u00e9s Monte-Carlo 2026<\/title>\n<meta name=\"description\" content=\"Festival des \u00c9toil\u00e9s Monte-Carlo 2026 : la haute gastronomie internationale revient en Principaut\u00e9. Six restaurants \u00e9toil\u00e9s, de grands chefs\" \/>\n<meta name=\"robots\" content=\"index, follow, max-snippet:-1, max-image-preview:large, max-video-preview:-1\" \/>\n<link rel=\"canonical\" href=\"https:\/\/montecarloliving.com\/fr\/actualite\/festival-des-etoiles-monte-carlo-2026-haute-gastronomie-internationale-revient-en-principaute-34004\/\" \/>\n<meta property=\"og:locale\" content=\"fr_FR\" \/>\n<meta property=\"og:title\" content=\"Festival des \u00c9toil\u00e9s Monte-Carlo 2026\" \/>\n<meta property=\"og:description\" content=\"Festival des \u00c9toil\u00e9s Monte-Carlo 2026 : la haute gastronomie internationale revient en Principaut\u00e9. Six restaurants \u00e9toil\u00e9s, de grands chefs\" \/>\n<meta property=\"og:url\" content=\"https:\/\/montecarloliving.com\/fr\/actualite\/festival-des-etoiles-monte-carlo-2026-haute-gastronomie-internationale-revient-en-principaute-34004\/\" \/>\n<meta property=\"og:site_name\" content=\"Montecarlo Living\" \/>\n<meta property=\"article:publisher\" content=\"https:\/\/www.facebook.com\/montecarlolivingcom\/\" \/>\n<meta property=\"article:published_time\" content=\"2026-08-31T10:45:20+00:00\" \/>\n<meta property=\"og:image\" content=\"https:\/\/montecarloliving.com\/wp-content\/uploads\/2026\/08\/Visuel-Festival-des-Etoiles-Monte-Carlo-2026-650x400.webp\" \/>\n\t<meta property=\"og:image:width\" content=\"650\" \/>\n\t<meta property=\"og:image:height\" content=\"400\" \/>\n\t<meta property=\"og:image:type\" content=\"image\/webp\" \/>\n<meta name=\"author\" content=\"Redazione\" \/>\n<meta name=\"twitter:card\" content=\"summary_large_image\" \/>\n<meta name=\"twitter:creator\" content=\"@MonteCarloLivi\" \/>\n<meta name=\"twitter:site\" content=\"@MonteCarloLivi\" \/>\n<meta name=\"twitter:label1\" content=\"\u00c9crit par\" \/>\n\t<meta name=\"twitter:data1\" content=\"Redazione\" \/>\n<script type=\"application\/ld+json\" class=\"yoast-schema-graph\">{\"@context\":\"https:\\\/\\\/schema.org\",\"@graph\":[{\"@type\":\"Article\",\"@id\":\"https:\\\/\\\/montecarloliving.com\\\/fr\\\/actualite\\\/festival-des-etoiles-monte-carlo-2026-haute-gastronomie-internationale-revient-en-principaute-34004\\\/#article\",\"isPartOf\":{\"@id\":\"https:\\\/\\\/montecarloliving.com\\\/fr\\\/actualite\\\/festival-des-etoiles-monte-carlo-2026-haute-gastronomie-internationale-revient-en-principaute-34004\\\/\"},\"author\":{\"name\":\"Redazione\",\"@id\":\"https:\\\/\\\/montecarloliving.com\\\/fr\\\/#\\\/schema\\\/person\\\/7e5945d4560862b7f2d2c6831bda2819\"},\"headline\":\"Festival des \u00c9toil\u00e9s Monte-Carlo 2026: la haute gastronomie internationale revient en Principaut\u00e9\",\"datePublished\":\"2026-08-31T10:45:20+00:00\",\"mainEntityOfPage\":{\"@id\":\"https:\\\/\\\/montecarloliving.com\\\/fr\\\/actualite\\\/festival-des-etoiles-monte-carlo-2026-haute-gastronomie-internationale-revient-en-principaute-34004\\\/\"},\"wordCount\":683,\"image\":{\"@id\":\"https:\\\/\\\/montecarloliving.com\\\/fr\\\/actualite\\\/festival-des-etoiles-monte-carlo-2026-haute-gastronomie-internationale-revient-en-principaute-34004\\\/#primaryimage\"},\"thumbnailUrl\":\"https:\\\/\\\/montecarloliving.com\\\/wp-content\\\/uploads\\\/2026\\\/08\\\/Visuel-Festival-des-Etoiles-Monte-Carlo-2026.webp\",\"articleSection\":[\"Actualit\u00e9\",\"Actualit\u00e9 \u00e0 Monaco\",\"\u00c9v\u00e9nements\",\"Monaco\"],\"inLanguage\":\"fr-FR\"},{\"@type\":\"WebPage\",\"@id\":\"https:\\\/\\\/montecarloliving.com\\\/fr\\\/actualite\\\/festival-des-etoiles-monte-carlo-2026-haute-gastronomie-internationale-revient-en-principaute-34004\\\/\",\"url\":\"https:\\\/\\\/montecarloliving.com\\\/fr\\\/actualite\\\/festival-des-etoiles-monte-carlo-2026-haute-gastronomie-internationale-revient-en-principaute-34004\\\/\",\"name\":\"Festival des \u00c9toil\u00e9s Monte-Carlo 2026\",\"isPartOf\":{\"@id\":\"https:\\\/\\\/montecarloliving.com\\\/fr\\\/#website\"},\"primaryImageOfPage\":{\"@id\":\"https:\\\/\\\/montecarloliving.com\\\/fr\\\/actualite\\\/festival-des-etoiles-monte-carlo-2026-haute-gastronomie-internationale-revient-en-principaute-34004\\\/#primaryimage\"},\"image\":{\"@id\":\"https:\\\/\\\/montecarloliving.com\\\/fr\\\/actualite\\\/festival-des-etoiles-monte-carlo-2026-haute-gastronomie-internationale-revient-en-principaute-34004\\\/#primaryimage\"},\"thumbnailUrl\":\"https:\\\/\\\/montecarloliving.com\\\/wp-content\\\/uploads\\\/2026\\\/08\\\/Visuel-Festival-des-Etoiles-Monte-Carlo-2026.webp\",\"datePublished\":\"2026-08-31T10:45:20+00:00\",\"author\":{\"@id\":\"https:\\\/\\\/montecarloliving.com\\\/fr\\\/#\\\/schema\\\/person\\\/7e5945d4560862b7f2d2c6831bda2819\"},\"description\":\"Festival des \u00c9toil\u00e9s Monte-Carlo 2026 : la haute gastronomie internationale revient en Principaut\u00e9. Six restaurants \u00e9toil\u00e9s, de grands chefs\",\"breadcrumb\":{\"@id\":\"https:\\\/\\\/montecarloliving.com\\\/fr\\\/actualite\\\/festival-des-etoiles-monte-carlo-2026-haute-gastronomie-internationale-revient-en-principaute-34004\\\/#breadcrumb\"},\"inLanguage\":\"fr-FR\",\"potentialAction\":[{\"@type\":\"ReadAction\",\"target\":[\"https:\\\/\\\/montecarloliving.com\\\/fr\\\/actualite\\\/festival-des-etoiles-monte-carlo-2026-haute-gastronomie-internationale-revient-en-principaute-34004\\\/\"]}]},{\"@type\":\"ImageObject\",\"inLanguage\":\"fr-FR\",\"@id\":\"https:\\\/\\\/montecarloliving.com\\\/fr\\\/actualite\\\/festival-des-etoiles-monte-carlo-2026-haute-gastronomie-internationale-revient-en-principaute-34004\\\/#primaryimage\",\"url\":\"https:\\\/\\\/montecarloliving.com\\\/wp-content\\\/uploads\\\/2026\\\/08\\\/Visuel-Festival-des-Etoiles-Monte-Carlo-2026.webp\",\"contentUrl\":\"https:\\\/\\\/montecarloliving.com\\\/wp-content\\\/uploads\\\/2026\\\/08\\\/Visuel-Festival-des-Etoiles-Monte-Carlo-2026.webp\",\"width\":1600,\"height\":900},{\"@type\":\"BreadcrumbList\",\"@id\":\"https:\\\/\\\/montecarloliving.com\\\/fr\\\/actualite\\\/festival-des-etoiles-monte-carlo-2026-haute-gastronomie-internationale-revient-en-principaute-34004\\\/#breadcrumb\",\"itemListElement\":[{\"@type\":\"ListItem\",\"position\":1,\"name\":\"Home\",\"item\":\"https:\\\/\\\/montecarloliving.com\\\/fr\\\/\"},{\"@type\":\"ListItem\",\"position\":2,\"name\":\"Festival des \u00c9toil\u00e9s Monte-Carlo 2026: la haute gastronomie internationale revient en Principaut\u00e9\"}]},{\"@type\":\"WebSite\",\"@id\":\"https:\\\/\\\/montecarloliving.com\\\/fr\\\/#website\",\"url\":\"https:\\\/\\\/montecarloliving.com\\\/fr\\\/\",\"name\":\"Montecarlo Living\",\"description\":\"News da Montecarlo - Principato di Monaco e Costa Azzurra\",\"potentialAction\":[{\"@type\":\"SearchAction\",\"target\":{\"@type\":\"EntryPoint\",\"urlTemplate\":\"https:\\\/\\\/montecarloliving.com\\\/fr\\\/?s={search_term_string}\"},\"query-input\":{\"@type\":\"PropertyValueSpecification\",\"valueRequired\":true,\"valueName\":\"search_term_string\"}}],\"inLanguage\":\"fr-FR\"},{\"@type\":\"Person\",\"@id\":\"https:\\\/\\\/montecarloliving.com\\\/fr\\\/#\\\/schema\\\/person\\\/7e5945d4560862b7f2d2c6831bda2819\",\"name\":\"Redazione\",\"image\":{\"@type\":\"ImageObject\",\"inLanguage\":\"fr-FR\",\"@id\":\"https:\\\/\\\/secure.gravatar.com\\\/avatar\\\/8b5f26557e18fe74ad8e8a57ebb2925d88af8a90cee489ff2beefb391bc9b9c7?s=96&d=mm&r=g\",\"url\":\"https:\\\/\\\/secure.gravatar.com\\\/avatar\\\/8b5f26557e18fe74ad8e8a57ebb2925d88af8a90cee489ff2beefb391bc9b9c7?s=96&d=mm&r=g\",\"contentUrl\":\"https:\\\/\\\/secure.gravatar.com\\\/avatar\\\/8b5f26557e18fe74ad8e8a57ebb2925d88af8a90cee489ff2beefb391bc9b9c7?s=96&d=mm&r=g\",\"caption\":\"Redazione\"}}]}<\/script>\n<!-- \/ Yoast SEO plugin. -->","yoast_head_json":{"title":"Festival des \u00c9toil\u00e9s Monte-Carlo 2026","description":"Festival des \u00c9toil\u00e9s Monte-Carlo 2026 : la haute gastronomie internationale revient en Principaut\u00e9. Six restaurants \u00e9toil\u00e9s, de grands chefs","robots":{"index":"index","follow":"follow","max-snippet":"max-snippet:-1","max-image-preview":"max-image-preview:large","max-video-preview":"max-video-preview:-1"},"canonical":"https:\/\/montecarloliving.com\/fr\/actualite\/festival-des-etoiles-monte-carlo-2026-haute-gastronomie-internationale-revient-en-principaute-34004\/","og_locale":"fr_FR","og_title":"Festival des \u00c9toil\u00e9s Monte-Carlo 2026","og_description":"Festival des \u00c9toil\u00e9s Monte-Carlo 2026 : la haute gastronomie internationale revient en Principaut\u00e9. Six restaurants \u00e9toil\u00e9s, de grands chefs","og_url":"https:\/\/montecarloliving.com\/fr\/actualite\/festival-des-etoiles-monte-carlo-2026-haute-gastronomie-internationale-revient-en-principaute-34004\/","og_site_name":"Montecarlo Living","article_publisher":"https:\/\/www.facebook.com\/montecarlolivingcom\/","article_published_time":"2026-08-31T10:45:20+00:00","og_image":[{"width":650,"height":400,"url":"https:\/\/montecarloliving.com\/wp-content\/uploads\/2026\/08\/Visuel-Festival-des-Etoiles-Monte-Carlo-2026-650x400.webp","type":"image\/webp"}],"author":"Redazione","twitter_card":"summary_large_image","twitter_creator":"@MonteCarloLivi","twitter_site":"@MonteCarloLivi","twitter_misc":{"\u00c9crit par":"Redazione"},"schema":{"@context":"https:\/\/schema.org","@graph":[{"@type":"Article","@id":"https:\/\/montecarloliving.com\/fr\/actualite\/festival-des-etoiles-monte-carlo-2026-haute-gastronomie-internationale-revient-en-principaute-34004\/#article","isPartOf":{"@id":"https:\/\/montecarloliving.com\/fr\/actualite\/festival-des-etoiles-monte-carlo-2026-haute-gastronomie-internationale-revient-en-principaute-34004\/"},"author":{"name":"Redazione","@id":"https:\/\/montecarloliving.com\/fr\/#\/schema\/person\/7e5945d4560862b7f2d2c6831bda2819"},"headline":"Festival des \u00c9toil\u00e9s Monte-Carlo 2026: la haute gastronomie internationale revient en Principaut\u00e9","datePublished":"2026-08-31T10:45:20+00:00","mainEntityOfPage":{"@id":"https:\/\/montecarloliving.com\/fr\/actualite\/festival-des-etoiles-monte-carlo-2026-haute-gastronomie-internationale-revient-en-principaute-34004\/"},"wordCount":683,"image":{"@id":"https:\/\/montecarloliving.com\/fr\/actualite\/festival-des-etoiles-monte-carlo-2026-haute-gastronomie-internationale-revient-en-principaute-34004\/#primaryimage"},"thumbnailUrl":"https:\/\/montecarloliving.com\/wp-content\/uploads\/2026\/08\/Visuel-Festival-des-Etoiles-Monte-Carlo-2026.webp","articleSection":["Actualit\u00e9","Actualit\u00e9 \u00e0 Monaco","\u00c9v\u00e9nements","Monaco"],"inLanguage":"fr-FR"},{"@type":"WebPage","@id":"https:\/\/montecarloliving.com\/fr\/actualite\/festival-des-etoiles-monte-carlo-2026-haute-gastronomie-internationale-revient-en-principaute-34004\/","url":"https:\/\/montecarloliving.com\/fr\/actualite\/festival-des-etoiles-monte-carlo-2026-haute-gastronomie-internationale-revient-en-principaute-34004\/","name":"Festival des \u00c9toil\u00e9s Monte-Carlo 2026","isPartOf":{"@id":"https:\/\/montecarloliving.com\/fr\/#website"},"primaryImageOfPage":{"@id":"https:\/\/montecarloliving.com\/fr\/actualite\/festival-des-etoiles-monte-carlo-2026-haute-gastronomie-internationale-revient-en-principaute-34004\/#primaryimage"},"image":{"@id":"https:\/\/montecarloliving.com\/fr\/actualite\/festival-des-etoiles-monte-carlo-2026-haute-gastronomie-internationale-revient-en-principaute-34004\/#primaryimage"},"thumbnailUrl":"https:\/\/montecarloliving.com\/wp-content\/uploads\/2026\/08\/Visuel-Festival-des-Etoiles-Monte-Carlo-2026.webp","datePublished":"2026-08-31T10:45:20+00:00","author":{"@id":"https:\/\/montecarloliving.com\/fr\/#\/schema\/person\/7e5945d4560862b7f2d2c6831bda2819"},"description":"Festival des \u00c9toil\u00e9s Monte-Carlo 2026 : la haute gastronomie internationale revient en Principaut\u00e9. Six restaurants \u00e9toil\u00e9s, de grands chefs","breadcrumb":{"@id":"https:\/\/montecarloliving.com\/fr\/actualite\/festival-des-etoiles-monte-carlo-2026-haute-gastronomie-internationale-revient-en-principaute-34004\/#breadcrumb"},"inLanguage":"fr-FR","potentialAction":[{"@type":"ReadAction","target":["https:\/\/montecarloliving.com\/fr\/actualite\/festival-des-etoiles-monte-carlo-2026-haute-gastronomie-internationale-revient-en-principaute-34004\/"]}]},{"@type":"ImageObject","inLanguage":"fr-FR","@id":"https:\/\/montecarloliving.com\/fr\/actualite\/festival-des-etoiles-monte-carlo-2026-haute-gastronomie-internationale-revient-en-principaute-34004\/#primaryimage","url":"https:\/\/montecarloliving.com\/wp-content\/uploads\/2026\/08\/Visuel-Festival-des-Etoiles-Monte-Carlo-2026.webp","contentUrl":"https:\/\/montecarloliving.com\/wp-content\/uploads\/2026\/08\/Visuel-Festival-des-Etoiles-Monte-Carlo-2026.webp","width":1600,"height":900},{"@type":"BreadcrumbList","@id":"https:\/\/montecarloliving.com\/fr\/actualite\/festival-des-etoiles-monte-carlo-2026-haute-gastronomie-internationale-revient-en-principaute-34004\/#breadcrumb","itemListElement":[{"@type":"ListItem","position":1,"name":"Home","item":"https:\/\/montecarloliving.com\/fr\/"},{"@type":"ListItem","position":2,"name":"Festival des \u00c9toil\u00e9s Monte-Carlo 2026: la haute gastronomie internationale revient en Principaut\u00e9"}]},{"@type":"WebSite","@id":"https:\/\/montecarloliving.com\/fr\/#website","url":"https:\/\/montecarloliving.com\/fr\/","name":"Montecarlo Living","description":"News da Montecarlo - Principato di Monaco e Costa Azzurra","potentialAction":[{"@type":"SearchAction","target":{"@type":"EntryPoint","urlTemplate":"https:\/\/montecarloliving.com\/fr\/?s={search_term_string}"},"query-input":{"@type":"PropertyValueSpecification","valueRequired":true,"valueName":"search_term_string"}}],"inLanguage":"fr-FR"},{"@type":"Person","@id":"https:\/\/montecarloliving.com\/fr\/#\/schema\/person\/7e5945d4560862b7f2d2c6831bda2819","name":"Redazione","image":{"@type":"ImageObject","inLanguage":"fr-FR","@id":"https:\/\/secure.gravatar.com\/avatar\/8b5f26557e18fe74ad8e8a57ebb2925d88af8a90cee489ff2beefb391bc9b9c7?s=96&d=mm&r=g","url":"https:\/\/secure.gravatar.com\/avatar\/8b5f26557e18fe74ad8e8a57ebb2925d88af8a90cee489ff2beefb391bc9b9c7?s=96&d=mm&r=g","contentUrl":"https:\/\/secure.gravatar.com\/avatar\/8b5f26557e18fe74ad8e8a57ebb2925d88af8a90cee489ff2beefb391bc9b9c7?s=96&d=mm&r=g","caption":"Redazione"}}]}},"_links":{"self":[{"href":"https:\/\/montecarloliving.com\/fr\/wp-json\/wp\/v2\/posts\/34004","targetHints":{"allow":["GET"]}}],"collection":[{"href":"https:\/\/montecarloliving.com\/fr\/wp-json\/wp\/v2\/posts"}],"about":[{"href":"https:\/\/montecarloliving.com\/fr\/wp-json\/wp\/v2\/types\/post"}],"author":[{"embeddable":true,"href":"https:\/\/montecarloliving.com\/fr\/wp-json\/wp\/v2\/users\/1"}],"replies":[{"embeddable":true,"href":"https:\/\/montecarloliving.com\/fr\/wp-json\/wp\/v2\/comments?post=34004"}],"version-history":[{"count":1,"href":"https:\/\/montecarloliving.com\/fr\/wp-json\/wp\/v2\/posts\/34004\/revisions"}],"predecessor-version":[{"id":34005,"href":"https:\/\/montecarloliving.com\/fr\/wp-json\/wp\/v2\/posts\/34004\/revisions\/34005"}],"wp:featuredmedia":[{"embeddable":true,"href":"https:\/\/montecarloliving.com\/fr\/wp-json\/wp\/v2\/media\/34000"}],"wp:attachment":[{"href":"https:\/\/montecarloliving.com\/fr\/wp-json\/wp\/v2\/media?parent=34004"}],"wp:term":[{"taxonomy":"category","embeddable":true,"href":"https:\/\/montecarloliving.com\/fr\/wp-json\/wp\/v2\/categories?post=34004"},{"taxonomy":"post_tag","embeddable":true,"href":"https:\/\/montecarloliving.com\/fr\/wp-json\/wp\/v2\/tags?post=34004"}],"curies":[{"name":"wp","href":"https:\/\/api.w.org\/{rel}","templated":true}]}}